{"id":3956,"date":"2024-09-02T15:33:09","date_gmt":"2024-09-02T15:33:09","guid":{"rendered":"https:\/\/arealorcaradio.es\/?p=3956"},"modified":"2024-09-02T15:33:09","modified_gmt":"2024-09-02T15:33:09","slug":"las-obras-del-soterramiento-se-adaptaran-a-las-necesidades-del-inicio-del-curso-escolar-y-los-eventos-de-la-feria-y-fiestas-de-lorca","status":"publish","type":"post","link":"https:\/\/arealorcaradio.es\/index.php\/2024\/09\/02\/las-obras-del-soterramiento-se-adaptaran-a-las-necesidades-del-inicio-del-curso-escolar-y-los-eventos-de-la-feria-y-fiestas-de-lorca\/","title":{"rendered":"Las obras del soterramiento se adaptar\u00e1n a las necesidades del inicio del curso escolar y los eventos de la Feria y Fiestas de Lorca"},"content":{"rendered":"<p>\u00c1REA LORCA RADIO.<\/p>\n<p class=\"v1MsoNormal\"><b>Lorca, 2 de septiembre de 2024.<\/b>\u00a0El alcalde de Lorca, Fulgencio Gil, ha presidido esta ma\u00f1ana una reuni\u00f3n de trabajo con responsables de la Uni\u00f3n Temporal de Empresas (UTE) que lleva a cabo las obras de soterramiento e integraci\u00f3n urbana del AVE en Lorca, a la que han asistido, adem\u00e1s, varios representantes de las concejal\u00edas implicadas, como Polic\u00eda Local, Grandes Infraestructuras, Urbanismo, Educaci\u00f3n, Fomento y Desarrollo Local. El objetivo ha sido\u00a0<b>realizar una planificaci\u00f3n sobre las principales zonas y calles afectadas, cortes de tr\u00e1fico previstos y posibles afecciones a los ciudadanos durante las obras.<\/b><\/p>\n<p class=\"v1MsoNormal\"><img loading=\"lazy\" decoding=\"async\" class=\"alignnone size-medium wp-image-3959\" src=\"https:\/\/arealorcaradio.es\/wp-content\/uploads\/2024\/09\/Imagen-Reunion-UTE_01-300x225.jpeg\" alt=\"\" width=\"300\" height=\"225\" srcset=\"https:\/\/arealorcaradio.es\/wp-content\/uploads\/2024\/09\/Imagen-Reunion-UTE_01-300x225.jpeg 300w, https:\/\/arealorcaradio.es\/wp-content\/uploads\/2024\/09\/Imagen-Reunion-UTE_01-1024x768.jpeg 1024w, https:\/\/arealorcaradio.es\/wp-content\/uploads\/2024\/09\/Imagen-Reunion-UTE_01-768x576.jpeg 768w, https:\/\/arealorcaradio.es\/wp-content\/uploads\/2024\/09\/Imagen-Reunion-UTE_01-1536x1152.jpeg 1536w, https:\/\/arealorcaradio.es\/wp-content\/uploads\/2024\/09\/Imagen-Reunion-UTE_01-86x64.jpeg 86w, https:\/\/arealorcaradio.es\/wp-content\/uploads\/2024\/09\/Imagen-Reunion-UTE_01.jpeg 1600w\" sizes=\"auto, (max-width: 300px) 100vw, 300px\" \/> \u00a0<img loading=\"lazy\" decoding=\"async\" class=\"alignnone size-medium wp-image-3960\" src=\"https:\/\/arealorcaradio.es\/wp-content\/uploads\/2024\/09\/Imagen-Reunion-UTE_03-300x225.jpeg\" alt=\"\" width=\"300\" height=\"225\" srcset=\"https:\/\/arealorcaradio.es\/wp-content\/uploads\/2024\/09\/Imagen-Reunion-UTE_03-300x225.jpeg 300w, https:\/\/arealorcaradio.es\/wp-content\/uploads\/2024\/09\/Imagen-Reunion-UTE_03-1024x768.jpeg 1024w, https:\/\/arealorcaradio.es\/wp-content\/uploads\/2024\/09\/Imagen-Reunion-UTE_03-768x576.jpeg 768w, https:\/\/arealorcaradio.es\/wp-content\/uploads\/2024\/09\/Imagen-Reunion-UTE_03-1536x1152.jpeg 1536w, https:\/\/arealorcaradio.es\/wp-content\/uploads\/2024\/09\/Imagen-Reunion-UTE_03-86x64.jpeg 86w, https:\/\/arealorcaradio.es\/wp-content\/uploads\/2024\/09\/Imagen-Reunion-UTE_03.jpeg 1600w\" sizes=\"auto, (max-width: 300px) 100vw, 300px\" \/><\/p>\n<p class=\"v1MsoNormal\">Para el Ayuntamiento resulta una prioridad contar con la informaci\u00f3n sobre las incidencias en toda la trama urbana con motivo de las obras, para poder aportar propuestas, que se han dirigido dentro del contexto de la\u00a0<b>necesidad de preservar una fluida permeabilidad peatonal y accesibilidad<\/b>\u00a0de los vecinos, tanto a sus viviendas, como a garajes particulares, \u00e1reas de aparcamiento p\u00fablico y zonas de tr\u00e1nsito habitual.<\/p>\n<p class=\"v1MsoNormal\">Tal es el caso de los pasos peatonales cercanos a las antiguas v\u00edas de tren, el acceso a los centros educativos ubicados en el per\u00edmetro de Las Alamedas, como San Fernando, San Jos\u00e9 o Jos\u00e9 Robles, as\u00ed como los institutos Ros Giner, Ib\u00e1\u00f1ez Mart\u00edn, Ram\u00f3n Arcas y Pr\u00edncipe de Asturias. \u00abSe trata de zonas colindantes con las obras de integraci\u00f3n urbana del ferrocarril, donde se van a tener que realizar a lo largo de la obra diferentes cortes y restricciones al tr\u00e1nsito para los que se tienen que establecer\u00a0<b>desv\u00edos temporales que compatibilicen<\/b>\u00a0<b>el desarrollo de la obra con la vida diaria de los ciudadanos<\/b>\u00ab,<\/p>\n<p class=\"v1MsoNormal\">Durante el mes de septiembre, de forma particular, se van a tener en cuenta dos aspectos concretos, como son: el reinicio de la actividad habitual en el casco urbano tras la conclusi\u00f3n del periodo vacacional y el elevado movimiento de personas que se van a desplazar para disfrutar de los eventos de la Feria y Fiestas de nuestra ciudad, incluyendo las necesidades ligadas a la celebraci\u00f3n de los conciertos, muestra de enganches y corrida de toros en el Coso de Sutullena, as\u00ed como las actividades en el recinto Ferial del Huerto de la Rueda, Virgen de las Huertas e Ifelor.<\/p>\n<p class=\"v1MsoNormal\">Entrando al detalle de los puntos de inter\u00e9s m\u00e1s notables cercanos a estas obras, podemos informar que, si no surgen imprevistos de relevancia, el\u00a0<b>paso inferior del Coso de Sutullena,<\/b>\u00a0por ahora se va a mantener abierto a lo largo de todo el mes de septiembre, lo que contribuir\u00e1 a la fluidez del paso de ciudadanos hacia la zona de los colegios mencionados con anterioridad, as\u00ed como a los eventos que se van a desarrollar en la plaza de toros. Los vecinos de la\u00a0<b>Plaza de Carruajes<\/b>, adem\u00e1s, podr\u00e1n continuar accediendo a sus viviendas y garajes sin mayor incidencia.<\/p>\n<p class=\"v1MsoNormal\">Desde el Ayuntamiento, como tambi\u00e9n han manifestado los colectivos vecinales, insistimos en que se mantenga el paso inferior de Santa Clara, junto al Monasterio de Santa Ana y Santa Mar\u00eda Magdalena de\u00a0clarisas. Este enclave, por el momento, permanecer\u00e1 abierto al tr\u00e1fico rodado, al igual que el paso a nivel de Alameda de Cervantes y el de la calle Poeta Gimeno Castellar.<\/p>\n<p class=\"v1MsoNormal\">Respecto al Camino Mar\u00edn, desde el Ayuntamiento se ha solicitado que pueda permanecer abierto durante este mes, una petici\u00f3n que se ha considerado viable, a excepci\u00f3n de alg\u00fan d\u00eda concreto.<\/p>\n<p class=\"v1MsoNormal\">Vital es nuestra petici\u00f3n de que, por parte de la empresa constructora, se extremen las precauciones a la hora de\u00a0<b>minimizar los perjuicios de las obras en relaci\u00f3n a los ruidos y el polvo<\/b>\u00a0derivado de los continuos movimientos de tierra, pensando -por ejemplo- en los alumnos del CEIP Ana Caicedo o la Casa de las Oeneg\u00e9s, que cuenta con usuarios especialmente sensibles a este tipo de agentes externos.<\/p>\n<p class=\"v1MsoNormal\">\u00abEn positivo\u00bb, ha recordado Fulgencio Gil, \u00ablas confirmaciones, por ejemplo, de la c<b>esi\u00f3n del espacio urbano di\u00e1fano<\/b>\u00a0liberado en superficie tras el soterramiento del AVE a su paso por Lorca, por lo que se pueden ir estudiando posibles opciones de intervenci\u00f3n para usos y servicios, que se centrar\u00e1n en el establecimiento de un corredor verde, a modo de prolongaci\u00f3n de Nuevas Alamedas, que conecte San Diego con La Vi\u00f1a, con amplia presencia de zonas verdes, de recreo y esparcimiento familiar, lo que permitir\u00e1 definir una arteria verde en pleno centro. La empresa constructora nos ha dicho, adem\u00e1s, que es viable que\u00a0<b>los respiraderos de la l\u00ednea se coloquen lateralmente,\u00a0<\/b>pudiendo disponer de ese corredor verde sin que quede interrumpido. Estamos hablando de una oportunidad hist\u00f3rica que vamos a aprovechar\u00bb.<\/p>\n<p class=\"v1MsoNormal\">Gil J\u00f3dar ha querido destacar \u00abla buena sinton\u00eda y el marco de colaboraci\u00f3n en el que ha transcurrido la reuni\u00f3n, sin olvidar la necesidad de mantener una comunicaci\u00f3n fluida y constante durante todo el periodo de desarrollo del proyecto. Informaremos de todo lo que se nos traslade para que los ciudadanos conozcan lo que ocurre\u00bb.<\/p>\n<p class=\"v1MsoNormal\">El alcalde ha recordado que \u00abdesde el Ayuntamiento logramos el trasplante de parte del arbolado de las inmediaciones del Coso, un importante avance en la protecci\u00f3n del patrimonio ambiental de nuestra ciudad, ejemplares que se encuentran en estos momentos en el vivero municipal bajo la previsi\u00f3n de una nueva ubicaci\u00f3n. Y, adem\u00e1s, nos han adelantado la\u00a0<b>plantaci\u00f3n de unos 1.400 nuevos \u00e1rboles<\/b>\u00a0en todo el entorno de soterramiento, con lo que se acoge una petici\u00f3n que hab\u00edamos formulado con el objetivo de amortiguar la p\u00e9rdida de \u00e1rboles a consecuencia de los trabajos en marcha.<\/p>\n<p class=\"v1MsoNormal\">E<b>l edificio que albergaba la antigua estaci\u00f3n de cercan\u00edas de San Diego<\/b>\u00a0tambi\u00e9n ser\u00e1 cedido al Ayuntamiento, por lo que podremos contar con \u00e9l para uso ciudadano.<\/p>\n<p class=\"v1MsoNormal\">Tambi\u00e9n logramos que la\u00a0<b>planta de hormig\u00f3n<\/b>\u00a0prevista en el barrio de San Diego fuese trasladada fuera del casco urbano, gracias a las gestiones de la concejal\u00eda de Urbanismo, ubic\u00e1ndose finalmente en el pol\u00edgono industrial de Serrata, un emplazamiento que s\u00ed re\u00fane condiciones. Y en esa zona, un claro ejemplo de permeabilidad con la ciudad ha sido la reciente apertura de la calle\u00a0<b>Juan Antonio Dimas,\u00a0<\/b>que podemos adelantar que contar\u00e1 tras las obras con un vial de tres carriles y aceras a ambos lados.<\/p>\n","protected":false},"excerpt":{"rendered":"<p>\u00c1REA LORCA RADIO. Lorca, 2 de septiembre de 2024.\u00a0El alcalde de Lorca, Fulgencio Gil, ha presidido esta ma\u00f1ana una reuni\u00f3n de trabajo con responsables de la Uni\u00f3n Temporal de Empresas (UTE) que lleva a cabo las obras de soterramiento e integraci\u00f3n urbana del AVE en Lorca, a la que han asistido, adem\u00e1s, varios representantes de [&hellip;]<\/p>\n","protected":false},"author":1,"featured_media":3957,"comment_status":"open","ping_status":"open","sticky":false,"template":"","format":"standard","meta":{"iawp_total_views":11,"footnotes":""},"categories":[5,7],"tags":[],"class_list":["post-3956","post","type-post","status-publish","format-standard","has-post-thumbnail","hentry","category-actualidad","category-lorca"],"yoast_head":"<!-- This site is optimized with the Yoast SEO plugin v27.5 - https:\/\/yoast.com\/product\/yoast-seo-wordpress\/ -->\n<title>Las obras del soterramiento se adaptar\u00e1n a las necesidades del inicio del curso escolar y los eventos de la Feria y Fiestas de Lorca - AREA LORCA RADIO<\/title>\n<meta name=\"robots\" content=\"index, follow, max-snippet:-1, max-image-preview:large, max-video-preview:-1\" \/>\n<link rel=\"canonical\" href=\"https:\/\/arealorcaradio.es\/index.php\/2024\/09\/02\/las-obras-del-soterramiento-se-adaptaran-a-las-necesidades-del-inicio-del-curso-escolar-y-los-eventos-de-la-feria-y-fiestas-de-lorca\/\" \/>\n<meta property=\"og:locale\" content=\"es_ES\" \/>\n<meta property=\"og:type\" content=\"article\" \/>\n<meta property=\"og:title\" content=\"Las obras del soterramiento se adaptar\u00e1n a las necesidades del inicio del curso escolar y los eventos de la Feria y Fiestas de Lorca - AREA LORCA RADIO\" \/>\n<meta property=\"og:description\" content=\"\u00c1REA LORCA RADIO. Lorca, 2 de septiembre de 2024.\u00a0El alcalde de Lorca, Fulgencio Gil, ha presidido esta ma\u00f1ana una reuni\u00f3n de trabajo con responsables de la Uni\u00f3n Temporal de Empresas (UTE) que lleva a cabo las obras de soterramiento e integraci\u00f3n urbana del AVE en Lorca, a la que han asistido, adem\u00e1s, varios representantes de [&hellip;]\" \/>\n<meta property=\"og:url\" content=\"https:\/\/arealorcaradio.es\/index.php\/2024\/09\/02\/las-obras-del-soterramiento-se-adaptaran-a-las-necesidades-del-inicio-del-curso-escolar-y-los-eventos-de-la-feria-y-fiestas-de-lorca\/\" \/>\n<meta property=\"og:site_name\" content=\"AREA LORCA RADIO\" \/>\n<meta property=\"article:published_time\" content=\"2024-09-02T15:33:09+00:00\" \/>\n<meta property=\"og:image\" content=\"https:\/\/arealorcaradio.es\/wp-content\/uploads\/2024\/09\/Imagen-Reunion-UTE_.jpeg\" \/>\n\t<meta property=\"og:image:width\" content=\"1600\" \/>\n\t<meta property=\"og:image:height\" content=\"1200\" \/>\n\t<meta property=\"og:image:type\" content=\"image\/jpeg\" \/>\n<meta name=\"author\" content=\"Paco S\u00e1nchez\" \/>\n<meta name=\"twitter:card\" content=\"summary_large_image\" \/>\n<meta name=\"twitter:label1\" content=\"Escrito por\" \/>\n\t<meta name=\"twitter:data1\" content=\"Paco S\u00e1nchez\" \/>\n\t<meta name=\"twitter:label2\" content=\"Tiempo de lectura\" \/>\n\t<meta name=\"twitter:data2\" content=\"6 minutos\" \/>\n<script type=\"application\/ld+json\" class=\"yoast-schema-graph\">{\"@context\":\"https:\\\/\\\/schema.org\",\"@graph\":[{\"@type\":\"Article\",\"@id\":\"https:\\\/\\\/arealorcaradio.es\\\/index.php\\\/2024\\\/09\\\/02\\\/las-obras-del-soterramiento-se-adaptaran-a-las-necesidades-del-inicio-del-curso-escolar-y-los-eventos-de-la-feria-y-fiestas-de-lorca\\\/#article\",\"isPartOf\":{\"@id\":\"https:\\\/\\\/arealorcaradio.es\\\/index.php\\\/2024\\\/09\\\/02\\\/las-obras-del-soterramiento-se-adaptaran-a-las-necesidades-del-inicio-del-curso-escolar-y-los-eventos-de-la-feria-y-fiestas-de-lorca\\\/\"},\"author\":{\"name\":\"Paco S\u00e1nchez\",\"@id\":\"https:\\\/\\\/arealorcaradio.es\\\/#\\\/schema\\\/person\\\/9fae605fc25b0f2c83c1ab207139bd27\"},\"headline\":\"Las obras del soterramiento se adaptar\u00e1n a las necesidades del inicio del curso escolar y los eventos de la Feria y Fiestas de Lorca\",\"datePublished\":\"2024-09-02T15:33:09+00:00\",\"mainEntityOfPage\":{\"@id\":\"https:\\\/\\\/arealorcaradio.es\\\/index.php\\\/2024\\\/09\\\/02\\\/las-obras-del-soterramiento-se-adaptaran-a-las-necesidades-del-inicio-del-curso-escolar-y-los-eventos-de-la-feria-y-fiestas-de-lorca\\\/\"},\"wordCount\":1109,\"commentCount\":0,\"image\":{\"@id\":\"https:\\\/\\\/arealorcaradio.es\\\/index.php\\\/2024\\\/09\\\/02\\\/las-obras-del-soterramiento-se-adaptaran-a-las-necesidades-del-inicio-del-curso-escolar-y-los-eventos-de-la-feria-y-fiestas-de-lorca\\\/#primaryimage\"},\"thumbnailUrl\":\"https:\\\/\\\/arealorcaradio.es\\\/wp-content\\\/uploads\\\/2024\\\/09\\\/Imagen-Reunion-UTE_.jpeg\",\"articleSection\":[\"ACTUALIDAD\",\"LORCA\"],\"inLanguage\":\"es\",\"potentialAction\":[{\"@type\":\"CommentAction\",\"name\":\"Comment\",\"target\":[\"https:\\\/\\\/arealorcaradio.es\\\/index.php\\\/2024\\\/09\\\/02\\\/las-obras-del-soterramiento-se-adaptaran-a-las-necesidades-del-inicio-del-curso-escolar-y-los-eventos-de-la-feria-y-fiestas-de-lorca\\\/#respond\"]}]},{\"@type\":\"WebPage\",\"@id\":\"https:\\\/\\\/arealorcaradio.es\\\/index.php\\\/2024\\\/09\\\/02\\\/las-obras-del-soterramiento-se-adaptaran-a-las-necesidades-del-inicio-del-curso-escolar-y-los-eventos-de-la-feria-y-fiestas-de-lorca\\\/\",\"url\":\"https:\\\/\\\/arealorcaradio.es\\\/index.php\\\/2024\\\/09\\\/02\\\/las-obras-del-soterramiento-se-adaptaran-a-las-necesidades-del-inicio-del-curso-escolar-y-los-eventos-de-la-feria-y-fiestas-de-lorca\\\/\",\"name\":\"Las obras del soterramiento se adaptar\u00e1n a las necesidades del inicio del curso escolar y los eventos de la Feria y Fiestas de Lorca - AREA LORCA RADIO\",\"isPartOf\":{\"@id\":\"https:\\\/\\\/arealorcaradio.es\\\/#website\"},\"primaryImageOfPage\":{\"@id\":\"https:\\\/\\\/arealorcaradio.es\\\/index.php\\\/2024\\\/09\\\/02\\\/las-obras-del-soterramiento-se-adaptaran-a-las-necesidades-del-inicio-del-curso-escolar-y-los-eventos-de-la-feria-y-fiestas-de-lorca\\\/#primaryimage\"},\"image\":{\"@id\":\"https:\\\/\\\/arealorcaradio.es\\\/index.php\\\/2024\\\/09\\\/02\\\/las-obras-del-soterramiento-se-adaptaran-a-las-necesidades-del-inicio-del-curso-escolar-y-los-eventos-de-la-feria-y-fiestas-de-lorca\\\/#primaryimage\"},\"thumbnailUrl\":\"https:\\\/\\\/arealorcaradio.es\\\/wp-content\\\/uploads\\\/2024\\\/09\\\/Imagen-Reunion-UTE_.jpeg\",\"datePublished\":\"2024-09-02T15:33:09+00:00\",\"author\":{\"@id\":\"https:\\\/\\\/arealorcaradio.es\\\/#\\\/schema\\\/person\\\/9fae605fc25b0f2c83c1ab207139bd27\"},\"breadcrumb\":{\"@id\":\"https:\\\/\\\/arealorcaradio.es\\\/index.php\\\/2024\\\/09\\\/02\\\/las-obras-del-soterramiento-se-adaptaran-a-las-necesidades-del-inicio-del-curso-escolar-y-los-eventos-de-la-feria-y-fiestas-de-lorca\\\/#breadcrumb\"},\"inLanguage\":\"es\",\"potentialAction\":[{\"@type\":\"ReadAction\",\"target\":[\"https:\\\/\\\/arealorcaradio.es\\\/index.php\\\/2024\\\/09\\\/02\\\/las-obras-del-soterramiento-se-adaptaran-a-las-necesidades-del-inicio-del-curso-escolar-y-los-eventos-de-la-feria-y-fiestas-de-lorca\\\/\"]}]},{\"@type\":\"ImageObject\",\"inLanguage\":\"es\",\"@id\":\"https:\\\/\\\/arealorcaradio.es\\\/index.php\\\/2024\\\/09\\\/02\\\/las-obras-del-soterramiento-se-adaptaran-a-las-necesidades-del-inicio-del-curso-escolar-y-los-eventos-de-la-feria-y-fiestas-de-lorca\\\/#primaryimage\",\"url\":\"https:\\\/\\\/arealorcaradio.es\\\/wp-content\\\/uploads\\\/2024\\\/09\\\/Imagen-Reunion-UTE_.jpeg\",\"contentUrl\":\"https:\\\/\\\/arealorcaradio.es\\\/wp-content\\\/uploads\\\/2024\\\/09\\\/Imagen-Reunion-UTE_.jpeg\",\"width\":1600,\"height\":1200},{\"@type\":\"BreadcrumbList\",\"@id\":\"https:\\\/\\\/arealorcaradio.es\\\/index.php\\\/2024\\\/09\\\/02\\\/las-obras-del-soterramiento-se-adaptaran-a-las-necesidades-del-inicio-del-curso-escolar-y-los-eventos-de-la-feria-y-fiestas-de-lorca\\\/#breadcrumb\",\"itemListElement\":[{\"@type\":\"ListItem\",\"position\":1,\"name\":\"Portada\",\"item\":\"https:\\\/\\\/arealorcaradio.es\\\/\"},{\"@type\":\"ListItem\",\"position\":2,\"name\":\"Las obras del soterramiento se adaptar\u00e1n a las necesidades del inicio del curso escolar y los eventos de la Feria y Fiestas de Lorca\"}]},{\"@type\":\"WebSite\",\"@id\":\"https:\\\/\\\/arealorcaradio.es\\\/#website\",\"url\":\"https:\\\/\\\/arealorcaradio.es\\\/\",\"name\":\"AREA LORCA RADIO\",\"description\":\"Descubre la programaci\u00f3n actual en \u00c1rea Lorca Radio, tu fuente de entrenamiento y noticias locales. Sintoniza ahora y mantente conectado online.\",\"potentialAction\":[{\"@type\":\"SearchAction\",\"target\":{\"@type\":\"EntryPoint\",\"urlTemplate\":\"https:\\\/\\\/arealorcaradio.es\\\/?s={search_term_string}\"},\"query-input\":{\"@type\":\"PropertyValueSpecification\",\"valueRequired\":true,\"valueName\":\"search_term_string\"}}],\"inLanguage\":\"es\"},{\"@type\":\"Person\",\"@id\":\"https:\\\/\\\/arealorcaradio.es\\\/#\\\/schema\\\/person\\\/9fae605fc25b0f2c83c1ab207139bd27\",\"name\":\"Paco S\u00e1nchez\",\"image\":{\"@type\":\"ImageObject\",\"inLanguage\":\"es\",\"@id\":\"https:\\\/\\\/secure.gravatar.com\\\/avatar\\\/d67144e966420fb74aa84c9f2a0103be4724fd14db52b52d3b6bca749f257e79?s=96&d=mm&r=g\",\"url\":\"https:\\\/\\\/secure.gravatar.com\\\/avatar\\\/d67144e966420fb74aa84c9f2a0103be4724fd14db52b52d3b6bca749f257e79?s=96&d=mm&r=g\",\"contentUrl\":\"https:\\\/\\\/secure.gravatar.com\\\/avatar\\\/d67144e966420fb74aa84c9f2a0103be4724fd14db52b52d3b6bca749f257e79?s=96&d=mm&r=g\",\"caption\":\"Paco S\u00e1nchez\"},\"sameAs\":[\"https:\\\/\\\/arealorcaradio.es\"],\"url\":\"https:\\\/\\\/arealorcaradio.es\\\/index.php\\\/author\\\/admin_alorcaradio\\\/\"}]}<\/script>\n<!-- \/ Yoast SEO plugin. -->","yoast_head_json":{"title":"Las obras del soterramiento se adaptar\u00e1n a las necesidades del inicio del curso escolar y los eventos de la Feria y Fiestas de Lorca - AREA LORCA RADIO","robots":{"index":"index","follow":"follow","max-snippet":"max-snippet:-1","max-image-preview":"max-image-preview:large","max-video-preview":"max-video-preview:-1"},"canonical":"https:\/\/arealorcaradio.es\/index.php\/2024\/09\/02\/las-obras-del-soterramiento-se-adaptaran-a-las-necesidades-del-inicio-del-curso-escolar-y-los-eventos-de-la-feria-y-fiestas-de-lorca\/","og_locale":"es_ES","og_type":"article","og_title":"Las obras del soterramiento se adaptar\u00e1n a las necesidades del inicio del curso escolar y los eventos de la Feria y Fiestas de Lorca - AREA LORCA RADIO","og_description":"\u00c1REA LORCA RADIO. Lorca, 2 de septiembre de 2024.\u00a0El alcalde de Lorca, Fulgencio Gil, ha presidido esta ma\u00f1ana una reuni\u00f3n de trabajo con responsables de la Uni\u00f3n Temporal de Empresas (UTE) que lleva a cabo las obras de soterramiento e integraci\u00f3n urbana del AVE en Lorca, a la que han asistido, adem\u00e1s, varios representantes de [&hellip;]","og_url":"https:\/\/arealorcaradio.es\/index.php\/2024\/09\/02\/las-obras-del-soterramiento-se-adaptaran-a-las-necesidades-del-inicio-del-curso-escolar-y-los-eventos-de-la-feria-y-fiestas-de-lorca\/","og_site_name":"AREA LORCA RADIO","article_published_time":"2024-09-02T15:33:09+00:00","og_image":[{"width":1600,"height":1200,"url":"https:\/\/arealorcaradio.es\/wp-content\/uploads\/2024\/09\/Imagen-Reunion-UTE_.jpeg","type":"image\/jpeg"}],"author":"Paco S\u00e1nchez","twitter_card":"summary_large_image","twitter_misc":{"Escrito por":"Paco S\u00e1nchez","Tiempo de lectura":"6 minutos"},"schema":{"@context":"https:\/\/schema.org","@graph":[{"@type":"Article","@id":"https:\/\/arealorcaradio.es\/index.php\/2024\/09\/02\/las-obras-del-soterramiento-se-adaptaran-a-las-necesidades-del-inicio-del-curso-escolar-y-los-eventos-de-la-feria-y-fiestas-de-lorca\/#article","isPartOf":{"@id":"https:\/\/arealorcaradio.es\/index.php\/2024\/09\/02\/las-obras-del-soterramiento-se-adaptaran-a-las-necesidades-del-inicio-del-curso-escolar-y-los-eventos-de-la-feria-y-fiestas-de-lorca\/"},"author":{"name":"Paco S\u00e1nchez","@id":"https:\/\/arealorcaradio.es\/#\/schema\/person\/9fae605fc25b0f2c83c1ab207139bd27"},"headline":"Las obras del soterramiento se adaptar\u00e1n a las necesidades del inicio del curso escolar y los eventos de la Feria y Fiestas de Lorca","datePublished":"2024-09-02T15:33:09+00:00","mainEntityOfPage":{"@id":"https:\/\/arealorcaradio.es\/index.php\/2024\/09\/02\/las-obras-del-soterramiento-se-adaptaran-a-las-necesidades-del-inicio-del-curso-escolar-y-los-eventos-de-la-feria-y-fiestas-de-lorca\/"},"wordCount":1109,"commentCount":0,"image":{"@id":"https:\/\/arealorcaradio.es\/index.php\/2024\/09\/02\/las-obras-del-soterramiento-se-adaptaran-a-las-necesidades-del-inicio-del-curso-escolar-y-los-eventos-de-la-feria-y-fiestas-de-lorca\/#primaryimage"},"thumbnailUrl":"https:\/\/arealorcaradio.es\/wp-content\/uploads\/2024\/09\/Imagen-Reunion-UTE_.jpeg","articleSection":["ACTUALIDAD","LORCA"],"inLanguage":"es","potentialAction":[{"@type":"CommentAction","name":"Comment","target":["https:\/\/arealorcaradio.es\/index.php\/2024\/09\/02\/las-obras-del-soterramiento-se-adaptaran-a-las-necesidades-del-inicio-del-curso-escolar-y-los-eventos-de-la-feria-y-fiestas-de-lorca\/#respond"]}]},{"@type":"WebPage","@id":"https:\/\/arealorcaradio.es\/index.php\/2024\/09\/02\/las-obras-del-soterramiento-se-adaptaran-a-las-necesidades-del-inicio-del-curso-escolar-y-los-eventos-de-la-feria-y-fiestas-de-lorca\/","url":"https:\/\/arealorcaradio.es\/index.php\/2024\/09\/02\/las-obras-del-soterramiento-se-adaptaran-a-las-necesidades-del-inicio-del-curso-escolar-y-los-eventos-de-la-feria-y-fiestas-de-lorca\/","name":"Las obras del soterramiento se adaptar\u00e1n a las necesidades del inicio del curso escolar y los eventos de la Feria y Fiestas de Lorca - AREA LORCA RADIO","isPartOf":{"@id":"https:\/\/arealorcaradio.es\/#website"},"primaryImageOfPage":{"@id":"https:\/\/arealorcaradio.es\/index.php\/2024\/09\/02\/las-obras-del-soterramiento-se-adaptaran-a-las-necesidades-del-inicio-del-curso-escolar-y-los-eventos-de-la-feria-y-fiestas-de-lorca\/#primaryimage"},"image":{"@id":"https:\/\/arealorcaradio.es\/index.php\/2024\/09\/02\/las-obras-del-soterramiento-se-adaptaran-a-las-necesidades-del-inicio-del-curso-escolar-y-los-eventos-de-la-feria-y-fiestas-de-lorca\/#primaryimage"},"thumbnailUrl":"https:\/\/arealorcaradio.es\/wp-content\/uploads\/2024\/09\/Imagen-Reunion-UTE_.jpeg","datePublished":"2024-09-02T15:33:09+00:00","author":{"@id":"https:\/\/arealorcaradio.es\/#\/schema\/person\/9fae605fc25b0f2c83c1ab207139bd27"},"breadcrumb":{"@id":"https:\/\/arealorcaradio.es\/index.php\/2024\/09\/02\/las-obras-del-soterramiento-se-adaptaran-a-las-necesidades-del-inicio-del-curso-escolar-y-los-eventos-de-la-feria-y-fiestas-de-lorca\/#breadcrumb"},"inLanguage":"es","potentialAction":[{"@type":"ReadAction","target":["https:\/\/arealorcaradio.es\/index.php\/2024\/09\/02\/las-obras-del-soterramiento-se-adaptaran-a-las-necesidades-del-inicio-del-curso-escolar-y-los-eventos-de-la-feria-y-fiestas-de-lorca\/"]}]},{"@type":"ImageObject","inLanguage":"es","@id":"https:\/\/arealorcaradio.es\/index.php\/2024\/09\/02\/las-obras-del-soterramiento-se-adaptaran-a-las-necesidades-del-inicio-del-curso-escolar-y-los-eventos-de-la-feria-y-fiestas-de-lorca\/#primaryimage","url":"https:\/\/arealorcaradio.es\/wp-content\/uploads\/2024\/09\/Imagen-Reunion-UTE_.jpeg","contentUrl":"https:\/\/arealorcaradio.es\/wp-content\/uploads\/2024\/09\/Imagen-Reunion-UTE_.jpeg","width":1600,"height":1200},{"@type":"BreadcrumbList","@id":"https:\/\/arealorcaradio.es\/index.php\/2024\/09\/02\/las-obras-del-soterramiento-se-adaptaran-a-las-necesidades-del-inicio-del-curso-escolar-y-los-eventos-de-la-feria-y-fiestas-de-lorca\/#breadcrumb","itemListElement":[{"@type":"ListItem","position":1,"name":"Portada","item":"https:\/\/arealorcaradio.es\/"},{"@type":"ListItem","position":2,"name":"Las obras del soterramiento se adaptar\u00e1n a las necesidades del inicio del curso escolar y los eventos de la Feria y Fiestas de Lorca"}]},{"@type":"WebSite","@id":"https:\/\/arealorcaradio.es\/#website","url":"https:\/\/arealorcaradio.es\/","name":"AREA LORCA RADIO","description":"Descubre la programaci\u00f3n actual en \u00c1rea Lorca Radio, tu fuente de entrenamiento y noticias locales. Sintoniza ahora y mantente conectado online.","potentialAction":[{"@type":"SearchAction","target":{"@type":"EntryPoint","urlTemplate":"https:\/\/arealorcaradio.es\/?s={search_term_string}"},"query-input":{"@type":"PropertyValueSpecification","valueRequired":true,"valueName":"search_term_string"}}],"inLanguage":"es"},{"@type":"Person","@id":"https:\/\/arealorcaradio.es\/#\/schema\/person\/9fae605fc25b0f2c83c1ab207139bd27","name":"Paco S\u00e1nchez","image":{"@type":"ImageObject","inLanguage":"es","@id":"https:\/\/secure.gravatar.com\/avatar\/d67144e966420fb74aa84c9f2a0103be4724fd14db52b52d3b6bca749f257e79?s=96&d=mm&r=g","url":"https:\/\/secure.gravatar.com\/avatar\/d67144e966420fb74aa84c9f2a0103be4724fd14db52b52d3b6bca749f257e79?s=96&d=mm&r=g","contentUrl":"https:\/\/secure.gravatar.com\/avatar\/d67144e966420fb74aa84c9f2a0103be4724fd14db52b52d3b6bca749f257e79?s=96&d=mm&r=g","caption":"Paco S\u00e1nchez"},"sameAs":["https:\/\/arealorcaradio.es"],"url":"https:\/\/arealorcaradio.es\/index.php\/author\/admin_alorcaradio\/"}]}},"_links":{"self":[{"href":"https:\/\/arealorcaradio.es\/index.php\/wp-json\/wp\/v2\/posts\/3956","targetHints":{"allow":["GET"]}}],"collection":[{"href":"https:\/\/arealorcaradio.es\/index.php\/wp-json\/wp\/v2\/posts"}],"about":[{"href":"https:\/\/arealorcaradio.es\/index.php\/wp-json\/wp\/v2\/types\/post"}],"author":[{"embeddable":true,"href":"https:\/\/arealorcaradio.es\/index.php\/wp-json\/wp\/v2\/users\/1"}],"replies":[{"embeddable":true,"href":"https:\/\/arealorcaradio.es\/index.php\/wp-json\/wp\/v2\/comments?post=3956"}],"version-history":[{"count":2,"href":"https:\/\/arealorcaradio.es\/index.php\/wp-json\/wp\/v2\/posts\/3956\/revisions"}],"predecessor-version":[{"id":3961,"href":"https:\/\/arealorcaradio.es\/index.php\/wp-json\/wp\/v2\/posts\/3956\/revisions\/3961"}],"wp:featuredmedia":[{"embeddable":true,"href":"https:\/\/arealorcaradio.es\/index.php\/wp-json\/wp\/v2\/media\/3957"}],"wp:attachment":[{"href":"https:\/\/arealorcaradio.es\/index.php\/wp-json\/wp\/v2\/media?parent=3956"}],"wp:term":[{"taxonomy":"category","embeddable":true,"href":"https:\/\/arealorcaradio.es\/index.php\/wp-json\/wp\/v2\/categories?post=3956"},{"taxonomy":"post_tag","embeddable":true,"href":"https:\/\/arealorcaradio.es\/index.php\/wp-json\/wp\/v2\/tags?post=3956"}],"curies":[{"name":"wp","href":"https:\/\/api.w.org\/{rel}","templated":true}]}}