{"id":3953,"date":"2024-08-27T11:40:22","date_gmt":"2024-08-27T11:40:22","guid":{"rendered":"https:\/\/arealorcaradio.es\/?p=3953"},"modified":"2024-08-27T11:40:22","modified_gmt":"2024-08-27T11:40:22","slug":"el-festival-internacional-de-folklore-virgen-de-las-huertas-contara-con-grupos-de-corea-del-sur-croacia-panama-y-espana","status":"publish","type":"post","link":"https:\/\/arealorcaradio.es\/index.php\/2024\/08\/27\/el-festival-internacional-de-folklore-virgen-de-las-huertas-contara-con-grupos-de-corea-del-sur-croacia-panama-y-espana\/","title":{"rendered":"El Festival Internacional de Folklore Virgen de las Huertas contar\u00e1 con grupos de Corea del Sur, Croacia, Panam\u00e1 y Espa\u00f1a"},"content":{"rendered":"<p>\u00c1REA LORCA RADIO.<\/p>\n<p class=\"v1MsoNormal\"><span lang=\"ES-TRAD\">Lorca se convertir\u00e1 del 4 al 8 de septiembre en la capital del folklore, como cada a\u00f1o, con la celebraci\u00f3n del 34\u00ba Festival Internacional de Folclore Virgen de las Huertas, en cuya presentaci\u00f3n particip\u00f3 hoy el director general del Instituto de Turismo, Juan Francisco Mart\u00ednez.<\/span><b><\/b><\/p>\n<p class=\"v1MsoNormal\"><span lang=\"ES-TRAD\">El festival cuenta con el patrocinio del Ayuntamiento de Lorca y el Instituto de Turismo de la Regi\u00f3n de Murcia, y es miembro de Festifolk Espa\u00f1a (Asociaci\u00f3n de Organizadores de Festivales Internacionales de Espa\u00f1a).<\/span><\/p>\n<p class=\"v1MsoNormal\"><span lang=\"ES-TRAD\">Corea del Sur est\u00e1 representada por el\u00a0 Korean Group traditional Nalmoe Bukchum, Croacia a trav\u00e9s del grupo HKUD \u017deljezni\u010dar Osijek-Zagreb<b>\u00a0<\/b>y Panam\u00e1 por l<\/span><span lang=\"ES-TRAD\">a Agrupaci\u00f3n de Proyecciones Folkl\u00f3ricas Alegr\u00edas y Tradiciones. El cartel se completa con los anfitriones\u00a0<\/span><span lang=\"ES-TRAD\">lorquinos de los\u00a0<\/span><span lang=\"ES-TRAD\">Coros y Danzas Virgen de la Huertas.<\/span><\/p>\n<p class=\"v1MsoNormal\"><span lang=\"ES-TRAD\">El cartel de este a\u00f1o es una imagen que lleva por nombre &#8216;Pasi\u00f3n&#8217;, realizada por Isabel Moreno Mart\u00ednez, ganadora del IX Concurso Fotogr\u00e1fico celebrado durante el Festival del a\u00f1o pasado. Este a\u00f1o el concurso fotogr\u00e1fico llega a su novena edici\u00f3n, y la inscripci\u00f3n, gratuita, est\u00e1 abierta hasta el pr\u00f3ximo martes 3 de septiembre. El premio a la foto ganadora son 200 euros y la imagen ser\u00e1 el cartel del Festival 2025.<\/span><\/p>\n<p class=\"v1MsoNormal\"><span lang=\"ES-TRAD\">La inauguraci\u00f3n tendr\u00e1 lugar el 4 de septiembre, a las 20:30 horas, con la recepci\u00f3n de participantes en el Castillo de Lorca. El jueves, desde la misma hora, se celebrar\u00e1n el desfile de los grupos, el homenaje a las naciones y, a las 22:30 horas, la sesi\u00f3n inaugural, en la plaza del Rey Sabio. El viernes por la ma\u00f1ana actuar\u00e1n los grupos en residencias de mayores y de personas con discapacidad, mientras que el domingo, a las 21:30 horas, tendr\u00e1 lugar la sesi\u00f3n de clausura en la plaza del Rey Sabio.<u><\/u><\/span><\/p>\n<p class=\"v1MsoNormal\">\n","protected":false},"excerpt":{"rendered":"<p>\u00c1REA LORCA RADIO. Lorca se convertir\u00e1 del 4 al 8 de septiembre en la capital del folklore, como cada a\u00f1o, con la celebraci\u00f3n del 34\u00ba Festival Internacional de Folclore Virgen de las Huertas, en cuya presentaci\u00f3n particip\u00f3 hoy el director general del Instituto de Turismo, Juan Francisco Mart\u00ednez. El festival cuenta con el patrocinio del [&hellip;]<\/p>\n","protected":false},"author":1,"featured_media":3954,"comment_status":"open","ping_status":"open","sticky":false,"template":"","format":"standard","meta":{"iawp_total_views":17,"footnotes":""},"categories":[5,7],"tags":[],"class_list":["post-3953","post","type-post","status-publish","format-standard","has-post-thumbnail","hentry","category-actualidad","category-lorca"],"yoast_head":"<!-- This site is optimized with the Yoast SEO plugin v27.5 - https:\/\/yoast.com\/product\/yoast-seo-wordpress\/ -->\n<title>El Festival Internacional de Folklore Virgen de las Huertas contar\u00e1 con grupos de Corea del Sur, Croacia, Panam\u00e1 y Espa\u00f1a - AREA LORCA RADIO<\/title>\n<meta name=\"robots\" content=\"index, follow, max-snippet:-1, max-image-preview:large, max-video-preview:-1\" \/>\n<link rel=\"canonical\" href=\"https:\/\/arealorcaradio.es\/index.php\/2024\/08\/27\/el-festival-internacional-de-folklore-virgen-de-las-huertas-contara-con-grupos-de-corea-del-sur-croacia-panama-y-espana\/\" \/>\n<meta property=\"og:locale\" content=\"es_ES\" \/>\n<meta property=\"og:type\" content=\"article\" \/>\n<meta property=\"og:title\" content=\"El Festival Internacional de Folklore Virgen de las Huertas contar\u00e1 con grupos de Corea del Sur, Croacia, Panam\u00e1 y Espa\u00f1a - AREA LORCA RADIO\" \/>\n<meta property=\"og:description\" content=\"\u00c1REA LORCA RADIO. Lorca se convertir\u00e1 del 4 al 8 de septiembre en la capital del folklore, como cada a\u00f1o, con la celebraci\u00f3n del 34\u00ba Festival Internacional de Folclore Virgen de las Huertas, en cuya presentaci\u00f3n particip\u00f3 hoy el director general del Instituto de Turismo, Juan Francisco Mart\u00ednez. El festival cuenta con el patrocinio del [&hellip;]\" \/>\n<meta property=\"og:url\" content=\"https:\/\/arealorcaradio.es\/index.php\/2024\/08\/27\/el-festival-internacional-de-folklore-virgen-de-las-huertas-contara-con-grupos-de-corea-del-sur-croacia-panama-y-espana\/\" \/>\n<meta property=\"og:site_name\" content=\"AREA LORCA RADIO\" \/>\n<meta property=\"article:published_time\" content=\"2024-08-27T11:40:22+00:00\" \/>\n<meta property=\"og:image\" content=\"https:\/\/arealorcaradio.es\/wp-content\/uploads\/2024\/08\/20240826Folk-Lorca-scaled.jpg\" \/>\n\t<meta property=\"og:image:width\" content=\"2560\" \/>\n\t<meta property=\"og:image:height\" content=\"1920\" \/>\n\t<meta property=\"og:image:type\" content=\"image\/jpeg\" \/>\n<meta name=\"author\" content=\"Paco S\u00e1nchez\" \/>\n<meta name=\"twitter:card\" content=\"summary_large_image\" \/>\n<meta name=\"twitter:label1\" content=\"Escrito por\" \/>\n\t<meta name=\"twitter:data1\" content=\"Paco S\u00e1nchez\" \/>\n\t<meta name=\"twitter:label2\" content=\"Tiempo de lectura\" \/>\n\t<meta name=\"twitter:data2\" content=\"2 minutos\" \/>\n<script type=\"application\/ld+json\" class=\"yoast-schema-graph\">{\"@context\":\"https:\\\/\\\/schema.org\",\"@graph\":[{\"@type\":\"Article\",\"@id\":\"https:\\\/\\\/arealorcaradio.es\\\/index.php\\\/2024\\\/08\\\/27\\\/el-festival-internacional-de-folklore-virgen-de-las-huertas-contara-con-grupos-de-corea-del-sur-croacia-panama-y-espana\\\/#article\",\"isPartOf\":{\"@id\":\"https:\\\/\\\/arealorcaradio.es\\\/index.php\\\/2024\\\/08\\\/27\\\/el-festival-internacional-de-folklore-virgen-de-las-huertas-contara-con-grupos-de-corea-del-sur-croacia-panama-y-espana\\\/\"},\"author\":{\"name\":\"Paco S\u00e1nchez\",\"@id\":\"https:\\\/\\\/arealorcaradio.es\\\/#\\\/schema\\\/person\\\/9fae605fc25b0f2c83c1ab207139bd27\"},\"headline\":\"El Festival Internacional de Folklore Virgen de las Huertas contar\u00e1 con grupos de Corea del Sur, Croacia, Panam\u00e1 y Espa\u00f1a\",\"datePublished\":\"2024-08-27T11:40:22+00:00\",\"mainEntityOfPage\":{\"@id\":\"https:\\\/\\\/arealorcaradio.es\\\/index.php\\\/2024\\\/08\\\/27\\\/el-festival-internacional-de-folklore-virgen-de-las-huertas-contara-con-grupos-de-corea-del-sur-croacia-panama-y-espana\\\/\"},\"wordCount\":334,\"commentCount\":0,\"image\":{\"@id\":\"https:\\\/\\\/arealorcaradio.es\\\/index.php\\\/2024\\\/08\\\/27\\\/el-festival-internacional-de-folklore-virgen-de-las-huertas-contara-con-grupos-de-corea-del-sur-croacia-panama-y-espana\\\/#primaryimage\"},\"thumbnailUrl\":\"https:\\\/\\\/arealorcaradio.es\\\/wp-content\\\/uploads\\\/2024\\\/08\\\/20240826Folk-Lorca-scaled.jpg\",\"articleSection\":[\"ACTUALIDAD\",\"LORCA\"],\"inLanguage\":\"es\",\"potentialAction\":[{\"@type\":\"CommentAction\",\"name\":\"Comment\",\"target\":[\"https:\\\/\\\/arealorcaradio.es\\\/index.php\\\/2024\\\/08\\\/27\\\/el-festival-internacional-de-folklore-virgen-de-las-huertas-contara-con-grupos-de-corea-del-sur-croacia-panama-y-espana\\\/#respond\"]}]},{\"@type\":\"WebPage\",\"@id\":\"https:\\\/\\\/arealorcaradio.es\\\/index.php\\\/2024\\\/08\\\/27\\\/el-festival-internacional-de-folklore-virgen-de-las-huertas-contara-con-grupos-de-corea-del-sur-croacia-panama-y-espana\\\/\",\"url\":\"https:\\\/\\\/arealorcaradio.es\\\/index.php\\\/2024\\\/08\\\/27\\\/el-festival-internacional-de-folklore-virgen-de-las-huertas-contara-con-grupos-de-corea-del-sur-croacia-panama-y-espana\\\/\",\"name\":\"El Festival Internacional de Folklore Virgen de las Huertas contar\u00e1 con grupos de Corea del Sur, Croacia, Panam\u00e1 y Espa\u00f1a - AREA LORCA RADIO\",\"isPartOf\":{\"@id\":\"https:\\\/\\\/arealorcaradio.es\\\/#website\"},\"primaryImageOfPage\":{\"@id\":\"https:\\\/\\\/arealorcaradio.es\\\/index.php\\\/2024\\\/08\\\/27\\\/el-festival-internacional-de-folklore-virgen-de-las-huertas-contara-con-grupos-de-corea-del-sur-croacia-panama-y-espana\\\/#primaryimage\"},\"image\":{\"@id\":\"https:\\\/\\\/arealorcaradio.es\\\/index.php\\\/2024\\\/08\\\/27\\\/el-festival-internacional-de-folklore-virgen-de-las-huertas-contara-con-grupos-de-corea-del-sur-croacia-panama-y-espana\\\/#primaryimage\"},\"thumbnailUrl\":\"https:\\\/\\\/arealorcaradio.es\\\/wp-content\\\/uploads\\\/2024\\\/08\\\/20240826Folk-Lorca-scaled.jpg\",\"datePublished\":\"2024-08-27T11:40:22+00:00\",\"author\":{\"@id\":\"https:\\\/\\\/arealorcaradio.es\\\/#\\\/schema\\\/person\\\/9fae605fc25b0f2c83c1ab207139bd27\"},\"breadcrumb\":{\"@id\":\"https:\\\/\\\/arealorcaradio.es\\\/index.php\\\/2024\\\/08\\\/27\\\/el-festival-internacional-de-folklore-virgen-de-las-huertas-contara-con-grupos-de-corea-del-sur-croacia-panama-y-espana\\\/#breadcrumb\"},\"inLanguage\":\"es\",\"potentialAction\":[{\"@type\":\"ReadAction\",\"target\":[\"https:\\\/\\\/arealorcaradio.es\\\/index.php\\\/2024\\\/08\\\/27\\\/el-festival-internacional-de-folklore-virgen-de-las-huertas-contara-con-grupos-de-corea-del-sur-croacia-panama-y-espana\\\/\"]}]},{\"@type\":\"ImageObject\",\"inLanguage\":\"es\",\"@id\":\"https:\\\/\\\/arealorcaradio.es\\\/index.php\\\/2024\\\/08\\\/27\\\/el-festival-internacional-de-folklore-virgen-de-las-huertas-contara-con-grupos-de-corea-del-sur-croacia-panama-y-espana\\\/#primaryimage\",\"url\":\"https:\\\/\\\/arealorcaradio.es\\\/wp-content\\\/uploads\\\/2024\\\/08\\\/20240826Folk-Lorca-scaled.jpg\",\"contentUrl\":\"https:\\\/\\\/arealorcaradio.es\\\/wp-content\\\/uploads\\\/2024\\\/08\\\/20240826Folk-Lorca-scaled.jpg\",\"width\":2560,\"height\":1920},{\"@type\":\"BreadcrumbList\",\"@id\":\"https:\\\/\\\/arealorcaradio.es\\\/index.php\\\/2024\\\/08\\\/27\\\/el-festival-internacional-de-folklore-virgen-de-las-huertas-contara-con-grupos-de-corea-del-sur-croacia-panama-y-espana\\\/#breadcrumb\",\"itemListElement\":[{\"@type\":\"ListItem\",\"position\":1,\"name\":\"Portada\",\"item\":\"https:\\\/\\\/arealorcaradio.es\\\/\"},{\"@type\":\"ListItem\",\"position\":2,\"name\":\"El Festival Internacional de Folklore Virgen de las Huertas contar\u00e1 con grupos de Corea del Sur, Croacia, Panam\u00e1 y Espa\u00f1a\"}]},{\"@type\":\"WebSite\",\"@id\":\"https:\\\/\\\/arealorcaradio.es\\\/#website\",\"url\":\"https:\\\/\\\/arealorcaradio.es\\\/\",\"name\":\"AREA LORCA RADIO\",\"description\":\"Descubre la programaci\u00f3n actual en \u00c1rea Lorca Radio, tu fuente de entrenamiento y noticias locales. Sintoniza ahora y mantente conectado online.\",\"potentialAction\":[{\"@type\":\"SearchAction\",\"target\":{\"@type\":\"EntryPoint\",\"urlTemplate\":\"https:\\\/\\\/arealorcaradio.es\\\/?s={search_term_string}\"},\"query-input\":{\"@type\":\"PropertyValueSpecification\",\"valueRequired\":true,\"valueName\":\"search_term_string\"}}],\"inLanguage\":\"es\"},{\"@type\":\"Person\",\"@id\":\"https:\\\/\\\/arealorcaradio.es\\\/#\\\/schema\\\/person\\\/9fae605fc25b0f2c83c1ab207139bd27\",\"name\":\"Paco S\u00e1nchez\",\"image\":{\"@type\":\"ImageObject\",\"inLanguage\":\"es\",\"@id\":\"https:\\\/\\\/secure.gravatar.com\\\/avatar\\\/d67144e966420fb74aa84c9f2a0103be4724fd14db52b52d3b6bca749f257e79?s=96&d=mm&r=g\",\"url\":\"https:\\\/\\\/secure.gravatar.com\\\/avatar\\\/d67144e966420fb74aa84c9f2a0103be4724fd14db52b52d3b6bca749f257e79?s=96&d=mm&r=g\",\"contentUrl\":\"https:\\\/\\\/secure.gravatar.com\\\/avatar\\\/d67144e966420fb74aa84c9f2a0103be4724fd14db52b52d3b6bca749f257e79?s=96&d=mm&r=g\",\"caption\":\"Paco S\u00e1nchez\"},\"sameAs\":[\"https:\\\/\\\/arealorcaradio.es\"],\"url\":\"https:\\\/\\\/arealorcaradio.es\\\/index.php\\\/author\\\/admin_alorcaradio\\\/\"}]}<\/script>\n<!-- \/ Yoast SEO plugin. -->","yoast_head_json":{"title":"El Festival Internacional de Folklore Virgen de las Huertas contar\u00e1 con grupos de Corea del Sur, Croacia, Panam\u00e1 y Espa\u00f1a - AREA LORCA RADIO","robots":{"index":"index","follow":"follow","max-snippet":"max-snippet:-1","max-image-preview":"max-image-preview:large","max-video-preview":"max-video-preview:-1"},"canonical":"https:\/\/arealorcaradio.es\/index.php\/2024\/08\/27\/el-festival-internacional-de-folklore-virgen-de-las-huertas-contara-con-grupos-de-corea-del-sur-croacia-panama-y-espana\/","og_locale":"es_ES","og_type":"article","og_title":"El Festival Internacional de Folklore Virgen de las Huertas contar\u00e1 con grupos de Corea del Sur, Croacia, Panam\u00e1 y Espa\u00f1a - AREA LORCA RADIO","og_description":"\u00c1REA LORCA RADIO. Lorca se convertir\u00e1 del 4 al 8 de septiembre en la capital del folklore, como cada a\u00f1o, con la celebraci\u00f3n del 34\u00ba Festival Internacional de Folclore Virgen de las Huertas, en cuya presentaci\u00f3n particip\u00f3 hoy el director general del Instituto de Turismo, Juan Francisco Mart\u00ednez. El festival cuenta con el patrocinio del [&hellip;]","og_url":"https:\/\/arealorcaradio.es\/index.php\/2024\/08\/27\/el-festival-internacional-de-folklore-virgen-de-las-huertas-contara-con-grupos-de-corea-del-sur-croacia-panama-y-espana\/","og_site_name":"AREA LORCA RADIO","article_published_time":"2024-08-27T11:40:22+00:00","og_image":[{"width":2560,"height":1920,"url":"https:\/\/arealorcaradio.es\/wp-content\/uploads\/2024\/08\/20240826Folk-Lorca-scaled.jpg","type":"image\/jpeg"}],"author":"Paco S\u00e1nchez","twitter_card":"summary_large_image","twitter_misc":{"Escrito por":"Paco S\u00e1nchez","Tiempo de lectura":"2 minutos"},"schema":{"@context":"https:\/\/schema.org","@graph":[{"@type":"Article","@id":"https:\/\/arealorcaradio.es\/index.php\/2024\/08\/27\/el-festival-internacional-de-folklore-virgen-de-las-huertas-contara-con-grupos-de-corea-del-sur-croacia-panama-y-espana\/#article","isPartOf":{"@id":"https:\/\/arealorcaradio.es\/index.php\/2024\/08\/27\/el-festival-internacional-de-folklore-virgen-de-las-huertas-contara-con-grupos-de-corea-del-sur-croacia-panama-y-espana\/"},"author":{"name":"Paco S\u00e1nchez","@id":"https:\/\/arealorcaradio.es\/#\/schema\/person\/9fae605fc25b0f2c83c1ab207139bd27"},"headline":"El Festival Internacional de Folklore Virgen de las Huertas contar\u00e1 con grupos de Corea del Sur, Croacia, Panam\u00e1 y Espa\u00f1a","datePublished":"2024-08-27T11:40:22+00:00","mainEntityOfPage":{"@id":"https:\/\/arealorcaradio.es\/index.php\/2024\/08\/27\/el-festival-internacional-de-folklore-virgen-de-las-huertas-contara-con-grupos-de-corea-del-sur-croacia-panama-y-espana\/"},"wordCount":334,"commentCount":0,"image":{"@id":"https:\/\/arealorcaradio.es\/index.php\/2024\/08\/27\/el-festival-internacional-de-folklore-virgen-de-las-huertas-contara-con-grupos-de-corea-del-sur-croacia-panama-y-espana\/#primaryimage"},"thumbnailUrl":"https:\/\/arealorcaradio.es\/wp-content\/uploads\/2024\/08\/20240826Folk-Lorca-scaled.jpg","articleSection":["ACTUALIDAD","LORCA"],"inLanguage":"es","potentialAction":[{"@type":"CommentAction","name":"Comment","target":["https:\/\/arealorcaradio.es\/index.php\/2024\/08\/27\/el-festival-internacional-de-folklore-virgen-de-las-huertas-contara-con-grupos-de-corea-del-sur-croacia-panama-y-espana\/#respond"]}]},{"@type":"WebPage","@id":"https:\/\/arealorcaradio.es\/index.php\/2024\/08\/27\/el-festival-internacional-de-folklore-virgen-de-las-huertas-contara-con-grupos-de-corea-del-sur-croacia-panama-y-espana\/","url":"https:\/\/arealorcaradio.es\/index.php\/2024\/08\/27\/el-festival-internacional-de-folklore-virgen-de-las-huertas-contara-con-grupos-de-corea-del-sur-croacia-panama-y-espana\/","name":"El Festival Internacional de Folklore Virgen de las Huertas contar\u00e1 con grupos de Corea del Sur, Croacia, Panam\u00e1 y Espa\u00f1a - AREA LORCA RADIO","isPartOf":{"@id":"https:\/\/arealorcaradio.es\/#website"},"primaryImageOfPage":{"@id":"https:\/\/arealorcaradio.es\/index.php\/2024\/08\/27\/el-festival-internacional-de-folklore-virgen-de-las-huertas-contara-con-grupos-de-corea-del-sur-croacia-panama-y-espana\/#primaryimage"},"image":{"@id":"https:\/\/arealorcaradio.es\/index.php\/2024\/08\/27\/el-festival-internacional-de-folklore-virgen-de-las-huertas-contara-con-grupos-de-corea-del-sur-croacia-panama-y-espana\/#primaryimage"},"thumbnailUrl":"https:\/\/arealorcaradio.es\/wp-content\/uploads\/2024\/08\/20240826Folk-Lorca-scaled.jpg","datePublished":"2024-08-27T11:40:22+00:00","author":{"@id":"https:\/\/arealorcaradio.es\/#\/schema\/person\/9fae605fc25b0f2c83c1ab207139bd27"},"breadcrumb":{"@id":"https:\/\/arealorcaradio.es\/index.php\/2024\/08\/27\/el-festival-internacional-de-folklore-virgen-de-las-huertas-contara-con-grupos-de-corea-del-sur-croacia-panama-y-espana\/#breadcrumb"},"inLanguage":"es","potentialAction":[{"@type":"ReadAction","target":["https:\/\/arealorcaradio.es\/index.php\/2024\/08\/27\/el-festival-internacional-de-folklore-virgen-de-las-huertas-contara-con-grupos-de-corea-del-sur-croacia-panama-y-espana\/"]}]},{"@type":"ImageObject","inLanguage":"es","@id":"https:\/\/arealorcaradio.es\/index.php\/2024\/08\/27\/el-festival-internacional-de-folklore-virgen-de-las-huertas-contara-con-grupos-de-corea-del-sur-croacia-panama-y-espana\/#primaryimage","url":"https:\/\/arealorcaradio.es\/wp-content\/uploads\/2024\/08\/20240826Folk-Lorca-scaled.jpg","contentUrl":"https:\/\/arealorcaradio.es\/wp-content\/uploads\/2024\/08\/20240826Folk-Lorca-scaled.jpg","width":2560,"height":1920},{"@type":"BreadcrumbList","@id":"https:\/\/arealorcaradio.es\/index.php\/2024\/08\/27\/el-festival-internacional-de-folklore-virgen-de-las-huertas-contara-con-grupos-de-corea-del-sur-croacia-panama-y-espana\/#breadcrumb","itemListElement":[{"@type":"ListItem","position":1,"name":"Portada","item":"https:\/\/arealorcaradio.es\/"},{"@type":"ListItem","position":2,"name":"El Festival Internacional de Folklore Virgen de las Huertas contar\u00e1 con grupos de Corea del Sur, Croacia, Panam\u00e1 y Espa\u00f1a"}]},{"@type":"WebSite","@id":"https:\/\/arealorcaradio.es\/#website","url":"https:\/\/arealorcaradio.es\/","name":"AREA LORCA RADIO","description":"Descubre la programaci\u00f3n actual en \u00c1rea Lorca Radio, tu fuente de entrenamiento y noticias locales. Sintoniza ahora y mantente conectado online.","potentialAction":[{"@type":"SearchAction","target":{"@type":"EntryPoint","urlTemplate":"https:\/\/arealorcaradio.es\/?s={search_term_string}"},"query-input":{"@type":"PropertyValueSpecification","valueRequired":true,"valueName":"search_term_string"}}],"inLanguage":"es"},{"@type":"Person","@id":"https:\/\/arealorcaradio.es\/#\/schema\/person\/9fae605fc25b0f2c83c1ab207139bd27","name":"Paco S\u00e1nchez","image":{"@type":"ImageObject","inLanguage":"es","@id":"https:\/\/secure.gravatar.com\/avatar\/d67144e966420fb74aa84c9f2a0103be4724fd14db52b52d3b6bca749f257e79?s=96&d=mm&r=g","url":"https:\/\/secure.gravatar.com\/avatar\/d67144e966420fb74aa84c9f2a0103be4724fd14db52b52d3b6bca749f257e79?s=96&d=mm&r=g","contentUrl":"https:\/\/secure.gravatar.com\/avatar\/d67144e966420fb74aa84c9f2a0103be4724fd14db52b52d3b6bca749f257e79?s=96&d=mm&r=g","caption":"Paco S\u00e1nchez"},"sameAs":["https:\/\/arealorcaradio.es"],"url":"https:\/\/arealorcaradio.es\/index.php\/author\/admin_alorcaradio\/"}]}},"_links":{"self":[{"href":"https:\/\/arealorcaradio.es\/index.php\/wp-json\/wp\/v2\/posts\/3953","targetHints":{"allow":["GET"]}}],"collection":[{"href":"https:\/\/arealorcaradio.es\/index.php\/wp-json\/wp\/v2\/posts"}],"about":[{"href":"https:\/\/arealorcaradio.es\/index.php\/wp-json\/wp\/v2\/types\/post"}],"author":[{"embeddable":true,"href":"https:\/\/arealorcaradio.es\/index.php\/wp-json\/wp\/v2\/users\/1"}],"replies":[{"embeddable":true,"href":"https:\/\/arealorcaradio.es\/index.php\/wp-json\/wp\/v2\/comments?post=3953"}],"version-history":[{"count":1,"href":"https:\/\/arealorcaradio.es\/index.php\/wp-json\/wp\/v2\/posts\/3953\/revisions"}],"predecessor-version":[{"id":3955,"href":"https:\/\/arealorcaradio.es\/index.php\/wp-json\/wp\/v2\/posts\/3953\/revisions\/3955"}],"wp:featuredmedia":[{"embeddable":true,"href":"https:\/\/arealorcaradio.es\/index.php\/wp-json\/wp\/v2\/media\/3954"}],"wp:attachment":[{"href":"https:\/\/arealorcaradio.es\/index.php\/wp-json\/wp\/v2\/media?parent=3953"}],"wp:term":[{"taxonomy":"category","embeddable":true,"href":"https:\/\/arealorcaradio.es\/index.php\/wp-json\/wp\/v2\/categories?post=3953"},{"taxonomy":"post_tag","embeddable":true,"href":"https:\/\/arealorcaradio.es\/index.php\/wp-json\/wp\/v2\/tags?post=3953"}],"curies":[{"name":"wp","href":"https:\/\/api.w.org\/{rel}","templated":true}]}}