{"id":3949,"date":"2024-08-19T09:34:25","date_gmt":"2024-08-19T09:34:25","guid":{"rendered":"https:\/\/arealorcaradio.es\/?p=3949"},"modified":"2024-08-19T09:34:25","modified_gmt":"2024-08-19T09:34:25","slug":"nuevo-avance-del-ayuntamiento-para-la-construccion-del-inmueble-municipal-de-la-calle-selgas","status":"publish","type":"post","link":"https:\/\/arealorcaradio.es\/index.php\/2024\/08\/19\/nuevo-avance-del-ayuntamiento-para-la-construccion-del-inmueble-municipal-de-la-calle-selgas\/","title":{"rendered":"Nuevo avance del Ayuntamiento para la construcci\u00f3n del inmueble municipal de la calle Selgas\u00a0"},"content":{"rendered":"<p>\u00c1REA LORCA RADIO.<\/p>\n<p><strong>Lorca, 19 de agosto de 2024<\/strong>. La edil de Vivienda\u00a0 del Ayuntamiento de Lorca, Mar\u00eda Hern\u00e1ndez, ha informado que, desde la Concejal\u00eda de Urbanismo, se ha autorizado el proyecto de ejecuci\u00f3n del inmueble municipal de la calle Selgas, de cinco viviendas, con bajo comercial.<\/p>\n<p>\u201cEste paso supone un nuevo avance no s\u00f3lo en la construcci\u00f3n del primer bloque de vivienda p\u00fablica por parte del Ayuntamiento en pleno coraz\u00f3n del casco hist\u00f3rico, de forma paralela al desbloqueo de un conjunto de inmuebles particulares pendientes de rehabilitaci\u00f3n, sino la materializaci\u00f3n del compromiso firme de este equipo de Gobierno con el impulso a la construcci\u00f3n de vivienda en el municipio. Una iniciativa incluida en el \u2018Compromiso Marco 2032, dentro del nuevo modelo de municipio impulsado por el Consistorio de cara a la mejora integral de Lorca\u201d.<\/p>\n<p>Concretamente, la licencia consiste en la \u201cAutorizaci\u00f3n del proyecto de ejecuci\u00f3n para la realizaci\u00f3n de obras consistentes en la demolici\u00f3n parcial del edificio con mantenimiento de fachada, con una una superficie construida de 461,55 m\u00b2; y la reconstrucci\u00f3n del mismo, resultando un edificio compuesto de: local para oficina en planta baja y primera, con una superficie construida de 77,62 m\u00b2, m\u00e1s tres apartamentos y dos viviendas en las plantas superiores (incluidos los espacios comunes\u00a0 e instalaciones), con una superficie construida de 541,39 m\u00b2, situadas en la calle Fernando V, n\u00famero 2, esquina calle Selgas (Manzana, 40), Finca 1, del Plan de Protecci\u00f3n y Rentabilidad Integral del sector II del conjunto hist\u00f3rico-art\u00edstico, PEPRI, de esta ciudad. Con un presupuesto de ejecuci\u00f3n material de 616.600 euros\u201d, ha especificado la edil.<\/p>\n<p>Tras esta autorizaci\u00f3n, desde la empresa municipal de Suelo y Vivienda, Suvilor, se est\u00e1 llevando a cabo la redacci\u00f3n de los pliegos t\u00e9cnicos y administrativos para, por un lado, licitar la contrataci\u00f3n de t\u00e9cnicos competentes para la direcci\u00f3n de obra, direcci\u00f3n de ejecuci\u00f3n y coordinaci\u00f3n de seguridad y salud; y, por otro, para llevar a cabo la licitaci\u00f3n de obras de demolici\u00f3n, construcci\u00f3n del edificio y actuaciones arqueol\u00f3gicas.<\/p>\n<p>El inmueble se sit\u00faa frente al Archivo Hist\u00f3rico Municipal Juan Guirao Garc\u00eda. \u201cSe trata de un edificio del primer tercio del siglo XIX. Una edificaci\u00f3n catalogada dentro del Plan Especial de Protecci\u00f3n con grado 3, debido principalmente al inter\u00e9s por la morfolog\u00eda tradicional de su fachada, destacando la columna en esquina y el escudo de finales del siglo XVI\u201d, ha recordado Hern\u00e1ndez.<\/p>\n<p>\u201cLas viviendas ser\u00e1n de un perfil diferente al tradicional y m\u00e1s extendido en la Ciudad. Tres de ellas, estar\u00e1n enfocadas a j\u00f3venes y familias reducidas, con pisos de uno y dos dormitorios y las restantes ser\u00e1n accesibles, para personas con movilidad reducida, combinando la esencia del casco hist\u00f3rico, con los \u00faltimos materiales y tecnolog\u00eda para lograr un menor consumo energ\u00e9tico, con la integraci\u00f3n de paneles fotovoltaicos y m\u00e1quinas de aerotermia\u201d.<\/p>\n","protected":false},"excerpt":{"rendered":"<p>\u00c1REA LORCA RADIO. Lorca, 19 de agosto de 2024. La edil de Vivienda\u00a0 del Ayuntamiento de Lorca, Mar\u00eda Hern\u00e1ndez, ha informado que, desde la Concejal\u00eda de Urbanismo, se ha autorizado el proyecto de ejecuci\u00f3n del inmueble municipal de la calle Selgas, de cinco viviendas, con bajo comercial. \u201cEste paso supone un nuevo avance no s\u00f3lo [&hellip;]<\/p>\n","protected":false},"author":1,"featured_media":3950,"comment_status":"open","ping_status":"open","sticky":false,"template":"","format":"standard","meta":{"iawp_total_views":12,"footnotes":""},"categories":[5,7],"tags":[],"class_list":["post-3949","post","type-post","status-publish","format-standard","has-post-thumbnail","hentry","category-actualidad","category-lorca"],"yoast_head":"<!-- This site is optimized with the Yoast SEO plugin v27.5 - https:\/\/yoast.com\/product\/yoast-seo-wordpress\/ -->\n<title>Nuevo avance del Ayuntamiento para la construcci\u00f3n del inmueble municipal de la calle Selgas\u00a0 - AREA LORCA RADIO<\/title>\n<meta name=\"robots\" content=\"index, follow, max-snippet:-1, max-image-preview:large, max-video-preview:-1\" \/>\n<link rel=\"canonical\" href=\"https:\/\/arealorcaradio.es\/index.php\/2024\/08\/19\/nuevo-avance-del-ayuntamiento-para-la-construccion-del-inmueble-municipal-de-la-calle-selgas\/\" \/>\n<meta property=\"og:locale\" content=\"es_ES\" \/>\n<meta property=\"og:type\" content=\"article\" \/>\n<meta property=\"og:title\" content=\"Nuevo avance del Ayuntamiento para la construcci\u00f3n del inmueble municipal de la calle Selgas\u00a0 - AREA LORCA RADIO\" \/>\n<meta property=\"og:description\" content=\"\u00c1REA LORCA RADIO. Lorca, 19 de agosto de 2024. La edil de Vivienda\u00a0 del Ayuntamiento de Lorca, Mar\u00eda Hern\u00e1ndez, ha informado que, desde la Concejal\u00eda de Urbanismo, se ha autorizado el proyecto de ejecuci\u00f3n del inmueble municipal de la calle Selgas, de cinco viviendas, con bajo comercial. \u201cEste paso supone un nuevo avance no s\u00f3lo [&hellip;]\" \/>\n<meta property=\"og:url\" content=\"https:\/\/arealorcaradio.es\/index.php\/2024\/08\/19\/nuevo-avance-del-ayuntamiento-para-la-construccion-del-inmueble-municipal-de-la-calle-selgas\/\" \/>\n<meta property=\"og:site_name\" content=\"AREA LORCA RADIO\" \/>\n<meta property=\"article:published_time\" content=\"2024-08-19T09:34:25+00:00\" \/>\n<meta property=\"og:image\" content=\"https:\/\/arealorcaradio.es\/wp-content\/uploads\/2024\/08\/WhatsApp-Image-2024-08-19-at-10.56.43.jpeg\" \/>\n\t<meta property=\"og:image:width\" content=\"1600\" \/>\n\t<meta property=\"og:image:height\" content=\"1200\" \/>\n\t<meta property=\"og:image:type\" content=\"image\/jpeg\" \/>\n<meta name=\"author\" content=\"Paco S\u00e1nchez\" \/>\n<meta name=\"twitter:card\" content=\"summary_large_image\" \/>\n<meta name=\"twitter:label1\" content=\"Escrito por\" \/>\n\t<meta name=\"twitter:data1\" content=\"Paco S\u00e1nchez\" \/>\n\t<meta name=\"twitter:label2\" content=\"Tiempo de lectura\" \/>\n\t<meta name=\"twitter:data2\" content=\"3 minutos\" \/>\n<script type=\"application\/ld+json\" class=\"yoast-schema-graph\">{\"@context\":\"https:\\\/\\\/schema.org\",\"@graph\":[{\"@type\":\"Article\",\"@id\":\"https:\\\/\\\/arealorcaradio.es\\\/index.php\\\/2024\\\/08\\\/19\\\/nuevo-avance-del-ayuntamiento-para-la-construccion-del-inmueble-municipal-de-la-calle-selgas\\\/#article\",\"isPartOf\":{\"@id\":\"https:\\\/\\\/arealorcaradio.es\\\/index.php\\\/2024\\\/08\\\/19\\\/nuevo-avance-del-ayuntamiento-para-la-construccion-del-inmueble-municipal-de-la-calle-selgas\\\/\"},\"author\":{\"name\":\"Paco S\u00e1nchez\",\"@id\":\"https:\\\/\\\/arealorcaradio.es\\\/#\\\/schema\\\/person\\\/9fae605fc25b0f2c83c1ab207139bd27\"},\"headline\":\"Nuevo avance del Ayuntamiento para la construcci\u00f3n del inmueble municipal de la calle Selgas\u00a0\",\"datePublished\":\"2024-08-19T09:34:25+00:00\",\"mainEntityOfPage\":{\"@id\":\"https:\\\/\\\/arealorcaradio.es\\\/index.php\\\/2024\\\/08\\\/19\\\/nuevo-avance-del-ayuntamiento-para-la-construccion-del-inmueble-municipal-de-la-calle-selgas\\\/\"},\"wordCount\":522,\"commentCount\":0,\"image\":{\"@id\":\"https:\\\/\\\/arealorcaradio.es\\\/index.php\\\/2024\\\/08\\\/19\\\/nuevo-avance-del-ayuntamiento-para-la-construccion-del-inmueble-municipal-de-la-calle-selgas\\\/#primaryimage\"},\"thumbnailUrl\":\"https:\\\/\\\/arealorcaradio.es\\\/wp-content\\\/uploads\\\/2024\\\/08\\\/WhatsApp-Image-2024-08-19-at-10.56.43.jpeg\",\"articleSection\":[\"ACTUALIDAD\",\"LORCA\"],\"inLanguage\":\"es\",\"potentialAction\":[{\"@type\":\"CommentAction\",\"name\":\"Comment\",\"target\":[\"https:\\\/\\\/arealorcaradio.es\\\/index.php\\\/2024\\\/08\\\/19\\\/nuevo-avance-del-ayuntamiento-para-la-construccion-del-inmueble-municipal-de-la-calle-selgas\\\/#respond\"]}]},{\"@type\":\"WebPage\",\"@id\":\"https:\\\/\\\/arealorcaradio.es\\\/index.php\\\/2024\\\/08\\\/19\\\/nuevo-avance-del-ayuntamiento-para-la-construccion-del-inmueble-municipal-de-la-calle-selgas\\\/\",\"url\":\"https:\\\/\\\/arealorcaradio.es\\\/index.php\\\/2024\\\/08\\\/19\\\/nuevo-avance-del-ayuntamiento-para-la-construccion-del-inmueble-municipal-de-la-calle-selgas\\\/\",\"name\":\"Nuevo avance del Ayuntamiento para la construcci\u00f3n del inmueble municipal de la calle Selgas\u00a0 - AREA LORCA RADIO\",\"isPartOf\":{\"@id\":\"https:\\\/\\\/arealorcaradio.es\\\/#website\"},\"primaryImageOfPage\":{\"@id\":\"https:\\\/\\\/arealorcaradio.es\\\/index.php\\\/2024\\\/08\\\/19\\\/nuevo-avance-del-ayuntamiento-para-la-construccion-del-inmueble-municipal-de-la-calle-selgas\\\/#primaryimage\"},\"image\":{\"@id\":\"https:\\\/\\\/arealorcaradio.es\\\/index.php\\\/2024\\\/08\\\/19\\\/nuevo-avance-del-ayuntamiento-para-la-construccion-del-inmueble-municipal-de-la-calle-selgas\\\/#primaryimage\"},\"thumbnailUrl\":\"https:\\\/\\\/arealorcaradio.es\\\/wp-content\\\/uploads\\\/2024\\\/08\\\/WhatsApp-Image-2024-08-19-at-10.56.43.jpeg\",\"datePublished\":\"2024-08-19T09:34:25+00:00\",\"author\":{\"@id\":\"https:\\\/\\\/arealorcaradio.es\\\/#\\\/schema\\\/person\\\/9fae605fc25b0f2c83c1ab207139bd27\"},\"breadcrumb\":{\"@id\":\"https:\\\/\\\/arealorcaradio.es\\\/index.php\\\/2024\\\/08\\\/19\\\/nuevo-avance-del-ayuntamiento-para-la-construccion-del-inmueble-municipal-de-la-calle-selgas\\\/#breadcrumb\"},\"inLanguage\":\"es\",\"potentialAction\":[{\"@type\":\"ReadAction\",\"target\":[\"https:\\\/\\\/arealorcaradio.es\\\/index.php\\\/2024\\\/08\\\/19\\\/nuevo-avance-del-ayuntamiento-para-la-construccion-del-inmueble-municipal-de-la-calle-selgas\\\/\"]}]},{\"@type\":\"ImageObject\",\"inLanguage\":\"es\",\"@id\":\"https:\\\/\\\/arealorcaradio.es\\\/index.php\\\/2024\\\/08\\\/19\\\/nuevo-avance-del-ayuntamiento-para-la-construccion-del-inmueble-municipal-de-la-calle-selgas\\\/#primaryimage\",\"url\":\"https:\\\/\\\/arealorcaradio.es\\\/wp-content\\\/uploads\\\/2024\\\/08\\\/WhatsApp-Image-2024-08-19-at-10.56.43.jpeg\",\"contentUrl\":\"https:\\\/\\\/arealorcaradio.es\\\/wp-content\\\/uploads\\\/2024\\\/08\\\/WhatsApp-Image-2024-08-19-at-10.56.43.jpeg\",\"width\":1600,\"height\":1200},{\"@type\":\"BreadcrumbList\",\"@id\":\"https:\\\/\\\/arealorcaradio.es\\\/index.php\\\/2024\\\/08\\\/19\\\/nuevo-avance-del-ayuntamiento-para-la-construccion-del-inmueble-municipal-de-la-calle-selgas\\\/#breadcrumb\",\"itemListElement\":[{\"@type\":\"ListItem\",\"position\":1,\"name\":\"Portada\",\"item\":\"https:\\\/\\\/arealorcaradio.es\\\/\"},{\"@type\":\"ListItem\",\"position\":2,\"name\":\"Nuevo avance del Ayuntamiento para la construcci\u00f3n del inmueble municipal de la calle Selgas\u00a0\"}]},{\"@type\":\"WebSite\",\"@id\":\"https:\\\/\\\/arealorcaradio.es\\\/#website\",\"url\":\"https:\\\/\\\/arealorcaradio.es\\\/\",\"name\":\"AREA LORCA RADIO\",\"description\":\"Descubre la programaci\u00f3n actual en \u00c1rea Lorca Radio, tu fuente de entrenamiento y noticias locales. Sintoniza ahora y mantente conectado online.\",\"potentialAction\":[{\"@type\":\"SearchAction\",\"target\":{\"@type\":\"EntryPoint\",\"urlTemplate\":\"https:\\\/\\\/arealorcaradio.es\\\/?s={search_term_string}\"},\"query-input\":{\"@type\":\"PropertyValueSpecification\",\"valueRequired\":true,\"valueName\":\"search_term_string\"}}],\"inLanguage\":\"es\"},{\"@type\":\"Person\",\"@id\":\"https:\\\/\\\/arealorcaradio.es\\\/#\\\/schema\\\/person\\\/9fae605fc25b0f2c83c1ab207139bd27\",\"name\":\"Paco S\u00e1nchez\",\"image\":{\"@type\":\"ImageObject\",\"inLanguage\":\"es\",\"@id\":\"https:\\\/\\\/secure.gravatar.com\\\/avatar\\\/d67144e966420fb74aa84c9f2a0103be4724fd14db52b52d3b6bca749f257e79?s=96&d=mm&r=g\",\"url\":\"https:\\\/\\\/secure.gravatar.com\\\/avatar\\\/d67144e966420fb74aa84c9f2a0103be4724fd14db52b52d3b6bca749f257e79?s=96&d=mm&r=g\",\"contentUrl\":\"https:\\\/\\\/secure.gravatar.com\\\/avatar\\\/d67144e966420fb74aa84c9f2a0103be4724fd14db52b52d3b6bca749f257e79?s=96&d=mm&r=g\",\"caption\":\"Paco S\u00e1nchez\"},\"sameAs\":[\"https:\\\/\\\/arealorcaradio.es\"],\"url\":\"https:\\\/\\\/arealorcaradio.es\\\/index.php\\\/author\\\/admin_alorcaradio\\\/\"}]}<\/script>\n<!-- \/ Yoast SEO plugin. -->","yoast_head_json":{"title":"Nuevo avance del Ayuntamiento para la construcci\u00f3n del inmueble municipal de la calle Selgas\u00a0 - AREA LORCA RADIO","robots":{"index":"index","follow":"follow","max-snippet":"max-snippet:-1","max-image-preview":"max-image-preview:large","max-video-preview":"max-video-preview:-1"},"canonical":"https:\/\/arealorcaradio.es\/index.php\/2024\/08\/19\/nuevo-avance-del-ayuntamiento-para-la-construccion-del-inmueble-municipal-de-la-calle-selgas\/","og_locale":"es_ES","og_type":"article","og_title":"Nuevo avance del Ayuntamiento para la construcci\u00f3n del inmueble municipal de la calle Selgas\u00a0 - AREA LORCA RADIO","og_description":"\u00c1REA LORCA RADIO. Lorca, 19 de agosto de 2024. La edil de Vivienda\u00a0 del Ayuntamiento de Lorca, Mar\u00eda Hern\u00e1ndez, ha informado que, desde la Concejal\u00eda de Urbanismo, se ha autorizado el proyecto de ejecuci\u00f3n del inmueble municipal de la calle Selgas, de cinco viviendas, con bajo comercial. \u201cEste paso supone un nuevo avance no s\u00f3lo [&hellip;]","og_url":"https:\/\/arealorcaradio.es\/index.php\/2024\/08\/19\/nuevo-avance-del-ayuntamiento-para-la-construccion-del-inmueble-municipal-de-la-calle-selgas\/","og_site_name":"AREA LORCA RADIO","article_published_time":"2024-08-19T09:34:25+00:00","og_image":[{"width":1600,"height":1200,"url":"https:\/\/arealorcaradio.es\/wp-content\/uploads\/2024\/08\/WhatsApp-Image-2024-08-19-at-10.56.43.jpeg","type":"image\/jpeg"}],"author":"Paco S\u00e1nchez","twitter_card":"summary_large_image","twitter_misc":{"Escrito por":"Paco S\u00e1nchez","Tiempo de lectura":"3 minutos"},"schema":{"@context":"https:\/\/schema.org","@graph":[{"@type":"Article","@id":"https:\/\/arealorcaradio.es\/index.php\/2024\/08\/19\/nuevo-avance-del-ayuntamiento-para-la-construccion-del-inmueble-municipal-de-la-calle-selgas\/#article","isPartOf":{"@id":"https:\/\/arealorcaradio.es\/index.php\/2024\/08\/19\/nuevo-avance-del-ayuntamiento-para-la-construccion-del-inmueble-municipal-de-la-calle-selgas\/"},"author":{"name":"Paco S\u00e1nchez","@id":"https:\/\/arealorcaradio.es\/#\/schema\/person\/9fae605fc25b0f2c83c1ab207139bd27"},"headline":"Nuevo avance del Ayuntamiento para la construcci\u00f3n del inmueble municipal de la calle Selgas\u00a0","datePublished":"2024-08-19T09:34:25+00:00","mainEntityOfPage":{"@id":"https:\/\/arealorcaradio.es\/index.php\/2024\/08\/19\/nuevo-avance-del-ayuntamiento-para-la-construccion-del-inmueble-municipal-de-la-calle-selgas\/"},"wordCount":522,"commentCount":0,"image":{"@id":"https:\/\/arealorcaradio.es\/index.php\/2024\/08\/19\/nuevo-avance-del-ayuntamiento-para-la-construccion-del-inmueble-municipal-de-la-calle-selgas\/#primaryimage"},"thumbnailUrl":"https:\/\/arealorcaradio.es\/wp-content\/uploads\/2024\/08\/WhatsApp-Image-2024-08-19-at-10.56.43.jpeg","articleSection":["ACTUALIDAD","LORCA"],"inLanguage":"es","potentialAction":[{"@type":"CommentAction","name":"Comment","target":["https:\/\/arealorcaradio.es\/index.php\/2024\/08\/19\/nuevo-avance-del-ayuntamiento-para-la-construccion-del-inmueble-municipal-de-la-calle-selgas\/#respond"]}]},{"@type":"WebPage","@id":"https:\/\/arealorcaradio.es\/index.php\/2024\/08\/19\/nuevo-avance-del-ayuntamiento-para-la-construccion-del-inmueble-municipal-de-la-calle-selgas\/","url":"https:\/\/arealorcaradio.es\/index.php\/2024\/08\/19\/nuevo-avance-del-ayuntamiento-para-la-construccion-del-inmueble-municipal-de-la-calle-selgas\/","name":"Nuevo avance del Ayuntamiento para la construcci\u00f3n del inmueble municipal de la calle Selgas\u00a0 - AREA LORCA RADIO","isPartOf":{"@id":"https:\/\/arealorcaradio.es\/#website"},"primaryImageOfPage":{"@id":"https:\/\/arealorcaradio.es\/index.php\/2024\/08\/19\/nuevo-avance-del-ayuntamiento-para-la-construccion-del-inmueble-municipal-de-la-calle-selgas\/#primaryimage"},"image":{"@id":"https:\/\/arealorcaradio.es\/index.php\/2024\/08\/19\/nuevo-avance-del-ayuntamiento-para-la-construccion-del-inmueble-municipal-de-la-calle-selgas\/#primaryimage"},"thumbnailUrl":"https:\/\/arealorcaradio.es\/wp-content\/uploads\/2024\/08\/WhatsApp-Image-2024-08-19-at-10.56.43.jpeg","datePublished":"2024-08-19T09:34:25+00:00","author":{"@id":"https:\/\/arealorcaradio.es\/#\/schema\/person\/9fae605fc25b0f2c83c1ab207139bd27"},"breadcrumb":{"@id":"https:\/\/arealorcaradio.es\/index.php\/2024\/08\/19\/nuevo-avance-del-ayuntamiento-para-la-construccion-del-inmueble-municipal-de-la-calle-selgas\/#breadcrumb"},"inLanguage":"es","potentialAction":[{"@type":"ReadAction","target":["https:\/\/arealorcaradio.es\/index.php\/2024\/08\/19\/nuevo-avance-del-ayuntamiento-para-la-construccion-del-inmueble-municipal-de-la-calle-selgas\/"]}]},{"@type":"ImageObject","inLanguage":"es","@id":"https:\/\/arealorcaradio.es\/index.php\/2024\/08\/19\/nuevo-avance-del-ayuntamiento-para-la-construccion-del-inmueble-municipal-de-la-calle-selgas\/#primaryimage","url":"https:\/\/arealorcaradio.es\/wp-content\/uploads\/2024\/08\/WhatsApp-Image-2024-08-19-at-10.56.43.jpeg","contentUrl":"https:\/\/arealorcaradio.es\/wp-content\/uploads\/2024\/08\/WhatsApp-Image-2024-08-19-at-10.56.43.jpeg","width":1600,"height":1200},{"@type":"BreadcrumbList","@id":"https:\/\/arealorcaradio.es\/index.php\/2024\/08\/19\/nuevo-avance-del-ayuntamiento-para-la-construccion-del-inmueble-municipal-de-la-calle-selgas\/#breadcrumb","itemListElement":[{"@type":"ListItem","position":1,"name":"Portada","item":"https:\/\/arealorcaradio.es\/"},{"@type":"ListItem","position":2,"name":"Nuevo avance del Ayuntamiento para la construcci\u00f3n del inmueble municipal de la calle Selgas\u00a0"}]},{"@type":"WebSite","@id":"https:\/\/arealorcaradio.es\/#website","url":"https:\/\/arealorcaradio.es\/","name":"AREA LORCA RADIO","description":"Descubre la programaci\u00f3n actual en \u00c1rea Lorca Radio, tu fuente de entrenamiento y noticias locales. Sintoniza ahora y mantente conectado online.","potentialAction":[{"@type":"SearchAction","target":{"@type":"EntryPoint","urlTemplate":"https:\/\/arealorcaradio.es\/?s={search_term_string}"},"query-input":{"@type":"PropertyValueSpecification","valueRequired":true,"valueName":"search_term_string"}}],"inLanguage":"es"},{"@type":"Person","@id":"https:\/\/arealorcaradio.es\/#\/schema\/person\/9fae605fc25b0f2c83c1ab207139bd27","name":"Paco S\u00e1nchez","image":{"@type":"ImageObject","inLanguage":"es","@id":"https:\/\/secure.gravatar.com\/avatar\/d67144e966420fb74aa84c9f2a0103be4724fd14db52b52d3b6bca749f257e79?s=96&d=mm&r=g","url":"https:\/\/secure.gravatar.com\/avatar\/d67144e966420fb74aa84c9f2a0103be4724fd14db52b52d3b6bca749f257e79?s=96&d=mm&r=g","contentUrl":"https:\/\/secure.gravatar.com\/avatar\/d67144e966420fb74aa84c9f2a0103be4724fd14db52b52d3b6bca749f257e79?s=96&d=mm&r=g","caption":"Paco S\u00e1nchez"},"sameAs":["https:\/\/arealorcaradio.es"],"url":"https:\/\/arealorcaradio.es\/index.php\/author\/admin_alorcaradio\/"}]}},"_links":{"self":[{"href":"https:\/\/arealorcaradio.es\/index.php\/wp-json\/wp\/v2\/posts\/3949","targetHints":{"allow":["GET"]}}],"collection":[{"href":"https:\/\/arealorcaradio.es\/index.php\/wp-json\/wp\/v2\/posts"}],"about":[{"href":"https:\/\/arealorcaradio.es\/index.php\/wp-json\/wp\/v2\/types\/post"}],"author":[{"embeddable":true,"href":"https:\/\/arealorcaradio.es\/index.php\/wp-json\/wp\/v2\/users\/1"}],"replies":[{"embeddable":true,"href":"https:\/\/arealorcaradio.es\/index.php\/wp-json\/wp\/v2\/comments?post=3949"}],"version-history":[{"count":1,"href":"https:\/\/arealorcaradio.es\/index.php\/wp-json\/wp\/v2\/posts\/3949\/revisions"}],"predecessor-version":[{"id":3951,"href":"https:\/\/arealorcaradio.es\/index.php\/wp-json\/wp\/v2\/posts\/3949\/revisions\/3951"}],"wp:featuredmedia":[{"embeddable":true,"href":"https:\/\/arealorcaradio.es\/index.php\/wp-json\/wp\/v2\/media\/3950"}],"wp:attachment":[{"href":"https:\/\/arealorcaradio.es\/index.php\/wp-json\/wp\/v2\/media?parent=3949"}],"wp:term":[{"taxonomy":"category","embeddable":true,"href":"https:\/\/arealorcaradio.es\/index.php\/wp-json\/wp\/v2\/categories?post=3949"},{"taxonomy":"post_tag","embeddable":true,"href":"https:\/\/arealorcaradio.es\/index.php\/wp-json\/wp\/v2\/tags?post=3949"}],"curies":[{"name":"wp","href":"https:\/\/api.w.org\/{rel}","templated":true}]}}