{"id":3944,"date":"2024-08-06T11:19:35","date_gmt":"2024-08-06T11:19:35","guid":{"rendered":"https:\/\/arealorcaradio.es\/?p=3944"},"modified":"2024-08-06T11:19:35","modified_gmt":"2024-08-06T11:19:35","slug":"depol-baron-rojo-isabel-aaiun-abraham-mateo-y-lucrecia-en-la-feria-y-fiestas-de-septiembre-de-lorca","status":"publish","type":"post","link":"https:\/\/arealorcaradio.es\/index.php\/2024\/08\/06\/depol-baron-rojo-isabel-aaiun-abraham-mateo-y-lucrecia-en-la-feria-y-fiestas-de-septiembre-de-lorca\/","title":{"rendered":"DePol, Bar\u00f3n Rojo, Isabel Aai\u00fan, Abraham Mateo y Lucrecia, en la Feria y Fiestas de septiembre de Lorca"},"content":{"rendered":"<p>\u00c1REA LORCA RADIO.<\/p>\n<p class=\"v1MsoNormal\"><b>6 de agosto de 2024<\/b>. Los carteles de la Feria y Fiestas de septiembre est\u00e1n pr\u00e1cticamente configurados, aunque en los pr\u00f3ximos d\u00edas podr\u00edan producirse incorporaciones de \u00faltima hora en las que se sigue trabajando. Depol, Bar\u00f3n Rojo, Isabel Aai\u00fan, Abraham y Lucrecia, ofrecer\u00e1n los principales conciertos que tendr\u00e1n como escenario el Huerto de la Rueda, plazas del casco antiguo de la ciudad y el Coso de Sutullena, como ha afirmado este martes la edil de Festejos, Mar\u00eda de las Huertas Garc\u00eda P\u00e9rez.<\/p>\n<p class=\"v1MsoNormal\">Lo ha hecho desde el ruedo del Coso de Sutullena a donde volver\u00e1n los conciertos despu\u00e9s de catorce a\u00f1os sin poder acoger los espect\u00e1culos de la Feria de septiembre. \u00abEl programa incluye m\u00e1s de 40 conciertos, a los que hay que sumar medio centenar de actividades y acontecimientos. Pero, todav\u00eda, podr\u00eda sumarse alg\u00fan artista de primer nivel del que esperamos ofrecer m\u00e1s detalles en breves fechas\u00bb, ha explicado la edil de Festejos.<\/p>\n<p class=\"v1MsoNormal\">Ser\u00e1n, ha dicho, \u00abdiez d\u00edas de feria con m\u00e1s de cien horas de m\u00fasica, baile y gastronom\u00eda para no parar. Conciertos y espect\u00e1culos dise\u00f1ados especialmente para todas las franjas de edad y procurando que est\u00e9n representados todos los estilos de m\u00fasica\u00bb.<\/p>\n<p class=\"v1MsoNormal\">La Feria y Fiestas de septiembre arrancar\u00e1 con el concierto de DePol. \u00abSalt\u00f3 a la fama gracias a su participaci\u00f3n en &#8216;Got Talent&#8217;, llegando a la semifinal. Cuenta con un talento innato. Es una bocanada de aire fresco que el panorama musical necesitaba. Las letras, m\u00fasica e historias que escribe est\u00e1n cargadas de personalidad, lo que provoca que el p\u00fablico conecte con \u00e9l y quede atrapado en sus canciones desde la primera nota\u00bb, ha contado Garc\u00eda P\u00e9rez.<\/p>\n<p class=\"v1MsoNormal\">DePol actuar\u00e1 tras la inauguraci\u00f3n de la Feria. \u00abLo har\u00e1 poco despu\u00e9s del encendido oficial, en la carpa del Huerto de la Rueda, en un concierto que ser\u00e1 gratuito\u00bb, ha a\u00f1adido, para destacar que, al d\u00eda siguiente, en la Plaza de Espa\u00f1a, ser\u00e1 la actuaci\u00f3n de &#8216;Para siempre&#8217;, tributo a H\u00e9roes del Silencio. El domingo, 22 de septiembre, tambi\u00e9n en el Huerto de la Rueda, actuar\u00e1 &#8216;La Cruz del mapa&#8217;, tributo a Manuel Carrasco.<\/p>\n<p class=\"v1MsoNormal\">El martes, 24 de septiembre, &#8216;Pen\u00faltimo tributo&#8217;, dedicado a Manolo Garc\u00eda. Y el mi\u00e9rcoles, 25 de septiembre, la cantante Lucrecia preestrena en Lorca su espect\u00e1culo &#8216;Besitos de Chocolate&#8217;. \u00abEsta cubana, afincada en nuestro pa\u00eds desde hace m\u00e1s de tres d\u00e9cadas, que ha colaborado con Celia Cruz, Chavela Vargas, Manzanita y Lu\u00eds Llach, entre otros, es archiconocida por todos, pero sobre todo por los m\u00e1s peque\u00f1os, porque es presentadora del programa infantil &#8216;Los Lunnis&#8217;. Hac\u00eda su primera incursi\u00f3n en el mundo de la literatura con &#8216;Besitos de Chocolate&#8217;, espect\u00e1culo que ahora se preestrenar\u00e1 a nivel nacional en Lorca. A partir de entonces, recorrer\u00e1 distintos escenarios de nuestro pa\u00eds\u00bb, ha explicado la edil de Festejos.<\/p>\n<p class=\"v1MsoNormal\">Ese d\u00eda, pero por la noche, el Huerto de la Rueda ser\u00e1 &#8216;tomado&#8217; por Bar\u00f3n Rojo, Ekzilo, XDecidir, Anhedonia y Alto Voltaje, Tributo a AC\/DC. \u00abBar\u00f3n Rojo es conocido por todos. Es el grupo espa\u00f1ol de heavy metal y hard rock (rock duro) por excelencia. Este grupo jug\u00f3 un papel muy importante en la consolidaci\u00f3n del heavy metal espa\u00f1ol. Desde la publicaci\u00f3n de su primer \u00e1lbum, &#8216;Larga vida al rock and roll&#8217;, en 1981, han grabado una veintena de discos y no han parado de ofrecer conciertos por toda Europa y Am\u00e9rica. Fueron incluidos en la lista de las &#8217;50 mejores bandas de rock espa\u00f1olas&#8217; de la revista Rolling Stone\u00bb, ha significado.<\/p>\n<p class=\"v1MsoNormal\">\u00a0Junto a Bar\u00f3n Rojo actuar\u00e1 la banda lorquina Ekzilo, de la que la edil de Festejos ha recordado que \u00abse trata de un grupo de rock progresivo que en pleno confinamiento public\u00f3 su primer disco, logrando convertirse en uno de los mejores discos progresivos del a\u00f1o. Y sonando en pa\u00edses como Jap\u00f3n, Hungr\u00eda o Estados Unidos\u00bb. Anhedonia, la banda almeriense de metalcore \u00abofrecer\u00e1 temas con influencias que van desde el death metal mel\u00f3dico o el metalcore, hasta el nu metal e incluso referencias de bandas y compositores de metal industrial\u00bb. Y Alto Voltaje, tributo AC\/DC, \u00abel tributo m\u00e1s aut\u00e9ntico a la banda de rock m\u00e1s grande del mundo\u00bb, ha a\u00f1adido.<\/p>\n<p class=\"v1MsoNormal\">Una apuesta casi personal de la edil de Festejos ha sido Isabel Aai\u00fan, que ofrecer\u00e1 su concierto en el Recinto Ferial del Huerto de la Rueda el jueves, 26 de septiembre. \u00abRecuerdo que o\u00ed &#8216;Potra salvaje&#8217; mucho antes del verano. Fue durante un fin de semana y cuando llegu\u00e9 el lunes a la Concejal\u00eda dije que la llamaran de inmediato, que la quer\u00eda para la feria. Me son\u00f3 bien y no ten\u00eda dudas que iba a ser la canci\u00f3n del verano, pero reconozco que estoy sorprendida de la respuesta que ha tenido en la Eurocopa, la Olimpiada&#8230; el tema suena en todos lados. Creo que es algo nunca antes visto. Y en Lorca vamos a poder disfrutar de ella y de su &#8216;Potra salvaje&#8217; con entrada gratuita en el escenario del recinto ferial\u00bb, ha compartido la edil de Festejos.<\/p>\n<p class=\"v1MsoNormal\">Garc\u00eda P\u00e9rez ha destacado la importancia de recuperar el Coso de Sutullena despu\u00e9s de catorce a\u00f1os de cierre obligado. \u00abLos conciertos de la Feria de septiembre en la Plaza de Toros era un cl\u00e1sico. Los ech\u00e1bamos de menos, pero retomamos la programaci\u00f3n en este espacio multicultural. All\u00ed actuar\u00e1 Lucrecia, pero tambi\u00e9n lo har\u00e1 Abraham Mateo. \u00abEl gaditano, compositor, productor y actor, a pesar de su juventud ha publicado siete \u00e1lbumes. Es conocido en Espa\u00f1a, Latinoam\u00e9rica y Estados Unidos por temas como &#8216;Loco enamorado&#8217;, &#8216;\u00bfQu\u00e9 ha pasado?&#8217;, y &#8216;Clavaito&#8217;. Ha grabado canciones para pel\u00edculas y series de animaci\u00f3n y ha participado como actor en pel\u00edculas y series en Espa\u00f1a y Portugal. Y ha colaborado en grabaciones de estudio y actuaciones en vivo con Jennifer L\u00f3pez, Luis Fonsi, Mal\u00fa y Alejandro Sanz\u00bb.<\/p>\n<p class=\"v1MsoNormal\">Las entradas para el concierto de Abraham Mateo, que costar\u00e1n 10 euros, se han puesto a la venta este martes en Bacantix. \u00abA partir del lunes, 26 de agosto, se podr\u00e1n adquirir tambi\u00e9n en las taquillas del Teatro Guerra, en su horario habitual. Animo a todos a comprarlas lo antes posible para no quedarse sin ellas\u00bb, ha recomendado Mar\u00eda de las Huertas Garc\u00eda.<\/p>\n<p class=\"v1MsoNormal\">\u00a0El s\u00e1bado, 21 de septiembre, volver\u00e1 \u2013ha indicado la edil de Festejos- la Sesi\u00f3n DJ 40 Principales. \u00abLos 40 Sessions estar\u00e1n en el Huerto de la Rueda. Un fiest\u00f3n con la m\u00fasica que pinchar\u00e1n tres de los disc-jockeys que cada d\u00eda presentan LOS40 a nivel nacional. En cabina se ir\u00e1n turnando, durante m\u00e1s de cinco horas, David \u00c1lvarez, Jos\u00e9 M Duro y Rams\u00e9s L\u00f3pez &#8216;El Fara\u00f3n&#8217;. Los asistentes ser\u00e1n testigos de algunas sorpresas y podr\u00e1n llevarse a casa alg\u00fan regalo, adem\u00e1s de disfrutar de la mejor m\u00fasica de &#8216;La radio de los \u00e9xitos'\u00bb.<\/p>\n<p class=\"v1MsoNormal\">Ha agradecido la colaboraci\u00f3n de la Comunidad Aut\u00f3noma de la Regi\u00f3n de Murcia, Lorca lo Bordamos, 1001 Sabores, Lorca taller del tiempo, Aguas de Lorca, Limusa, Parque Almenara, Asociaci\u00f3n de Feriantes de Lorca, Asociaci\u00f3n Madre M\u00eda, Hostelor, AIA, Coros y Danzas de Lorca y Erik agentes inmobiliarios, adem\u00e1s de la mayor parte de las concejal\u00edas del Ayuntamiento de Lorca.<\/p>\n<p class=\"v1MsoNormal\">Por \u00faltimo, ha insistido, la feria est\u00e1 \u00abpensada para todos. Abarcando todos los tramos de edad\u00bb. Y ha querido hacer hincapi\u00e9 en el esfuerzo de los funcionarios de la Concejal\u00eda de Festejos. \u00abAlgunas negociaciones han sido bastante complicadas, porque nuestra feria est\u00e1 pr\u00e1cticamente fuera de calendario. La mayor parte de las giras han terminado y a\u00fan no han comenzado las de invierno y los artistas est\u00e1n muy cansados. El cach\u00e9 tambi\u00e9n se ha incrementado m\u00e1s de un 40 por ciento, por lo que el esfuerzo econ\u00f3mico tambi\u00e9n ha sido muy importante\u00bb.<\/p>\n","protected":false},"excerpt":{"rendered":"<p>\u00c1REA LORCA RADIO. 6 de agosto de 2024. Los carteles de la Feria y Fiestas de septiembre est\u00e1n pr\u00e1cticamente configurados, aunque en los pr\u00f3ximos d\u00edas podr\u00edan producirse incorporaciones de \u00faltima hora en las que se sigue trabajando. Depol, Bar\u00f3n Rojo, Isabel Aai\u00fan, Abraham y Lucrecia, ofrecer\u00e1n los principales conciertos que tendr\u00e1n como escenario el Huerto [&hellip;]<\/p>\n","protected":false},"author":1,"featured_media":3945,"comment_status":"open","ping_status":"open","sticky":false,"template":"","format":"standard","meta":{"iawp_total_views":25,"footnotes":""},"categories":[5,7],"tags":[],"class_list":["post-3944","post","type-post","status-publish","format-standard","has-post-thumbnail","hentry","category-actualidad","category-lorca"],"yoast_head":"<!-- This site is optimized with the Yoast SEO plugin v27.5 - https:\/\/yoast.com\/product\/yoast-seo-wordpress\/ -->\n<title>DePol, Bar\u00f3n Rojo, Isabel Aai\u00fan, Abraham Mateo y Lucrecia, en la Feria y Fiestas de septiembre de Lorca - AREA LORCA RADIO<\/title>\n<meta name=\"robots\" content=\"index, follow, max-snippet:-1, max-image-preview:large, max-video-preview:-1\" \/>\n<link rel=\"canonical\" href=\"https:\/\/arealorcaradio.es\/index.php\/2024\/08\/06\/depol-baron-rojo-isabel-aaiun-abraham-mateo-y-lucrecia-en-la-feria-y-fiestas-de-septiembre-de-lorca\/\" \/>\n<meta property=\"og:locale\" content=\"es_ES\" \/>\n<meta property=\"og:type\" content=\"article\" \/>\n<meta property=\"og:title\" content=\"DePol, Bar\u00f3n Rojo, Isabel Aai\u00fan, Abraham Mateo y Lucrecia, en la Feria y Fiestas de septiembre de Lorca - AREA LORCA RADIO\" \/>\n<meta property=\"og:description\" content=\"\u00c1REA LORCA RADIO. 6 de agosto de 2024. Los carteles de la Feria y Fiestas de septiembre est\u00e1n pr\u00e1cticamente configurados, aunque en los pr\u00f3ximos d\u00edas podr\u00edan producirse incorporaciones de \u00faltima hora en las que se sigue trabajando. Depol, Bar\u00f3n Rojo, Isabel Aai\u00fan, Abraham y Lucrecia, ofrecer\u00e1n los principales conciertos que tendr\u00e1n como escenario el Huerto [&hellip;]\" \/>\n<meta property=\"og:url\" content=\"https:\/\/arealorcaradio.es\/index.php\/2024\/08\/06\/depol-baron-rojo-isabel-aaiun-abraham-mateo-y-lucrecia-en-la-feria-y-fiestas-de-septiembre-de-lorca\/\" \/>\n<meta property=\"og:site_name\" content=\"AREA LORCA RADIO\" \/>\n<meta property=\"article:published_time\" content=\"2024-08-06T11:19:35+00:00\" \/>\n<meta property=\"og:image\" content=\"https:\/\/arealorcaradio.es\/wp-content\/uploads\/2024\/08\/Imagen-Presentacion-Conciertos-Feria03.jpeg\" \/>\n\t<meta property=\"og:image:width\" content=\"1600\" \/>\n\t<meta property=\"og:image:height\" content=\"1066\" \/>\n\t<meta property=\"og:image:type\" content=\"image\/jpeg\" \/>\n<meta name=\"author\" content=\"Paco S\u00e1nchez\" \/>\n<meta name=\"twitter:card\" content=\"summary_large_image\" \/>\n<meta name=\"twitter:label1\" content=\"Escrito por\" \/>\n\t<meta name=\"twitter:data1\" content=\"Paco S\u00e1nchez\" \/>\n\t<meta name=\"twitter:label2\" content=\"Tiempo de lectura\" \/>\n\t<meta name=\"twitter:data2\" content=\"6 minutos\" \/>\n<script type=\"application\/ld+json\" class=\"yoast-schema-graph\">{\"@context\":\"https:\\\/\\\/schema.org\",\"@graph\":[{\"@type\":\"Article\",\"@id\":\"https:\\\/\\\/arealorcaradio.es\\\/index.php\\\/2024\\\/08\\\/06\\\/depol-baron-rojo-isabel-aaiun-abraham-mateo-y-lucrecia-en-la-feria-y-fiestas-de-septiembre-de-lorca\\\/#article\",\"isPartOf\":{\"@id\":\"https:\\\/\\\/arealorcaradio.es\\\/index.php\\\/2024\\\/08\\\/06\\\/depol-baron-rojo-isabel-aaiun-abraham-mateo-y-lucrecia-en-la-feria-y-fiestas-de-septiembre-de-lorca\\\/\"},\"author\":{\"name\":\"Paco S\u00e1nchez\",\"@id\":\"https:\\\/\\\/arealorcaradio.es\\\/#\\\/schema\\\/person\\\/9fae605fc25b0f2c83c1ab207139bd27\"},\"headline\":\"DePol, Bar\u00f3n Rojo, Isabel Aai\u00fan, Abraham Mateo y Lucrecia, en la Feria y Fiestas de septiembre de Lorca\",\"datePublished\":\"2024-08-06T11:19:35+00:00\",\"mainEntityOfPage\":{\"@id\":\"https:\\\/\\\/arealorcaradio.es\\\/index.php\\\/2024\\\/08\\\/06\\\/depol-baron-rojo-isabel-aaiun-abraham-mateo-y-lucrecia-en-la-feria-y-fiestas-de-septiembre-de-lorca\\\/\"},\"wordCount\":1400,\"commentCount\":0,\"image\":{\"@id\":\"https:\\\/\\\/arealorcaradio.es\\\/index.php\\\/2024\\\/08\\\/06\\\/depol-baron-rojo-isabel-aaiun-abraham-mateo-y-lucrecia-en-la-feria-y-fiestas-de-septiembre-de-lorca\\\/#primaryimage\"},\"thumbnailUrl\":\"https:\\\/\\\/arealorcaradio.es\\\/wp-content\\\/uploads\\\/2024\\\/08\\\/Imagen-Presentacion-Conciertos-Feria03.jpeg\",\"articleSection\":[\"ACTUALIDAD\",\"LORCA\"],\"inLanguage\":\"es\",\"potentialAction\":[{\"@type\":\"CommentAction\",\"name\":\"Comment\",\"target\":[\"https:\\\/\\\/arealorcaradio.es\\\/index.php\\\/2024\\\/08\\\/06\\\/depol-baron-rojo-isabel-aaiun-abraham-mateo-y-lucrecia-en-la-feria-y-fiestas-de-septiembre-de-lorca\\\/#respond\"]}]},{\"@type\":\"WebPage\",\"@id\":\"https:\\\/\\\/arealorcaradio.es\\\/index.php\\\/2024\\\/08\\\/06\\\/depol-baron-rojo-isabel-aaiun-abraham-mateo-y-lucrecia-en-la-feria-y-fiestas-de-septiembre-de-lorca\\\/\",\"url\":\"https:\\\/\\\/arealorcaradio.es\\\/index.php\\\/2024\\\/08\\\/06\\\/depol-baron-rojo-isabel-aaiun-abraham-mateo-y-lucrecia-en-la-feria-y-fiestas-de-septiembre-de-lorca\\\/\",\"name\":\"DePol, Bar\u00f3n Rojo, Isabel Aai\u00fan, Abraham Mateo y Lucrecia, en la Feria y Fiestas de septiembre de Lorca - AREA LORCA RADIO\",\"isPartOf\":{\"@id\":\"https:\\\/\\\/arealorcaradio.es\\\/#website\"},\"primaryImageOfPage\":{\"@id\":\"https:\\\/\\\/arealorcaradio.es\\\/index.php\\\/2024\\\/08\\\/06\\\/depol-baron-rojo-isabel-aaiun-abraham-mateo-y-lucrecia-en-la-feria-y-fiestas-de-septiembre-de-lorca\\\/#primaryimage\"},\"image\":{\"@id\":\"https:\\\/\\\/arealorcaradio.es\\\/index.php\\\/2024\\\/08\\\/06\\\/depol-baron-rojo-isabel-aaiun-abraham-mateo-y-lucrecia-en-la-feria-y-fiestas-de-septiembre-de-lorca\\\/#primaryimage\"},\"thumbnailUrl\":\"https:\\\/\\\/arealorcaradio.es\\\/wp-content\\\/uploads\\\/2024\\\/08\\\/Imagen-Presentacion-Conciertos-Feria03.jpeg\",\"datePublished\":\"2024-08-06T11:19:35+00:00\",\"author\":{\"@id\":\"https:\\\/\\\/arealorcaradio.es\\\/#\\\/schema\\\/person\\\/9fae605fc25b0f2c83c1ab207139bd27\"},\"breadcrumb\":{\"@id\":\"https:\\\/\\\/arealorcaradio.es\\\/index.php\\\/2024\\\/08\\\/06\\\/depol-baron-rojo-isabel-aaiun-abraham-mateo-y-lucrecia-en-la-feria-y-fiestas-de-septiembre-de-lorca\\\/#breadcrumb\"},\"inLanguage\":\"es\",\"potentialAction\":[{\"@type\":\"ReadAction\",\"target\":[\"https:\\\/\\\/arealorcaradio.es\\\/index.php\\\/2024\\\/08\\\/06\\\/depol-baron-rojo-isabel-aaiun-abraham-mateo-y-lucrecia-en-la-feria-y-fiestas-de-septiembre-de-lorca\\\/\"]}]},{\"@type\":\"ImageObject\",\"inLanguage\":\"es\",\"@id\":\"https:\\\/\\\/arealorcaradio.es\\\/index.php\\\/2024\\\/08\\\/06\\\/depol-baron-rojo-isabel-aaiun-abraham-mateo-y-lucrecia-en-la-feria-y-fiestas-de-septiembre-de-lorca\\\/#primaryimage\",\"url\":\"https:\\\/\\\/arealorcaradio.es\\\/wp-content\\\/uploads\\\/2024\\\/08\\\/Imagen-Presentacion-Conciertos-Feria03.jpeg\",\"contentUrl\":\"https:\\\/\\\/arealorcaradio.es\\\/wp-content\\\/uploads\\\/2024\\\/08\\\/Imagen-Presentacion-Conciertos-Feria03.jpeg\",\"width\":1600,\"height\":1066},{\"@type\":\"BreadcrumbList\",\"@id\":\"https:\\\/\\\/arealorcaradio.es\\\/index.php\\\/2024\\\/08\\\/06\\\/depol-baron-rojo-isabel-aaiun-abraham-mateo-y-lucrecia-en-la-feria-y-fiestas-de-septiembre-de-lorca\\\/#breadcrumb\",\"itemListElement\":[{\"@type\":\"ListItem\",\"position\":1,\"name\":\"Portada\",\"item\":\"https:\\\/\\\/arealorcaradio.es\\\/\"},{\"@type\":\"ListItem\",\"position\":2,\"name\":\"DePol, Bar\u00f3n Rojo, Isabel Aai\u00fan, Abraham Mateo y Lucrecia, en la Feria y Fiestas de septiembre de Lorca\"}]},{\"@type\":\"WebSite\",\"@id\":\"https:\\\/\\\/arealorcaradio.es\\\/#website\",\"url\":\"https:\\\/\\\/arealorcaradio.es\\\/\",\"name\":\"AREA LORCA RADIO\",\"description\":\"Descubre la programaci\u00f3n actual en \u00c1rea Lorca Radio, tu fuente de entrenamiento y noticias locales. Sintoniza ahora y mantente conectado online.\",\"potentialAction\":[{\"@type\":\"SearchAction\",\"target\":{\"@type\":\"EntryPoint\",\"urlTemplate\":\"https:\\\/\\\/arealorcaradio.es\\\/?s={search_term_string}\"},\"query-input\":{\"@type\":\"PropertyValueSpecification\",\"valueRequired\":true,\"valueName\":\"search_term_string\"}}],\"inLanguage\":\"es\"},{\"@type\":\"Person\",\"@id\":\"https:\\\/\\\/arealorcaradio.es\\\/#\\\/schema\\\/person\\\/9fae605fc25b0f2c83c1ab207139bd27\",\"name\":\"Paco S\u00e1nchez\",\"image\":{\"@type\":\"ImageObject\",\"inLanguage\":\"es\",\"@id\":\"https:\\\/\\\/secure.gravatar.com\\\/avatar\\\/d67144e966420fb74aa84c9f2a0103be4724fd14db52b52d3b6bca749f257e79?s=96&d=mm&r=g\",\"url\":\"https:\\\/\\\/secure.gravatar.com\\\/avatar\\\/d67144e966420fb74aa84c9f2a0103be4724fd14db52b52d3b6bca749f257e79?s=96&d=mm&r=g\",\"contentUrl\":\"https:\\\/\\\/secure.gravatar.com\\\/avatar\\\/d67144e966420fb74aa84c9f2a0103be4724fd14db52b52d3b6bca749f257e79?s=96&d=mm&r=g\",\"caption\":\"Paco S\u00e1nchez\"},\"sameAs\":[\"https:\\\/\\\/arealorcaradio.es\"],\"url\":\"https:\\\/\\\/arealorcaradio.es\\\/index.php\\\/author\\\/admin_alorcaradio\\\/\"}]}<\/script>\n<!-- \/ Yoast SEO plugin. -->","yoast_head_json":{"title":"DePol, Bar\u00f3n Rojo, Isabel Aai\u00fan, Abraham Mateo y Lucrecia, en la Feria y Fiestas de septiembre de Lorca - AREA LORCA RADIO","robots":{"index":"index","follow":"follow","max-snippet":"max-snippet:-1","max-image-preview":"max-image-preview:large","max-video-preview":"max-video-preview:-1"},"canonical":"https:\/\/arealorcaradio.es\/index.php\/2024\/08\/06\/depol-baron-rojo-isabel-aaiun-abraham-mateo-y-lucrecia-en-la-feria-y-fiestas-de-septiembre-de-lorca\/","og_locale":"es_ES","og_type":"article","og_title":"DePol, Bar\u00f3n Rojo, Isabel Aai\u00fan, Abraham Mateo y Lucrecia, en la Feria y Fiestas de septiembre de Lorca - AREA LORCA RADIO","og_description":"\u00c1REA LORCA RADIO. 6 de agosto de 2024. Los carteles de la Feria y Fiestas de septiembre est\u00e1n pr\u00e1cticamente configurados, aunque en los pr\u00f3ximos d\u00edas podr\u00edan producirse incorporaciones de \u00faltima hora en las que se sigue trabajando. Depol, Bar\u00f3n Rojo, Isabel Aai\u00fan, Abraham y Lucrecia, ofrecer\u00e1n los principales conciertos que tendr\u00e1n como escenario el Huerto [&hellip;]","og_url":"https:\/\/arealorcaradio.es\/index.php\/2024\/08\/06\/depol-baron-rojo-isabel-aaiun-abraham-mateo-y-lucrecia-en-la-feria-y-fiestas-de-septiembre-de-lorca\/","og_site_name":"AREA LORCA RADIO","article_published_time":"2024-08-06T11:19:35+00:00","og_image":[{"width":1600,"height":1066,"url":"https:\/\/arealorcaradio.es\/wp-content\/uploads\/2024\/08\/Imagen-Presentacion-Conciertos-Feria03.jpeg","type":"image\/jpeg"}],"author":"Paco S\u00e1nchez","twitter_card":"summary_large_image","twitter_misc":{"Escrito por":"Paco S\u00e1nchez","Tiempo de lectura":"6 minutos"},"schema":{"@context":"https:\/\/schema.org","@graph":[{"@type":"Article","@id":"https:\/\/arealorcaradio.es\/index.php\/2024\/08\/06\/depol-baron-rojo-isabel-aaiun-abraham-mateo-y-lucrecia-en-la-feria-y-fiestas-de-septiembre-de-lorca\/#article","isPartOf":{"@id":"https:\/\/arealorcaradio.es\/index.php\/2024\/08\/06\/depol-baron-rojo-isabel-aaiun-abraham-mateo-y-lucrecia-en-la-feria-y-fiestas-de-septiembre-de-lorca\/"},"author":{"name":"Paco S\u00e1nchez","@id":"https:\/\/arealorcaradio.es\/#\/schema\/person\/9fae605fc25b0f2c83c1ab207139bd27"},"headline":"DePol, Bar\u00f3n Rojo, Isabel Aai\u00fan, Abraham Mateo y Lucrecia, en la Feria y Fiestas de septiembre de Lorca","datePublished":"2024-08-06T11:19:35+00:00","mainEntityOfPage":{"@id":"https:\/\/arealorcaradio.es\/index.php\/2024\/08\/06\/depol-baron-rojo-isabel-aaiun-abraham-mateo-y-lucrecia-en-la-feria-y-fiestas-de-septiembre-de-lorca\/"},"wordCount":1400,"commentCount":0,"image":{"@id":"https:\/\/arealorcaradio.es\/index.php\/2024\/08\/06\/depol-baron-rojo-isabel-aaiun-abraham-mateo-y-lucrecia-en-la-feria-y-fiestas-de-septiembre-de-lorca\/#primaryimage"},"thumbnailUrl":"https:\/\/arealorcaradio.es\/wp-content\/uploads\/2024\/08\/Imagen-Presentacion-Conciertos-Feria03.jpeg","articleSection":["ACTUALIDAD","LORCA"],"inLanguage":"es","potentialAction":[{"@type":"CommentAction","name":"Comment","target":["https:\/\/arealorcaradio.es\/index.php\/2024\/08\/06\/depol-baron-rojo-isabel-aaiun-abraham-mateo-y-lucrecia-en-la-feria-y-fiestas-de-septiembre-de-lorca\/#respond"]}]},{"@type":"WebPage","@id":"https:\/\/arealorcaradio.es\/index.php\/2024\/08\/06\/depol-baron-rojo-isabel-aaiun-abraham-mateo-y-lucrecia-en-la-feria-y-fiestas-de-septiembre-de-lorca\/","url":"https:\/\/arealorcaradio.es\/index.php\/2024\/08\/06\/depol-baron-rojo-isabel-aaiun-abraham-mateo-y-lucrecia-en-la-feria-y-fiestas-de-septiembre-de-lorca\/","name":"DePol, Bar\u00f3n Rojo, Isabel Aai\u00fan, Abraham Mateo y Lucrecia, en la Feria y Fiestas de septiembre de Lorca - AREA LORCA RADIO","isPartOf":{"@id":"https:\/\/arealorcaradio.es\/#website"},"primaryImageOfPage":{"@id":"https:\/\/arealorcaradio.es\/index.php\/2024\/08\/06\/depol-baron-rojo-isabel-aaiun-abraham-mateo-y-lucrecia-en-la-feria-y-fiestas-de-septiembre-de-lorca\/#primaryimage"},"image":{"@id":"https:\/\/arealorcaradio.es\/index.php\/2024\/08\/06\/depol-baron-rojo-isabel-aaiun-abraham-mateo-y-lucrecia-en-la-feria-y-fiestas-de-septiembre-de-lorca\/#primaryimage"},"thumbnailUrl":"https:\/\/arealorcaradio.es\/wp-content\/uploads\/2024\/08\/Imagen-Presentacion-Conciertos-Feria03.jpeg","datePublished":"2024-08-06T11:19:35+00:00","author":{"@id":"https:\/\/arealorcaradio.es\/#\/schema\/person\/9fae605fc25b0f2c83c1ab207139bd27"},"breadcrumb":{"@id":"https:\/\/arealorcaradio.es\/index.php\/2024\/08\/06\/depol-baron-rojo-isabel-aaiun-abraham-mateo-y-lucrecia-en-la-feria-y-fiestas-de-septiembre-de-lorca\/#breadcrumb"},"inLanguage":"es","potentialAction":[{"@type":"ReadAction","target":["https:\/\/arealorcaradio.es\/index.php\/2024\/08\/06\/depol-baron-rojo-isabel-aaiun-abraham-mateo-y-lucrecia-en-la-feria-y-fiestas-de-septiembre-de-lorca\/"]}]},{"@type":"ImageObject","inLanguage":"es","@id":"https:\/\/arealorcaradio.es\/index.php\/2024\/08\/06\/depol-baron-rojo-isabel-aaiun-abraham-mateo-y-lucrecia-en-la-feria-y-fiestas-de-septiembre-de-lorca\/#primaryimage","url":"https:\/\/arealorcaradio.es\/wp-content\/uploads\/2024\/08\/Imagen-Presentacion-Conciertos-Feria03.jpeg","contentUrl":"https:\/\/arealorcaradio.es\/wp-content\/uploads\/2024\/08\/Imagen-Presentacion-Conciertos-Feria03.jpeg","width":1600,"height":1066},{"@type":"BreadcrumbList","@id":"https:\/\/arealorcaradio.es\/index.php\/2024\/08\/06\/depol-baron-rojo-isabel-aaiun-abraham-mateo-y-lucrecia-en-la-feria-y-fiestas-de-septiembre-de-lorca\/#breadcrumb","itemListElement":[{"@type":"ListItem","position":1,"name":"Portada","item":"https:\/\/arealorcaradio.es\/"},{"@type":"ListItem","position":2,"name":"DePol, Bar\u00f3n Rojo, Isabel Aai\u00fan, Abraham Mateo y Lucrecia, en la Feria y Fiestas de septiembre de Lorca"}]},{"@type":"WebSite","@id":"https:\/\/arealorcaradio.es\/#website","url":"https:\/\/arealorcaradio.es\/","name":"AREA LORCA RADIO","description":"Descubre la programaci\u00f3n actual en \u00c1rea Lorca Radio, tu fuente de entrenamiento y noticias locales. Sintoniza ahora y mantente conectado online.","potentialAction":[{"@type":"SearchAction","target":{"@type":"EntryPoint","urlTemplate":"https:\/\/arealorcaradio.es\/?s={search_term_string}"},"query-input":{"@type":"PropertyValueSpecification","valueRequired":true,"valueName":"search_term_string"}}],"inLanguage":"es"},{"@type":"Person","@id":"https:\/\/arealorcaradio.es\/#\/schema\/person\/9fae605fc25b0f2c83c1ab207139bd27","name":"Paco S\u00e1nchez","image":{"@type":"ImageObject","inLanguage":"es","@id":"https:\/\/secure.gravatar.com\/avatar\/d67144e966420fb74aa84c9f2a0103be4724fd14db52b52d3b6bca749f257e79?s=96&d=mm&r=g","url":"https:\/\/secure.gravatar.com\/avatar\/d67144e966420fb74aa84c9f2a0103be4724fd14db52b52d3b6bca749f257e79?s=96&d=mm&r=g","contentUrl":"https:\/\/secure.gravatar.com\/avatar\/d67144e966420fb74aa84c9f2a0103be4724fd14db52b52d3b6bca749f257e79?s=96&d=mm&r=g","caption":"Paco S\u00e1nchez"},"sameAs":["https:\/\/arealorcaradio.es"],"url":"https:\/\/arealorcaradio.es\/index.php\/author\/admin_alorcaradio\/"}]}},"_links":{"self":[{"href":"https:\/\/arealorcaradio.es\/index.php\/wp-json\/wp\/v2\/posts\/3944","targetHints":{"allow":["GET"]}}],"collection":[{"href":"https:\/\/arealorcaradio.es\/index.php\/wp-json\/wp\/v2\/posts"}],"about":[{"href":"https:\/\/arealorcaradio.es\/index.php\/wp-json\/wp\/v2\/types\/post"}],"author":[{"embeddable":true,"href":"https:\/\/arealorcaradio.es\/index.php\/wp-json\/wp\/v2\/users\/1"}],"replies":[{"embeddable":true,"href":"https:\/\/arealorcaradio.es\/index.php\/wp-json\/wp\/v2\/comments?post=3944"}],"version-history":[{"count":2,"href":"https:\/\/arealorcaradio.es\/index.php\/wp-json\/wp\/v2\/posts\/3944\/revisions"}],"predecessor-version":[{"id":3947,"href":"https:\/\/arealorcaradio.es\/index.php\/wp-json\/wp\/v2\/posts\/3944\/revisions\/3947"}],"wp:featuredmedia":[{"embeddable":true,"href":"https:\/\/arealorcaradio.es\/index.php\/wp-json\/wp\/v2\/media\/3945"}],"wp:attachment":[{"href":"https:\/\/arealorcaradio.es\/index.php\/wp-json\/wp\/v2\/media?parent=3944"}],"wp:term":[{"taxonomy":"category","embeddable":true,"href":"https:\/\/arealorcaradio.es\/index.php\/wp-json\/wp\/v2\/categories?post=3944"},{"taxonomy":"post_tag","embeddable":true,"href":"https:\/\/arealorcaradio.es\/index.php\/wp-json\/wp\/v2\/tags?post=3944"}],"curies":[{"name":"wp","href":"https:\/\/api.w.org\/{rel}","templated":true}]}}