{"id":3924,"date":"2024-08-02T15:30:25","date_gmt":"2024-08-02T15:30:25","guid":{"rendered":"https:\/\/arealorcaradio.es\/?p=3924"},"modified":"2024-08-02T15:30:25","modified_gmt":"2024-08-02T15:30:25","slug":"area-lorca-radio-realiza-su-cuarta-edicion-del-programa-magazine-desde-la-plaza-de-espana-de-aguilas","status":"publish","type":"post","link":"https:\/\/arealorcaradio.es\/index.php\/2024\/08\/02\/area-lorca-radio-realiza-su-cuarta-edicion-del-programa-magazine-desde-la-plaza-de-espana-de-aguilas\/","title":{"rendered":"\u00c1rea Lorca Radio realiza su cuarta edici\u00f3n del programa magazine desde la Plaza de Espa\u00f1a de \u00c1guilas"},"content":{"rendered":"<p>\u00c1REA LORCA RADIO.<\/p>\n<p>Escucha aqu\u00ed el programa especial de verano de \u00c1rea Lorca Radio Online, realizado por Paco S\u00e1nchez desde la Plaza de Espa\u00f1a de \u00c1guilas, frente al Ayuntamiento. Casi dos horas menos cuarto de radio en directo en el que contamos con hasta siete invitados.<\/p>\n<audio class=\"wp-audio-shortcode\" id=\"audio-3924-1\" preload=\"none\" style=\"width: 100%;\" controls=\"controls\"><source type=\"audio\/mpeg\" src=\"https:\/\/arealorcaradio.es\/wp-content\/uploads\/2024\/08\/310724-PROGRAMA-VERANO-AGUILAS-2024.-PARTE-1.mp3?_=1\" \/><a href=\"https:\/\/arealorcaradio.es\/wp-content\/uploads\/2024\/08\/310724-PROGRAMA-VERANO-AGUILAS-2024.-PARTE-1.mp3\">https:\/\/arealorcaradio.es\/wp-content\/uploads\/2024\/08\/310724-PROGRAMA-VERANO-AGUILAS-2024.-PARTE-1.mp3<\/a><\/audio>\n<audio class=\"wp-audio-shortcode\" id=\"audio-3924-2\" preload=\"none\" style=\"width: 100%;\" controls=\"controls\"><source type=\"audio\/mpeg\" src=\"https:\/\/arealorcaradio.es\/wp-content\/uploads\/2024\/08\/310724-PROGRAMA-VERANO-AGUILAS-2024.-PARTE-2.mp3?_=2\" \/><a href=\"https:\/\/arealorcaradio.es\/wp-content\/uploads\/2024\/08\/310724-PROGRAMA-VERANO-AGUILAS-2024.-PARTE-2.mp3\">https:\/\/arealorcaradio.es\/wp-content\/uploads\/2024\/08\/310724-PROGRAMA-VERANO-AGUILAS-2024.-PARTE-2.mp3<\/a><\/audio>\n<p><img loading=\"lazy\" decoding=\"async\" class=\"alignnone size-medium wp-image-3929\" src=\"https:\/\/arealorcaradio.es\/wp-content\/uploads\/2024\/08\/WhatsApp-Image-2024-08-02-at-16.48.42-1-300x225.jpeg\" alt=\"\" width=\"300\" height=\"225\" srcset=\"https:\/\/arealorcaradio.es\/wp-content\/uploads\/2024\/08\/WhatsApp-Image-2024-08-02-at-16.48.42-1-300x225.jpeg 300w, https:\/\/arealorcaradio.es\/wp-content\/uploads\/2024\/08\/WhatsApp-Image-2024-08-02-at-16.48.42-1-1024x768.jpeg 1024w, https:\/\/arealorcaradio.es\/wp-content\/uploads\/2024\/08\/WhatsApp-Image-2024-08-02-at-16.48.42-1-768x576.jpeg 768w, https:\/\/arealorcaradio.es\/wp-content\/uploads\/2024\/08\/WhatsApp-Image-2024-08-02-at-16.48.42-1-1536x1152.jpeg 1536w, https:\/\/arealorcaradio.es\/wp-content\/uploads\/2024\/08\/WhatsApp-Image-2024-08-02-at-16.48.42-1-86x64.jpeg 86w, https:\/\/arealorcaradio.es\/wp-content\/uploads\/2024\/08\/WhatsApp-Image-2024-08-02-at-16.48.42-1.jpeg 1600w\" sizes=\"auto, (max-width: 300px) 100vw, 300px\" \/> <img loading=\"lazy\" decoding=\"async\" class=\"alignnone  wp-image-3930\" src=\"https:\/\/arealorcaradio.es\/wp-content\/uploads\/2024\/08\/WhatsApp-Image-2024-08-02-at-16.48.43-225x300.jpeg\" alt=\"\" width=\"168\" height=\"224\" srcset=\"https:\/\/arealorcaradio.es\/wp-content\/uploads\/2024\/08\/WhatsApp-Image-2024-08-02-at-16.48.43-225x300.jpeg 225w, https:\/\/arealorcaradio.es\/wp-content\/uploads\/2024\/08\/WhatsApp-Image-2024-08-02-at-16.48.43-768x1024.jpeg 768w, https:\/\/arealorcaradio.es\/wp-content\/uploads\/2024\/08\/WhatsApp-Image-2024-08-02-at-16.48.43-1152x1536.jpeg 1152w, https:\/\/arealorcaradio.es\/wp-content\/uploads\/2024\/08\/WhatsApp-Image-2024-08-02-at-16.48.43.jpeg 1200w\" sizes=\"auto, (max-width: 168px) 100vw, 168px\" \/><\/p>\n<p>Mari Carmen Moreno. Alcaldesa de \u00c1guilas.<\/p>\n<p><img loading=\"lazy\" decoding=\"async\" class=\"alignnone size-medium wp-image-3931\" src=\"https:\/\/arealorcaradio.es\/wp-content\/uploads\/2024\/08\/WhatsApp-Image-2024-08-02-at-16.48.39-300x225.jpeg\" alt=\"\" width=\"300\" height=\"225\" srcset=\"https:\/\/arealorcaradio.es\/wp-content\/uploads\/2024\/08\/WhatsApp-Image-2024-08-02-at-16.48.39-300x225.jpeg 300w, https:\/\/arealorcaradio.es\/wp-content\/uploads\/2024\/08\/WhatsApp-Image-2024-08-02-at-16.48.39-1024x768.jpeg 1024w, https:\/\/arealorcaradio.es\/wp-content\/uploads\/2024\/08\/WhatsApp-Image-2024-08-02-at-16.48.39-768x576.jpeg 768w, https:\/\/arealorcaradio.es\/wp-content\/uploads\/2024\/08\/WhatsApp-Image-2024-08-02-at-16.48.39-1536x1152.jpeg 1536w, https:\/\/arealorcaradio.es\/wp-content\/uploads\/2024\/08\/WhatsApp-Image-2024-08-02-at-16.48.39-86x64.jpeg 86w, https:\/\/arealorcaradio.es\/wp-content\/uploads\/2024\/08\/WhatsApp-Image-2024-08-02-at-16.48.39.jpeg 1600w\" sizes=\"auto, (max-width: 300px) 100vw, 300px\" \/> <img loading=\"lazy\" decoding=\"async\" class=\"alignnone  wp-image-3932\" src=\"https:\/\/arealorcaradio.es\/wp-content\/uploads\/2024\/08\/WhatsApp-Image-2024-08-02-at-16.48.38-225x300.jpeg\" alt=\"\" width=\"168\" height=\"224\" srcset=\"https:\/\/arealorcaradio.es\/wp-content\/uploads\/2024\/08\/WhatsApp-Image-2024-08-02-at-16.48.38-225x300.jpeg 225w, https:\/\/arealorcaradio.es\/wp-content\/uploads\/2024\/08\/WhatsApp-Image-2024-08-02-at-16.48.38-768x1024.jpeg 768w, https:\/\/arealorcaradio.es\/wp-content\/uploads\/2024\/08\/WhatsApp-Image-2024-08-02-at-16.48.38-1152x1536.jpeg 1152w, https:\/\/arealorcaradio.es\/wp-content\/uploads\/2024\/08\/WhatsApp-Image-2024-08-02-at-16.48.38.jpeg 1200w\" sizes=\"auto, (max-width: 168px) 100vw, 168px\" \/><\/p>\n<p>Juan de Dios Hern\u00e1ndez. Arque\u00f3logo municipal y Cronista de la Villa de \u00c1guilas.<\/p>\n<p><img loading=\"lazy\" decoding=\"async\" class=\"alignnone size-medium wp-image-3933\" src=\"https:\/\/arealorcaradio.es\/wp-content\/uploads\/2024\/08\/WhatsApp-Image-2024-08-02-at-16.48.37-300x225.jpeg\" alt=\"\" width=\"300\" height=\"225\" srcset=\"https:\/\/arealorcaradio.es\/wp-content\/uploads\/2024\/08\/WhatsApp-Image-2024-08-02-at-16.48.37-300x225.jpeg 300w, https:\/\/arealorcaradio.es\/wp-content\/uploads\/2024\/08\/WhatsApp-Image-2024-08-02-at-16.48.37-1024x768.jpeg 1024w, https:\/\/arealorcaradio.es\/wp-content\/uploads\/2024\/08\/WhatsApp-Image-2024-08-02-at-16.48.37-768x576.jpeg 768w, https:\/\/arealorcaradio.es\/wp-content\/uploads\/2024\/08\/WhatsApp-Image-2024-08-02-at-16.48.37-1536x1152.jpeg 1536w, https:\/\/arealorcaradio.es\/wp-content\/uploads\/2024\/08\/WhatsApp-Image-2024-08-02-at-16.48.37-86x64.jpeg 86w, https:\/\/arealorcaradio.es\/wp-content\/uploads\/2024\/08\/WhatsApp-Image-2024-08-02-at-16.48.37.jpeg 1600w\" sizes=\"auto, (max-width: 300px) 100vw, 300px\" \/> <img loading=\"lazy\" decoding=\"async\" class=\"alignnone  wp-image-3934\" src=\"https:\/\/arealorcaradio.es\/wp-content\/uploads\/2024\/08\/WhatsApp-Image-2024-08-02-at-16.48.40-225x300.jpeg\" alt=\"\" width=\"168\" height=\"224\" srcset=\"https:\/\/arealorcaradio.es\/wp-content\/uploads\/2024\/08\/WhatsApp-Image-2024-08-02-at-16.48.40-225x300.jpeg 225w, https:\/\/arealorcaradio.es\/wp-content\/uploads\/2024\/08\/WhatsApp-Image-2024-08-02-at-16.48.40-768x1024.jpeg 768w, https:\/\/arealorcaradio.es\/wp-content\/uploads\/2024\/08\/WhatsApp-Image-2024-08-02-at-16.48.40-1152x1536.jpeg 1152w, https:\/\/arealorcaradio.es\/wp-content\/uploads\/2024\/08\/WhatsApp-Image-2024-08-02-at-16.48.40.jpeg 1200w\" sizes=\"auto, (max-width: 168px) 100vw, 168px\" \/><\/p>\n<p>Alfonso Soler. Presidente de Hosteaguilas.<\/p>\n<p><img loading=\"lazy\" decoding=\"async\" class=\"alignnone size-medium wp-image-3935\" src=\"https:\/\/arealorcaradio.es\/wp-content\/uploads\/2024\/08\/WhatsApp-Image-2024-08-02-at-16.48.35-300x225.jpeg\" alt=\"\" width=\"300\" height=\"225\" srcset=\"https:\/\/arealorcaradio.es\/wp-content\/uploads\/2024\/08\/WhatsApp-Image-2024-08-02-at-16.48.35-300x225.jpeg 300w, https:\/\/arealorcaradio.es\/wp-content\/uploads\/2024\/08\/WhatsApp-Image-2024-08-02-at-16.48.35-1024x768.jpeg 1024w, https:\/\/arealorcaradio.es\/wp-content\/uploads\/2024\/08\/WhatsApp-Image-2024-08-02-at-16.48.35-768x576.jpeg 768w, https:\/\/arealorcaradio.es\/wp-content\/uploads\/2024\/08\/WhatsApp-Image-2024-08-02-at-16.48.35-1536x1152.jpeg 1536w, https:\/\/arealorcaradio.es\/wp-content\/uploads\/2024\/08\/WhatsApp-Image-2024-08-02-at-16.48.35-86x64.jpeg 86w, https:\/\/arealorcaradio.es\/wp-content\/uploads\/2024\/08\/WhatsApp-Image-2024-08-02-at-16.48.35.jpeg 1600w\" sizes=\"auto, (max-width: 300px) 100vw, 300px\" \/> <img loading=\"lazy\" decoding=\"async\" class=\"alignnone size-medium wp-image-3936\" src=\"https:\/\/arealorcaradio.es\/wp-content\/uploads\/2024\/08\/WhatsApp-Image-2024-08-02-at-16.48.22-4-300x225.jpeg\" alt=\"\" width=\"300\" height=\"225\" srcset=\"https:\/\/arealorcaradio.es\/wp-content\/uploads\/2024\/08\/WhatsApp-Image-2024-08-02-at-16.48.22-4-300x225.jpeg 300w, https:\/\/arealorcaradio.es\/wp-content\/uploads\/2024\/08\/WhatsApp-Image-2024-08-02-at-16.48.22-4-1024x768.jpeg 1024w, https:\/\/arealorcaradio.es\/wp-content\/uploads\/2024\/08\/WhatsApp-Image-2024-08-02-at-16.48.22-4-768x576.jpeg 768w, https:\/\/arealorcaradio.es\/wp-content\/uploads\/2024\/08\/WhatsApp-Image-2024-08-02-at-16.48.22-4-1536x1152.jpeg 1536w, https:\/\/arealorcaradio.es\/wp-content\/uploads\/2024\/08\/WhatsApp-Image-2024-08-02-at-16.48.22-4-86x64.jpeg 86w, https:\/\/arealorcaradio.es\/wp-content\/uploads\/2024\/08\/WhatsApp-Image-2024-08-02-at-16.48.22-4.jpeg 1600w\" sizes=\"auto, (max-width: 300px) 100vw, 300px\" \/><\/p>\n<p>Pepe Alonso y Gin\u00e9s Parra. Presidente y vicepresidente de la Federaci\u00f3n de Pe\u00f1as de Carnaval.<\/p>\n<p><img loading=\"lazy\" decoding=\"async\" class=\"alignnone size-medium wp-image-3937\" src=\"https:\/\/arealorcaradio.es\/wp-content\/uploads\/2024\/08\/WhatsApp-Image-2024-08-02-at-16.48.29-300x225.jpeg\" alt=\"\" width=\"300\" height=\"225\" srcset=\"https:\/\/arealorcaradio.es\/wp-content\/uploads\/2024\/08\/WhatsApp-Image-2024-08-02-at-16.48.29-300x225.jpeg 300w, https:\/\/arealorcaradio.es\/wp-content\/uploads\/2024\/08\/WhatsApp-Image-2024-08-02-at-16.48.29-1024x768.jpeg 1024w, https:\/\/arealorcaradio.es\/wp-content\/uploads\/2024\/08\/WhatsApp-Image-2024-08-02-at-16.48.29-768x576.jpeg 768w, https:\/\/arealorcaradio.es\/wp-content\/uploads\/2024\/08\/WhatsApp-Image-2024-08-02-at-16.48.29-1536x1152.jpeg 1536w, https:\/\/arealorcaradio.es\/wp-content\/uploads\/2024\/08\/WhatsApp-Image-2024-08-02-at-16.48.29-86x64.jpeg 86w, https:\/\/arealorcaradio.es\/wp-content\/uploads\/2024\/08\/WhatsApp-Image-2024-08-02-at-16.48.29.jpeg 1600w\" sizes=\"auto, (max-width: 300px) 100vw, 300px\" \/> <img loading=\"lazy\" decoding=\"async\" class=\"alignnone  wp-image-3938\" src=\"https:\/\/arealorcaradio.es\/wp-content\/uploads\/2024\/08\/WhatsApp-Image-2024-08-02-at-16.48.25-225x300.jpeg\" alt=\"\" width=\"168\" height=\"224\" srcset=\"https:\/\/arealorcaradio.es\/wp-content\/uploads\/2024\/08\/WhatsApp-Image-2024-08-02-at-16.48.25-225x300.jpeg 225w, https:\/\/arealorcaradio.es\/wp-content\/uploads\/2024\/08\/WhatsApp-Image-2024-08-02-at-16.48.25-768x1024.jpeg 768w, https:\/\/arealorcaradio.es\/wp-content\/uploads\/2024\/08\/WhatsApp-Image-2024-08-02-at-16.48.25-1152x1536.jpeg 1152w, https:\/\/arealorcaradio.es\/wp-content\/uploads\/2024\/08\/WhatsApp-Image-2024-08-02-at-16.48.25.jpeg 1200w\" sizes=\"auto, (max-width: 168px) 100vw, 168px\" \/><\/p>\n<p>Jos\u00e9 Antonio Consentino. Concejal de Turismo y Cultura.<\/p>\n<p><img loading=\"lazy\" decoding=\"async\" class=\"alignnone size-medium wp-image-3939\" src=\"https:\/\/arealorcaradio.es\/wp-content\/uploads\/2024\/08\/WhatsApp-Image-2024-08-02-at-16.48.22-2-169x300.jpeg\" alt=\"\" width=\"169\" height=\"300\" srcset=\"https:\/\/arealorcaradio.es\/wp-content\/uploads\/2024\/08\/WhatsApp-Image-2024-08-02-at-16.48.22-2-169x300.jpeg 169w, https:\/\/arealorcaradio.es\/wp-content\/uploads\/2024\/08\/WhatsApp-Image-2024-08-02-at-16.48.22-2-576x1024.jpeg 576w, https:\/\/arealorcaradio.es\/wp-content\/uploads\/2024\/08\/WhatsApp-Image-2024-08-02-at-16.48.22-2-768x1365.jpeg 768w, https:\/\/arealorcaradio.es\/wp-content\/uploads\/2024\/08\/WhatsApp-Image-2024-08-02-at-16.48.22-2-864x1536.jpeg 864w, https:\/\/arealorcaradio.es\/wp-content\/uploads\/2024\/08\/WhatsApp-Image-2024-08-02-at-16.48.22-2.jpeg 900w\" sizes=\"auto, (max-width: 169px) 100vw, 169px\" \/> <img loading=\"lazy\" decoding=\"async\" class=\"alignnone size-medium wp-image-3940\" src=\"https:\/\/arealorcaradio.es\/wp-content\/uploads\/2024\/08\/WhatsApp-Image-2024-08-02-at-16.48.22-3-225x300.jpeg\" alt=\"\" width=\"225\" height=\"300\" srcset=\"https:\/\/arealorcaradio.es\/wp-content\/uploads\/2024\/08\/WhatsApp-Image-2024-08-02-at-16.48.22-3-225x300.jpeg 225w, https:\/\/arealorcaradio.es\/wp-content\/uploads\/2024\/08\/WhatsApp-Image-2024-08-02-at-16.48.22-3-768x1024.jpeg 768w, https:\/\/arealorcaradio.es\/wp-content\/uploads\/2024\/08\/WhatsApp-Image-2024-08-02-at-16.48.22-3-1152x1536.jpeg 1152w, https:\/\/arealorcaradio.es\/wp-content\/uploads\/2024\/08\/WhatsApp-Image-2024-08-02-at-16.48.22-3.jpeg 1200w\" sizes=\"auto, (max-width: 225px) 100vw, 225px\" \/> <img loading=\"lazy\" decoding=\"async\" class=\"alignnone size-medium wp-image-3941\" src=\"https:\/\/arealorcaradio.es\/wp-content\/uploads\/2024\/08\/WhatsApp-Image-2024-08-02-at-16.48.22-225x300.jpeg\" alt=\"\" width=\"225\" height=\"300\" srcset=\"https:\/\/arealorcaradio.es\/wp-content\/uploads\/2024\/08\/WhatsApp-Image-2024-08-02-at-16.48.22-225x300.jpeg 225w, https:\/\/arealorcaradio.es\/wp-content\/uploads\/2024\/08\/WhatsApp-Image-2024-08-02-at-16.48.22-768x1024.jpeg 768w, https:\/\/arealorcaradio.es\/wp-content\/uploads\/2024\/08\/WhatsApp-Image-2024-08-02-at-16.48.22-1152x1536.jpeg 1152w, https:\/\/arealorcaradio.es\/wp-content\/uploads\/2024\/08\/WhatsApp-Image-2024-08-02-at-16.48.22.jpeg 1200w\" sizes=\"auto, (max-width: 225px) 100vw, 225px\" \/><\/p>\n<p>Walter Mainetti. M\u00fasico argentino, natural de Buenos Aires.<\/p>\n","protected":false},"excerpt":{"rendered":"<p>\u00c1REA LORCA RADIO. Escucha aqu\u00ed el programa especial de verano de \u00c1rea Lorca Radio Online, realizado por Paco S\u00e1nchez desde la Plaza de Espa\u00f1a de \u00c1guilas, frente al Ayuntamiento. Casi dos horas menos cuarto de radio en directo en el que contamos con hasta siete invitados. Mari Carmen Moreno. Alcaldesa de \u00c1guilas. Juan de Dios [&hellip;]<\/p>\n","protected":false},"author":1,"featured_media":3925,"comment_status":"open","ping_status":"open","sticky":false,"template":"","format":"standard","meta":{"iawp_total_views":17,"footnotes":""},"categories":[5,8],"tags":[],"class_list":["post-3924","post","type-post","status-publish","format-standard","has-post-thumbnail","hentry","category-actualidad","category-aguilas"],"yoast_head":"<!-- This site is optimized with the Yoast SEO plugin v27.5 - https:\/\/yoast.com\/product\/yoast-seo-wordpress\/ -->\n<title>\u00c1rea Lorca Radio realiza su cuarta edici\u00f3n del programa magazine desde la Plaza de Espa\u00f1a de \u00c1guilas - AREA LORCA RADIO<\/title>\n<meta name=\"robots\" content=\"index, follow, max-snippet:-1, max-image-preview:large, max-video-preview:-1\" \/>\n<link rel=\"canonical\" href=\"https:\/\/arealorcaradio.es\/index.php\/2024\/08\/02\/area-lorca-radio-realiza-su-cuarta-edicion-del-programa-magazine-desde-la-plaza-de-espana-de-aguilas\/\" \/>\n<meta property=\"og:locale\" content=\"es_ES\" \/>\n<meta property=\"og:type\" content=\"article\" \/>\n<meta property=\"og:title\" content=\"\u00c1rea Lorca Radio realiza su cuarta edici\u00f3n del programa magazine desde la Plaza de Espa\u00f1a de \u00c1guilas - AREA LORCA RADIO\" \/>\n<meta property=\"og:description\" content=\"\u00c1REA LORCA RADIO. Escucha aqu\u00ed el programa especial de verano de \u00c1rea Lorca Radio Online, realizado por Paco S\u00e1nchez desde la Plaza de Espa\u00f1a de \u00c1guilas, frente al Ayuntamiento. Casi dos horas menos cuarto de radio en directo en el que contamos con hasta siete invitados. Mari Carmen Moreno. Alcaldesa de \u00c1guilas. Juan de Dios [&hellip;]\" \/>\n<meta property=\"og:url\" content=\"https:\/\/arealorcaradio.es\/index.php\/2024\/08\/02\/area-lorca-radio-realiza-su-cuarta-edicion-del-programa-magazine-desde-la-plaza-de-espana-de-aguilas\/\" \/>\n<meta property=\"og:site_name\" content=\"AREA LORCA RADIO\" \/>\n<meta property=\"article:published_time\" content=\"2024-08-02T15:30:25+00:00\" \/>\n<meta property=\"og:image\" content=\"https:\/\/arealorcaradio.es\/wp-content\/uploads\/2024\/08\/WhatsApp-Image-2024-08-02-at-16.48.42.jpeg\" \/>\n\t<meta property=\"og:image:width\" content=\"1600\" \/>\n\t<meta property=\"og:image:height\" content=\"1200\" \/>\n\t<meta property=\"og:image:type\" content=\"image\/jpeg\" \/>\n<meta name=\"author\" content=\"Paco S\u00e1nchez\" \/>\n<meta name=\"twitter:card\" content=\"summary_large_image\" \/>\n<meta name=\"twitter:label1\" content=\"Escrito por\" \/>\n\t<meta name=\"twitter:data1\" content=\"Paco S\u00e1nchez\" \/>\n\t<meta name=\"twitter:label2\" content=\"Tiempo de lectura\" \/>\n\t<meta name=\"twitter:data2\" content=\"4 minutos\" \/>\n<script type=\"application\/ld+json\" class=\"yoast-schema-graph\">{\"@context\":\"https:\\\/\\\/schema.org\",\"@graph\":[{\"@type\":\"Article\",\"@id\":\"https:\\\/\\\/arealorcaradio.es\\\/index.php\\\/2024\\\/08\\\/02\\\/area-lorca-radio-realiza-su-cuarta-edicion-del-programa-magazine-desde-la-plaza-de-espana-de-aguilas\\\/#article\",\"isPartOf\":{\"@id\":\"https:\\\/\\\/arealorcaradio.es\\\/index.php\\\/2024\\\/08\\\/02\\\/area-lorca-radio-realiza-su-cuarta-edicion-del-programa-magazine-desde-la-plaza-de-espana-de-aguilas\\\/\"},\"author\":{\"name\":\"Paco S\u00e1nchez\",\"@id\":\"https:\\\/\\\/arealorcaradio.es\\\/#\\\/schema\\\/person\\\/9fae605fc25b0f2c83c1ab207139bd27\"},\"headline\":\"\u00c1rea Lorca Radio realiza su cuarta edici\u00f3n del programa magazine desde la Plaza de Espa\u00f1a de \u00c1guilas\",\"datePublished\":\"2024-08-02T15:30:25+00:00\",\"mainEntityOfPage\":{\"@id\":\"https:\\\/\\\/arealorcaradio.es\\\/index.php\\\/2024\\\/08\\\/02\\\/area-lorca-radio-realiza-su-cuarta-edicion-del-programa-magazine-desde-la-plaza-de-espana-de-aguilas\\\/\"},\"wordCount\":150,\"commentCount\":0,\"image\":{\"@id\":\"https:\\\/\\\/arealorcaradio.es\\\/index.php\\\/2024\\\/08\\\/02\\\/area-lorca-radio-realiza-su-cuarta-edicion-del-programa-magazine-desde-la-plaza-de-espana-de-aguilas\\\/#primaryimage\"},\"thumbnailUrl\":\"https:\\\/\\\/arealorcaradio.es\\\/wp-content\\\/uploads\\\/2024\\\/08\\\/WhatsApp-Image-2024-08-02-at-16.48.42.jpeg\",\"articleSection\":[\"ACTUALIDAD\",\"\u00c1GUILAS\"],\"inLanguage\":\"es\",\"potentialAction\":[{\"@type\":\"CommentAction\",\"name\":\"Comment\",\"target\":[\"https:\\\/\\\/arealorcaradio.es\\\/index.php\\\/2024\\\/08\\\/02\\\/area-lorca-radio-realiza-su-cuarta-edicion-del-programa-magazine-desde-la-plaza-de-espana-de-aguilas\\\/#respond\"]}]},{\"@type\":\"WebPage\",\"@id\":\"https:\\\/\\\/arealorcaradio.es\\\/index.php\\\/2024\\\/08\\\/02\\\/area-lorca-radio-realiza-su-cuarta-edicion-del-programa-magazine-desde-la-plaza-de-espana-de-aguilas\\\/\",\"url\":\"https:\\\/\\\/arealorcaradio.es\\\/index.php\\\/2024\\\/08\\\/02\\\/area-lorca-radio-realiza-su-cuarta-edicion-del-programa-magazine-desde-la-plaza-de-espana-de-aguilas\\\/\",\"name\":\"\u00c1rea Lorca Radio realiza su cuarta edici\u00f3n del programa magazine desde la Plaza de Espa\u00f1a de \u00c1guilas - AREA LORCA RADIO\",\"isPartOf\":{\"@id\":\"https:\\\/\\\/arealorcaradio.es\\\/#website\"},\"primaryImageOfPage\":{\"@id\":\"https:\\\/\\\/arealorcaradio.es\\\/index.php\\\/2024\\\/08\\\/02\\\/area-lorca-radio-realiza-su-cuarta-edicion-del-programa-magazine-desde-la-plaza-de-espana-de-aguilas\\\/#primaryimage\"},\"image\":{\"@id\":\"https:\\\/\\\/arealorcaradio.es\\\/index.php\\\/2024\\\/08\\\/02\\\/area-lorca-radio-realiza-su-cuarta-edicion-del-programa-magazine-desde-la-plaza-de-espana-de-aguilas\\\/#primaryimage\"},\"thumbnailUrl\":\"https:\\\/\\\/arealorcaradio.es\\\/wp-content\\\/uploads\\\/2024\\\/08\\\/WhatsApp-Image-2024-08-02-at-16.48.42.jpeg\",\"datePublished\":\"2024-08-02T15:30:25+00:00\",\"author\":{\"@id\":\"https:\\\/\\\/arealorcaradio.es\\\/#\\\/schema\\\/person\\\/9fae605fc25b0f2c83c1ab207139bd27\"},\"breadcrumb\":{\"@id\":\"https:\\\/\\\/arealorcaradio.es\\\/index.php\\\/2024\\\/08\\\/02\\\/area-lorca-radio-realiza-su-cuarta-edicion-del-programa-magazine-desde-la-plaza-de-espana-de-aguilas\\\/#breadcrumb\"},\"inLanguage\":\"es\",\"potentialAction\":[{\"@type\":\"ReadAction\",\"target\":[\"https:\\\/\\\/arealorcaradio.es\\\/index.php\\\/2024\\\/08\\\/02\\\/area-lorca-radio-realiza-su-cuarta-edicion-del-programa-magazine-desde-la-plaza-de-espana-de-aguilas\\\/\"]}]},{\"@type\":\"ImageObject\",\"inLanguage\":\"es\",\"@id\":\"https:\\\/\\\/arealorcaradio.es\\\/index.php\\\/2024\\\/08\\\/02\\\/area-lorca-radio-realiza-su-cuarta-edicion-del-programa-magazine-desde-la-plaza-de-espana-de-aguilas\\\/#primaryimage\",\"url\":\"https:\\\/\\\/arealorcaradio.es\\\/wp-content\\\/uploads\\\/2024\\\/08\\\/WhatsApp-Image-2024-08-02-at-16.48.42.jpeg\",\"contentUrl\":\"https:\\\/\\\/arealorcaradio.es\\\/wp-content\\\/uploads\\\/2024\\\/08\\\/WhatsApp-Image-2024-08-02-at-16.48.42.jpeg\",\"width\":1600,\"height\":1200},{\"@type\":\"BreadcrumbList\",\"@id\":\"https:\\\/\\\/arealorcaradio.es\\\/index.php\\\/2024\\\/08\\\/02\\\/area-lorca-radio-realiza-su-cuarta-edicion-del-programa-magazine-desde-la-plaza-de-espana-de-aguilas\\\/#breadcrumb\",\"itemListElement\":[{\"@type\":\"ListItem\",\"position\":1,\"name\":\"Portada\",\"item\":\"https:\\\/\\\/arealorcaradio.es\\\/\"},{\"@type\":\"ListItem\",\"position\":2,\"name\":\"\u00c1rea Lorca Radio realiza su cuarta edici\u00f3n del programa magazine desde la Plaza de Espa\u00f1a de \u00c1guilas\"}]},{\"@type\":\"WebSite\",\"@id\":\"https:\\\/\\\/arealorcaradio.es\\\/#website\",\"url\":\"https:\\\/\\\/arealorcaradio.es\\\/\",\"name\":\"AREA LORCA RADIO\",\"description\":\"Descubre la programaci\u00f3n actual en \u00c1rea Lorca Radio, tu fuente de entrenamiento y noticias locales. Sintoniza ahora y mantente conectado online.\",\"potentialAction\":[{\"@type\":\"SearchAction\",\"target\":{\"@type\":\"EntryPoint\",\"urlTemplate\":\"https:\\\/\\\/arealorcaradio.es\\\/?s={search_term_string}\"},\"query-input\":{\"@type\":\"PropertyValueSpecification\",\"valueRequired\":true,\"valueName\":\"search_term_string\"}}],\"inLanguage\":\"es\"},{\"@type\":\"Person\",\"@id\":\"https:\\\/\\\/arealorcaradio.es\\\/#\\\/schema\\\/person\\\/9fae605fc25b0f2c83c1ab207139bd27\",\"name\":\"Paco S\u00e1nchez\",\"image\":{\"@type\":\"ImageObject\",\"inLanguage\":\"es\",\"@id\":\"https:\\\/\\\/secure.gravatar.com\\\/avatar\\\/d67144e966420fb74aa84c9f2a0103be4724fd14db52b52d3b6bca749f257e79?s=96&d=mm&r=g\",\"url\":\"https:\\\/\\\/secure.gravatar.com\\\/avatar\\\/d67144e966420fb74aa84c9f2a0103be4724fd14db52b52d3b6bca749f257e79?s=96&d=mm&r=g\",\"contentUrl\":\"https:\\\/\\\/secure.gravatar.com\\\/avatar\\\/d67144e966420fb74aa84c9f2a0103be4724fd14db52b52d3b6bca749f257e79?s=96&d=mm&r=g\",\"caption\":\"Paco S\u00e1nchez\"},\"sameAs\":[\"https:\\\/\\\/arealorcaradio.es\"],\"url\":\"https:\\\/\\\/arealorcaradio.es\\\/index.php\\\/author\\\/admin_alorcaradio\\\/\"}]}<\/script>\n<!-- \/ Yoast SEO plugin. -->","yoast_head_json":{"title":"\u00c1rea Lorca Radio realiza su cuarta edici\u00f3n del programa magazine desde la Plaza de Espa\u00f1a de \u00c1guilas - AREA LORCA RADIO","robots":{"index":"index","follow":"follow","max-snippet":"max-snippet:-1","max-image-preview":"max-image-preview:large","max-video-preview":"max-video-preview:-1"},"canonical":"https:\/\/arealorcaradio.es\/index.php\/2024\/08\/02\/area-lorca-radio-realiza-su-cuarta-edicion-del-programa-magazine-desde-la-plaza-de-espana-de-aguilas\/","og_locale":"es_ES","og_type":"article","og_title":"\u00c1rea Lorca Radio realiza su cuarta edici\u00f3n del programa magazine desde la Plaza de Espa\u00f1a de \u00c1guilas - AREA LORCA RADIO","og_description":"\u00c1REA LORCA RADIO. Escucha aqu\u00ed el programa especial de verano de \u00c1rea Lorca Radio Online, realizado por Paco S\u00e1nchez desde la Plaza de Espa\u00f1a de \u00c1guilas, frente al Ayuntamiento. Casi dos horas menos cuarto de radio en directo en el que contamos con hasta siete invitados. Mari Carmen Moreno. Alcaldesa de \u00c1guilas. Juan de Dios [&hellip;]","og_url":"https:\/\/arealorcaradio.es\/index.php\/2024\/08\/02\/area-lorca-radio-realiza-su-cuarta-edicion-del-programa-magazine-desde-la-plaza-de-espana-de-aguilas\/","og_site_name":"AREA LORCA RADIO","article_published_time":"2024-08-02T15:30:25+00:00","og_image":[{"width":1600,"height":1200,"url":"https:\/\/arealorcaradio.es\/wp-content\/uploads\/2024\/08\/WhatsApp-Image-2024-08-02-at-16.48.42.jpeg","type":"image\/jpeg"}],"author":"Paco S\u00e1nchez","twitter_card":"summary_large_image","twitter_misc":{"Escrito por":"Paco S\u00e1nchez","Tiempo de lectura":"4 minutos"},"schema":{"@context":"https:\/\/schema.org","@graph":[{"@type":"Article","@id":"https:\/\/arealorcaradio.es\/index.php\/2024\/08\/02\/area-lorca-radio-realiza-su-cuarta-edicion-del-programa-magazine-desde-la-plaza-de-espana-de-aguilas\/#article","isPartOf":{"@id":"https:\/\/arealorcaradio.es\/index.php\/2024\/08\/02\/area-lorca-radio-realiza-su-cuarta-edicion-del-programa-magazine-desde-la-plaza-de-espana-de-aguilas\/"},"author":{"name":"Paco S\u00e1nchez","@id":"https:\/\/arealorcaradio.es\/#\/schema\/person\/9fae605fc25b0f2c83c1ab207139bd27"},"headline":"\u00c1rea Lorca Radio realiza su cuarta edici\u00f3n del programa magazine desde la Plaza de Espa\u00f1a de \u00c1guilas","datePublished":"2024-08-02T15:30:25+00:00","mainEntityOfPage":{"@id":"https:\/\/arealorcaradio.es\/index.php\/2024\/08\/02\/area-lorca-radio-realiza-su-cuarta-edicion-del-programa-magazine-desde-la-plaza-de-espana-de-aguilas\/"},"wordCount":150,"commentCount":0,"image":{"@id":"https:\/\/arealorcaradio.es\/index.php\/2024\/08\/02\/area-lorca-radio-realiza-su-cuarta-edicion-del-programa-magazine-desde-la-plaza-de-espana-de-aguilas\/#primaryimage"},"thumbnailUrl":"https:\/\/arealorcaradio.es\/wp-content\/uploads\/2024\/08\/WhatsApp-Image-2024-08-02-at-16.48.42.jpeg","articleSection":["ACTUALIDAD","\u00c1GUILAS"],"inLanguage":"es","potentialAction":[{"@type":"CommentAction","name":"Comment","target":["https:\/\/arealorcaradio.es\/index.php\/2024\/08\/02\/area-lorca-radio-realiza-su-cuarta-edicion-del-programa-magazine-desde-la-plaza-de-espana-de-aguilas\/#respond"]}]},{"@type":"WebPage","@id":"https:\/\/arealorcaradio.es\/index.php\/2024\/08\/02\/area-lorca-radio-realiza-su-cuarta-edicion-del-programa-magazine-desde-la-plaza-de-espana-de-aguilas\/","url":"https:\/\/arealorcaradio.es\/index.php\/2024\/08\/02\/area-lorca-radio-realiza-su-cuarta-edicion-del-programa-magazine-desde-la-plaza-de-espana-de-aguilas\/","name":"\u00c1rea Lorca Radio realiza su cuarta edici\u00f3n del programa magazine desde la Plaza de Espa\u00f1a de \u00c1guilas - AREA LORCA RADIO","isPartOf":{"@id":"https:\/\/arealorcaradio.es\/#website"},"primaryImageOfPage":{"@id":"https:\/\/arealorcaradio.es\/index.php\/2024\/08\/02\/area-lorca-radio-realiza-su-cuarta-edicion-del-programa-magazine-desde-la-plaza-de-espana-de-aguilas\/#primaryimage"},"image":{"@id":"https:\/\/arealorcaradio.es\/index.php\/2024\/08\/02\/area-lorca-radio-realiza-su-cuarta-edicion-del-programa-magazine-desde-la-plaza-de-espana-de-aguilas\/#primaryimage"},"thumbnailUrl":"https:\/\/arealorcaradio.es\/wp-content\/uploads\/2024\/08\/WhatsApp-Image-2024-08-02-at-16.48.42.jpeg","datePublished":"2024-08-02T15:30:25+00:00","author":{"@id":"https:\/\/arealorcaradio.es\/#\/schema\/person\/9fae605fc25b0f2c83c1ab207139bd27"},"breadcrumb":{"@id":"https:\/\/arealorcaradio.es\/index.php\/2024\/08\/02\/area-lorca-radio-realiza-su-cuarta-edicion-del-programa-magazine-desde-la-plaza-de-espana-de-aguilas\/#breadcrumb"},"inLanguage":"es","potentialAction":[{"@type":"ReadAction","target":["https:\/\/arealorcaradio.es\/index.php\/2024\/08\/02\/area-lorca-radio-realiza-su-cuarta-edicion-del-programa-magazine-desde-la-plaza-de-espana-de-aguilas\/"]}]},{"@type":"ImageObject","inLanguage":"es","@id":"https:\/\/arealorcaradio.es\/index.php\/2024\/08\/02\/area-lorca-radio-realiza-su-cuarta-edicion-del-programa-magazine-desde-la-plaza-de-espana-de-aguilas\/#primaryimage","url":"https:\/\/arealorcaradio.es\/wp-content\/uploads\/2024\/08\/WhatsApp-Image-2024-08-02-at-16.48.42.jpeg","contentUrl":"https:\/\/arealorcaradio.es\/wp-content\/uploads\/2024\/08\/WhatsApp-Image-2024-08-02-at-16.48.42.jpeg","width":1600,"height":1200},{"@type":"BreadcrumbList","@id":"https:\/\/arealorcaradio.es\/index.php\/2024\/08\/02\/area-lorca-radio-realiza-su-cuarta-edicion-del-programa-magazine-desde-la-plaza-de-espana-de-aguilas\/#breadcrumb","itemListElement":[{"@type":"ListItem","position":1,"name":"Portada","item":"https:\/\/arealorcaradio.es\/"},{"@type":"ListItem","position":2,"name":"\u00c1rea Lorca Radio realiza su cuarta edici\u00f3n del programa magazine desde la Plaza de Espa\u00f1a de \u00c1guilas"}]},{"@type":"WebSite","@id":"https:\/\/arealorcaradio.es\/#website","url":"https:\/\/arealorcaradio.es\/","name":"AREA LORCA RADIO","description":"Descubre la programaci\u00f3n actual en \u00c1rea Lorca Radio, tu fuente de entrenamiento y noticias locales. Sintoniza ahora y mantente conectado online.","potentialAction":[{"@type":"SearchAction","target":{"@type":"EntryPoint","urlTemplate":"https:\/\/arealorcaradio.es\/?s={search_term_string}"},"query-input":{"@type":"PropertyValueSpecification","valueRequired":true,"valueName":"search_term_string"}}],"inLanguage":"es"},{"@type":"Person","@id":"https:\/\/arealorcaradio.es\/#\/schema\/person\/9fae605fc25b0f2c83c1ab207139bd27","name":"Paco S\u00e1nchez","image":{"@type":"ImageObject","inLanguage":"es","@id":"https:\/\/secure.gravatar.com\/avatar\/d67144e966420fb74aa84c9f2a0103be4724fd14db52b52d3b6bca749f257e79?s=96&d=mm&r=g","url":"https:\/\/secure.gravatar.com\/avatar\/d67144e966420fb74aa84c9f2a0103be4724fd14db52b52d3b6bca749f257e79?s=96&d=mm&r=g","contentUrl":"https:\/\/secure.gravatar.com\/avatar\/d67144e966420fb74aa84c9f2a0103be4724fd14db52b52d3b6bca749f257e79?s=96&d=mm&r=g","caption":"Paco S\u00e1nchez"},"sameAs":["https:\/\/arealorcaradio.es"],"url":"https:\/\/arealorcaradio.es\/index.php\/author\/admin_alorcaradio\/"}]}},"_links":{"self":[{"href":"https:\/\/arealorcaradio.es\/index.php\/wp-json\/wp\/v2\/posts\/3924","targetHints":{"allow":["GET"]}}],"collection":[{"href":"https:\/\/arealorcaradio.es\/index.php\/wp-json\/wp\/v2\/posts"}],"about":[{"href":"https:\/\/arealorcaradio.es\/index.php\/wp-json\/wp\/v2\/types\/post"}],"author":[{"embeddable":true,"href":"https:\/\/arealorcaradio.es\/index.php\/wp-json\/wp\/v2\/users\/1"}],"replies":[{"embeddable":true,"href":"https:\/\/arealorcaradio.es\/index.php\/wp-json\/wp\/v2\/comments?post=3924"}],"version-history":[{"count":2,"href":"https:\/\/arealorcaradio.es\/index.php\/wp-json\/wp\/v2\/posts\/3924\/revisions"}],"predecessor-version":[{"id":3942,"href":"https:\/\/arealorcaradio.es\/index.php\/wp-json\/wp\/v2\/posts\/3924\/revisions\/3942"}],"wp:featuredmedia":[{"embeddable":true,"href":"https:\/\/arealorcaradio.es\/index.php\/wp-json\/wp\/v2\/media\/3925"}],"wp:attachment":[{"href":"https:\/\/arealorcaradio.es\/index.php\/wp-json\/wp\/v2\/media?parent=3924"}],"wp:term":[{"taxonomy":"category","embeddable":true,"href":"https:\/\/arealorcaradio.es\/index.php\/wp-json\/wp\/v2\/categories?post=3924"},{"taxonomy":"post_tag","embeddable":true,"href":"https:\/\/arealorcaradio.es\/index.php\/wp-json\/wp\/v2\/tags?post=3924"}],"curies":[{"name":"wp","href":"https:\/\/api.w.org\/{rel}","templated":true}]}}