{"id":3918,"date":"2024-07-31T10:16:38","date_gmt":"2024-07-31T10:16:38","guid":{"rendered":"https:\/\/arealorcaradio.es\/?p=3918"},"modified":"2024-07-31T10:16:38","modified_gmt":"2024-07-31T10:16:38","slug":"lorquinos-y-visitantes-podran-aparcar-gratis-durante-el-mes-de-agosto-en-la-zona-azul","status":"publish","type":"post","link":"https:\/\/arealorcaradio.es\/index.php\/2024\/07\/31\/lorquinos-y-visitantes-podran-aparcar-gratis-durante-el-mes-de-agosto-en-la-zona-azul\/","title":{"rendered":"Lorquinos y visitantes podr\u00e1n aparcar gratis durante el mes de agosto en la zona azul  \u00a0"},"content":{"rendered":"<p>\u00c1REA LORCA RADIO.<\/p>\n<p class=\"v1MsoNormal\"><b>31 de julio de 2024.<\/b>\u00a0Un verano m\u00e1s, la ordenanza reguladora del servicio ORA en el Ayuntamiento de Lorca permite aparcar sin coste durante el mes de agosto en la zona azul. Tambi\u00e9n quedan libres para cualquier usuario las plazas se\u00f1alizadas en color verde que el resto del a\u00f1o s\u00f3lo pueden ocupar veh\u00edculos acreditados de residentes o de empresas empadronadas en calles reguladas por el reglamento municipal. As\u00ed lo ha anunciado este mi\u00e9rcoles el edil de Calidad Urbana del Ayuntamiento de Lorca, Juan Miguel Bayonas L\u00f3pez.<\/p>\n<p class=\"v1MsoNormal\">Bayonas L\u00f3pez ha recordado que una vez finalizado el mes de agosto vuelve a ser necesario abonar en los expendedores habilitados en las calles ordenadas el importe correspondiente al tiempo de consumo, que se puede hacer manualmente en las m\u00e1quinas urbanas o electr\u00f3nicamente mediante la aplicaci\u00f3n easy park. El primer d\u00eda h\u00e1bil ser\u00e1 a tal efecto este a\u00f1o 2024 el lunes 2 de septiembre.<\/p>\n<p class=\"v1MsoNormal\">Limusa cuenta, adem\u00e1s de las modalidades b\u00e1sicas de usuario de zona azul y de residente, con una serie de productos adaptados a diversas necesidades, como son las tarifas profesionales y los descuentos para veh\u00edculos electrificados. La tarifa profesional habilita al profesional aut\u00f3nomo o a la empresa para estacionar su veh\u00edculo en zona azul durante un m\u00e1ximo de 2 horas a precios reducidos en un 40% y en zona verde se ampl\u00eda la disponibilidad hasta las 5 horas, con una bonificaci\u00f3n igualmente en torno al 40%, que de no ser por la acreditaci\u00f3n profesional no podr\u00eda utilizar. Estos descuentos s\u00f3lo se pueden disfrutar utilizando la app.<\/p>\n<p class=\"v1MsoNormal\">Por su parte, los veh\u00edculos el\u00e9ctricos cuentan con un descuento del 100% de la tarifa en zona azul durante las dos primeras horas de servicio, siendo del 50% en el caso de veh\u00edculos con tecnolog\u00eda h\u00edbrida. Del mismo modo, estos descuentos s\u00f3lo se pueden aplicar en el pago mediante la aplicaci\u00f3n y previa acreditaci\u00f3n de la condici\u00f3n de bonificable en las oficinas centrales de la empresa municipal Limusa.<\/p>\n<p class=\"v1MsoNormal\">El uso de la aplicaci\u00f3n electr\u00f3nica ha crecido considerablemente en el \u00faltimo a\u00f1o. El 30% de los tiques ya se obtienen por medios electr\u00f3nicos, ascendiendo a 101.087 expediciones de las 342.170 totales. Eso supone un 5% m\u00e1s que en el mismo periodo de 2023. Dato significativo es que el 66% del crecimiento en uso de la ORA este semestre se genera por medios electr\u00f3nicos, de lo que se deduce el cambio de tendencia de los usuarios a favor del uso de la tecnolog\u00eda para estacionar en zona azul.<\/p>\n<p class=\"v1MsoNormal\">En general, lorquinos y visitantes valoran cada vez m\u00e1s la movilidad p\u00fablica. El aparcamiento de San Vicente ha crecido en 181 usuarios y los autobuses urbanos suman en este primer semestre 136.000 viajeros m\u00e1s que en 2023.<\/p>\n","protected":false},"excerpt":{"rendered":"<p>\u00c1REA LORCA RADIO. 31 de julio de 2024.\u00a0Un verano m\u00e1s, la ordenanza reguladora del servicio ORA en el Ayuntamiento de Lorca permite aparcar sin coste durante el mes de agosto en la zona azul. Tambi\u00e9n quedan libres para cualquier usuario las plazas se\u00f1alizadas en color verde que el resto del a\u00f1o s\u00f3lo pueden ocupar veh\u00edculos [&hellip;]<\/p>\n","protected":false},"author":1,"featured_media":3919,"comment_status":"open","ping_status":"open","sticky":false,"template":"","format":"standard","meta":{"iawp_total_views":28,"footnotes":""},"categories":[5,7],"tags":[],"class_list":["post-3918","post","type-post","status-publish","format-standard","has-post-thumbnail","hentry","category-actualidad","category-lorca"],"yoast_head":"<!-- This site is optimized with the Yoast SEO plugin v27.5 - https:\/\/yoast.com\/product\/yoast-seo-wordpress\/ -->\n<title>Lorquinos y visitantes podr\u00e1n aparcar gratis durante el mes de agosto en la zona azul \u00a0 - AREA LORCA RADIO<\/title>\n<meta name=\"robots\" content=\"index, follow, max-snippet:-1, max-image-preview:large, max-video-preview:-1\" \/>\n<link rel=\"canonical\" href=\"https:\/\/arealorcaradio.es\/index.php\/2024\/07\/31\/lorquinos-y-visitantes-podran-aparcar-gratis-durante-el-mes-de-agosto-en-la-zona-azul\/\" \/>\n<meta property=\"og:locale\" content=\"es_ES\" \/>\n<meta property=\"og:type\" content=\"article\" \/>\n<meta property=\"og:title\" content=\"Lorquinos y visitantes podr\u00e1n aparcar gratis durante el mes de agosto en la zona azul \u00a0 - AREA LORCA RADIO\" \/>\n<meta property=\"og:description\" content=\"\u00c1REA LORCA RADIO. 31 de julio de 2024.\u00a0Un verano m\u00e1s, la ordenanza reguladora del servicio ORA en el Ayuntamiento de Lorca permite aparcar sin coste durante el mes de agosto en la zona azul. Tambi\u00e9n quedan libres para cualquier usuario las plazas se\u00f1alizadas en color verde que el resto del a\u00f1o s\u00f3lo pueden ocupar veh\u00edculos [&hellip;]\" \/>\n<meta property=\"og:url\" content=\"https:\/\/arealorcaradio.es\/index.php\/2024\/07\/31\/lorquinos-y-visitantes-podran-aparcar-gratis-durante-el-mes-de-agosto-en-la-zona-azul\/\" \/>\n<meta property=\"og:site_name\" content=\"AREA LORCA RADIO\" \/>\n<meta property=\"article:published_time\" content=\"2024-07-31T10:16:38+00:00\" \/>\n<meta property=\"og:image\" content=\"https:\/\/arealorcaradio.es\/wp-content\/uploads\/2024\/07\/ORA-GRATUITA.jpeg\" \/>\n\t<meta property=\"og:image:width\" content=\"2048\" \/>\n\t<meta property=\"og:image:height\" content=\"1536\" \/>\n\t<meta property=\"og:image:type\" content=\"image\/jpeg\" \/>\n<meta name=\"author\" content=\"Paco S\u00e1nchez\" \/>\n<meta name=\"twitter:card\" content=\"summary_large_image\" \/>\n<meta name=\"twitter:label1\" content=\"Escrito por\" \/>\n\t<meta name=\"twitter:data1\" content=\"Paco S\u00e1nchez\" \/>\n\t<meta name=\"twitter:label2\" content=\"Tiempo de lectura\" \/>\n\t<meta name=\"twitter:data2\" content=\"3 minutos\" \/>\n<script type=\"application\/ld+json\" class=\"yoast-schema-graph\">{\"@context\":\"https:\\\/\\\/schema.org\",\"@graph\":[{\"@type\":\"Article\",\"@id\":\"https:\\\/\\\/arealorcaradio.es\\\/index.php\\\/2024\\\/07\\\/31\\\/lorquinos-y-visitantes-podran-aparcar-gratis-durante-el-mes-de-agosto-en-la-zona-azul\\\/#article\",\"isPartOf\":{\"@id\":\"https:\\\/\\\/arealorcaradio.es\\\/index.php\\\/2024\\\/07\\\/31\\\/lorquinos-y-visitantes-podran-aparcar-gratis-durante-el-mes-de-agosto-en-la-zona-azul\\\/\"},\"author\":{\"name\":\"Paco S\u00e1nchez\",\"@id\":\"https:\\\/\\\/arealorcaradio.es\\\/#\\\/schema\\\/person\\\/9fae605fc25b0f2c83c1ab207139bd27\"},\"headline\":\"Lorquinos y visitantes podr\u00e1n aparcar gratis durante el mes de agosto en la zona azul \u00a0\",\"datePublished\":\"2024-07-31T10:16:38+00:00\",\"mainEntityOfPage\":{\"@id\":\"https:\\\/\\\/arealorcaradio.es\\\/index.php\\\/2024\\\/07\\\/31\\\/lorquinos-y-visitantes-podran-aparcar-gratis-durante-el-mes-de-agosto-en-la-zona-azul\\\/\"},\"wordCount\":493,\"commentCount\":0,\"image\":{\"@id\":\"https:\\\/\\\/arealorcaradio.es\\\/index.php\\\/2024\\\/07\\\/31\\\/lorquinos-y-visitantes-podran-aparcar-gratis-durante-el-mes-de-agosto-en-la-zona-azul\\\/#primaryimage\"},\"thumbnailUrl\":\"https:\\\/\\\/arealorcaradio.es\\\/wp-content\\\/uploads\\\/2024\\\/07\\\/ORA-GRATUITA.jpeg\",\"articleSection\":[\"ACTUALIDAD\",\"LORCA\"],\"inLanguage\":\"es\",\"potentialAction\":[{\"@type\":\"CommentAction\",\"name\":\"Comment\",\"target\":[\"https:\\\/\\\/arealorcaradio.es\\\/index.php\\\/2024\\\/07\\\/31\\\/lorquinos-y-visitantes-podran-aparcar-gratis-durante-el-mes-de-agosto-en-la-zona-azul\\\/#respond\"]}]},{\"@type\":\"WebPage\",\"@id\":\"https:\\\/\\\/arealorcaradio.es\\\/index.php\\\/2024\\\/07\\\/31\\\/lorquinos-y-visitantes-podran-aparcar-gratis-durante-el-mes-de-agosto-en-la-zona-azul\\\/\",\"url\":\"https:\\\/\\\/arealorcaradio.es\\\/index.php\\\/2024\\\/07\\\/31\\\/lorquinos-y-visitantes-podran-aparcar-gratis-durante-el-mes-de-agosto-en-la-zona-azul\\\/\",\"name\":\"Lorquinos y visitantes podr\u00e1n aparcar gratis durante el mes de agosto en la zona azul \u00a0 - AREA LORCA RADIO\",\"isPartOf\":{\"@id\":\"https:\\\/\\\/arealorcaradio.es\\\/#website\"},\"primaryImageOfPage\":{\"@id\":\"https:\\\/\\\/arealorcaradio.es\\\/index.php\\\/2024\\\/07\\\/31\\\/lorquinos-y-visitantes-podran-aparcar-gratis-durante-el-mes-de-agosto-en-la-zona-azul\\\/#primaryimage\"},\"image\":{\"@id\":\"https:\\\/\\\/arealorcaradio.es\\\/index.php\\\/2024\\\/07\\\/31\\\/lorquinos-y-visitantes-podran-aparcar-gratis-durante-el-mes-de-agosto-en-la-zona-azul\\\/#primaryimage\"},\"thumbnailUrl\":\"https:\\\/\\\/arealorcaradio.es\\\/wp-content\\\/uploads\\\/2024\\\/07\\\/ORA-GRATUITA.jpeg\",\"datePublished\":\"2024-07-31T10:16:38+00:00\",\"author\":{\"@id\":\"https:\\\/\\\/arealorcaradio.es\\\/#\\\/schema\\\/person\\\/9fae605fc25b0f2c83c1ab207139bd27\"},\"breadcrumb\":{\"@id\":\"https:\\\/\\\/arealorcaradio.es\\\/index.php\\\/2024\\\/07\\\/31\\\/lorquinos-y-visitantes-podran-aparcar-gratis-durante-el-mes-de-agosto-en-la-zona-azul\\\/#breadcrumb\"},\"inLanguage\":\"es\",\"potentialAction\":[{\"@type\":\"ReadAction\",\"target\":[\"https:\\\/\\\/arealorcaradio.es\\\/index.php\\\/2024\\\/07\\\/31\\\/lorquinos-y-visitantes-podran-aparcar-gratis-durante-el-mes-de-agosto-en-la-zona-azul\\\/\"]}]},{\"@type\":\"ImageObject\",\"inLanguage\":\"es\",\"@id\":\"https:\\\/\\\/arealorcaradio.es\\\/index.php\\\/2024\\\/07\\\/31\\\/lorquinos-y-visitantes-podran-aparcar-gratis-durante-el-mes-de-agosto-en-la-zona-azul\\\/#primaryimage\",\"url\":\"https:\\\/\\\/arealorcaradio.es\\\/wp-content\\\/uploads\\\/2024\\\/07\\\/ORA-GRATUITA.jpeg\",\"contentUrl\":\"https:\\\/\\\/arealorcaradio.es\\\/wp-content\\\/uploads\\\/2024\\\/07\\\/ORA-GRATUITA.jpeg\",\"width\":2048,\"height\":1536},{\"@type\":\"BreadcrumbList\",\"@id\":\"https:\\\/\\\/arealorcaradio.es\\\/index.php\\\/2024\\\/07\\\/31\\\/lorquinos-y-visitantes-podran-aparcar-gratis-durante-el-mes-de-agosto-en-la-zona-azul\\\/#breadcrumb\",\"itemListElement\":[{\"@type\":\"ListItem\",\"position\":1,\"name\":\"Portada\",\"item\":\"https:\\\/\\\/arealorcaradio.es\\\/\"},{\"@type\":\"ListItem\",\"position\":2,\"name\":\"Lorquinos y visitantes podr\u00e1n aparcar gratis durante el mes de agosto en la zona azul \u00a0\"}]},{\"@type\":\"WebSite\",\"@id\":\"https:\\\/\\\/arealorcaradio.es\\\/#website\",\"url\":\"https:\\\/\\\/arealorcaradio.es\\\/\",\"name\":\"AREA LORCA RADIO\",\"description\":\"Descubre la programaci\u00f3n actual en \u00c1rea Lorca Radio, tu fuente de entrenamiento y noticias locales. Sintoniza ahora y mantente conectado online.\",\"potentialAction\":[{\"@type\":\"SearchAction\",\"target\":{\"@type\":\"EntryPoint\",\"urlTemplate\":\"https:\\\/\\\/arealorcaradio.es\\\/?s={search_term_string}\"},\"query-input\":{\"@type\":\"PropertyValueSpecification\",\"valueRequired\":true,\"valueName\":\"search_term_string\"}}],\"inLanguage\":\"es\"},{\"@type\":\"Person\",\"@id\":\"https:\\\/\\\/arealorcaradio.es\\\/#\\\/schema\\\/person\\\/9fae605fc25b0f2c83c1ab207139bd27\",\"name\":\"Paco S\u00e1nchez\",\"image\":{\"@type\":\"ImageObject\",\"inLanguage\":\"es\",\"@id\":\"https:\\\/\\\/secure.gravatar.com\\\/avatar\\\/d67144e966420fb74aa84c9f2a0103be4724fd14db52b52d3b6bca749f257e79?s=96&d=mm&r=g\",\"url\":\"https:\\\/\\\/secure.gravatar.com\\\/avatar\\\/d67144e966420fb74aa84c9f2a0103be4724fd14db52b52d3b6bca749f257e79?s=96&d=mm&r=g\",\"contentUrl\":\"https:\\\/\\\/secure.gravatar.com\\\/avatar\\\/d67144e966420fb74aa84c9f2a0103be4724fd14db52b52d3b6bca749f257e79?s=96&d=mm&r=g\",\"caption\":\"Paco S\u00e1nchez\"},\"sameAs\":[\"https:\\\/\\\/arealorcaradio.es\"],\"url\":\"https:\\\/\\\/arealorcaradio.es\\\/index.php\\\/author\\\/admin_alorcaradio\\\/\"}]}<\/script>\n<!-- \/ Yoast SEO plugin. -->","yoast_head_json":{"title":"Lorquinos y visitantes podr\u00e1n aparcar gratis durante el mes de agosto en la zona azul \u00a0 - AREA LORCA RADIO","robots":{"index":"index","follow":"follow","max-snippet":"max-snippet:-1","max-image-preview":"max-image-preview:large","max-video-preview":"max-video-preview:-1"},"canonical":"https:\/\/arealorcaradio.es\/index.php\/2024\/07\/31\/lorquinos-y-visitantes-podran-aparcar-gratis-durante-el-mes-de-agosto-en-la-zona-azul\/","og_locale":"es_ES","og_type":"article","og_title":"Lorquinos y visitantes podr\u00e1n aparcar gratis durante el mes de agosto en la zona azul \u00a0 - AREA LORCA RADIO","og_description":"\u00c1REA LORCA RADIO. 31 de julio de 2024.\u00a0Un verano m\u00e1s, la ordenanza reguladora del servicio ORA en el Ayuntamiento de Lorca permite aparcar sin coste durante el mes de agosto en la zona azul. Tambi\u00e9n quedan libres para cualquier usuario las plazas se\u00f1alizadas en color verde que el resto del a\u00f1o s\u00f3lo pueden ocupar veh\u00edculos [&hellip;]","og_url":"https:\/\/arealorcaradio.es\/index.php\/2024\/07\/31\/lorquinos-y-visitantes-podran-aparcar-gratis-durante-el-mes-de-agosto-en-la-zona-azul\/","og_site_name":"AREA LORCA RADIO","article_published_time":"2024-07-31T10:16:38+00:00","og_image":[{"width":2048,"height":1536,"url":"https:\/\/arealorcaradio.es\/wp-content\/uploads\/2024\/07\/ORA-GRATUITA.jpeg","type":"image\/jpeg"}],"author":"Paco S\u00e1nchez","twitter_card":"summary_large_image","twitter_misc":{"Escrito por":"Paco S\u00e1nchez","Tiempo de lectura":"3 minutos"},"schema":{"@context":"https:\/\/schema.org","@graph":[{"@type":"Article","@id":"https:\/\/arealorcaradio.es\/index.php\/2024\/07\/31\/lorquinos-y-visitantes-podran-aparcar-gratis-durante-el-mes-de-agosto-en-la-zona-azul\/#article","isPartOf":{"@id":"https:\/\/arealorcaradio.es\/index.php\/2024\/07\/31\/lorquinos-y-visitantes-podran-aparcar-gratis-durante-el-mes-de-agosto-en-la-zona-azul\/"},"author":{"name":"Paco S\u00e1nchez","@id":"https:\/\/arealorcaradio.es\/#\/schema\/person\/9fae605fc25b0f2c83c1ab207139bd27"},"headline":"Lorquinos y visitantes podr\u00e1n aparcar gratis durante el mes de agosto en la zona azul \u00a0","datePublished":"2024-07-31T10:16:38+00:00","mainEntityOfPage":{"@id":"https:\/\/arealorcaradio.es\/index.php\/2024\/07\/31\/lorquinos-y-visitantes-podran-aparcar-gratis-durante-el-mes-de-agosto-en-la-zona-azul\/"},"wordCount":493,"commentCount":0,"image":{"@id":"https:\/\/arealorcaradio.es\/index.php\/2024\/07\/31\/lorquinos-y-visitantes-podran-aparcar-gratis-durante-el-mes-de-agosto-en-la-zona-azul\/#primaryimage"},"thumbnailUrl":"https:\/\/arealorcaradio.es\/wp-content\/uploads\/2024\/07\/ORA-GRATUITA.jpeg","articleSection":["ACTUALIDAD","LORCA"],"inLanguage":"es","potentialAction":[{"@type":"CommentAction","name":"Comment","target":["https:\/\/arealorcaradio.es\/index.php\/2024\/07\/31\/lorquinos-y-visitantes-podran-aparcar-gratis-durante-el-mes-de-agosto-en-la-zona-azul\/#respond"]}]},{"@type":"WebPage","@id":"https:\/\/arealorcaradio.es\/index.php\/2024\/07\/31\/lorquinos-y-visitantes-podran-aparcar-gratis-durante-el-mes-de-agosto-en-la-zona-azul\/","url":"https:\/\/arealorcaradio.es\/index.php\/2024\/07\/31\/lorquinos-y-visitantes-podran-aparcar-gratis-durante-el-mes-de-agosto-en-la-zona-azul\/","name":"Lorquinos y visitantes podr\u00e1n aparcar gratis durante el mes de agosto en la zona azul \u00a0 - AREA LORCA RADIO","isPartOf":{"@id":"https:\/\/arealorcaradio.es\/#website"},"primaryImageOfPage":{"@id":"https:\/\/arealorcaradio.es\/index.php\/2024\/07\/31\/lorquinos-y-visitantes-podran-aparcar-gratis-durante-el-mes-de-agosto-en-la-zona-azul\/#primaryimage"},"image":{"@id":"https:\/\/arealorcaradio.es\/index.php\/2024\/07\/31\/lorquinos-y-visitantes-podran-aparcar-gratis-durante-el-mes-de-agosto-en-la-zona-azul\/#primaryimage"},"thumbnailUrl":"https:\/\/arealorcaradio.es\/wp-content\/uploads\/2024\/07\/ORA-GRATUITA.jpeg","datePublished":"2024-07-31T10:16:38+00:00","author":{"@id":"https:\/\/arealorcaradio.es\/#\/schema\/person\/9fae605fc25b0f2c83c1ab207139bd27"},"breadcrumb":{"@id":"https:\/\/arealorcaradio.es\/index.php\/2024\/07\/31\/lorquinos-y-visitantes-podran-aparcar-gratis-durante-el-mes-de-agosto-en-la-zona-azul\/#breadcrumb"},"inLanguage":"es","potentialAction":[{"@type":"ReadAction","target":["https:\/\/arealorcaradio.es\/index.php\/2024\/07\/31\/lorquinos-y-visitantes-podran-aparcar-gratis-durante-el-mes-de-agosto-en-la-zona-azul\/"]}]},{"@type":"ImageObject","inLanguage":"es","@id":"https:\/\/arealorcaradio.es\/index.php\/2024\/07\/31\/lorquinos-y-visitantes-podran-aparcar-gratis-durante-el-mes-de-agosto-en-la-zona-azul\/#primaryimage","url":"https:\/\/arealorcaradio.es\/wp-content\/uploads\/2024\/07\/ORA-GRATUITA.jpeg","contentUrl":"https:\/\/arealorcaradio.es\/wp-content\/uploads\/2024\/07\/ORA-GRATUITA.jpeg","width":2048,"height":1536},{"@type":"BreadcrumbList","@id":"https:\/\/arealorcaradio.es\/index.php\/2024\/07\/31\/lorquinos-y-visitantes-podran-aparcar-gratis-durante-el-mes-de-agosto-en-la-zona-azul\/#breadcrumb","itemListElement":[{"@type":"ListItem","position":1,"name":"Portada","item":"https:\/\/arealorcaradio.es\/"},{"@type":"ListItem","position":2,"name":"Lorquinos y visitantes podr\u00e1n aparcar gratis durante el mes de agosto en la zona azul \u00a0"}]},{"@type":"WebSite","@id":"https:\/\/arealorcaradio.es\/#website","url":"https:\/\/arealorcaradio.es\/","name":"AREA LORCA RADIO","description":"Descubre la programaci\u00f3n actual en \u00c1rea Lorca Radio, tu fuente de entrenamiento y noticias locales. Sintoniza ahora y mantente conectado online.","potentialAction":[{"@type":"SearchAction","target":{"@type":"EntryPoint","urlTemplate":"https:\/\/arealorcaradio.es\/?s={search_term_string}"},"query-input":{"@type":"PropertyValueSpecification","valueRequired":true,"valueName":"search_term_string"}}],"inLanguage":"es"},{"@type":"Person","@id":"https:\/\/arealorcaradio.es\/#\/schema\/person\/9fae605fc25b0f2c83c1ab207139bd27","name":"Paco S\u00e1nchez","image":{"@type":"ImageObject","inLanguage":"es","@id":"https:\/\/secure.gravatar.com\/avatar\/d67144e966420fb74aa84c9f2a0103be4724fd14db52b52d3b6bca749f257e79?s=96&d=mm&r=g","url":"https:\/\/secure.gravatar.com\/avatar\/d67144e966420fb74aa84c9f2a0103be4724fd14db52b52d3b6bca749f257e79?s=96&d=mm&r=g","contentUrl":"https:\/\/secure.gravatar.com\/avatar\/d67144e966420fb74aa84c9f2a0103be4724fd14db52b52d3b6bca749f257e79?s=96&d=mm&r=g","caption":"Paco S\u00e1nchez"},"sameAs":["https:\/\/arealorcaradio.es"],"url":"https:\/\/arealorcaradio.es\/index.php\/author\/admin_alorcaradio\/"}]}},"_links":{"self":[{"href":"https:\/\/arealorcaradio.es\/index.php\/wp-json\/wp\/v2\/posts\/3918","targetHints":{"allow":["GET"]}}],"collection":[{"href":"https:\/\/arealorcaradio.es\/index.php\/wp-json\/wp\/v2\/posts"}],"about":[{"href":"https:\/\/arealorcaradio.es\/index.php\/wp-json\/wp\/v2\/types\/post"}],"author":[{"embeddable":true,"href":"https:\/\/arealorcaradio.es\/index.php\/wp-json\/wp\/v2\/users\/1"}],"replies":[{"embeddable":true,"href":"https:\/\/arealorcaradio.es\/index.php\/wp-json\/wp\/v2\/comments?post=3918"}],"version-history":[{"count":2,"href":"https:\/\/arealorcaradio.es\/index.php\/wp-json\/wp\/v2\/posts\/3918\/revisions"}],"predecessor-version":[{"id":3921,"href":"https:\/\/arealorcaradio.es\/index.php\/wp-json\/wp\/v2\/posts\/3918\/revisions\/3921"}],"wp:featuredmedia":[{"embeddable":true,"href":"https:\/\/arealorcaradio.es\/index.php\/wp-json\/wp\/v2\/media\/3919"}],"wp:attachment":[{"href":"https:\/\/arealorcaradio.es\/index.php\/wp-json\/wp\/v2\/media?parent=3918"}],"wp:term":[{"taxonomy":"category","embeddable":true,"href":"https:\/\/arealorcaradio.es\/index.php\/wp-json\/wp\/v2\/categories?post=3918"},{"taxonomy":"post_tag","embeddable":true,"href":"https:\/\/arealorcaradio.es\/index.php\/wp-json\/wp\/v2\/tags?post=3918"}],"curies":[{"name":"wp","href":"https:\/\/api.w.org\/{rel}","templated":true}]}}