{"id":3913,"date":"2024-07-31T09:26:11","date_gmt":"2024-07-31T09:26:11","guid":{"rendered":"https:\/\/arealorcaradio.es\/?p=3913"},"modified":"2024-07-31T09:26:11","modified_gmt":"2024-07-31T09:26:11","slug":"la-familia-protagonista-de-las-jornadas-europeas-de-la-cultura-judia-que-se-celebraran-en-lorca-durante-el-mes-de-septiembre","status":"publish","type":"post","link":"https:\/\/arealorcaradio.es\/index.php\/2024\/07\/31\/la-familia-protagonista-de-las-jornadas-europeas-de-la-cultura-judia-que-se-celebraran-en-lorca-durante-el-mes-de-septiembre\/","title":{"rendered":"La familia, protagonista de las Jornadas Europeas de la Cultura Jud\u00eda que se celebrar\u00e1n en Lorca durante el mes de septiembre"},"content":{"rendered":"<p>\u00c1REA LORCA RADIO.<\/p>\n<p class=\"v1MsoNormal\"><b>31 de julio de 2024.<\/b>\u00a0Lorca acoger\u00e1 un a\u00f1o m\u00e1s la celebraci\u00f3n de las Jornadas Europeas de la Cultura Jud\u00eda, que tendr\u00e1n lugar del 1 al 30 de septiembre, y que estar\u00e1n dedicadas a la familia. Esta edici\u00f3n, como cada a\u00f1o, se organiza en colaboraci\u00f3n con la Red de Juder\u00edas de Espa\u00f1a y la Asociaci\u00f3n Europea para la Preservaci\u00f3n y Promoci\u00f3n de la Cultura y el Patrimonio Jud\u00edos, con el objetivo de poner en valor la diversidad, riqueza e importancia hist\u00f3rica del juda\u00edsmo.<\/p>\n<p class=\"v1MsoNormal\">El edil de Turismo, Santiago Parra Soriano, ha presentado este evento en la sala XII del Museo Arqueol\u00f3gico de Lorca (MUAL), un espacio dedicado exclusivamente a mostrar a lorquinos y visitantes el gran patrimonio hist\u00f3rico jud\u00edo que tenemos en el municipio y que fue hallado en las excavaciones del barrio jud\u00edo y la Sinagoga.<\/p>\n<p class=\"v1MsoNormal\"><img loading=\"lazy\" decoding=\"async\" class=\"alignnone size-medium wp-image-3916\" src=\"https:\/\/arealorcaradio.es\/wp-content\/uploads\/2024\/07\/DSC_0887_1-300x200.jpg\" alt=\"\" width=\"300\" height=\"200\" srcset=\"https:\/\/arealorcaradio.es\/wp-content\/uploads\/2024\/07\/DSC_0887_1-300x200.jpg 300w, https:\/\/arealorcaradio.es\/wp-content\/uploads\/2024\/07\/DSC_0887_1-1024x683.jpg 1024w, https:\/\/arealorcaradio.es\/wp-content\/uploads\/2024\/07\/DSC_0887_1-768x512.jpg 768w, https:\/\/arealorcaradio.es\/wp-content\/uploads\/2024\/07\/DSC_0887_1-1536x1024.jpg 1536w, https:\/\/arealorcaradio.es\/wp-content\/uploads\/2024\/07\/DSC_0887_1.jpg 1620w\" sizes=\"auto, (max-width: 300px) 100vw, 300px\" \/><\/p>\n<p class=\"v1MsoNormal\">Las jornadas, ha explicado Parra Soriano, estar\u00e1n dedicadas al concepto de familia, un tema que une tradici\u00f3n y modernidad, combinando la preservaci\u00f3n del patrimonio con la adaptaci\u00f3n a la vida moderna. \u00abA partir del domingo 1 de septiembre, en las ciudades de la Red se plantear\u00e1 un acercamiento a la familia en Sefarad a trav\u00e9s de un vinilo con un \u00e1rbol, colocado en alg\u00fan lugar visible de sus juder\u00edas, que pretende explorar la familia jud\u00eda en Europa para entender c\u00f3mo las generaciones j\u00f3venes interpretan y transmiten las tradiciones, asegurando la relevancia y vitalidad continua de la vida familiar\u00bb, ha indicado.<\/p>\n<p class=\"v1MsoNormal\">La aparici\u00f3n de los restos arqueol\u00f3gicos del barrio jud\u00edo del Castillo de Lorca y la Sinagoga, la \u00fanica en Espa\u00f1a que no ha sido profanada por otra religi\u00f3n, ha permitido profundizar en nuestras ra\u00edces hist\u00f3ricas y culturales. Desde el Gobierno de Lorca, se ha trabajado intensamente para difundir la cultura jud\u00eda, lo que llev\u00f3 a formar parte de la Red de Juder\u00edas de Espa\u00f1a en 2019.<\/p>\n<p class=\"v1MsoNormal\">\u00abDesde la concejal\u00eda de Turismo hemos creado un amplio programa de actividades que se desarrollaran durante todo el mes de septiembre, tanto en el Castillo como en la ciudad. El objetivo es que todos los lorquinos y visitantes participen, conozcan m\u00e1s a\u00fan la cultura jud\u00eda y disfruten de esta iniciativa que incluye visitas guiadas, talleres y actividades para todas las edades\u00bb, ha detallado el edil.<\/p>\n<p class=\"v1MsoNormal\">En concreto, en el Castillo de Lorca tendr\u00e1 lugar la\u00a0<b>visita guiada &#8216;Jugando en Sefarad&#8217;<\/b>, que se realizar\u00e1 todos los s\u00e1bados a las 18:30 horas y cuya reserva previa es imprescindible. Los precios ser\u00e1n de 10,50 euros para los adultos y los mayores de 16 a\u00f1os y de 8,50 euros para ni\u00f1os a partir de 5 a\u00f1os y poseedores de la Tarjeta Lorca y t\u00fa. Asimismo, se llevar\u00e1 a cabo una\u00a0<b>visita teatralizada de tem\u00e1tica jud\u00eda<\/b>\u00a0de la que se podr\u00e1 disfrutar el domingo 1 de septiembre a las 11:45 y a las 13:15 horas. Para esta tambi\u00e9n es necesario la reserva previa y el precio ser\u00e1 de 10,50 euros para los adultos y los mayores de 16 a\u00f1os y de 8,50 euros para ni\u00f1os a partir de 5 a\u00f1os y poseedores de la Tarjeta Lorca y t\u00fa.<\/p>\n<p class=\"v1MsoNormal\">Otra de las acciones que se desarrollar\u00e1n en el Castillo de Lorca ser\u00e1 el\u00a0<b>acceso a tres espacios y una experiencia gastron\u00f3mica sefard\u00ed<\/b>, que incluye visita a la Sinagoga de Lorca (11 horas), Torre Alfonsina (12 horas) y Torre del Espol\u00f3n (13 horas) para terminar degustando un men\u00fa sefard\u00ed en el Restaurante Las Caballerizas. Esta actividad tendr\u00e1 lugar todos los d\u00edas y el precio ser\u00e1 de 35 euros. Otra de las iniciativas que se desarrollar\u00e1 tambi\u00e9n todos los d\u00edas a las 11 y a las 14 horas \u2013 16:30 horas los s\u00e1bados &#8211; ser\u00e1 la\u00a0<b>visita guiada a la Juder\u00eda y la Sinagoga<\/b>. El precio ser\u00e1 de 4 euros para adultos, 3,75 euros para ni\u00f1os de 13 a 16 a\u00f1os, familia numerosa y poseedores de la Tarjeta Lorca y t\u00fa. Para los ni\u00f1os hasta 12 a\u00f1os ser\u00e1 gratuito.<\/p>\n<p class=\"v1MsoNormal\">La\u00a0<b>visita guiada &#8216;Lorca Sefard\u00ed&#8217;<\/b>\u00a0y la\u00a0<b>visita al Museo Arqueol\u00f3gico<\/b>\u00a0ser\u00e1n las actividades que se desarrollen en la ciudad. La primera, que tendr\u00e1 lugar el 14 de septiembre a las 12 horas, comenzar\u00e1 con una visita al MUAL y se completar\u00e1 con un recorrido guiado por los museos de bordados de Semana Santa del Paso Blanco y del Paso Azul. Tendr\u00e1 un precio de 12 euros para adultos; 10 euros para ni\u00f1os de entre 13 y 16 a\u00f1os, poseedores de la Tarjeta Lorca y t\u00fa y personas con derecho a reducci\u00f3n; y gratuita para ni\u00f1os de hasta 12 a\u00f1os.<\/p>\n<p class=\"v1MsoNormal\">Por \u00faltimo, en el Castillo de Lorca y en el Centro de Visitantes se realizar\u00e1 la actividad\u00a0<b>&#8216;El \u00e1rbol de la familia&#8217;<\/b>, que tiene como objetivo que los ciudadanos conozcan y entiendan c\u00f3mo las generaciones m\u00e1s j\u00f3venes interpretan y trasmiten las tradiciones asegurando la relevancia y vitalidad continua de la vida familiar. Tendr\u00e1 lugar del 1 al 30 septiembre y su fin es que los visitantes se hagan una fotograf\u00eda y participen en un sorteo.<\/p>\n","protected":false},"excerpt":{"rendered":"<p>\u00c1REA LORCA RADIO. 31 de julio de 2024.\u00a0Lorca acoger\u00e1 un a\u00f1o m\u00e1s la celebraci\u00f3n de las Jornadas Europeas de la Cultura Jud\u00eda, que tendr\u00e1n lugar del 1 al 30 de septiembre, y que estar\u00e1n dedicadas a la familia. Esta edici\u00f3n, como cada a\u00f1o, se organiza en colaboraci\u00f3n con la Red de Juder\u00edas de Espa\u00f1a y [&hellip;]<\/p>\n","protected":false},"author":1,"featured_media":3914,"comment_status":"open","ping_status":"open","sticky":false,"template":"","format":"standard","meta":{"iawp_total_views":8,"footnotes":""},"categories":[5,7],"tags":[],"class_list":["post-3913","post","type-post","status-publish","format-standard","has-post-thumbnail","hentry","category-actualidad","category-lorca"],"yoast_head":"<!-- This site is optimized with the Yoast SEO plugin v27.5 - https:\/\/yoast.com\/product\/yoast-seo-wordpress\/ -->\n<title>La familia, protagonista de las Jornadas Europeas de la Cultura Jud\u00eda que se celebrar\u00e1n en Lorca durante el mes de septiembre - AREA LORCA RADIO<\/title>\n<meta name=\"robots\" content=\"index, follow, max-snippet:-1, max-image-preview:large, max-video-preview:-1\" \/>\n<link rel=\"canonical\" href=\"https:\/\/arealorcaradio.es\/index.php\/2024\/07\/31\/la-familia-protagonista-de-las-jornadas-europeas-de-la-cultura-judia-que-se-celebraran-en-lorca-durante-el-mes-de-septiembre\/\" \/>\n<meta property=\"og:locale\" content=\"es_ES\" \/>\n<meta property=\"og:type\" content=\"article\" \/>\n<meta property=\"og:title\" content=\"La familia, protagonista de las Jornadas Europeas de la Cultura Jud\u00eda que se celebrar\u00e1n en Lorca durante el mes de septiembre - AREA LORCA RADIO\" \/>\n<meta property=\"og:description\" content=\"\u00c1REA LORCA RADIO. 31 de julio de 2024.\u00a0Lorca acoger\u00e1 un a\u00f1o m\u00e1s la celebraci\u00f3n de las Jornadas Europeas de la Cultura Jud\u00eda, que tendr\u00e1n lugar del 1 al 30 de septiembre, y que estar\u00e1n dedicadas a la familia. Esta edici\u00f3n, como cada a\u00f1o, se organiza en colaboraci\u00f3n con la Red de Juder\u00edas de Espa\u00f1a y [&hellip;]\" \/>\n<meta property=\"og:url\" content=\"https:\/\/arealorcaradio.es\/index.php\/2024\/07\/31\/la-familia-protagonista-de-las-jornadas-europeas-de-la-cultura-judia-que-se-celebraran-en-lorca-durante-el-mes-de-septiembre\/\" \/>\n<meta property=\"og:site_name\" content=\"AREA LORCA RADIO\" \/>\n<meta property=\"article:published_time\" content=\"2024-07-31T09:26:11+00:00\" \/>\n<meta property=\"og:image\" content=\"https:\/\/arealorcaradio.es\/wp-content\/uploads\/2024\/07\/DSC_0897_1.jpg\" \/>\n\t<meta property=\"og:image:width\" content=\"1620\" \/>\n\t<meta property=\"og:image:height\" content=\"1080\" \/>\n\t<meta property=\"og:image:type\" content=\"image\/jpeg\" \/>\n<meta name=\"author\" content=\"Paco S\u00e1nchez\" \/>\n<meta name=\"twitter:card\" content=\"summary_large_image\" \/>\n<meta name=\"twitter:label1\" content=\"Escrito por\" \/>\n\t<meta name=\"twitter:data1\" content=\"Paco S\u00e1nchez\" \/>\n\t<meta name=\"twitter:label2\" content=\"Tiempo de lectura\" \/>\n\t<meta name=\"twitter:data2\" content=\"5 minutos\" \/>\n<script type=\"application\/ld+json\" class=\"yoast-schema-graph\">{\"@context\":\"https:\\\/\\\/schema.org\",\"@graph\":[{\"@type\":\"Article\",\"@id\":\"https:\\\/\\\/arealorcaradio.es\\\/index.php\\\/2024\\\/07\\\/31\\\/la-familia-protagonista-de-las-jornadas-europeas-de-la-cultura-judia-que-se-celebraran-en-lorca-durante-el-mes-de-septiembre\\\/#article\",\"isPartOf\":{\"@id\":\"https:\\\/\\\/arealorcaradio.es\\\/index.php\\\/2024\\\/07\\\/31\\\/la-familia-protagonista-de-las-jornadas-europeas-de-la-cultura-judia-que-se-celebraran-en-lorca-durante-el-mes-de-septiembre\\\/\"},\"author\":{\"name\":\"Paco S\u00e1nchez\",\"@id\":\"https:\\\/\\\/arealorcaradio.es\\\/#\\\/schema\\\/person\\\/9fae605fc25b0f2c83c1ab207139bd27\"},\"headline\":\"La familia, protagonista de las Jornadas Europeas de la Cultura Jud\u00eda que se celebrar\u00e1n en Lorca durante el mes de septiembre\",\"datePublished\":\"2024-07-31T09:26:11+00:00\",\"mainEntityOfPage\":{\"@id\":\"https:\\\/\\\/arealorcaradio.es\\\/index.php\\\/2024\\\/07\\\/31\\\/la-familia-protagonista-de-las-jornadas-europeas-de-la-cultura-judia-que-se-celebraran-en-lorca-durante-el-mes-de-septiembre\\\/\"},\"wordCount\":884,\"commentCount\":0,\"image\":{\"@id\":\"https:\\\/\\\/arealorcaradio.es\\\/index.php\\\/2024\\\/07\\\/31\\\/la-familia-protagonista-de-las-jornadas-europeas-de-la-cultura-judia-que-se-celebraran-en-lorca-durante-el-mes-de-septiembre\\\/#primaryimage\"},\"thumbnailUrl\":\"https:\\\/\\\/arealorcaradio.es\\\/wp-content\\\/uploads\\\/2024\\\/07\\\/DSC_0897_1.jpg\",\"articleSection\":[\"ACTUALIDAD\",\"LORCA\"],\"inLanguage\":\"es\",\"potentialAction\":[{\"@type\":\"CommentAction\",\"name\":\"Comment\",\"target\":[\"https:\\\/\\\/arealorcaradio.es\\\/index.php\\\/2024\\\/07\\\/31\\\/la-familia-protagonista-de-las-jornadas-europeas-de-la-cultura-judia-que-se-celebraran-en-lorca-durante-el-mes-de-septiembre\\\/#respond\"]}]},{\"@type\":\"WebPage\",\"@id\":\"https:\\\/\\\/arealorcaradio.es\\\/index.php\\\/2024\\\/07\\\/31\\\/la-familia-protagonista-de-las-jornadas-europeas-de-la-cultura-judia-que-se-celebraran-en-lorca-durante-el-mes-de-septiembre\\\/\",\"url\":\"https:\\\/\\\/arealorcaradio.es\\\/index.php\\\/2024\\\/07\\\/31\\\/la-familia-protagonista-de-las-jornadas-europeas-de-la-cultura-judia-que-se-celebraran-en-lorca-durante-el-mes-de-septiembre\\\/\",\"name\":\"La familia, protagonista de las Jornadas Europeas de la Cultura Jud\u00eda que se celebrar\u00e1n en Lorca durante el mes de septiembre - AREA LORCA RADIO\",\"isPartOf\":{\"@id\":\"https:\\\/\\\/arealorcaradio.es\\\/#website\"},\"primaryImageOfPage\":{\"@id\":\"https:\\\/\\\/arealorcaradio.es\\\/index.php\\\/2024\\\/07\\\/31\\\/la-familia-protagonista-de-las-jornadas-europeas-de-la-cultura-judia-que-se-celebraran-en-lorca-durante-el-mes-de-septiembre\\\/#primaryimage\"},\"image\":{\"@id\":\"https:\\\/\\\/arealorcaradio.es\\\/index.php\\\/2024\\\/07\\\/31\\\/la-familia-protagonista-de-las-jornadas-europeas-de-la-cultura-judia-que-se-celebraran-en-lorca-durante-el-mes-de-septiembre\\\/#primaryimage\"},\"thumbnailUrl\":\"https:\\\/\\\/arealorcaradio.es\\\/wp-content\\\/uploads\\\/2024\\\/07\\\/DSC_0897_1.jpg\",\"datePublished\":\"2024-07-31T09:26:11+00:00\",\"author\":{\"@id\":\"https:\\\/\\\/arealorcaradio.es\\\/#\\\/schema\\\/person\\\/9fae605fc25b0f2c83c1ab207139bd27\"},\"breadcrumb\":{\"@id\":\"https:\\\/\\\/arealorcaradio.es\\\/index.php\\\/2024\\\/07\\\/31\\\/la-familia-protagonista-de-las-jornadas-europeas-de-la-cultura-judia-que-se-celebraran-en-lorca-durante-el-mes-de-septiembre\\\/#breadcrumb\"},\"inLanguage\":\"es\",\"potentialAction\":[{\"@type\":\"ReadAction\",\"target\":[\"https:\\\/\\\/arealorcaradio.es\\\/index.php\\\/2024\\\/07\\\/31\\\/la-familia-protagonista-de-las-jornadas-europeas-de-la-cultura-judia-que-se-celebraran-en-lorca-durante-el-mes-de-septiembre\\\/\"]}]},{\"@type\":\"ImageObject\",\"inLanguage\":\"es\",\"@id\":\"https:\\\/\\\/arealorcaradio.es\\\/index.php\\\/2024\\\/07\\\/31\\\/la-familia-protagonista-de-las-jornadas-europeas-de-la-cultura-judia-que-se-celebraran-en-lorca-durante-el-mes-de-septiembre\\\/#primaryimage\",\"url\":\"https:\\\/\\\/arealorcaradio.es\\\/wp-content\\\/uploads\\\/2024\\\/07\\\/DSC_0897_1.jpg\",\"contentUrl\":\"https:\\\/\\\/arealorcaradio.es\\\/wp-content\\\/uploads\\\/2024\\\/07\\\/DSC_0897_1.jpg\",\"width\":1620,\"height\":1080},{\"@type\":\"BreadcrumbList\",\"@id\":\"https:\\\/\\\/arealorcaradio.es\\\/index.php\\\/2024\\\/07\\\/31\\\/la-familia-protagonista-de-las-jornadas-europeas-de-la-cultura-judia-que-se-celebraran-en-lorca-durante-el-mes-de-septiembre\\\/#breadcrumb\",\"itemListElement\":[{\"@type\":\"ListItem\",\"position\":1,\"name\":\"Portada\",\"item\":\"https:\\\/\\\/arealorcaradio.es\\\/\"},{\"@type\":\"ListItem\",\"position\":2,\"name\":\"La familia, protagonista de las Jornadas Europeas de la Cultura Jud\u00eda que se celebrar\u00e1n en Lorca durante el mes de septiembre\"}]},{\"@type\":\"WebSite\",\"@id\":\"https:\\\/\\\/arealorcaradio.es\\\/#website\",\"url\":\"https:\\\/\\\/arealorcaradio.es\\\/\",\"name\":\"AREA LORCA RADIO\",\"description\":\"Descubre la programaci\u00f3n actual en \u00c1rea Lorca Radio, tu fuente de entrenamiento y noticias locales. Sintoniza ahora y mantente conectado online.\",\"potentialAction\":[{\"@type\":\"SearchAction\",\"target\":{\"@type\":\"EntryPoint\",\"urlTemplate\":\"https:\\\/\\\/arealorcaradio.es\\\/?s={search_term_string}\"},\"query-input\":{\"@type\":\"PropertyValueSpecification\",\"valueRequired\":true,\"valueName\":\"search_term_string\"}}],\"inLanguage\":\"es\"},{\"@type\":\"Person\",\"@id\":\"https:\\\/\\\/arealorcaradio.es\\\/#\\\/schema\\\/person\\\/9fae605fc25b0f2c83c1ab207139bd27\",\"name\":\"Paco S\u00e1nchez\",\"image\":{\"@type\":\"ImageObject\",\"inLanguage\":\"es\",\"@id\":\"https:\\\/\\\/secure.gravatar.com\\\/avatar\\\/d67144e966420fb74aa84c9f2a0103be4724fd14db52b52d3b6bca749f257e79?s=96&d=mm&r=g\",\"url\":\"https:\\\/\\\/secure.gravatar.com\\\/avatar\\\/d67144e966420fb74aa84c9f2a0103be4724fd14db52b52d3b6bca749f257e79?s=96&d=mm&r=g\",\"contentUrl\":\"https:\\\/\\\/secure.gravatar.com\\\/avatar\\\/d67144e966420fb74aa84c9f2a0103be4724fd14db52b52d3b6bca749f257e79?s=96&d=mm&r=g\",\"caption\":\"Paco S\u00e1nchez\"},\"sameAs\":[\"https:\\\/\\\/arealorcaradio.es\"],\"url\":\"https:\\\/\\\/arealorcaradio.es\\\/index.php\\\/author\\\/admin_alorcaradio\\\/\"}]}<\/script>\n<!-- \/ Yoast SEO plugin. -->","yoast_head_json":{"title":"La familia, protagonista de las Jornadas Europeas de la Cultura Jud\u00eda que se celebrar\u00e1n en Lorca durante el mes de septiembre - AREA LORCA RADIO","robots":{"index":"index","follow":"follow","max-snippet":"max-snippet:-1","max-image-preview":"max-image-preview:large","max-video-preview":"max-video-preview:-1"},"canonical":"https:\/\/arealorcaradio.es\/index.php\/2024\/07\/31\/la-familia-protagonista-de-las-jornadas-europeas-de-la-cultura-judia-que-se-celebraran-en-lorca-durante-el-mes-de-septiembre\/","og_locale":"es_ES","og_type":"article","og_title":"La familia, protagonista de las Jornadas Europeas de la Cultura Jud\u00eda que se celebrar\u00e1n en Lorca durante el mes de septiembre - AREA LORCA RADIO","og_description":"\u00c1REA LORCA RADIO. 31 de julio de 2024.\u00a0Lorca acoger\u00e1 un a\u00f1o m\u00e1s la celebraci\u00f3n de las Jornadas Europeas de la Cultura Jud\u00eda, que tendr\u00e1n lugar del 1 al 30 de septiembre, y que estar\u00e1n dedicadas a la familia. Esta edici\u00f3n, como cada a\u00f1o, se organiza en colaboraci\u00f3n con la Red de Juder\u00edas de Espa\u00f1a y [&hellip;]","og_url":"https:\/\/arealorcaradio.es\/index.php\/2024\/07\/31\/la-familia-protagonista-de-las-jornadas-europeas-de-la-cultura-judia-que-se-celebraran-en-lorca-durante-el-mes-de-septiembre\/","og_site_name":"AREA LORCA RADIO","article_published_time":"2024-07-31T09:26:11+00:00","og_image":[{"width":1620,"height":1080,"url":"https:\/\/arealorcaradio.es\/wp-content\/uploads\/2024\/07\/DSC_0897_1.jpg","type":"image\/jpeg"}],"author":"Paco S\u00e1nchez","twitter_card":"summary_large_image","twitter_misc":{"Escrito por":"Paco S\u00e1nchez","Tiempo de lectura":"5 minutos"},"schema":{"@context":"https:\/\/schema.org","@graph":[{"@type":"Article","@id":"https:\/\/arealorcaradio.es\/index.php\/2024\/07\/31\/la-familia-protagonista-de-las-jornadas-europeas-de-la-cultura-judia-que-se-celebraran-en-lorca-durante-el-mes-de-septiembre\/#article","isPartOf":{"@id":"https:\/\/arealorcaradio.es\/index.php\/2024\/07\/31\/la-familia-protagonista-de-las-jornadas-europeas-de-la-cultura-judia-que-se-celebraran-en-lorca-durante-el-mes-de-septiembre\/"},"author":{"name":"Paco S\u00e1nchez","@id":"https:\/\/arealorcaradio.es\/#\/schema\/person\/9fae605fc25b0f2c83c1ab207139bd27"},"headline":"La familia, protagonista de las Jornadas Europeas de la Cultura Jud\u00eda que se celebrar\u00e1n en Lorca durante el mes de septiembre","datePublished":"2024-07-31T09:26:11+00:00","mainEntityOfPage":{"@id":"https:\/\/arealorcaradio.es\/index.php\/2024\/07\/31\/la-familia-protagonista-de-las-jornadas-europeas-de-la-cultura-judia-que-se-celebraran-en-lorca-durante-el-mes-de-septiembre\/"},"wordCount":884,"commentCount":0,"image":{"@id":"https:\/\/arealorcaradio.es\/index.php\/2024\/07\/31\/la-familia-protagonista-de-las-jornadas-europeas-de-la-cultura-judia-que-se-celebraran-en-lorca-durante-el-mes-de-septiembre\/#primaryimage"},"thumbnailUrl":"https:\/\/arealorcaradio.es\/wp-content\/uploads\/2024\/07\/DSC_0897_1.jpg","articleSection":["ACTUALIDAD","LORCA"],"inLanguage":"es","potentialAction":[{"@type":"CommentAction","name":"Comment","target":["https:\/\/arealorcaradio.es\/index.php\/2024\/07\/31\/la-familia-protagonista-de-las-jornadas-europeas-de-la-cultura-judia-que-se-celebraran-en-lorca-durante-el-mes-de-septiembre\/#respond"]}]},{"@type":"WebPage","@id":"https:\/\/arealorcaradio.es\/index.php\/2024\/07\/31\/la-familia-protagonista-de-las-jornadas-europeas-de-la-cultura-judia-que-se-celebraran-en-lorca-durante-el-mes-de-septiembre\/","url":"https:\/\/arealorcaradio.es\/index.php\/2024\/07\/31\/la-familia-protagonista-de-las-jornadas-europeas-de-la-cultura-judia-que-se-celebraran-en-lorca-durante-el-mes-de-septiembre\/","name":"La familia, protagonista de las Jornadas Europeas de la Cultura Jud\u00eda que se celebrar\u00e1n en Lorca durante el mes de septiembre - AREA LORCA RADIO","isPartOf":{"@id":"https:\/\/arealorcaradio.es\/#website"},"primaryImageOfPage":{"@id":"https:\/\/arealorcaradio.es\/index.php\/2024\/07\/31\/la-familia-protagonista-de-las-jornadas-europeas-de-la-cultura-judia-que-se-celebraran-en-lorca-durante-el-mes-de-septiembre\/#primaryimage"},"image":{"@id":"https:\/\/arealorcaradio.es\/index.php\/2024\/07\/31\/la-familia-protagonista-de-las-jornadas-europeas-de-la-cultura-judia-que-se-celebraran-en-lorca-durante-el-mes-de-septiembre\/#primaryimage"},"thumbnailUrl":"https:\/\/arealorcaradio.es\/wp-content\/uploads\/2024\/07\/DSC_0897_1.jpg","datePublished":"2024-07-31T09:26:11+00:00","author":{"@id":"https:\/\/arealorcaradio.es\/#\/schema\/person\/9fae605fc25b0f2c83c1ab207139bd27"},"breadcrumb":{"@id":"https:\/\/arealorcaradio.es\/index.php\/2024\/07\/31\/la-familia-protagonista-de-las-jornadas-europeas-de-la-cultura-judia-que-se-celebraran-en-lorca-durante-el-mes-de-septiembre\/#breadcrumb"},"inLanguage":"es","potentialAction":[{"@type":"ReadAction","target":["https:\/\/arealorcaradio.es\/index.php\/2024\/07\/31\/la-familia-protagonista-de-las-jornadas-europeas-de-la-cultura-judia-que-se-celebraran-en-lorca-durante-el-mes-de-septiembre\/"]}]},{"@type":"ImageObject","inLanguage":"es","@id":"https:\/\/arealorcaradio.es\/index.php\/2024\/07\/31\/la-familia-protagonista-de-las-jornadas-europeas-de-la-cultura-judia-que-se-celebraran-en-lorca-durante-el-mes-de-septiembre\/#primaryimage","url":"https:\/\/arealorcaradio.es\/wp-content\/uploads\/2024\/07\/DSC_0897_1.jpg","contentUrl":"https:\/\/arealorcaradio.es\/wp-content\/uploads\/2024\/07\/DSC_0897_1.jpg","width":1620,"height":1080},{"@type":"BreadcrumbList","@id":"https:\/\/arealorcaradio.es\/index.php\/2024\/07\/31\/la-familia-protagonista-de-las-jornadas-europeas-de-la-cultura-judia-que-se-celebraran-en-lorca-durante-el-mes-de-septiembre\/#breadcrumb","itemListElement":[{"@type":"ListItem","position":1,"name":"Portada","item":"https:\/\/arealorcaradio.es\/"},{"@type":"ListItem","position":2,"name":"La familia, protagonista de las Jornadas Europeas de la Cultura Jud\u00eda que se celebrar\u00e1n en Lorca durante el mes de septiembre"}]},{"@type":"WebSite","@id":"https:\/\/arealorcaradio.es\/#website","url":"https:\/\/arealorcaradio.es\/","name":"AREA LORCA RADIO","description":"Descubre la programaci\u00f3n actual en \u00c1rea Lorca Radio, tu fuente de entrenamiento y noticias locales. Sintoniza ahora y mantente conectado online.","potentialAction":[{"@type":"SearchAction","target":{"@type":"EntryPoint","urlTemplate":"https:\/\/arealorcaradio.es\/?s={search_term_string}"},"query-input":{"@type":"PropertyValueSpecification","valueRequired":true,"valueName":"search_term_string"}}],"inLanguage":"es"},{"@type":"Person","@id":"https:\/\/arealorcaradio.es\/#\/schema\/person\/9fae605fc25b0f2c83c1ab207139bd27","name":"Paco S\u00e1nchez","image":{"@type":"ImageObject","inLanguage":"es","@id":"https:\/\/secure.gravatar.com\/avatar\/d67144e966420fb74aa84c9f2a0103be4724fd14db52b52d3b6bca749f257e79?s=96&d=mm&r=g","url":"https:\/\/secure.gravatar.com\/avatar\/d67144e966420fb74aa84c9f2a0103be4724fd14db52b52d3b6bca749f257e79?s=96&d=mm&r=g","contentUrl":"https:\/\/secure.gravatar.com\/avatar\/d67144e966420fb74aa84c9f2a0103be4724fd14db52b52d3b6bca749f257e79?s=96&d=mm&r=g","caption":"Paco S\u00e1nchez"},"sameAs":["https:\/\/arealorcaradio.es"],"url":"https:\/\/arealorcaradio.es\/index.php\/author\/admin_alorcaradio\/"}]}},"_links":{"self":[{"href":"https:\/\/arealorcaradio.es\/index.php\/wp-json\/wp\/v2\/posts\/3913","targetHints":{"allow":["GET"]}}],"collection":[{"href":"https:\/\/arealorcaradio.es\/index.php\/wp-json\/wp\/v2\/posts"}],"about":[{"href":"https:\/\/arealorcaradio.es\/index.php\/wp-json\/wp\/v2\/types\/post"}],"author":[{"embeddable":true,"href":"https:\/\/arealorcaradio.es\/index.php\/wp-json\/wp\/v2\/users\/1"}],"replies":[{"embeddable":true,"href":"https:\/\/arealorcaradio.es\/index.php\/wp-json\/wp\/v2\/comments?post=3913"}],"version-history":[{"count":2,"href":"https:\/\/arealorcaradio.es\/index.php\/wp-json\/wp\/v2\/posts\/3913\/revisions"}],"predecessor-version":[{"id":3917,"href":"https:\/\/arealorcaradio.es\/index.php\/wp-json\/wp\/v2\/posts\/3913\/revisions\/3917"}],"wp:featuredmedia":[{"embeddable":true,"href":"https:\/\/arealorcaradio.es\/index.php\/wp-json\/wp\/v2\/media\/3914"}],"wp:attachment":[{"href":"https:\/\/arealorcaradio.es\/index.php\/wp-json\/wp\/v2\/media?parent=3913"}],"wp:term":[{"taxonomy":"category","embeddable":true,"href":"https:\/\/arealorcaradio.es\/index.php\/wp-json\/wp\/v2\/categories?post=3913"},{"taxonomy":"post_tag","embeddable":true,"href":"https:\/\/arealorcaradio.es\/index.php\/wp-json\/wp\/v2\/tags?post=3913"}],"curies":[{"name":"wp","href":"https:\/\/api.w.org\/{rel}","templated":true}]}}