{"id":3897,"date":"2024-07-30T10:48:17","date_gmt":"2024-07-30T10:48:17","guid":{"rendered":"https:\/\/arealorcaradio.es\/?p=3897"},"modified":"2024-07-30T10:48:17","modified_gmt":"2024-07-30T10:48:17","slug":"atletas-populares-de-todas-las-categorias-se-citan-el-domingo-en-la-19a-edicion-de-la-carrera-de-las-fiestas-de-campillo","status":"publish","type":"post","link":"https:\/\/arealorcaradio.es\/index.php\/2024\/07\/30\/atletas-populares-de-todas-las-categorias-se-citan-el-domingo-en-la-19a-edicion-de-la-carrera-de-las-fiestas-de-campillo\/","title":{"rendered":"Atletas populares de todas las categor\u00edas se citan el domingo en la\u00a019\u00aa edici\u00f3n de la carrera de las fiestas de Campillo"},"content":{"rendered":"<p class=\"v1MsoNormal\">\u00c1REA LORCA RADIO.<\/p>\n<p class=\"v1MsoNormal\"><b><span lang=\"ES-TRAD\">30 de julio de 2024.\u00a0<\/span><\/b><span lang=\"ES-TRAD\">La pedan\u00eda lorquina de Campillo acoge el pr\u00f3ximo domingo 4 de agosto la d\u00e9cimo novena edici\u00f3n de su carrera popular que cada a\u00f1o se organiza coincidiendo con las fiestas patronales en honor a San Cayetano. Atletas de todas las edades y categor\u00edas est\u00e1n llamados a participar en esta prueba con salida y meta en el recinto de las fiestas, ubicado junto a la iglesia. A las nueve y media de la ma\u00f1ana se dar\u00e1 la salida a la prueba absoluta que comprende una distancia de 5.400 metros. En la misma pueden participar las categor\u00edas cadetes, juvenil, j\u00fanior, promesas, senior y veteranos.<\/span><\/p>\n<p class=\"v1MsoNormal\"><span lang=\"ES-TRAD\">Al t\u00e9rmino de la carrera absoluta tomar\u00e1n la salida los m\u00e1s peque\u00f1os, la categor\u00eda petate, que recorrer\u00e1n 70 metros hasta la meta donde los aguardar\u00e1n sus familiares. Alevines e infantiles cubrir\u00e1n una distancia de 1.330 metros por un circuito que comprende los caminos aleda\u00f1os al recinto ferial. Esta ser\u00e1 la tercera de las pruebas que dar\u00e1 paso a la \u00faltima, la correspondiente a las categor\u00edas benjam\u00edn y prebenjam\u00edn con una distancia de 700 metros entre la salida y la meta. Una vez finalizadas todas las carreras se proceder\u00e1 a la entrega de trofeos a los tres primeros clasificados de las diferentes categor\u00edas.<\/span><\/p>\n<p class=\"v1MsoNormal\"><span lang=\"ES-TRAD\">La cuota de inscripci\u00f3n es de 3 euros para las categor\u00edas cadete y superiores; de 1 euro para la categor\u00eda infantil e ; y gratuita para los petates, cuya inscripci\u00f3n se realizar\u00e1 el mismo d\u00eda de la prueba. En el caso del resto de participantes, la inscripci\u00f3n est\u00e1 abierta en la plataforma\u00a0<\/span><span lang=\"ES-TRAD\"><a href=\"https:\/\/www.alcanzatumeta.es\/carrera-popular-fiestas-de-campillo-2024\/\" target=\"_blank\" rel=\"noopener noreferrer\">alcanzatumeta<\/a><\/span><\/p>\n<p class=\"v1MsoNormal\"><span lang=\"ES-TRAD\">La carrera popular de las fiestas de Campillo est\u00e1\u00a0 organizada por la Asociaci\u00f3n de Vecinos de Campillo en colaboraci\u00f3n con la Concejal\u00eda de Deportes del Ayuntamiento de Lorca. En la pasada edici\u00f3n, la participaci\u00f3n fue de 150 corredores.\u00a0<\/span><span lang=\"ES-TRAD\">Mario Molina del club Puertas Lorca se proclam\u00f3 campe\u00f3n con un tiempo de 18 minutos y 33 segundos en l\u00ednea de meta. Los clasificados en segundo y tercer lugar fueron Julio Alberto Ponce y Lucas Garc\u00eda.<\/span><\/p>\n<p><img loading=\"lazy\" decoding=\"async\" class=\"alignnone size-medium wp-image-3899\" src=\"https:\/\/arealorcaradio.es\/wp-content\/uploads\/2024\/07\/FB_IMG_1691320281071-300x225.jpg\" alt=\"\" width=\"300\" height=\"225\" srcset=\"https:\/\/arealorcaradio.es\/wp-content\/uploads\/2024\/07\/FB_IMG_1691320281071-300x225.jpg 300w, https:\/\/arealorcaradio.es\/wp-content\/uploads\/2024\/07\/FB_IMG_1691320281071-86x64.jpg 86w, https:\/\/arealorcaradio.es\/wp-content\/uploads\/2024\/07\/FB_IMG_1691320281071.jpg 720w\" sizes=\"auto, (max-width: 300px) 100vw, 300px\" \/><\/p>\n<p class=\"v1MsoNormal\"><span lang=\"ES-TRAD\">En categor\u00eda femenina, la primera mujer en cubrir todo el recorrido fue Sabina Mar\u00eda Rico Campillo del club Nogalte-Hogar Puerto Lumbreras. Segunda y tercera clasificada fueron Mari Huertas Mi\u00f1arro y Mar\u00eda C\u00e1novas.<\/span><\/p>\n<p>La galer\u00eda de campeones la encabeza en categor\u00eda masculina, el atleta del Club Puertas Lorca Mario Molina Salas con cuatro victorias, en los a\u00f1os 2017, 2018, 2019 y 2023.<\/p>\n","protected":false},"excerpt":{"rendered":"<p>\u00c1REA LORCA RADIO. 30 de julio de 2024.\u00a0La pedan\u00eda lorquina de Campillo acoge el pr\u00f3ximo domingo 4 de agosto la d\u00e9cimo novena edici\u00f3n de su carrera popular que cada a\u00f1o se organiza coincidiendo con las fiestas patronales en honor a San Cayetano. Atletas de todas las edades y categor\u00edas est\u00e1n llamados a participar en esta [&hellip;]<\/p>\n","protected":false},"author":1,"featured_media":3898,"comment_status":"open","ping_status":"open","sticky":false,"template":"","format":"standard","meta":{"iawp_total_views":16,"footnotes":""},"categories":[4,7],"tags":[],"class_list":["post-3897","post","type-post","status-publish","format-standard","has-post-thumbnail","hentry","category-deportes","category-lorca"],"yoast_head":"<!-- This site is optimized with the Yoast SEO plugin v27.5 - https:\/\/yoast.com\/product\/yoast-seo-wordpress\/ -->\n<title>Atletas populares de todas las categor\u00edas se citan el domingo en la\u00a019\u00aa edici\u00f3n de la carrera de las fiestas de Campillo - AREA LORCA RADIO<\/title>\n<meta name=\"robots\" content=\"index, follow, max-snippet:-1, max-image-preview:large, max-video-preview:-1\" \/>\n<link rel=\"canonical\" href=\"https:\/\/arealorcaradio.es\/index.php\/2024\/07\/30\/atletas-populares-de-todas-las-categorias-se-citan-el-domingo-en-la-19a-edicion-de-la-carrera-de-las-fiestas-de-campillo\/\" \/>\n<meta property=\"og:locale\" content=\"es_ES\" \/>\n<meta property=\"og:type\" content=\"article\" \/>\n<meta property=\"og:title\" content=\"Atletas populares de todas las categor\u00edas se citan el domingo en la\u00a019\u00aa edici\u00f3n de la carrera de las fiestas de Campillo - AREA LORCA RADIO\" \/>\n<meta property=\"og:description\" content=\"\u00c1REA LORCA RADIO. 30 de julio de 2024.\u00a0La pedan\u00eda lorquina de Campillo acoge el pr\u00f3ximo domingo 4 de agosto la d\u00e9cimo novena edici\u00f3n de su carrera popular que cada a\u00f1o se organiza coincidiendo con las fiestas patronales en honor a San Cayetano. Atletas de todas las edades y categor\u00edas est\u00e1n llamados a participar en esta [&hellip;]\" \/>\n<meta property=\"og:url\" content=\"https:\/\/arealorcaradio.es\/index.php\/2024\/07\/30\/atletas-populares-de-todas-las-categorias-se-citan-el-domingo-en-la-19a-edicion-de-la-carrera-de-las-fiestas-de-campillo\/\" \/>\n<meta property=\"og:site_name\" content=\"AREA LORCA RADIO\" \/>\n<meta property=\"article:published_time\" content=\"2024-07-30T10:48:17+00:00\" \/>\n<meta property=\"og:image\" content=\"https:\/\/arealorcaradio.es\/wp-content\/uploads\/2024\/07\/20230806_093247-scaled.jpg\" \/>\n\t<meta property=\"og:image:width\" content=\"2560\" \/>\n\t<meta property=\"og:image:height\" content=\"1920\" \/>\n\t<meta property=\"og:image:type\" content=\"image\/jpeg\" \/>\n<meta name=\"author\" content=\"Paco S\u00e1nchez\" \/>\n<meta name=\"twitter:card\" content=\"summary_large_image\" \/>\n<meta name=\"twitter:label1\" content=\"Escrito por\" \/>\n\t<meta name=\"twitter:data1\" content=\"Paco S\u00e1nchez\" \/>\n\t<meta name=\"twitter:label2\" content=\"Tiempo de lectura\" \/>\n\t<meta name=\"twitter:data2\" content=\"3 minutos\" \/>\n<script type=\"application\/ld+json\" class=\"yoast-schema-graph\">{\"@context\":\"https:\\\/\\\/schema.org\",\"@graph\":[{\"@type\":\"Article\",\"@id\":\"https:\\\/\\\/arealorcaradio.es\\\/index.php\\\/2024\\\/07\\\/30\\\/atletas-populares-de-todas-las-categorias-se-citan-el-domingo-en-la-19a-edicion-de-la-carrera-de-las-fiestas-de-campillo\\\/#article\",\"isPartOf\":{\"@id\":\"https:\\\/\\\/arealorcaradio.es\\\/index.php\\\/2024\\\/07\\\/30\\\/atletas-populares-de-todas-las-categorias-se-citan-el-domingo-en-la-19a-edicion-de-la-carrera-de-las-fiestas-de-campillo\\\/\"},\"author\":{\"name\":\"Paco S\u00e1nchez\",\"@id\":\"https:\\\/\\\/arealorcaradio.es\\\/#\\\/schema\\\/person\\\/9fae605fc25b0f2c83c1ab207139bd27\"},\"headline\":\"Atletas populares de todas las categor\u00edas se citan el domingo en la\u00a019\u00aa edici\u00f3n de la carrera de las fiestas de Campillo\",\"datePublished\":\"2024-07-30T10:48:17+00:00\",\"mainEntityOfPage\":{\"@id\":\"https:\\\/\\\/arealorcaradio.es\\\/index.php\\\/2024\\\/07\\\/30\\\/atletas-populares-de-todas-las-categorias-se-citan-el-domingo-en-la-19a-edicion-de-la-carrera-de-las-fiestas-de-campillo\\\/\"},\"wordCount\":450,\"commentCount\":0,\"image\":{\"@id\":\"https:\\\/\\\/arealorcaradio.es\\\/index.php\\\/2024\\\/07\\\/30\\\/atletas-populares-de-todas-las-categorias-se-citan-el-domingo-en-la-19a-edicion-de-la-carrera-de-las-fiestas-de-campillo\\\/#primaryimage\"},\"thumbnailUrl\":\"https:\\\/\\\/arealorcaradio.es\\\/wp-content\\\/uploads\\\/2024\\\/07\\\/20230806_093247-scaled.jpg\",\"articleSection\":[\"DEPORTES\",\"LORCA\"],\"inLanguage\":\"es\",\"potentialAction\":[{\"@type\":\"CommentAction\",\"name\":\"Comment\",\"target\":[\"https:\\\/\\\/arealorcaradio.es\\\/index.php\\\/2024\\\/07\\\/30\\\/atletas-populares-de-todas-las-categorias-se-citan-el-domingo-en-la-19a-edicion-de-la-carrera-de-las-fiestas-de-campillo\\\/#respond\"]}]},{\"@type\":\"WebPage\",\"@id\":\"https:\\\/\\\/arealorcaradio.es\\\/index.php\\\/2024\\\/07\\\/30\\\/atletas-populares-de-todas-las-categorias-se-citan-el-domingo-en-la-19a-edicion-de-la-carrera-de-las-fiestas-de-campillo\\\/\",\"url\":\"https:\\\/\\\/arealorcaradio.es\\\/index.php\\\/2024\\\/07\\\/30\\\/atletas-populares-de-todas-las-categorias-se-citan-el-domingo-en-la-19a-edicion-de-la-carrera-de-las-fiestas-de-campillo\\\/\",\"name\":\"Atletas populares de todas las categor\u00edas se citan el domingo en la\u00a019\u00aa edici\u00f3n de la carrera de las fiestas de Campillo - AREA LORCA RADIO\",\"isPartOf\":{\"@id\":\"https:\\\/\\\/arealorcaradio.es\\\/#website\"},\"primaryImageOfPage\":{\"@id\":\"https:\\\/\\\/arealorcaradio.es\\\/index.php\\\/2024\\\/07\\\/30\\\/atletas-populares-de-todas-las-categorias-se-citan-el-domingo-en-la-19a-edicion-de-la-carrera-de-las-fiestas-de-campillo\\\/#primaryimage\"},\"image\":{\"@id\":\"https:\\\/\\\/arealorcaradio.es\\\/index.php\\\/2024\\\/07\\\/30\\\/atletas-populares-de-todas-las-categorias-se-citan-el-domingo-en-la-19a-edicion-de-la-carrera-de-las-fiestas-de-campillo\\\/#primaryimage\"},\"thumbnailUrl\":\"https:\\\/\\\/arealorcaradio.es\\\/wp-content\\\/uploads\\\/2024\\\/07\\\/20230806_093247-scaled.jpg\",\"datePublished\":\"2024-07-30T10:48:17+00:00\",\"author\":{\"@id\":\"https:\\\/\\\/arealorcaradio.es\\\/#\\\/schema\\\/person\\\/9fae605fc25b0f2c83c1ab207139bd27\"},\"breadcrumb\":{\"@id\":\"https:\\\/\\\/arealorcaradio.es\\\/index.php\\\/2024\\\/07\\\/30\\\/atletas-populares-de-todas-las-categorias-se-citan-el-domingo-en-la-19a-edicion-de-la-carrera-de-las-fiestas-de-campillo\\\/#breadcrumb\"},\"inLanguage\":\"es\",\"potentialAction\":[{\"@type\":\"ReadAction\",\"target\":[\"https:\\\/\\\/arealorcaradio.es\\\/index.php\\\/2024\\\/07\\\/30\\\/atletas-populares-de-todas-las-categorias-se-citan-el-domingo-en-la-19a-edicion-de-la-carrera-de-las-fiestas-de-campillo\\\/\"]}]},{\"@type\":\"ImageObject\",\"inLanguage\":\"es\",\"@id\":\"https:\\\/\\\/arealorcaradio.es\\\/index.php\\\/2024\\\/07\\\/30\\\/atletas-populares-de-todas-las-categorias-se-citan-el-domingo-en-la-19a-edicion-de-la-carrera-de-las-fiestas-de-campillo\\\/#primaryimage\",\"url\":\"https:\\\/\\\/arealorcaradio.es\\\/wp-content\\\/uploads\\\/2024\\\/07\\\/20230806_093247-scaled.jpg\",\"contentUrl\":\"https:\\\/\\\/arealorcaradio.es\\\/wp-content\\\/uploads\\\/2024\\\/07\\\/20230806_093247-scaled.jpg\",\"width\":2560,\"height\":1920},{\"@type\":\"BreadcrumbList\",\"@id\":\"https:\\\/\\\/arealorcaradio.es\\\/index.php\\\/2024\\\/07\\\/30\\\/atletas-populares-de-todas-las-categorias-se-citan-el-domingo-en-la-19a-edicion-de-la-carrera-de-las-fiestas-de-campillo\\\/#breadcrumb\",\"itemListElement\":[{\"@type\":\"ListItem\",\"position\":1,\"name\":\"Portada\",\"item\":\"https:\\\/\\\/arealorcaradio.es\\\/\"},{\"@type\":\"ListItem\",\"position\":2,\"name\":\"Atletas populares de todas las categor\u00edas se citan el domingo en la\u00a019\u00aa edici\u00f3n de la carrera de las fiestas de Campillo\"}]},{\"@type\":\"WebSite\",\"@id\":\"https:\\\/\\\/arealorcaradio.es\\\/#website\",\"url\":\"https:\\\/\\\/arealorcaradio.es\\\/\",\"name\":\"AREA LORCA RADIO\",\"description\":\"Descubre la programaci\u00f3n actual en \u00c1rea Lorca Radio, tu fuente de entrenamiento y noticias locales. Sintoniza ahora y mantente conectado online.\",\"potentialAction\":[{\"@type\":\"SearchAction\",\"target\":{\"@type\":\"EntryPoint\",\"urlTemplate\":\"https:\\\/\\\/arealorcaradio.es\\\/?s={search_term_string}\"},\"query-input\":{\"@type\":\"PropertyValueSpecification\",\"valueRequired\":true,\"valueName\":\"search_term_string\"}}],\"inLanguage\":\"es\"},{\"@type\":\"Person\",\"@id\":\"https:\\\/\\\/arealorcaradio.es\\\/#\\\/schema\\\/person\\\/9fae605fc25b0f2c83c1ab207139bd27\",\"name\":\"Paco S\u00e1nchez\",\"image\":{\"@type\":\"ImageObject\",\"inLanguage\":\"es\",\"@id\":\"https:\\\/\\\/secure.gravatar.com\\\/avatar\\\/d67144e966420fb74aa84c9f2a0103be4724fd14db52b52d3b6bca749f257e79?s=96&d=mm&r=g\",\"url\":\"https:\\\/\\\/secure.gravatar.com\\\/avatar\\\/d67144e966420fb74aa84c9f2a0103be4724fd14db52b52d3b6bca749f257e79?s=96&d=mm&r=g\",\"contentUrl\":\"https:\\\/\\\/secure.gravatar.com\\\/avatar\\\/d67144e966420fb74aa84c9f2a0103be4724fd14db52b52d3b6bca749f257e79?s=96&d=mm&r=g\",\"caption\":\"Paco S\u00e1nchez\"},\"sameAs\":[\"https:\\\/\\\/arealorcaradio.es\"],\"url\":\"https:\\\/\\\/arealorcaradio.es\\\/index.php\\\/author\\\/admin_alorcaradio\\\/\"}]}<\/script>\n<!-- \/ Yoast SEO plugin. -->","yoast_head_json":{"title":"Atletas populares de todas las categor\u00edas se citan el domingo en la\u00a019\u00aa edici\u00f3n de la carrera de las fiestas de Campillo - AREA LORCA RADIO","robots":{"index":"index","follow":"follow","max-snippet":"max-snippet:-1","max-image-preview":"max-image-preview:large","max-video-preview":"max-video-preview:-1"},"canonical":"https:\/\/arealorcaradio.es\/index.php\/2024\/07\/30\/atletas-populares-de-todas-las-categorias-se-citan-el-domingo-en-la-19a-edicion-de-la-carrera-de-las-fiestas-de-campillo\/","og_locale":"es_ES","og_type":"article","og_title":"Atletas populares de todas las categor\u00edas se citan el domingo en la\u00a019\u00aa edici\u00f3n de la carrera de las fiestas de Campillo - AREA LORCA RADIO","og_description":"\u00c1REA LORCA RADIO. 30 de julio de 2024.\u00a0La pedan\u00eda lorquina de Campillo acoge el pr\u00f3ximo domingo 4 de agosto la d\u00e9cimo novena edici\u00f3n de su carrera popular que cada a\u00f1o se organiza coincidiendo con las fiestas patronales en honor a San Cayetano. Atletas de todas las edades y categor\u00edas est\u00e1n llamados a participar en esta [&hellip;]","og_url":"https:\/\/arealorcaradio.es\/index.php\/2024\/07\/30\/atletas-populares-de-todas-las-categorias-se-citan-el-domingo-en-la-19a-edicion-de-la-carrera-de-las-fiestas-de-campillo\/","og_site_name":"AREA LORCA RADIO","article_published_time":"2024-07-30T10:48:17+00:00","og_image":[{"width":2560,"height":1920,"url":"https:\/\/arealorcaradio.es\/wp-content\/uploads\/2024\/07\/20230806_093247-scaled.jpg","type":"image\/jpeg"}],"author":"Paco S\u00e1nchez","twitter_card":"summary_large_image","twitter_misc":{"Escrito por":"Paco S\u00e1nchez","Tiempo de lectura":"3 minutos"},"schema":{"@context":"https:\/\/schema.org","@graph":[{"@type":"Article","@id":"https:\/\/arealorcaradio.es\/index.php\/2024\/07\/30\/atletas-populares-de-todas-las-categorias-se-citan-el-domingo-en-la-19a-edicion-de-la-carrera-de-las-fiestas-de-campillo\/#article","isPartOf":{"@id":"https:\/\/arealorcaradio.es\/index.php\/2024\/07\/30\/atletas-populares-de-todas-las-categorias-se-citan-el-domingo-en-la-19a-edicion-de-la-carrera-de-las-fiestas-de-campillo\/"},"author":{"name":"Paco S\u00e1nchez","@id":"https:\/\/arealorcaradio.es\/#\/schema\/person\/9fae605fc25b0f2c83c1ab207139bd27"},"headline":"Atletas populares de todas las categor\u00edas se citan el domingo en la\u00a019\u00aa edici\u00f3n de la carrera de las fiestas de Campillo","datePublished":"2024-07-30T10:48:17+00:00","mainEntityOfPage":{"@id":"https:\/\/arealorcaradio.es\/index.php\/2024\/07\/30\/atletas-populares-de-todas-las-categorias-se-citan-el-domingo-en-la-19a-edicion-de-la-carrera-de-las-fiestas-de-campillo\/"},"wordCount":450,"commentCount":0,"image":{"@id":"https:\/\/arealorcaradio.es\/index.php\/2024\/07\/30\/atletas-populares-de-todas-las-categorias-se-citan-el-domingo-en-la-19a-edicion-de-la-carrera-de-las-fiestas-de-campillo\/#primaryimage"},"thumbnailUrl":"https:\/\/arealorcaradio.es\/wp-content\/uploads\/2024\/07\/20230806_093247-scaled.jpg","articleSection":["DEPORTES","LORCA"],"inLanguage":"es","potentialAction":[{"@type":"CommentAction","name":"Comment","target":["https:\/\/arealorcaradio.es\/index.php\/2024\/07\/30\/atletas-populares-de-todas-las-categorias-se-citan-el-domingo-en-la-19a-edicion-de-la-carrera-de-las-fiestas-de-campillo\/#respond"]}]},{"@type":"WebPage","@id":"https:\/\/arealorcaradio.es\/index.php\/2024\/07\/30\/atletas-populares-de-todas-las-categorias-se-citan-el-domingo-en-la-19a-edicion-de-la-carrera-de-las-fiestas-de-campillo\/","url":"https:\/\/arealorcaradio.es\/index.php\/2024\/07\/30\/atletas-populares-de-todas-las-categorias-se-citan-el-domingo-en-la-19a-edicion-de-la-carrera-de-las-fiestas-de-campillo\/","name":"Atletas populares de todas las categor\u00edas se citan el domingo en la\u00a019\u00aa edici\u00f3n de la carrera de las fiestas de Campillo - AREA LORCA RADIO","isPartOf":{"@id":"https:\/\/arealorcaradio.es\/#website"},"primaryImageOfPage":{"@id":"https:\/\/arealorcaradio.es\/index.php\/2024\/07\/30\/atletas-populares-de-todas-las-categorias-se-citan-el-domingo-en-la-19a-edicion-de-la-carrera-de-las-fiestas-de-campillo\/#primaryimage"},"image":{"@id":"https:\/\/arealorcaradio.es\/index.php\/2024\/07\/30\/atletas-populares-de-todas-las-categorias-se-citan-el-domingo-en-la-19a-edicion-de-la-carrera-de-las-fiestas-de-campillo\/#primaryimage"},"thumbnailUrl":"https:\/\/arealorcaradio.es\/wp-content\/uploads\/2024\/07\/20230806_093247-scaled.jpg","datePublished":"2024-07-30T10:48:17+00:00","author":{"@id":"https:\/\/arealorcaradio.es\/#\/schema\/person\/9fae605fc25b0f2c83c1ab207139bd27"},"breadcrumb":{"@id":"https:\/\/arealorcaradio.es\/index.php\/2024\/07\/30\/atletas-populares-de-todas-las-categorias-se-citan-el-domingo-en-la-19a-edicion-de-la-carrera-de-las-fiestas-de-campillo\/#breadcrumb"},"inLanguage":"es","potentialAction":[{"@type":"ReadAction","target":["https:\/\/arealorcaradio.es\/index.php\/2024\/07\/30\/atletas-populares-de-todas-las-categorias-se-citan-el-domingo-en-la-19a-edicion-de-la-carrera-de-las-fiestas-de-campillo\/"]}]},{"@type":"ImageObject","inLanguage":"es","@id":"https:\/\/arealorcaradio.es\/index.php\/2024\/07\/30\/atletas-populares-de-todas-las-categorias-se-citan-el-domingo-en-la-19a-edicion-de-la-carrera-de-las-fiestas-de-campillo\/#primaryimage","url":"https:\/\/arealorcaradio.es\/wp-content\/uploads\/2024\/07\/20230806_093247-scaled.jpg","contentUrl":"https:\/\/arealorcaradio.es\/wp-content\/uploads\/2024\/07\/20230806_093247-scaled.jpg","width":2560,"height":1920},{"@type":"BreadcrumbList","@id":"https:\/\/arealorcaradio.es\/index.php\/2024\/07\/30\/atletas-populares-de-todas-las-categorias-se-citan-el-domingo-en-la-19a-edicion-de-la-carrera-de-las-fiestas-de-campillo\/#breadcrumb","itemListElement":[{"@type":"ListItem","position":1,"name":"Portada","item":"https:\/\/arealorcaradio.es\/"},{"@type":"ListItem","position":2,"name":"Atletas populares de todas las categor\u00edas se citan el domingo en la\u00a019\u00aa edici\u00f3n de la carrera de las fiestas de Campillo"}]},{"@type":"WebSite","@id":"https:\/\/arealorcaradio.es\/#website","url":"https:\/\/arealorcaradio.es\/","name":"AREA LORCA RADIO","description":"Descubre la programaci\u00f3n actual en \u00c1rea Lorca Radio, tu fuente de entrenamiento y noticias locales. Sintoniza ahora y mantente conectado online.","potentialAction":[{"@type":"SearchAction","target":{"@type":"EntryPoint","urlTemplate":"https:\/\/arealorcaradio.es\/?s={search_term_string}"},"query-input":{"@type":"PropertyValueSpecification","valueRequired":true,"valueName":"search_term_string"}}],"inLanguage":"es"},{"@type":"Person","@id":"https:\/\/arealorcaradio.es\/#\/schema\/person\/9fae605fc25b0f2c83c1ab207139bd27","name":"Paco S\u00e1nchez","image":{"@type":"ImageObject","inLanguage":"es","@id":"https:\/\/secure.gravatar.com\/avatar\/d67144e966420fb74aa84c9f2a0103be4724fd14db52b52d3b6bca749f257e79?s=96&d=mm&r=g","url":"https:\/\/secure.gravatar.com\/avatar\/d67144e966420fb74aa84c9f2a0103be4724fd14db52b52d3b6bca749f257e79?s=96&d=mm&r=g","contentUrl":"https:\/\/secure.gravatar.com\/avatar\/d67144e966420fb74aa84c9f2a0103be4724fd14db52b52d3b6bca749f257e79?s=96&d=mm&r=g","caption":"Paco S\u00e1nchez"},"sameAs":["https:\/\/arealorcaradio.es"],"url":"https:\/\/arealorcaradio.es\/index.php\/author\/admin_alorcaradio\/"}]}},"_links":{"self":[{"href":"https:\/\/arealorcaradio.es\/index.php\/wp-json\/wp\/v2\/posts\/3897","targetHints":{"allow":["GET"]}}],"collection":[{"href":"https:\/\/arealorcaradio.es\/index.php\/wp-json\/wp\/v2\/posts"}],"about":[{"href":"https:\/\/arealorcaradio.es\/index.php\/wp-json\/wp\/v2\/types\/post"}],"author":[{"embeddable":true,"href":"https:\/\/arealorcaradio.es\/index.php\/wp-json\/wp\/v2\/users\/1"}],"replies":[{"embeddable":true,"href":"https:\/\/arealorcaradio.es\/index.php\/wp-json\/wp\/v2\/comments?post=3897"}],"version-history":[{"count":2,"href":"https:\/\/arealorcaradio.es\/index.php\/wp-json\/wp\/v2\/posts\/3897\/revisions"}],"predecessor-version":[{"id":3901,"href":"https:\/\/arealorcaradio.es\/index.php\/wp-json\/wp\/v2\/posts\/3897\/revisions\/3901"}],"wp:featuredmedia":[{"embeddable":true,"href":"https:\/\/arealorcaradio.es\/index.php\/wp-json\/wp\/v2\/media\/3898"}],"wp:attachment":[{"href":"https:\/\/arealorcaradio.es\/index.php\/wp-json\/wp\/v2\/media?parent=3897"}],"wp:term":[{"taxonomy":"category","embeddable":true,"href":"https:\/\/arealorcaradio.es\/index.php\/wp-json\/wp\/v2\/categories?post=3897"},{"taxonomy":"post_tag","embeddable":true,"href":"https:\/\/arealorcaradio.es\/index.php\/wp-json\/wp\/v2\/tags?post=3897"}],"curies":[{"name":"wp","href":"https:\/\/api.w.org\/{rel}","templated":true}]}}