{"id":3894,"date":"2024-07-30T09:48:15","date_gmt":"2024-07-30T09:48:15","guid":{"rendered":"https:\/\/arealorcaradio.es\/?p=3894"},"modified":"2024-07-30T09:48:15","modified_gmt":"2024-07-30T09:48:15","slug":"la-intrusion-de-aire-sahariano-incrementa-los-niveles-de-las-particulas-pm10-en-lorca","status":"publish","type":"post","link":"https:\/\/arealorcaradio.es\/index.php\/2024\/07\/30\/la-intrusion-de-aire-sahariano-incrementa-los-niveles-de-las-particulas-pm10-en-lorca\/","title":{"rendered":"La intrusi\u00f3n de aire sahariano incrementa los niveles de las part\u00edculas PM10 en Lorca"},"content":{"rendered":"<p>\u00c1REA LORCA RADIO.<\/p>\n<p class=\"v1MsoNormal\"><b>30 de julio de 2024.<\/b>\u00a0Lorca vive este martes un nuevo episodio de incremento de los niveles de las part\u00edculas PM10 debido a la intrusi\u00f3n de masa de aire sahariano que est\u00e1 afectando a la Regi\u00f3n de Murcia. \u00abSe trata de un incremento de estos niveles de PM10 recogidos en la Red de Calidad del Aire, seg\u00fan los datos ofrecidos por la Comunidad Aut\u00f3noma de la Regi\u00f3n de Murcia debido a la predicci\u00f3n de masas de aire africano en el sureste peninsular que puede producir eventos de dep\u00f3sito seco y h\u00famedo de polvo\u00bb, ha afirmado la edil de Medio Ambiente, Mar\u00eda Hern\u00e1ndez.<\/p>\n<p class=\"v1MsoNormal\">Para hoy, 30 de julio, se prev\u00e9 la intensificaci\u00f3n del episodio que est\u00e1 afectando al sureste peninsular, pudi\u00e9ndose registrar valores en el rango de concentraci\u00f3n de 10-200 \u03bcg\/m3 para el sureste peninsular. Adem\u00e1s, se podr\u00eda producir dep\u00f3sito seco y h\u00famedo de polvo sobre casi toda la superficie de la Pen\u00ednsula a lo largo del d\u00eda.<\/p>\n<p class=\"v1MsoNormal\">Hern\u00e1ndez ha se\u00f1alado que \u00abde acuerdo con el Protocolo Marco de Actuaci\u00f3n Municipal se registraba el Nivel 1 (Preventivo) para las part\u00edculas PM10 en la estaci\u00f3n de medida de Lorca, con un promedio diario de 72,07 \u00b5g\/m3, lo que implica, seg\u00fan RD 102\/2011, la superaci\u00f3n del valor l\u00edmite diario en 1 ocasi\u00f3n de las 35 veces permitidas por a\u00f1o civil\u00bb. Cabe destacar que la media de 24 horas, establecida en 50 \u00b5g\/m3, debe medirse, durante al menos 3 horas consecutivas para la activaci\u00f3n del citado umbral, el cual indica niveles diarios elevados durante ese periodo y garantizando poner a disposici\u00f3n de la poblaci\u00f3n la informaci\u00f3n relativa a calidad del aire para el contaminante part\u00edculas PM10.<\/p>\n<p class=\"v1MsoNormal\">Mar\u00eda Hern\u00e1ndez ha recordado que ante esta situaci\u00f3n, que se puede repetir tambi\u00e9n ma\u00f1ana debido a las predicciones, se recomienda seguir una serie de medidas de prevenci\u00f3n con el fin de evitar el aumento de estas part\u00edculas. Entre ellas, \u00abcontrolar la refrigeraci\u00f3n de las viviendas y edificios p\u00fablicos, minimizando as\u00ed el consumo energ\u00e9tico; apagar las luces y los aparatos que no se est\u00e9n utilizando; evitar la quema de rastrojos y m\u00e1rgenes agr\u00edcolas; el uso compartido del coche privado; la utilizaci\u00f3n del transporte p\u00fablico y la bicicleta o el patinete para los desplazamientos, as\u00ed como usar los aparcamientos disuasorios en las afueras de la ciudad; realizar una conducci\u00f3n eficiente evitando las paradas y los arranques bruscos, limitar la velocidad y otras medidas preventivas en relaci\u00f3n con la salud, como no realizar ejercicio f\u00edsico intenso al aire libre\u00bb.<\/p>\n<p class=\"v1MsoNormal\">Asimismo, la concejal de Medio Ambiente ha recordado que los ciudadanos pueden mantenerse informados sobre la calidad del aire en la Regi\u00f3n de Murcia y en nuestro municipio a trav\u00e9s del portal web de la Consejer\u00eda de Medio Ambiente, Universidades, Investigaci\u00f3n y Mar Menor:\u00a0<a href=\"https:\/\/sinqlair.carm.es\/calidadaire\/\" target=\"_blank\" rel=\"noopener noreferrer\">https:\/\/sinqlair.carm.es\/calidadaire\/<\/a><\/p>\n","protected":false},"excerpt":{"rendered":"<p>\u00c1REA LORCA RADIO. 30 de julio de 2024.\u00a0Lorca vive este martes un nuevo episodio de incremento de los niveles de las part\u00edculas PM10 debido a la intrusi\u00f3n de masa de aire sahariano que est\u00e1 afectando a la Regi\u00f3n de Murcia. \u00abSe trata de un incremento de estos niveles de PM10 recogidos en la Red de [&hellip;]<\/p>\n","protected":false},"author":1,"featured_media":3895,"comment_status":"open","ping_status":"open","sticky":false,"template":"","format":"standard","meta":{"iawp_total_views":6,"footnotes":""},"categories":[5,7],"tags":[],"class_list":["post-3894","post","type-post","status-publish","format-standard","has-post-thumbnail","hentry","category-actualidad","category-lorca"],"yoast_head":"<!-- This site is optimized with the Yoast SEO plugin v27.5 - https:\/\/yoast.com\/product\/yoast-seo-wordpress\/ -->\n<title>La intrusi\u00f3n de aire sahariano incrementa los niveles de las part\u00edculas PM10 en Lorca - AREA LORCA RADIO<\/title>\n<meta name=\"robots\" content=\"index, follow, max-snippet:-1, max-image-preview:large, max-video-preview:-1\" \/>\n<link rel=\"canonical\" href=\"https:\/\/arealorcaradio.es\/index.php\/2024\/07\/30\/la-intrusion-de-aire-sahariano-incrementa-los-niveles-de-las-particulas-pm10-en-lorca\/\" \/>\n<meta property=\"og:locale\" content=\"es_ES\" \/>\n<meta property=\"og:type\" content=\"article\" \/>\n<meta property=\"og:title\" content=\"La intrusi\u00f3n de aire sahariano incrementa los niveles de las part\u00edculas PM10 en Lorca - AREA LORCA RADIO\" \/>\n<meta property=\"og:description\" content=\"\u00c1REA LORCA RADIO. 30 de julio de 2024.\u00a0Lorca vive este martes un nuevo episodio de incremento de los niveles de las part\u00edculas PM10 debido a la intrusi\u00f3n de masa de aire sahariano que est\u00e1 afectando a la Regi\u00f3n de Murcia. \u00abSe trata de un incremento de estos niveles de PM10 recogidos en la Red de [&hellip;]\" \/>\n<meta property=\"og:url\" content=\"https:\/\/arealorcaradio.es\/index.php\/2024\/07\/30\/la-intrusion-de-aire-sahariano-incrementa-los-niveles-de-las-particulas-pm10-en-lorca\/\" \/>\n<meta property=\"og:site_name\" content=\"AREA LORCA RADIO\" \/>\n<meta property=\"article:published_time\" content=\"2024-07-30T09:48:15+00:00\" \/>\n<meta property=\"og:image\" content=\"https:\/\/arealorcaradio.es\/wp-content\/uploads\/2024\/07\/WhatsApp-Image-2024-07-30-at-09.46.07-1.jpeg\" \/>\n\t<meta property=\"og:image:width\" content=\"1600\" \/>\n\t<meta property=\"og:image:height\" content=\"1200\" \/>\n\t<meta property=\"og:image:type\" content=\"image\/jpeg\" \/>\n<meta name=\"author\" content=\"Paco S\u00e1nchez\" \/>\n<meta name=\"twitter:card\" content=\"summary_large_image\" \/>\n<meta name=\"twitter:label1\" content=\"Escrito por\" \/>\n\t<meta name=\"twitter:data1\" content=\"Paco S\u00e1nchez\" \/>\n\t<meta name=\"twitter:label2\" content=\"Tiempo de lectura\" \/>\n\t<meta name=\"twitter:data2\" content=\"3 minutos\" \/>\n<script type=\"application\/ld+json\" class=\"yoast-schema-graph\">{\"@context\":\"https:\\\/\\\/schema.org\",\"@graph\":[{\"@type\":\"Article\",\"@id\":\"https:\\\/\\\/arealorcaradio.es\\\/index.php\\\/2024\\\/07\\\/30\\\/la-intrusion-de-aire-sahariano-incrementa-los-niveles-de-las-particulas-pm10-en-lorca\\\/#article\",\"isPartOf\":{\"@id\":\"https:\\\/\\\/arealorcaradio.es\\\/index.php\\\/2024\\\/07\\\/30\\\/la-intrusion-de-aire-sahariano-incrementa-los-niveles-de-las-particulas-pm10-en-lorca\\\/\"},\"author\":{\"name\":\"Paco S\u00e1nchez\",\"@id\":\"https:\\\/\\\/arealorcaradio.es\\\/#\\\/schema\\\/person\\\/9fae605fc25b0f2c83c1ab207139bd27\"},\"headline\":\"La intrusi\u00f3n de aire sahariano incrementa los niveles de las part\u00edculas PM10 en Lorca\",\"datePublished\":\"2024-07-30T09:48:15+00:00\",\"mainEntityOfPage\":{\"@id\":\"https:\\\/\\\/arealorcaradio.es\\\/index.php\\\/2024\\\/07\\\/30\\\/la-intrusion-de-aire-sahariano-incrementa-los-niveles-de-las-particulas-pm10-en-lorca\\\/\"},\"wordCount\":525,\"commentCount\":0,\"image\":{\"@id\":\"https:\\\/\\\/arealorcaradio.es\\\/index.php\\\/2024\\\/07\\\/30\\\/la-intrusion-de-aire-sahariano-incrementa-los-niveles-de-las-particulas-pm10-en-lorca\\\/#primaryimage\"},\"thumbnailUrl\":\"https:\\\/\\\/arealorcaradio.es\\\/wp-content\\\/uploads\\\/2024\\\/07\\\/WhatsApp-Image-2024-07-30-at-09.46.07-1.jpeg\",\"articleSection\":[\"ACTUALIDAD\",\"LORCA\"],\"inLanguage\":\"es\",\"potentialAction\":[{\"@type\":\"CommentAction\",\"name\":\"Comment\",\"target\":[\"https:\\\/\\\/arealorcaradio.es\\\/index.php\\\/2024\\\/07\\\/30\\\/la-intrusion-de-aire-sahariano-incrementa-los-niveles-de-las-particulas-pm10-en-lorca\\\/#respond\"]}]},{\"@type\":\"WebPage\",\"@id\":\"https:\\\/\\\/arealorcaradio.es\\\/index.php\\\/2024\\\/07\\\/30\\\/la-intrusion-de-aire-sahariano-incrementa-los-niveles-de-las-particulas-pm10-en-lorca\\\/\",\"url\":\"https:\\\/\\\/arealorcaradio.es\\\/index.php\\\/2024\\\/07\\\/30\\\/la-intrusion-de-aire-sahariano-incrementa-los-niveles-de-las-particulas-pm10-en-lorca\\\/\",\"name\":\"La intrusi\u00f3n de aire sahariano incrementa los niveles de las part\u00edculas PM10 en Lorca - AREA LORCA RADIO\",\"isPartOf\":{\"@id\":\"https:\\\/\\\/arealorcaradio.es\\\/#website\"},\"primaryImageOfPage\":{\"@id\":\"https:\\\/\\\/arealorcaradio.es\\\/index.php\\\/2024\\\/07\\\/30\\\/la-intrusion-de-aire-sahariano-incrementa-los-niveles-de-las-particulas-pm10-en-lorca\\\/#primaryimage\"},\"image\":{\"@id\":\"https:\\\/\\\/arealorcaradio.es\\\/index.php\\\/2024\\\/07\\\/30\\\/la-intrusion-de-aire-sahariano-incrementa-los-niveles-de-las-particulas-pm10-en-lorca\\\/#primaryimage\"},\"thumbnailUrl\":\"https:\\\/\\\/arealorcaradio.es\\\/wp-content\\\/uploads\\\/2024\\\/07\\\/WhatsApp-Image-2024-07-30-at-09.46.07-1.jpeg\",\"datePublished\":\"2024-07-30T09:48:15+00:00\",\"author\":{\"@id\":\"https:\\\/\\\/arealorcaradio.es\\\/#\\\/schema\\\/person\\\/9fae605fc25b0f2c83c1ab207139bd27\"},\"breadcrumb\":{\"@id\":\"https:\\\/\\\/arealorcaradio.es\\\/index.php\\\/2024\\\/07\\\/30\\\/la-intrusion-de-aire-sahariano-incrementa-los-niveles-de-las-particulas-pm10-en-lorca\\\/#breadcrumb\"},\"inLanguage\":\"es\",\"potentialAction\":[{\"@type\":\"ReadAction\",\"target\":[\"https:\\\/\\\/arealorcaradio.es\\\/index.php\\\/2024\\\/07\\\/30\\\/la-intrusion-de-aire-sahariano-incrementa-los-niveles-de-las-particulas-pm10-en-lorca\\\/\"]}]},{\"@type\":\"ImageObject\",\"inLanguage\":\"es\",\"@id\":\"https:\\\/\\\/arealorcaradio.es\\\/index.php\\\/2024\\\/07\\\/30\\\/la-intrusion-de-aire-sahariano-incrementa-los-niveles-de-las-particulas-pm10-en-lorca\\\/#primaryimage\",\"url\":\"https:\\\/\\\/arealorcaradio.es\\\/wp-content\\\/uploads\\\/2024\\\/07\\\/WhatsApp-Image-2024-07-30-at-09.46.07-1.jpeg\",\"contentUrl\":\"https:\\\/\\\/arealorcaradio.es\\\/wp-content\\\/uploads\\\/2024\\\/07\\\/WhatsApp-Image-2024-07-30-at-09.46.07-1.jpeg\",\"width\":1600,\"height\":1200},{\"@type\":\"BreadcrumbList\",\"@id\":\"https:\\\/\\\/arealorcaradio.es\\\/index.php\\\/2024\\\/07\\\/30\\\/la-intrusion-de-aire-sahariano-incrementa-los-niveles-de-las-particulas-pm10-en-lorca\\\/#breadcrumb\",\"itemListElement\":[{\"@type\":\"ListItem\",\"position\":1,\"name\":\"Portada\",\"item\":\"https:\\\/\\\/arealorcaradio.es\\\/\"},{\"@type\":\"ListItem\",\"position\":2,\"name\":\"La intrusi\u00f3n de aire sahariano incrementa los niveles de las part\u00edculas PM10 en Lorca\"}]},{\"@type\":\"WebSite\",\"@id\":\"https:\\\/\\\/arealorcaradio.es\\\/#website\",\"url\":\"https:\\\/\\\/arealorcaradio.es\\\/\",\"name\":\"AREA LORCA RADIO\",\"description\":\"Descubre la programaci\u00f3n actual en \u00c1rea Lorca Radio, tu fuente de entrenamiento y noticias locales. Sintoniza ahora y mantente conectado online.\",\"potentialAction\":[{\"@type\":\"SearchAction\",\"target\":{\"@type\":\"EntryPoint\",\"urlTemplate\":\"https:\\\/\\\/arealorcaradio.es\\\/?s={search_term_string}\"},\"query-input\":{\"@type\":\"PropertyValueSpecification\",\"valueRequired\":true,\"valueName\":\"search_term_string\"}}],\"inLanguage\":\"es\"},{\"@type\":\"Person\",\"@id\":\"https:\\\/\\\/arealorcaradio.es\\\/#\\\/schema\\\/person\\\/9fae605fc25b0f2c83c1ab207139bd27\",\"name\":\"Paco S\u00e1nchez\",\"image\":{\"@type\":\"ImageObject\",\"inLanguage\":\"es\",\"@id\":\"https:\\\/\\\/secure.gravatar.com\\\/avatar\\\/d67144e966420fb74aa84c9f2a0103be4724fd14db52b52d3b6bca749f257e79?s=96&d=mm&r=g\",\"url\":\"https:\\\/\\\/secure.gravatar.com\\\/avatar\\\/d67144e966420fb74aa84c9f2a0103be4724fd14db52b52d3b6bca749f257e79?s=96&d=mm&r=g\",\"contentUrl\":\"https:\\\/\\\/secure.gravatar.com\\\/avatar\\\/d67144e966420fb74aa84c9f2a0103be4724fd14db52b52d3b6bca749f257e79?s=96&d=mm&r=g\",\"caption\":\"Paco S\u00e1nchez\"},\"sameAs\":[\"https:\\\/\\\/arealorcaradio.es\"],\"url\":\"https:\\\/\\\/arealorcaradio.es\\\/index.php\\\/author\\\/admin_alorcaradio\\\/\"}]}<\/script>\n<!-- \/ Yoast SEO plugin. -->","yoast_head_json":{"title":"La intrusi\u00f3n de aire sahariano incrementa los niveles de las part\u00edculas PM10 en Lorca - AREA LORCA RADIO","robots":{"index":"index","follow":"follow","max-snippet":"max-snippet:-1","max-image-preview":"max-image-preview:large","max-video-preview":"max-video-preview:-1"},"canonical":"https:\/\/arealorcaradio.es\/index.php\/2024\/07\/30\/la-intrusion-de-aire-sahariano-incrementa-los-niveles-de-las-particulas-pm10-en-lorca\/","og_locale":"es_ES","og_type":"article","og_title":"La intrusi\u00f3n de aire sahariano incrementa los niveles de las part\u00edculas PM10 en Lorca - AREA LORCA RADIO","og_description":"\u00c1REA LORCA RADIO. 30 de julio de 2024.\u00a0Lorca vive este martes un nuevo episodio de incremento de los niveles de las part\u00edculas PM10 debido a la intrusi\u00f3n de masa de aire sahariano que est\u00e1 afectando a la Regi\u00f3n de Murcia. \u00abSe trata de un incremento de estos niveles de PM10 recogidos en la Red de [&hellip;]","og_url":"https:\/\/arealorcaradio.es\/index.php\/2024\/07\/30\/la-intrusion-de-aire-sahariano-incrementa-los-niveles-de-las-particulas-pm10-en-lorca\/","og_site_name":"AREA LORCA RADIO","article_published_time":"2024-07-30T09:48:15+00:00","og_image":[{"width":1600,"height":1200,"url":"https:\/\/arealorcaradio.es\/wp-content\/uploads\/2024\/07\/WhatsApp-Image-2024-07-30-at-09.46.07-1.jpeg","type":"image\/jpeg"}],"author":"Paco S\u00e1nchez","twitter_card":"summary_large_image","twitter_misc":{"Escrito por":"Paco S\u00e1nchez","Tiempo de lectura":"3 minutos"},"schema":{"@context":"https:\/\/schema.org","@graph":[{"@type":"Article","@id":"https:\/\/arealorcaradio.es\/index.php\/2024\/07\/30\/la-intrusion-de-aire-sahariano-incrementa-los-niveles-de-las-particulas-pm10-en-lorca\/#article","isPartOf":{"@id":"https:\/\/arealorcaradio.es\/index.php\/2024\/07\/30\/la-intrusion-de-aire-sahariano-incrementa-los-niveles-de-las-particulas-pm10-en-lorca\/"},"author":{"name":"Paco S\u00e1nchez","@id":"https:\/\/arealorcaradio.es\/#\/schema\/person\/9fae605fc25b0f2c83c1ab207139bd27"},"headline":"La intrusi\u00f3n de aire sahariano incrementa los niveles de las part\u00edculas PM10 en Lorca","datePublished":"2024-07-30T09:48:15+00:00","mainEntityOfPage":{"@id":"https:\/\/arealorcaradio.es\/index.php\/2024\/07\/30\/la-intrusion-de-aire-sahariano-incrementa-los-niveles-de-las-particulas-pm10-en-lorca\/"},"wordCount":525,"commentCount":0,"image":{"@id":"https:\/\/arealorcaradio.es\/index.php\/2024\/07\/30\/la-intrusion-de-aire-sahariano-incrementa-los-niveles-de-las-particulas-pm10-en-lorca\/#primaryimage"},"thumbnailUrl":"https:\/\/arealorcaradio.es\/wp-content\/uploads\/2024\/07\/WhatsApp-Image-2024-07-30-at-09.46.07-1.jpeg","articleSection":["ACTUALIDAD","LORCA"],"inLanguage":"es","potentialAction":[{"@type":"CommentAction","name":"Comment","target":["https:\/\/arealorcaradio.es\/index.php\/2024\/07\/30\/la-intrusion-de-aire-sahariano-incrementa-los-niveles-de-las-particulas-pm10-en-lorca\/#respond"]}]},{"@type":"WebPage","@id":"https:\/\/arealorcaradio.es\/index.php\/2024\/07\/30\/la-intrusion-de-aire-sahariano-incrementa-los-niveles-de-las-particulas-pm10-en-lorca\/","url":"https:\/\/arealorcaradio.es\/index.php\/2024\/07\/30\/la-intrusion-de-aire-sahariano-incrementa-los-niveles-de-las-particulas-pm10-en-lorca\/","name":"La intrusi\u00f3n de aire sahariano incrementa los niveles de las part\u00edculas PM10 en Lorca - AREA LORCA RADIO","isPartOf":{"@id":"https:\/\/arealorcaradio.es\/#website"},"primaryImageOfPage":{"@id":"https:\/\/arealorcaradio.es\/index.php\/2024\/07\/30\/la-intrusion-de-aire-sahariano-incrementa-los-niveles-de-las-particulas-pm10-en-lorca\/#primaryimage"},"image":{"@id":"https:\/\/arealorcaradio.es\/index.php\/2024\/07\/30\/la-intrusion-de-aire-sahariano-incrementa-los-niveles-de-las-particulas-pm10-en-lorca\/#primaryimage"},"thumbnailUrl":"https:\/\/arealorcaradio.es\/wp-content\/uploads\/2024\/07\/WhatsApp-Image-2024-07-30-at-09.46.07-1.jpeg","datePublished":"2024-07-30T09:48:15+00:00","author":{"@id":"https:\/\/arealorcaradio.es\/#\/schema\/person\/9fae605fc25b0f2c83c1ab207139bd27"},"breadcrumb":{"@id":"https:\/\/arealorcaradio.es\/index.php\/2024\/07\/30\/la-intrusion-de-aire-sahariano-incrementa-los-niveles-de-las-particulas-pm10-en-lorca\/#breadcrumb"},"inLanguage":"es","potentialAction":[{"@type":"ReadAction","target":["https:\/\/arealorcaradio.es\/index.php\/2024\/07\/30\/la-intrusion-de-aire-sahariano-incrementa-los-niveles-de-las-particulas-pm10-en-lorca\/"]}]},{"@type":"ImageObject","inLanguage":"es","@id":"https:\/\/arealorcaradio.es\/index.php\/2024\/07\/30\/la-intrusion-de-aire-sahariano-incrementa-los-niveles-de-las-particulas-pm10-en-lorca\/#primaryimage","url":"https:\/\/arealorcaradio.es\/wp-content\/uploads\/2024\/07\/WhatsApp-Image-2024-07-30-at-09.46.07-1.jpeg","contentUrl":"https:\/\/arealorcaradio.es\/wp-content\/uploads\/2024\/07\/WhatsApp-Image-2024-07-30-at-09.46.07-1.jpeg","width":1600,"height":1200},{"@type":"BreadcrumbList","@id":"https:\/\/arealorcaradio.es\/index.php\/2024\/07\/30\/la-intrusion-de-aire-sahariano-incrementa-los-niveles-de-las-particulas-pm10-en-lorca\/#breadcrumb","itemListElement":[{"@type":"ListItem","position":1,"name":"Portada","item":"https:\/\/arealorcaradio.es\/"},{"@type":"ListItem","position":2,"name":"La intrusi\u00f3n de aire sahariano incrementa los niveles de las part\u00edculas PM10 en Lorca"}]},{"@type":"WebSite","@id":"https:\/\/arealorcaradio.es\/#website","url":"https:\/\/arealorcaradio.es\/","name":"AREA LORCA RADIO","description":"Descubre la programaci\u00f3n actual en \u00c1rea Lorca Radio, tu fuente de entrenamiento y noticias locales. Sintoniza ahora y mantente conectado online.","potentialAction":[{"@type":"SearchAction","target":{"@type":"EntryPoint","urlTemplate":"https:\/\/arealorcaradio.es\/?s={search_term_string}"},"query-input":{"@type":"PropertyValueSpecification","valueRequired":true,"valueName":"search_term_string"}}],"inLanguage":"es"},{"@type":"Person","@id":"https:\/\/arealorcaradio.es\/#\/schema\/person\/9fae605fc25b0f2c83c1ab207139bd27","name":"Paco S\u00e1nchez","image":{"@type":"ImageObject","inLanguage":"es","@id":"https:\/\/secure.gravatar.com\/avatar\/d67144e966420fb74aa84c9f2a0103be4724fd14db52b52d3b6bca749f257e79?s=96&d=mm&r=g","url":"https:\/\/secure.gravatar.com\/avatar\/d67144e966420fb74aa84c9f2a0103be4724fd14db52b52d3b6bca749f257e79?s=96&d=mm&r=g","contentUrl":"https:\/\/secure.gravatar.com\/avatar\/d67144e966420fb74aa84c9f2a0103be4724fd14db52b52d3b6bca749f257e79?s=96&d=mm&r=g","caption":"Paco S\u00e1nchez"},"sameAs":["https:\/\/arealorcaradio.es"],"url":"https:\/\/arealorcaradio.es\/index.php\/author\/admin_alorcaradio\/"}]}},"_links":{"self":[{"href":"https:\/\/arealorcaradio.es\/index.php\/wp-json\/wp\/v2\/posts\/3894","targetHints":{"allow":["GET"]}}],"collection":[{"href":"https:\/\/arealorcaradio.es\/index.php\/wp-json\/wp\/v2\/posts"}],"about":[{"href":"https:\/\/arealorcaradio.es\/index.php\/wp-json\/wp\/v2\/types\/post"}],"author":[{"embeddable":true,"href":"https:\/\/arealorcaradio.es\/index.php\/wp-json\/wp\/v2\/users\/1"}],"replies":[{"embeddable":true,"href":"https:\/\/arealorcaradio.es\/index.php\/wp-json\/wp\/v2\/comments?post=3894"}],"version-history":[{"count":1,"href":"https:\/\/arealorcaradio.es\/index.php\/wp-json\/wp\/v2\/posts\/3894\/revisions"}],"predecessor-version":[{"id":3896,"href":"https:\/\/arealorcaradio.es\/index.php\/wp-json\/wp\/v2\/posts\/3894\/revisions\/3896"}],"wp:featuredmedia":[{"embeddable":true,"href":"https:\/\/arealorcaradio.es\/index.php\/wp-json\/wp\/v2\/media\/3895"}],"wp:attachment":[{"href":"https:\/\/arealorcaradio.es\/index.php\/wp-json\/wp\/v2\/media?parent=3894"}],"wp:term":[{"taxonomy":"category","embeddable":true,"href":"https:\/\/arealorcaradio.es\/index.php\/wp-json\/wp\/v2\/categories?post=3894"},{"taxonomy":"post_tag","embeddable":true,"href":"https:\/\/arealorcaradio.es\/index.php\/wp-json\/wp\/v2\/tags?post=3894"}],"curies":[{"name":"wp","href":"https:\/\/api.w.org\/{rel}","templated":true}]}}