{"id":3891,"date":"2024-07-30T09:41:52","date_gmt":"2024-07-30T09:41:52","guid":{"rendered":"https:\/\/arealorcaradio.es\/?p=3891"},"modified":"2024-07-30T09:41:52","modified_gmt":"2024-07-30T09:41:52","slug":"el-hospital-rafael-mendez-de-lorca-aumenta-su-cartera-de-servicios-con-una-nueva-unidad-especializada-en-casos-complejos-de-cirugia-abdominal","status":"publish","type":"post","link":"https:\/\/arealorcaradio.es\/index.php\/2024\/07\/30\/el-hospital-rafael-mendez-de-lorca-aumenta-su-cartera-de-servicios-con-una-nueva-unidad-especializada-en-casos-complejos-de-cirugia-abdominal\/","title":{"rendered":"El hospital Rafael M\u00e9ndez de Lorca aumenta su cartera de servicios con una nueva unidad especializada en casos complejos de cirug\u00eda abdominal"},"content":{"rendered":"<p>\u00c1REA LORCA RADIO.<\/p>\n<p class=\"v1MsoNormal\"><b><span lang=\"ES-TRAD\">30.07.2024\u00a0<\/span><\/b><span lang=\"ES-TRAD\">El hospital Rafael M\u00e9ndez de Lorca ha puesto en marcha la nueva Unidad de Cirug\u00eda de Pared Abdominal, \u201cque supone un nuevo cap\u00edtulo en el compromiso del Gobierno regional con la excelencia y la atenci\u00f3n de calidad a los pacientes del \u00c1rea III de Salud\u201d, asegur\u00f3 la gerente del Servicio Murciano de Salud (SMS), Isabel Ayala.<\/span><\/p>\n<p class=\"v1MsoNormal\"><span lang=\"ES-TRAD\">Esta unidad especializada se une a las ya existentes en el los hospitales Reina Sof\u00eda, Virgen de la Arrixaca y Morales Meseguer de Murcia, y el hospital Santa Luc\u00eda de Cartagena, para el abordaje de casos complejos de cirug\u00eda abdominal. Es el caso de hernias y eventraciones grandes o complicadas, hernias recidivadas y patolog\u00eda herniaria periostomal.<\/span><\/p>\n<p class=\"v1MsoNormal\"><span lang=\"ES-TRAD\">Para abordar estas patolog\u00edas, se ha incluido el uso de t\u00e9cnicas diagn\u00f3sticas y terap\u00e9uticas innovadoras, entre las que se encuentran el tratamiento prequir\u00fargico con b\u00f3tox y la cirug\u00eda laparosc\u00f3pica.<\/span><\/p>\n<p class=\"v1MsoNormal\"><span lang=\"ES-TRAD\">La gerente del SMS resalt\u00f3 que \u201cse quiere brindar una atenci\u00f3n integral y personalizada\u201d, e inform\u00f3 de que la nueva unidad atiende a una media de siete pacientes al mes, y cuenta con una consulta y un quir\u00f3fano semanal, \u201cque permite una atenci\u00f3n especializada y \u00e1gil\u201d.<\/span><\/p>\n<p class=\"v1MsoNormal\"><span lang=\"ES-TRAD\">Esta iniciativa marca \u201cun hito\u201d en la oferta de servicios de salud en Lorca, asegur\u00f3 Ayala, \u201cy reafirma el compromiso del hospital Rafael M\u00e9ndez con la innovaci\u00f3n y el bienestar de la comunidad\u201d que depende de este centro sanitario\u201d.<b><\/b><\/span><\/p>\n<p class=\"v1MsoNormal\"><span lang=\"ES-TRAD\">La gerente del SMS record\u00f3 asimismo que la plantilla del \u00e1rea III de Salud se compone a d\u00eda de hoy de 2.400 profesionales, y que en los \u00faltimos cuatro a\u00f1os, desde marzo de 2020, ha aumentado en casi 500, de los que 74 profesionales son facultativos. As\u00ed, actualmente trabajan en el \u00e1rea de referencia de los municipios de Aledo, \u00c1guilas, Lorca, Totana y Puerto Lumbreras 446 profesionales m\u00e1s. Concretamente, el hospital Rafael M\u00e9ndez cuenta con casi 1.800 profesionales, de los que m\u00e1s de 300 son m\u00e9dicos.<\/span><\/p>\n","protected":false},"excerpt":{"rendered":"<p>\u00c1REA LORCA RADIO. 30.07.2024\u00a0El hospital Rafael M\u00e9ndez de Lorca ha puesto en marcha la nueva Unidad de Cirug\u00eda de Pared Abdominal, \u201cque supone un nuevo cap\u00edtulo en el compromiso del Gobierno regional con la excelencia y la atenci\u00f3n de calidad a los pacientes del \u00c1rea III de Salud\u201d, asegur\u00f3 la gerente del Servicio Murciano de [&hellip;]<\/p>\n","protected":false},"author":1,"featured_media":3892,"comment_status":"open","ping_status":"open","sticky":false,"template":"","format":"standard","meta":{"iawp_total_views":25,"footnotes":""},"categories":[5,7],"tags":[],"class_list":["post-3891","post","type-post","status-publish","format-standard","has-post-thumbnail","hentry","category-actualidad","category-lorca"],"yoast_head":"<!-- This site is optimized with the Yoast SEO plugin v27.5 - https:\/\/yoast.com\/product\/yoast-seo-wordpress\/ -->\n<title>El hospital Rafael M\u00e9ndez de Lorca aumenta su cartera de servicios con una nueva unidad especializada en casos complejos de cirug\u00eda abdominal - AREA LORCA RADIO<\/title>\n<meta name=\"robots\" content=\"index, follow, max-snippet:-1, max-image-preview:large, max-video-preview:-1\" \/>\n<link rel=\"canonical\" href=\"https:\/\/arealorcaradio.es\/index.php\/2024\/07\/30\/el-hospital-rafael-mendez-de-lorca-aumenta-su-cartera-de-servicios-con-una-nueva-unidad-especializada-en-casos-complejos-de-cirugia-abdominal\/\" \/>\n<meta property=\"og:locale\" content=\"es_ES\" \/>\n<meta property=\"og:type\" content=\"article\" \/>\n<meta property=\"og:title\" content=\"El hospital Rafael M\u00e9ndez de Lorca aumenta su cartera de servicios con una nueva unidad especializada en casos complejos de cirug\u00eda abdominal - AREA LORCA RADIO\" \/>\n<meta property=\"og:description\" content=\"\u00c1REA LORCA RADIO. 30.07.2024\u00a0El hospital Rafael M\u00e9ndez de Lorca ha puesto en marcha la nueva Unidad de Cirug\u00eda de Pared Abdominal, \u201cque supone un nuevo cap\u00edtulo en el compromiso del Gobierno regional con la excelencia y la atenci\u00f3n de calidad a los pacientes del \u00c1rea III de Salud\u201d, asegur\u00f3 la gerente del Servicio Murciano de [&hellip;]\" \/>\n<meta property=\"og:url\" content=\"https:\/\/arealorcaradio.es\/index.php\/2024\/07\/30\/el-hospital-rafael-mendez-de-lorca-aumenta-su-cartera-de-servicios-con-una-nueva-unidad-especializada-en-casos-complejos-de-cirugia-abdominal\/\" \/>\n<meta property=\"og:site_name\" content=\"AREA LORCA RADIO\" \/>\n<meta property=\"article:published_time\" content=\"2024-07-30T09:41:52+00:00\" \/>\n<meta property=\"og:image\" content=\"https:\/\/arealorcaradio.es\/wp-content\/uploads\/2024\/07\/20240730equipo-pared-abdominal.jpg\" \/>\n\t<meta property=\"og:image:width\" content=\"1600\" \/>\n\t<meta property=\"og:image:height\" content=\"1200\" \/>\n\t<meta property=\"og:image:type\" content=\"image\/jpeg\" \/>\n<meta name=\"author\" content=\"Paco S\u00e1nchez\" \/>\n<meta name=\"twitter:card\" content=\"summary_large_image\" \/>\n<meta name=\"twitter:label1\" content=\"Escrito por\" \/>\n\t<meta name=\"twitter:data1\" content=\"Paco S\u00e1nchez\" \/>\n\t<meta name=\"twitter:label2\" content=\"Tiempo de lectura\" \/>\n\t<meta name=\"twitter:data2\" content=\"2 minutos\" \/>\n<script type=\"application\/ld+json\" class=\"yoast-schema-graph\">{\"@context\":\"https:\\\/\\\/schema.org\",\"@graph\":[{\"@type\":\"Article\",\"@id\":\"https:\\\/\\\/arealorcaradio.es\\\/index.php\\\/2024\\\/07\\\/30\\\/el-hospital-rafael-mendez-de-lorca-aumenta-su-cartera-de-servicios-con-una-nueva-unidad-especializada-en-casos-complejos-de-cirugia-abdominal\\\/#article\",\"isPartOf\":{\"@id\":\"https:\\\/\\\/arealorcaradio.es\\\/index.php\\\/2024\\\/07\\\/30\\\/el-hospital-rafael-mendez-de-lorca-aumenta-su-cartera-de-servicios-con-una-nueva-unidad-especializada-en-casos-complejos-de-cirugia-abdominal\\\/\"},\"author\":{\"name\":\"Paco S\u00e1nchez\",\"@id\":\"https:\\\/\\\/arealorcaradio.es\\\/#\\\/schema\\\/person\\\/9fae605fc25b0f2c83c1ab207139bd27\"},\"headline\":\"El hospital Rafael M\u00e9ndez de Lorca aumenta su cartera de servicios con una nueva unidad especializada en casos complejos de cirug\u00eda abdominal\",\"datePublished\":\"2024-07-30T09:41:52+00:00\",\"mainEntityOfPage\":{\"@id\":\"https:\\\/\\\/arealorcaradio.es\\\/index.php\\\/2024\\\/07\\\/30\\\/el-hospital-rafael-mendez-de-lorca-aumenta-su-cartera-de-servicios-con-una-nueva-unidad-especializada-en-casos-complejos-de-cirugia-abdominal\\\/\"},\"wordCount\":359,\"commentCount\":0,\"image\":{\"@id\":\"https:\\\/\\\/arealorcaradio.es\\\/index.php\\\/2024\\\/07\\\/30\\\/el-hospital-rafael-mendez-de-lorca-aumenta-su-cartera-de-servicios-con-una-nueva-unidad-especializada-en-casos-complejos-de-cirugia-abdominal\\\/#primaryimage\"},\"thumbnailUrl\":\"https:\\\/\\\/arealorcaradio.es\\\/wp-content\\\/uploads\\\/2024\\\/07\\\/20240730equipo-pared-abdominal.jpg\",\"articleSection\":[\"ACTUALIDAD\",\"LORCA\"],\"inLanguage\":\"es\",\"potentialAction\":[{\"@type\":\"CommentAction\",\"name\":\"Comment\",\"target\":[\"https:\\\/\\\/arealorcaradio.es\\\/index.php\\\/2024\\\/07\\\/30\\\/el-hospital-rafael-mendez-de-lorca-aumenta-su-cartera-de-servicios-con-una-nueva-unidad-especializada-en-casos-complejos-de-cirugia-abdominal\\\/#respond\"]}]},{\"@type\":\"WebPage\",\"@id\":\"https:\\\/\\\/arealorcaradio.es\\\/index.php\\\/2024\\\/07\\\/30\\\/el-hospital-rafael-mendez-de-lorca-aumenta-su-cartera-de-servicios-con-una-nueva-unidad-especializada-en-casos-complejos-de-cirugia-abdominal\\\/\",\"url\":\"https:\\\/\\\/arealorcaradio.es\\\/index.php\\\/2024\\\/07\\\/30\\\/el-hospital-rafael-mendez-de-lorca-aumenta-su-cartera-de-servicios-con-una-nueva-unidad-especializada-en-casos-complejos-de-cirugia-abdominal\\\/\",\"name\":\"El hospital Rafael M\u00e9ndez de Lorca aumenta su cartera de servicios con una nueva unidad especializada en casos complejos de cirug\u00eda abdominal - AREA LORCA RADIO\",\"isPartOf\":{\"@id\":\"https:\\\/\\\/arealorcaradio.es\\\/#website\"},\"primaryImageOfPage\":{\"@id\":\"https:\\\/\\\/arealorcaradio.es\\\/index.php\\\/2024\\\/07\\\/30\\\/el-hospital-rafael-mendez-de-lorca-aumenta-su-cartera-de-servicios-con-una-nueva-unidad-especializada-en-casos-complejos-de-cirugia-abdominal\\\/#primaryimage\"},\"image\":{\"@id\":\"https:\\\/\\\/arealorcaradio.es\\\/index.php\\\/2024\\\/07\\\/30\\\/el-hospital-rafael-mendez-de-lorca-aumenta-su-cartera-de-servicios-con-una-nueva-unidad-especializada-en-casos-complejos-de-cirugia-abdominal\\\/#primaryimage\"},\"thumbnailUrl\":\"https:\\\/\\\/arealorcaradio.es\\\/wp-content\\\/uploads\\\/2024\\\/07\\\/20240730equipo-pared-abdominal.jpg\",\"datePublished\":\"2024-07-30T09:41:52+00:00\",\"author\":{\"@id\":\"https:\\\/\\\/arealorcaradio.es\\\/#\\\/schema\\\/person\\\/9fae605fc25b0f2c83c1ab207139bd27\"},\"breadcrumb\":{\"@id\":\"https:\\\/\\\/arealorcaradio.es\\\/index.php\\\/2024\\\/07\\\/30\\\/el-hospital-rafael-mendez-de-lorca-aumenta-su-cartera-de-servicios-con-una-nueva-unidad-especializada-en-casos-complejos-de-cirugia-abdominal\\\/#breadcrumb\"},\"inLanguage\":\"es\",\"potentialAction\":[{\"@type\":\"ReadAction\",\"target\":[\"https:\\\/\\\/arealorcaradio.es\\\/index.php\\\/2024\\\/07\\\/30\\\/el-hospital-rafael-mendez-de-lorca-aumenta-su-cartera-de-servicios-con-una-nueva-unidad-especializada-en-casos-complejos-de-cirugia-abdominal\\\/\"]}]},{\"@type\":\"ImageObject\",\"inLanguage\":\"es\",\"@id\":\"https:\\\/\\\/arealorcaradio.es\\\/index.php\\\/2024\\\/07\\\/30\\\/el-hospital-rafael-mendez-de-lorca-aumenta-su-cartera-de-servicios-con-una-nueva-unidad-especializada-en-casos-complejos-de-cirugia-abdominal\\\/#primaryimage\",\"url\":\"https:\\\/\\\/arealorcaradio.es\\\/wp-content\\\/uploads\\\/2024\\\/07\\\/20240730equipo-pared-abdominal.jpg\",\"contentUrl\":\"https:\\\/\\\/arealorcaradio.es\\\/wp-content\\\/uploads\\\/2024\\\/07\\\/20240730equipo-pared-abdominal.jpg\",\"width\":1600,\"height\":1200},{\"@type\":\"BreadcrumbList\",\"@id\":\"https:\\\/\\\/arealorcaradio.es\\\/index.php\\\/2024\\\/07\\\/30\\\/el-hospital-rafael-mendez-de-lorca-aumenta-su-cartera-de-servicios-con-una-nueva-unidad-especializada-en-casos-complejos-de-cirugia-abdominal\\\/#breadcrumb\",\"itemListElement\":[{\"@type\":\"ListItem\",\"position\":1,\"name\":\"Portada\",\"item\":\"https:\\\/\\\/arealorcaradio.es\\\/\"},{\"@type\":\"ListItem\",\"position\":2,\"name\":\"El hospital Rafael M\u00e9ndez de Lorca aumenta su cartera de servicios con una nueva unidad especializada en casos complejos de cirug\u00eda abdominal\"}]},{\"@type\":\"WebSite\",\"@id\":\"https:\\\/\\\/arealorcaradio.es\\\/#website\",\"url\":\"https:\\\/\\\/arealorcaradio.es\\\/\",\"name\":\"AREA LORCA RADIO\",\"description\":\"Descubre la programaci\u00f3n actual en \u00c1rea Lorca Radio, tu fuente de entrenamiento y noticias locales. Sintoniza ahora y mantente conectado online.\",\"potentialAction\":[{\"@type\":\"SearchAction\",\"target\":{\"@type\":\"EntryPoint\",\"urlTemplate\":\"https:\\\/\\\/arealorcaradio.es\\\/?s={search_term_string}\"},\"query-input\":{\"@type\":\"PropertyValueSpecification\",\"valueRequired\":true,\"valueName\":\"search_term_string\"}}],\"inLanguage\":\"es\"},{\"@type\":\"Person\",\"@id\":\"https:\\\/\\\/arealorcaradio.es\\\/#\\\/schema\\\/person\\\/9fae605fc25b0f2c83c1ab207139bd27\",\"name\":\"Paco S\u00e1nchez\",\"image\":{\"@type\":\"ImageObject\",\"inLanguage\":\"es\",\"@id\":\"https:\\\/\\\/secure.gravatar.com\\\/avatar\\\/d67144e966420fb74aa84c9f2a0103be4724fd14db52b52d3b6bca749f257e79?s=96&d=mm&r=g\",\"url\":\"https:\\\/\\\/secure.gravatar.com\\\/avatar\\\/d67144e966420fb74aa84c9f2a0103be4724fd14db52b52d3b6bca749f257e79?s=96&d=mm&r=g\",\"contentUrl\":\"https:\\\/\\\/secure.gravatar.com\\\/avatar\\\/d67144e966420fb74aa84c9f2a0103be4724fd14db52b52d3b6bca749f257e79?s=96&d=mm&r=g\",\"caption\":\"Paco S\u00e1nchez\"},\"sameAs\":[\"https:\\\/\\\/arealorcaradio.es\"],\"url\":\"https:\\\/\\\/arealorcaradio.es\\\/index.php\\\/author\\\/admin_alorcaradio\\\/\"}]}<\/script>\n<!-- \/ Yoast SEO plugin. -->","yoast_head_json":{"title":"El hospital Rafael M\u00e9ndez de Lorca aumenta su cartera de servicios con una nueva unidad especializada en casos complejos de cirug\u00eda abdominal - AREA LORCA RADIO","robots":{"index":"index","follow":"follow","max-snippet":"max-snippet:-1","max-image-preview":"max-image-preview:large","max-video-preview":"max-video-preview:-1"},"canonical":"https:\/\/arealorcaradio.es\/index.php\/2024\/07\/30\/el-hospital-rafael-mendez-de-lorca-aumenta-su-cartera-de-servicios-con-una-nueva-unidad-especializada-en-casos-complejos-de-cirugia-abdominal\/","og_locale":"es_ES","og_type":"article","og_title":"El hospital Rafael M\u00e9ndez de Lorca aumenta su cartera de servicios con una nueva unidad especializada en casos complejos de cirug\u00eda abdominal - AREA LORCA RADIO","og_description":"\u00c1REA LORCA RADIO. 30.07.2024\u00a0El hospital Rafael M\u00e9ndez de Lorca ha puesto en marcha la nueva Unidad de Cirug\u00eda de Pared Abdominal, \u201cque supone un nuevo cap\u00edtulo en el compromiso del Gobierno regional con la excelencia y la atenci\u00f3n de calidad a los pacientes del \u00c1rea III de Salud\u201d, asegur\u00f3 la gerente del Servicio Murciano de [&hellip;]","og_url":"https:\/\/arealorcaradio.es\/index.php\/2024\/07\/30\/el-hospital-rafael-mendez-de-lorca-aumenta-su-cartera-de-servicios-con-una-nueva-unidad-especializada-en-casos-complejos-de-cirugia-abdominal\/","og_site_name":"AREA LORCA RADIO","article_published_time":"2024-07-30T09:41:52+00:00","og_image":[{"width":1600,"height":1200,"url":"https:\/\/arealorcaradio.es\/wp-content\/uploads\/2024\/07\/20240730equipo-pared-abdominal.jpg","type":"image\/jpeg"}],"author":"Paco S\u00e1nchez","twitter_card":"summary_large_image","twitter_misc":{"Escrito por":"Paco S\u00e1nchez","Tiempo de lectura":"2 minutos"},"schema":{"@context":"https:\/\/schema.org","@graph":[{"@type":"Article","@id":"https:\/\/arealorcaradio.es\/index.php\/2024\/07\/30\/el-hospital-rafael-mendez-de-lorca-aumenta-su-cartera-de-servicios-con-una-nueva-unidad-especializada-en-casos-complejos-de-cirugia-abdominal\/#article","isPartOf":{"@id":"https:\/\/arealorcaradio.es\/index.php\/2024\/07\/30\/el-hospital-rafael-mendez-de-lorca-aumenta-su-cartera-de-servicios-con-una-nueva-unidad-especializada-en-casos-complejos-de-cirugia-abdominal\/"},"author":{"name":"Paco S\u00e1nchez","@id":"https:\/\/arealorcaradio.es\/#\/schema\/person\/9fae605fc25b0f2c83c1ab207139bd27"},"headline":"El hospital Rafael M\u00e9ndez de Lorca aumenta su cartera de servicios con una nueva unidad especializada en casos complejos de cirug\u00eda abdominal","datePublished":"2024-07-30T09:41:52+00:00","mainEntityOfPage":{"@id":"https:\/\/arealorcaradio.es\/index.php\/2024\/07\/30\/el-hospital-rafael-mendez-de-lorca-aumenta-su-cartera-de-servicios-con-una-nueva-unidad-especializada-en-casos-complejos-de-cirugia-abdominal\/"},"wordCount":359,"commentCount":0,"image":{"@id":"https:\/\/arealorcaradio.es\/index.php\/2024\/07\/30\/el-hospital-rafael-mendez-de-lorca-aumenta-su-cartera-de-servicios-con-una-nueva-unidad-especializada-en-casos-complejos-de-cirugia-abdominal\/#primaryimage"},"thumbnailUrl":"https:\/\/arealorcaradio.es\/wp-content\/uploads\/2024\/07\/20240730equipo-pared-abdominal.jpg","articleSection":["ACTUALIDAD","LORCA"],"inLanguage":"es","potentialAction":[{"@type":"CommentAction","name":"Comment","target":["https:\/\/arealorcaradio.es\/index.php\/2024\/07\/30\/el-hospital-rafael-mendez-de-lorca-aumenta-su-cartera-de-servicios-con-una-nueva-unidad-especializada-en-casos-complejos-de-cirugia-abdominal\/#respond"]}]},{"@type":"WebPage","@id":"https:\/\/arealorcaradio.es\/index.php\/2024\/07\/30\/el-hospital-rafael-mendez-de-lorca-aumenta-su-cartera-de-servicios-con-una-nueva-unidad-especializada-en-casos-complejos-de-cirugia-abdominal\/","url":"https:\/\/arealorcaradio.es\/index.php\/2024\/07\/30\/el-hospital-rafael-mendez-de-lorca-aumenta-su-cartera-de-servicios-con-una-nueva-unidad-especializada-en-casos-complejos-de-cirugia-abdominal\/","name":"El hospital Rafael M\u00e9ndez de Lorca aumenta su cartera de servicios con una nueva unidad especializada en casos complejos de cirug\u00eda abdominal - AREA LORCA RADIO","isPartOf":{"@id":"https:\/\/arealorcaradio.es\/#website"},"primaryImageOfPage":{"@id":"https:\/\/arealorcaradio.es\/index.php\/2024\/07\/30\/el-hospital-rafael-mendez-de-lorca-aumenta-su-cartera-de-servicios-con-una-nueva-unidad-especializada-en-casos-complejos-de-cirugia-abdominal\/#primaryimage"},"image":{"@id":"https:\/\/arealorcaradio.es\/index.php\/2024\/07\/30\/el-hospital-rafael-mendez-de-lorca-aumenta-su-cartera-de-servicios-con-una-nueva-unidad-especializada-en-casos-complejos-de-cirugia-abdominal\/#primaryimage"},"thumbnailUrl":"https:\/\/arealorcaradio.es\/wp-content\/uploads\/2024\/07\/20240730equipo-pared-abdominal.jpg","datePublished":"2024-07-30T09:41:52+00:00","author":{"@id":"https:\/\/arealorcaradio.es\/#\/schema\/person\/9fae605fc25b0f2c83c1ab207139bd27"},"breadcrumb":{"@id":"https:\/\/arealorcaradio.es\/index.php\/2024\/07\/30\/el-hospital-rafael-mendez-de-lorca-aumenta-su-cartera-de-servicios-con-una-nueva-unidad-especializada-en-casos-complejos-de-cirugia-abdominal\/#breadcrumb"},"inLanguage":"es","potentialAction":[{"@type":"ReadAction","target":["https:\/\/arealorcaradio.es\/index.php\/2024\/07\/30\/el-hospital-rafael-mendez-de-lorca-aumenta-su-cartera-de-servicios-con-una-nueva-unidad-especializada-en-casos-complejos-de-cirugia-abdominal\/"]}]},{"@type":"ImageObject","inLanguage":"es","@id":"https:\/\/arealorcaradio.es\/index.php\/2024\/07\/30\/el-hospital-rafael-mendez-de-lorca-aumenta-su-cartera-de-servicios-con-una-nueva-unidad-especializada-en-casos-complejos-de-cirugia-abdominal\/#primaryimage","url":"https:\/\/arealorcaradio.es\/wp-content\/uploads\/2024\/07\/20240730equipo-pared-abdominal.jpg","contentUrl":"https:\/\/arealorcaradio.es\/wp-content\/uploads\/2024\/07\/20240730equipo-pared-abdominal.jpg","width":1600,"height":1200},{"@type":"BreadcrumbList","@id":"https:\/\/arealorcaradio.es\/index.php\/2024\/07\/30\/el-hospital-rafael-mendez-de-lorca-aumenta-su-cartera-de-servicios-con-una-nueva-unidad-especializada-en-casos-complejos-de-cirugia-abdominal\/#breadcrumb","itemListElement":[{"@type":"ListItem","position":1,"name":"Portada","item":"https:\/\/arealorcaradio.es\/"},{"@type":"ListItem","position":2,"name":"El hospital Rafael M\u00e9ndez de Lorca aumenta su cartera de servicios con una nueva unidad especializada en casos complejos de cirug\u00eda abdominal"}]},{"@type":"WebSite","@id":"https:\/\/arealorcaradio.es\/#website","url":"https:\/\/arealorcaradio.es\/","name":"AREA LORCA RADIO","description":"Descubre la programaci\u00f3n actual en \u00c1rea Lorca Radio, tu fuente de entrenamiento y noticias locales. Sintoniza ahora y mantente conectado online.","potentialAction":[{"@type":"SearchAction","target":{"@type":"EntryPoint","urlTemplate":"https:\/\/arealorcaradio.es\/?s={search_term_string}"},"query-input":{"@type":"PropertyValueSpecification","valueRequired":true,"valueName":"search_term_string"}}],"inLanguage":"es"},{"@type":"Person","@id":"https:\/\/arealorcaradio.es\/#\/schema\/person\/9fae605fc25b0f2c83c1ab207139bd27","name":"Paco S\u00e1nchez","image":{"@type":"ImageObject","inLanguage":"es","@id":"https:\/\/secure.gravatar.com\/avatar\/d67144e966420fb74aa84c9f2a0103be4724fd14db52b52d3b6bca749f257e79?s=96&d=mm&r=g","url":"https:\/\/secure.gravatar.com\/avatar\/d67144e966420fb74aa84c9f2a0103be4724fd14db52b52d3b6bca749f257e79?s=96&d=mm&r=g","contentUrl":"https:\/\/secure.gravatar.com\/avatar\/d67144e966420fb74aa84c9f2a0103be4724fd14db52b52d3b6bca749f257e79?s=96&d=mm&r=g","caption":"Paco S\u00e1nchez"},"sameAs":["https:\/\/arealorcaradio.es"],"url":"https:\/\/arealorcaradio.es\/index.php\/author\/admin_alorcaradio\/"}]}},"_links":{"self":[{"href":"https:\/\/arealorcaradio.es\/index.php\/wp-json\/wp\/v2\/posts\/3891","targetHints":{"allow":["GET"]}}],"collection":[{"href":"https:\/\/arealorcaradio.es\/index.php\/wp-json\/wp\/v2\/posts"}],"about":[{"href":"https:\/\/arealorcaradio.es\/index.php\/wp-json\/wp\/v2\/types\/post"}],"author":[{"embeddable":true,"href":"https:\/\/arealorcaradio.es\/index.php\/wp-json\/wp\/v2\/users\/1"}],"replies":[{"embeddable":true,"href":"https:\/\/arealorcaradio.es\/index.php\/wp-json\/wp\/v2\/comments?post=3891"}],"version-history":[{"count":1,"href":"https:\/\/arealorcaradio.es\/index.php\/wp-json\/wp\/v2\/posts\/3891\/revisions"}],"predecessor-version":[{"id":3893,"href":"https:\/\/arealorcaradio.es\/index.php\/wp-json\/wp\/v2\/posts\/3891\/revisions\/3893"}],"wp:featuredmedia":[{"embeddable":true,"href":"https:\/\/arealorcaradio.es\/index.php\/wp-json\/wp\/v2\/media\/3892"}],"wp:attachment":[{"href":"https:\/\/arealorcaradio.es\/index.php\/wp-json\/wp\/v2\/media?parent=3891"}],"wp:term":[{"taxonomy":"category","embeddable":true,"href":"https:\/\/arealorcaradio.es\/index.php\/wp-json\/wp\/v2\/categories?post=3891"},{"taxonomy":"post_tag","embeddable":true,"href":"https:\/\/arealorcaradio.es\/index.php\/wp-json\/wp\/v2\/tags?post=3891"}],"curies":[{"name":"wp","href":"https:\/\/api.w.org\/{rel}","templated":true}]}}