{"id":3882,"date":"2024-07-29T15:49:40","date_gmt":"2024-07-29T15:49:40","guid":{"rendered":"https:\/\/arealorcaradio.es\/?p=3882"},"modified":"2024-07-29T15:49:40","modified_gmt":"2024-07-29T15:49:40","slug":"alberto-castillo-esta-es-la-mejor-plantilla-que-voy-a-tener-la-oportunidad-de-dirigir-en-toda-mi-carrera-como-entrenador","status":"publish","type":"post","link":"https:\/\/arealorcaradio.es\/index.php\/2024\/07\/29\/alberto-castillo-esta-es-la-mejor-plantilla-que-voy-a-tener-la-oportunidad-de-dirigir-en-toda-mi-carrera-como-entrenador\/","title":{"rendered":"Alberto Castillo: \u00abEsta es la mejor plantilla que voy a tener la oportunidad de dirigir en toda mi carrera como entrenador\u00bb"},"content":{"rendered":"<p>\u00c1REA LORCA RADIO.<\/p>\n<p>Alberto Castillo visitaba este lunes el estudio de \u00c1rea Lorca Radio tras la primera toma de contacto con sus jugadores en el primer d\u00eda de pretemporada. Castillo se ha sincerado ante Paco S\u00e1nchez y los aficionados sobre el gran plantel que ya dirige con un claro objetivo, el ascenso a Segunda RFEF. A la afici\u00f3n le ha pedido que conf\u00ede en este equipo, seguro que les dar\u00e1 muy buenas tardes de f\u00fatbol, tanto en el Artes Carrasco como lejos del estadio lorquino.<\/p>\n<p>Escucha aqu\u00ed la entrevista que ha concedido Alberto Castillo a Paco S\u00e1nchez en el programa \u00c1rea Lorca Deportes.<\/p>\n<audio class=\"wp-audio-shortcode\" id=\"audio-3882-1\" preload=\"none\" style=\"width: 100%;\" controls=\"controls\"><source type=\"audio\/mpeg\" src=\"https:\/\/arealorcaradio.es\/wp-content\/uploads\/2024\/07\/290724-ALBERTO-CASTILLO.-INICIO-PRETEMPORADA.mp3?_=1\" \/><a href=\"https:\/\/arealorcaradio.es\/wp-content\/uploads\/2024\/07\/290724-ALBERTO-CASTILLO.-INICIO-PRETEMPORADA.mp3\">https:\/\/arealorcaradio.es\/wp-content\/uploads\/2024\/07\/290724-ALBERTO-CASTILLO.-INICIO-PRETEMPORADA.mp3<\/a><\/audio>\n<p><img loading=\"lazy\" decoding=\"async\" class=\"alignnone size-medium wp-image-3886\" src=\"https:\/\/arealorcaradio.es\/wp-content\/uploads\/2024\/07\/20240729_115650-300x225.jpg\" alt=\"\" width=\"300\" height=\"225\" srcset=\"https:\/\/arealorcaradio.es\/wp-content\/uploads\/2024\/07\/20240729_115650-300x225.jpg 300w, https:\/\/arealorcaradio.es\/wp-content\/uploads\/2024\/07\/20240729_115650-1024x768.jpg 1024w, https:\/\/arealorcaradio.es\/wp-content\/uploads\/2024\/07\/20240729_115650-768x576.jpg 768w, https:\/\/arealorcaradio.es\/wp-content\/uploads\/2024\/07\/20240729_115650-1536x1152.jpg 1536w, https:\/\/arealorcaradio.es\/wp-content\/uploads\/2024\/07\/20240729_115650-86x64.jpg 86w, https:\/\/arealorcaradio.es\/wp-content\/uploads\/2024\/07\/20240729_115650.jpg 2048w\" sizes=\"auto, (max-width: 300px) 100vw, 300px\" \/> <img loading=\"lazy\" decoding=\"async\" class=\"alignnone size-medium wp-image-3887\" src=\"https:\/\/arealorcaradio.es\/wp-content\/uploads\/2024\/07\/20240729_095805-300x225.jpg\" alt=\"\" width=\"300\" height=\"225\" srcset=\"https:\/\/arealorcaradio.es\/wp-content\/uploads\/2024\/07\/20240729_095805-300x225.jpg 300w, https:\/\/arealorcaradio.es\/wp-content\/uploads\/2024\/07\/20240729_095805-1024x768.jpg 1024w, https:\/\/arealorcaradio.es\/wp-content\/uploads\/2024\/07\/20240729_095805-768x576.jpg 768w, https:\/\/arealorcaradio.es\/wp-content\/uploads\/2024\/07\/20240729_095805-1536x1152.jpg 1536w, https:\/\/arealorcaradio.es\/wp-content\/uploads\/2024\/07\/20240729_095805-2048x1536.jpg 2048w, https:\/\/arealorcaradio.es\/wp-content\/uploads\/2024\/07\/20240729_095805-86x64.jpg 86w\" sizes=\"auto, (max-width: 300px) 100vw, 300px\" \/> <img loading=\"lazy\" decoding=\"async\" class=\"alignnone size-medium wp-image-3888\" src=\"https:\/\/arealorcaradio.es\/wp-content\/uploads\/2024\/07\/20240729_101520-300x225.jpg\" alt=\"\" width=\"300\" height=\"225\" srcset=\"https:\/\/arealorcaradio.es\/wp-content\/uploads\/2024\/07\/20240729_101520-300x225.jpg 300w, https:\/\/arealorcaradio.es\/wp-content\/uploads\/2024\/07\/20240729_101520-1024x768.jpg 1024w, https:\/\/arealorcaradio.es\/wp-content\/uploads\/2024\/07\/20240729_101520-768x576.jpg 768w, https:\/\/arealorcaradio.es\/wp-content\/uploads\/2024\/07\/20240729_101520-1536x1152.jpg 1536w, https:\/\/arealorcaradio.es\/wp-content\/uploads\/2024\/07\/20240729_101520-2048x1536.jpg 2048w, https:\/\/arealorcaradio.es\/wp-content\/uploads\/2024\/07\/20240729_101520-86x64.jpg 86w\" sizes=\"auto, (max-width: 300px) 100vw, 300px\" \/> <img loading=\"lazy\" decoding=\"async\" class=\"alignnone size-medium wp-image-3889\" src=\"https:\/\/arealorcaradio.es\/wp-content\/uploads\/2024\/07\/IMG-20240729-WA0033-300x225.jpg\" alt=\"\" width=\"300\" height=\"225\" srcset=\"https:\/\/arealorcaradio.es\/wp-content\/uploads\/2024\/07\/IMG-20240729-WA0033-300x225.jpg 300w, https:\/\/arealorcaradio.es\/wp-content\/uploads\/2024\/07\/IMG-20240729-WA0033-1024x768.jpg 1024w, https:\/\/arealorcaradio.es\/wp-content\/uploads\/2024\/07\/IMG-20240729-WA0033-768x576.jpg 768w, https:\/\/arealorcaradio.es\/wp-content\/uploads\/2024\/07\/IMG-20240729-WA0033-1536x1152.jpg 1536w, https:\/\/arealorcaradio.es\/wp-content\/uploads\/2024\/07\/IMG-20240729-WA0033-86x64.jpg 86w, https:\/\/arealorcaradio.es\/wp-content\/uploads\/2024\/07\/IMG-20240729-WA0033.jpg 2048w\" sizes=\"auto, (max-width: 300px) 100vw, 300px\" \/><\/p>\n","protected":false},"excerpt":{"rendered":"<p>\u00c1REA LORCA RADIO. Alberto Castillo visitaba este lunes el estudio de \u00c1rea Lorca Radio tras la primera toma de contacto con sus jugadores en el primer d\u00eda de pretemporada. Castillo se ha sincerado ante Paco S\u00e1nchez y los aficionados sobre el gran plantel que ya dirige con un claro objetivo, el ascenso a Segunda RFEF. [&hellip;]<\/p>\n","protected":false},"author":1,"featured_media":3884,"comment_status":"open","ping_status":"open","sticky":false,"template":"","format":"standard","meta":{"iawp_total_views":167,"footnotes":""},"categories":[4,7],"tags":[],"class_list":["post-3882","post","type-post","status-publish","format-standard","has-post-thumbnail","hentry","category-deportes","category-lorca"],"yoast_head":"<!-- This site is optimized with the Yoast SEO plugin v27.5 - https:\/\/yoast.com\/product\/yoast-seo-wordpress\/ -->\n<title>Alberto Castillo: &quot;Esta es la mejor plantilla que voy a tener la oportunidad de dirigir en toda mi carrera como entrenador&quot; - AREA LORCA RADIO<\/title>\n<meta name=\"robots\" content=\"index, follow, max-snippet:-1, max-image-preview:large, max-video-preview:-1\" \/>\n<link rel=\"canonical\" href=\"https:\/\/arealorcaradio.es\/index.php\/2024\/07\/29\/alberto-castillo-esta-es-la-mejor-plantilla-que-voy-a-tener-la-oportunidad-de-dirigir-en-toda-mi-carrera-como-entrenador\/\" \/>\n<meta property=\"og:locale\" content=\"es_ES\" \/>\n<meta property=\"og:type\" content=\"article\" \/>\n<meta property=\"og:title\" content=\"Alberto Castillo: &quot;Esta es la mejor plantilla que voy a tener la oportunidad de dirigir en toda mi carrera como entrenador&quot; - AREA LORCA RADIO\" \/>\n<meta property=\"og:description\" content=\"\u00c1REA LORCA RADIO. Alberto Castillo visitaba este lunes el estudio de \u00c1rea Lorca Radio tras la primera toma de contacto con sus jugadores en el primer d\u00eda de pretemporada. Castillo se ha sincerado ante Paco S\u00e1nchez y los aficionados sobre el gran plantel que ya dirige con un claro objetivo, el ascenso a Segunda RFEF. [&hellip;]\" \/>\n<meta property=\"og:url\" content=\"https:\/\/arealorcaradio.es\/index.php\/2024\/07\/29\/alberto-castillo-esta-es-la-mejor-plantilla-que-voy-a-tener-la-oportunidad-de-dirigir-en-toda-mi-carrera-como-entrenador\/\" \/>\n<meta property=\"og:site_name\" content=\"AREA LORCA RADIO\" \/>\n<meta property=\"article:published_time\" content=\"2024-07-29T15:49:40+00:00\" \/>\n<meta property=\"og:image\" content=\"https:\/\/arealorcaradio.es\/wp-content\/uploads\/2024\/07\/20240729_121954-scaled.jpg\" \/>\n\t<meta property=\"og:image:width\" content=\"2560\" \/>\n\t<meta property=\"og:image:height\" content=\"1920\" \/>\n\t<meta property=\"og:image:type\" content=\"image\/jpeg\" \/>\n<meta name=\"author\" content=\"Paco S\u00e1nchez\" \/>\n<meta name=\"twitter:card\" content=\"summary_large_image\" \/>\n<meta name=\"twitter:label1\" content=\"Escrito por\" \/>\n\t<meta name=\"twitter:data1\" content=\"Paco S\u00e1nchez\" \/>\n\t<meta name=\"twitter:label2\" content=\"Tiempo de lectura\" \/>\n\t<meta name=\"twitter:data2\" content=\"2 minutos\" \/>\n<script type=\"application\/ld+json\" class=\"yoast-schema-graph\">{\"@context\":\"https:\\\/\\\/schema.org\",\"@graph\":[{\"@type\":\"Article\",\"@id\":\"https:\\\/\\\/arealorcaradio.es\\\/index.php\\\/2024\\\/07\\\/29\\\/alberto-castillo-esta-es-la-mejor-plantilla-que-voy-a-tener-la-oportunidad-de-dirigir-en-toda-mi-carrera-como-entrenador\\\/#article\",\"isPartOf\":{\"@id\":\"https:\\\/\\\/arealorcaradio.es\\\/index.php\\\/2024\\\/07\\\/29\\\/alberto-castillo-esta-es-la-mejor-plantilla-que-voy-a-tener-la-oportunidad-de-dirigir-en-toda-mi-carrera-como-entrenador\\\/\"},\"author\":{\"name\":\"Paco S\u00e1nchez\",\"@id\":\"https:\\\/\\\/arealorcaradio.es\\\/#\\\/schema\\\/person\\\/9fae605fc25b0f2c83c1ab207139bd27\"},\"headline\":\"Alberto Castillo: \u00abEsta es la mejor plantilla que voy a tener la oportunidad de dirigir en toda mi carrera como entrenador\u00bb\",\"datePublished\":\"2024-07-29T15:49:40+00:00\",\"mainEntityOfPage\":{\"@id\":\"https:\\\/\\\/arealorcaradio.es\\\/index.php\\\/2024\\\/07\\\/29\\\/alberto-castillo-esta-es-la-mejor-plantilla-que-voy-a-tener-la-oportunidad-de-dirigir-en-toda-mi-carrera-como-entrenador\\\/\"},\"wordCount\":141,\"commentCount\":0,\"image\":{\"@id\":\"https:\\\/\\\/arealorcaradio.es\\\/index.php\\\/2024\\\/07\\\/29\\\/alberto-castillo-esta-es-la-mejor-plantilla-que-voy-a-tener-la-oportunidad-de-dirigir-en-toda-mi-carrera-como-entrenador\\\/#primaryimage\"},\"thumbnailUrl\":\"https:\\\/\\\/arealorcaradio.es\\\/wp-content\\\/uploads\\\/2024\\\/07\\\/20240729_121954-scaled.jpg\",\"articleSection\":[\"DEPORTES\",\"LORCA\"],\"inLanguage\":\"es\",\"potentialAction\":[{\"@type\":\"CommentAction\",\"name\":\"Comment\",\"target\":[\"https:\\\/\\\/arealorcaradio.es\\\/index.php\\\/2024\\\/07\\\/29\\\/alberto-castillo-esta-es-la-mejor-plantilla-que-voy-a-tener-la-oportunidad-de-dirigir-en-toda-mi-carrera-como-entrenador\\\/#respond\"]}]},{\"@type\":\"WebPage\",\"@id\":\"https:\\\/\\\/arealorcaradio.es\\\/index.php\\\/2024\\\/07\\\/29\\\/alberto-castillo-esta-es-la-mejor-plantilla-que-voy-a-tener-la-oportunidad-de-dirigir-en-toda-mi-carrera-como-entrenador\\\/\",\"url\":\"https:\\\/\\\/arealorcaradio.es\\\/index.php\\\/2024\\\/07\\\/29\\\/alberto-castillo-esta-es-la-mejor-plantilla-que-voy-a-tener-la-oportunidad-de-dirigir-en-toda-mi-carrera-como-entrenador\\\/\",\"name\":\"Alberto Castillo: \\\"Esta es la mejor plantilla que voy a tener la oportunidad de dirigir en toda mi carrera como entrenador\\\" - AREA LORCA RADIO\",\"isPartOf\":{\"@id\":\"https:\\\/\\\/arealorcaradio.es\\\/#website\"},\"primaryImageOfPage\":{\"@id\":\"https:\\\/\\\/arealorcaradio.es\\\/index.php\\\/2024\\\/07\\\/29\\\/alberto-castillo-esta-es-la-mejor-plantilla-que-voy-a-tener-la-oportunidad-de-dirigir-en-toda-mi-carrera-como-entrenador\\\/#primaryimage\"},\"image\":{\"@id\":\"https:\\\/\\\/arealorcaradio.es\\\/index.php\\\/2024\\\/07\\\/29\\\/alberto-castillo-esta-es-la-mejor-plantilla-que-voy-a-tener-la-oportunidad-de-dirigir-en-toda-mi-carrera-como-entrenador\\\/#primaryimage\"},\"thumbnailUrl\":\"https:\\\/\\\/arealorcaradio.es\\\/wp-content\\\/uploads\\\/2024\\\/07\\\/20240729_121954-scaled.jpg\",\"datePublished\":\"2024-07-29T15:49:40+00:00\",\"author\":{\"@id\":\"https:\\\/\\\/arealorcaradio.es\\\/#\\\/schema\\\/person\\\/9fae605fc25b0f2c83c1ab207139bd27\"},\"breadcrumb\":{\"@id\":\"https:\\\/\\\/arealorcaradio.es\\\/index.php\\\/2024\\\/07\\\/29\\\/alberto-castillo-esta-es-la-mejor-plantilla-que-voy-a-tener-la-oportunidad-de-dirigir-en-toda-mi-carrera-como-entrenador\\\/#breadcrumb\"},\"inLanguage\":\"es\",\"potentialAction\":[{\"@type\":\"ReadAction\",\"target\":[\"https:\\\/\\\/arealorcaradio.es\\\/index.php\\\/2024\\\/07\\\/29\\\/alberto-castillo-esta-es-la-mejor-plantilla-que-voy-a-tener-la-oportunidad-de-dirigir-en-toda-mi-carrera-como-entrenador\\\/\"]}]},{\"@type\":\"ImageObject\",\"inLanguage\":\"es\",\"@id\":\"https:\\\/\\\/arealorcaradio.es\\\/index.php\\\/2024\\\/07\\\/29\\\/alberto-castillo-esta-es-la-mejor-plantilla-que-voy-a-tener-la-oportunidad-de-dirigir-en-toda-mi-carrera-como-entrenador\\\/#primaryimage\",\"url\":\"https:\\\/\\\/arealorcaradio.es\\\/wp-content\\\/uploads\\\/2024\\\/07\\\/20240729_121954-scaled.jpg\",\"contentUrl\":\"https:\\\/\\\/arealorcaradio.es\\\/wp-content\\\/uploads\\\/2024\\\/07\\\/20240729_121954-scaled.jpg\",\"width\":2560,\"height\":1920},{\"@type\":\"BreadcrumbList\",\"@id\":\"https:\\\/\\\/arealorcaradio.es\\\/index.php\\\/2024\\\/07\\\/29\\\/alberto-castillo-esta-es-la-mejor-plantilla-que-voy-a-tener-la-oportunidad-de-dirigir-en-toda-mi-carrera-como-entrenador\\\/#breadcrumb\",\"itemListElement\":[{\"@type\":\"ListItem\",\"position\":1,\"name\":\"Portada\",\"item\":\"https:\\\/\\\/arealorcaradio.es\\\/\"},{\"@type\":\"ListItem\",\"position\":2,\"name\":\"Alberto Castillo: \u00abEsta es la mejor plantilla que voy a tener la oportunidad de dirigir en toda mi carrera como entrenador\u00bb\"}]},{\"@type\":\"WebSite\",\"@id\":\"https:\\\/\\\/arealorcaradio.es\\\/#website\",\"url\":\"https:\\\/\\\/arealorcaradio.es\\\/\",\"name\":\"AREA LORCA RADIO\",\"description\":\"Descubre la programaci\u00f3n actual en \u00c1rea Lorca Radio, tu fuente de entrenamiento y noticias locales. Sintoniza ahora y mantente conectado online.\",\"potentialAction\":[{\"@type\":\"SearchAction\",\"target\":{\"@type\":\"EntryPoint\",\"urlTemplate\":\"https:\\\/\\\/arealorcaradio.es\\\/?s={search_term_string}\"},\"query-input\":{\"@type\":\"PropertyValueSpecification\",\"valueRequired\":true,\"valueName\":\"search_term_string\"}}],\"inLanguage\":\"es\"},{\"@type\":\"Person\",\"@id\":\"https:\\\/\\\/arealorcaradio.es\\\/#\\\/schema\\\/person\\\/9fae605fc25b0f2c83c1ab207139bd27\",\"name\":\"Paco S\u00e1nchez\",\"image\":{\"@type\":\"ImageObject\",\"inLanguage\":\"es\",\"@id\":\"https:\\\/\\\/secure.gravatar.com\\\/avatar\\\/d67144e966420fb74aa84c9f2a0103be4724fd14db52b52d3b6bca749f257e79?s=96&d=mm&r=g\",\"url\":\"https:\\\/\\\/secure.gravatar.com\\\/avatar\\\/d67144e966420fb74aa84c9f2a0103be4724fd14db52b52d3b6bca749f257e79?s=96&d=mm&r=g\",\"contentUrl\":\"https:\\\/\\\/secure.gravatar.com\\\/avatar\\\/d67144e966420fb74aa84c9f2a0103be4724fd14db52b52d3b6bca749f257e79?s=96&d=mm&r=g\",\"caption\":\"Paco S\u00e1nchez\"},\"sameAs\":[\"https:\\\/\\\/arealorcaradio.es\"],\"url\":\"https:\\\/\\\/arealorcaradio.es\\\/index.php\\\/author\\\/admin_alorcaradio\\\/\"}]}<\/script>\n<!-- \/ Yoast SEO plugin. -->","yoast_head_json":{"title":"Alberto Castillo: \"Esta es la mejor plantilla que voy a tener la oportunidad de dirigir en toda mi carrera como entrenador\" - AREA LORCA RADIO","robots":{"index":"index","follow":"follow","max-snippet":"max-snippet:-1","max-image-preview":"max-image-preview:large","max-video-preview":"max-video-preview:-1"},"canonical":"https:\/\/arealorcaradio.es\/index.php\/2024\/07\/29\/alberto-castillo-esta-es-la-mejor-plantilla-que-voy-a-tener-la-oportunidad-de-dirigir-en-toda-mi-carrera-como-entrenador\/","og_locale":"es_ES","og_type":"article","og_title":"Alberto Castillo: \"Esta es la mejor plantilla que voy a tener la oportunidad de dirigir en toda mi carrera como entrenador\" - AREA LORCA RADIO","og_description":"\u00c1REA LORCA RADIO. Alberto Castillo visitaba este lunes el estudio de \u00c1rea Lorca Radio tras la primera toma de contacto con sus jugadores en el primer d\u00eda de pretemporada. Castillo se ha sincerado ante Paco S\u00e1nchez y los aficionados sobre el gran plantel que ya dirige con un claro objetivo, el ascenso a Segunda RFEF. [&hellip;]","og_url":"https:\/\/arealorcaradio.es\/index.php\/2024\/07\/29\/alberto-castillo-esta-es-la-mejor-plantilla-que-voy-a-tener-la-oportunidad-de-dirigir-en-toda-mi-carrera-como-entrenador\/","og_site_name":"AREA LORCA RADIO","article_published_time":"2024-07-29T15:49:40+00:00","og_image":[{"width":2560,"height":1920,"url":"https:\/\/arealorcaradio.es\/wp-content\/uploads\/2024\/07\/20240729_121954-scaled.jpg","type":"image\/jpeg"}],"author":"Paco S\u00e1nchez","twitter_card":"summary_large_image","twitter_misc":{"Escrito por":"Paco S\u00e1nchez","Tiempo de lectura":"2 minutos"},"schema":{"@context":"https:\/\/schema.org","@graph":[{"@type":"Article","@id":"https:\/\/arealorcaradio.es\/index.php\/2024\/07\/29\/alberto-castillo-esta-es-la-mejor-plantilla-que-voy-a-tener-la-oportunidad-de-dirigir-en-toda-mi-carrera-como-entrenador\/#article","isPartOf":{"@id":"https:\/\/arealorcaradio.es\/index.php\/2024\/07\/29\/alberto-castillo-esta-es-la-mejor-plantilla-que-voy-a-tener-la-oportunidad-de-dirigir-en-toda-mi-carrera-como-entrenador\/"},"author":{"name":"Paco S\u00e1nchez","@id":"https:\/\/arealorcaradio.es\/#\/schema\/person\/9fae605fc25b0f2c83c1ab207139bd27"},"headline":"Alberto Castillo: \u00abEsta es la mejor plantilla que voy a tener la oportunidad de dirigir en toda mi carrera como entrenador\u00bb","datePublished":"2024-07-29T15:49:40+00:00","mainEntityOfPage":{"@id":"https:\/\/arealorcaradio.es\/index.php\/2024\/07\/29\/alberto-castillo-esta-es-la-mejor-plantilla-que-voy-a-tener-la-oportunidad-de-dirigir-en-toda-mi-carrera-como-entrenador\/"},"wordCount":141,"commentCount":0,"image":{"@id":"https:\/\/arealorcaradio.es\/index.php\/2024\/07\/29\/alberto-castillo-esta-es-la-mejor-plantilla-que-voy-a-tener-la-oportunidad-de-dirigir-en-toda-mi-carrera-como-entrenador\/#primaryimage"},"thumbnailUrl":"https:\/\/arealorcaradio.es\/wp-content\/uploads\/2024\/07\/20240729_121954-scaled.jpg","articleSection":["DEPORTES","LORCA"],"inLanguage":"es","potentialAction":[{"@type":"CommentAction","name":"Comment","target":["https:\/\/arealorcaradio.es\/index.php\/2024\/07\/29\/alberto-castillo-esta-es-la-mejor-plantilla-que-voy-a-tener-la-oportunidad-de-dirigir-en-toda-mi-carrera-como-entrenador\/#respond"]}]},{"@type":"WebPage","@id":"https:\/\/arealorcaradio.es\/index.php\/2024\/07\/29\/alberto-castillo-esta-es-la-mejor-plantilla-que-voy-a-tener-la-oportunidad-de-dirigir-en-toda-mi-carrera-como-entrenador\/","url":"https:\/\/arealorcaradio.es\/index.php\/2024\/07\/29\/alberto-castillo-esta-es-la-mejor-plantilla-que-voy-a-tener-la-oportunidad-de-dirigir-en-toda-mi-carrera-como-entrenador\/","name":"Alberto Castillo: \"Esta es la mejor plantilla que voy a tener la oportunidad de dirigir en toda mi carrera como entrenador\" - AREA LORCA RADIO","isPartOf":{"@id":"https:\/\/arealorcaradio.es\/#website"},"primaryImageOfPage":{"@id":"https:\/\/arealorcaradio.es\/index.php\/2024\/07\/29\/alberto-castillo-esta-es-la-mejor-plantilla-que-voy-a-tener-la-oportunidad-de-dirigir-en-toda-mi-carrera-como-entrenador\/#primaryimage"},"image":{"@id":"https:\/\/arealorcaradio.es\/index.php\/2024\/07\/29\/alberto-castillo-esta-es-la-mejor-plantilla-que-voy-a-tener-la-oportunidad-de-dirigir-en-toda-mi-carrera-como-entrenador\/#primaryimage"},"thumbnailUrl":"https:\/\/arealorcaradio.es\/wp-content\/uploads\/2024\/07\/20240729_121954-scaled.jpg","datePublished":"2024-07-29T15:49:40+00:00","author":{"@id":"https:\/\/arealorcaradio.es\/#\/schema\/person\/9fae605fc25b0f2c83c1ab207139bd27"},"breadcrumb":{"@id":"https:\/\/arealorcaradio.es\/index.php\/2024\/07\/29\/alberto-castillo-esta-es-la-mejor-plantilla-que-voy-a-tener-la-oportunidad-de-dirigir-en-toda-mi-carrera-como-entrenador\/#breadcrumb"},"inLanguage":"es","potentialAction":[{"@type":"ReadAction","target":["https:\/\/arealorcaradio.es\/index.php\/2024\/07\/29\/alberto-castillo-esta-es-la-mejor-plantilla-que-voy-a-tener-la-oportunidad-de-dirigir-en-toda-mi-carrera-como-entrenador\/"]}]},{"@type":"ImageObject","inLanguage":"es","@id":"https:\/\/arealorcaradio.es\/index.php\/2024\/07\/29\/alberto-castillo-esta-es-la-mejor-plantilla-que-voy-a-tener-la-oportunidad-de-dirigir-en-toda-mi-carrera-como-entrenador\/#primaryimage","url":"https:\/\/arealorcaradio.es\/wp-content\/uploads\/2024\/07\/20240729_121954-scaled.jpg","contentUrl":"https:\/\/arealorcaradio.es\/wp-content\/uploads\/2024\/07\/20240729_121954-scaled.jpg","width":2560,"height":1920},{"@type":"BreadcrumbList","@id":"https:\/\/arealorcaradio.es\/index.php\/2024\/07\/29\/alberto-castillo-esta-es-la-mejor-plantilla-que-voy-a-tener-la-oportunidad-de-dirigir-en-toda-mi-carrera-como-entrenador\/#breadcrumb","itemListElement":[{"@type":"ListItem","position":1,"name":"Portada","item":"https:\/\/arealorcaradio.es\/"},{"@type":"ListItem","position":2,"name":"Alberto Castillo: \u00abEsta es la mejor plantilla que voy a tener la oportunidad de dirigir en toda mi carrera como entrenador\u00bb"}]},{"@type":"WebSite","@id":"https:\/\/arealorcaradio.es\/#website","url":"https:\/\/arealorcaradio.es\/","name":"AREA LORCA RADIO","description":"Descubre la programaci\u00f3n actual en \u00c1rea Lorca Radio, tu fuente de entrenamiento y noticias locales. Sintoniza ahora y mantente conectado online.","potentialAction":[{"@type":"SearchAction","target":{"@type":"EntryPoint","urlTemplate":"https:\/\/arealorcaradio.es\/?s={search_term_string}"},"query-input":{"@type":"PropertyValueSpecification","valueRequired":true,"valueName":"search_term_string"}}],"inLanguage":"es"},{"@type":"Person","@id":"https:\/\/arealorcaradio.es\/#\/schema\/person\/9fae605fc25b0f2c83c1ab207139bd27","name":"Paco S\u00e1nchez","image":{"@type":"ImageObject","inLanguage":"es","@id":"https:\/\/secure.gravatar.com\/avatar\/d67144e966420fb74aa84c9f2a0103be4724fd14db52b52d3b6bca749f257e79?s=96&d=mm&r=g","url":"https:\/\/secure.gravatar.com\/avatar\/d67144e966420fb74aa84c9f2a0103be4724fd14db52b52d3b6bca749f257e79?s=96&d=mm&r=g","contentUrl":"https:\/\/secure.gravatar.com\/avatar\/d67144e966420fb74aa84c9f2a0103be4724fd14db52b52d3b6bca749f257e79?s=96&d=mm&r=g","caption":"Paco S\u00e1nchez"},"sameAs":["https:\/\/arealorcaradio.es"],"url":"https:\/\/arealorcaradio.es\/index.php\/author\/admin_alorcaradio\/"}]}},"_links":{"self":[{"href":"https:\/\/arealorcaradio.es\/index.php\/wp-json\/wp\/v2\/posts\/3882","targetHints":{"allow":["GET"]}}],"collection":[{"href":"https:\/\/arealorcaradio.es\/index.php\/wp-json\/wp\/v2\/posts"}],"about":[{"href":"https:\/\/arealorcaradio.es\/index.php\/wp-json\/wp\/v2\/types\/post"}],"author":[{"embeddable":true,"href":"https:\/\/arealorcaradio.es\/index.php\/wp-json\/wp\/v2\/users\/1"}],"replies":[{"embeddable":true,"href":"https:\/\/arealorcaradio.es\/index.php\/wp-json\/wp\/v2\/comments?post=3882"}],"version-history":[{"count":2,"href":"https:\/\/arealorcaradio.es\/index.php\/wp-json\/wp\/v2\/posts\/3882\/revisions"}],"predecessor-version":[{"id":3890,"href":"https:\/\/arealorcaradio.es\/index.php\/wp-json\/wp\/v2\/posts\/3882\/revisions\/3890"}],"wp:featuredmedia":[{"embeddable":true,"href":"https:\/\/arealorcaradio.es\/index.php\/wp-json\/wp\/v2\/media\/3884"}],"wp:attachment":[{"href":"https:\/\/arealorcaradio.es\/index.php\/wp-json\/wp\/v2\/media?parent=3882"}],"wp:term":[{"taxonomy":"category","embeddable":true,"href":"https:\/\/arealorcaradio.es\/index.php\/wp-json\/wp\/v2\/categories?post=3882"},{"taxonomy":"post_tag","embeddable":true,"href":"https:\/\/arealorcaradio.es\/index.php\/wp-json\/wp\/v2\/tags?post=3882"}],"curies":[{"name":"wp","href":"https:\/\/api.w.org\/{rel}","templated":true}]}}