{"id":3869,"date":"2024-07-26T17:38:21","date_gmt":"2024-07-26T17:38:21","guid":{"rendered":"https:\/\/arealorcaradio.es\/?p=3869"},"modified":"2024-07-26T17:38:21","modified_gmt":"2024-07-26T17:38:21","slug":"la-atleta-de-eliocroca-jimena-hernandez-corbalan-se-proclama-campeona-de-espana-sub16-de-lanzamiento-de-jabalina","status":"publish","type":"post","link":"https:\/\/arealorcaradio.es\/index.php\/2024\/07\/26\/la-atleta-de-eliocroca-jimena-hernandez-corbalan-se-proclama-campeona-de-espana-sub16-de-lanzamiento-de-jabalina\/","title":{"rendered":"La atleta de Eliocroca Jimena Hern\u00e1ndez Corbal\u00e1n se proclama campeona de Espa\u00f1a sub16 de lanzamiento de jabalina"},"content":{"rendered":"<p>\u00c1REA LORCA RADIO.<\/p>\n<p>Escucha aqu\u00ed la entrevista que han concedido a Paco S\u00e1nchez en el programa \u00c1rea Lorca Deportes, Jimena Hern\u00e1ndez Corbal\u00e1n y Lali Velasco., su entrenadora.<\/p>\n<audio class=\"wp-audio-shortcode\" id=\"audio-3869-1\" preload=\"none\" style=\"width: 100%;\" controls=\"controls\"><source type=\"audio\/mpeg\" src=\"https:\/\/arealorcaradio.es\/wp-content\/uploads\/2024\/07\/260724-JIMENA-HERNANDEZ-Y-LALI-VELASCO.mp3?_=1\" \/><a href=\"https:\/\/arealorcaradio.es\/wp-content\/uploads\/2024\/07\/260724-JIMENA-HERNANDEZ-Y-LALI-VELASCO.mp3\">https:\/\/arealorcaradio.es\/wp-content\/uploads\/2024\/07\/260724-JIMENA-HERNANDEZ-Y-LALI-VELASCO.mp3<\/a><\/audio>\n<p class=\"v1MsoNormal\"><span lang=\"EN-US\">La<\/span><span lang=\"EN-US\"> atleta que esta entrenada por Lali Velasco, toda una referencia en Lorca en pruebas combinadas en el pasado, ya logr\u00f3 la medalla de plata en el campeonato nacional de invierno.<\/span><\/p>\n<p class=\"v1MsoNormal\"><span class=\"v1gmail-bumpedFont15\"><span lang=\"EN-US\"><img loading=\"lazy\" decoding=\"async\" class=\"alignnone size-medium wp-image-3879\" src=\"https:\/\/arealorcaradio.es\/wp-content\/uploads\/2024\/07\/IMG-20240726-WA0038-300x200.jpg\" alt=\"\" width=\"300\" height=\"200\" srcset=\"https:\/\/arealorcaradio.es\/wp-content\/uploads\/2024\/07\/IMG-20240726-WA0038-300x200.jpg 300w, https:\/\/arealorcaradio.es\/wp-content\/uploads\/2024\/07\/IMG-20240726-WA0038-768x512.jpg 768w, https:\/\/arealorcaradio.es\/wp-content\/uploads\/2024\/07\/IMG-20240726-WA0038.jpg 810w\" sizes=\"auto, (max-width: 300px) 100vw, 300px\" \/><\/span><\/span><\/p>\n<p class=\"v1MsoNormal\"><span class=\"v1gmail-bumpedFont15\"><span lang=\"EN-US\">Aunque Jimena no part\u00eda como favorita en la cita catalana, finalmente acab\u00f3 imponi\u00e9ndose al resto de participantes superando incluso su propia marca personal, pasando de los<\/span><\/span><span class=\"v1gmail-Apple-converted-space\"><span lang=\"EN-US\">\u00a0<\/span><\/span><span class=\"v1gmail-bumpedFont15\"><span lang=\"EN-US\">37,27<\/span><\/span><span class=\"v1gmail-Apple-converted-space\"><span lang=\"EN-US\">\u00a0<\/span><\/span><span class=\"v1gmail-bumpedFont15\"><span lang=\"EN-US\">metros<\/span><\/span><span class=\"v1gmail-Apple-converted-space\"><span lang=\"EN-US\">\u00a0<\/span><\/span><span class=\"v1gmail-bumpedFont15\"><span lang=\"EN-US\">a<\/span><\/span><span class=\"v1gmail-Apple-converted-space\"><span lang=\"EN-US\">\u00a0<\/span><\/span><span class=\"v1gmail-bumpedFont15\"><span lang=\"EN-US\">los 41,13 metros<\/span><\/span><span class=\"v1gmail-Apple-converted-space\"><span lang=\"EN-US\">\u00a0<\/span><\/span><span class=\"v1gmail-bumpedFont15\"><span lang=\"EN-US\">que le han valido el t\u00edtulo nacional y la consolidan como una gran promesa del atletismo.<\/span><\/span><\/p>\n<p class=\"v1gmail-s13\"><span class=\"v1gmail-bumpedFont15\"><span lang=\"EN-US\"><img loading=\"lazy\" decoding=\"async\" class=\"alignnone size-medium wp-image-3871\" src=\"https:\/\/arealorcaradio.es\/wp-content\/uploads\/2024\/07\/IMG-20240726-WA0037-277x300.jpg\" alt=\"\" width=\"277\" height=\"300\" srcset=\"https:\/\/arealorcaradio.es\/wp-content\/uploads\/2024\/07\/IMG-20240726-WA0037-277x300.jpg 277w, https:\/\/arealorcaradio.es\/wp-content\/uploads\/2024\/07\/IMG-20240726-WA0037.jpg 720w\" sizes=\"auto, (max-width: 277px) 100vw, 277px\" \/> \u00a0<img loading=\"lazy\" decoding=\"async\" class=\"alignnone size-medium wp-image-3872\" src=\"https:\/\/arealorcaradio.es\/wp-content\/uploads\/2024\/07\/IMG-20240726-WA0036-282x300.jpg\" alt=\"\" width=\"282\" height=\"300\" srcset=\"https:\/\/arealorcaradio.es\/wp-content\/uploads\/2024\/07\/IMG-20240726-WA0036-282x300.jpg 282w, https:\/\/arealorcaradio.es\/wp-content\/uploads\/2024\/07\/IMG-20240726-WA0036.jpg 720w\" sizes=\"auto, (max-width: 282px) 100vw, 282px\" \/> <img loading=\"lazy\" decoding=\"async\" class=\"alignnone size-medium wp-image-3873\" src=\"https:\/\/arealorcaradio.es\/wp-content\/uploads\/2024\/07\/IMG-20240726-WA0035-300x269.jpg\" alt=\"\" width=\"300\" height=\"269\" srcset=\"https:\/\/arealorcaradio.es\/wp-content\/uploads\/2024\/07\/IMG-20240726-WA0035-300x269.jpg 300w, https:\/\/arealorcaradio.es\/wp-content\/uploads\/2024\/07\/IMG-20240726-WA0035-768x689.jpg 768w, https:\/\/arealorcaradio.es\/wp-content\/uploads\/2024\/07\/IMG-20240726-WA0035.jpg 828w\" sizes=\"auto, (max-width: 300px) 100vw, 300px\" \/>\u00a0 <img loading=\"lazy\" decoding=\"async\" class=\"alignnone size-medium wp-image-3874\" src=\"https:\/\/arealorcaradio.es\/wp-content\/uploads\/2024\/07\/IMG-20240726-WA0034-300x265.jpg\" alt=\"\" width=\"300\" height=\"265\" srcset=\"https:\/\/arealorcaradio.es\/wp-content\/uploads\/2024\/07\/IMG-20240726-WA0034-300x265.jpg 300w, https:\/\/arealorcaradio.es\/wp-content\/uploads\/2024\/07\/IMG-20240726-WA0034-768x678.jpg 768w, https:\/\/arealorcaradio.es\/wp-content\/uploads\/2024\/07\/IMG-20240726-WA0034.jpg 828w\" sizes=\"auto, (max-width: 300px) 100vw, 300px\" \/> <img loading=\"lazy\" decoding=\"async\" class=\"alignnone  wp-image-3875\" src=\"https:\/\/arealorcaradio.es\/wp-content\/uploads\/2024\/07\/IMG-20240726-WA0039-297x300.jpg\" alt=\"\" width=\"269\" height=\"272\" srcset=\"https:\/\/arealorcaradio.es\/wp-content\/uploads\/2024\/07\/IMG-20240726-WA0039-297x300.jpg 297w, https:\/\/arealorcaradio.es\/wp-content\/uploads\/2024\/07\/IMG-20240726-WA0039-768x776.jpg 768w, https:\/\/arealorcaradio.es\/wp-content\/uploads\/2024\/07\/IMG-20240726-WA0039.jpg 828w\" sizes=\"auto, (max-width: 269px) 100vw, 269px\" \/>\u00a0 <img loading=\"lazy\" decoding=\"async\" class=\"alignnone  wp-image-3876\" src=\"https:\/\/arealorcaradio.es\/wp-content\/uploads\/2024\/07\/20240726_121331-300x225.jpg\" alt=\"\" width=\"296\" height=\"222\" srcset=\"https:\/\/arealorcaradio.es\/wp-content\/uploads\/2024\/07\/20240726_121331-300x225.jpg 300w, https:\/\/arealorcaradio.es\/wp-content\/uploads\/2024\/07\/20240726_121331-1024x768.jpg 1024w, https:\/\/arealorcaradio.es\/wp-content\/uploads\/2024\/07\/20240726_121331-768x576.jpg 768w, https:\/\/arealorcaradio.es\/wp-content\/uploads\/2024\/07\/20240726_121331-1536x1152.jpg 1536w, https:\/\/arealorcaradio.es\/wp-content\/uploads\/2024\/07\/20240726_121331-2048x1536.jpg 2048w, https:\/\/arealorcaradio.es\/wp-content\/uploads\/2024\/07\/20240726_121331-86x64.jpg 86w\" sizes=\"auto, (max-width: 296px) 100vw, 296px\" \/><\/span><\/span><\/p>\n<p class=\"v1gmail-s13\"><span class=\"v1gmail-bumpedFont15\"><span lang=\"EN-US\">Jimena Hern\u00e1ndez Corbal\u00e1n \u00a0recibi\u00f3 el pasado mes de enero el Premio al Deporte Lorquino 2023 que conceden la Concejal\u00eda de Deportes del Ayuntamiento de Lorca y la Asociaci\u00f3n de la Prensa Deportiva de Lorca en la categor\u00eda<\/span><\/span><span class=\"v1gmail-Apple-converted-space\"><span lang=\"EN-US\">\u00a0<\/span><\/span><span class=\"v1gmail-bumpedFont15\"><i><span lang=\"EN-US\">Mejor Deportista Lorquina Promesa<\/span><\/i><\/span><span class=\"v1gmail-Apple-converted-space\"><span lang=\"EN-US\">\u00a0<\/span><\/span><span class=\"v1gmail-bumpedFont15\"><span lang=\"EN-US\">por haber logrado la<\/span><\/span><span class=\"v1gmail-Apple-converted-space\"><span lang=\"EN-US\">\u00a0<\/span><\/span><span class=\"v1gmail-bumpedFont15\"><span lang=\"EN-US\">Medalla de plata de lanzamiento de jabalina en el campeonato de Espa\u00f1a por clubes sub 16 celebrado en C\u00e1ceres el 21 de octubre de 20023 con una marca de 33 metros y 28 cent\u00edmetros.<\/span><\/span><\/p>\n","protected":false},"excerpt":{"rendered":"<p>\u00c1REA LORCA RADIO. Escucha aqu\u00ed la entrevista que han concedido a Paco S\u00e1nchez en el programa \u00c1rea Lorca Deportes, Jimena Hern\u00e1ndez Corbal\u00e1n y Lali Velasco., su entrenadora. La atleta que esta entrenada por Lali Velasco, toda una referencia en Lorca en pruebas combinadas en el pasado, ya logr\u00f3 la medalla de plata en el campeonato [&hellip;]<\/p>\n","protected":false},"author":1,"featured_media":3877,"comment_status":"open","ping_status":"open","sticky":false,"template":"","format":"standard","meta":{"iawp_total_views":83,"footnotes":""},"categories":[4,7],"tags":[],"class_list":["post-3869","post","type-post","status-publish","format-standard","has-post-thumbnail","hentry","category-deportes","category-lorca"],"yoast_head":"<!-- This site is optimized with the Yoast SEO plugin v27.5 - https:\/\/yoast.com\/product\/yoast-seo-wordpress\/ -->\n<title>La atleta de Eliocroca Jimena Hern\u00e1ndez Corbal\u00e1n se proclama campeona de Espa\u00f1a sub16 de lanzamiento de jabalina - AREA LORCA RADIO<\/title>\n<meta name=\"robots\" content=\"index, follow, max-snippet:-1, max-image-preview:large, max-video-preview:-1\" \/>\n<link rel=\"canonical\" href=\"https:\/\/arealorcaradio.es\/index.php\/2024\/07\/26\/la-atleta-de-eliocroca-jimena-hernandez-corbalan-se-proclama-campeona-de-espana-sub16-de-lanzamiento-de-jabalina\/\" \/>\n<meta property=\"og:locale\" content=\"es_ES\" \/>\n<meta property=\"og:type\" content=\"article\" \/>\n<meta property=\"og:title\" content=\"La atleta de Eliocroca Jimena Hern\u00e1ndez Corbal\u00e1n se proclama campeona de Espa\u00f1a sub16 de lanzamiento de jabalina - AREA LORCA RADIO\" \/>\n<meta property=\"og:description\" content=\"\u00c1REA LORCA RADIO. Escucha aqu\u00ed la entrevista que han concedido a Paco S\u00e1nchez en el programa \u00c1rea Lorca Deportes, Jimena Hern\u00e1ndez Corbal\u00e1n y Lali Velasco., su entrenadora. La atleta que esta entrenada por Lali Velasco, toda una referencia en Lorca en pruebas combinadas en el pasado, ya logr\u00f3 la medalla de plata en el campeonato [&hellip;]\" \/>\n<meta property=\"og:url\" content=\"https:\/\/arealorcaradio.es\/index.php\/2024\/07\/26\/la-atleta-de-eliocroca-jimena-hernandez-corbalan-se-proclama-campeona-de-espana-sub16-de-lanzamiento-de-jabalina\/\" \/>\n<meta property=\"og:site_name\" content=\"AREA LORCA RADIO\" \/>\n<meta property=\"article:published_time\" content=\"2024-07-26T17:38:21+00:00\" \/>\n<meta property=\"og:image\" content=\"https:\/\/arealorcaradio.es\/wp-content\/uploads\/2024\/07\/20240726_121305-1-scaled.jpg\" \/>\n\t<meta property=\"og:image:width\" content=\"2560\" \/>\n\t<meta property=\"og:image:height\" content=\"1920\" \/>\n\t<meta property=\"og:image:type\" content=\"image\/jpeg\" \/>\n<meta name=\"author\" content=\"Paco S\u00e1nchez\" \/>\n<meta name=\"twitter:card\" content=\"summary_large_image\" \/>\n<meta name=\"twitter:label1\" content=\"Escrito por\" \/>\n\t<meta name=\"twitter:data1\" content=\"Paco S\u00e1nchez\" \/>\n\t<meta name=\"twitter:label2\" content=\"Tiempo de lectura\" \/>\n\t<meta name=\"twitter:data2\" content=\"3 minutos\" \/>\n<script type=\"application\/ld+json\" class=\"yoast-schema-graph\">{\"@context\":\"https:\\\/\\\/schema.org\",\"@graph\":[{\"@type\":\"Article\",\"@id\":\"https:\\\/\\\/arealorcaradio.es\\\/index.php\\\/2024\\\/07\\\/26\\\/la-atleta-de-eliocroca-jimena-hernandez-corbalan-se-proclama-campeona-de-espana-sub16-de-lanzamiento-de-jabalina\\\/#article\",\"isPartOf\":{\"@id\":\"https:\\\/\\\/arealorcaradio.es\\\/index.php\\\/2024\\\/07\\\/26\\\/la-atleta-de-eliocroca-jimena-hernandez-corbalan-se-proclama-campeona-de-espana-sub16-de-lanzamiento-de-jabalina\\\/\"},\"author\":{\"name\":\"Paco S\u00e1nchez\",\"@id\":\"https:\\\/\\\/arealorcaradio.es\\\/#\\\/schema\\\/person\\\/9fae605fc25b0f2c83c1ab207139bd27\"},\"headline\":\"La atleta de Eliocroca Jimena Hern\u00e1ndez Corbal\u00e1n se proclama campeona de Espa\u00f1a sub16 de lanzamiento de jabalina\",\"datePublished\":\"2024-07-26T17:38:21+00:00\",\"mainEntityOfPage\":{\"@id\":\"https:\\\/\\\/arealorcaradio.es\\\/index.php\\\/2024\\\/07\\\/26\\\/la-atleta-de-eliocroca-jimena-hernandez-corbalan-se-proclama-campeona-de-espana-sub16-de-lanzamiento-de-jabalina\\\/\"},\"wordCount\":221,\"commentCount\":0,\"image\":{\"@id\":\"https:\\\/\\\/arealorcaradio.es\\\/index.php\\\/2024\\\/07\\\/26\\\/la-atleta-de-eliocroca-jimena-hernandez-corbalan-se-proclama-campeona-de-espana-sub16-de-lanzamiento-de-jabalina\\\/#primaryimage\"},\"thumbnailUrl\":\"https:\\\/\\\/arealorcaradio.es\\\/wp-content\\\/uploads\\\/2024\\\/07\\\/20240726_121305-1-scaled.jpg\",\"articleSection\":[\"DEPORTES\",\"LORCA\"],\"inLanguage\":\"es\",\"potentialAction\":[{\"@type\":\"CommentAction\",\"name\":\"Comment\",\"target\":[\"https:\\\/\\\/arealorcaradio.es\\\/index.php\\\/2024\\\/07\\\/26\\\/la-atleta-de-eliocroca-jimena-hernandez-corbalan-se-proclama-campeona-de-espana-sub16-de-lanzamiento-de-jabalina\\\/#respond\"]}]},{\"@type\":\"WebPage\",\"@id\":\"https:\\\/\\\/arealorcaradio.es\\\/index.php\\\/2024\\\/07\\\/26\\\/la-atleta-de-eliocroca-jimena-hernandez-corbalan-se-proclama-campeona-de-espana-sub16-de-lanzamiento-de-jabalina\\\/\",\"url\":\"https:\\\/\\\/arealorcaradio.es\\\/index.php\\\/2024\\\/07\\\/26\\\/la-atleta-de-eliocroca-jimena-hernandez-corbalan-se-proclama-campeona-de-espana-sub16-de-lanzamiento-de-jabalina\\\/\",\"name\":\"La atleta de Eliocroca Jimena Hern\u00e1ndez Corbal\u00e1n se proclama campeona de Espa\u00f1a sub16 de lanzamiento de jabalina - AREA LORCA RADIO\",\"isPartOf\":{\"@id\":\"https:\\\/\\\/arealorcaradio.es\\\/#website\"},\"primaryImageOfPage\":{\"@id\":\"https:\\\/\\\/arealorcaradio.es\\\/index.php\\\/2024\\\/07\\\/26\\\/la-atleta-de-eliocroca-jimena-hernandez-corbalan-se-proclama-campeona-de-espana-sub16-de-lanzamiento-de-jabalina\\\/#primaryimage\"},\"image\":{\"@id\":\"https:\\\/\\\/arealorcaradio.es\\\/index.php\\\/2024\\\/07\\\/26\\\/la-atleta-de-eliocroca-jimena-hernandez-corbalan-se-proclama-campeona-de-espana-sub16-de-lanzamiento-de-jabalina\\\/#primaryimage\"},\"thumbnailUrl\":\"https:\\\/\\\/arealorcaradio.es\\\/wp-content\\\/uploads\\\/2024\\\/07\\\/20240726_121305-1-scaled.jpg\",\"datePublished\":\"2024-07-26T17:38:21+00:00\",\"author\":{\"@id\":\"https:\\\/\\\/arealorcaradio.es\\\/#\\\/schema\\\/person\\\/9fae605fc25b0f2c83c1ab207139bd27\"},\"breadcrumb\":{\"@id\":\"https:\\\/\\\/arealorcaradio.es\\\/index.php\\\/2024\\\/07\\\/26\\\/la-atleta-de-eliocroca-jimena-hernandez-corbalan-se-proclama-campeona-de-espana-sub16-de-lanzamiento-de-jabalina\\\/#breadcrumb\"},\"inLanguage\":\"es\",\"potentialAction\":[{\"@type\":\"ReadAction\",\"target\":[\"https:\\\/\\\/arealorcaradio.es\\\/index.php\\\/2024\\\/07\\\/26\\\/la-atleta-de-eliocroca-jimena-hernandez-corbalan-se-proclama-campeona-de-espana-sub16-de-lanzamiento-de-jabalina\\\/\"]}]},{\"@type\":\"ImageObject\",\"inLanguage\":\"es\",\"@id\":\"https:\\\/\\\/arealorcaradio.es\\\/index.php\\\/2024\\\/07\\\/26\\\/la-atleta-de-eliocroca-jimena-hernandez-corbalan-se-proclama-campeona-de-espana-sub16-de-lanzamiento-de-jabalina\\\/#primaryimage\",\"url\":\"https:\\\/\\\/arealorcaradio.es\\\/wp-content\\\/uploads\\\/2024\\\/07\\\/20240726_121305-1-scaled.jpg\",\"contentUrl\":\"https:\\\/\\\/arealorcaradio.es\\\/wp-content\\\/uploads\\\/2024\\\/07\\\/20240726_121305-1-scaled.jpg\",\"width\":2560,\"height\":1920},{\"@type\":\"BreadcrumbList\",\"@id\":\"https:\\\/\\\/arealorcaradio.es\\\/index.php\\\/2024\\\/07\\\/26\\\/la-atleta-de-eliocroca-jimena-hernandez-corbalan-se-proclama-campeona-de-espana-sub16-de-lanzamiento-de-jabalina\\\/#breadcrumb\",\"itemListElement\":[{\"@type\":\"ListItem\",\"position\":1,\"name\":\"Portada\",\"item\":\"https:\\\/\\\/arealorcaradio.es\\\/\"},{\"@type\":\"ListItem\",\"position\":2,\"name\":\"La atleta de Eliocroca Jimena Hern\u00e1ndez Corbal\u00e1n se proclama campeona de Espa\u00f1a sub16 de lanzamiento de jabalina\"}]},{\"@type\":\"WebSite\",\"@id\":\"https:\\\/\\\/arealorcaradio.es\\\/#website\",\"url\":\"https:\\\/\\\/arealorcaradio.es\\\/\",\"name\":\"AREA LORCA RADIO\",\"description\":\"Descubre la programaci\u00f3n actual en \u00c1rea Lorca Radio, tu fuente de entrenamiento y noticias locales. Sintoniza ahora y mantente conectado online.\",\"potentialAction\":[{\"@type\":\"SearchAction\",\"target\":{\"@type\":\"EntryPoint\",\"urlTemplate\":\"https:\\\/\\\/arealorcaradio.es\\\/?s={search_term_string}\"},\"query-input\":{\"@type\":\"PropertyValueSpecification\",\"valueRequired\":true,\"valueName\":\"search_term_string\"}}],\"inLanguage\":\"es\"},{\"@type\":\"Person\",\"@id\":\"https:\\\/\\\/arealorcaradio.es\\\/#\\\/schema\\\/person\\\/9fae605fc25b0f2c83c1ab207139bd27\",\"name\":\"Paco S\u00e1nchez\",\"image\":{\"@type\":\"ImageObject\",\"inLanguage\":\"es\",\"@id\":\"https:\\\/\\\/secure.gravatar.com\\\/avatar\\\/d67144e966420fb74aa84c9f2a0103be4724fd14db52b52d3b6bca749f257e79?s=96&d=mm&r=g\",\"url\":\"https:\\\/\\\/secure.gravatar.com\\\/avatar\\\/d67144e966420fb74aa84c9f2a0103be4724fd14db52b52d3b6bca749f257e79?s=96&d=mm&r=g\",\"contentUrl\":\"https:\\\/\\\/secure.gravatar.com\\\/avatar\\\/d67144e966420fb74aa84c9f2a0103be4724fd14db52b52d3b6bca749f257e79?s=96&d=mm&r=g\",\"caption\":\"Paco S\u00e1nchez\"},\"sameAs\":[\"https:\\\/\\\/arealorcaradio.es\"],\"url\":\"https:\\\/\\\/arealorcaradio.es\\\/index.php\\\/author\\\/admin_alorcaradio\\\/\"}]}<\/script>\n<!-- \/ Yoast SEO plugin. -->","yoast_head_json":{"title":"La atleta de Eliocroca Jimena Hern\u00e1ndez Corbal\u00e1n se proclama campeona de Espa\u00f1a sub16 de lanzamiento de jabalina - AREA LORCA RADIO","robots":{"index":"index","follow":"follow","max-snippet":"max-snippet:-1","max-image-preview":"max-image-preview:large","max-video-preview":"max-video-preview:-1"},"canonical":"https:\/\/arealorcaradio.es\/index.php\/2024\/07\/26\/la-atleta-de-eliocroca-jimena-hernandez-corbalan-se-proclama-campeona-de-espana-sub16-de-lanzamiento-de-jabalina\/","og_locale":"es_ES","og_type":"article","og_title":"La atleta de Eliocroca Jimena Hern\u00e1ndez Corbal\u00e1n se proclama campeona de Espa\u00f1a sub16 de lanzamiento de jabalina - AREA LORCA RADIO","og_description":"\u00c1REA LORCA RADIO. Escucha aqu\u00ed la entrevista que han concedido a Paco S\u00e1nchez en el programa \u00c1rea Lorca Deportes, Jimena Hern\u00e1ndez Corbal\u00e1n y Lali Velasco., su entrenadora. La atleta que esta entrenada por Lali Velasco, toda una referencia en Lorca en pruebas combinadas en el pasado, ya logr\u00f3 la medalla de plata en el campeonato [&hellip;]","og_url":"https:\/\/arealorcaradio.es\/index.php\/2024\/07\/26\/la-atleta-de-eliocroca-jimena-hernandez-corbalan-se-proclama-campeona-de-espana-sub16-de-lanzamiento-de-jabalina\/","og_site_name":"AREA LORCA RADIO","article_published_time":"2024-07-26T17:38:21+00:00","og_image":[{"width":2560,"height":1920,"url":"https:\/\/arealorcaradio.es\/wp-content\/uploads\/2024\/07\/20240726_121305-1-scaled.jpg","type":"image\/jpeg"}],"author":"Paco S\u00e1nchez","twitter_card":"summary_large_image","twitter_misc":{"Escrito por":"Paco S\u00e1nchez","Tiempo de lectura":"3 minutos"},"schema":{"@context":"https:\/\/schema.org","@graph":[{"@type":"Article","@id":"https:\/\/arealorcaradio.es\/index.php\/2024\/07\/26\/la-atleta-de-eliocroca-jimena-hernandez-corbalan-se-proclama-campeona-de-espana-sub16-de-lanzamiento-de-jabalina\/#article","isPartOf":{"@id":"https:\/\/arealorcaradio.es\/index.php\/2024\/07\/26\/la-atleta-de-eliocroca-jimena-hernandez-corbalan-se-proclama-campeona-de-espana-sub16-de-lanzamiento-de-jabalina\/"},"author":{"name":"Paco S\u00e1nchez","@id":"https:\/\/arealorcaradio.es\/#\/schema\/person\/9fae605fc25b0f2c83c1ab207139bd27"},"headline":"La atleta de Eliocroca Jimena Hern\u00e1ndez Corbal\u00e1n se proclama campeona de Espa\u00f1a sub16 de lanzamiento de jabalina","datePublished":"2024-07-26T17:38:21+00:00","mainEntityOfPage":{"@id":"https:\/\/arealorcaradio.es\/index.php\/2024\/07\/26\/la-atleta-de-eliocroca-jimena-hernandez-corbalan-se-proclama-campeona-de-espana-sub16-de-lanzamiento-de-jabalina\/"},"wordCount":221,"commentCount":0,"image":{"@id":"https:\/\/arealorcaradio.es\/index.php\/2024\/07\/26\/la-atleta-de-eliocroca-jimena-hernandez-corbalan-se-proclama-campeona-de-espana-sub16-de-lanzamiento-de-jabalina\/#primaryimage"},"thumbnailUrl":"https:\/\/arealorcaradio.es\/wp-content\/uploads\/2024\/07\/20240726_121305-1-scaled.jpg","articleSection":["DEPORTES","LORCA"],"inLanguage":"es","potentialAction":[{"@type":"CommentAction","name":"Comment","target":["https:\/\/arealorcaradio.es\/index.php\/2024\/07\/26\/la-atleta-de-eliocroca-jimena-hernandez-corbalan-se-proclama-campeona-de-espana-sub16-de-lanzamiento-de-jabalina\/#respond"]}]},{"@type":"WebPage","@id":"https:\/\/arealorcaradio.es\/index.php\/2024\/07\/26\/la-atleta-de-eliocroca-jimena-hernandez-corbalan-se-proclama-campeona-de-espana-sub16-de-lanzamiento-de-jabalina\/","url":"https:\/\/arealorcaradio.es\/index.php\/2024\/07\/26\/la-atleta-de-eliocroca-jimena-hernandez-corbalan-se-proclama-campeona-de-espana-sub16-de-lanzamiento-de-jabalina\/","name":"La atleta de Eliocroca Jimena Hern\u00e1ndez Corbal\u00e1n se proclama campeona de Espa\u00f1a sub16 de lanzamiento de jabalina - AREA LORCA RADIO","isPartOf":{"@id":"https:\/\/arealorcaradio.es\/#website"},"primaryImageOfPage":{"@id":"https:\/\/arealorcaradio.es\/index.php\/2024\/07\/26\/la-atleta-de-eliocroca-jimena-hernandez-corbalan-se-proclama-campeona-de-espana-sub16-de-lanzamiento-de-jabalina\/#primaryimage"},"image":{"@id":"https:\/\/arealorcaradio.es\/index.php\/2024\/07\/26\/la-atleta-de-eliocroca-jimena-hernandez-corbalan-se-proclama-campeona-de-espana-sub16-de-lanzamiento-de-jabalina\/#primaryimage"},"thumbnailUrl":"https:\/\/arealorcaradio.es\/wp-content\/uploads\/2024\/07\/20240726_121305-1-scaled.jpg","datePublished":"2024-07-26T17:38:21+00:00","author":{"@id":"https:\/\/arealorcaradio.es\/#\/schema\/person\/9fae605fc25b0f2c83c1ab207139bd27"},"breadcrumb":{"@id":"https:\/\/arealorcaradio.es\/index.php\/2024\/07\/26\/la-atleta-de-eliocroca-jimena-hernandez-corbalan-se-proclama-campeona-de-espana-sub16-de-lanzamiento-de-jabalina\/#breadcrumb"},"inLanguage":"es","potentialAction":[{"@type":"ReadAction","target":["https:\/\/arealorcaradio.es\/index.php\/2024\/07\/26\/la-atleta-de-eliocroca-jimena-hernandez-corbalan-se-proclama-campeona-de-espana-sub16-de-lanzamiento-de-jabalina\/"]}]},{"@type":"ImageObject","inLanguage":"es","@id":"https:\/\/arealorcaradio.es\/index.php\/2024\/07\/26\/la-atleta-de-eliocroca-jimena-hernandez-corbalan-se-proclama-campeona-de-espana-sub16-de-lanzamiento-de-jabalina\/#primaryimage","url":"https:\/\/arealorcaradio.es\/wp-content\/uploads\/2024\/07\/20240726_121305-1-scaled.jpg","contentUrl":"https:\/\/arealorcaradio.es\/wp-content\/uploads\/2024\/07\/20240726_121305-1-scaled.jpg","width":2560,"height":1920},{"@type":"BreadcrumbList","@id":"https:\/\/arealorcaradio.es\/index.php\/2024\/07\/26\/la-atleta-de-eliocroca-jimena-hernandez-corbalan-se-proclama-campeona-de-espana-sub16-de-lanzamiento-de-jabalina\/#breadcrumb","itemListElement":[{"@type":"ListItem","position":1,"name":"Portada","item":"https:\/\/arealorcaradio.es\/"},{"@type":"ListItem","position":2,"name":"La atleta de Eliocroca Jimena Hern\u00e1ndez Corbal\u00e1n se proclama campeona de Espa\u00f1a sub16 de lanzamiento de jabalina"}]},{"@type":"WebSite","@id":"https:\/\/arealorcaradio.es\/#website","url":"https:\/\/arealorcaradio.es\/","name":"AREA LORCA RADIO","description":"Descubre la programaci\u00f3n actual en \u00c1rea Lorca Radio, tu fuente de entrenamiento y noticias locales. Sintoniza ahora y mantente conectado online.","potentialAction":[{"@type":"SearchAction","target":{"@type":"EntryPoint","urlTemplate":"https:\/\/arealorcaradio.es\/?s={search_term_string}"},"query-input":{"@type":"PropertyValueSpecification","valueRequired":true,"valueName":"search_term_string"}}],"inLanguage":"es"},{"@type":"Person","@id":"https:\/\/arealorcaradio.es\/#\/schema\/person\/9fae605fc25b0f2c83c1ab207139bd27","name":"Paco S\u00e1nchez","image":{"@type":"ImageObject","inLanguage":"es","@id":"https:\/\/secure.gravatar.com\/avatar\/d67144e966420fb74aa84c9f2a0103be4724fd14db52b52d3b6bca749f257e79?s=96&d=mm&r=g","url":"https:\/\/secure.gravatar.com\/avatar\/d67144e966420fb74aa84c9f2a0103be4724fd14db52b52d3b6bca749f257e79?s=96&d=mm&r=g","contentUrl":"https:\/\/secure.gravatar.com\/avatar\/d67144e966420fb74aa84c9f2a0103be4724fd14db52b52d3b6bca749f257e79?s=96&d=mm&r=g","caption":"Paco S\u00e1nchez"},"sameAs":["https:\/\/arealorcaradio.es"],"url":"https:\/\/arealorcaradio.es\/index.php\/author\/admin_alorcaradio\/"}]}},"_links":{"self":[{"href":"https:\/\/arealorcaradio.es\/index.php\/wp-json\/wp\/v2\/posts\/3869","targetHints":{"allow":["GET"]}}],"collection":[{"href":"https:\/\/arealorcaradio.es\/index.php\/wp-json\/wp\/v2\/posts"}],"about":[{"href":"https:\/\/arealorcaradio.es\/index.php\/wp-json\/wp\/v2\/types\/post"}],"author":[{"embeddable":true,"href":"https:\/\/arealorcaradio.es\/index.php\/wp-json\/wp\/v2\/users\/1"}],"replies":[{"embeddable":true,"href":"https:\/\/arealorcaradio.es\/index.php\/wp-json\/wp\/v2\/comments?post=3869"}],"version-history":[{"count":2,"href":"https:\/\/arealorcaradio.es\/index.php\/wp-json\/wp\/v2\/posts\/3869\/revisions"}],"predecessor-version":[{"id":3880,"href":"https:\/\/arealorcaradio.es\/index.php\/wp-json\/wp\/v2\/posts\/3869\/revisions\/3880"}],"wp:featuredmedia":[{"embeddable":true,"href":"https:\/\/arealorcaradio.es\/index.php\/wp-json\/wp\/v2\/media\/3877"}],"wp:attachment":[{"href":"https:\/\/arealorcaradio.es\/index.php\/wp-json\/wp\/v2\/media?parent=3869"}],"wp:term":[{"taxonomy":"category","embeddable":true,"href":"https:\/\/arealorcaradio.es\/index.php\/wp-json\/wp\/v2\/categories?post=3869"},{"taxonomy":"post_tag","embeddable":true,"href":"https:\/\/arealorcaradio.es\/index.php\/wp-json\/wp\/v2\/tags?post=3869"}],"curies":[{"name":"wp","href":"https:\/\/api.w.org\/{rel}","templated":true}]}}