{"id":3846,"date":"2024-07-25T16:35:07","date_gmt":"2024-07-25T16:35:07","guid":{"rendered":"https:\/\/arealorcaradio.es\/?p=3846"},"modified":"2024-07-25T16:35:07","modified_gmt":"2024-07-25T16:35:07","slug":"el-alcalde-de-lorca-supervisa-el-avance-de-las-obras-de-adecuacion-de-las-nuevas-instalaciones-de-la-asociacion-alzheimer","status":"publish","type":"post","link":"https:\/\/arealorcaradio.es\/index.php\/2024\/07\/25\/el-alcalde-de-lorca-supervisa-el-avance-de-las-obras-de-adecuacion-de-las-nuevas-instalaciones-de-la-asociacion-alzheimer\/","title":{"rendered":"El alcalde de Lorca supervisa el avance de las obras de adecuaci\u00f3n de las nuevas instalaciones de la Asociaci\u00f3n Alzheimer"},"content":{"rendered":"<p>\u00c1REA LORCA RADIO.<\/p>\n<p><b>25 de julio de 2024.<\/b>\u00a0El alcalde de Lorca, Fulgencio Gil J\u00f3dar, ha supervisado este jueves las obras de adecuaci\u00f3n del local que albergar\u00e1 el nuevo centro de d\u00eda para personas con Alzheimer, ubicado en unos bajos de propiedad municipal en el barrio de San Fernando. Estas actuaciones, que est\u00e1n siendo ejecutadas por &#8216;obras por administraci\u00f3n&#8217; a trav\u00e9s de programas de empleo impartidos por la concejal\u00eda de Desarrollo Local y empresas colaboradoras, permitir\u00e1n ofrecer un espacio adecuado y moderno para la atenci\u00f3n de los enfermos de Alzheimer y sus familias.<\/p>\n<p class=\"v1MsoNormal\">El nuevo centro tendr\u00e1 capacidad para 47 usuarios, adem\u00e1s de tres plazas adicionales a disposici\u00f3n del Ayuntamiento, duplicando la capacidad de atenci\u00f3n actual de la asociaci\u00f3n. Fulgencio Gil ha expresado su satisfacci\u00f3n por el progreso de las obras destacando que \u00abdesde el Gobierno de Lorca estamos muy contentos de ver c\u00f3mo avanzan la adecuaci\u00f3n de este nuevo local, que ser\u00e1 vital para ofrecer una atenci\u00f3n especializada y adecuada a los enfermos de Alzheimer y sus familias\u00bb, y ha a\u00f1adido que \u00abcon estas nuevas instalaciones, por un lado, estamos dando un paso importante para cubrir las necesidades de esta entidad, y, por otro, tambi\u00e9n estamos rentabilizando los recursos municipales\u00bb.<\/p>\n<p class=\"v1MsoNormal\">El alcalde de Lorca ha explicado que las actuaciones que se est\u00e1n llevando a cabo en la adecuaci\u00f3n del local est\u00e1n siendo desarrolladas por los alumnos del Programa Mixto de Empleo y Formaci\u00f3n &#8216;Alfa&#8217; con las especialidades de revestimientos continuos en construcci\u00f3n; pintura decorativa en construcci\u00f3n; instalaciones electrotecnias y telecomunicaciones en edificios; y operaciones de fontaner\u00eda y calefacci\u00f3n dom\u00e9stica. Est\u00e1 formado por seis monitores y treinta y dos alumnos de entre 25 y 54 a\u00f1os para las cuatro especialidades. Asimismo, este programa tiene una duraci\u00f3n de un a\u00f1o y est\u00e1 subvencionado por el Servicio Regional de Empleo y Formaci\u00f3n (SEF) y el Ayuntamiento de Lorca.<\/p>\n<p class=\"v1MsoNormal\">Y ha detallado que el bajo se encuentra completamente di\u00e1fano y las actuaciones m\u00e1s relevantes a ejecutar incluyen la demolici\u00f3n de cerramientos existentes, la construcci\u00f3n de nuevos cerramientos y divisiones interiores, solados, alicatados y revestimientos, carpinter\u00edas exteriores e interiores, vidrios y pinturas, adem\u00e1s de instalaciones de electricidad, fontaner\u00eda, agua caliente sanitaria, saneamiento, ventilaci\u00f3n, climatizaci\u00f3n y protecci\u00f3n contra incendios.<\/p>\n<p class=\"v1MsoNormal\"><img loading=\"lazy\" decoding=\"async\" class=\"alignnone size-medium wp-image-3849\" src=\"https:\/\/arealorcaradio.es\/wp-content\/uploads\/2024\/07\/20240725_111742-300x225.jpg\" alt=\"\" width=\"300\" height=\"225\" srcset=\"https:\/\/arealorcaradio.es\/wp-content\/uploads\/2024\/07\/20240725_111742-300x225.jpg 300w, https:\/\/arealorcaradio.es\/wp-content\/uploads\/2024\/07\/20240725_111742-1024x768.jpg 1024w, https:\/\/arealorcaradio.es\/wp-content\/uploads\/2024\/07\/20240725_111742-768x576.jpg 768w, https:\/\/arealorcaradio.es\/wp-content\/uploads\/2024\/07\/20240725_111742-1536x1152.jpg 1536w, https:\/\/arealorcaradio.es\/wp-content\/uploads\/2024\/07\/20240725_111742-2048x1536.jpg 2048w, https:\/\/arealorcaradio.es\/wp-content\/uploads\/2024\/07\/20240725_111742-86x64.jpg 86w\" sizes=\"auto, (max-width: 300px) 100vw, 300px\" \/>\u00a0 <img loading=\"lazy\" decoding=\"async\" class=\"alignnone size-medium wp-image-3850\" src=\"https:\/\/arealorcaradio.es\/wp-content\/uploads\/2024\/07\/20240725_111716-300x225.jpg\" alt=\"\" width=\"300\" height=\"225\" srcset=\"https:\/\/arealorcaradio.es\/wp-content\/uploads\/2024\/07\/20240725_111716-300x225.jpg 300w, https:\/\/arealorcaradio.es\/wp-content\/uploads\/2024\/07\/20240725_111716-1024x768.jpg 1024w, https:\/\/arealorcaradio.es\/wp-content\/uploads\/2024\/07\/20240725_111716-768x576.jpg 768w, https:\/\/arealorcaradio.es\/wp-content\/uploads\/2024\/07\/20240725_111716-1536x1152.jpg 1536w, https:\/\/arealorcaradio.es\/wp-content\/uploads\/2024\/07\/20240725_111716-2048x1536.jpg 2048w, https:\/\/arealorcaradio.es\/wp-content\/uploads\/2024\/07\/20240725_111716-86x64.jpg 86w\" sizes=\"auto, (max-width: 300px) 100vw, 300px\" \/> <img loading=\"lazy\" decoding=\"async\" class=\"alignnone size-medium wp-image-3851\" src=\"https:\/\/arealorcaradio.es\/wp-content\/uploads\/2024\/07\/20240725_111500-300x225.jpg\" alt=\"\" width=\"300\" height=\"225\" srcset=\"https:\/\/arealorcaradio.es\/wp-content\/uploads\/2024\/07\/20240725_111500-300x225.jpg 300w, https:\/\/arealorcaradio.es\/wp-content\/uploads\/2024\/07\/20240725_111500-1024x768.jpg 1024w, https:\/\/arealorcaradio.es\/wp-content\/uploads\/2024\/07\/20240725_111500-768x576.jpg 768w, https:\/\/arealorcaradio.es\/wp-content\/uploads\/2024\/07\/20240725_111500-1536x1152.jpg 1536w, https:\/\/arealorcaradio.es\/wp-content\/uploads\/2024\/07\/20240725_111500-2048x1536.jpg 2048w, https:\/\/arealorcaradio.es\/wp-content\/uploads\/2024\/07\/20240725_111500-86x64.jpg 86w\" sizes=\"auto, (max-width: 300px) 100vw, 300px\" \/>\u00a0 <img loading=\"lazy\" decoding=\"async\" class=\"alignnone size-medium wp-image-3852\" src=\"https:\/\/arealorcaradio.es\/wp-content\/uploads\/2024\/07\/20240725_111426-300x225.jpg\" alt=\"\" width=\"300\" height=\"225\" srcset=\"https:\/\/arealorcaradio.es\/wp-content\/uploads\/2024\/07\/20240725_111426-300x225.jpg 300w, https:\/\/arealorcaradio.es\/wp-content\/uploads\/2024\/07\/20240725_111426-1024x768.jpg 1024w, https:\/\/arealorcaradio.es\/wp-content\/uploads\/2024\/07\/20240725_111426-768x576.jpg 768w, https:\/\/arealorcaradio.es\/wp-content\/uploads\/2024\/07\/20240725_111426-1536x1152.jpg 1536w, https:\/\/arealorcaradio.es\/wp-content\/uploads\/2024\/07\/20240725_111426-2048x1536.jpg 2048w, https:\/\/arealorcaradio.es\/wp-content\/uploads\/2024\/07\/20240725_111426-86x64.jpg 86w\" sizes=\"auto, (max-width: 300px) 100vw, 300px\" \/><\/p>\n<p class=\"v1MsoNormal\">El local cuenta con una superficie construida total de 638,59 m2, con dos zonas diferenciadas de acceso independiente: una zona de uso privado con despachos, aseos, vestuarios y lavander\u00eda, y una zona de uso p\u00fablico con espacios de recepci\u00f3n, sala de musicoterapia, botiqu\u00edn, despacho, ba\u00f1os, office, sala de estar, comedor y sala polivalente. Las obras se prev\u00e9 que est\u00e9n finalizadas antes de final de a\u00f1o y la inversi\u00f3n total asciende a 380.000 euros.<\/p>\n<p class=\"v1MsoNormal\">El primer edil ha recordado que \u00abla iniciativa de dotar a la Asociaci\u00f3n Alzheimer con un local de titularidad municipal en el barrio de San Fernando fue aprobada por unanimidad en el Pleno Municipal de julio de 2019, a petici\u00f3n del Partido Popular, y nuevamente respaldada en octubre de 2022. \u00abEn el Pleno Municipal de julio de 2019, conseguimos la cesi\u00f3n de estos bajos en San Fernando y una partida presupuestaria para su adecuaci\u00f3n. Ahora, cinco a\u00f1os despu\u00e9s, ha sido el Gobierno de Lorca el que ha cumplido con su compromiso y ha puesto en marcha estas obras de adecuaci\u00f3n tan necesarias que permitir\u00e1n que la Asociaci\u00f3n Alzheimer Lorca disponga antes de final de a\u00f1o de un espacio donde enfermos y familias pueden acudir\u00bb, ha concluido.<\/p>\n<p class=\"v1MsoNormal\">\n","protected":false},"excerpt":{"rendered":"<p>\u00c1REA LORCA RADIO. 25 de julio de 2024.\u00a0El alcalde de Lorca, Fulgencio Gil J\u00f3dar, ha supervisado este jueves las obras de adecuaci\u00f3n del local que albergar\u00e1 el nuevo centro de d\u00eda para personas con Alzheimer, ubicado en unos bajos de propiedad municipal en el barrio de San Fernando. Estas actuaciones, que est\u00e1n siendo ejecutadas por [&hellip;]<\/p>\n","protected":false},"author":1,"featured_media":3847,"comment_status":"open","ping_status":"open","sticky":false,"template":"","format":"standard","meta":{"iawp_total_views":8,"footnotes":""},"categories":[5,7],"tags":[],"class_list":["post-3846","post","type-post","status-publish","format-standard","has-post-thumbnail","hentry","category-actualidad","category-lorca"],"yoast_head":"<!-- This site is optimized with the Yoast SEO plugin v27.5 - https:\/\/yoast.com\/product\/yoast-seo-wordpress\/ -->\n<title>El alcalde de Lorca supervisa el avance de las obras de adecuaci\u00f3n de las nuevas instalaciones de la Asociaci\u00f3n Alzheimer - AREA LORCA RADIO<\/title>\n<meta name=\"robots\" content=\"index, follow, max-snippet:-1, max-image-preview:large, max-video-preview:-1\" \/>\n<link rel=\"canonical\" href=\"https:\/\/arealorcaradio.es\/index.php\/2024\/07\/25\/el-alcalde-de-lorca-supervisa-el-avance-de-las-obras-de-adecuacion-de-las-nuevas-instalaciones-de-la-asociacion-alzheimer\/\" \/>\n<meta property=\"og:locale\" content=\"es_ES\" \/>\n<meta property=\"og:type\" content=\"article\" \/>\n<meta property=\"og:title\" content=\"El alcalde de Lorca supervisa el avance de las obras de adecuaci\u00f3n de las nuevas instalaciones de la Asociaci\u00f3n Alzheimer - AREA LORCA RADIO\" \/>\n<meta property=\"og:description\" content=\"\u00c1REA LORCA RADIO. 25 de julio de 2024.\u00a0El alcalde de Lorca, Fulgencio Gil J\u00f3dar, ha supervisado este jueves las obras de adecuaci\u00f3n del local que albergar\u00e1 el nuevo centro de d\u00eda para personas con Alzheimer, ubicado en unos bajos de propiedad municipal en el barrio de San Fernando. Estas actuaciones, que est\u00e1n siendo ejecutadas por [&hellip;]\" \/>\n<meta property=\"og:url\" content=\"https:\/\/arealorcaradio.es\/index.php\/2024\/07\/25\/el-alcalde-de-lorca-supervisa-el-avance-de-las-obras-de-adecuacion-de-las-nuevas-instalaciones-de-la-asociacion-alzheimer\/\" \/>\n<meta property=\"og:site_name\" content=\"AREA LORCA RADIO\" \/>\n<meta property=\"article:published_time\" content=\"2024-07-25T16:35:07+00:00\" \/>\n<meta property=\"og:image\" content=\"https:\/\/arealorcaradio.es\/wp-content\/uploads\/2024\/07\/WhatsApp-Image-2024-07-25-at-12.32.19-2.jpeg\" \/>\n\t<meta property=\"og:image:width\" content=\"1600\" \/>\n\t<meta property=\"og:image:height\" content=\"1200\" \/>\n\t<meta property=\"og:image:type\" content=\"image\/jpeg\" \/>\n<meta name=\"author\" content=\"Paco S\u00e1nchez\" \/>\n<meta name=\"twitter:card\" content=\"summary_large_image\" \/>\n<meta name=\"twitter:label1\" content=\"Escrito por\" \/>\n\t<meta name=\"twitter:data1\" content=\"Paco S\u00e1nchez\" \/>\n\t<meta name=\"twitter:label2\" content=\"Tiempo de lectura\" \/>\n\t<meta name=\"twitter:data2\" content=\"4 minutos\" \/>\n<script type=\"application\/ld+json\" class=\"yoast-schema-graph\">{\"@context\":\"https:\\\/\\\/schema.org\",\"@graph\":[{\"@type\":\"Article\",\"@id\":\"https:\\\/\\\/arealorcaradio.es\\\/index.php\\\/2024\\\/07\\\/25\\\/el-alcalde-de-lorca-supervisa-el-avance-de-las-obras-de-adecuacion-de-las-nuevas-instalaciones-de-la-asociacion-alzheimer\\\/#article\",\"isPartOf\":{\"@id\":\"https:\\\/\\\/arealorcaradio.es\\\/index.php\\\/2024\\\/07\\\/25\\\/el-alcalde-de-lorca-supervisa-el-avance-de-las-obras-de-adecuacion-de-las-nuevas-instalaciones-de-la-asociacion-alzheimer\\\/\"},\"author\":{\"name\":\"Paco S\u00e1nchez\",\"@id\":\"https:\\\/\\\/arealorcaradio.es\\\/#\\\/schema\\\/person\\\/9fae605fc25b0f2c83c1ab207139bd27\"},\"headline\":\"El alcalde de Lorca supervisa el avance de las obras de adecuaci\u00f3n de las nuevas instalaciones de la Asociaci\u00f3n Alzheimer\",\"datePublished\":\"2024-07-25T16:35:07+00:00\",\"mainEntityOfPage\":{\"@id\":\"https:\\\/\\\/arealorcaradio.es\\\/index.php\\\/2024\\\/07\\\/25\\\/el-alcalde-de-lorca-supervisa-el-avance-de-las-obras-de-adecuacion-de-las-nuevas-instalaciones-de-la-asociacion-alzheimer\\\/\"},\"wordCount\":635,\"commentCount\":0,\"image\":{\"@id\":\"https:\\\/\\\/arealorcaradio.es\\\/index.php\\\/2024\\\/07\\\/25\\\/el-alcalde-de-lorca-supervisa-el-avance-de-las-obras-de-adecuacion-de-las-nuevas-instalaciones-de-la-asociacion-alzheimer\\\/#primaryimage\"},\"thumbnailUrl\":\"https:\\\/\\\/arealorcaradio.es\\\/wp-content\\\/uploads\\\/2024\\\/07\\\/WhatsApp-Image-2024-07-25-at-12.32.19-2.jpeg\",\"articleSection\":[\"ACTUALIDAD\",\"LORCA\"],\"inLanguage\":\"es\",\"potentialAction\":[{\"@type\":\"CommentAction\",\"name\":\"Comment\",\"target\":[\"https:\\\/\\\/arealorcaradio.es\\\/index.php\\\/2024\\\/07\\\/25\\\/el-alcalde-de-lorca-supervisa-el-avance-de-las-obras-de-adecuacion-de-las-nuevas-instalaciones-de-la-asociacion-alzheimer\\\/#respond\"]}]},{\"@type\":\"WebPage\",\"@id\":\"https:\\\/\\\/arealorcaradio.es\\\/index.php\\\/2024\\\/07\\\/25\\\/el-alcalde-de-lorca-supervisa-el-avance-de-las-obras-de-adecuacion-de-las-nuevas-instalaciones-de-la-asociacion-alzheimer\\\/\",\"url\":\"https:\\\/\\\/arealorcaradio.es\\\/index.php\\\/2024\\\/07\\\/25\\\/el-alcalde-de-lorca-supervisa-el-avance-de-las-obras-de-adecuacion-de-las-nuevas-instalaciones-de-la-asociacion-alzheimer\\\/\",\"name\":\"El alcalde de Lorca supervisa el avance de las obras de adecuaci\u00f3n de las nuevas instalaciones de la Asociaci\u00f3n Alzheimer - AREA LORCA RADIO\",\"isPartOf\":{\"@id\":\"https:\\\/\\\/arealorcaradio.es\\\/#website\"},\"primaryImageOfPage\":{\"@id\":\"https:\\\/\\\/arealorcaradio.es\\\/index.php\\\/2024\\\/07\\\/25\\\/el-alcalde-de-lorca-supervisa-el-avance-de-las-obras-de-adecuacion-de-las-nuevas-instalaciones-de-la-asociacion-alzheimer\\\/#primaryimage\"},\"image\":{\"@id\":\"https:\\\/\\\/arealorcaradio.es\\\/index.php\\\/2024\\\/07\\\/25\\\/el-alcalde-de-lorca-supervisa-el-avance-de-las-obras-de-adecuacion-de-las-nuevas-instalaciones-de-la-asociacion-alzheimer\\\/#primaryimage\"},\"thumbnailUrl\":\"https:\\\/\\\/arealorcaradio.es\\\/wp-content\\\/uploads\\\/2024\\\/07\\\/WhatsApp-Image-2024-07-25-at-12.32.19-2.jpeg\",\"datePublished\":\"2024-07-25T16:35:07+00:00\",\"author\":{\"@id\":\"https:\\\/\\\/arealorcaradio.es\\\/#\\\/schema\\\/person\\\/9fae605fc25b0f2c83c1ab207139bd27\"},\"breadcrumb\":{\"@id\":\"https:\\\/\\\/arealorcaradio.es\\\/index.php\\\/2024\\\/07\\\/25\\\/el-alcalde-de-lorca-supervisa-el-avance-de-las-obras-de-adecuacion-de-las-nuevas-instalaciones-de-la-asociacion-alzheimer\\\/#breadcrumb\"},\"inLanguage\":\"es\",\"potentialAction\":[{\"@type\":\"ReadAction\",\"target\":[\"https:\\\/\\\/arealorcaradio.es\\\/index.php\\\/2024\\\/07\\\/25\\\/el-alcalde-de-lorca-supervisa-el-avance-de-las-obras-de-adecuacion-de-las-nuevas-instalaciones-de-la-asociacion-alzheimer\\\/\"]}]},{\"@type\":\"ImageObject\",\"inLanguage\":\"es\",\"@id\":\"https:\\\/\\\/arealorcaradio.es\\\/index.php\\\/2024\\\/07\\\/25\\\/el-alcalde-de-lorca-supervisa-el-avance-de-las-obras-de-adecuacion-de-las-nuevas-instalaciones-de-la-asociacion-alzheimer\\\/#primaryimage\",\"url\":\"https:\\\/\\\/arealorcaradio.es\\\/wp-content\\\/uploads\\\/2024\\\/07\\\/WhatsApp-Image-2024-07-25-at-12.32.19-2.jpeg\",\"contentUrl\":\"https:\\\/\\\/arealorcaradio.es\\\/wp-content\\\/uploads\\\/2024\\\/07\\\/WhatsApp-Image-2024-07-25-at-12.32.19-2.jpeg\",\"width\":1600,\"height\":1200},{\"@type\":\"BreadcrumbList\",\"@id\":\"https:\\\/\\\/arealorcaradio.es\\\/index.php\\\/2024\\\/07\\\/25\\\/el-alcalde-de-lorca-supervisa-el-avance-de-las-obras-de-adecuacion-de-las-nuevas-instalaciones-de-la-asociacion-alzheimer\\\/#breadcrumb\",\"itemListElement\":[{\"@type\":\"ListItem\",\"position\":1,\"name\":\"Portada\",\"item\":\"https:\\\/\\\/arealorcaradio.es\\\/\"},{\"@type\":\"ListItem\",\"position\":2,\"name\":\"El alcalde de Lorca supervisa el avance de las obras de adecuaci\u00f3n de las nuevas instalaciones de la Asociaci\u00f3n Alzheimer\"}]},{\"@type\":\"WebSite\",\"@id\":\"https:\\\/\\\/arealorcaradio.es\\\/#website\",\"url\":\"https:\\\/\\\/arealorcaradio.es\\\/\",\"name\":\"AREA LORCA RADIO\",\"description\":\"Descubre la programaci\u00f3n actual en \u00c1rea Lorca Radio, tu fuente de entrenamiento y noticias locales. Sintoniza ahora y mantente conectado online.\",\"potentialAction\":[{\"@type\":\"SearchAction\",\"target\":{\"@type\":\"EntryPoint\",\"urlTemplate\":\"https:\\\/\\\/arealorcaradio.es\\\/?s={search_term_string}\"},\"query-input\":{\"@type\":\"PropertyValueSpecification\",\"valueRequired\":true,\"valueName\":\"search_term_string\"}}],\"inLanguage\":\"es\"},{\"@type\":\"Person\",\"@id\":\"https:\\\/\\\/arealorcaradio.es\\\/#\\\/schema\\\/person\\\/9fae605fc25b0f2c83c1ab207139bd27\",\"name\":\"Paco S\u00e1nchez\",\"image\":{\"@type\":\"ImageObject\",\"inLanguage\":\"es\",\"@id\":\"https:\\\/\\\/secure.gravatar.com\\\/avatar\\\/d67144e966420fb74aa84c9f2a0103be4724fd14db52b52d3b6bca749f257e79?s=96&d=mm&r=g\",\"url\":\"https:\\\/\\\/secure.gravatar.com\\\/avatar\\\/d67144e966420fb74aa84c9f2a0103be4724fd14db52b52d3b6bca749f257e79?s=96&d=mm&r=g\",\"contentUrl\":\"https:\\\/\\\/secure.gravatar.com\\\/avatar\\\/d67144e966420fb74aa84c9f2a0103be4724fd14db52b52d3b6bca749f257e79?s=96&d=mm&r=g\",\"caption\":\"Paco S\u00e1nchez\"},\"sameAs\":[\"https:\\\/\\\/arealorcaradio.es\"],\"url\":\"https:\\\/\\\/arealorcaradio.es\\\/index.php\\\/author\\\/admin_alorcaradio\\\/\"}]}<\/script>\n<!-- \/ Yoast SEO plugin. -->","yoast_head_json":{"title":"El alcalde de Lorca supervisa el avance de las obras de adecuaci\u00f3n de las nuevas instalaciones de la Asociaci\u00f3n Alzheimer - AREA LORCA RADIO","robots":{"index":"index","follow":"follow","max-snippet":"max-snippet:-1","max-image-preview":"max-image-preview:large","max-video-preview":"max-video-preview:-1"},"canonical":"https:\/\/arealorcaradio.es\/index.php\/2024\/07\/25\/el-alcalde-de-lorca-supervisa-el-avance-de-las-obras-de-adecuacion-de-las-nuevas-instalaciones-de-la-asociacion-alzheimer\/","og_locale":"es_ES","og_type":"article","og_title":"El alcalde de Lorca supervisa el avance de las obras de adecuaci\u00f3n de las nuevas instalaciones de la Asociaci\u00f3n Alzheimer - AREA LORCA RADIO","og_description":"\u00c1REA LORCA RADIO. 25 de julio de 2024.\u00a0El alcalde de Lorca, Fulgencio Gil J\u00f3dar, ha supervisado este jueves las obras de adecuaci\u00f3n del local que albergar\u00e1 el nuevo centro de d\u00eda para personas con Alzheimer, ubicado en unos bajos de propiedad municipal en el barrio de San Fernando. Estas actuaciones, que est\u00e1n siendo ejecutadas por [&hellip;]","og_url":"https:\/\/arealorcaradio.es\/index.php\/2024\/07\/25\/el-alcalde-de-lorca-supervisa-el-avance-de-las-obras-de-adecuacion-de-las-nuevas-instalaciones-de-la-asociacion-alzheimer\/","og_site_name":"AREA LORCA RADIO","article_published_time":"2024-07-25T16:35:07+00:00","og_image":[{"width":1600,"height":1200,"url":"https:\/\/arealorcaradio.es\/wp-content\/uploads\/2024\/07\/WhatsApp-Image-2024-07-25-at-12.32.19-2.jpeg","type":"image\/jpeg"}],"author":"Paco S\u00e1nchez","twitter_card":"summary_large_image","twitter_misc":{"Escrito por":"Paco S\u00e1nchez","Tiempo de lectura":"4 minutos"},"schema":{"@context":"https:\/\/schema.org","@graph":[{"@type":"Article","@id":"https:\/\/arealorcaradio.es\/index.php\/2024\/07\/25\/el-alcalde-de-lorca-supervisa-el-avance-de-las-obras-de-adecuacion-de-las-nuevas-instalaciones-de-la-asociacion-alzheimer\/#article","isPartOf":{"@id":"https:\/\/arealorcaradio.es\/index.php\/2024\/07\/25\/el-alcalde-de-lorca-supervisa-el-avance-de-las-obras-de-adecuacion-de-las-nuevas-instalaciones-de-la-asociacion-alzheimer\/"},"author":{"name":"Paco S\u00e1nchez","@id":"https:\/\/arealorcaradio.es\/#\/schema\/person\/9fae605fc25b0f2c83c1ab207139bd27"},"headline":"El alcalde de Lorca supervisa el avance de las obras de adecuaci\u00f3n de las nuevas instalaciones de la Asociaci\u00f3n Alzheimer","datePublished":"2024-07-25T16:35:07+00:00","mainEntityOfPage":{"@id":"https:\/\/arealorcaradio.es\/index.php\/2024\/07\/25\/el-alcalde-de-lorca-supervisa-el-avance-de-las-obras-de-adecuacion-de-las-nuevas-instalaciones-de-la-asociacion-alzheimer\/"},"wordCount":635,"commentCount":0,"image":{"@id":"https:\/\/arealorcaradio.es\/index.php\/2024\/07\/25\/el-alcalde-de-lorca-supervisa-el-avance-de-las-obras-de-adecuacion-de-las-nuevas-instalaciones-de-la-asociacion-alzheimer\/#primaryimage"},"thumbnailUrl":"https:\/\/arealorcaradio.es\/wp-content\/uploads\/2024\/07\/WhatsApp-Image-2024-07-25-at-12.32.19-2.jpeg","articleSection":["ACTUALIDAD","LORCA"],"inLanguage":"es","potentialAction":[{"@type":"CommentAction","name":"Comment","target":["https:\/\/arealorcaradio.es\/index.php\/2024\/07\/25\/el-alcalde-de-lorca-supervisa-el-avance-de-las-obras-de-adecuacion-de-las-nuevas-instalaciones-de-la-asociacion-alzheimer\/#respond"]}]},{"@type":"WebPage","@id":"https:\/\/arealorcaradio.es\/index.php\/2024\/07\/25\/el-alcalde-de-lorca-supervisa-el-avance-de-las-obras-de-adecuacion-de-las-nuevas-instalaciones-de-la-asociacion-alzheimer\/","url":"https:\/\/arealorcaradio.es\/index.php\/2024\/07\/25\/el-alcalde-de-lorca-supervisa-el-avance-de-las-obras-de-adecuacion-de-las-nuevas-instalaciones-de-la-asociacion-alzheimer\/","name":"El alcalde de Lorca supervisa el avance de las obras de adecuaci\u00f3n de las nuevas instalaciones de la Asociaci\u00f3n Alzheimer - AREA LORCA RADIO","isPartOf":{"@id":"https:\/\/arealorcaradio.es\/#website"},"primaryImageOfPage":{"@id":"https:\/\/arealorcaradio.es\/index.php\/2024\/07\/25\/el-alcalde-de-lorca-supervisa-el-avance-de-las-obras-de-adecuacion-de-las-nuevas-instalaciones-de-la-asociacion-alzheimer\/#primaryimage"},"image":{"@id":"https:\/\/arealorcaradio.es\/index.php\/2024\/07\/25\/el-alcalde-de-lorca-supervisa-el-avance-de-las-obras-de-adecuacion-de-las-nuevas-instalaciones-de-la-asociacion-alzheimer\/#primaryimage"},"thumbnailUrl":"https:\/\/arealorcaradio.es\/wp-content\/uploads\/2024\/07\/WhatsApp-Image-2024-07-25-at-12.32.19-2.jpeg","datePublished":"2024-07-25T16:35:07+00:00","author":{"@id":"https:\/\/arealorcaradio.es\/#\/schema\/person\/9fae605fc25b0f2c83c1ab207139bd27"},"breadcrumb":{"@id":"https:\/\/arealorcaradio.es\/index.php\/2024\/07\/25\/el-alcalde-de-lorca-supervisa-el-avance-de-las-obras-de-adecuacion-de-las-nuevas-instalaciones-de-la-asociacion-alzheimer\/#breadcrumb"},"inLanguage":"es","potentialAction":[{"@type":"ReadAction","target":["https:\/\/arealorcaradio.es\/index.php\/2024\/07\/25\/el-alcalde-de-lorca-supervisa-el-avance-de-las-obras-de-adecuacion-de-las-nuevas-instalaciones-de-la-asociacion-alzheimer\/"]}]},{"@type":"ImageObject","inLanguage":"es","@id":"https:\/\/arealorcaradio.es\/index.php\/2024\/07\/25\/el-alcalde-de-lorca-supervisa-el-avance-de-las-obras-de-adecuacion-de-las-nuevas-instalaciones-de-la-asociacion-alzheimer\/#primaryimage","url":"https:\/\/arealorcaradio.es\/wp-content\/uploads\/2024\/07\/WhatsApp-Image-2024-07-25-at-12.32.19-2.jpeg","contentUrl":"https:\/\/arealorcaradio.es\/wp-content\/uploads\/2024\/07\/WhatsApp-Image-2024-07-25-at-12.32.19-2.jpeg","width":1600,"height":1200},{"@type":"BreadcrumbList","@id":"https:\/\/arealorcaradio.es\/index.php\/2024\/07\/25\/el-alcalde-de-lorca-supervisa-el-avance-de-las-obras-de-adecuacion-de-las-nuevas-instalaciones-de-la-asociacion-alzheimer\/#breadcrumb","itemListElement":[{"@type":"ListItem","position":1,"name":"Portada","item":"https:\/\/arealorcaradio.es\/"},{"@type":"ListItem","position":2,"name":"El alcalde de Lorca supervisa el avance de las obras de adecuaci\u00f3n de las nuevas instalaciones de la Asociaci\u00f3n Alzheimer"}]},{"@type":"WebSite","@id":"https:\/\/arealorcaradio.es\/#website","url":"https:\/\/arealorcaradio.es\/","name":"AREA LORCA RADIO","description":"Descubre la programaci\u00f3n actual en \u00c1rea Lorca Radio, tu fuente de entrenamiento y noticias locales. Sintoniza ahora y mantente conectado online.","potentialAction":[{"@type":"SearchAction","target":{"@type":"EntryPoint","urlTemplate":"https:\/\/arealorcaradio.es\/?s={search_term_string}"},"query-input":{"@type":"PropertyValueSpecification","valueRequired":true,"valueName":"search_term_string"}}],"inLanguage":"es"},{"@type":"Person","@id":"https:\/\/arealorcaradio.es\/#\/schema\/person\/9fae605fc25b0f2c83c1ab207139bd27","name":"Paco S\u00e1nchez","image":{"@type":"ImageObject","inLanguage":"es","@id":"https:\/\/secure.gravatar.com\/avatar\/d67144e966420fb74aa84c9f2a0103be4724fd14db52b52d3b6bca749f257e79?s=96&d=mm&r=g","url":"https:\/\/secure.gravatar.com\/avatar\/d67144e966420fb74aa84c9f2a0103be4724fd14db52b52d3b6bca749f257e79?s=96&d=mm&r=g","contentUrl":"https:\/\/secure.gravatar.com\/avatar\/d67144e966420fb74aa84c9f2a0103be4724fd14db52b52d3b6bca749f257e79?s=96&d=mm&r=g","caption":"Paco S\u00e1nchez"},"sameAs":["https:\/\/arealorcaradio.es"],"url":"https:\/\/arealorcaradio.es\/index.php\/author\/admin_alorcaradio\/"}]}},"_links":{"self":[{"href":"https:\/\/arealorcaradio.es\/index.php\/wp-json\/wp\/v2\/posts\/3846","targetHints":{"allow":["GET"]}}],"collection":[{"href":"https:\/\/arealorcaradio.es\/index.php\/wp-json\/wp\/v2\/posts"}],"about":[{"href":"https:\/\/arealorcaradio.es\/index.php\/wp-json\/wp\/v2\/types\/post"}],"author":[{"embeddable":true,"href":"https:\/\/arealorcaradio.es\/index.php\/wp-json\/wp\/v2\/users\/1"}],"replies":[{"embeddable":true,"href":"https:\/\/arealorcaradio.es\/index.php\/wp-json\/wp\/v2\/comments?post=3846"}],"version-history":[{"count":2,"href":"https:\/\/arealorcaradio.es\/index.php\/wp-json\/wp\/v2\/posts\/3846\/revisions"}],"predecessor-version":[{"id":3853,"href":"https:\/\/arealorcaradio.es\/index.php\/wp-json\/wp\/v2\/posts\/3846\/revisions\/3853"}],"wp:featuredmedia":[{"embeddable":true,"href":"https:\/\/arealorcaradio.es\/index.php\/wp-json\/wp\/v2\/media\/3847"}],"wp:attachment":[{"href":"https:\/\/arealorcaradio.es\/index.php\/wp-json\/wp\/v2\/media?parent=3846"}],"wp:term":[{"taxonomy":"category","embeddable":true,"href":"https:\/\/arealorcaradio.es\/index.php\/wp-json\/wp\/v2\/categories?post=3846"},{"taxonomy":"post_tag","embeddable":true,"href":"https:\/\/arealorcaradio.es\/index.php\/wp-json\/wp\/v2\/tags?post=3846"}],"curies":[{"name":"wp","href":"https:\/\/api.w.org\/{rel}","templated":true}]}}