{"id":3807,"date":"2024-07-24T10:16:45","date_gmt":"2024-07-24T10:16:45","guid":{"rendered":"https:\/\/arealorcaradio.es\/?p=3807"},"modified":"2024-07-24T10:21:23","modified_gmt":"2024-07-24T10:21:23","slug":"comienzas-las-obras-de-construccion-en-lorca-de-un-nuevo-aparcamiento-disuasorio-en-la-calle-periodista-angela-ruiz","status":"publish","type":"post","link":"https:\/\/arealorcaradio.es\/index.php\/2024\/07\/24\/comienzas-las-obras-de-construccion-en-lorca-de-un-nuevo-aparcamiento-disuasorio-en-la-calle-periodista-angela-ruiz\/","title":{"rendered":"Comienzas las obras de construcci\u00f3n en Lorca de un nuevo aparcamiento disuasorio en la calle Periodista \u00c1ngela Ruiz"},"content":{"rendered":"<p>\u00c1REA LORCA RADIO.<\/p>\n<p class=\"v1MsoNormal\">Comienzan las obras para la construcci\u00f3n de un nuevo aparcamiento disuasorio, ubicado en la calle Periodista \u00c1ngela Ruiz. El alcalde de Lorca, Fulgencio Gil J\u00f3dar, junto con a la edil de Desarrollo Local, Rosa Mar\u00eda Medina M\u00ednguez, supervisaron este mi\u00e9rcoles el inicio de las obras de este importante proyecto que tiene como objetivo mejorar la movilidad y el acceso al centro urbano de Lorca.<\/p>\n<p class=\"v1MsoNormal\">Esta iniciativa se enmarca dentro de los esfuerzos municipales por mejorar la movilidad y la sostenibilidad en la ciudad, con un presupuesto de licitaci\u00f3n de 2.332.638,00 euros, cofinanciado por los fondos Next Generation y el Ayuntamiento de Lorca.<\/p>\n<p class=\"v1MsoNormal\"><img loading=\"lazy\" decoding=\"async\" class=\"alignnone size-medium wp-image-3810\" src=\"https:\/\/arealorcaradio.es\/wp-content\/uploads\/2024\/07\/WhatsApp-Image-2024-07-24-at-11.55.20-300x225.jpeg\" alt=\"\" width=\"300\" height=\"225\" srcset=\"https:\/\/arealorcaradio.es\/wp-content\/uploads\/2024\/07\/WhatsApp-Image-2024-07-24-at-11.55.20-300x225.jpeg 300w, https:\/\/arealorcaradio.es\/wp-content\/uploads\/2024\/07\/WhatsApp-Image-2024-07-24-at-11.55.20-1024x768.jpeg 1024w, https:\/\/arealorcaradio.es\/wp-content\/uploads\/2024\/07\/WhatsApp-Image-2024-07-24-at-11.55.20-768x576.jpeg 768w, https:\/\/arealorcaradio.es\/wp-content\/uploads\/2024\/07\/WhatsApp-Image-2024-07-24-at-11.55.20-1536x1152.jpeg 1536w, https:\/\/arealorcaradio.es\/wp-content\/uploads\/2024\/07\/WhatsApp-Image-2024-07-24-at-11.55.20-86x64.jpeg 86w, https:\/\/arealorcaradio.es\/wp-content\/uploads\/2024\/07\/WhatsApp-Image-2024-07-24-at-11.55.20.jpeg 1600w\" sizes=\"auto, (max-width: 300px) 100vw, 300px\" \/> \u00a0<img loading=\"lazy\" decoding=\"async\" class=\"alignnone size-medium wp-image-3811\" src=\"https:\/\/arealorcaradio.es\/wp-content\/uploads\/2024\/07\/WhatsApp-Image-2024-07-24-at-11.47.17-300x225.jpeg\" alt=\"\" width=\"300\" height=\"225\" srcset=\"https:\/\/arealorcaradio.es\/wp-content\/uploads\/2024\/07\/WhatsApp-Image-2024-07-24-at-11.47.17-300x225.jpeg 300w, https:\/\/arealorcaradio.es\/wp-content\/uploads\/2024\/07\/WhatsApp-Image-2024-07-24-at-11.47.17-1024x768.jpeg 1024w, https:\/\/arealorcaradio.es\/wp-content\/uploads\/2024\/07\/WhatsApp-Image-2024-07-24-at-11.47.17-768x576.jpeg 768w, https:\/\/arealorcaradio.es\/wp-content\/uploads\/2024\/07\/WhatsApp-Image-2024-07-24-at-11.47.17-1536x1152.jpeg 1536w, https:\/\/arealorcaradio.es\/wp-content\/uploads\/2024\/07\/WhatsApp-Image-2024-07-24-at-11.47.17-86x64.jpeg 86w, https:\/\/arealorcaradio.es\/wp-content\/uploads\/2024\/07\/WhatsApp-Image-2024-07-24-at-11.47.17.jpeg 2048w\" sizes=\"auto, (max-width: 300px) 100vw, 300px\" \/> <img loading=\"lazy\" decoding=\"async\" class=\"alignnone size-medium wp-image-3812\" src=\"https:\/\/arealorcaradio.es\/wp-content\/uploads\/2024\/07\/WhatsApp-Image-2024-07-24-at-11.47.16-1-300x225.jpeg\" alt=\"\" width=\"300\" height=\"225\" srcset=\"https:\/\/arealorcaradio.es\/wp-content\/uploads\/2024\/07\/WhatsApp-Image-2024-07-24-at-11.47.16-1-300x225.jpeg 300w, https:\/\/arealorcaradio.es\/wp-content\/uploads\/2024\/07\/WhatsApp-Image-2024-07-24-at-11.47.16-1-1024x768.jpeg 1024w, https:\/\/arealorcaradio.es\/wp-content\/uploads\/2024\/07\/WhatsApp-Image-2024-07-24-at-11.47.16-1-768x576.jpeg 768w, https:\/\/arealorcaradio.es\/wp-content\/uploads\/2024\/07\/WhatsApp-Image-2024-07-24-at-11.47.16-1-1536x1152.jpeg 1536w, https:\/\/arealorcaradio.es\/wp-content\/uploads\/2024\/07\/WhatsApp-Image-2024-07-24-at-11.47.16-1-86x64.jpeg 86w, https:\/\/arealorcaradio.es\/wp-content\/uploads\/2024\/07\/WhatsApp-Image-2024-07-24-at-11.47.16-1.jpeg 2048w\" sizes=\"auto, (max-width: 300px) 100vw, 300px\" \/>\u00a0 <img loading=\"lazy\" decoding=\"async\" class=\"alignnone size-medium wp-image-3813\" src=\"https:\/\/arealorcaradio.es\/wp-content\/uploads\/2024\/07\/WhatsApp-Image-2024-07-24-at-11.56.58-300x225.jpeg\" alt=\"\" width=\"300\" height=\"225\" srcset=\"https:\/\/arealorcaradio.es\/wp-content\/uploads\/2024\/07\/WhatsApp-Image-2024-07-24-at-11.56.58-300x225.jpeg 300w, https:\/\/arealorcaradio.es\/wp-content\/uploads\/2024\/07\/WhatsApp-Image-2024-07-24-at-11.56.58-1024x768.jpeg 1024w, https:\/\/arealorcaradio.es\/wp-content\/uploads\/2024\/07\/WhatsApp-Image-2024-07-24-at-11.56.58-768x576.jpeg 768w, https:\/\/arealorcaradio.es\/wp-content\/uploads\/2024\/07\/WhatsApp-Image-2024-07-24-at-11.56.58-1536x1152.jpeg 1536w, https:\/\/arealorcaradio.es\/wp-content\/uploads\/2024\/07\/WhatsApp-Image-2024-07-24-at-11.56.58-86x64.jpeg 86w, https:\/\/arealorcaradio.es\/wp-content\/uploads\/2024\/07\/WhatsApp-Image-2024-07-24-at-11.56.58.jpeg 1600w\" sizes=\"auto, (max-width: 300px) 100vw, 300px\" \/><\/p>\n<p class=\"v1MsoNormal\">Las obras tendr\u00e1n un plazo de ejecuci\u00f3n de nueve meses. El proyecto se desarrollar\u00e1 en una parcela municipal junto a la calle Periodista \u00c1ngela Ruiz y contempla la construcci\u00f3n de un aparcamiento subterr\u00e1neo de dos plantas, planta baja y planta s\u00f3tano, que abarcar\u00e1 una superficie total de 4.985 m2.<\/p>\n<p class=\"v1MsoNormal\">El nuevo aparcamiento dispondr\u00e1 de 176 plazas para coches, de las cuales 9 estar\u00e1n equipadas con cargadores el\u00e9ctricos y 8 estar\u00e1n reservadas para personas con movilidad reducida. Adem\u00e1s, contar\u00e1 con 11 plazas para motos. Las instalaciones auxiliares incluir\u00e1n aseos, una cabina de control, una sala de mantenimiento, almacenes, un ascensor y una instalaci\u00f3n de paneles fotovoltaicos, cumpliendo as\u00ed con los criterios medioambientales.<\/p>\n<p class=\"v1MsoNormal\">Asimismo, el proyecto incluye la mejora de la urbanizaci\u00f3n de calles adyacentes, con la renovaci\u00f3n del pavimento e iluminaci\u00f3n en un vial de nueva creaci\u00f3n en la zona actualmente ocupada por un solar.<\/p>\n<p class=\"v1MsoNormal\">Durante la visita, Fulgencio Gil ha expresado que \u00abhoy es un d\u00eda importante para Lorca, ya que iniciamos un proyecto clave para nuestra ciudad y para su transformaci\u00f3n. Este proyecto est\u00e1 dise\u00f1ado para adaptarse a las necesidades presentes y futuras de Lorca, permitiendo la edificaci\u00f3n sobre una parte del mismo para la ampliaci\u00f3n, en un futuro, de las dependencias municipales de Atenci\u00f3n Temprana\u00bb.<\/p>\n<p class=\"v1MsoNormal\">El alcalde de Lorca ha a\u00f1adido que \u00abla intenci\u00f3n de este aparcamiento, que se ubica en la periferia de la zona de bajas emisiones, es contribuir a la mejora de la calidad del aire al evitar la entrada de veh\u00edculos al centro de la ciudad o a otros n\u00facleos urbanos, fomentando a su vez el uso del transporte p\u00fablico\u00bb, y ha subrayado que \u00abeste aparcamiento no solo es una soluci\u00f3n a los problemas de estacionamiento y tr\u00e1fico, sino que con este tipo de iniciativas tambi\u00e9n estamos avanzando hacia una Lorca m\u00e1s accesible, gracias al firme compromiso que tenemos con llevar a cabo un desarrollo urbano sostenible y adaptado a las necesidades de nuestros ciudadanos\u00bb.<\/p>\n<p class=\"v1MsoNormal\">Gil J\u00f3dar tambi\u00e9n ha destacado que el Gobierno de Lorca est\u00e1 inmerso en el nuevo modelo de ciudad, dentro del compromiso Marco Local 2032. \u00abVivimos una nueva etapa de crecimiento, un cambio de ciclo, en el que impera la estabilidad, la gesti\u00f3n y la libertad econ\u00f3mica. \u00abEste nuevo aparcamiento se encuentra en un \u00e1rea de expansi\u00f3n de la ciudad, \u00abEl Gato\u00bb, que va a disfrutar de una profunda transformaci\u00f3n en poco tiempo, como estamos viendo y que es francamente interesante, ya que en su entorno se dan cita amplias zonas verdes y equipamientos como la Comisar\u00eda del Cuerpo Nacional de Polic\u00eda, Centro de Salud Lorca Sutullena, Escuela de M\u00fasica, de Artes Pl\u00e1sticas&#8230;\u00bb, ha se\u00f1alado<\/p>\n<p class=\"v1MsoNormal\">Cabe recordar que el Consistorio aprobaba hace unos meses un proyecto de urbanizaci\u00f3n de 139 viviendas y 219 plazas de aparcamiento en el entorno del Camino Mar\u00edn. Se trata de viviendas que se levantar\u00e1n en tres manzanas con edificaciones plurifamiliares abiertas y una altura m\u00e1xima de cinco plantas, y otras de dos a cuatro y de tipolog\u00eda edificatoria unifamiliar. As\u00ed como la construcci\u00f3n de la segunda fase del Complejo Residencial &#8216;Los Tres Tenores&#8217;, con 80 viviendas que estar\u00e1 formada por tres torres de 10 plantas, de tipolog\u00eda &#8216;bloque abierto&#8217;, con 80 viviendas, 122 aparcamientos, 123 trasteros y una planta de oficinas. Y otro nuevo edificio en la calle Grecia, que contar\u00e1 tambi\u00e9n con 10 alturas, 15 nuevas viviendas y 16 plazas de aparcamiento y trasteros.<\/p>\n","protected":false},"excerpt":{"rendered":"<p>\u00c1REA LORCA RADIO. Comienzan las obras para la construcci\u00f3n de un nuevo aparcamiento disuasorio, ubicado en la calle Periodista \u00c1ngela Ruiz. El alcalde de Lorca, Fulgencio Gil J\u00f3dar, junto con a la edil de Desarrollo Local, Rosa Mar\u00eda Medina M\u00ednguez, supervisaron este mi\u00e9rcoles el inicio de las obras de este importante proyecto que tiene como [&hellip;]<\/p>\n","protected":false},"author":1,"featured_media":3808,"comment_status":"open","ping_status":"open","sticky":false,"template":"","format":"standard","meta":{"iawp_total_views":35,"footnotes":""},"categories":[5,7],"tags":[],"class_list":["post-3807","post","type-post","status-publish","format-standard","has-post-thumbnail","hentry","category-actualidad","category-lorca"],"yoast_head":"<!-- This site is optimized with the Yoast SEO plugin v27.5 - https:\/\/yoast.com\/product\/yoast-seo-wordpress\/ -->\n<title>Comienzas las obras de construcci\u00f3n en Lorca de un nuevo aparcamiento disuasorio en la calle Periodista \u00c1ngela Ruiz - AREA LORCA RADIO<\/title>\n<meta name=\"robots\" content=\"index, follow, max-snippet:-1, max-image-preview:large, max-video-preview:-1\" \/>\n<link rel=\"canonical\" href=\"https:\/\/arealorcaradio.es\/index.php\/2024\/07\/24\/comienzas-las-obras-de-construccion-en-lorca-de-un-nuevo-aparcamiento-disuasorio-en-la-calle-periodista-angela-ruiz\/\" \/>\n<meta property=\"og:locale\" content=\"es_ES\" \/>\n<meta property=\"og:type\" content=\"article\" \/>\n<meta property=\"og:title\" content=\"Comienzas las obras de construcci\u00f3n en Lorca de un nuevo aparcamiento disuasorio en la calle Periodista \u00c1ngela Ruiz - AREA LORCA RADIO\" \/>\n<meta property=\"og:description\" content=\"\u00c1REA LORCA RADIO. Comienzan las obras para la construcci\u00f3n de un nuevo aparcamiento disuasorio, ubicado en la calle Periodista \u00c1ngela Ruiz. El alcalde de Lorca, Fulgencio Gil J\u00f3dar, junto con a la edil de Desarrollo Local, Rosa Mar\u00eda Medina M\u00ednguez, supervisaron este mi\u00e9rcoles el inicio de las obras de este importante proyecto que tiene como [&hellip;]\" \/>\n<meta property=\"og:url\" content=\"https:\/\/arealorcaradio.es\/index.php\/2024\/07\/24\/comienzas-las-obras-de-construccion-en-lorca-de-un-nuevo-aparcamiento-disuasorio-en-la-calle-periodista-angela-ruiz\/\" \/>\n<meta property=\"og:site_name\" content=\"AREA LORCA RADIO\" \/>\n<meta property=\"article:published_time\" content=\"2024-07-24T10:16:45+00:00\" \/>\n<meta property=\"article:modified_time\" content=\"2024-07-24T10:21:23+00:00\" \/>\n<meta property=\"og:image\" content=\"https:\/\/arealorcaradio.es\/wp-content\/uploads\/2024\/07\/WhatsApp-Image-2024-07-24-at-11.47.15.jpeg\" \/>\n\t<meta property=\"og:image:width\" content=\"2048\" \/>\n\t<meta property=\"og:image:height\" content=\"1536\" \/>\n\t<meta property=\"og:image:type\" content=\"image\/jpeg\" \/>\n<meta name=\"author\" content=\"Paco S\u00e1nchez\" \/>\n<meta name=\"twitter:card\" content=\"summary_large_image\" \/>\n<meta name=\"twitter:label1\" content=\"Escrito por\" \/>\n\t<meta name=\"twitter:data1\" content=\"Paco S\u00e1nchez\" \/>\n\t<meta name=\"twitter:label2\" content=\"Tiempo de lectura\" \/>\n\t<meta name=\"twitter:data2\" content=\"5 minutos\" \/>\n<script type=\"application\/ld+json\" class=\"yoast-schema-graph\">{\"@context\":\"https:\\\/\\\/schema.org\",\"@graph\":[{\"@type\":\"Article\",\"@id\":\"https:\\\/\\\/arealorcaradio.es\\\/index.php\\\/2024\\\/07\\\/24\\\/comienzas-las-obras-de-construccion-en-lorca-de-un-nuevo-aparcamiento-disuasorio-en-la-calle-periodista-angela-ruiz\\\/#article\",\"isPartOf\":{\"@id\":\"https:\\\/\\\/arealorcaradio.es\\\/index.php\\\/2024\\\/07\\\/24\\\/comienzas-las-obras-de-construccion-en-lorca-de-un-nuevo-aparcamiento-disuasorio-en-la-calle-periodista-angela-ruiz\\\/\"},\"author\":{\"name\":\"Paco S\u00e1nchez\",\"@id\":\"https:\\\/\\\/arealorcaradio.es\\\/#\\\/schema\\\/person\\\/9fae605fc25b0f2c83c1ab207139bd27\"},\"headline\":\"Comienzas las obras de construcci\u00f3n en Lorca de un nuevo aparcamiento disuasorio en la calle Periodista \u00c1ngela Ruiz\",\"datePublished\":\"2024-07-24T10:16:45+00:00\",\"dateModified\":\"2024-07-24T10:21:23+00:00\",\"mainEntityOfPage\":{\"@id\":\"https:\\\/\\\/arealorcaradio.es\\\/index.php\\\/2024\\\/07\\\/24\\\/comienzas-las-obras-de-construccion-en-lorca-de-un-nuevo-aparcamiento-disuasorio-en-la-calle-periodista-angela-ruiz\\\/\"},\"wordCount\":722,\"commentCount\":0,\"image\":{\"@id\":\"https:\\\/\\\/arealorcaradio.es\\\/index.php\\\/2024\\\/07\\\/24\\\/comienzas-las-obras-de-construccion-en-lorca-de-un-nuevo-aparcamiento-disuasorio-en-la-calle-periodista-angela-ruiz\\\/#primaryimage\"},\"thumbnailUrl\":\"https:\\\/\\\/arealorcaradio.es\\\/wp-content\\\/uploads\\\/2024\\\/07\\\/WhatsApp-Image-2024-07-24-at-11.47.15.jpeg\",\"articleSection\":[\"ACTUALIDAD\",\"LORCA\"],\"inLanguage\":\"es\",\"potentialAction\":[{\"@type\":\"CommentAction\",\"name\":\"Comment\",\"target\":[\"https:\\\/\\\/arealorcaradio.es\\\/index.php\\\/2024\\\/07\\\/24\\\/comienzas-las-obras-de-construccion-en-lorca-de-un-nuevo-aparcamiento-disuasorio-en-la-calle-periodista-angela-ruiz\\\/#respond\"]}]},{\"@type\":\"WebPage\",\"@id\":\"https:\\\/\\\/arealorcaradio.es\\\/index.php\\\/2024\\\/07\\\/24\\\/comienzas-las-obras-de-construccion-en-lorca-de-un-nuevo-aparcamiento-disuasorio-en-la-calle-periodista-angela-ruiz\\\/\",\"url\":\"https:\\\/\\\/arealorcaradio.es\\\/index.php\\\/2024\\\/07\\\/24\\\/comienzas-las-obras-de-construccion-en-lorca-de-un-nuevo-aparcamiento-disuasorio-en-la-calle-periodista-angela-ruiz\\\/\",\"name\":\"Comienzas las obras de construcci\u00f3n en Lorca de un nuevo aparcamiento disuasorio en la calle Periodista \u00c1ngela Ruiz - AREA LORCA RADIO\",\"isPartOf\":{\"@id\":\"https:\\\/\\\/arealorcaradio.es\\\/#website\"},\"primaryImageOfPage\":{\"@id\":\"https:\\\/\\\/arealorcaradio.es\\\/index.php\\\/2024\\\/07\\\/24\\\/comienzas-las-obras-de-construccion-en-lorca-de-un-nuevo-aparcamiento-disuasorio-en-la-calle-periodista-angela-ruiz\\\/#primaryimage\"},\"image\":{\"@id\":\"https:\\\/\\\/arealorcaradio.es\\\/index.php\\\/2024\\\/07\\\/24\\\/comienzas-las-obras-de-construccion-en-lorca-de-un-nuevo-aparcamiento-disuasorio-en-la-calle-periodista-angela-ruiz\\\/#primaryimage\"},\"thumbnailUrl\":\"https:\\\/\\\/arealorcaradio.es\\\/wp-content\\\/uploads\\\/2024\\\/07\\\/WhatsApp-Image-2024-07-24-at-11.47.15.jpeg\",\"datePublished\":\"2024-07-24T10:16:45+00:00\",\"dateModified\":\"2024-07-24T10:21:23+00:00\",\"author\":{\"@id\":\"https:\\\/\\\/arealorcaradio.es\\\/#\\\/schema\\\/person\\\/9fae605fc25b0f2c83c1ab207139bd27\"},\"breadcrumb\":{\"@id\":\"https:\\\/\\\/arealorcaradio.es\\\/index.php\\\/2024\\\/07\\\/24\\\/comienzas-las-obras-de-construccion-en-lorca-de-un-nuevo-aparcamiento-disuasorio-en-la-calle-periodista-angela-ruiz\\\/#breadcrumb\"},\"inLanguage\":\"es\",\"potentialAction\":[{\"@type\":\"ReadAction\",\"target\":[\"https:\\\/\\\/arealorcaradio.es\\\/index.php\\\/2024\\\/07\\\/24\\\/comienzas-las-obras-de-construccion-en-lorca-de-un-nuevo-aparcamiento-disuasorio-en-la-calle-periodista-angela-ruiz\\\/\"]}]},{\"@type\":\"ImageObject\",\"inLanguage\":\"es\",\"@id\":\"https:\\\/\\\/arealorcaradio.es\\\/index.php\\\/2024\\\/07\\\/24\\\/comienzas-las-obras-de-construccion-en-lorca-de-un-nuevo-aparcamiento-disuasorio-en-la-calle-periodista-angela-ruiz\\\/#primaryimage\",\"url\":\"https:\\\/\\\/arealorcaradio.es\\\/wp-content\\\/uploads\\\/2024\\\/07\\\/WhatsApp-Image-2024-07-24-at-11.47.15.jpeg\",\"contentUrl\":\"https:\\\/\\\/arealorcaradio.es\\\/wp-content\\\/uploads\\\/2024\\\/07\\\/WhatsApp-Image-2024-07-24-at-11.47.15.jpeg\",\"width\":2048,\"height\":1536},{\"@type\":\"BreadcrumbList\",\"@id\":\"https:\\\/\\\/arealorcaradio.es\\\/index.php\\\/2024\\\/07\\\/24\\\/comienzas-las-obras-de-construccion-en-lorca-de-un-nuevo-aparcamiento-disuasorio-en-la-calle-periodista-angela-ruiz\\\/#breadcrumb\",\"itemListElement\":[{\"@type\":\"ListItem\",\"position\":1,\"name\":\"Portada\",\"item\":\"https:\\\/\\\/arealorcaradio.es\\\/\"},{\"@type\":\"ListItem\",\"position\":2,\"name\":\"Comienzas las obras de construcci\u00f3n en Lorca de un nuevo aparcamiento disuasorio en la calle Periodista \u00c1ngela Ruiz\"}]},{\"@type\":\"WebSite\",\"@id\":\"https:\\\/\\\/arealorcaradio.es\\\/#website\",\"url\":\"https:\\\/\\\/arealorcaradio.es\\\/\",\"name\":\"AREA LORCA RADIO\",\"description\":\"Descubre la programaci\u00f3n actual en \u00c1rea Lorca Radio, tu fuente de entrenamiento y noticias locales. Sintoniza ahora y mantente conectado online.\",\"potentialAction\":[{\"@type\":\"SearchAction\",\"target\":{\"@type\":\"EntryPoint\",\"urlTemplate\":\"https:\\\/\\\/arealorcaradio.es\\\/?s={search_term_string}\"},\"query-input\":{\"@type\":\"PropertyValueSpecification\",\"valueRequired\":true,\"valueName\":\"search_term_string\"}}],\"inLanguage\":\"es\"},{\"@type\":\"Person\",\"@id\":\"https:\\\/\\\/arealorcaradio.es\\\/#\\\/schema\\\/person\\\/9fae605fc25b0f2c83c1ab207139bd27\",\"name\":\"Paco S\u00e1nchez\",\"image\":{\"@type\":\"ImageObject\",\"inLanguage\":\"es\",\"@id\":\"https:\\\/\\\/secure.gravatar.com\\\/avatar\\\/d67144e966420fb74aa84c9f2a0103be4724fd14db52b52d3b6bca749f257e79?s=96&d=mm&r=g\",\"url\":\"https:\\\/\\\/secure.gravatar.com\\\/avatar\\\/d67144e966420fb74aa84c9f2a0103be4724fd14db52b52d3b6bca749f257e79?s=96&d=mm&r=g\",\"contentUrl\":\"https:\\\/\\\/secure.gravatar.com\\\/avatar\\\/d67144e966420fb74aa84c9f2a0103be4724fd14db52b52d3b6bca749f257e79?s=96&d=mm&r=g\",\"caption\":\"Paco S\u00e1nchez\"},\"sameAs\":[\"https:\\\/\\\/arealorcaradio.es\"],\"url\":\"https:\\\/\\\/arealorcaradio.es\\\/index.php\\\/author\\\/admin_alorcaradio\\\/\"}]}<\/script>\n<!-- \/ Yoast SEO plugin. -->","yoast_head_json":{"title":"Comienzas las obras de construcci\u00f3n en Lorca de un nuevo aparcamiento disuasorio en la calle Periodista \u00c1ngela Ruiz - AREA LORCA RADIO","robots":{"index":"index","follow":"follow","max-snippet":"max-snippet:-1","max-image-preview":"max-image-preview:large","max-video-preview":"max-video-preview:-1"},"canonical":"https:\/\/arealorcaradio.es\/index.php\/2024\/07\/24\/comienzas-las-obras-de-construccion-en-lorca-de-un-nuevo-aparcamiento-disuasorio-en-la-calle-periodista-angela-ruiz\/","og_locale":"es_ES","og_type":"article","og_title":"Comienzas las obras de construcci\u00f3n en Lorca de un nuevo aparcamiento disuasorio en la calle Periodista \u00c1ngela Ruiz - AREA LORCA RADIO","og_description":"\u00c1REA LORCA RADIO. Comienzan las obras para la construcci\u00f3n de un nuevo aparcamiento disuasorio, ubicado en la calle Periodista \u00c1ngela Ruiz. El alcalde de Lorca, Fulgencio Gil J\u00f3dar, junto con a la edil de Desarrollo Local, Rosa Mar\u00eda Medina M\u00ednguez, supervisaron este mi\u00e9rcoles el inicio de las obras de este importante proyecto que tiene como [&hellip;]","og_url":"https:\/\/arealorcaradio.es\/index.php\/2024\/07\/24\/comienzas-las-obras-de-construccion-en-lorca-de-un-nuevo-aparcamiento-disuasorio-en-la-calle-periodista-angela-ruiz\/","og_site_name":"AREA LORCA RADIO","article_published_time":"2024-07-24T10:16:45+00:00","article_modified_time":"2024-07-24T10:21:23+00:00","og_image":[{"width":2048,"height":1536,"url":"https:\/\/arealorcaradio.es\/wp-content\/uploads\/2024\/07\/WhatsApp-Image-2024-07-24-at-11.47.15.jpeg","type":"image\/jpeg"}],"author":"Paco S\u00e1nchez","twitter_card":"summary_large_image","twitter_misc":{"Escrito por":"Paco S\u00e1nchez","Tiempo de lectura":"5 minutos"},"schema":{"@context":"https:\/\/schema.org","@graph":[{"@type":"Article","@id":"https:\/\/arealorcaradio.es\/index.php\/2024\/07\/24\/comienzas-las-obras-de-construccion-en-lorca-de-un-nuevo-aparcamiento-disuasorio-en-la-calle-periodista-angela-ruiz\/#article","isPartOf":{"@id":"https:\/\/arealorcaradio.es\/index.php\/2024\/07\/24\/comienzas-las-obras-de-construccion-en-lorca-de-un-nuevo-aparcamiento-disuasorio-en-la-calle-periodista-angela-ruiz\/"},"author":{"name":"Paco S\u00e1nchez","@id":"https:\/\/arealorcaradio.es\/#\/schema\/person\/9fae605fc25b0f2c83c1ab207139bd27"},"headline":"Comienzas las obras de construcci\u00f3n en Lorca de un nuevo aparcamiento disuasorio en la calle Periodista \u00c1ngela Ruiz","datePublished":"2024-07-24T10:16:45+00:00","dateModified":"2024-07-24T10:21:23+00:00","mainEntityOfPage":{"@id":"https:\/\/arealorcaradio.es\/index.php\/2024\/07\/24\/comienzas-las-obras-de-construccion-en-lorca-de-un-nuevo-aparcamiento-disuasorio-en-la-calle-periodista-angela-ruiz\/"},"wordCount":722,"commentCount":0,"image":{"@id":"https:\/\/arealorcaradio.es\/index.php\/2024\/07\/24\/comienzas-las-obras-de-construccion-en-lorca-de-un-nuevo-aparcamiento-disuasorio-en-la-calle-periodista-angela-ruiz\/#primaryimage"},"thumbnailUrl":"https:\/\/arealorcaradio.es\/wp-content\/uploads\/2024\/07\/WhatsApp-Image-2024-07-24-at-11.47.15.jpeg","articleSection":["ACTUALIDAD","LORCA"],"inLanguage":"es","potentialAction":[{"@type":"CommentAction","name":"Comment","target":["https:\/\/arealorcaradio.es\/index.php\/2024\/07\/24\/comienzas-las-obras-de-construccion-en-lorca-de-un-nuevo-aparcamiento-disuasorio-en-la-calle-periodista-angela-ruiz\/#respond"]}]},{"@type":"WebPage","@id":"https:\/\/arealorcaradio.es\/index.php\/2024\/07\/24\/comienzas-las-obras-de-construccion-en-lorca-de-un-nuevo-aparcamiento-disuasorio-en-la-calle-periodista-angela-ruiz\/","url":"https:\/\/arealorcaradio.es\/index.php\/2024\/07\/24\/comienzas-las-obras-de-construccion-en-lorca-de-un-nuevo-aparcamiento-disuasorio-en-la-calle-periodista-angela-ruiz\/","name":"Comienzas las obras de construcci\u00f3n en Lorca de un nuevo aparcamiento disuasorio en la calle Periodista \u00c1ngela Ruiz - AREA LORCA RADIO","isPartOf":{"@id":"https:\/\/arealorcaradio.es\/#website"},"primaryImageOfPage":{"@id":"https:\/\/arealorcaradio.es\/index.php\/2024\/07\/24\/comienzas-las-obras-de-construccion-en-lorca-de-un-nuevo-aparcamiento-disuasorio-en-la-calle-periodista-angela-ruiz\/#primaryimage"},"image":{"@id":"https:\/\/arealorcaradio.es\/index.php\/2024\/07\/24\/comienzas-las-obras-de-construccion-en-lorca-de-un-nuevo-aparcamiento-disuasorio-en-la-calle-periodista-angela-ruiz\/#primaryimage"},"thumbnailUrl":"https:\/\/arealorcaradio.es\/wp-content\/uploads\/2024\/07\/WhatsApp-Image-2024-07-24-at-11.47.15.jpeg","datePublished":"2024-07-24T10:16:45+00:00","dateModified":"2024-07-24T10:21:23+00:00","author":{"@id":"https:\/\/arealorcaradio.es\/#\/schema\/person\/9fae605fc25b0f2c83c1ab207139bd27"},"breadcrumb":{"@id":"https:\/\/arealorcaradio.es\/index.php\/2024\/07\/24\/comienzas-las-obras-de-construccion-en-lorca-de-un-nuevo-aparcamiento-disuasorio-en-la-calle-periodista-angela-ruiz\/#breadcrumb"},"inLanguage":"es","potentialAction":[{"@type":"ReadAction","target":["https:\/\/arealorcaradio.es\/index.php\/2024\/07\/24\/comienzas-las-obras-de-construccion-en-lorca-de-un-nuevo-aparcamiento-disuasorio-en-la-calle-periodista-angela-ruiz\/"]}]},{"@type":"ImageObject","inLanguage":"es","@id":"https:\/\/arealorcaradio.es\/index.php\/2024\/07\/24\/comienzas-las-obras-de-construccion-en-lorca-de-un-nuevo-aparcamiento-disuasorio-en-la-calle-periodista-angela-ruiz\/#primaryimage","url":"https:\/\/arealorcaradio.es\/wp-content\/uploads\/2024\/07\/WhatsApp-Image-2024-07-24-at-11.47.15.jpeg","contentUrl":"https:\/\/arealorcaradio.es\/wp-content\/uploads\/2024\/07\/WhatsApp-Image-2024-07-24-at-11.47.15.jpeg","width":2048,"height":1536},{"@type":"BreadcrumbList","@id":"https:\/\/arealorcaradio.es\/index.php\/2024\/07\/24\/comienzas-las-obras-de-construccion-en-lorca-de-un-nuevo-aparcamiento-disuasorio-en-la-calle-periodista-angela-ruiz\/#breadcrumb","itemListElement":[{"@type":"ListItem","position":1,"name":"Portada","item":"https:\/\/arealorcaradio.es\/"},{"@type":"ListItem","position":2,"name":"Comienzas las obras de construcci\u00f3n en Lorca de un nuevo aparcamiento disuasorio en la calle Periodista \u00c1ngela Ruiz"}]},{"@type":"WebSite","@id":"https:\/\/arealorcaradio.es\/#website","url":"https:\/\/arealorcaradio.es\/","name":"AREA LORCA RADIO","description":"Descubre la programaci\u00f3n actual en \u00c1rea Lorca Radio, tu fuente de entrenamiento y noticias locales. Sintoniza ahora y mantente conectado online.","potentialAction":[{"@type":"SearchAction","target":{"@type":"EntryPoint","urlTemplate":"https:\/\/arealorcaradio.es\/?s={search_term_string}"},"query-input":{"@type":"PropertyValueSpecification","valueRequired":true,"valueName":"search_term_string"}}],"inLanguage":"es"},{"@type":"Person","@id":"https:\/\/arealorcaradio.es\/#\/schema\/person\/9fae605fc25b0f2c83c1ab207139bd27","name":"Paco S\u00e1nchez","image":{"@type":"ImageObject","inLanguage":"es","@id":"https:\/\/secure.gravatar.com\/avatar\/d67144e966420fb74aa84c9f2a0103be4724fd14db52b52d3b6bca749f257e79?s=96&d=mm&r=g","url":"https:\/\/secure.gravatar.com\/avatar\/d67144e966420fb74aa84c9f2a0103be4724fd14db52b52d3b6bca749f257e79?s=96&d=mm&r=g","contentUrl":"https:\/\/secure.gravatar.com\/avatar\/d67144e966420fb74aa84c9f2a0103be4724fd14db52b52d3b6bca749f257e79?s=96&d=mm&r=g","caption":"Paco S\u00e1nchez"},"sameAs":["https:\/\/arealorcaradio.es"],"url":"https:\/\/arealorcaradio.es\/index.php\/author\/admin_alorcaradio\/"}]}},"_links":{"self":[{"href":"https:\/\/arealorcaradio.es\/index.php\/wp-json\/wp\/v2\/posts\/3807","targetHints":{"allow":["GET"]}}],"collection":[{"href":"https:\/\/arealorcaradio.es\/index.php\/wp-json\/wp\/v2\/posts"}],"about":[{"href":"https:\/\/arealorcaradio.es\/index.php\/wp-json\/wp\/v2\/types\/post"}],"author":[{"embeddable":true,"href":"https:\/\/arealorcaradio.es\/index.php\/wp-json\/wp\/v2\/users\/1"}],"replies":[{"embeddable":true,"href":"https:\/\/arealorcaradio.es\/index.php\/wp-json\/wp\/v2\/comments?post=3807"}],"version-history":[{"count":2,"href":"https:\/\/arealorcaradio.es\/index.php\/wp-json\/wp\/v2\/posts\/3807\/revisions"}],"predecessor-version":[{"id":3814,"href":"https:\/\/arealorcaradio.es\/index.php\/wp-json\/wp\/v2\/posts\/3807\/revisions\/3814"}],"wp:featuredmedia":[{"embeddable":true,"href":"https:\/\/arealorcaradio.es\/index.php\/wp-json\/wp\/v2\/media\/3808"}],"wp:attachment":[{"href":"https:\/\/arealorcaradio.es\/index.php\/wp-json\/wp\/v2\/media?parent=3807"}],"wp:term":[{"taxonomy":"category","embeddable":true,"href":"https:\/\/arealorcaradio.es\/index.php\/wp-json\/wp\/v2\/categories?post=3807"},{"taxonomy":"post_tag","embeddable":true,"href":"https:\/\/arealorcaradio.es\/index.php\/wp-json\/wp\/v2\/tags?post=3807"}],"curies":[{"name":"wp","href":"https:\/\/api.w.org\/{rel}","templated":true}]}}