{"id":3804,"date":"2024-07-23T16:14:36","date_gmt":"2024-07-23T16:14:36","guid":{"rendered":"https:\/\/arealorcaradio.es\/?p=3804"},"modified":"2024-07-23T16:14:36","modified_gmt":"2024-07-23T16:14:36","slug":"el-gobierno-regional-invierte-mas-de-un-millon-de-euros-en-la-reactivacion-economica-y-comercial-del-casco-historico-de-lorca","status":"publish","type":"post","link":"https:\/\/arealorcaradio.es\/index.php\/2024\/07\/23\/el-gobierno-regional-invierte-mas-de-un-millon-de-euros-en-la-reactivacion-economica-y-comercial-del-casco-historico-de-lorca\/","title":{"rendered":"El Gobierno regional invierte m\u00e1s de un mill\u00f3n de euros en la reactivaci\u00f3n econ\u00f3mica y comercial del casco hist\u00f3rico de Lorca"},"content":{"rendered":"<p>\u00c1REA LORCA RADIO.<\/p>\n<p class=\"v1MsoNormal\">La Consejer\u00eda de Empresa, Empleo y Econom\u00eda Social, a trav\u00e9s del Instituto de Fomento (Info), ha movilizado m\u00e1s de un mill\u00f3n de euros en la reactivaci\u00f3n econ\u00f3mica y comercial del casco hist\u00f3rico de Lorca. La segunda convocatoria del programa de ayudas convocada este a\u00f1o, que contaba con un presupuesto de 500.000 euros, se ha agotado, beneficiando a un total de 20 proyectos, de los 38 expedientes presentados, obteniendo ayudas a fondo perdido que llegan a cubrir el 70 por ciento de la inversi\u00f3n, hasta un importe m\u00e1ximo por beneficiario de 30.000 euros.<\/p>\n<p class=\"v1MsoNormal\">La consejera de Empresa, Empleo y Econom\u00eda Social, Marisa L\u00f3pez Arag\u00f3n, junto con el alcalde de Lorca, Fulgencio Gil; y el presidente de la Confederaci\u00f3n Comarcal de Organizaciones Empresariales de Lorca (Ceclor), Juan J\u00f3dar; ha ofrecido este martes estos datos en una visita Viajes Guialorca, uno de los comercios beneficiados en esta convocatoria.<\/p>\n<p class=\"v1MsoNormal\">L\u00f3pez Arag\u00f3n ha destacado \u00abla implicaci\u00f3n del Gobierno regional en un proyecto querido y respaldado por la sociedad lorquina, que particip\u00f3 activamente en la elaboraci\u00f3n del Plan Director para la recuperaci\u00f3n del conjunto hist\u00f3rico de Lorca\u00bb y record\u00f3 que esta convocatoria ha tenido \u00abun aumento significativo respecto a la anterior, redoblado la apuesta por devolver el pulso econ\u00f3mico al centro hist\u00f3rico de Lorca hasta llegar a los 850.000 euros en dos anualidades\u00bb.<\/p>\n<p class=\"v1MsoNormal\">Fulgencio Gil, por su parte, ha destacado que \u00abdesde el Gobierno de Lorca queremos que &#8216;la vieja ciudad&#8217; sea un motor de actividad econ\u00f3mica, tanto para promotores e inversores como para comerciantes y hosteleros, y gracias a estas ayudas puestas en marcha por Gobierno regional lo estamos consiguiendo, ya que tanto en la anterior convocatoria, como en esta, han sido muchos los establecimientos que se beneficiado de la misma, potenciando y fomentando de este modo el turismo, el comercio y la hosteler\u00eda en esta zona tan emblem\u00e1tica de nuestra ciudad\u00bb.<\/p>\n<p class=\"v1MsoNormal\">El primer edil ha agradecido al Gobierno regional su compromiso con la rehabilitaci\u00f3n del casco hist\u00f3rico de Lorca, ya que su colaboraci\u00f3n es fundamental para alcanzar los objetivos del Ayuntamiento. \u00abLas distintas iniciativas que la Comunidad Aut\u00f3noma de la Regi\u00f3n de Murcia est\u00e1 poniendo en marcha en nuestra ciudad demuestran su compromiso con la recuperaci\u00f3n de la zona antigua de nuestra ciudad, por lo que estamos muy agradecidos por su implicaci\u00f3n y esperamos seguir trabajando juntos para hacer de Lorca y de su casco hist\u00f3rico un lugar a\u00fan mejor para vivir, visitar y disfrutar\u00bb, ha concluido Gil J\u00f3dar.<\/p>\n<p class=\"v1MsoNormal\">Por sectores, destacan, tanto por n\u00famero de expedientes aprobados como por valor de la subvenci\u00f3n, las actividades relacionadas con el turismo, con una subvenci\u00f3n de 163.000 euros y una inversi\u00f3n de 431.000 euros. Las ayudas a los comercios al por menor de prendas de vestir ocupan el segundo lugar, con 49.000 euros en ayudas y 88.000 euros en inversiones. La restauraci\u00f3n recibe un total en ayudas de 35.000 euros y, entre otros sectores, se han apoyado tambi\u00e9n actividades profesionales como son las actividades de contabilidad o la programaci\u00f3n informativa.<\/p>\n<p class=\"v1MsoNormal\"><b>Balance de una l\u00ednea de ayudas que despierta mucho inter\u00e9s<\/b><\/p>\n<p class=\"v1MsoNormal\">El resultado conjunto del programa de ayuda para 2023-2024 es de 34 expedientes aprobados, que suponen inversiones de 1,6 millones de euros, mediante ayudas por valor de 850.000 euros. Por sectores, destacan tanto por n\u00famero de expedientes aprobados como por valor de la subvenci\u00f3n, las actividades relacionadas con el turismo, con un papel destacado de la restauraci\u00f3n. Tambi\u00e9n se han apoyado actividades profesionales como asesor\u00edas legales junto con las agencias de viajes o la promoci\u00f3n inmobiliaria.<\/p>\n<p class=\"v1MsoNormal\">\n","protected":false},"excerpt":{"rendered":"<p>\u00c1REA LORCA RADIO. La Consejer\u00eda de Empresa, Empleo y Econom\u00eda Social, a trav\u00e9s del Instituto de Fomento (Info), ha movilizado m\u00e1s de un mill\u00f3n de euros en la reactivaci\u00f3n econ\u00f3mica y comercial del casco hist\u00f3rico de Lorca. La segunda convocatoria del programa de ayudas convocada este a\u00f1o, que contaba con un presupuesto de 500.000 euros, [&hellip;]<\/p>\n","protected":false},"author":1,"featured_media":3805,"comment_status":"open","ping_status":"open","sticky":false,"template":"","format":"standard","meta":{"iawp_total_views":8,"footnotes":""},"categories":[5,7],"tags":[],"class_list":["post-3804","post","type-post","status-publish","format-standard","has-post-thumbnail","hentry","category-actualidad","category-lorca"],"yoast_head":"<!-- This site is optimized with the Yoast SEO plugin v27.5 - https:\/\/yoast.com\/product\/yoast-seo-wordpress\/ -->\n<title>El Gobierno regional invierte m\u00e1s de un mill\u00f3n de euros en la reactivaci\u00f3n econ\u00f3mica y comercial del casco hist\u00f3rico de Lorca - AREA LORCA RADIO<\/title>\n<meta name=\"robots\" content=\"index, follow, max-snippet:-1, max-image-preview:large, max-video-preview:-1\" \/>\n<link rel=\"canonical\" href=\"https:\/\/arealorcaradio.es\/index.php\/2024\/07\/23\/el-gobierno-regional-invierte-mas-de-un-millon-de-euros-en-la-reactivacion-economica-y-comercial-del-casco-historico-de-lorca\/\" \/>\n<meta property=\"og:locale\" content=\"es_ES\" \/>\n<meta property=\"og:type\" content=\"article\" \/>\n<meta property=\"og:title\" content=\"El Gobierno regional invierte m\u00e1s de un mill\u00f3n de euros en la reactivaci\u00f3n econ\u00f3mica y comercial del casco hist\u00f3rico de Lorca - AREA LORCA RADIO\" \/>\n<meta property=\"og:description\" content=\"\u00c1REA LORCA RADIO. La Consejer\u00eda de Empresa, Empleo y Econom\u00eda Social, a trav\u00e9s del Instituto de Fomento (Info), ha movilizado m\u00e1s de un mill\u00f3n de euros en la reactivaci\u00f3n econ\u00f3mica y comercial del casco hist\u00f3rico de Lorca. La segunda convocatoria del programa de ayudas convocada este a\u00f1o, que contaba con un presupuesto de 500.000 euros, [&hellip;]\" \/>\n<meta property=\"og:url\" content=\"https:\/\/arealorcaradio.es\/index.php\/2024\/07\/23\/el-gobierno-regional-invierte-mas-de-un-millon-de-euros-en-la-reactivacion-economica-y-comercial-del-casco-historico-de-lorca\/\" \/>\n<meta property=\"og:site_name\" content=\"AREA LORCA RADIO\" \/>\n<meta property=\"article:published_time\" content=\"2024-07-23T16:14:36+00:00\" \/>\n<meta property=\"og:image\" content=\"https:\/\/arealorcaradio.es\/wp-content\/uploads\/2024\/07\/WhatsApp-Image-2024-07-23-at-12.57.14.jpeg\" \/>\n\t<meta property=\"og:image:width\" content=\"2048\" \/>\n\t<meta property=\"og:image:height\" content=\"1536\" \/>\n\t<meta property=\"og:image:type\" content=\"image\/jpeg\" \/>\n<meta name=\"author\" content=\"Paco S\u00e1nchez\" \/>\n<meta name=\"twitter:card\" content=\"summary_large_image\" \/>\n<meta name=\"twitter:label1\" content=\"Escrito por\" \/>\n\t<meta name=\"twitter:data1\" content=\"Paco S\u00e1nchez\" \/>\n\t<meta name=\"twitter:label2\" content=\"Tiempo de lectura\" \/>\n\t<meta name=\"twitter:data2\" content=\"3 minutos\" \/>\n<script type=\"application\/ld+json\" class=\"yoast-schema-graph\">{\"@context\":\"https:\\\/\\\/schema.org\",\"@graph\":[{\"@type\":\"Article\",\"@id\":\"https:\\\/\\\/arealorcaradio.es\\\/index.php\\\/2024\\\/07\\\/23\\\/el-gobierno-regional-invierte-mas-de-un-millon-de-euros-en-la-reactivacion-economica-y-comercial-del-casco-historico-de-lorca\\\/#article\",\"isPartOf\":{\"@id\":\"https:\\\/\\\/arealorcaradio.es\\\/index.php\\\/2024\\\/07\\\/23\\\/el-gobierno-regional-invierte-mas-de-un-millon-de-euros-en-la-reactivacion-economica-y-comercial-del-casco-historico-de-lorca\\\/\"},\"author\":{\"name\":\"Paco S\u00e1nchez\",\"@id\":\"https:\\\/\\\/arealorcaradio.es\\\/#\\\/schema\\\/person\\\/9fae605fc25b0f2c83c1ab207139bd27\"},\"headline\":\"El Gobierno regional invierte m\u00e1s de un mill\u00f3n de euros en la reactivaci\u00f3n econ\u00f3mica y comercial del casco hist\u00f3rico de Lorca\",\"datePublished\":\"2024-07-23T16:14:36+00:00\",\"mainEntityOfPage\":{\"@id\":\"https:\\\/\\\/arealorcaradio.es\\\/index.php\\\/2024\\\/07\\\/23\\\/el-gobierno-regional-invierte-mas-de-un-millon-de-euros-en-la-reactivacion-economica-y-comercial-del-casco-historico-de-lorca\\\/\"},\"wordCount\":647,\"commentCount\":0,\"image\":{\"@id\":\"https:\\\/\\\/arealorcaradio.es\\\/index.php\\\/2024\\\/07\\\/23\\\/el-gobierno-regional-invierte-mas-de-un-millon-de-euros-en-la-reactivacion-economica-y-comercial-del-casco-historico-de-lorca\\\/#primaryimage\"},\"thumbnailUrl\":\"https:\\\/\\\/arealorcaradio.es\\\/wp-content\\\/uploads\\\/2024\\\/07\\\/WhatsApp-Image-2024-07-23-at-12.57.14.jpeg\",\"articleSection\":[\"ACTUALIDAD\",\"LORCA\"],\"inLanguage\":\"es\",\"potentialAction\":[{\"@type\":\"CommentAction\",\"name\":\"Comment\",\"target\":[\"https:\\\/\\\/arealorcaradio.es\\\/index.php\\\/2024\\\/07\\\/23\\\/el-gobierno-regional-invierte-mas-de-un-millon-de-euros-en-la-reactivacion-economica-y-comercial-del-casco-historico-de-lorca\\\/#respond\"]}]},{\"@type\":\"WebPage\",\"@id\":\"https:\\\/\\\/arealorcaradio.es\\\/index.php\\\/2024\\\/07\\\/23\\\/el-gobierno-regional-invierte-mas-de-un-millon-de-euros-en-la-reactivacion-economica-y-comercial-del-casco-historico-de-lorca\\\/\",\"url\":\"https:\\\/\\\/arealorcaradio.es\\\/index.php\\\/2024\\\/07\\\/23\\\/el-gobierno-regional-invierte-mas-de-un-millon-de-euros-en-la-reactivacion-economica-y-comercial-del-casco-historico-de-lorca\\\/\",\"name\":\"El Gobierno regional invierte m\u00e1s de un mill\u00f3n de euros en la reactivaci\u00f3n econ\u00f3mica y comercial del casco hist\u00f3rico de Lorca - AREA LORCA RADIO\",\"isPartOf\":{\"@id\":\"https:\\\/\\\/arealorcaradio.es\\\/#website\"},\"primaryImageOfPage\":{\"@id\":\"https:\\\/\\\/arealorcaradio.es\\\/index.php\\\/2024\\\/07\\\/23\\\/el-gobierno-regional-invierte-mas-de-un-millon-de-euros-en-la-reactivacion-economica-y-comercial-del-casco-historico-de-lorca\\\/#primaryimage\"},\"image\":{\"@id\":\"https:\\\/\\\/arealorcaradio.es\\\/index.php\\\/2024\\\/07\\\/23\\\/el-gobierno-regional-invierte-mas-de-un-millon-de-euros-en-la-reactivacion-economica-y-comercial-del-casco-historico-de-lorca\\\/#primaryimage\"},\"thumbnailUrl\":\"https:\\\/\\\/arealorcaradio.es\\\/wp-content\\\/uploads\\\/2024\\\/07\\\/WhatsApp-Image-2024-07-23-at-12.57.14.jpeg\",\"datePublished\":\"2024-07-23T16:14:36+00:00\",\"author\":{\"@id\":\"https:\\\/\\\/arealorcaradio.es\\\/#\\\/schema\\\/person\\\/9fae605fc25b0f2c83c1ab207139bd27\"},\"breadcrumb\":{\"@id\":\"https:\\\/\\\/arealorcaradio.es\\\/index.php\\\/2024\\\/07\\\/23\\\/el-gobierno-regional-invierte-mas-de-un-millon-de-euros-en-la-reactivacion-economica-y-comercial-del-casco-historico-de-lorca\\\/#breadcrumb\"},\"inLanguage\":\"es\",\"potentialAction\":[{\"@type\":\"ReadAction\",\"target\":[\"https:\\\/\\\/arealorcaradio.es\\\/index.php\\\/2024\\\/07\\\/23\\\/el-gobierno-regional-invierte-mas-de-un-millon-de-euros-en-la-reactivacion-economica-y-comercial-del-casco-historico-de-lorca\\\/\"]}]},{\"@type\":\"ImageObject\",\"inLanguage\":\"es\",\"@id\":\"https:\\\/\\\/arealorcaradio.es\\\/index.php\\\/2024\\\/07\\\/23\\\/el-gobierno-regional-invierte-mas-de-un-millon-de-euros-en-la-reactivacion-economica-y-comercial-del-casco-historico-de-lorca\\\/#primaryimage\",\"url\":\"https:\\\/\\\/arealorcaradio.es\\\/wp-content\\\/uploads\\\/2024\\\/07\\\/WhatsApp-Image-2024-07-23-at-12.57.14.jpeg\",\"contentUrl\":\"https:\\\/\\\/arealorcaradio.es\\\/wp-content\\\/uploads\\\/2024\\\/07\\\/WhatsApp-Image-2024-07-23-at-12.57.14.jpeg\",\"width\":2048,\"height\":1536},{\"@type\":\"BreadcrumbList\",\"@id\":\"https:\\\/\\\/arealorcaradio.es\\\/index.php\\\/2024\\\/07\\\/23\\\/el-gobierno-regional-invierte-mas-de-un-millon-de-euros-en-la-reactivacion-economica-y-comercial-del-casco-historico-de-lorca\\\/#breadcrumb\",\"itemListElement\":[{\"@type\":\"ListItem\",\"position\":1,\"name\":\"Portada\",\"item\":\"https:\\\/\\\/arealorcaradio.es\\\/\"},{\"@type\":\"ListItem\",\"position\":2,\"name\":\"El Gobierno regional invierte m\u00e1s de un mill\u00f3n de euros en la reactivaci\u00f3n econ\u00f3mica y comercial del casco hist\u00f3rico de Lorca\"}]},{\"@type\":\"WebSite\",\"@id\":\"https:\\\/\\\/arealorcaradio.es\\\/#website\",\"url\":\"https:\\\/\\\/arealorcaradio.es\\\/\",\"name\":\"AREA LORCA RADIO\",\"description\":\"Descubre la programaci\u00f3n actual en \u00c1rea Lorca Radio, tu fuente de entrenamiento y noticias locales. Sintoniza ahora y mantente conectado online.\",\"potentialAction\":[{\"@type\":\"SearchAction\",\"target\":{\"@type\":\"EntryPoint\",\"urlTemplate\":\"https:\\\/\\\/arealorcaradio.es\\\/?s={search_term_string}\"},\"query-input\":{\"@type\":\"PropertyValueSpecification\",\"valueRequired\":true,\"valueName\":\"search_term_string\"}}],\"inLanguage\":\"es\"},{\"@type\":\"Person\",\"@id\":\"https:\\\/\\\/arealorcaradio.es\\\/#\\\/schema\\\/person\\\/9fae605fc25b0f2c83c1ab207139bd27\",\"name\":\"Paco S\u00e1nchez\",\"image\":{\"@type\":\"ImageObject\",\"inLanguage\":\"es\",\"@id\":\"https:\\\/\\\/secure.gravatar.com\\\/avatar\\\/d67144e966420fb74aa84c9f2a0103be4724fd14db52b52d3b6bca749f257e79?s=96&d=mm&r=g\",\"url\":\"https:\\\/\\\/secure.gravatar.com\\\/avatar\\\/d67144e966420fb74aa84c9f2a0103be4724fd14db52b52d3b6bca749f257e79?s=96&d=mm&r=g\",\"contentUrl\":\"https:\\\/\\\/secure.gravatar.com\\\/avatar\\\/d67144e966420fb74aa84c9f2a0103be4724fd14db52b52d3b6bca749f257e79?s=96&d=mm&r=g\",\"caption\":\"Paco S\u00e1nchez\"},\"sameAs\":[\"https:\\\/\\\/arealorcaradio.es\"],\"url\":\"https:\\\/\\\/arealorcaradio.es\\\/index.php\\\/author\\\/admin_alorcaradio\\\/\"}]}<\/script>\n<!-- \/ Yoast SEO plugin. -->","yoast_head_json":{"title":"El Gobierno regional invierte m\u00e1s de un mill\u00f3n de euros en la reactivaci\u00f3n econ\u00f3mica y comercial del casco hist\u00f3rico de Lorca - AREA LORCA RADIO","robots":{"index":"index","follow":"follow","max-snippet":"max-snippet:-1","max-image-preview":"max-image-preview:large","max-video-preview":"max-video-preview:-1"},"canonical":"https:\/\/arealorcaradio.es\/index.php\/2024\/07\/23\/el-gobierno-regional-invierte-mas-de-un-millon-de-euros-en-la-reactivacion-economica-y-comercial-del-casco-historico-de-lorca\/","og_locale":"es_ES","og_type":"article","og_title":"El Gobierno regional invierte m\u00e1s de un mill\u00f3n de euros en la reactivaci\u00f3n econ\u00f3mica y comercial del casco hist\u00f3rico de Lorca - AREA LORCA RADIO","og_description":"\u00c1REA LORCA RADIO. La Consejer\u00eda de Empresa, Empleo y Econom\u00eda Social, a trav\u00e9s del Instituto de Fomento (Info), ha movilizado m\u00e1s de un mill\u00f3n de euros en la reactivaci\u00f3n econ\u00f3mica y comercial del casco hist\u00f3rico de Lorca. La segunda convocatoria del programa de ayudas convocada este a\u00f1o, que contaba con un presupuesto de 500.000 euros, [&hellip;]","og_url":"https:\/\/arealorcaradio.es\/index.php\/2024\/07\/23\/el-gobierno-regional-invierte-mas-de-un-millon-de-euros-en-la-reactivacion-economica-y-comercial-del-casco-historico-de-lorca\/","og_site_name":"AREA LORCA RADIO","article_published_time":"2024-07-23T16:14:36+00:00","og_image":[{"width":2048,"height":1536,"url":"https:\/\/arealorcaradio.es\/wp-content\/uploads\/2024\/07\/WhatsApp-Image-2024-07-23-at-12.57.14.jpeg","type":"image\/jpeg"}],"author":"Paco S\u00e1nchez","twitter_card":"summary_large_image","twitter_misc":{"Escrito por":"Paco S\u00e1nchez","Tiempo de lectura":"3 minutos"},"schema":{"@context":"https:\/\/schema.org","@graph":[{"@type":"Article","@id":"https:\/\/arealorcaradio.es\/index.php\/2024\/07\/23\/el-gobierno-regional-invierte-mas-de-un-millon-de-euros-en-la-reactivacion-economica-y-comercial-del-casco-historico-de-lorca\/#article","isPartOf":{"@id":"https:\/\/arealorcaradio.es\/index.php\/2024\/07\/23\/el-gobierno-regional-invierte-mas-de-un-millon-de-euros-en-la-reactivacion-economica-y-comercial-del-casco-historico-de-lorca\/"},"author":{"name":"Paco S\u00e1nchez","@id":"https:\/\/arealorcaradio.es\/#\/schema\/person\/9fae605fc25b0f2c83c1ab207139bd27"},"headline":"El Gobierno regional invierte m\u00e1s de un mill\u00f3n de euros en la reactivaci\u00f3n econ\u00f3mica y comercial del casco hist\u00f3rico de Lorca","datePublished":"2024-07-23T16:14:36+00:00","mainEntityOfPage":{"@id":"https:\/\/arealorcaradio.es\/index.php\/2024\/07\/23\/el-gobierno-regional-invierte-mas-de-un-millon-de-euros-en-la-reactivacion-economica-y-comercial-del-casco-historico-de-lorca\/"},"wordCount":647,"commentCount":0,"image":{"@id":"https:\/\/arealorcaradio.es\/index.php\/2024\/07\/23\/el-gobierno-regional-invierte-mas-de-un-millon-de-euros-en-la-reactivacion-economica-y-comercial-del-casco-historico-de-lorca\/#primaryimage"},"thumbnailUrl":"https:\/\/arealorcaradio.es\/wp-content\/uploads\/2024\/07\/WhatsApp-Image-2024-07-23-at-12.57.14.jpeg","articleSection":["ACTUALIDAD","LORCA"],"inLanguage":"es","potentialAction":[{"@type":"CommentAction","name":"Comment","target":["https:\/\/arealorcaradio.es\/index.php\/2024\/07\/23\/el-gobierno-regional-invierte-mas-de-un-millon-de-euros-en-la-reactivacion-economica-y-comercial-del-casco-historico-de-lorca\/#respond"]}]},{"@type":"WebPage","@id":"https:\/\/arealorcaradio.es\/index.php\/2024\/07\/23\/el-gobierno-regional-invierte-mas-de-un-millon-de-euros-en-la-reactivacion-economica-y-comercial-del-casco-historico-de-lorca\/","url":"https:\/\/arealorcaradio.es\/index.php\/2024\/07\/23\/el-gobierno-regional-invierte-mas-de-un-millon-de-euros-en-la-reactivacion-economica-y-comercial-del-casco-historico-de-lorca\/","name":"El Gobierno regional invierte m\u00e1s de un mill\u00f3n de euros en la reactivaci\u00f3n econ\u00f3mica y comercial del casco hist\u00f3rico de Lorca - AREA LORCA RADIO","isPartOf":{"@id":"https:\/\/arealorcaradio.es\/#website"},"primaryImageOfPage":{"@id":"https:\/\/arealorcaradio.es\/index.php\/2024\/07\/23\/el-gobierno-regional-invierte-mas-de-un-millon-de-euros-en-la-reactivacion-economica-y-comercial-del-casco-historico-de-lorca\/#primaryimage"},"image":{"@id":"https:\/\/arealorcaradio.es\/index.php\/2024\/07\/23\/el-gobierno-regional-invierte-mas-de-un-millon-de-euros-en-la-reactivacion-economica-y-comercial-del-casco-historico-de-lorca\/#primaryimage"},"thumbnailUrl":"https:\/\/arealorcaradio.es\/wp-content\/uploads\/2024\/07\/WhatsApp-Image-2024-07-23-at-12.57.14.jpeg","datePublished":"2024-07-23T16:14:36+00:00","author":{"@id":"https:\/\/arealorcaradio.es\/#\/schema\/person\/9fae605fc25b0f2c83c1ab207139bd27"},"breadcrumb":{"@id":"https:\/\/arealorcaradio.es\/index.php\/2024\/07\/23\/el-gobierno-regional-invierte-mas-de-un-millon-de-euros-en-la-reactivacion-economica-y-comercial-del-casco-historico-de-lorca\/#breadcrumb"},"inLanguage":"es","potentialAction":[{"@type":"ReadAction","target":["https:\/\/arealorcaradio.es\/index.php\/2024\/07\/23\/el-gobierno-regional-invierte-mas-de-un-millon-de-euros-en-la-reactivacion-economica-y-comercial-del-casco-historico-de-lorca\/"]}]},{"@type":"ImageObject","inLanguage":"es","@id":"https:\/\/arealorcaradio.es\/index.php\/2024\/07\/23\/el-gobierno-regional-invierte-mas-de-un-millon-de-euros-en-la-reactivacion-economica-y-comercial-del-casco-historico-de-lorca\/#primaryimage","url":"https:\/\/arealorcaradio.es\/wp-content\/uploads\/2024\/07\/WhatsApp-Image-2024-07-23-at-12.57.14.jpeg","contentUrl":"https:\/\/arealorcaradio.es\/wp-content\/uploads\/2024\/07\/WhatsApp-Image-2024-07-23-at-12.57.14.jpeg","width":2048,"height":1536},{"@type":"BreadcrumbList","@id":"https:\/\/arealorcaradio.es\/index.php\/2024\/07\/23\/el-gobierno-regional-invierte-mas-de-un-millon-de-euros-en-la-reactivacion-economica-y-comercial-del-casco-historico-de-lorca\/#breadcrumb","itemListElement":[{"@type":"ListItem","position":1,"name":"Portada","item":"https:\/\/arealorcaradio.es\/"},{"@type":"ListItem","position":2,"name":"El Gobierno regional invierte m\u00e1s de un mill\u00f3n de euros en la reactivaci\u00f3n econ\u00f3mica y comercial del casco hist\u00f3rico de Lorca"}]},{"@type":"WebSite","@id":"https:\/\/arealorcaradio.es\/#website","url":"https:\/\/arealorcaradio.es\/","name":"AREA LORCA RADIO","description":"Descubre la programaci\u00f3n actual en \u00c1rea Lorca Radio, tu fuente de entrenamiento y noticias locales. Sintoniza ahora y mantente conectado online.","potentialAction":[{"@type":"SearchAction","target":{"@type":"EntryPoint","urlTemplate":"https:\/\/arealorcaradio.es\/?s={search_term_string}"},"query-input":{"@type":"PropertyValueSpecification","valueRequired":true,"valueName":"search_term_string"}}],"inLanguage":"es"},{"@type":"Person","@id":"https:\/\/arealorcaradio.es\/#\/schema\/person\/9fae605fc25b0f2c83c1ab207139bd27","name":"Paco S\u00e1nchez","image":{"@type":"ImageObject","inLanguage":"es","@id":"https:\/\/secure.gravatar.com\/avatar\/d67144e966420fb74aa84c9f2a0103be4724fd14db52b52d3b6bca749f257e79?s=96&d=mm&r=g","url":"https:\/\/secure.gravatar.com\/avatar\/d67144e966420fb74aa84c9f2a0103be4724fd14db52b52d3b6bca749f257e79?s=96&d=mm&r=g","contentUrl":"https:\/\/secure.gravatar.com\/avatar\/d67144e966420fb74aa84c9f2a0103be4724fd14db52b52d3b6bca749f257e79?s=96&d=mm&r=g","caption":"Paco S\u00e1nchez"},"sameAs":["https:\/\/arealorcaradio.es"],"url":"https:\/\/arealorcaradio.es\/index.php\/author\/admin_alorcaradio\/"}]}},"_links":{"self":[{"href":"https:\/\/arealorcaradio.es\/index.php\/wp-json\/wp\/v2\/posts\/3804","targetHints":{"allow":["GET"]}}],"collection":[{"href":"https:\/\/arealorcaradio.es\/index.php\/wp-json\/wp\/v2\/posts"}],"about":[{"href":"https:\/\/arealorcaradio.es\/index.php\/wp-json\/wp\/v2\/types\/post"}],"author":[{"embeddable":true,"href":"https:\/\/arealorcaradio.es\/index.php\/wp-json\/wp\/v2\/users\/1"}],"replies":[{"embeddable":true,"href":"https:\/\/arealorcaradio.es\/index.php\/wp-json\/wp\/v2\/comments?post=3804"}],"version-history":[{"count":1,"href":"https:\/\/arealorcaradio.es\/index.php\/wp-json\/wp\/v2\/posts\/3804\/revisions"}],"predecessor-version":[{"id":3806,"href":"https:\/\/arealorcaradio.es\/index.php\/wp-json\/wp\/v2\/posts\/3804\/revisions\/3806"}],"wp:featuredmedia":[{"embeddable":true,"href":"https:\/\/arealorcaradio.es\/index.php\/wp-json\/wp\/v2\/media\/3805"}],"wp:attachment":[{"href":"https:\/\/arealorcaradio.es\/index.php\/wp-json\/wp\/v2\/media?parent=3804"}],"wp:term":[{"taxonomy":"category","embeddable":true,"href":"https:\/\/arealorcaradio.es\/index.php\/wp-json\/wp\/v2\/categories?post=3804"},{"taxonomy":"post_tag","embeddable":true,"href":"https:\/\/arealorcaradio.es\/index.php\/wp-json\/wp\/v2\/tags?post=3804"}],"curies":[{"name":"wp","href":"https:\/\/api.w.org\/{rel}","templated":true}]}}