{"id":3801,"date":"2024-07-23T11:25:06","date_gmt":"2024-07-23T11:25:06","guid":{"rendered":"https:\/\/arealorcaradio.es\/?p=3801"},"modified":"2024-07-23T11:25:06","modified_gmt":"2024-07-23T11:25:06","slug":"lorca-consigue-un-nuevo-impulso-para-el-sector-industrial-con-un-importante-avance-para-la-ampliacion-del-poligono-saprelorca","status":"publish","type":"post","link":"https:\/\/arealorcaradio.es\/index.php\/2024\/07\/23\/lorca-consigue-un-nuevo-impulso-para-el-sector-industrial-con-un-importante-avance-para-la-ampliacion-del-poligono-saprelorca\/","title":{"rendered":"Lorca consigue un nuevo impulso para el sector industrial con un importante avance para la ampliaci\u00f3n del Pol\u00edgono Saprelorca"},"content":{"rendered":"<p>\u00c1REA LORCA RADIO.<\/p>\n<p class=\"v1MsoNormal\">La modificaci\u00f3n estructural del Plan General Municipal de Ordenaci\u00f3n de Lorca (PGMO) relativo al Sector Torrecilla 5-I obtiene el documento de alcance previo al estudio ambiental estrat\u00e9gico para el desarrollo de un sector de suelo industrial dentro del suelo no urbanizable inadecuado para su desarrollo urban\u00edstico. As\u00ed lo ha anunciado este martes el alcalde de Lorca, Fulgencio Gil J\u00f3dar.<\/p>\n<p class=\"v1MsoNormal\">\u00abLa ampliaci\u00f3n del pol\u00edgono industrial Saprelorca ha sumado un paso m\u00e1s para dotar de suelo empresarial a Lorca tras obtener el documento de alcance de la modificaci\u00f3n n\u00ba 46 estructural del Plan General Municipal de Ordenaci\u00f3n por parte de la Direcci\u00f3n General de Medio Ambiente, lo que har\u00e1 posible a su conclusi\u00f3n disponer de 770.000 de metros cuadrados de suelo industrial de extraordinario valor estrat\u00e9gico para nuestro municipio impulsando un sector industrial fuerte en Lorca que contribuya a diversificar el tejido productivo y a modernizar los sectores econ\u00f3micos lorquinos\u00bb, ha indicado Fulgencio Gil.<\/p>\n<p class=\"v1MsoNormal\">Este informe constituye el paso previo al estudio ambiental estrat\u00e9gico de este espacio y supone \u00abavanzar en la apuesta del Gobierno de Lorca por promover el crecimiento econ\u00f3mico del municipio, puesto que la ampliaci\u00f3n de Saprelorca supondr\u00e1 un polo de atracci\u00f3n para nuevas empresas regionales, nacionales e internacionales\u00bb, ha puesto de manifiesto el primer edil.<\/p>\n<p class=\"v1MsoNormal\">Y ha a\u00f1adido que este avance para la ampliaci\u00f3n del pol\u00edgono Saprelorca supone muy buenas noticias para el sector industrial no solo de Lorca, sino de toda la comarca. \u00abEstamos hablando de una actuaci\u00f3n que nos va a permitir incrementar nuestro liderazgo como capital subregional, ya que desde el Gobierno de Lorca estamos realizando numerosas acciones para que nuestro suelo industrial resulte atractivo para el asentamiento de empresas, lo que se traduce de forma paulatina en el avance de nuestras \u00e1reas industriales y en la generaci\u00f3n de nuevos puestos de trabajo, que es el objetivo central del trabajo que desarrollamos junto a todos los agentes sociales, econ\u00f3micos y empresariales de Lorca\u00bb, ha se\u00f1alado Gil J\u00f3dar.<\/p>\n<p class=\"v1MsoNormal\">Esta modificaci\u00f3n del Plan General Municipal de Ordenaci\u00f3n tiene por objeto un cambio en la clasificaci\u00f3n de 770.000 hect\u00e1reas que pasar\u00e1n de ser suelo no urbanizable inadecuado para su desarrollo urban\u00edstico, a suelo urbanizable sectorizado tambi\u00e9n para uso industrial. Ahora ser\u00e1 Saprelorca, quienes tendr\u00e1n que elaborar el estudio ambiental estrat\u00e9gico y el documento urban\u00edstico para la aprobaci\u00f3n inicial de dicha modificaci\u00f3n. Tras la revisi\u00f3n de esta documentaci\u00f3n por parte de los servicios t\u00e9cnicos municipales, se propondr\u00e1 al Pleno Municipal la aprobaci\u00f3n inicial de la modificaci\u00f3n estructural n\u00ba 26 del PGMO y del estudio ambiental estrat\u00e9gico.<\/p>\n<p class=\"v1MsoNormal\">El \u00e1mbito de actuaci\u00f3n de esta modificaci\u00f3n se encuentra junto al pol\u00edgono industrial de Saprelorca, en el eje de la Autov\u00eda del Mediterr\u00e1neo, consider\u00e1ndose que podr\u00eda formar parte de las \u00e1reas estrat\u00e9gicas que delimitan las Directrices del Suelo Industrial de la Regi\u00f3n de\u00a0 Murcia, vinculada al modelo de suelo industrial denominado CAEDI de Lorca en el Plan de Ordenaci\u00f3n Territorial del Suelo Industrial de la Regi\u00f3n de\u00a0 Murcia.<\/p>\n<p class=\"v1MsoNormal\">\u00abDebido a su ubicaci\u00f3n geogr\u00e1fica bien comunicada con el entorno se considera que tiene un gran inter\u00e9s para el municipio la clasificaci\u00f3n de los terrenos como de uso industrial, para ampliar la oferta de suelo industrial que existe en la zona, m\u00e1xime teniendo en cuenta que los terrenos del actual pol\u00edgono est\u00e1n pr\u00e1cticamente colmatados y existiendo una gran demanda de suelo en ese n\u00facleo industrial\u00bb, ha argumentado el alcalde de Lorca.<\/p>\n<p class=\"v1MsoNormal\">La superficie total del \u00e1mbito de la modificaci\u00f3n comprende 743.013 m2. Del total de la superficie del sector, se destinar\u00e1n 445.807 m2 a uso industrial, con un aprovechamiento de 0&#8217;60 m2\/m2. Adem\u00e1s la actuaci\u00f3n contempla que se ceda al Ayuntamiento una superficie de 74.816 m2 destinada a Sistema General de Espacios Libres y 37.500 m2 destinados a Sistema General de Equipamientos. Igualmente como consecuencia de este desarrollo se obtendr\u00e1n 65.510 m2 de zonas verdes y 22.290 m2 de equipamientos p\u00fablicos destinado a usos deportivos y sociales.<\/p>\n<p class=\"v1MsoNormal\">Fulgencio Gil ha agradecido al consejero de Medio Ambiente, Juan Mar\u00eda V\u00e1zquez, su trabajo y esfuerzo a la hora de realizar este documento fundamental para la ampliaci\u00f3n del pol\u00edgono industrial y ha resaltado tambi\u00e9n que \u00abel reto del Gobierno de Lorca es seguir impulsando el sector industrial, de forma paralela a los positivos avances que el sector primario, que es nuestro principal motor socioecon\u00f3mico y de generaci\u00f3n de empleo\u00bb.<\/p>\n<p class=\"v1MsoNormal\"><b>Otras actuaciones en el pol\u00edgono industrial de Saprelorca<\/b><\/p>\n<p class=\"v1MsoNormal\">Por otro lado, Fulgencio Gil ha informado que el Ayuntamiento de Lorca ha iniciado en los \u00faltimos meses diversas modificaciones de los planes parciales del pol\u00edgono industrial de Saprelorca que permitir\u00e1n la implantaci\u00f3n de nuevas actividades en el pol\u00edgono entre las que se encuentran estaciones de suministro o la adaptaci\u00f3n a nuevos requisitos \u00edndole t\u00e9cnico de las empresas, que no siendo parte del proceso productivo, son necesarios para el correcto funcionamiento operativo y normativo de las diferentes empresas que componen el pol\u00edgono industrial.<\/p>\n","protected":false},"excerpt":{"rendered":"<p>\u00c1REA LORCA RADIO. La modificaci\u00f3n estructural del Plan General Municipal de Ordenaci\u00f3n de Lorca (PGMO) relativo al Sector Torrecilla 5-I obtiene el documento de alcance previo al estudio ambiental estrat\u00e9gico para el desarrollo de un sector de suelo industrial dentro del suelo no urbanizable inadecuado para su desarrollo urban\u00edstico. As\u00ed lo ha anunciado este martes [&hellip;]<\/p>\n","protected":false},"author":1,"featured_media":3802,"comment_status":"open","ping_status":"open","sticky":false,"template":"","format":"standard","meta":{"iawp_total_views":8,"footnotes":""},"categories":[5,7],"tags":[],"class_list":["post-3801","post","type-post","status-publish","format-standard","has-post-thumbnail","hentry","category-actualidad","category-lorca"],"yoast_head":"<!-- This site is optimized with the Yoast SEO plugin v27.5 - https:\/\/yoast.com\/product\/yoast-seo-wordpress\/ -->\n<title>Lorca consigue un nuevo impulso para el sector industrial con un importante avance para la ampliaci\u00f3n del Pol\u00edgono Saprelorca - AREA LORCA RADIO<\/title>\n<meta name=\"robots\" content=\"index, follow, max-snippet:-1, max-image-preview:large, max-video-preview:-1\" \/>\n<link rel=\"canonical\" href=\"https:\/\/arealorcaradio.es\/index.php\/2024\/07\/23\/lorca-consigue-un-nuevo-impulso-para-el-sector-industrial-con-un-importante-avance-para-la-ampliacion-del-poligono-saprelorca\/\" \/>\n<meta property=\"og:locale\" content=\"es_ES\" \/>\n<meta property=\"og:type\" content=\"article\" \/>\n<meta property=\"og:title\" content=\"Lorca consigue un nuevo impulso para el sector industrial con un importante avance para la ampliaci\u00f3n del Pol\u00edgono Saprelorca - AREA LORCA RADIO\" \/>\n<meta property=\"og:description\" content=\"\u00c1REA LORCA RADIO. La modificaci\u00f3n estructural del Plan General Municipal de Ordenaci\u00f3n de Lorca (PGMO) relativo al Sector Torrecilla 5-I obtiene el documento de alcance previo al estudio ambiental estrat\u00e9gico para el desarrollo de un sector de suelo industrial dentro del suelo no urbanizable inadecuado para su desarrollo urban\u00edstico. As\u00ed lo ha anunciado este martes [&hellip;]\" \/>\n<meta property=\"og:url\" content=\"https:\/\/arealorcaradio.es\/index.php\/2024\/07\/23\/lorca-consigue-un-nuevo-impulso-para-el-sector-industrial-con-un-importante-avance-para-la-ampliacion-del-poligono-saprelorca\/\" \/>\n<meta property=\"og:site_name\" content=\"AREA LORCA RADIO\" \/>\n<meta property=\"article:published_time\" content=\"2024-07-23T11:25:06+00:00\" \/>\n<meta property=\"og:image\" content=\"https:\/\/arealorcaradio.es\/wp-content\/uploads\/2024\/07\/poligono-saprelorca.jpeg\" \/>\n\t<meta property=\"og:image:width\" content=\"976\" \/>\n\t<meta property=\"og:image:height\" content=\"651\" \/>\n\t<meta property=\"og:image:type\" content=\"image\/jpeg\" \/>\n<meta name=\"author\" content=\"Paco S\u00e1nchez\" \/>\n<meta name=\"twitter:card\" content=\"summary_large_image\" \/>\n<meta name=\"twitter:label1\" content=\"Escrito por\" \/>\n\t<meta name=\"twitter:data1\" content=\"Paco S\u00e1nchez\" \/>\n\t<meta name=\"twitter:label2\" content=\"Tiempo de lectura\" \/>\n\t<meta name=\"twitter:data2\" content=\"4 minutos\" \/>\n<script type=\"application\/ld+json\" class=\"yoast-schema-graph\">{\"@context\":\"https:\\\/\\\/schema.org\",\"@graph\":[{\"@type\":\"Article\",\"@id\":\"https:\\\/\\\/arealorcaradio.es\\\/index.php\\\/2024\\\/07\\\/23\\\/lorca-consigue-un-nuevo-impulso-para-el-sector-industrial-con-un-importante-avance-para-la-ampliacion-del-poligono-saprelorca\\\/#article\",\"isPartOf\":{\"@id\":\"https:\\\/\\\/arealorcaradio.es\\\/index.php\\\/2024\\\/07\\\/23\\\/lorca-consigue-un-nuevo-impulso-para-el-sector-industrial-con-un-importante-avance-para-la-ampliacion-del-poligono-saprelorca\\\/\"},\"author\":{\"name\":\"Paco S\u00e1nchez\",\"@id\":\"https:\\\/\\\/arealorcaradio.es\\\/#\\\/schema\\\/person\\\/9fae605fc25b0f2c83c1ab207139bd27\"},\"headline\":\"Lorca consigue un nuevo impulso para el sector industrial con un importante avance para la ampliaci\u00f3n del Pol\u00edgono Saprelorca\",\"datePublished\":\"2024-07-23T11:25:06+00:00\",\"mainEntityOfPage\":{\"@id\":\"https:\\\/\\\/arealorcaradio.es\\\/index.php\\\/2024\\\/07\\\/23\\\/lorca-consigue-un-nuevo-impulso-para-el-sector-industrial-con-un-importante-avance-para-la-ampliacion-del-poligono-saprelorca\\\/\"},\"wordCount\":901,\"commentCount\":0,\"image\":{\"@id\":\"https:\\\/\\\/arealorcaradio.es\\\/index.php\\\/2024\\\/07\\\/23\\\/lorca-consigue-un-nuevo-impulso-para-el-sector-industrial-con-un-importante-avance-para-la-ampliacion-del-poligono-saprelorca\\\/#primaryimage\"},\"thumbnailUrl\":\"https:\\\/\\\/arealorcaradio.es\\\/wp-content\\\/uploads\\\/2024\\\/07\\\/poligono-saprelorca.jpeg\",\"articleSection\":[\"ACTUALIDAD\",\"LORCA\"],\"inLanguage\":\"es\",\"potentialAction\":[{\"@type\":\"CommentAction\",\"name\":\"Comment\",\"target\":[\"https:\\\/\\\/arealorcaradio.es\\\/index.php\\\/2024\\\/07\\\/23\\\/lorca-consigue-un-nuevo-impulso-para-el-sector-industrial-con-un-importante-avance-para-la-ampliacion-del-poligono-saprelorca\\\/#respond\"]}]},{\"@type\":\"WebPage\",\"@id\":\"https:\\\/\\\/arealorcaradio.es\\\/index.php\\\/2024\\\/07\\\/23\\\/lorca-consigue-un-nuevo-impulso-para-el-sector-industrial-con-un-importante-avance-para-la-ampliacion-del-poligono-saprelorca\\\/\",\"url\":\"https:\\\/\\\/arealorcaradio.es\\\/index.php\\\/2024\\\/07\\\/23\\\/lorca-consigue-un-nuevo-impulso-para-el-sector-industrial-con-un-importante-avance-para-la-ampliacion-del-poligono-saprelorca\\\/\",\"name\":\"Lorca consigue un nuevo impulso para el sector industrial con un importante avance para la ampliaci\u00f3n del Pol\u00edgono Saprelorca - AREA LORCA RADIO\",\"isPartOf\":{\"@id\":\"https:\\\/\\\/arealorcaradio.es\\\/#website\"},\"primaryImageOfPage\":{\"@id\":\"https:\\\/\\\/arealorcaradio.es\\\/index.php\\\/2024\\\/07\\\/23\\\/lorca-consigue-un-nuevo-impulso-para-el-sector-industrial-con-un-importante-avance-para-la-ampliacion-del-poligono-saprelorca\\\/#primaryimage\"},\"image\":{\"@id\":\"https:\\\/\\\/arealorcaradio.es\\\/index.php\\\/2024\\\/07\\\/23\\\/lorca-consigue-un-nuevo-impulso-para-el-sector-industrial-con-un-importante-avance-para-la-ampliacion-del-poligono-saprelorca\\\/#primaryimage\"},\"thumbnailUrl\":\"https:\\\/\\\/arealorcaradio.es\\\/wp-content\\\/uploads\\\/2024\\\/07\\\/poligono-saprelorca.jpeg\",\"datePublished\":\"2024-07-23T11:25:06+00:00\",\"author\":{\"@id\":\"https:\\\/\\\/arealorcaradio.es\\\/#\\\/schema\\\/person\\\/9fae605fc25b0f2c83c1ab207139bd27\"},\"breadcrumb\":{\"@id\":\"https:\\\/\\\/arealorcaradio.es\\\/index.php\\\/2024\\\/07\\\/23\\\/lorca-consigue-un-nuevo-impulso-para-el-sector-industrial-con-un-importante-avance-para-la-ampliacion-del-poligono-saprelorca\\\/#breadcrumb\"},\"inLanguage\":\"es\",\"potentialAction\":[{\"@type\":\"ReadAction\",\"target\":[\"https:\\\/\\\/arealorcaradio.es\\\/index.php\\\/2024\\\/07\\\/23\\\/lorca-consigue-un-nuevo-impulso-para-el-sector-industrial-con-un-importante-avance-para-la-ampliacion-del-poligono-saprelorca\\\/\"]}]},{\"@type\":\"ImageObject\",\"inLanguage\":\"es\",\"@id\":\"https:\\\/\\\/arealorcaradio.es\\\/index.php\\\/2024\\\/07\\\/23\\\/lorca-consigue-un-nuevo-impulso-para-el-sector-industrial-con-un-importante-avance-para-la-ampliacion-del-poligono-saprelorca\\\/#primaryimage\",\"url\":\"https:\\\/\\\/arealorcaradio.es\\\/wp-content\\\/uploads\\\/2024\\\/07\\\/poligono-saprelorca.jpeg\",\"contentUrl\":\"https:\\\/\\\/arealorcaradio.es\\\/wp-content\\\/uploads\\\/2024\\\/07\\\/poligono-saprelorca.jpeg\",\"width\":976,\"height\":651},{\"@type\":\"BreadcrumbList\",\"@id\":\"https:\\\/\\\/arealorcaradio.es\\\/index.php\\\/2024\\\/07\\\/23\\\/lorca-consigue-un-nuevo-impulso-para-el-sector-industrial-con-un-importante-avance-para-la-ampliacion-del-poligono-saprelorca\\\/#breadcrumb\",\"itemListElement\":[{\"@type\":\"ListItem\",\"position\":1,\"name\":\"Portada\",\"item\":\"https:\\\/\\\/arealorcaradio.es\\\/\"},{\"@type\":\"ListItem\",\"position\":2,\"name\":\"Lorca consigue un nuevo impulso para el sector industrial con un importante avance para la ampliaci\u00f3n del Pol\u00edgono Saprelorca\"}]},{\"@type\":\"WebSite\",\"@id\":\"https:\\\/\\\/arealorcaradio.es\\\/#website\",\"url\":\"https:\\\/\\\/arealorcaradio.es\\\/\",\"name\":\"AREA LORCA RADIO\",\"description\":\"Descubre la programaci\u00f3n actual en \u00c1rea Lorca Radio, tu fuente de entrenamiento y noticias locales. Sintoniza ahora y mantente conectado online.\",\"potentialAction\":[{\"@type\":\"SearchAction\",\"target\":{\"@type\":\"EntryPoint\",\"urlTemplate\":\"https:\\\/\\\/arealorcaradio.es\\\/?s={search_term_string}\"},\"query-input\":{\"@type\":\"PropertyValueSpecification\",\"valueRequired\":true,\"valueName\":\"search_term_string\"}}],\"inLanguage\":\"es\"},{\"@type\":\"Person\",\"@id\":\"https:\\\/\\\/arealorcaradio.es\\\/#\\\/schema\\\/person\\\/9fae605fc25b0f2c83c1ab207139bd27\",\"name\":\"Paco S\u00e1nchez\",\"image\":{\"@type\":\"ImageObject\",\"inLanguage\":\"es\",\"@id\":\"https:\\\/\\\/secure.gravatar.com\\\/avatar\\\/d67144e966420fb74aa84c9f2a0103be4724fd14db52b52d3b6bca749f257e79?s=96&d=mm&r=g\",\"url\":\"https:\\\/\\\/secure.gravatar.com\\\/avatar\\\/d67144e966420fb74aa84c9f2a0103be4724fd14db52b52d3b6bca749f257e79?s=96&d=mm&r=g\",\"contentUrl\":\"https:\\\/\\\/secure.gravatar.com\\\/avatar\\\/d67144e966420fb74aa84c9f2a0103be4724fd14db52b52d3b6bca749f257e79?s=96&d=mm&r=g\",\"caption\":\"Paco S\u00e1nchez\"},\"sameAs\":[\"https:\\\/\\\/arealorcaradio.es\"],\"url\":\"https:\\\/\\\/arealorcaradio.es\\\/index.php\\\/author\\\/admin_alorcaradio\\\/\"}]}<\/script>\n<!-- \/ Yoast SEO plugin. -->","yoast_head_json":{"title":"Lorca consigue un nuevo impulso para el sector industrial con un importante avance para la ampliaci\u00f3n del Pol\u00edgono Saprelorca - AREA LORCA RADIO","robots":{"index":"index","follow":"follow","max-snippet":"max-snippet:-1","max-image-preview":"max-image-preview:large","max-video-preview":"max-video-preview:-1"},"canonical":"https:\/\/arealorcaradio.es\/index.php\/2024\/07\/23\/lorca-consigue-un-nuevo-impulso-para-el-sector-industrial-con-un-importante-avance-para-la-ampliacion-del-poligono-saprelorca\/","og_locale":"es_ES","og_type":"article","og_title":"Lorca consigue un nuevo impulso para el sector industrial con un importante avance para la ampliaci\u00f3n del Pol\u00edgono Saprelorca - AREA LORCA RADIO","og_description":"\u00c1REA LORCA RADIO. La modificaci\u00f3n estructural del Plan General Municipal de Ordenaci\u00f3n de Lorca (PGMO) relativo al Sector Torrecilla 5-I obtiene el documento de alcance previo al estudio ambiental estrat\u00e9gico para el desarrollo de un sector de suelo industrial dentro del suelo no urbanizable inadecuado para su desarrollo urban\u00edstico. As\u00ed lo ha anunciado este martes [&hellip;]","og_url":"https:\/\/arealorcaradio.es\/index.php\/2024\/07\/23\/lorca-consigue-un-nuevo-impulso-para-el-sector-industrial-con-un-importante-avance-para-la-ampliacion-del-poligono-saprelorca\/","og_site_name":"AREA LORCA RADIO","article_published_time":"2024-07-23T11:25:06+00:00","og_image":[{"width":976,"height":651,"url":"https:\/\/arealorcaradio.es\/wp-content\/uploads\/2024\/07\/poligono-saprelorca.jpeg","type":"image\/jpeg"}],"author":"Paco S\u00e1nchez","twitter_card":"summary_large_image","twitter_misc":{"Escrito por":"Paco S\u00e1nchez","Tiempo de lectura":"4 minutos"},"schema":{"@context":"https:\/\/schema.org","@graph":[{"@type":"Article","@id":"https:\/\/arealorcaradio.es\/index.php\/2024\/07\/23\/lorca-consigue-un-nuevo-impulso-para-el-sector-industrial-con-un-importante-avance-para-la-ampliacion-del-poligono-saprelorca\/#article","isPartOf":{"@id":"https:\/\/arealorcaradio.es\/index.php\/2024\/07\/23\/lorca-consigue-un-nuevo-impulso-para-el-sector-industrial-con-un-importante-avance-para-la-ampliacion-del-poligono-saprelorca\/"},"author":{"name":"Paco S\u00e1nchez","@id":"https:\/\/arealorcaradio.es\/#\/schema\/person\/9fae605fc25b0f2c83c1ab207139bd27"},"headline":"Lorca consigue un nuevo impulso para el sector industrial con un importante avance para la ampliaci\u00f3n del Pol\u00edgono Saprelorca","datePublished":"2024-07-23T11:25:06+00:00","mainEntityOfPage":{"@id":"https:\/\/arealorcaradio.es\/index.php\/2024\/07\/23\/lorca-consigue-un-nuevo-impulso-para-el-sector-industrial-con-un-importante-avance-para-la-ampliacion-del-poligono-saprelorca\/"},"wordCount":901,"commentCount":0,"image":{"@id":"https:\/\/arealorcaradio.es\/index.php\/2024\/07\/23\/lorca-consigue-un-nuevo-impulso-para-el-sector-industrial-con-un-importante-avance-para-la-ampliacion-del-poligono-saprelorca\/#primaryimage"},"thumbnailUrl":"https:\/\/arealorcaradio.es\/wp-content\/uploads\/2024\/07\/poligono-saprelorca.jpeg","articleSection":["ACTUALIDAD","LORCA"],"inLanguage":"es","potentialAction":[{"@type":"CommentAction","name":"Comment","target":["https:\/\/arealorcaradio.es\/index.php\/2024\/07\/23\/lorca-consigue-un-nuevo-impulso-para-el-sector-industrial-con-un-importante-avance-para-la-ampliacion-del-poligono-saprelorca\/#respond"]}]},{"@type":"WebPage","@id":"https:\/\/arealorcaradio.es\/index.php\/2024\/07\/23\/lorca-consigue-un-nuevo-impulso-para-el-sector-industrial-con-un-importante-avance-para-la-ampliacion-del-poligono-saprelorca\/","url":"https:\/\/arealorcaradio.es\/index.php\/2024\/07\/23\/lorca-consigue-un-nuevo-impulso-para-el-sector-industrial-con-un-importante-avance-para-la-ampliacion-del-poligono-saprelorca\/","name":"Lorca consigue un nuevo impulso para el sector industrial con un importante avance para la ampliaci\u00f3n del Pol\u00edgono Saprelorca - AREA LORCA RADIO","isPartOf":{"@id":"https:\/\/arealorcaradio.es\/#website"},"primaryImageOfPage":{"@id":"https:\/\/arealorcaradio.es\/index.php\/2024\/07\/23\/lorca-consigue-un-nuevo-impulso-para-el-sector-industrial-con-un-importante-avance-para-la-ampliacion-del-poligono-saprelorca\/#primaryimage"},"image":{"@id":"https:\/\/arealorcaradio.es\/index.php\/2024\/07\/23\/lorca-consigue-un-nuevo-impulso-para-el-sector-industrial-con-un-importante-avance-para-la-ampliacion-del-poligono-saprelorca\/#primaryimage"},"thumbnailUrl":"https:\/\/arealorcaradio.es\/wp-content\/uploads\/2024\/07\/poligono-saprelorca.jpeg","datePublished":"2024-07-23T11:25:06+00:00","author":{"@id":"https:\/\/arealorcaradio.es\/#\/schema\/person\/9fae605fc25b0f2c83c1ab207139bd27"},"breadcrumb":{"@id":"https:\/\/arealorcaradio.es\/index.php\/2024\/07\/23\/lorca-consigue-un-nuevo-impulso-para-el-sector-industrial-con-un-importante-avance-para-la-ampliacion-del-poligono-saprelorca\/#breadcrumb"},"inLanguage":"es","potentialAction":[{"@type":"ReadAction","target":["https:\/\/arealorcaradio.es\/index.php\/2024\/07\/23\/lorca-consigue-un-nuevo-impulso-para-el-sector-industrial-con-un-importante-avance-para-la-ampliacion-del-poligono-saprelorca\/"]}]},{"@type":"ImageObject","inLanguage":"es","@id":"https:\/\/arealorcaradio.es\/index.php\/2024\/07\/23\/lorca-consigue-un-nuevo-impulso-para-el-sector-industrial-con-un-importante-avance-para-la-ampliacion-del-poligono-saprelorca\/#primaryimage","url":"https:\/\/arealorcaradio.es\/wp-content\/uploads\/2024\/07\/poligono-saprelorca.jpeg","contentUrl":"https:\/\/arealorcaradio.es\/wp-content\/uploads\/2024\/07\/poligono-saprelorca.jpeg","width":976,"height":651},{"@type":"BreadcrumbList","@id":"https:\/\/arealorcaradio.es\/index.php\/2024\/07\/23\/lorca-consigue-un-nuevo-impulso-para-el-sector-industrial-con-un-importante-avance-para-la-ampliacion-del-poligono-saprelorca\/#breadcrumb","itemListElement":[{"@type":"ListItem","position":1,"name":"Portada","item":"https:\/\/arealorcaradio.es\/"},{"@type":"ListItem","position":2,"name":"Lorca consigue un nuevo impulso para el sector industrial con un importante avance para la ampliaci\u00f3n del Pol\u00edgono Saprelorca"}]},{"@type":"WebSite","@id":"https:\/\/arealorcaradio.es\/#website","url":"https:\/\/arealorcaradio.es\/","name":"AREA LORCA RADIO","description":"Descubre la programaci\u00f3n actual en \u00c1rea Lorca Radio, tu fuente de entrenamiento y noticias locales. Sintoniza ahora y mantente conectado online.","potentialAction":[{"@type":"SearchAction","target":{"@type":"EntryPoint","urlTemplate":"https:\/\/arealorcaradio.es\/?s={search_term_string}"},"query-input":{"@type":"PropertyValueSpecification","valueRequired":true,"valueName":"search_term_string"}}],"inLanguage":"es"},{"@type":"Person","@id":"https:\/\/arealorcaradio.es\/#\/schema\/person\/9fae605fc25b0f2c83c1ab207139bd27","name":"Paco S\u00e1nchez","image":{"@type":"ImageObject","inLanguage":"es","@id":"https:\/\/secure.gravatar.com\/avatar\/d67144e966420fb74aa84c9f2a0103be4724fd14db52b52d3b6bca749f257e79?s=96&d=mm&r=g","url":"https:\/\/secure.gravatar.com\/avatar\/d67144e966420fb74aa84c9f2a0103be4724fd14db52b52d3b6bca749f257e79?s=96&d=mm&r=g","contentUrl":"https:\/\/secure.gravatar.com\/avatar\/d67144e966420fb74aa84c9f2a0103be4724fd14db52b52d3b6bca749f257e79?s=96&d=mm&r=g","caption":"Paco S\u00e1nchez"},"sameAs":["https:\/\/arealorcaradio.es"],"url":"https:\/\/arealorcaradio.es\/index.php\/author\/admin_alorcaradio\/"}]}},"_links":{"self":[{"href":"https:\/\/arealorcaradio.es\/index.php\/wp-json\/wp\/v2\/posts\/3801","targetHints":{"allow":["GET"]}}],"collection":[{"href":"https:\/\/arealorcaradio.es\/index.php\/wp-json\/wp\/v2\/posts"}],"about":[{"href":"https:\/\/arealorcaradio.es\/index.php\/wp-json\/wp\/v2\/types\/post"}],"author":[{"embeddable":true,"href":"https:\/\/arealorcaradio.es\/index.php\/wp-json\/wp\/v2\/users\/1"}],"replies":[{"embeddable":true,"href":"https:\/\/arealorcaradio.es\/index.php\/wp-json\/wp\/v2\/comments?post=3801"}],"version-history":[{"count":1,"href":"https:\/\/arealorcaradio.es\/index.php\/wp-json\/wp\/v2\/posts\/3801\/revisions"}],"predecessor-version":[{"id":3803,"href":"https:\/\/arealorcaradio.es\/index.php\/wp-json\/wp\/v2\/posts\/3801\/revisions\/3803"}],"wp:featuredmedia":[{"embeddable":true,"href":"https:\/\/arealorcaradio.es\/index.php\/wp-json\/wp\/v2\/media\/3802"}],"wp:attachment":[{"href":"https:\/\/arealorcaradio.es\/index.php\/wp-json\/wp\/v2\/media?parent=3801"}],"wp:term":[{"taxonomy":"category","embeddable":true,"href":"https:\/\/arealorcaradio.es\/index.php\/wp-json\/wp\/v2\/categories?post=3801"},{"taxonomy":"post_tag","embeddable":true,"href":"https:\/\/arealorcaradio.es\/index.php\/wp-json\/wp\/v2\/tags?post=3801"}],"curies":[{"name":"wp","href":"https:\/\/api.w.org\/{rel}","templated":true}]}}