{"id":3789,"date":"2024-07-18T17:51:23","date_gmt":"2024-07-18T17:51:23","guid":{"rendered":"https:\/\/arealorcaradio.es\/?p=3789"},"modified":"2024-07-18T17:51:23","modified_gmt":"2024-07-18T17:51:23","slug":"lorca-acogera-el-sabado-el-evento-summer-board-game-para-amantes-de-los-juegos-de-mesa-y-cartas","status":"publish","type":"post","link":"https:\/\/arealorcaradio.es\/index.php\/2024\/07\/18\/lorca-acogera-el-sabado-el-evento-summer-board-game-para-amantes-de-los-juegos-de-mesa-y-cartas\/","title":{"rendered":"Lorca acoger\u00e1 el s\u00e1bado el evento &#8216;Summer Board Game&#8217; para amantes de los juegos de mesa y cartas"},"content":{"rendered":"<p>\u00c1REA LORCA RADIO.<\/p>\n<p>Escucha aqu\u00ed la entrevista que ha concedido a Paco S\u00e1nchez en el magazine \u00c1rea Lorca Actualidad, uno de los organizadores del evento, Rafael P\u00e9rez Bayonas, representante de M\u00e1s Que C\u00f3mics y El Molino Formaci\u00f3n Ocio y Tiempo Libre.<\/p>\n<audio class=\"wp-audio-shortcode\" id=\"audio-3789-1\" preload=\"none\" style=\"width: 100%;\" controls=\"controls\"><source type=\"audio\/mpeg\" src=\"https:\/\/arealorcaradio.es\/wp-content\/uploads\/2024\/07\/180724-RAFAEL-PEREZ.-EL-MOLINO.mp3?_=1\" \/><a href=\"https:\/\/arealorcaradio.es\/wp-content\/uploads\/2024\/07\/180724-RAFAEL-PEREZ.-EL-MOLINO.mp3\">https:\/\/arealorcaradio.es\/wp-content\/uploads\/2024\/07\/180724-RAFAEL-PEREZ.-EL-MOLINO.mp3<\/a><\/audio>\n<p class=\"v1MsoNormal\"><img loading=\"lazy\" decoding=\"async\" class=\"alignnone wp-image-3791\" src=\"https:\/\/arealorcaradio.es\/wp-content\/uploads\/2024\/07\/DSC_0045-300x200.jpg\" alt=\"\" width=\"300\" height=\"200\" srcset=\"https:\/\/arealorcaradio.es\/wp-content\/uploads\/2024\/07\/DSC_0045-300x200.jpg 300w, https:\/\/arealorcaradio.es\/wp-content\/uploads\/2024\/07\/DSC_0045-1024x683.jpg 1024w, https:\/\/arealorcaradio.es\/wp-content\/uploads\/2024\/07\/DSC_0045-768x512.jpg 768w, https:\/\/arealorcaradio.es\/wp-content\/uploads\/2024\/07\/DSC_0045-1536x1024.jpg 1536w, https:\/\/arealorcaradio.es\/wp-content\/uploads\/2024\/07\/DSC_0045.jpg 1620w\" sizes=\"auto, (max-width: 300px) 100vw, 300px\" \/> <img loading=\"lazy\" decoding=\"async\" class=\"alignnone wp-image-3792\" src=\"https:\/\/arealorcaradio.es\/wp-content\/uploads\/2024\/07\/20240718_173356-300x225.jpg\" alt=\"\" width=\"265\" height=\"199\" srcset=\"https:\/\/arealorcaradio.es\/wp-content\/uploads\/2024\/07\/20240718_173356-300x225.jpg 300w, https:\/\/arealorcaradio.es\/wp-content\/uploads\/2024\/07\/20240718_173356-1024x768.jpg 1024w, https:\/\/arealorcaradio.es\/wp-content\/uploads\/2024\/07\/20240718_173356-768x576.jpg 768w, https:\/\/arealorcaradio.es\/wp-content\/uploads\/2024\/07\/20240718_173356-1536x1152.jpg 1536w, https:\/\/arealorcaradio.es\/wp-content\/uploads\/2024\/07\/20240718_173356-2048x1536.jpg 2048w, https:\/\/arealorcaradio.es\/wp-content\/uploads\/2024\/07\/20240718_173356-86x64.jpg 86w\" sizes=\"auto, (max-width: 265px) 100vw, 265px\" \/><\/p>\n<p class=\"v1MsoNormal\">El pr\u00f3ximo s\u00e1bado 20 de julio, el Espacio Joven &#8216;La Estaci\u00f3n&#8217; ser\u00e1 el escenario del evento &#8216;Summer Board Game&#8217;, una jornada dedicada a los juegos de mesa y cartas organizada por la Asociaci\u00f3n Arcadia y la tienda M\u00e1s Que C\u00f3mics, en colaboraci\u00f3n con el Ayuntamiento de Lorca. As\u00ed lo ha anunciado este mi\u00e9rcoles el concejal de Talento Joven, Antonio David S\u00e1nchez, durante la presentaci\u00f3n de la actividad junto a representantes de la Asociaci\u00f3n Arcadia Lorca.<\/p>\n<p class=\"v1MsoNormal\">Antonio David S\u00e1nchez ha destacado que el &#8216;Summer Board Game&#8217;, que se llevar\u00e1 a cabo de 9:30 a 20:30 horas y que est\u00e1 abierto a todos los p\u00fablicos, desde jugadores noveles hasta experimentados, es un evento muy importante para la ciudad, \u00abya que es una oportunidad \u00fanica para que j\u00f3venes y adultos se re\u00fanan y disfruten de una jornada de entretenimiento y aprendizaje\u00bb.<\/p>\n<p class=\"v1MsoNormal\">Y ha a\u00f1adido que \u00abdesde el Gobierno de Lorca estamos comprometidos con apoyar este tipo de iniciativas l\u00fadicas que no solo promueven el ocio alternativo entre los m\u00e1s j\u00f3venes, sino que tambi\u00e9n contribuyen al desarrollo del pensamiento estrat\u00e9gico, la creatividad, el compa\u00f1erismo y la socializaci\u00f3n a trav\u00e9s de los juegos de mesa y cartas\u00bb.<\/p>\n<p class=\"v1MsoNormal\">El edil de Talento Joven ha detallado que las actividades principales del evento incluir\u00e1n tres competiciones diferentes que son el torneo especial del Juego de Cartas (TCG) de Magic The Gathering, que comenzar\u00e1 a las 9:30 horas; el clasificatorio para el Campeonato de Espa\u00f1a del famoso juego de mesa Cat\u00e1n, que dar\u00e1 inicio a las 10 horas; y, por \u00faltimo, el torneo especial del Juego de Cartas (TCG) de One Piece, que tendr\u00e1 lugar a partir de las 10:30 horas. Adem\u00e1s, durante todo el d\u00eda habr\u00e1 una zona de juego con un espacio con un amplio repertorio de juegos de mesa y cartas disponibles para usar, probar o aprender a jugar.<\/p>\n","protected":false},"excerpt":{"rendered":"<p>\u00c1REA LORCA RADIO. Escucha aqu\u00ed la entrevista que ha concedido a Paco S\u00e1nchez en el magazine \u00c1rea Lorca Actualidad, uno de los organizadores del evento, Rafael P\u00e9rez Bayonas, representante de M\u00e1s Que C\u00f3mics y El Molino Formaci\u00f3n Ocio y Tiempo Libre. El pr\u00f3ximo s\u00e1bado 20 de julio, el Espacio Joven &#8216;La Estaci\u00f3n&#8217; ser\u00e1 el escenario [&hellip;]<\/p>\n","protected":false},"author":1,"featured_media":3792,"comment_status":"open","ping_status":"open","sticky":false,"template":"","format":"standard","meta":{"iawp_total_views":12,"footnotes":""},"categories":[5,7],"tags":[],"class_list":["post-3789","post","type-post","status-publish","format-standard","has-post-thumbnail","hentry","category-actualidad","category-lorca"],"yoast_head":"<!-- This site is optimized with the Yoast SEO plugin v27.5 - https:\/\/yoast.com\/product\/yoast-seo-wordpress\/ -->\n<title>Lorca acoger\u00e1 el s\u00e1bado el evento &#039;Summer Board Game&#039; para amantes de los juegos de mesa y cartas - AREA LORCA RADIO<\/title>\n<meta name=\"robots\" content=\"index, follow, max-snippet:-1, max-image-preview:large, max-video-preview:-1\" \/>\n<link rel=\"canonical\" href=\"https:\/\/arealorcaradio.es\/index.php\/2024\/07\/18\/lorca-acogera-el-sabado-el-evento-summer-board-game-para-amantes-de-los-juegos-de-mesa-y-cartas\/\" \/>\n<meta property=\"og:locale\" content=\"es_ES\" \/>\n<meta property=\"og:type\" content=\"article\" \/>\n<meta property=\"og:title\" content=\"Lorca acoger\u00e1 el s\u00e1bado el evento &#039;Summer Board Game&#039; para amantes de los juegos de mesa y cartas - AREA LORCA RADIO\" \/>\n<meta property=\"og:description\" content=\"\u00c1REA LORCA RADIO. Escucha aqu\u00ed la entrevista que ha concedido a Paco S\u00e1nchez en el magazine \u00c1rea Lorca Actualidad, uno de los organizadores del evento, Rafael P\u00e9rez Bayonas, representante de M\u00e1s Que C\u00f3mics y El Molino Formaci\u00f3n Ocio y Tiempo Libre. El pr\u00f3ximo s\u00e1bado 20 de julio, el Espacio Joven &#8216;La Estaci\u00f3n&#8217; ser\u00e1 el escenario [&hellip;]\" \/>\n<meta property=\"og:url\" content=\"https:\/\/arealorcaradio.es\/index.php\/2024\/07\/18\/lorca-acogera-el-sabado-el-evento-summer-board-game-para-amantes-de-los-juegos-de-mesa-y-cartas\/\" \/>\n<meta property=\"og:site_name\" content=\"AREA LORCA RADIO\" \/>\n<meta property=\"article:published_time\" content=\"2024-07-18T17:51:23+00:00\" \/>\n<meta property=\"og:image\" content=\"https:\/\/arealorcaradio.es\/wp-content\/uploads\/2024\/07\/20240718_173356-scaled.jpg\" \/>\n\t<meta property=\"og:image:width\" content=\"2560\" \/>\n\t<meta property=\"og:image:height\" content=\"1920\" \/>\n\t<meta property=\"og:image:type\" content=\"image\/jpeg\" \/>\n<meta name=\"author\" content=\"Paco S\u00e1nchez\" \/>\n<meta name=\"twitter:card\" content=\"summary_large_image\" \/>\n<meta name=\"twitter:label1\" content=\"Escrito por\" \/>\n\t<meta name=\"twitter:data1\" content=\"Paco S\u00e1nchez\" \/>\n\t<meta name=\"twitter:label2\" content=\"Tiempo de lectura\" \/>\n\t<meta name=\"twitter:data2\" content=\"3 minutos\" \/>\n<script type=\"application\/ld+json\" class=\"yoast-schema-graph\">{\"@context\":\"https:\\\/\\\/schema.org\",\"@graph\":[{\"@type\":\"Article\",\"@id\":\"https:\\\/\\\/arealorcaradio.es\\\/index.php\\\/2024\\\/07\\\/18\\\/lorca-acogera-el-sabado-el-evento-summer-board-game-para-amantes-de-los-juegos-de-mesa-y-cartas\\\/#article\",\"isPartOf\":{\"@id\":\"https:\\\/\\\/arealorcaradio.es\\\/index.php\\\/2024\\\/07\\\/18\\\/lorca-acogera-el-sabado-el-evento-summer-board-game-para-amantes-de-los-juegos-de-mesa-y-cartas\\\/\"},\"author\":{\"name\":\"Paco S\u00e1nchez\",\"@id\":\"https:\\\/\\\/arealorcaradio.es\\\/#\\\/schema\\\/person\\\/9fae605fc25b0f2c83c1ab207139bd27\"},\"headline\":\"Lorca acoger\u00e1 el s\u00e1bado el evento &#8216;Summer Board Game&#8217; para amantes de los juegos de mesa y cartas\",\"datePublished\":\"2024-07-18T17:51:23+00:00\",\"mainEntityOfPage\":{\"@id\":\"https:\\\/\\\/arealorcaradio.es\\\/index.php\\\/2024\\\/07\\\/18\\\/lorca-acogera-el-sabado-el-evento-summer-board-game-para-amantes-de-los-juegos-de-mesa-y-cartas\\\/\"},\"wordCount\":402,\"commentCount\":0,\"image\":{\"@id\":\"https:\\\/\\\/arealorcaradio.es\\\/index.php\\\/2024\\\/07\\\/18\\\/lorca-acogera-el-sabado-el-evento-summer-board-game-para-amantes-de-los-juegos-de-mesa-y-cartas\\\/#primaryimage\"},\"thumbnailUrl\":\"https:\\\/\\\/arealorcaradio.es\\\/wp-content\\\/uploads\\\/2024\\\/07\\\/20240718_173356-scaled.jpg\",\"articleSection\":[\"ACTUALIDAD\",\"LORCA\"],\"inLanguage\":\"es\",\"potentialAction\":[{\"@type\":\"CommentAction\",\"name\":\"Comment\",\"target\":[\"https:\\\/\\\/arealorcaradio.es\\\/index.php\\\/2024\\\/07\\\/18\\\/lorca-acogera-el-sabado-el-evento-summer-board-game-para-amantes-de-los-juegos-de-mesa-y-cartas\\\/#respond\"]}]},{\"@type\":\"WebPage\",\"@id\":\"https:\\\/\\\/arealorcaradio.es\\\/index.php\\\/2024\\\/07\\\/18\\\/lorca-acogera-el-sabado-el-evento-summer-board-game-para-amantes-de-los-juegos-de-mesa-y-cartas\\\/\",\"url\":\"https:\\\/\\\/arealorcaradio.es\\\/index.php\\\/2024\\\/07\\\/18\\\/lorca-acogera-el-sabado-el-evento-summer-board-game-para-amantes-de-los-juegos-de-mesa-y-cartas\\\/\",\"name\":\"Lorca acoger\u00e1 el s\u00e1bado el evento 'Summer Board Game' para amantes de los juegos de mesa y cartas - AREA LORCA RADIO\",\"isPartOf\":{\"@id\":\"https:\\\/\\\/arealorcaradio.es\\\/#website\"},\"primaryImageOfPage\":{\"@id\":\"https:\\\/\\\/arealorcaradio.es\\\/index.php\\\/2024\\\/07\\\/18\\\/lorca-acogera-el-sabado-el-evento-summer-board-game-para-amantes-de-los-juegos-de-mesa-y-cartas\\\/#primaryimage\"},\"image\":{\"@id\":\"https:\\\/\\\/arealorcaradio.es\\\/index.php\\\/2024\\\/07\\\/18\\\/lorca-acogera-el-sabado-el-evento-summer-board-game-para-amantes-de-los-juegos-de-mesa-y-cartas\\\/#primaryimage\"},\"thumbnailUrl\":\"https:\\\/\\\/arealorcaradio.es\\\/wp-content\\\/uploads\\\/2024\\\/07\\\/20240718_173356-scaled.jpg\",\"datePublished\":\"2024-07-18T17:51:23+00:00\",\"author\":{\"@id\":\"https:\\\/\\\/arealorcaradio.es\\\/#\\\/schema\\\/person\\\/9fae605fc25b0f2c83c1ab207139bd27\"},\"breadcrumb\":{\"@id\":\"https:\\\/\\\/arealorcaradio.es\\\/index.php\\\/2024\\\/07\\\/18\\\/lorca-acogera-el-sabado-el-evento-summer-board-game-para-amantes-de-los-juegos-de-mesa-y-cartas\\\/#breadcrumb\"},\"inLanguage\":\"es\",\"potentialAction\":[{\"@type\":\"ReadAction\",\"target\":[\"https:\\\/\\\/arealorcaradio.es\\\/index.php\\\/2024\\\/07\\\/18\\\/lorca-acogera-el-sabado-el-evento-summer-board-game-para-amantes-de-los-juegos-de-mesa-y-cartas\\\/\"]}]},{\"@type\":\"ImageObject\",\"inLanguage\":\"es\",\"@id\":\"https:\\\/\\\/arealorcaradio.es\\\/index.php\\\/2024\\\/07\\\/18\\\/lorca-acogera-el-sabado-el-evento-summer-board-game-para-amantes-de-los-juegos-de-mesa-y-cartas\\\/#primaryimage\",\"url\":\"https:\\\/\\\/arealorcaradio.es\\\/wp-content\\\/uploads\\\/2024\\\/07\\\/20240718_173356-scaled.jpg\",\"contentUrl\":\"https:\\\/\\\/arealorcaradio.es\\\/wp-content\\\/uploads\\\/2024\\\/07\\\/20240718_173356-scaled.jpg\",\"width\":2560,\"height\":1920},{\"@type\":\"BreadcrumbList\",\"@id\":\"https:\\\/\\\/arealorcaradio.es\\\/index.php\\\/2024\\\/07\\\/18\\\/lorca-acogera-el-sabado-el-evento-summer-board-game-para-amantes-de-los-juegos-de-mesa-y-cartas\\\/#breadcrumb\",\"itemListElement\":[{\"@type\":\"ListItem\",\"position\":1,\"name\":\"Portada\",\"item\":\"https:\\\/\\\/arealorcaradio.es\\\/\"},{\"@type\":\"ListItem\",\"position\":2,\"name\":\"Lorca acoger\u00e1 el s\u00e1bado el evento &#8216;Summer Board Game&#8217; para amantes de los juegos de mesa y cartas\"}]},{\"@type\":\"WebSite\",\"@id\":\"https:\\\/\\\/arealorcaradio.es\\\/#website\",\"url\":\"https:\\\/\\\/arealorcaradio.es\\\/\",\"name\":\"AREA LORCA RADIO\",\"description\":\"Descubre la programaci\u00f3n actual en \u00c1rea Lorca Radio, tu fuente de entrenamiento y noticias locales. Sintoniza ahora y mantente conectado online.\",\"potentialAction\":[{\"@type\":\"SearchAction\",\"target\":{\"@type\":\"EntryPoint\",\"urlTemplate\":\"https:\\\/\\\/arealorcaradio.es\\\/?s={search_term_string}\"},\"query-input\":{\"@type\":\"PropertyValueSpecification\",\"valueRequired\":true,\"valueName\":\"search_term_string\"}}],\"inLanguage\":\"es\"},{\"@type\":\"Person\",\"@id\":\"https:\\\/\\\/arealorcaradio.es\\\/#\\\/schema\\\/person\\\/9fae605fc25b0f2c83c1ab207139bd27\",\"name\":\"Paco S\u00e1nchez\",\"image\":{\"@type\":\"ImageObject\",\"inLanguage\":\"es\",\"@id\":\"https:\\\/\\\/secure.gravatar.com\\\/avatar\\\/d67144e966420fb74aa84c9f2a0103be4724fd14db52b52d3b6bca749f257e79?s=96&d=mm&r=g\",\"url\":\"https:\\\/\\\/secure.gravatar.com\\\/avatar\\\/d67144e966420fb74aa84c9f2a0103be4724fd14db52b52d3b6bca749f257e79?s=96&d=mm&r=g\",\"contentUrl\":\"https:\\\/\\\/secure.gravatar.com\\\/avatar\\\/d67144e966420fb74aa84c9f2a0103be4724fd14db52b52d3b6bca749f257e79?s=96&d=mm&r=g\",\"caption\":\"Paco S\u00e1nchez\"},\"sameAs\":[\"https:\\\/\\\/arealorcaradio.es\"],\"url\":\"https:\\\/\\\/arealorcaradio.es\\\/index.php\\\/author\\\/admin_alorcaradio\\\/\"}]}<\/script>\n<!-- \/ Yoast SEO plugin. -->","yoast_head_json":{"title":"Lorca acoger\u00e1 el s\u00e1bado el evento 'Summer Board Game' para amantes de los juegos de mesa y cartas - AREA LORCA RADIO","robots":{"index":"index","follow":"follow","max-snippet":"max-snippet:-1","max-image-preview":"max-image-preview:large","max-video-preview":"max-video-preview:-1"},"canonical":"https:\/\/arealorcaradio.es\/index.php\/2024\/07\/18\/lorca-acogera-el-sabado-el-evento-summer-board-game-para-amantes-de-los-juegos-de-mesa-y-cartas\/","og_locale":"es_ES","og_type":"article","og_title":"Lorca acoger\u00e1 el s\u00e1bado el evento 'Summer Board Game' para amantes de los juegos de mesa y cartas - AREA LORCA RADIO","og_description":"\u00c1REA LORCA RADIO. Escucha aqu\u00ed la entrevista que ha concedido a Paco S\u00e1nchez en el magazine \u00c1rea Lorca Actualidad, uno de los organizadores del evento, Rafael P\u00e9rez Bayonas, representante de M\u00e1s Que C\u00f3mics y El Molino Formaci\u00f3n Ocio y Tiempo Libre. El pr\u00f3ximo s\u00e1bado 20 de julio, el Espacio Joven &#8216;La Estaci\u00f3n&#8217; ser\u00e1 el escenario [&hellip;]","og_url":"https:\/\/arealorcaradio.es\/index.php\/2024\/07\/18\/lorca-acogera-el-sabado-el-evento-summer-board-game-para-amantes-de-los-juegos-de-mesa-y-cartas\/","og_site_name":"AREA LORCA RADIO","article_published_time":"2024-07-18T17:51:23+00:00","og_image":[{"width":2560,"height":1920,"url":"https:\/\/arealorcaradio.es\/wp-content\/uploads\/2024\/07\/20240718_173356-scaled.jpg","type":"image\/jpeg"}],"author":"Paco S\u00e1nchez","twitter_card":"summary_large_image","twitter_misc":{"Escrito por":"Paco S\u00e1nchez","Tiempo de lectura":"3 minutos"},"schema":{"@context":"https:\/\/schema.org","@graph":[{"@type":"Article","@id":"https:\/\/arealorcaradio.es\/index.php\/2024\/07\/18\/lorca-acogera-el-sabado-el-evento-summer-board-game-para-amantes-de-los-juegos-de-mesa-y-cartas\/#article","isPartOf":{"@id":"https:\/\/arealorcaradio.es\/index.php\/2024\/07\/18\/lorca-acogera-el-sabado-el-evento-summer-board-game-para-amantes-de-los-juegos-de-mesa-y-cartas\/"},"author":{"name":"Paco S\u00e1nchez","@id":"https:\/\/arealorcaradio.es\/#\/schema\/person\/9fae605fc25b0f2c83c1ab207139bd27"},"headline":"Lorca acoger\u00e1 el s\u00e1bado el evento &#8216;Summer Board Game&#8217; para amantes de los juegos de mesa y cartas","datePublished":"2024-07-18T17:51:23+00:00","mainEntityOfPage":{"@id":"https:\/\/arealorcaradio.es\/index.php\/2024\/07\/18\/lorca-acogera-el-sabado-el-evento-summer-board-game-para-amantes-de-los-juegos-de-mesa-y-cartas\/"},"wordCount":402,"commentCount":0,"image":{"@id":"https:\/\/arealorcaradio.es\/index.php\/2024\/07\/18\/lorca-acogera-el-sabado-el-evento-summer-board-game-para-amantes-de-los-juegos-de-mesa-y-cartas\/#primaryimage"},"thumbnailUrl":"https:\/\/arealorcaradio.es\/wp-content\/uploads\/2024\/07\/20240718_173356-scaled.jpg","articleSection":["ACTUALIDAD","LORCA"],"inLanguage":"es","potentialAction":[{"@type":"CommentAction","name":"Comment","target":["https:\/\/arealorcaradio.es\/index.php\/2024\/07\/18\/lorca-acogera-el-sabado-el-evento-summer-board-game-para-amantes-de-los-juegos-de-mesa-y-cartas\/#respond"]}]},{"@type":"WebPage","@id":"https:\/\/arealorcaradio.es\/index.php\/2024\/07\/18\/lorca-acogera-el-sabado-el-evento-summer-board-game-para-amantes-de-los-juegos-de-mesa-y-cartas\/","url":"https:\/\/arealorcaradio.es\/index.php\/2024\/07\/18\/lorca-acogera-el-sabado-el-evento-summer-board-game-para-amantes-de-los-juegos-de-mesa-y-cartas\/","name":"Lorca acoger\u00e1 el s\u00e1bado el evento 'Summer Board Game' para amantes de los juegos de mesa y cartas - AREA LORCA RADIO","isPartOf":{"@id":"https:\/\/arealorcaradio.es\/#website"},"primaryImageOfPage":{"@id":"https:\/\/arealorcaradio.es\/index.php\/2024\/07\/18\/lorca-acogera-el-sabado-el-evento-summer-board-game-para-amantes-de-los-juegos-de-mesa-y-cartas\/#primaryimage"},"image":{"@id":"https:\/\/arealorcaradio.es\/index.php\/2024\/07\/18\/lorca-acogera-el-sabado-el-evento-summer-board-game-para-amantes-de-los-juegos-de-mesa-y-cartas\/#primaryimage"},"thumbnailUrl":"https:\/\/arealorcaradio.es\/wp-content\/uploads\/2024\/07\/20240718_173356-scaled.jpg","datePublished":"2024-07-18T17:51:23+00:00","author":{"@id":"https:\/\/arealorcaradio.es\/#\/schema\/person\/9fae605fc25b0f2c83c1ab207139bd27"},"breadcrumb":{"@id":"https:\/\/arealorcaradio.es\/index.php\/2024\/07\/18\/lorca-acogera-el-sabado-el-evento-summer-board-game-para-amantes-de-los-juegos-de-mesa-y-cartas\/#breadcrumb"},"inLanguage":"es","potentialAction":[{"@type":"ReadAction","target":["https:\/\/arealorcaradio.es\/index.php\/2024\/07\/18\/lorca-acogera-el-sabado-el-evento-summer-board-game-para-amantes-de-los-juegos-de-mesa-y-cartas\/"]}]},{"@type":"ImageObject","inLanguage":"es","@id":"https:\/\/arealorcaradio.es\/index.php\/2024\/07\/18\/lorca-acogera-el-sabado-el-evento-summer-board-game-para-amantes-de-los-juegos-de-mesa-y-cartas\/#primaryimage","url":"https:\/\/arealorcaradio.es\/wp-content\/uploads\/2024\/07\/20240718_173356-scaled.jpg","contentUrl":"https:\/\/arealorcaradio.es\/wp-content\/uploads\/2024\/07\/20240718_173356-scaled.jpg","width":2560,"height":1920},{"@type":"BreadcrumbList","@id":"https:\/\/arealorcaradio.es\/index.php\/2024\/07\/18\/lorca-acogera-el-sabado-el-evento-summer-board-game-para-amantes-de-los-juegos-de-mesa-y-cartas\/#breadcrumb","itemListElement":[{"@type":"ListItem","position":1,"name":"Portada","item":"https:\/\/arealorcaradio.es\/"},{"@type":"ListItem","position":2,"name":"Lorca acoger\u00e1 el s\u00e1bado el evento &#8216;Summer Board Game&#8217; para amantes de los juegos de mesa y cartas"}]},{"@type":"WebSite","@id":"https:\/\/arealorcaradio.es\/#website","url":"https:\/\/arealorcaradio.es\/","name":"AREA LORCA RADIO","description":"Descubre la programaci\u00f3n actual en \u00c1rea Lorca Radio, tu fuente de entrenamiento y noticias locales. Sintoniza ahora y mantente conectado online.","potentialAction":[{"@type":"SearchAction","target":{"@type":"EntryPoint","urlTemplate":"https:\/\/arealorcaradio.es\/?s={search_term_string}"},"query-input":{"@type":"PropertyValueSpecification","valueRequired":true,"valueName":"search_term_string"}}],"inLanguage":"es"},{"@type":"Person","@id":"https:\/\/arealorcaradio.es\/#\/schema\/person\/9fae605fc25b0f2c83c1ab207139bd27","name":"Paco S\u00e1nchez","image":{"@type":"ImageObject","inLanguage":"es","@id":"https:\/\/secure.gravatar.com\/avatar\/d67144e966420fb74aa84c9f2a0103be4724fd14db52b52d3b6bca749f257e79?s=96&d=mm&r=g","url":"https:\/\/secure.gravatar.com\/avatar\/d67144e966420fb74aa84c9f2a0103be4724fd14db52b52d3b6bca749f257e79?s=96&d=mm&r=g","contentUrl":"https:\/\/secure.gravatar.com\/avatar\/d67144e966420fb74aa84c9f2a0103be4724fd14db52b52d3b6bca749f257e79?s=96&d=mm&r=g","caption":"Paco S\u00e1nchez"},"sameAs":["https:\/\/arealorcaradio.es"],"url":"https:\/\/arealorcaradio.es\/index.php\/author\/admin_alorcaradio\/"}]}},"_links":{"self":[{"href":"https:\/\/arealorcaradio.es\/index.php\/wp-json\/wp\/v2\/posts\/3789","targetHints":{"allow":["GET"]}}],"collection":[{"href":"https:\/\/arealorcaradio.es\/index.php\/wp-json\/wp\/v2\/posts"}],"about":[{"href":"https:\/\/arealorcaradio.es\/index.php\/wp-json\/wp\/v2\/types\/post"}],"author":[{"embeddable":true,"href":"https:\/\/arealorcaradio.es\/index.php\/wp-json\/wp\/v2\/users\/1"}],"replies":[{"embeddable":true,"href":"https:\/\/arealorcaradio.es\/index.php\/wp-json\/wp\/v2\/comments?post=3789"}],"version-history":[{"count":1,"href":"https:\/\/arealorcaradio.es\/index.php\/wp-json\/wp\/v2\/posts\/3789\/revisions"}],"predecessor-version":[{"id":3794,"href":"https:\/\/arealorcaradio.es\/index.php\/wp-json\/wp\/v2\/posts\/3789\/revisions\/3794"}],"wp:featuredmedia":[{"embeddable":true,"href":"https:\/\/arealorcaradio.es\/index.php\/wp-json\/wp\/v2\/media\/3792"}],"wp:attachment":[{"href":"https:\/\/arealorcaradio.es\/index.php\/wp-json\/wp\/v2\/media?parent=3789"}],"wp:term":[{"taxonomy":"category","embeddable":true,"href":"https:\/\/arealorcaradio.es\/index.php\/wp-json\/wp\/v2\/categories?post=3789"},{"taxonomy":"post_tag","embeddable":true,"href":"https:\/\/arealorcaradio.es\/index.php\/wp-json\/wp\/v2\/tags?post=3789"}],"curies":[{"name":"wp","href":"https:\/\/api.w.org\/{rel}","templated":true}]}}