{"id":3662,"date":"2024-07-02T17:25:48","date_gmt":"2024-07-02T17:25:48","guid":{"rendered":"https:\/\/arealorcaradio.es\/?p=3662"},"modified":"2024-07-02T17:25:48","modified_gmt":"2024-07-02T17:25:48","slug":"el-grupo-coros-y-danzas-virgen-de-las-huertas-de-lorca-representa-a-espana-en-turquia","status":"publish","type":"post","link":"https:\/\/arealorcaradio.es\/index.php\/2024\/07\/02\/el-grupo-coros-y-danzas-virgen-de-las-huertas-de-lorca-representa-a-espana-en-turquia\/","title":{"rendered":"El Grupo Coros y Danzas Virgen de las Huertas de Lorca representa a Espa\u00f1a en Turqu\u00eda."},"content":{"rendered":"<p>\u00c1REA LORCA RADIO.<\/p>\n<p>Escucha aqu\u00ed la entrevista que han concedido a Paco S\u00e1nchez en el magazine \u00c1rea Lorca Actualidad, tres componentes del Grupo de Coros y Danzas Virgen de las Huertas, el presidente Luis Gonz\u00e1lez, Mar\u00eda S\u00e1nchez responsable de vestuario y Jos\u00e9 Francisco Ortega, director de rondalla y coro.<\/p>\n<audio class=\"wp-audio-shortcode\" id=\"audio-3662-1\" preload=\"none\" style=\"width: 100%;\" controls=\"controls\"><source type=\"audio\/mpeg\" src=\"https:\/\/arealorcaradio.es\/wp-content\/uploads\/2024\/07\/020724-VIAJE-CDVDLH-A-TURQUIA.-LUIS-MARIA-Y-JOSE-FCO.mp3?_=1\" \/><a href=\"https:\/\/arealorcaradio.es\/wp-content\/uploads\/2024\/07\/020724-VIAJE-CDVDLH-A-TURQUIA.-LUIS-MARIA-Y-JOSE-FCO.mp3\">https:\/\/arealorcaradio.es\/wp-content\/uploads\/2024\/07\/020724-VIAJE-CDVDLH-A-TURQUIA.-LUIS-MARIA-Y-JOSE-FCO.mp3<\/a><\/audio>\n<p>La asociaci\u00f3n de Coros y Danzas Virgen de las Huertas de Lorca parte el pr\u00f3ximo s\u00e1bado 6 de julio con destino a Turqu\u00eda para participar en la 36 edici\u00f3n del International Golden Karag\u00f6z Folk Dance que se celebra en la ciudad turca de Bursa. Es la primera vez que el grupo lorquino va a participar en un evento en este pa\u00eds y que tiene un formato bastante amplio para mostrar la indumentaria, las m\u00fasicas y las danzas, adem\u00e1s de promocionar la artesan\u00eda y la gastronom\u00eda tanto de Lorca como de la Regi\u00f3n de Murcia y lo hace junto a grupos de otros 25 pa\u00edses tales como Grecia, Chipre, Bulgaria, Hungr\u00eda, Croacia, Rumania, Georgia, China, Bosnia-Hezergovina, Jap\u00f3n, India, Bolivia, Colombia, Uruguay, Kazajist\u00e1n e Irlanda entre otros.<\/p>\n<p>El festival, uno de los mejores y de mayor magnitud en todo el mundo actualmente, se desarrolla en diferentes puntos y parques de la ciudad, siendo el escenario \u00a0central el &#8216;Kulturpark Open Air Teatre&#8217;, con una capacidad para 3.500 personas. El Golden Karag\u00f6 Folk Dance arrancar\u00e1 el d\u00eda 7 de julio con un desfile de los grupos participantes y una breve actuaci\u00f3n de los mismos.<\/p>\n<p>Durante los d\u00edas 8, 9, 10 y 11 se suceden las actuaciones por toda la ciudad en lugares emblem\u00e1ticos como Korupark, Or. Gazi Parki, Ahmet Taner Park, o Tophane.\u00a0La jornada principal ser\u00e1 el d\u00eda 12 de julio, que es cuando se desarrolla la gala de clausura y donde llevaran a escena las Parrandas del T\u00edo Pillo y la Jota de Lorca.<\/p>\n<p>Coros y Danzas de Virgen de las Huertas de Lorca, ha preparado un total de 5 actuaciones diferentes, llevando tres equipos distintos de vestuario con la intenci\u00f3n de mostrar la mayor parte de nuestro patrimonio tanto material e inmaterial de nuestra cultura popular en Turqu\u00eda. \u00a0El \u00a0grupo lorquino se desplaza con una expedici\u00f3n compuesta por 27 personas que viajan con la mayor de las ilusiones, pues es la primera vez que van a este pa\u00eds y aunque han participado en otros festivales internacionales en diversos pa\u00edses de Europa, nunca antes hab\u00edan participado en un festival de estas dimensiones y tan alta categor\u00eda.<\/p>\n<p>En cuanto a las degustaciones gastron\u00f3micas realizar\u00e1n la t\u00edpica torta de pimiento molido, las conocidas marineras de nuestra regi\u00f3n y la tortilla de patatas o tortilla espa\u00f1ola, adem\u00e1s de llevar crespillos, quesos y dulces t\u00edpicos. La artesan\u00eda estar\u00e1 representada con la alfarer\u00eda, llevando m\u00e1s de 40 jarras de novia y donar\u00e1n un traje de huertana y otro de huertano para ser expuestos en el Museo Internacional del Traje de la ciudad de Bursa, dejando huella del bordado lorquino.<\/p>\n<p>El coste del viaje, 19.000\u20ac, ha sido sufragado \u00edntegramente por los componentes del mismo, y ayudados por la venta de pulseras que el grupo lanz\u00f3 en el mes de abril con el lema \u201cViva Lorca que es mi pueblo\u201d enmarcado en una cenefa de un de los refajos lorquinos, con el fondo carmes\u00ed de la bandera de Lorca y las letras en amarillo que representa la ciudad del sol.<\/p>\n<p>Hay que destacar el esfuerzo econ\u00f3mico realizado por los miembros que viajan en esta ocasi\u00f3n, es bastante importante, para poder llevar el nombre de Lorca y las tradiciones de nuestra tierra a 3752 km y promocionar de forma totalmente altruista, con mucho orgullo e ilusi\u00f3n, el folklore lorquino por tierras turcas.<\/p>\n","protected":false},"excerpt":{"rendered":"<p>\u00c1REA LORCA RADIO. Escucha aqu\u00ed la entrevista que han concedido a Paco S\u00e1nchez en el magazine \u00c1rea Lorca Actualidad, tres componentes del Grupo de Coros y Danzas Virgen de las Huertas, el presidente Luis Gonz\u00e1lez, Mar\u00eda S\u00e1nchez responsable de vestuario y Jos\u00e9 Francisco Ortega, director de rondalla y coro. La asociaci\u00f3n de Coros y Danzas [&hellip;]<\/p>\n","protected":false},"author":1,"featured_media":3665,"comment_status":"open","ping_status":"open","sticky":false,"template":"","format":"standard","meta":{"iawp_total_views":34,"footnotes":""},"categories":[5,7],"tags":[],"class_list":["post-3662","post","type-post","status-publish","format-standard","has-post-thumbnail","hentry","category-actualidad","category-lorca"],"yoast_head":"<!-- This site is optimized with the Yoast SEO plugin v27.5 - https:\/\/yoast.com\/product\/yoast-seo-wordpress\/ -->\n<title>El Grupo Coros y Danzas Virgen de las Huertas de Lorca representa a Espa\u00f1a en Turqu\u00eda. - AREA LORCA RADIO<\/title>\n<meta name=\"robots\" content=\"index, follow, max-snippet:-1, max-image-preview:large, max-video-preview:-1\" \/>\n<link rel=\"canonical\" href=\"https:\/\/arealorcaradio.es\/index.php\/2024\/07\/02\/el-grupo-coros-y-danzas-virgen-de-las-huertas-de-lorca-representa-a-espana-en-turquia\/\" \/>\n<meta property=\"og:locale\" content=\"es_ES\" \/>\n<meta property=\"og:type\" content=\"article\" \/>\n<meta property=\"og:title\" content=\"El Grupo Coros y Danzas Virgen de las Huertas de Lorca representa a Espa\u00f1a en Turqu\u00eda. - AREA LORCA RADIO\" \/>\n<meta property=\"og:description\" content=\"\u00c1REA LORCA RADIO. Escucha aqu\u00ed la entrevista que han concedido a Paco S\u00e1nchez en el magazine \u00c1rea Lorca Actualidad, tres componentes del Grupo de Coros y Danzas Virgen de las Huertas, el presidente Luis Gonz\u00e1lez, Mar\u00eda S\u00e1nchez responsable de vestuario y Jos\u00e9 Francisco Ortega, director de rondalla y coro. La asociaci\u00f3n de Coros y Danzas [&hellip;]\" \/>\n<meta property=\"og:url\" content=\"https:\/\/arealorcaradio.es\/index.php\/2024\/07\/02\/el-grupo-coros-y-danzas-virgen-de-las-huertas-de-lorca-representa-a-espana-en-turquia\/\" \/>\n<meta property=\"og:site_name\" content=\"AREA LORCA RADIO\" \/>\n<meta property=\"article:published_time\" content=\"2024-07-02T17:25:48+00:00\" \/>\n<meta property=\"og:image\" content=\"https:\/\/arealorcaradio.es\/wp-content\/uploads\/2024\/07\/20240702_180235-scaled.jpg\" \/>\n\t<meta property=\"og:image:width\" content=\"2560\" \/>\n\t<meta property=\"og:image:height\" content=\"1920\" \/>\n\t<meta property=\"og:image:type\" content=\"image\/jpeg\" \/>\n<meta name=\"author\" content=\"Paco S\u00e1nchez\" \/>\n<meta name=\"twitter:card\" content=\"summary_large_image\" \/>\n<meta name=\"twitter:label1\" content=\"Escrito por\" \/>\n\t<meta name=\"twitter:data1\" content=\"Paco S\u00e1nchez\" \/>\n\t<meta name=\"twitter:label2\" content=\"Tiempo de lectura\" \/>\n\t<meta name=\"twitter:data2\" content=\"3 minutos\" \/>\n<script type=\"application\/ld+json\" class=\"yoast-schema-graph\">{\"@context\":\"https:\\\/\\\/schema.org\",\"@graph\":[{\"@type\":\"Article\",\"@id\":\"https:\\\/\\\/arealorcaradio.es\\\/index.php\\\/2024\\\/07\\\/02\\\/el-grupo-coros-y-danzas-virgen-de-las-huertas-de-lorca-representa-a-espana-en-turquia\\\/#article\",\"isPartOf\":{\"@id\":\"https:\\\/\\\/arealorcaradio.es\\\/index.php\\\/2024\\\/07\\\/02\\\/el-grupo-coros-y-danzas-virgen-de-las-huertas-de-lorca-representa-a-espana-en-turquia\\\/\"},\"author\":{\"name\":\"Paco S\u00e1nchez\",\"@id\":\"https:\\\/\\\/arealorcaradio.es\\\/#\\\/schema\\\/person\\\/9fae605fc25b0f2c83c1ab207139bd27\"},\"headline\":\"El Grupo Coros y Danzas Virgen de las Huertas de Lorca representa a Espa\u00f1a en Turqu\u00eda.\",\"datePublished\":\"2024-07-02T17:25:48+00:00\",\"mainEntityOfPage\":{\"@id\":\"https:\\\/\\\/arealorcaradio.es\\\/index.php\\\/2024\\\/07\\\/02\\\/el-grupo-coros-y-danzas-virgen-de-las-huertas-de-lorca-representa-a-espana-en-turquia\\\/\"},\"wordCount\":662,\"commentCount\":0,\"image\":{\"@id\":\"https:\\\/\\\/arealorcaradio.es\\\/index.php\\\/2024\\\/07\\\/02\\\/el-grupo-coros-y-danzas-virgen-de-las-huertas-de-lorca-representa-a-espana-en-turquia\\\/#primaryimage\"},\"thumbnailUrl\":\"https:\\\/\\\/arealorcaradio.es\\\/wp-content\\\/uploads\\\/2024\\\/07\\\/20240702_180235-scaled.jpg\",\"articleSection\":[\"ACTUALIDAD\",\"LORCA\"],\"inLanguage\":\"es\",\"potentialAction\":[{\"@type\":\"CommentAction\",\"name\":\"Comment\",\"target\":[\"https:\\\/\\\/arealorcaradio.es\\\/index.php\\\/2024\\\/07\\\/02\\\/el-grupo-coros-y-danzas-virgen-de-las-huertas-de-lorca-representa-a-espana-en-turquia\\\/#respond\"]}]},{\"@type\":\"WebPage\",\"@id\":\"https:\\\/\\\/arealorcaradio.es\\\/index.php\\\/2024\\\/07\\\/02\\\/el-grupo-coros-y-danzas-virgen-de-las-huertas-de-lorca-representa-a-espana-en-turquia\\\/\",\"url\":\"https:\\\/\\\/arealorcaradio.es\\\/index.php\\\/2024\\\/07\\\/02\\\/el-grupo-coros-y-danzas-virgen-de-las-huertas-de-lorca-representa-a-espana-en-turquia\\\/\",\"name\":\"El Grupo Coros y Danzas Virgen de las Huertas de Lorca representa a Espa\u00f1a en Turqu\u00eda. - AREA LORCA RADIO\",\"isPartOf\":{\"@id\":\"https:\\\/\\\/arealorcaradio.es\\\/#website\"},\"primaryImageOfPage\":{\"@id\":\"https:\\\/\\\/arealorcaradio.es\\\/index.php\\\/2024\\\/07\\\/02\\\/el-grupo-coros-y-danzas-virgen-de-las-huertas-de-lorca-representa-a-espana-en-turquia\\\/#primaryimage\"},\"image\":{\"@id\":\"https:\\\/\\\/arealorcaradio.es\\\/index.php\\\/2024\\\/07\\\/02\\\/el-grupo-coros-y-danzas-virgen-de-las-huertas-de-lorca-representa-a-espana-en-turquia\\\/#primaryimage\"},\"thumbnailUrl\":\"https:\\\/\\\/arealorcaradio.es\\\/wp-content\\\/uploads\\\/2024\\\/07\\\/20240702_180235-scaled.jpg\",\"datePublished\":\"2024-07-02T17:25:48+00:00\",\"author\":{\"@id\":\"https:\\\/\\\/arealorcaradio.es\\\/#\\\/schema\\\/person\\\/9fae605fc25b0f2c83c1ab207139bd27\"},\"breadcrumb\":{\"@id\":\"https:\\\/\\\/arealorcaradio.es\\\/index.php\\\/2024\\\/07\\\/02\\\/el-grupo-coros-y-danzas-virgen-de-las-huertas-de-lorca-representa-a-espana-en-turquia\\\/#breadcrumb\"},\"inLanguage\":\"es\",\"potentialAction\":[{\"@type\":\"ReadAction\",\"target\":[\"https:\\\/\\\/arealorcaradio.es\\\/index.php\\\/2024\\\/07\\\/02\\\/el-grupo-coros-y-danzas-virgen-de-las-huertas-de-lorca-representa-a-espana-en-turquia\\\/\"]}]},{\"@type\":\"ImageObject\",\"inLanguage\":\"es\",\"@id\":\"https:\\\/\\\/arealorcaradio.es\\\/index.php\\\/2024\\\/07\\\/02\\\/el-grupo-coros-y-danzas-virgen-de-las-huertas-de-lorca-representa-a-espana-en-turquia\\\/#primaryimage\",\"url\":\"https:\\\/\\\/arealorcaradio.es\\\/wp-content\\\/uploads\\\/2024\\\/07\\\/20240702_180235-scaled.jpg\",\"contentUrl\":\"https:\\\/\\\/arealorcaradio.es\\\/wp-content\\\/uploads\\\/2024\\\/07\\\/20240702_180235-scaled.jpg\",\"width\":2560,\"height\":1920},{\"@type\":\"BreadcrumbList\",\"@id\":\"https:\\\/\\\/arealorcaradio.es\\\/index.php\\\/2024\\\/07\\\/02\\\/el-grupo-coros-y-danzas-virgen-de-las-huertas-de-lorca-representa-a-espana-en-turquia\\\/#breadcrumb\",\"itemListElement\":[{\"@type\":\"ListItem\",\"position\":1,\"name\":\"Portada\",\"item\":\"https:\\\/\\\/arealorcaradio.es\\\/\"},{\"@type\":\"ListItem\",\"position\":2,\"name\":\"El Grupo Coros y Danzas Virgen de las Huertas de Lorca representa a Espa\u00f1a en Turqu\u00eda.\"}]},{\"@type\":\"WebSite\",\"@id\":\"https:\\\/\\\/arealorcaradio.es\\\/#website\",\"url\":\"https:\\\/\\\/arealorcaradio.es\\\/\",\"name\":\"AREA LORCA RADIO\",\"description\":\"Descubre la programaci\u00f3n actual en \u00c1rea Lorca Radio, tu fuente de entrenamiento y noticias locales. Sintoniza ahora y mantente conectado online.\",\"potentialAction\":[{\"@type\":\"SearchAction\",\"target\":{\"@type\":\"EntryPoint\",\"urlTemplate\":\"https:\\\/\\\/arealorcaradio.es\\\/?s={search_term_string}\"},\"query-input\":{\"@type\":\"PropertyValueSpecification\",\"valueRequired\":true,\"valueName\":\"search_term_string\"}}],\"inLanguage\":\"es\"},{\"@type\":\"Person\",\"@id\":\"https:\\\/\\\/arealorcaradio.es\\\/#\\\/schema\\\/person\\\/9fae605fc25b0f2c83c1ab207139bd27\",\"name\":\"Paco S\u00e1nchez\",\"image\":{\"@type\":\"ImageObject\",\"inLanguage\":\"es\",\"@id\":\"https:\\\/\\\/secure.gravatar.com\\\/avatar\\\/d67144e966420fb74aa84c9f2a0103be4724fd14db52b52d3b6bca749f257e79?s=96&d=mm&r=g\",\"url\":\"https:\\\/\\\/secure.gravatar.com\\\/avatar\\\/d67144e966420fb74aa84c9f2a0103be4724fd14db52b52d3b6bca749f257e79?s=96&d=mm&r=g\",\"contentUrl\":\"https:\\\/\\\/secure.gravatar.com\\\/avatar\\\/d67144e966420fb74aa84c9f2a0103be4724fd14db52b52d3b6bca749f257e79?s=96&d=mm&r=g\",\"caption\":\"Paco S\u00e1nchez\"},\"sameAs\":[\"https:\\\/\\\/arealorcaradio.es\"],\"url\":\"https:\\\/\\\/arealorcaradio.es\\\/index.php\\\/author\\\/admin_alorcaradio\\\/\"}]}<\/script>\n<!-- \/ Yoast SEO plugin. -->","yoast_head_json":{"title":"El Grupo Coros y Danzas Virgen de las Huertas de Lorca representa a Espa\u00f1a en Turqu\u00eda. - AREA LORCA RADIO","robots":{"index":"index","follow":"follow","max-snippet":"max-snippet:-1","max-image-preview":"max-image-preview:large","max-video-preview":"max-video-preview:-1"},"canonical":"https:\/\/arealorcaradio.es\/index.php\/2024\/07\/02\/el-grupo-coros-y-danzas-virgen-de-las-huertas-de-lorca-representa-a-espana-en-turquia\/","og_locale":"es_ES","og_type":"article","og_title":"El Grupo Coros y Danzas Virgen de las Huertas de Lorca representa a Espa\u00f1a en Turqu\u00eda. - AREA LORCA RADIO","og_description":"\u00c1REA LORCA RADIO. Escucha aqu\u00ed la entrevista que han concedido a Paco S\u00e1nchez en el magazine \u00c1rea Lorca Actualidad, tres componentes del Grupo de Coros y Danzas Virgen de las Huertas, el presidente Luis Gonz\u00e1lez, Mar\u00eda S\u00e1nchez responsable de vestuario y Jos\u00e9 Francisco Ortega, director de rondalla y coro. La asociaci\u00f3n de Coros y Danzas [&hellip;]","og_url":"https:\/\/arealorcaradio.es\/index.php\/2024\/07\/02\/el-grupo-coros-y-danzas-virgen-de-las-huertas-de-lorca-representa-a-espana-en-turquia\/","og_site_name":"AREA LORCA RADIO","article_published_time":"2024-07-02T17:25:48+00:00","og_image":[{"width":2560,"height":1920,"url":"https:\/\/arealorcaradio.es\/wp-content\/uploads\/2024\/07\/20240702_180235-scaled.jpg","type":"image\/jpeg"}],"author":"Paco S\u00e1nchez","twitter_card":"summary_large_image","twitter_misc":{"Escrito por":"Paco S\u00e1nchez","Tiempo de lectura":"3 minutos"},"schema":{"@context":"https:\/\/schema.org","@graph":[{"@type":"Article","@id":"https:\/\/arealorcaradio.es\/index.php\/2024\/07\/02\/el-grupo-coros-y-danzas-virgen-de-las-huertas-de-lorca-representa-a-espana-en-turquia\/#article","isPartOf":{"@id":"https:\/\/arealorcaradio.es\/index.php\/2024\/07\/02\/el-grupo-coros-y-danzas-virgen-de-las-huertas-de-lorca-representa-a-espana-en-turquia\/"},"author":{"name":"Paco S\u00e1nchez","@id":"https:\/\/arealorcaradio.es\/#\/schema\/person\/9fae605fc25b0f2c83c1ab207139bd27"},"headline":"El Grupo Coros y Danzas Virgen de las Huertas de Lorca representa a Espa\u00f1a en Turqu\u00eda.","datePublished":"2024-07-02T17:25:48+00:00","mainEntityOfPage":{"@id":"https:\/\/arealorcaradio.es\/index.php\/2024\/07\/02\/el-grupo-coros-y-danzas-virgen-de-las-huertas-de-lorca-representa-a-espana-en-turquia\/"},"wordCount":662,"commentCount":0,"image":{"@id":"https:\/\/arealorcaradio.es\/index.php\/2024\/07\/02\/el-grupo-coros-y-danzas-virgen-de-las-huertas-de-lorca-representa-a-espana-en-turquia\/#primaryimage"},"thumbnailUrl":"https:\/\/arealorcaradio.es\/wp-content\/uploads\/2024\/07\/20240702_180235-scaled.jpg","articleSection":["ACTUALIDAD","LORCA"],"inLanguage":"es","potentialAction":[{"@type":"CommentAction","name":"Comment","target":["https:\/\/arealorcaradio.es\/index.php\/2024\/07\/02\/el-grupo-coros-y-danzas-virgen-de-las-huertas-de-lorca-representa-a-espana-en-turquia\/#respond"]}]},{"@type":"WebPage","@id":"https:\/\/arealorcaradio.es\/index.php\/2024\/07\/02\/el-grupo-coros-y-danzas-virgen-de-las-huertas-de-lorca-representa-a-espana-en-turquia\/","url":"https:\/\/arealorcaradio.es\/index.php\/2024\/07\/02\/el-grupo-coros-y-danzas-virgen-de-las-huertas-de-lorca-representa-a-espana-en-turquia\/","name":"El Grupo Coros y Danzas Virgen de las Huertas de Lorca representa a Espa\u00f1a en Turqu\u00eda. - AREA LORCA RADIO","isPartOf":{"@id":"https:\/\/arealorcaradio.es\/#website"},"primaryImageOfPage":{"@id":"https:\/\/arealorcaradio.es\/index.php\/2024\/07\/02\/el-grupo-coros-y-danzas-virgen-de-las-huertas-de-lorca-representa-a-espana-en-turquia\/#primaryimage"},"image":{"@id":"https:\/\/arealorcaradio.es\/index.php\/2024\/07\/02\/el-grupo-coros-y-danzas-virgen-de-las-huertas-de-lorca-representa-a-espana-en-turquia\/#primaryimage"},"thumbnailUrl":"https:\/\/arealorcaradio.es\/wp-content\/uploads\/2024\/07\/20240702_180235-scaled.jpg","datePublished":"2024-07-02T17:25:48+00:00","author":{"@id":"https:\/\/arealorcaradio.es\/#\/schema\/person\/9fae605fc25b0f2c83c1ab207139bd27"},"breadcrumb":{"@id":"https:\/\/arealorcaradio.es\/index.php\/2024\/07\/02\/el-grupo-coros-y-danzas-virgen-de-las-huertas-de-lorca-representa-a-espana-en-turquia\/#breadcrumb"},"inLanguage":"es","potentialAction":[{"@type":"ReadAction","target":["https:\/\/arealorcaradio.es\/index.php\/2024\/07\/02\/el-grupo-coros-y-danzas-virgen-de-las-huertas-de-lorca-representa-a-espana-en-turquia\/"]}]},{"@type":"ImageObject","inLanguage":"es","@id":"https:\/\/arealorcaradio.es\/index.php\/2024\/07\/02\/el-grupo-coros-y-danzas-virgen-de-las-huertas-de-lorca-representa-a-espana-en-turquia\/#primaryimage","url":"https:\/\/arealorcaradio.es\/wp-content\/uploads\/2024\/07\/20240702_180235-scaled.jpg","contentUrl":"https:\/\/arealorcaradio.es\/wp-content\/uploads\/2024\/07\/20240702_180235-scaled.jpg","width":2560,"height":1920},{"@type":"BreadcrumbList","@id":"https:\/\/arealorcaradio.es\/index.php\/2024\/07\/02\/el-grupo-coros-y-danzas-virgen-de-las-huertas-de-lorca-representa-a-espana-en-turquia\/#breadcrumb","itemListElement":[{"@type":"ListItem","position":1,"name":"Portada","item":"https:\/\/arealorcaradio.es\/"},{"@type":"ListItem","position":2,"name":"El Grupo Coros y Danzas Virgen de las Huertas de Lorca representa a Espa\u00f1a en Turqu\u00eda."}]},{"@type":"WebSite","@id":"https:\/\/arealorcaradio.es\/#website","url":"https:\/\/arealorcaradio.es\/","name":"AREA LORCA RADIO","description":"Descubre la programaci\u00f3n actual en \u00c1rea Lorca Radio, tu fuente de entrenamiento y noticias locales. Sintoniza ahora y mantente conectado online.","potentialAction":[{"@type":"SearchAction","target":{"@type":"EntryPoint","urlTemplate":"https:\/\/arealorcaradio.es\/?s={search_term_string}"},"query-input":{"@type":"PropertyValueSpecification","valueRequired":true,"valueName":"search_term_string"}}],"inLanguage":"es"},{"@type":"Person","@id":"https:\/\/arealorcaradio.es\/#\/schema\/person\/9fae605fc25b0f2c83c1ab207139bd27","name":"Paco S\u00e1nchez","image":{"@type":"ImageObject","inLanguage":"es","@id":"https:\/\/secure.gravatar.com\/avatar\/d67144e966420fb74aa84c9f2a0103be4724fd14db52b52d3b6bca749f257e79?s=96&d=mm&r=g","url":"https:\/\/secure.gravatar.com\/avatar\/d67144e966420fb74aa84c9f2a0103be4724fd14db52b52d3b6bca749f257e79?s=96&d=mm&r=g","contentUrl":"https:\/\/secure.gravatar.com\/avatar\/d67144e966420fb74aa84c9f2a0103be4724fd14db52b52d3b6bca749f257e79?s=96&d=mm&r=g","caption":"Paco S\u00e1nchez"},"sameAs":["https:\/\/arealorcaradio.es"],"url":"https:\/\/arealorcaradio.es\/index.php\/author\/admin_alorcaradio\/"}]}},"_links":{"self":[{"href":"https:\/\/arealorcaradio.es\/index.php\/wp-json\/wp\/v2\/posts\/3662","targetHints":{"allow":["GET"]}}],"collection":[{"href":"https:\/\/arealorcaradio.es\/index.php\/wp-json\/wp\/v2\/posts"}],"about":[{"href":"https:\/\/arealorcaradio.es\/index.php\/wp-json\/wp\/v2\/types\/post"}],"author":[{"embeddable":true,"href":"https:\/\/arealorcaradio.es\/index.php\/wp-json\/wp\/v2\/users\/1"}],"replies":[{"embeddable":true,"href":"https:\/\/arealorcaradio.es\/index.php\/wp-json\/wp\/v2\/comments?post=3662"}],"version-history":[{"count":2,"href":"https:\/\/arealorcaradio.es\/index.php\/wp-json\/wp\/v2\/posts\/3662\/revisions"}],"predecessor-version":[{"id":3666,"href":"https:\/\/arealorcaradio.es\/index.php\/wp-json\/wp\/v2\/posts\/3662\/revisions\/3666"}],"wp:featuredmedia":[{"embeddable":true,"href":"https:\/\/arealorcaradio.es\/index.php\/wp-json\/wp\/v2\/media\/3665"}],"wp:attachment":[{"href":"https:\/\/arealorcaradio.es\/index.php\/wp-json\/wp\/v2\/media?parent=3662"}],"wp:term":[{"taxonomy":"category","embeddable":true,"href":"https:\/\/arealorcaradio.es\/index.php\/wp-json\/wp\/v2\/categories?post=3662"},{"taxonomy":"post_tag","embeddable":true,"href":"https:\/\/arealorcaradio.es\/index.php\/wp-json\/wp\/v2\/tags?post=3662"}],"curies":[{"name":"wp","href":"https:\/\/api.w.org\/{rel}","templated":true}]}}