{"id":3636,"date":"2024-06-27T18:00:58","date_gmt":"2024-06-27T18:00:58","guid":{"rendered":"https:\/\/arealorcaradio.es\/?p=3636"},"modified":"2024-06-27T18:00:58","modified_gmt":"2024-06-27T18:00:58","slug":"la-guia-repsol-concede-sus-soletes-a-siete-nuevos-establecimientos-hosteleros-de-la-region-de-murcia","status":"publish","type":"post","link":"https:\/\/arealorcaradio.es\/index.php\/2024\/06\/27\/la-guia-repsol-concede-sus-soletes-a-siete-nuevos-establecimientos-hosteleros-de-la-region-de-murcia\/","title":{"rendered":"La Gu\u00eda Repsol concede sus Soletes a siete nuevos establecimientos hosteleros de la Regi\u00f3n de Murcia"},"content":{"rendered":"<p>\u00c1REA LORCA RADIO.<\/p>\n<div>\n<p>Escucha aqu\u00ed la entrevista que ha concedido a Paco S\u00e1nchez en el magazine \u00c1rea Lorca Actualidad, Mercedes Campos, gerente de Casa Mercedes de Puntas de Calnegre, galardonado con un Solete de la Gu\u00eda Repsol, que distingue a locales de comida que se diferencian por su esencia autentica.<\/p>\n<audio class=\"wp-audio-shortcode\" id=\"audio-3636-1\" preload=\"none\" style=\"width: 100%;\" controls=\"controls\"><source type=\"audio\/mpeg\" src=\"https:\/\/arealorcaradio.es\/wp-content\/uploads\/2024\/06\/270624-MERCEDES-CAMPOS.-CASA-MERCEDES-OK.mp3?_=1\" \/><a href=\"https:\/\/arealorcaradio.es\/wp-content\/uploads\/2024\/06\/270624-MERCEDES-CAMPOS.-CASA-MERCEDES-OK.mp3\">https:\/\/arealorcaradio.es\/wp-content\/uploads\/2024\/06\/270624-MERCEDES-CAMPOS.-CASA-MERCEDES-OK.mp3<\/a><\/audio>\n<p class=\"v1MsoNormal\">La Gu\u00eda Repsol concede sus Soletes a siete nuevos establecimientos hosteleros de la Regi\u00f3n de Murcia Se trata de La Trastienda de Pablo Gonz\u00e1lez, en Murcia; La Malaka, Mi Mare y Gelateria del Bianco, en Cartagena; Casa Mercedes y Mirr\u00edn, en Lorca; y San Agust\u00edn, en Jumilla.<\/p>\n<p>Anteriormente tambi\u00e9n hab\u00edan sido concedidos a otros dos establecimientos hosteleros de Puntas de Calnegre, El Faro de Puntas y El L\u00edos.<\/p>\n<\/div>\n<div><\/div>\n<div class=\"v1elementToProof\"><\/div>\n","protected":false},"excerpt":{"rendered":"<p>\u00c1REA LORCA RADIO. Escucha aqu\u00ed la entrevista que ha concedido a Paco S\u00e1nchez en el magazine \u00c1rea Lorca Actualidad, Mercedes Campos, gerente de Casa Mercedes de Puntas de Calnegre, galardonado con un Solete de la Gu\u00eda Repsol, que distingue a locales de comida que se diferencian por su esencia autentica. La Gu\u00eda Repsol concede sus [&hellip;]<\/p>\n","protected":false},"author":1,"featured_media":3640,"comment_status":"open","ping_status":"open","sticky":false,"template":"","format":"standard","meta":{"iawp_total_views":26,"footnotes":""},"categories":[5,7],"tags":[],"class_list":["post-3636","post","type-post","status-publish","format-standard","has-post-thumbnail","hentry","category-actualidad","category-lorca"],"yoast_head":"<!-- This site is optimized with the Yoast SEO plugin v27.5 - https:\/\/yoast.com\/product\/yoast-seo-wordpress\/ -->\n<title>La Gu\u00eda Repsol concede sus Soletes a siete nuevos establecimientos hosteleros de la Regi\u00f3n de Murcia - AREA LORCA RADIO<\/title>\n<meta name=\"robots\" content=\"index, follow, max-snippet:-1, max-image-preview:large, max-video-preview:-1\" \/>\n<link rel=\"canonical\" href=\"https:\/\/arealorcaradio.es\/index.php\/2024\/06\/27\/la-guia-repsol-concede-sus-soletes-a-siete-nuevos-establecimientos-hosteleros-de-la-region-de-murcia\/\" \/>\n<meta property=\"og:locale\" content=\"es_ES\" \/>\n<meta property=\"og:type\" content=\"article\" \/>\n<meta property=\"og:title\" content=\"La Gu\u00eda Repsol concede sus Soletes a siete nuevos establecimientos hosteleros de la Regi\u00f3n de Murcia - AREA LORCA RADIO\" \/>\n<meta property=\"og:description\" content=\"\u00c1REA LORCA RADIO. Escucha aqu\u00ed la entrevista que ha concedido a Paco S\u00e1nchez en el magazine \u00c1rea Lorca Actualidad, Mercedes Campos, gerente de Casa Mercedes de Puntas de Calnegre, galardonado con un Solete de la Gu\u00eda Repsol, que distingue a locales de comida que se diferencian por su esencia autentica. La Gu\u00eda Repsol concede sus [&hellip;]\" \/>\n<meta property=\"og:url\" content=\"https:\/\/arealorcaradio.es\/index.php\/2024\/06\/27\/la-guia-repsol-concede-sus-soletes-a-siete-nuevos-establecimientos-hosteleros-de-la-region-de-murcia\/\" \/>\n<meta property=\"og:site_name\" content=\"AREA LORCA RADIO\" \/>\n<meta property=\"article:published_time\" content=\"2024-06-27T18:00:58+00:00\" \/>\n<meta property=\"og:image\" content=\"https:\/\/arealorcaradio.es\/wp-content\/uploads\/2024\/06\/IMAGEN-SOLETE-REPSOL.jpeg\" \/>\n\t<meta property=\"og:image:width\" content=\"2560\" \/>\n\t<meta property=\"og:image:height\" content=\"1440\" \/>\n\t<meta property=\"og:image:type\" content=\"image\/jpeg\" \/>\n<meta name=\"author\" content=\"Paco S\u00e1nchez\" \/>\n<meta name=\"twitter:card\" content=\"summary_large_image\" \/>\n<meta name=\"twitter:label1\" content=\"Escrito por\" \/>\n\t<meta name=\"twitter:data1\" content=\"Paco S\u00e1nchez\" \/>\n\t<meta name=\"twitter:label2\" content=\"Tiempo de lectura\" \/>\n\t<meta name=\"twitter:data2\" content=\"1 minuto\" \/>\n<script type=\"application\/ld+json\" class=\"yoast-schema-graph\">{\"@context\":\"https:\\\/\\\/schema.org\",\"@graph\":[{\"@type\":\"Article\",\"@id\":\"https:\\\/\\\/arealorcaradio.es\\\/index.php\\\/2024\\\/06\\\/27\\\/la-guia-repsol-concede-sus-soletes-a-siete-nuevos-establecimientos-hosteleros-de-la-region-de-murcia\\\/#article\",\"isPartOf\":{\"@id\":\"https:\\\/\\\/arealorcaradio.es\\\/index.php\\\/2024\\\/06\\\/27\\\/la-guia-repsol-concede-sus-soletes-a-siete-nuevos-establecimientos-hosteleros-de-la-region-de-murcia\\\/\"},\"author\":{\"name\":\"Paco S\u00e1nchez\",\"@id\":\"https:\\\/\\\/arealorcaradio.es\\\/#\\\/schema\\\/person\\\/9fae605fc25b0f2c83c1ab207139bd27\"},\"headline\":\"La Gu\u00eda Repsol concede sus Soletes a siete nuevos establecimientos hosteleros de la Regi\u00f3n de Murcia\",\"datePublished\":\"2024-06-27T18:00:58+00:00\",\"mainEntityOfPage\":{\"@id\":\"https:\\\/\\\/arealorcaradio.es\\\/index.php\\\/2024\\\/06\\\/27\\\/la-guia-repsol-concede-sus-soletes-a-siete-nuevos-establecimientos-hosteleros-de-la-region-de-murcia\\\/\"},\"wordCount\":157,\"commentCount\":0,\"image\":{\"@id\":\"https:\\\/\\\/arealorcaradio.es\\\/index.php\\\/2024\\\/06\\\/27\\\/la-guia-repsol-concede-sus-soletes-a-siete-nuevos-establecimientos-hosteleros-de-la-region-de-murcia\\\/#primaryimage\"},\"thumbnailUrl\":\"https:\\\/\\\/arealorcaradio.es\\\/wp-content\\\/uploads\\\/2024\\\/06\\\/IMAGEN-SOLETE-REPSOL.jpeg\",\"articleSection\":[\"ACTUALIDAD\",\"LORCA\"],\"inLanguage\":\"es\",\"potentialAction\":[{\"@type\":\"CommentAction\",\"name\":\"Comment\",\"target\":[\"https:\\\/\\\/arealorcaradio.es\\\/index.php\\\/2024\\\/06\\\/27\\\/la-guia-repsol-concede-sus-soletes-a-siete-nuevos-establecimientos-hosteleros-de-la-region-de-murcia\\\/#respond\"]}]},{\"@type\":\"WebPage\",\"@id\":\"https:\\\/\\\/arealorcaradio.es\\\/index.php\\\/2024\\\/06\\\/27\\\/la-guia-repsol-concede-sus-soletes-a-siete-nuevos-establecimientos-hosteleros-de-la-region-de-murcia\\\/\",\"url\":\"https:\\\/\\\/arealorcaradio.es\\\/index.php\\\/2024\\\/06\\\/27\\\/la-guia-repsol-concede-sus-soletes-a-siete-nuevos-establecimientos-hosteleros-de-la-region-de-murcia\\\/\",\"name\":\"La Gu\u00eda Repsol concede sus Soletes a siete nuevos establecimientos hosteleros de la Regi\u00f3n de Murcia - AREA LORCA RADIO\",\"isPartOf\":{\"@id\":\"https:\\\/\\\/arealorcaradio.es\\\/#website\"},\"primaryImageOfPage\":{\"@id\":\"https:\\\/\\\/arealorcaradio.es\\\/index.php\\\/2024\\\/06\\\/27\\\/la-guia-repsol-concede-sus-soletes-a-siete-nuevos-establecimientos-hosteleros-de-la-region-de-murcia\\\/#primaryimage\"},\"image\":{\"@id\":\"https:\\\/\\\/arealorcaradio.es\\\/index.php\\\/2024\\\/06\\\/27\\\/la-guia-repsol-concede-sus-soletes-a-siete-nuevos-establecimientos-hosteleros-de-la-region-de-murcia\\\/#primaryimage\"},\"thumbnailUrl\":\"https:\\\/\\\/arealorcaradio.es\\\/wp-content\\\/uploads\\\/2024\\\/06\\\/IMAGEN-SOLETE-REPSOL.jpeg\",\"datePublished\":\"2024-06-27T18:00:58+00:00\",\"author\":{\"@id\":\"https:\\\/\\\/arealorcaradio.es\\\/#\\\/schema\\\/person\\\/9fae605fc25b0f2c83c1ab207139bd27\"},\"breadcrumb\":{\"@id\":\"https:\\\/\\\/arealorcaradio.es\\\/index.php\\\/2024\\\/06\\\/27\\\/la-guia-repsol-concede-sus-soletes-a-siete-nuevos-establecimientos-hosteleros-de-la-region-de-murcia\\\/#breadcrumb\"},\"inLanguage\":\"es\",\"potentialAction\":[{\"@type\":\"ReadAction\",\"target\":[\"https:\\\/\\\/arealorcaradio.es\\\/index.php\\\/2024\\\/06\\\/27\\\/la-guia-repsol-concede-sus-soletes-a-siete-nuevos-establecimientos-hosteleros-de-la-region-de-murcia\\\/\"]}]},{\"@type\":\"ImageObject\",\"inLanguage\":\"es\",\"@id\":\"https:\\\/\\\/arealorcaradio.es\\\/index.php\\\/2024\\\/06\\\/27\\\/la-guia-repsol-concede-sus-soletes-a-siete-nuevos-establecimientos-hosteleros-de-la-region-de-murcia\\\/#primaryimage\",\"url\":\"https:\\\/\\\/arealorcaradio.es\\\/wp-content\\\/uploads\\\/2024\\\/06\\\/IMAGEN-SOLETE-REPSOL.jpeg\",\"contentUrl\":\"https:\\\/\\\/arealorcaradio.es\\\/wp-content\\\/uploads\\\/2024\\\/06\\\/IMAGEN-SOLETE-REPSOL.jpeg\",\"width\":2560,\"height\":1440},{\"@type\":\"BreadcrumbList\",\"@id\":\"https:\\\/\\\/arealorcaradio.es\\\/index.php\\\/2024\\\/06\\\/27\\\/la-guia-repsol-concede-sus-soletes-a-siete-nuevos-establecimientos-hosteleros-de-la-region-de-murcia\\\/#breadcrumb\",\"itemListElement\":[{\"@type\":\"ListItem\",\"position\":1,\"name\":\"Portada\",\"item\":\"https:\\\/\\\/arealorcaradio.es\\\/\"},{\"@type\":\"ListItem\",\"position\":2,\"name\":\"La Gu\u00eda Repsol concede sus Soletes a siete nuevos establecimientos hosteleros de la Regi\u00f3n de Murcia\"}]},{\"@type\":\"WebSite\",\"@id\":\"https:\\\/\\\/arealorcaradio.es\\\/#website\",\"url\":\"https:\\\/\\\/arealorcaradio.es\\\/\",\"name\":\"AREA LORCA RADIO\",\"description\":\"Descubre la programaci\u00f3n actual en \u00c1rea Lorca Radio, tu fuente de entrenamiento y noticias locales. Sintoniza ahora y mantente conectado online.\",\"potentialAction\":[{\"@type\":\"SearchAction\",\"target\":{\"@type\":\"EntryPoint\",\"urlTemplate\":\"https:\\\/\\\/arealorcaradio.es\\\/?s={search_term_string}\"},\"query-input\":{\"@type\":\"PropertyValueSpecification\",\"valueRequired\":true,\"valueName\":\"search_term_string\"}}],\"inLanguage\":\"es\"},{\"@type\":\"Person\",\"@id\":\"https:\\\/\\\/arealorcaradio.es\\\/#\\\/schema\\\/person\\\/9fae605fc25b0f2c83c1ab207139bd27\",\"name\":\"Paco S\u00e1nchez\",\"image\":{\"@type\":\"ImageObject\",\"inLanguage\":\"es\",\"@id\":\"https:\\\/\\\/secure.gravatar.com\\\/avatar\\\/d67144e966420fb74aa84c9f2a0103be4724fd14db52b52d3b6bca749f257e79?s=96&d=mm&r=g\",\"url\":\"https:\\\/\\\/secure.gravatar.com\\\/avatar\\\/d67144e966420fb74aa84c9f2a0103be4724fd14db52b52d3b6bca749f257e79?s=96&d=mm&r=g\",\"contentUrl\":\"https:\\\/\\\/secure.gravatar.com\\\/avatar\\\/d67144e966420fb74aa84c9f2a0103be4724fd14db52b52d3b6bca749f257e79?s=96&d=mm&r=g\",\"caption\":\"Paco S\u00e1nchez\"},\"sameAs\":[\"https:\\\/\\\/arealorcaradio.es\"],\"url\":\"https:\\\/\\\/arealorcaradio.es\\\/index.php\\\/author\\\/admin_alorcaradio\\\/\"}]}<\/script>\n<!-- \/ Yoast SEO plugin. -->","yoast_head_json":{"title":"La Gu\u00eda Repsol concede sus Soletes a siete nuevos establecimientos hosteleros de la Regi\u00f3n de Murcia - AREA LORCA RADIO","robots":{"index":"index","follow":"follow","max-snippet":"max-snippet:-1","max-image-preview":"max-image-preview:large","max-video-preview":"max-video-preview:-1"},"canonical":"https:\/\/arealorcaradio.es\/index.php\/2024\/06\/27\/la-guia-repsol-concede-sus-soletes-a-siete-nuevos-establecimientos-hosteleros-de-la-region-de-murcia\/","og_locale":"es_ES","og_type":"article","og_title":"La Gu\u00eda Repsol concede sus Soletes a siete nuevos establecimientos hosteleros de la Regi\u00f3n de Murcia - AREA LORCA RADIO","og_description":"\u00c1REA LORCA RADIO. Escucha aqu\u00ed la entrevista que ha concedido a Paco S\u00e1nchez en el magazine \u00c1rea Lorca Actualidad, Mercedes Campos, gerente de Casa Mercedes de Puntas de Calnegre, galardonado con un Solete de la Gu\u00eda Repsol, que distingue a locales de comida que se diferencian por su esencia autentica. La Gu\u00eda Repsol concede sus [&hellip;]","og_url":"https:\/\/arealorcaradio.es\/index.php\/2024\/06\/27\/la-guia-repsol-concede-sus-soletes-a-siete-nuevos-establecimientos-hosteleros-de-la-region-de-murcia\/","og_site_name":"AREA LORCA RADIO","article_published_time":"2024-06-27T18:00:58+00:00","og_image":[{"width":2560,"height":1440,"url":"https:\/\/arealorcaradio.es\/wp-content\/uploads\/2024\/06\/IMAGEN-SOLETE-REPSOL.jpeg","type":"image\/jpeg"}],"author":"Paco S\u00e1nchez","twitter_card":"summary_large_image","twitter_misc":{"Escrito por":"Paco S\u00e1nchez","Tiempo de lectura":"1 minuto"},"schema":{"@context":"https:\/\/schema.org","@graph":[{"@type":"Article","@id":"https:\/\/arealorcaradio.es\/index.php\/2024\/06\/27\/la-guia-repsol-concede-sus-soletes-a-siete-nuevos-establecimientos-hosteleros-de-la-region-de-murcia\/#article","isPartOf":{"@id":"https:\/\/arealorcaradio.es\/index.php\/2024\/06\/27\/la-guia-repsol-concede-sus-soletes-a-siete-nuevos-establecimientos-hosteleros-de-la-region-de-murcia\/"},"author":{"name":"Paco S\u00e1nchez","@id":"https:\/\/arealorcaradio.es\/#\/schema\/person\/9fae605fc25b0f2c83c1ab207139bd27"},"headline":"La Gu\u00eda Repsol concede sus Soletes a siete nuevos establecimientos hosteleros de la Regi\u00f3n de Murcia","datePublished":"2024-06-27T18:00:58+00:00","mainEntityOfPage":{"@id":"https:\/\/arealorcaradio.es\/index.php\/2024\/06\/27\/la-guia-repsol-concede-sus-soletes-a-siete-nuevos-establecimientos-hosteleros-de-la-region-de-murcia\/"},"wordCount":157,"commentCount":0,"image":{"@id":"https:\/\/arealorcaradio.es\/index.php\/2024\/06\/27\/la-guia-repsol-concede-sus-soletes-a-siete-nuevos-establecimientos-hosteleros-de-la-region-de-murcia\/#primaryimage"},"thumbnailUrl":"https:\/\/arealorcaradio.es\/wp-content\/uploads\/2024\/06\/IMAGEN-SOLETE-REPSOL.jpeg","articleSection":["ACTUALIDAD","LORCA"],"inLanguage":"es","potentialAction":[{"@type":"CommentAction","name":"Comment","target":["https:\/\/arealorcaradio.es\/index.php\/2024\/06\/27\/la-guia-repsol-concede-sus-soletes-a-siete-nuevos-establecimientos-hosteleros-de-la-region-de-murcia\/#respond"]}]},{"@type":"WebPage","@id":"https:\/\/arealorcaradio.es\/index.php\/2024\/06\/27\/la-guia-repsol-concede-sus-soletes-a-siete-nuevos-establecimientos-hosteleros-de-la-region-de-murcia\/","url":"https:\/\/arealorcaradio.es\/index.php\/2024\/06\/27\/la-guia-repsol-concede-sus-soletes-a-siete-nuevos-establecimientos-hosteleros-de-la-region-de-murcia\/","name":"La Gu\u00eda Repsol concede sus Soletes a siete nuevos establecimientos hosteleros de la Regi\u00f3n de Murcia - AREA LORCA RADIO","isPartOf":{"@id":"https:\/\/arealorcaradio.es\/#website"},"primaryImageOfPage":{"@id":"https:\/\/arealorcaradio.es\/index.php\/2024\/06\/27\/la-guia-repsol-concede-sus-soletes-a-siete-nuevos-establecimientos-hosteleros-de-la-region-de-murcia\/#primaryimage"},"image":{"@id":"https:\/\/arealorcaradio.es\/index.php\/2024\/06\/27\/la-guia-repsol-concede-sus-soletes-a-siete-nuevos-establecimientos-hosteleros-de-la-region-de-murcia\/#primaryimage"},"thumbnailUrl":"https:\/\/arealorcaradio.es\/wp-content\/uploads\/2024\/06\/IMAGEN-SOLETE-REPSOL.jpeg","datePublished":"2024-06-27T18:00:58+00:00","author":{"@id":"https:\/\/arealorcaradio.es\/#\/schema\/person\/9fae605fc25b0f2c83c1ab207139bd27"},"breadcrumb":{"@id":"https:\/\/arealorcaradio.es\/index.php\/2024\/06\/27\/la-guia-repsol-concede-sus-soletes-a-siete-nuevos-establecimientos-hosteleros-de-la-region-de-murcia\/#breadcrumb"},"inLanguage":"es","potentialAction":[{"@type":"ReadAction","target":["https:\/\/arealorcaradio.es\/index.php\/2024\/06\/27\/la-guia-repsol-concede-sus-soletes-a-siete-nuevos-establecimientos-hosteleros-de-la-region-de-murcia\/"]}]},{"@type":"ImageObject","inLanguage":"es","@id":"https:\/\/arealorcaradio.es\/index.php\/2024\/06\/27\/la-guia-repsol-concede-sus-soletes-a-siete-nuevos-establecimientos-hosteleros-de-la-region-de-murcia\/#primaryimage","url":"https:\/\/arealorcaradio.es\/wp-content\/uploads\/2024\/06\/IMAGEN-SOLETE-REPSOL.jpeg","contentUrl":"https:\/\/arealorcaradio.es\/wp-content\/uploads\/2024\/06\/IMAGEN-SOLETE-REPSOL.jpeg","width":2560,"height":1440},{"@type":"BreadcrumbList","@id":"https:\/\/arealorcaradio.es\/index.php\/2024\/06\/27\/la-guia-repsol-concede-sus-soletes-a-siete-nuevos-establecimientos-hosteleros-de-la-region-de-murcia\/#breadcrumb","itemListElement":[{"@type":"ListItem","position":1,"name":"Portada","item":"https:\/\/arealorcaradio.es\/"},{"@type":"ListItem","position":2,"name":"La Gu\u00eda Repsol concede sus Soletes a siete nuevos establecimientos hosteleros de la Regi\u00f3n de Murcia"}]},{"@type":"WebSite","@id":"https:\/\/arealorcaradio.es\/#website","url":"https:\/\/arealorcaradio.es\/","name":"AREA LORCA RADIO","description":"Descubre la programaci\u00f3n actual en \u00c1rea Lorca Radio, tu fuente de entrenamiento y noticias locales. Sintoniza ahora y mantente conectado online.","potentialAction":[{"@type":"SearchAction","target":{"@type":"EntryPoint","urlTemplate":"https:\/\/arealorcaradio.es\/?s={search_term_string}"},"query-input":{"@type":"PropertyValueSpecification","valueRequired":true,"valueName":"search_term_string"}}],"inLanguage":"es"},{"@type":"Person","@id":"https:\/\/arealorcaradio.es\/#\/schema\/person\/9fae605fc25b0f2c83c1ab207139bd27","name":"Paco S\u00e1nchez","image":{"@type":"ImageObject","inLanguage":"es","@id":"https:\/\/secure.gravatar.com\/avatar\/d67144e966420fb74aa84c9f2a0103be4724fd14db52b52d3b6bca749f257e79?s=96&d=mm&r=g","url":"https:\/\/secure.gravatar.com\/avatar\/d67144e966420fb74aa84c9f2a0103be4724fd14db52b52d3b6bca749f257e79?s=96&d=mm&r=g","contentUrl":"https:\/\/secure.gravatar.com\/avatar\/d67144e966420fb74aa84c9f2a0103be4724fd14db52b52d3b6bca749f257e79?s=96&d=mm&r=g","caption":"Paco S\u00e1nchez"},"sameAs":["https:\/\/arealorcaradio.es"],"url":"https:\/\/arealorcaradio.es\/index.php\/author\/admin_alorcaradio\/"}]}},"_links":{"self":[{"href":"https:\/\/arealorcaradio.es\/index.php\/wp-json\/wp\/v2\/posts\/3636","targetHints":{"allow":["GET"]}}],"collection":[{"href":"https:\/\/arealorcaradio.es\/index.php\/wp-json\/wp\/v2\/posts"}],"about":[{"href":"https:\/\/arealorcaradio.es\/index.php\/wp-json\/wp\/v2\/types\/post"}],"author":[{"embeddable":true,"href":"https:\/\/arealorcaradio.es\/index.php\/wp-json\/wp\/v2\/users\/1"}],"replies":[{"embeddable":true,"href":"https:\/\/arealorcaradio.es\/index.php\/wp-json\/wp\/v2\/comments?post=3636"}],"version-history":[{"count":2,"href":"https:\/\/arealorcaradio.es\/index.php\/wp-json\/wp\/v2\/posts\/3636\/revisions"}],"predecessor-version":[{"id":3639,"href":"https:\/\/arealorcaradio.es\/index.php\/wp-json\/wp\/v2\/posts\/3636\/revisions\/3639"}],"wp:featuredmedia":[{"embeddable":true,"href":"https:\/\/arealorcaradio.es\/index.php\/wp-json\/wp\/v2\/media\/3640"}],"wp:attachment":[{"href":"https:\/\/arealorcaradio.es\/index.php\/wp-json\/wp\/v2\/media?parent=3636"}],"wp:term":[{"taxonomy":"category","embeddable":true,"href":"https:\/\/arealorcaradio.es\/index.php\/wp-json\/wp\/v2\/categories?post=3636"},{"taxonomy":"post_tag","embeddable":true,"href":"https:\/\/arealorcaradio.es\/index.php\/wp-json\/wp\/v2\/tags?post=3636"}],"curies":[{"name":"wp","href":"https:\/\/api.w.org\/{rel}","templated":true}]}}