{"id":3617,"date":"2024-06-26T17:01:43","date_gmt":"2024-06-26T17:01:43","guid":{"rendered":"https:\/\/arealorcaradio.es\/?p=3617"},"modified":"2024-06-26T17:01:43","modified_gmt":"2024-06-26T17:01:43","slug":"mario-molina-nos-acerca-al-atleta-madrileno-miguel-del-pozo-que-ademas-es-delfin-mascota-del-club-estudiantes-de-baloncesto-y-la-vaquilla-del-gran-prix-de-tve","status":"publish","type":"post","link":"https:\/\/arealorcaradio.es\/index.php\/2024\/06\/26\/mario-molina-nos-acerca-al-atleta-madrileno-miguel-del-pozo-que-ademas-es-delfin-mascota-del-club-estudiantes-de-baloncesto-y-la-vaquilla-del-gran-prix-de-tve\/","title":{"rendered":"Mario Molina nos acerca al atleta madrile\u00f1o Miguel del Pozo, que adem\u00e1s es \u00abDelf\u00edn\u00bb mascota del Club Estudiantes de Baloncesto y la \u00abVaquilla\u00bb del Gran Prix de TVE."},"content":{"rendered":"<p>\u00c1REA LORCA RADIO.<\/p>\n<p>Escucha aqu\u00ed la entrevista que ha concedido Miguel del Pozo \u00c1lvarez a Paco S\u00e1nchez y Mario Molina en la secci\u00f3n dedicada al atletismo dentro del programa \u00c1rea Lorca Deportes. Este madrile\u00f1o es un grand\u00edsimo atleta m\u00e1ster, que trabaja de mozo de almac\u00e9n y adem\u00e1s dedica su tiempo a animar su equipo, el Club Estudiantes de Baloncesto, y a sus aficionados bajo el disfraz de la mascota del club que es \u00abDelf\u00edn\u00bb. Precisamente realizando este trabajo fue captado por unos directivos de RTVE, a su vez seguidores de este club, para que pasar\u00e1 una entrevista para optar a ser la \u00abVaquilla\u00bb del hist\u00f3rico programa El Gran Prix. En esta entrevista hemos conocido la faceta m\u00e1s personal y tambi\u00e9n familiar de este gran atleta madrile\u00f1o que dedica su tiempo al trabajo, al atletismo y a hacer que la gente se lo pase bien.<\/p>\n<audio class=\"wp-audio-shortcode\" id=\"audio-3617-1\" preload=\"none\" style=\"width: 100%;\" controls=\"controls\"><source type=\"audio\/mpeg\" src=\"https:\/\/arealorcaradio.es\/wp-content\/uploads\/2024\/06\/260624-MARIO-MOLINA-Y-MIGUEL-DEL-POZO.-MASKOTAS.mp3?_=1\" \/><a href=\"https:\/\/arealorcaradio.es\/wp-content\/uploads\/2024\/06\/260624-MARIO-MOLINA-Y-MIGUEL-DEL-POZO.-MASKOTAS.mp3\">https:\/\/arealorcaradio.es\/wp-content\/uploads\/2024\/06\/260624-MARIO-MOLINA-Y-MIGUEL-DEL-POZO.-MASKOTAS.mp3<\/a><\/audio>\n<p>Fotos: Mario Molina, Miguel del Pozo bajo el disfraz de \u00abDelf\u00edn\u00bb y la Vaquilla del Gran Prix junto a Ram\u00f3n Garc\u00eda.<\/p>\n<p><img loading=\"lazy\" decoding=\"async\" class=\"alignnone wp-image-3625\" src=\"https:\/\/arealorcaradio.es\/wp-content\/uploads\/2024\/06\/20240626_170250-300x225.jpg\" alt=\"\" width=\"252\" height=\"189\" srcset=\"https:\/\/arealorcaradio.es\/wp-content\/uploads\/2024\/06\/20240626_170250-300x225.jpg 300w, https:\/\/arealorcaradio.es\/wp-content\/uploads\/2024\/06\/20240626_170250-1024x768.jpg 1024w, https:\/\/arealorcaradio.es\/wp-content\/uploads\/2024\/06\/20240626_170250-768x576.jpg 768w, https:\/\/arealorcaradio.es\/wp-content\/uploads\/2024\/06\/20240626_170250-1536x1152.jpg 1536w, https:\/\/arealorcaradio.es\/wp-content\/uploads\/2024\/06\/20240626_170250-2048x1536.jpg 2048w, https:\/\/arealorcaradio.es\/wp-content\/uploads\/2024\/06\/20240626_170250-86x64.jpg 86w\" sizes=\"auto, (max-width: 252px) 100vw, 252px\" \/> \u00a0<img loading=\"lazy\" decoding=\"async\" class=\"alignnone wp-image-3619\" src=\"https:\/\/arealorcaradio.es\/wp-content\/uploads\/2024\/06\/Mascota-estudiantes-Miguel-del-Pozo.-OK-300x200.webp\" alt=\"\" width=\"282\" height=\"188\" srcset=\"https:\/\/arealorcaradio.es\/wp-content\/uploads\/2024\/06\/Mascota-estudiantes-Miguel-del-Pozo.-OK-300x200.webp 300w, https:\/\/arealorcaradio.es\/wp-content\/uploads\/2024\/06\/Mascota-estudiantes-Miguel-del-Pozo.-OK-768x512.webp 768w, https:\/\/arealorcaradio.es\/wp-content\/uploads\/2024\/06\/Mascota-estudiantes-Miguel-del-Pozo.-OK.webp 1024w\" sizes=\"auto, (max-width: 282px) 100vw, 282px\" \/> \u00a0<img loading=\"lazy\" decoding=\"async\" class=\"alignnone wp-image-3620\" src=\"https:\/\/arealorcaradio.es\/wp-content\/uploads\/2024\/06\/Vaquilla-Gran-Prix-con-Ramon-Garcia-300x225.jpg\" alt=\"\" width=\"249\" height=\"187\" srcset=\"https:\/\/arealorcaradio.es\/wp-content\/uploads\/2024\/06\/Vaquilla-Gran-Prix-con-Ramon-Garcia-300x225.jpg 300w, https:\/\/arealorcaradio.es\/wp-content\/uploads\/2024\/06\/Vaquilla-Gran-Prix-con-Ramon-Garcia-1024x768.jpg 1024w, https:\/\/arealorcaradio.es\/wp-content\/uploads\/2024\/06\/Vaquilla-Gran-Prix-con-Ramon-Garcia-768x576.jpg 768w, https:\/\/arealorcaradio.es\/wp-content\/uploads\/2024\/06\/Vaquilla-Gran-Prix-con-Ramon-Garcia-86x64.jpg 86w, https:\/\/arealorcaradio.es\/wp-content\/uploads\/2024\/06\/Vaquilla-Gran-Prix-con-Ramon-Garcia.jpg 1200w\" sizes=\"auto, (max-width: 249px) 100vw, 249px\" \/><\/p>\n","protected":false},"excerpt":{"rendered":"<p>\u00c1REA LORCA RADIO. Escucha aqu\u00ed la entrevista que ha concedido Miguel del Pozo \u00c1lvarez a Paco S\u00e1nchez y Mario Molina en la secci\u00f3n dedicada al atletismo dentro del programa \u00c1rea Lorca Deportes. Este madrile\u00f1o es un grand\u00edsimo atleta m\u00e1ster, que trabaja de mozo de almac\u00e9n y adem\u00e1s dedica su tiempo a animar su equipo, el [&hellip;]<\/p>\n","protected":false},"author":1,"featured_media":3628,"comment_status":"open","ping_status":"open","sticky":false,"template":"","format":"standard","meta":{"iawp_total_views":212,"footnotes":""},"categories":[4,7],"tags":[],"class_list":["post-3617","post","type-post","status-publish","format-standard","has-post-thumbnail","hentry","category-deportes","category-lorca"],"yoast_head":"<!-- This site is optimized with the Yoast SEO plugin v27.5 - https:\/\/yoast.com\/product\/yoast-seo-wordpress\/ -->\n<title>Mario Molina nos acerca al atleta madrile\u00f1o Miguel del Pozo, que adem\u00e1s es &quot;Delf\u00edn&quot; mascota del Club Estudiantes de Baloncesto y la &quot;Vaquilla&quot; del Gran Prix de TVE. - AREA LORCA RADIO<\/title>\n<meta name=\"robots\" content=\"index, follow, max-snippet:-1, max-image-preview:large, max-video-preview:-1\" \/>\n<link rel=\"canonical\" href=\"https:\/\/arealorcaradio.es\/index.php\/2024\/06\/26\/mario-molina-nos-acerca-al-atleta-madrileno-miguel-del-pozo-que-ademas-es-delfin-mascota-del-club-estudiantes-de-baloncesto-y-la-vaquilla-del-gran-prix-de-tve\/\" \/>\n<meta property=\"og:locale\" content=\"es_ES\" \/>\n<meta property=\"og:type\" content=\"article\" \/>\n<meta property=\"og:title\" content=\"Mario Molina nos acerca al atleta madrile\u00f1o Miguel del Pozo, que adem\u00e1s es &quot;Delf\u00edn&quot; mascota del Club Estudiantes de Baloncesto y la &quot;Vaquilla&quot; del Gran Prix de TVE. - AREA LORCA RADIO\" \/>\n<meta property=\"og:description\" content=\"\u00c1REA LORCA RADIO. Escucha aqu\u00ed la entrevista que ha concedido Miguel del Pozo \u00c1lvarez a Paco S\u00e1nchez y Mario Molina en la secci\u00f3n dedicada al atletismo dentro del programa \u00c1rea Lorca Deportes. Este madrile\u00f1o es un grand\u00edsimo atleta m\u00e1ster, que trabaja de mozo de almac\u00e9n y adem\u00e1s dedica su tiempo a animar su equipo, el [&hellip;]\" \/>\n<meta property=\"og:url\" content=\"https:\/\/arealorcaradio.es\/index.php\/2024\/06\/26\/mario-molina-nos-acerca-al-atleta-madrileno-miguel-del-pozo-que-ademas-es-delfin-mascota-del-club-estudiantes-de-baloncesto-y-la-vaquilla-del-gran-prix-de-tve\/\" \/>\n<meta property=\"og:site_name\" content=\"AREA LORCA RADIO\" \/>\n<meta property=\"article:published_time\" content=\"2024-06-26T17:01:43+00:00\" \/>\n<meta property=\"og:image\" content=\"https:\/\/arealorcaradio.es\/wp-content\/uploads\/2024\/06\/32a8107-1.jpeg\" \/>\n\t<meta property=\"og:image:width\" content=\"1400\" \/>\n\t<meta property=\"og:image:height\" content=\"933\" \/>\n\t<meta property=\"og:image:type\" content=\"image\/jpeg\" \/>\n<meta name=\"author\" content=\"Paco S\u00e1nchez\" \/>\n<meta name=\"twitter:card\" content=\"summary_large_image\" \/>\n<meta name=\"twitter:label1\" content=\"Escrito por\" \/>\n\t<meta name=\"twitter:data1\" content=\"Paco S\u00e1nchez\" \/>\n\t<meta name=\"twitter:label2\" content=\"Tiempo de lectura\" \/>\n\t<meta name=\"twitter:data2\" content=\"2 minutos\" \/>\n<script type=\"application\/ld+json\" class=\"yoast-schema-graph\">{\"@context\":\"https:\\\/\\\/schema.org\",\"@graph\":[{\"@type\":\"Article\",\"@id\":\"https:\\\/\\\/arealorcaradio.es\\\/index.php\\\/2024\\\/06\\\/26\\\/mario-molina-nos-acerca-al-atleta-madrileno-miguel-del-pozo-que-ademas-es-delfin-mascota-del-club-estudiantes-de-baloncesto-y-la-vaquilla-del-gran-prix-de-tve\\\/#article\",\"isPartOf\":{\"@id\":\"https:\\\/\\\/arealorcaradio.es\\\/index.php\\\/2024\\\/06\\\/26\\\/mario-molina-nos-acerca-al-atleta-madrileno-miguel-del-pozo-que-ademas-es-delfin-mascota-del-club-estudiantes-de-baloncesto-y-la-vaquilla-del-gran-prix-de-tve\\\/\"},\"author\":{\"name\":\"Paco S\u00e1nchez\",\"@id\":\"https:\\\/\\\/arealorcaradio.es\\\/#\\\/schema\\\/person\\\/9fae605fc25b0f2c83c1ab207139bd27\"},\"headline\":\"Mario Molina nos acerca al atleta madrile\u00f1o Miguel del Pozo, que adem\u00e1s es \u00abDelf\u00edn\u00bb mascota del Club Estudiantes de Baloncesto y la \u00abVaquilla\u00bb del Gran Prix de TVE.\",\"datePublished\":\"2024-06-26T17:01:43+00:00\",\"mainEntityOfPage\":{\"@id\":\"https:\\\/\\\/arealorcaradio.es\\\/index.php\\\/2024\\\/06\\\/26\\\/mario-molina-nos-acerca-al-atleta-madrileno-miguel-del-pozo-que-ademas-es-delfin-mascota-del-club-estudiantes-de-baloncesto-y-la-vaquilla-del-gran-prix-de-tve\\\/\"},\"wordCount\":222,\"commentCount\":0,\"image\":{\"@id\":\"https:\\\/\\\/arealorcaradio.es\\\/index.php\\\/2024\\\/06\\\/26\\\/mario-molina-nos-acerca-al-atleta-madrileno-miguel-del-pozo-que-ademas-es-delfin-mascota-del-club-estudiantes-de-baloncesto-y-la-vaquilla-del-gran-prix-de-tve\\\/#primaryimage\"},\"thumbnailUrl\":\"https:\\\/\\\/arealorcaradio.es\\\/wp-content\\\/uploads\\\/2024\\\/06\\\/32a8107-1.jpeg\",\"articleSection\":[\"DEPORTES\",\"LORCA\"],\"inLanguage\":\"es\",\"potentialAction\":[{\"@type\":\"CommentAction\",\"name\":\"Comment\",\"target\":[\"https:\\\/\\\/arealorcaradio.es\\\/index.php\\\/2024\\\/06\\\/26\\\/mario-molina-nos-acerca-al-atleta-madrileno-miguel-del-pozo-que-ademas-es-delfin-mascota-del-club-estudiantes-de-baloncesto-y-la-vaquilla-del-gran-prix-de-tve\\\/#respond\"]}]},{\"@type\":\"WebPage\",\"@id\":\"https:\\\/\\\/arealorcaradio.es\\\/index.php\\\/2024\\\/06\\\/26\\\/mario-molina-nos-acerca-al-atleta-madrileno-miguel-del-pozo-que-ademas-es-delfin-mascota-del-club-estudiantes-de-baloncesto-y-la-vaquilla-del-gran-prix-de-tve\\\/\",\"url\":\"https:\\\/\\\/arealorcaradio.es\\\/index.php\\\/2024\\\/06\\\/26\\\/mario-molina-nos-acerca-al-atleta-madrileno-miguel-del-pozo-que-ademas-es-delfin-mascota-del-club-estudiantes-de-baloncesto-y-la-vaquilla-del-gran-prix-de-tve\\\/\",\"name\":\"Mario Molina nos acerca al atleta madrile\u00f1o Miguel del Pozo, que adem\u00e1s es \\\"Delf\u00edn\\\" mascota del Club Estudiantes de Baloncesto y la \\\"Vaquilla\\\" del Gran Prix de TVE. - AREA LORCA RADIO\",\"isPartOf\":{\"@id\":\"https:\\\/\\\/arealorcaradio.es\\\/#website\"},\"primaryImageOfPage\":{\"@id\":\"https:\\\/\\\/arealorcaradio.es\\\/index.php\\\/2024\\\/06\\\/26\\\/mario-molina-nos-acerca-al-atleta-madrileno-miguel-del-pozo-que-ademas-es-delfin-mascota-del-club-estudiantes-de-baloncesto-y-la-vaquilla-del-gran-prix-de-tve\\\/#primaryimage\"},\"image\":{\"@id\":\"https:\\\/\\\/arealorcaradio.es\\\/index.php\\\/2024\\\/06\\\/26\\\/mario-molina-nos-acerca-al-atleta-madrileno-miguel-del-pozo-que-ademas-es-delfin-mascota-del-club-estudiantes-de-baloncesto-y-la-vaquilla-del-gran-prix-de-tve\\\/#primaryimage\"},\"thumbnailUrl\":\"https:\\\/\\\/arealorcaradio.es\\\/wp-content\\\/uploads\\\/2024\\\/06\\\/32a8107-1.jpeg\",\"datePublished\":\"2024-06-26T17:01:43+00:00\",\"author\":{\"@id\":\"https:\\\/\\\/arealorcaradio.es\\\/#\\\/schema\\\/person\\\/9fae605fc25b0f2c83c1ab207139bd27\"},\"breadcrumb\":{\"@id\":\"https:\\\/\\\/arealorcaradio.es\\\/index.php\\\/2024\\\/06\\\/26\\\/mario-molina-nos-acerca-al-atleta-madrileno-miguel-del-pozo-que-ademas-es-delfin-mascota-del-club-estudiantes-de-baloncesto-y-la-vaquilla-del-gran-prix-de-tve\\\/#breadcrumb\"},\"inLanguage\":\"es\",\"potentialAction\":[{\"@type\":\"ReadAction\",\"target\":[\"https:\\\/\\\/arealorcaradio.es\\\/index.php\\\/2024\\\/06\\\/26\\\/mario-molina-nos-acerca-al-atleta-madrileno-miguel-del-pozo-que-ademas-es-delfin-mascota-del-club-estudiantes-de-baloncesto-y-la-vaquilla-del-gran-prix-de-tve\\\/\"]}]},{\"@type\":\"ImageObject\",\"inLanguage\":\"es\",\"@id\":\"https:\\\/\\\/arealorcaradio.es\\\/index.php\\\/2024\\\/06\\\/26\\\/mario-molina-nos-acerca-al-atleta-madrileno-miguel-del-pozo-que-ademas-es-delfin-mascota-del-club-estudiantes-de-baloncesto-y-la-vaquilla-del-gran-prix-de-tve\\\/#primaryimage\",\"url\":\"https:\\\/\\\/arealorcaradio.es\\\/wp-content\\\/uploads\\\/2024\\\/06\\\/32a8107-1.jpeg\",\"contentUrl\":\"https:\\\/\\\/arealorcaradio.es\\\/wp-content\\\/uploads\\\/2024\\\/06\\\/32a8107-1.jpeg\",\"width\":1400,\"height\":933},{\"@type\":\"BreadcrumbList\",\"@id\":\"https:\\\/\\\/arealorcaradio.es\\\/index.php\\\/2024\\\/06\\\/26\\\/mario-molina-nos-acerca-al-atleta-madrileno-miguel-del-pozo-que-ademas-es-delfin-mascota-del-club-estudiantes-de-baloncesto-y-la-vaquilla-del-gran-prix-de-tve\\\/#breadcrumb\",\"itemListElement\":[{\"@type\":\"ListItem\",\"position\":1,\"name\":\"Portada\",\"item\":\"https:\\\/\\\/arealorcaradio.es\\\/\"},{\"@type\":\"ListItem\",\"position\":2,\"name\":\"Mario Molina nos acerca al atleta madrile\u00f1o Miguel del Pozo, que adem\u00e1s es \u00abDelf\u00edn\u00bb mascota del Club Estudiantes de Baloncesto y la \u00abVaquilla\u00bb del Gran Prix de TVE.\"}]},{\"@type\":\"WebSite\",\"@id\":\"https:\\\/\\\/arealorcaradio.es\\\/#website\",\"url\":\"https:\\\/\\\/arealorcaradio.es\\\/\",\"name\":\"AREA LORCA RADIO\",\"description\":\"Descubre la programaci\u00f3n actual en \u00c1rea Lorca Radio, tu fuente de entrenamiento y noticias locales. Sintoniza ahora y mantente conectado online.\",\"potentialAction\":[{\"@type\":\"SearchAction\",\"target\":{\"@type\":\"EntryPoint\",\"urlTemplate\":\"https:\\\/\\\/arealorcaradio.es\\\/?s={search_term_string}\"},\"query-input\":{\"@type\":\"PropertyValueSpecification\",\"valueRequired\":true,\"valueName\":\"search_term_string\"}}],\"inLanguage\":\"es\"},{\"@type\":\"Person\",\"@id\":\"https:\\\/\\\/arealorcaradio.es\\\/#\\\/schema\\\/person\\\/9fae605fc25b0f2c83c1ab207139bd27\",\"name\":\"Paco S\u00e1nchez\",\"image\":{\"@type\":\"ImageObject\",\"inLanguage\":\"es\",\"@id\":\"https:\\\/\\\/secure.gravatar.com\\\/avatar\\\/d67144e966420fb74aa84c9f2a0103be4724fd14db52b52d3b6bca749f257e79?s=96&d=mm&r=g\",\"url\":\"https:\\\/\\\/secure.gravatar.com\\\/avatar\\\/d67144e966420fb74aa84c9f2a0103be4724fd14db52b52d3b6bca749f257e79?s=96&d=mm&r=g\",\"contentUrl\":\"https:\\\/\\\/secure.gravatar.com\\\/avatar\\\/d67144e966420fb74aa84c9f2a0103be4724fd14db52b52d3b6bca749f257e79?s=96&d=mm&r=g\",\"caption\":\"Paco S\u00e1nchez\"},\"sameAs\":[\"https:\\\/\\\/arealorcaradio.es\"],\"url\":\"https:\\\/\\\/arealorcaradio.es\\\/index.php\\\/author\\\/admin_alorcaradio\\\/\"}]}<\/script>\n<!-- \/ Yoast SEO plugin. -->","yoast_head_json":{"title":"Mario Molina nos acerca al atleta madrile\u00f1o Miguel del Pozo, que adem\u00e1s es \"Delf\u00edn\" mascota del Club Estudiantes de Baloncesto y la \"Vaquilla\" del Gran Prix de TVE. - AREA LORCA RADIO","robots":{"index":"index","follow":"follow","max-snippet":"max-snippet:-1","max-image-preview":"max-image-preview:large","max-video-preview":"max-video-preview:-1"},"canonical":"https:\/\/arealorcaradio.es\/index.php\/2024\/06\/26\/mario-molina-nos-acerca-al-atleta-madrileno-miguel-del-pozo-que-ademas-es-delfin-mascota-del-club-estudiantes-de-baloncesto-y-la-vaquilla-del-gran-prix-de-tve\/","og_locale":"es_ES","og_type":"article","og_title":"Mario Molina nos acerca al atleta madrile\u00f1o Miguel del Pozo, que adem\u00e1s es \"Delf\u00edn\" mascota del Club Estudiantes de Baloncesto y la \"Vaquilla\" del Gran Prix de TVE. - AREA LORCA RADIO","og_description":"\u00c1REA LORCA RADIO. Escucha aqu\u00ed la entrevista que ha concedido Miguel del Pozo \u00c1lvarez a Paco S\u00e1nchez y Mario Molina en la secci\u00f3n dedicada al atletismo dentro del programa \u00c1rea Lorca Deportes. Este madrile\u00f1o es un grand\u00edsimo atleta m\u00e1ster, que trabaja de mozo de almac\u00e9n y adem\u00e1s dedica su tiempo a animar su equipo, el [&hellip;]","og_url":"https:\/\/arealorcaradio.es\/index.php\/2024\/06\/26\/mario-molina-nos-acerca-al-atleta-madrileno-miguel-del-pozo-que-ademas-es-delfin-mascota-del-club-estudiantes-de-baloncesto-y-la-vaquilla-del-gran-prix-de-tve\/","og_site_name":"AREA LORCA RADIO","article_published_time":"2024-06-26T17:01:43+00:00","og_image":[{"width":1400,"height":933,"url":"https:\/\/arealorcaradio.es\/wp-content\/uploads\/2024\/06\/32a8107-1.jpeg","type":"image\/jpeg"}],"author":"Paco S\u00e1nchez","twitter_card":"summary_large_image","twitter_misc":{"Escrito por":"Paco S\u00e1nchez","Tiempo de lectura":"2 minutos"},"schema":{"@context":"https:\/\/schema.org","@graph":[{"@type":"Article","@id":"https:\/\/arealorcaradio.es\/index.php\/2024\/06\/26\/mario-molina-nos-acerca-al-atleta-madrileno-miguel-del-pozo-que-ademas-es-delfin-mascota-del-club-estudiantes-de-baloncesto-y-la-vaquilla-del-gran-prix-de-tve\/#article","isPartOf":{"@id":"https:\/\/arealorcaradio.es\/index.php\/2024\/06\/26\/mario-molina-nos-acerca-al-atleta-madrileno-miguel-del-pozo-que-ademas-es-delfin-mascota-del-club-estudiantes-de-baloncesto-y-la-vaquilla-del-gran-prix-de-tve\/"},"author":{"name":"Paco S\u00e1nchez","@id":"https:\/\/arealorcaradio.es\/#\/schema\/person\/9fae605fc25b0f2c83c1ab207139bd27"},"headline":"Mario Molina nos acerca al atleta madrile\u00f1o Miguel del Pozo, que adem\u00e1s es \u00abDelf\u00edn\u00bb mascota del Club Estudiantes de Baloncesto y la \u00abVaquilla\u00bb del Gran Prix de TVE.","datePublished":"2024-06-26T17:01:43+00:00","mainEntityOfPage":{"@id":"https:\/\/arealorcaradio.es\/index.php\/2024\/06\/26\/mario-molina-nos-acerca-al-atleta-madrileno-miguel-del-pozo-que-ademas-es-delfin-mascota-del-club-estudiantes-de-baloncesto-y-la-vaquilla-del-gran-prix-de-tve\/"},"wordCount":222,"commentCount":0,"image":{"@id":"https:\/\/arealorcaradio.es\/index.php\/2024\/06\/26\/mario-molina-nos-acerca-al-atleta-madrileno-miguel-del-pozo-que-ademas-es-delfin-mascota-del-club-estudiantes-de-baloncesto-y-la-vaquilla-del-gran-prix-de-tve\/#primaryimage"},"thumbnailUrl":"https:\/\/arealorcaradio.es\/wp-content\/uploads\/2024\/06\/32a8107-1.jpeg","articleSection":["DEPORTES","LORCA"],"inLanguage":"es","potentialAction":[{"@type":"CommentAction","name":"Comment","target":["https:\/\/arealorcaradio.es\/index.php\/2024\/06\/26\/mario-molina-nos-acerca-al-atleta-madrileno-miguel-del-pozo-que-ademas-es-delfin-mascota-del-club-estudiantes-de-baloncesto-y-la-vaquilla-del-gran-prix-de-tve\/#respond"]}]},{"@type":"WebPage","@id":"https:\/\/arealorcaradio.es\/index.php\/2024\/06\/26\/mario-molina-nos-acerca-al-atleta-madrileno-miguel-del-pozo-que-ademas-es-delfin-mascota-del-club-estudiantes-de-baloncesto-y-la-vaquilla-del-gran-prix-de-tve\/","url":"https:\/\/arealorcaradio.es\/index.php\/2024\/06\/26\/mario-molina-nos-acerca-al-atleta-madrileno-miguel-del-pozo-que-ademas-es-delfin-mascota-del-club-estudiantes-de-baloncesto-y-la-vaquilla-del-gran-prix-de-tve\/","name":"Mario Molina nos acerca al atleta madrile\u00f1o Miguel del Pozo, que adem\u00e1s es \"Delf\u00edn\" mascota del Club Estudiantes de Baloncesto y la \"Vaquilla\" del Gran Prix de TVE. - AREA LORCA RADIO","isPartOf":{"@id":"https:\/\/arealorcaradio.es\/#website"},"primaryImageOfPage":{"@id":"https:\/\/arealorcaradio.es\/index.php\/2024\/06\/26\/mario-molina-nos-acerca-al-atleta-madrileno-miguel-del-pozo-que-ademas-es-delfin-mascota-del-club-estudiantes-de-baloncesto-y-la-vaquilla-del-gran-prix-de-tve\/#primaryimage"},"image":{"@id":"https:\/\/arealorcaradio.es\/index.php\/2024\/06\/26\/mario-molina-nos-acerca-al-atleta-madrileno-miguel-del-pozo-que-ademas-es-delfin-mascota-del-club-estudiantes-de-baloncesto-y-la-vaquilla-del-gran-prix-de-tve\/#primaryimage"},"thumbnailUrl":"https:\/\/arealorcaradio.es\/wp-content\/uploads\/2024\/06\/32a8107-1.jpeg","datePublished":"2024-06-26T17:01:43+00:00","author":{"@id":"https:\/\/arealorcaradio.es\/#\/schema\/person\/9fae605fc25b0f2c83c1ab207139bd27"},"breadcrumb":{"@id":"https:\/\/arealorcaradio.es\/index.php\/2024\/06\/26\/mario-molina-nos-acerca-al-atleta-madrileno-miguel-del-pozo-que-ademas-es-delfin-mascota-del-club-estudiantes-de-baloncesto-y-la-vaquilla-del-gran-prix-de-tve\/#breadcrumb"},"inLanguage":"es","potentialAction":[{"@type":"ReadAction","target":["https:\/\/arealorcaradio.es\/index.php\/2024\/06\/26\/mario-molina-nos-acerca-al-atleta-madrileno-miguel-del-pozo-que-ademas-es-delfin-mascota-del-club-estudiantes-de-baloncesto-y-la-vaquilla-del-gran-prix-de-tve\/"]}]},{"@type":"ImageObject","inLanguage":"es","@id":"https:\/\/arealorcaradio.es\/index.php\/2024\/06\/26\/mario-molina-nos-acerca-al-atleta-madrileno-miguel-del-pozo-que-ademas-es-delfin-mascota-del-club-estudiantes-de-baloncesto-y-la-vaquilla-del-gran-prix-de-tve\/#primaryimage","url":"https:\/\/arealorcaradio.es\/wp-content\/uploads\/2024\/06\/32a8107-1.jpeg","contentUrl":"https:\/\/arealorcaradio.es\/wp-content\/uploads\/2024\/06\/32a8107-1.jpeg","width":1400,"height":933},{"@type":"BreadcrumbList","@id":"https:\/\/arealorcaradio.es\/index.php\/2024\/06\/26\/mario-molina-nos-acerca-al-atleta-madrileno-miguel-del-pozo-que-ademas-es-delfin-mascota-del-club-estudiantes-de-baloncesto-y-la-vaquilla-del-gran-prix-de-tve\/#breadcrumb","itemListElement":[{"@type":"ListItem","position":1,"name":"Portada","item":"https:\/\/arealorcaradio.es\/"},{"@type":"ListItem","position":2,"name":"Mario Molina nos acerca al atleta madrile\u00f1o Miguel del Pozo, que adem\u00e1s es \u00abDelf\u00edn\u00bb mascota del Club Estudiantes de Baloncesto y la \u00abVaquilla\u00bb del Gran Prix de TVE."}]},{"@type":"WebSite","@id":"https:\/\/arealorcaradio.es\/#website","url":"https:\/\/arealorcaradio.es\/","name":"AREA LORCA RADIO","description":"Descubre la programaci\u00f3n actual en \u00c1rea Lorca Radio, tu fuente de entrenamiento y noticias locales. Sintoniza ahora y mantente conectado online.","potentialAction":[{"@type":"SearchAction","target":{"@type":"EntryPoint","urlTemplate":"https:\/\/arealorcaradio.es\/?s={search_term_string}"},"query-input":{"@type":"PropertyValueSpecification","valueRequired":true,"valueName":"search_term_string"}}],"inLanguage":"es"},{"@type":"Person","@id":"https:\/\/arealorcaradio.es\/#\/schema\/person\/9fae605fc25b0f2c83c1ab207139bd27","name":"Paco S\u00e1nchez","image":{"@type":"ImageObject","inLanguage":"es","@id":"https:\/\/secure.gravatar.com\/avatar\/d67144e966420fb74aa84c9f2a0103be4724fd14db52b52d3b6bca749f257e79?s=96&d=mm&r=g","url":"https:\/\/secure.gravatar.com\/avatar\/d67144e966420fb74aa84c9f2a0103be4724fd14db52b52d3b6bca749f257e79?s=96&d=mm&r=g","contentUrl":"https:\/\/secure.gravatar.com\/avatar\/d67144e966420fb74aa84c9f2a0103be4724fd14db52b52d3b6bca749f257e79?s=96&d=mm&r=g","caption":"Paco S\u00e1nchez"},"sameAs":["https:\/\/arealorcaradio.es"],"url":"https:\/\/arealorcaradio.es\/index.php\/author\/admin_alorcaradio\/"}]}},"_links":{"self":[{"href":"https:\/\/arealorcaradio.es\/index.php\/wp-json\/wp\/v2\/posts\/3617","targetHints":{"allow":["GET"]}}],"collection":[{"href":"https:\/\/arealorcaradio.es\/index.php\/wp-json\/wp\/v2\/posts"}],"about":[{"href":"https:\/\/arealorcaradio.es\/index.php\/wp-json\/wp\/v2\/types\/post"}],"author":[{"embeddable":true,"href":"https:\/\/arealorcaradio.es\/index.php\/wp-json\/wp\/v2\/users\/1"}],"replies":[{"embeddable":true,"href":"https:\/\/arealorcaradio.es\/index.php\/wp-json\/wp\/v2\/comments?post=3617"}],"version-history":[{"count":3,"href":"https:\/\/arealorcaradio.es\/index.php\/wp-json\/wp\/v2\/posts\/3617\/revisions"}],"predecessor-version":[{"id":3627,"href":"https:\/\/arealorcaradio.es\/index.php\/wp-json\/wp\/v2\/posts\/3617\/revisions\/3627"}],"wp:featuredmedia":[{"embeddable":true,"href":"https:\/\/arealorcaradio.es\/index.php\/wp-json\/wp\/v2\/media\/3628"}],"wp:attachment":[{"href":"https:\/\/arealorcaradio.es\/index.php\/wp-json\/wp\/v2\/media?parent=3617"}],"wp:term":[{"taxonomy":"category","embeddable":true,"href":"https:\/\/arealorcaradio.es\/index.php\/wp-json\/wp\/v2\/categories?post=3617"},{"taxonomy":"post_tag","embeddable":true,"href":"https:\/\/arealorcaradio.es\/index.php\/wp-json\/wp\/v2\/tags?post=3617"}],"curies":[{"name":"wp","href":"https:\/\/api.w.org\/{rel}","templated":true}]}}