{"id":3601,"date":"2024-06-25T17:14:01","date_gmt":"2024-06-25T17:14:01","guid":{"rendered":"https:\/\/arealorcaradio.es\/?p=3601"},"modified":"2024-06-25T17:14:01","modified_gmt":"2024-06-25T17:14:01","slug":"la-coral-bartolome-perez-casas-pone-fin-a-su-curso-con-el-concierto-musicas-del-arco-iris","status":"publish","type":"post","link":"https:\/\/arealorcaradio.es\/index.php\/2024\/06\/25\/la-coral-bartolome-perez-casas-pone-fin-a-su-curso-con-el-concierto-musicas-del-arco-iris\/","title":{"rendered":"La Coral Bartolom\u00e9 P\u00e9rez Casas pone fin a su curso con el concierto \u00abM\u00fasicas del Arco Iris\u00bb"},"content":{"rendered":"<p>\u00c1REA LORCA RADIO.<\/p>\n<p>Escucha aqu\u00ed la entrevista que ha concedido el director de la Coral Bartolom\u00e9 P\u00e9rez Casas, Antonio Manzanera a Paco S\u00e1nchez en el magazine \u00c1rea Lorca Actualidad. El pasado d\u00eda 18 de junio la Coral cumpli\u00f3 43 a\u00f1os por lo que esta es la mejor ocasi\u00f3n para disfrutar de un concierto diferente, donde no faltar\u00e1 la m\u00fasica tradicional, bandas sonoras, m\u00fasica sudamericana, textos de poetas y mucho m\u00e1s.<\/p>\n<audio class=\"wp-audio-shortcode\" id=\"audio-3601-1\" preload=\"none\" style=\"width: 100%;\" controls=\"controls\"><source type=\"audio\/mpeg\" src=\"https:\/\/arealorcaradio.es\/wp-content\/uploads\/2024\/06\/250624-ANTONIO-MANZANERA.-DTOR-CORAL.mp3?_=1\" \/><a href=\"https:\/\/arealorcaradio.es\/wp-content\/uploads\/2024\/06\/250624-ANTONIO-MANZANERA.-DTOR-CORAL.mp3\">https:\/\/arealorcaradio.es\/wp-content\/uploads\/2024\/06\/250624-ANTONIO-MANZANERA.-DTOR-CORAL.mp3<\/a><\/audio>\n<p>&nbsp;<\/p>\n<p>&nbsp;<\/p>\n","protected":false},"excerpt":{"rendered":"<p>\u00c1REA LORCA RADIO. Escucha aqu\u00ed la entrevista que ha concedido el director de la Coral Bartolom\u00e9 P\u00e9rez Casas, Antonio Manzanera a Paco S\u00e1nchez en el magazine \u00c1rea Lorca Actualidad. El pasado d\u00eda 18 de junio la Coral cumpli\u00f3 43 a\u00f1os por lo que esta es la mejor ocasi\u00f3n para disfrutar de un concierto diferente, donde [&hellip;]<\/p>\n","protected":false},"author":1,"featured_media":3604,"comment_status":"open","ping_status":"open","sticky":false,"template":"","format":"standard","meta":{"iawp_total_views":21,"footnotes":""},"categories":[5,7],"tags":[],"class_list":["post-3601","post","type-post","status-publish","format-standard","has-post-thumbnail","hentry","category-actualidad","category-lorca"],"yoast_head":"<!-- This site is optimized with the Yoast SEO plugin v27.5 - https:\/\/yoast.com\/product\/yoast-seo-wordpress\/ -->\n<title>La Coral Bartolom\u00e9 P\u00e9rez Casas pone fin a su curso con el concierto &quot;M\u00fasicas del Arco Iris&quot; - AREA LORCA RADIO<\/title>\n<meta name=\"robots\" content=\"index, follow, max-snippet:-1, max-image-preview:large, max-video-preview:-1\" \/>\n<link rel=\"canonical\" href=\"https:\/\/arealorcaradio.es\/index.php\/2024\/06\/25\/la-coral-bartolome-perez-casas-pone-fin-a-su-curso-con-el-concierto-musicas-del-arco-iris\/\" \/>\n<meta property=\"og:locale\" content=\"es_ES\" \/>\n<meta property=\"og:type\" content=\"article\" \/>\n<meta property=\"og:title\" content=\"La Coral Bartolom\u00e9 P\u00e9rez Casas pone fin a su curso con el concierto &quot;M\u00fasicas del Arco Iris&quot; - AREA LORCA RADIO\" \/>\n<meta property=\"og:description\" content=\"\u00c1REA LORCA RADIO. Escucha aqu\u00ed la entrevista que ha concedido el director de la Coral Bartolom\u00e9 P\u00e9rez Casas, Antonio Manzanera a Paco S\u00e1nchez en el magazine \u00c1rea Lorca Actualidad. El pasado d\u00eda 18 de junio la Coral cumpli\u00f3 43 a\u00f1os por lo que esta es la mejor ocasi\u00f3n para disfrutar de un concierto diferente, donde [&hellip;]\" \/>\n<meta property=\"og:url\" content=\"https:\/\/arealorcaradio.es\/index.php\/2024\/06\/25\/la-coral-bartolome-perez-casas-pone-fin-a-su-curso-con-el-concierto-musicas-del-arco-iris\/\" \/>\n<meta property=\"og:site_name\" content=\"AREA LORCA RADIO\" \/>\n<meta property=\"article:published_time\" content=\"2024-06-25T17:14:01+00:00\" \/>\n<meta property=\"og:image\" content=\"https:\/\/arealorcaradio.es\/wp-content\/uploads\/2024\/06\/IMG-20230824-WA0001.jpg\" \/>\n\t<meta property=\"og:image:width\" content=\"2048\" \/>\n\t<meta property=\"og:image:height\" content=\"1536\" \/>\n\t<meta property=\"og:image:type\" content=\"image\/jpeg\" \/>\n<meta name=\"author\" content=\"Paco S\u00e1nchez\" \/>\n<meta name=\"twitter:card\" content=\"summary_large_image\" \/>\n<meta name=\"twitter:label1\" content=\"Escrito por\" \/>\n\t<meta name=\"twitter:data1\" content=\"Paco S\u00e1nchez\" \/>\n\t<meta name=\"twitter:label2\" content=\"Tiempo de lectura\" \/>\n\t<meta name=\"twitter:data2\" content=\"1 minuto\" \/>\n<script type=\"application\/ld+json\" class=\"yoast-schema-graph\">{\"@context\":\"https:\\\/\\\/schema.org\",\"@graph\":[{\"@type\":\"Article\",\"@id\":\"https:\\\/\\\/arealorcaradio.es\\\/index.php\\\/2024\\\/06\\\/25\\\/la-coral-bartolome-perez-casas-pone-fin-a-su-curso-con-el-concierto-musicas-del-arco-iris\\\/#article\",\"isPartOf\":{\"@id\":\"https:\\\/\\\/arealorcaradio.es\\\/index.php\\\/2024\\\/06\\\/25\\\/la-coral-bartolome-perez-casas-pone-fin-a-su-curso-con-el-concierto-musicas-del-arco-iris\\\/\"},\"author\":{\"name\":\"Paco S\u00e1nchez\",\"@id\":\"https:\\\/\\\/arealorcaradio.es\\\/#\\\/schema\\\/person\\\/9fae605fc25b0f2c83c1ab207139bd27\"},\"headline\":\"La Coral Bartolom\u00e9 P\u00e9rez Casas pone fin a su curso con el concierto \u00abM\u00fasicas del Arco Iris\u00bb\",\"datePublished\":\"2024-06-25T17:14:01+00:00\",\"mainEntityOfPage\":{\"@id\":\"https:\\\/\\\/arealorcaradio.es\\\/index.php\\\/2024\\\/06\\\/25\\\/la-coral-bartolome-perez-casas-pone-fin-a-su-curso-con-el-concierto-musicas-del-arco-iris\\\/\"},\"wordCount\":108,\"commentCount\":0,\"image\":{\"@id\":\"https:\\\/\\\/arealorcaradio.es\\\/index.php\\\/2024\\\/06\\\/25\\\/la-coral-bartolome-perez-casas-pone-fin-a-su-curso-con-el-concierto-musicas-del-arco-iris\\\/#primaryimage\"},\"thumbnailUrl\":\"https:\\\/\\\/arealorcaradio.es\\\/wp-content\\\/uploads\\\/2024\\\/06\\\/IMG-20230824-WA0001.jpg\",\"articleSection\":[\"ACTUALIDAD\",\"LORCA\"],\"inLanguage\":\"es\",\"potentialAction\":[{\"@type\":\"CommentAction\",\"name\":\"Comment\",\"target\":[\"https:\\\/\\\/arealorcaradio.es\\\/index.php\\\/2024\\\/06\\\/25\\\/la-coral-bartolome-perez-casas-pone-fin-a-su-curso-con-el-concierto-musicas-del-arco-iris\\\/#respond\"]}]},{\"@type\":\"WebPage\",\"@id\":\"https:\\\/\\\/arealorcaradio.es\\\/index.php\\\/2024\\\/06\\\/25\\\/la-coral-bartolome-perez-casas-pone-fin-a-su-curso-con-el-concierto-musicas-del-arco-iris\\\/\",\"url\":\"https:\\\/\\\/arealorcaradio.es\\\/index.php\\\/2024\\\/06\\\/25\\\/la-coral-bartolome-perez-casas-pone-fin-a-su-curso-con-el-concierto-musicas-del-arco-iris\\\/\",\"name\":\"La Coral Bartolom\u00e9 P\u00e9rez Casas pone fin a su curso con el concierto \\\"M\u00fasicas del Arco Iris\\\" - AREA LORCA RADIO\",\"isPartOf\":{\"@id\":\"https:\\\/\\\/arealorcaradio.es\\\/#website\"},\"primaryImageOfPage\":{\"@id\":\"https:\\\/\\\/arealorcaradio.es\\\/index.php\\\/2024\\\/06\\\/25\\\/la-coral-bartolome-perez-casas-pone-fin-a-su-curso-con-el-concierto-musicas-del-arco-iris\\\/#primaryimage\"},\"image\":{\"@id\":\"https:\\\/\\\/arealorcaradio.es\\\/index.php\\\/2024\\\/06\\\/25\\\/la-coral-bartolome-perez-casas-pone-fin-a-su-curso-con-el-concierto-musicas-del-arco-iris\\\/#primaryimage\"},\"thumbnailUrl\":\"https:\\\/\\\/arealorcaradio.es\\\/wp-content\\\/uploads\\\/2024\\\/06\\\/IMG-20230824-WA0001.jpg\",\"datePublished\":\"2024-06-25T17:14:01+00:00\",\"author\":{\"@id\":\"https:\\\/\\\/arealorcaradio.es\\\/#\\\/schema\\\/person\\\/9fae605fc25b0f2c83c1ab207139bd27\"},\"breadcrumb\":{\"@id\":\"https:\\\/\\\/arealorcaradio.es\\\/index.php\\\/2024\\\/06\\\/25\\\/la-coral-bartolome-perez-casas-pone-fin-a-su-curso-con-el-concierto-musicas-del-arco-iris\\\/#breadcrumb\"},\"inLanguage\":\"es\",\"potentialAction\":[{\"@type\":\"ReadAction\",\"target\":[\"https:\\\/\\\/arealorcaradio.es\\\/index.php\\\/2024\\\/06\\\/25\\\/la-coral-bartolome-perez-casas-pone-fin-a-su-curso-con-el-concierto-musicas-del-arco-iris\\\/\"]}]},{\"@type\":\"ImageObject\",\"inLanguage\":\"es\",\"@id\":\"https:\\\/\\\/arealorcaradio.es\\\/index.php\\\/2024\\\/06\\\/25\\\/la-coral-bartolome-perez-casas-pone-fin-a-su-curso-con-el-concierto-musicas-del-arco-iris\\\/#primaryimage\",\"url\":\"https:\\\/\\\/arealorcaradio.es\\\/wp-content\\\/uploads\\\/2024\\\/06\\\/IMG-20230824-WA0001.jpg\",\"contentUrl\":\"https:\\\/\\\/arealorcaradio.es\\\/wp-content\\\/uploads\\\/2024\\\/06\\\/IMG-20230824-WA0001.jpg\",\"width\":2048,\"height\":1536},{\"@type\":\"BreadcrumbList\",\"@id\":\"https:\\\/\\\/arealorcaradio.es\\\/index.php\\\/2024\\\/06\\\/25\\\/la-coral-bartolome-perez-casas-pone-fin-a-su-curso-con-el-concierto-musicas-del-arco-iris\\\/#breadcrumb\",\"itemListElement\":[{\"@type\":\"ListItem\",\"position\":1,\"name\":\"Portada\",\"item\":\"https:\\\/\\\/arealorcaradio.es\\\/\"},{\"@type\":\"ListItem\",\"position\":2,\"name\":\"La Coral Bartolom\u00e9 P\u00e9rez Casas pone fin a su curso con el concierto \u00abM\u00fasicas del Arco Iris\u00bb\"}]},{\"@type\":\"WebSite\",\"@id\":\"https:\\\/\\\/arealorcaradio.es\\\/#website\",\"url\":\"https:\\\/\\\/arealorcaradio.es\\\/\",\"name\":\"AREA LORCA RADIO\",\"description\":\"Descubre la programaci\u00f3n actual en \u00c1rea Lorca Radio, tu fuente de entrenamiento y noticias locales. Sintoniza ahora y mantente conectado online.\",\"potentialAction\":[{\"@type\":\"SearchAction\",\"target\":{\"@type\":\"EntryPoint\",\"urlTemplate\":\"https:\\\/\\\/arealorcaradio.es\\\/?s={search_term_string}\"},\"query-input\":{\"@type\":\"PropertyValueSpecification\",\"valueRequired\":true,\"valueName\":\"search_term_string\"}}],\"inLanguage\":\"es\"},{\"@type\":\"Person\",\"@id\":\"https:\\\/\\\/arealorcaradio.es\\\/#\\\/schema\\\/person\\\/9fae605fc25b0f2c83c1ab207139bd27\",\"name\":\"Paco S\u00e1nchez\",\"image\":{\"@type\":\"ImageObject\",\"inLanguage\":\"es\",\"@id\":\"https:\\\/\\\/secure.gravatar.com\\\/avatar\\\/d67144e966420fb74aa84c9f2a0103be4724fd14db52b52d3b6bca749f257e79?s=96&d=mm&r=g\",\"url\":\"https:\\\/\\\/secure.gravatar.com\\\/avatar\\\/d67144e966420fb74aa84c9f2a0103be4724fd14db52b52d3b6bca749f257e79?s=96&d=mm&r=g\",\"contentUrl\":\"https:\\\/\\\/secure.gravatar.com\\\/avatar\\\/d67144e966420fb74aa84c9f2a0103be4724fd14db52b52d3b6bca749f257e79?s=96&d=mm&r=g\",\"caption\":\"Paco S\u00e1nchez\"},\"sameAs\":[\"https:\\\/\\\/arealorcaradio.es\"],\"url\":\"https:\\\/\\\/arealorcaradio.es\\\/index.php\\\/author\\\/admin_alorcaradio\\\/\"}]}<\/script>\n<!-- \/ Yoast SEO plugin. -->","yoast_head_json":{"title":"La Coral Bartolom\u00e9 P\u00e9rez Casas pone fin a su curso con el concierto \"M\u00fasicas del Arco Iris\" - AREA LORCA RADIO","robots":{"index":"index","follow":"follow","max-snippet":"max-snippet:-1","max-image-preview":"max-image-preview:large","max-video-preview":"max-video-preview:-1"},"canonical":"https:\/\/arealorcaradio.es\/index.php\/2024\/06\/25\/la-coral-bartolome-perez-casas-pone-fin-a-su-curso-con-el-concierto-musicas-del-arco-iris\/","og_locale":"es_ES","og_type":"article","og_title":"La Coral Bartolom\u00e9 P\u00e9rez Casas pone fin a su curso con el concierto \"M\u00fasicas del Arco Iris\" - AREA LORCA RADIO","og_description":"\u00c1REA LORCA RADIO. Escucha aqu\u00ed la entrevista que ha concedido el director de la Coral Bartolom\u00e9 P\u00e9rez Casas, Antonio Manzanera a Paco S\u00e1nchez en el magazine \u00c1rea Lorca Actualidad. El pasado d\u00eda 18 de junio la Coral cumpli\u00f3 43 a\u00f1os por lo que esta es la mejor ocasi\u00f3n para disfrutar de un concierto diferente, donde [&hellip;]","og_url":"https:\/\/arealorcaradio.es\/index.php\/2024\/06\/25\/la-coral-bartolome-perez-casas-pone-fin-a-su-curso-con-el-concierto-musicas-del-arco-iris\/","og_site_name":"AREA LORCA RADIO","article_published_time":"2024-06-25T17:14:01+00:00","og_image":[{"width":2048,"height":1536,"url":"https:\/\/arealorcaradio.es\/wp-content\/uploads\/2024\/06\/IMG-20230824-WA0001.jpg","type":"image\/jpeg"}],"author":"Paco S\u00e1nchez","twitter_card":"summary_large_image","twitter_misc":{"Escrito por":"Paco S\u00e1nchez","Tiempo de lectura":"1 minuto"},"schema":{"@context":"https:\/\/schema.org","@graph":[{"@type":"Article","@id":"https:\/\/arealorcaradio.es\/index.php\/2024\/06\/25\/la-coral-bartolome-perez-casas-pone-fin-a-su-curso-con-el-concierto-musicas-del-arco-iris\/#article","isPartOf":{"@id":"https:\/\/arealorcaradio.es\/index.php\/2024\/06\/25\/la-coral-bartolome-perez-casas-pone-fin-a-su-curso-con-el-concierto-musicas-del-arco-iris\/"},"author":{"name":"Paco S\u00e1nchez","@id":"https:\/\/arealorcaradio.es\/#\/schema\/person\/9fae605fc25b0f2c83c1ab207139bd27"},"headline":"La Coral Bartolom\u00e9 P\u00e9rez Casas pone fin a su curso con el concierto \u00abM\u00fasicas del Arco Iris\u00bb","datePublished":"2024-06-25T17:14:01+00:00","mainEntityOfPage":{"@id":"https:\/\/arealorcaradio.es\/index.php\/2024\/06\/25\/la-coral-bartolome-perez-casas-pone-fin-a-su-curso-con-el-concierto-musicas-del-arco-iris\/"},"wordCount":108,"commentCount":0,"image":{"@id":"https:\/\/arealorcaradio.es\/index.php\/2024\/06\/25\/la-coral-bartolome-perez-casas-pone-fin-a-su-curso-con-el-concierto-musicas-del-arco-iris\/#primaryimage"},"thumbnailUrl":"https:\/\/arealorcaradio.es\/wp-content\/uploads\/2024\/06\/IMG-20230824-WA0001.jpg","articleSection":["ACTUALIDAD","LORCA"],"inLanguage":"es","potentialAction":[{"@type":"CommentAction","name":"Comment","target":["https:\/\/arealorcaradio.es\/index.php\/2024\/06\/25\/la-coral-bartolome-perez-casas-pone-fin-a-su-curso-con-el-concierto-musicas-del-arco-iris\/#respond"]}]},{"@type":"WebPage","@id":"https:\/\/arealorcaradio.es\/index.php\/2024\/06\/25\/la-coral-bartolome-perez-casas-pone-fin-a-su-curso-con-el-concierto-musicas-del-arco-iris\/","url":"https:\/\/arealorcaradio.es\/index.php\/2024\/06\/25\/la-coral-bartolome-perez-casas-pone-fin-a-su-curso-con-el-concierto-musicas-del-arco-iris\/","name":"La Coral Bartolom\u00e9 P\u00e9rez Casas pone fin a su curso con el concierto \"M\u00fasicas del Arco Iris\" - AREA LORCA RADIO","isPartOf":{"@id":"https:\/\/arealorcaradio.es\/#website"},"primaryImageOfPage":{"@id":"https:\/\/arealorcaradio.es\/index.php\/2024\/06\/25\/la-coral-bartolome-perez-casas-pone-fin-a-su-curso-con-el-concierto-musicas-del-arco-iris\/#primaryimage"},"image":{"@id":"https:\/\/arealorcaradio.es\/index.php\/2024\/06\/25\/la-coral-bartolome-perez-casas-pone-fin-a-su-curso-con-el-concierto-musicas-del-arco-iris\/#primaryimage"},"thumbnailUrl":"https:\/\/arealorcaradio.es\/wp-content\/uploads\/2024\/06\/IMG-20230824-WA0001.jpg","datePublished":"2024-06-25T17:14:01+00:00","author":{"@id":"https:\/\/arealorcaradio.es\/#\/schema\/person\/9fae605fc25b0f2c83c1ab207139bd27"},"breadcrumb":{"@id":"https:\/\/arealorcaradio.es\/index.php\/2024\/06\/25\/la-coral-bartolome-perez-casas-pone-fin-a-su-curso-con-el-concierto-musicas-del-arco-iris\/#breadcrumb"},"inLanguage":"es","potentialAction":[{"@type":"ReadAction","target":["https:\/\/arealorcaradio.es\/index.php\/2024\/06\/25\/la-coral-bartolome-perez-casas-pone-fin-a-su-curso-con-el-concierto-musicas-del-arco-iris\/"]}]},{"@type":"ImageObject","inLanguage":"es","@id":"https:\/\/arealorcaradio.es\/index.php\/2024\/06\/25\/la-coral-bartolome-perez-casas-pone-fin-a-su-curso-con-el-concierto-musicas-del-arco-iris\/#primaryimage","url":"https:\/\/arealorcaradio.es\/wp-content\/uploads\/2024\/06\/IMG-20230824-WA0001.jpg","contentUrl":"https:\/\/arealorcaradio.es\/wp-content\/uploads\/2024\/06\/IMG-20230824-WA0001.jpg","width":2048,"height":1536},{"@type":"BreadcrumbList","@id":"https:\/\/arealorcaradio.es\/index.php\/2024\/06\/25\/la-coral-bartolome-perez-casas-pone-fin-a-su-curso-con-el-concierto-musicas-del-arco-iris\/#breadcrumb","itemListElement":[{"@type":"ListItem","position":1,"name":"Portada","item":"https:\/\/arealorcaradio.es\/"},{"@type":"ListItem","position":2,"name":"La Coral Bartolom\u00e9 P\u00e9rez Casas pone fin a su curso con el concierto \u00abM\u00fasicas del Arco Iris\u00bb"}]},{"@type":"WebSite","@id":"https:\/\/arealorcaradio.es\/#website","url":"https:\/\/arealorcaradio.es\/","name":"AREA LORCA RADIO","description":"Descubre la programaci\u00f3n actual en \u00c1rea Lorca Radio, tu fuente de entrenamiento y noticias locales. Sintoniza ahora y mantente conectado online.","potentialAction":[{"@type":"SearchAction","target":{"@type":"EntryPoint","urlTemplate":"https:\/\/arealorcaradio.es\/?s={search_term_string}"},"query-input":{"@type":"PropertyValueSpecification","valueRequired":true,"valueName":"search_term_string"}}],"inLanguage":"es"},{"@type":"Person","@id":"https:\/\/arealorcaradio.es\/#\/schema\/person\/9fae605fc25b0f2c83c1ab207139bd27","name":"Paco S\u00e1nchez","image":{"@type":"ImageObject","inLanguage":"es","@id":"https:\/\/secure.gravatar.com\/avatar\/d67144e966420fb74aa84c9f2a0103be4724fd14db52b52d3b6bca749f257e79?s=96&d=mm&r=g","url":"https:\/\/secure.gravatar.com\/avatar\/d67144e966420fb74aa84c9f2a0103be4724fd14db52b52d3b6bca749f257e79?s=96&d=mm&r=g","contentUrl":"https:\/\/secure.gravatar.com\/avatar\/d67144e966420fb74aa84c9f2a0103be4724fd14db52b52d3b6bca749f257e79?s=96&d=mm&r=g","caption":"Paco S\u00e1nchez"},"sameAs":["https:\/\/arealorcaradio.es"],"url":"https:\/\/arealorcaradio.es\/index.php\/author\/admin_alorcaradio\/"}]}},"_links":{"self":[{"href":"https:\/\/arealorcaradio.es\/index.php\/wp-json\/wp\/v2\/posts\/3601","targetHints":{"allow":["GET"]}}],"collection":[{"href":"https:\/\/arealorcaradio.es\/index.php\/wp-json\/wp\/v2\/posts"}],"about":[{"href":"https:\/\/arealorcaradio.es\/index.php\/wp-json\/wp\/v2\/types\/post"}],"author":[{"embeddable":true,"href":"https:\/\/arealorcaradio.es\/index.php\/wp-json\/wp\/v2\/users\/1"}],"replies":[{"embeddable":true,"href":"https:\/\/arealorcaradio.es\/index.php\/wp-json\/wp\/v2\/comments?post=3601"}],"version-history":[{"count":2,"href":"https:\/\/arealorcaradio.es\/index.php\/wp-json\/wp\/v2\/posts\/3601\/revisions"}],"predecessor-version":[{"id":3607,"href":"https:\/\/arealorcaradio.es\/index.php\/wp-json\/wp\/v2\/posts\/3601\/revisions\/3607"}],"wp:featuredmedia":[{"embeddable":true,"href":"https:\/\/arealorcaradio.es\/index.php\/wp-json\/wp\/v2\/media\/3604"}],"wp:attachment":[{"href":"https:\/\/arealorcaradio.es\/index.php\/wp-json\/wp\/v2\/media?parent=3601"}],"wp:term":[{"taxonomy":"category","embeddable":true,"href":"https:\/\/arealorcaradio.es\/index.php\/wp-json\/wp\/v2\/categories?post=3601"},{"taxonomy":"post_tag","embeddable":true,"href":"https:\/\/arealorcaradio.es\/index.php\/wp-json\/wp\/v2\/tags?post=3601"}],"curies":[{"name":"wp","href":"https:\/\/api.w.org\/{rel}","templated":true}]}}