{"id":3541,"date":"2024-06-20T17:25:35","date_gmt":"2024-06-20T17:25:35","guid":{"rendered":"https:\/\/arealorcaradio.es\/?p=3541"},"modified":"2024-06-20T17:25:35","modified_gmt":"2024-06-20T17:25:35","slug":"este-viernes-concluye-el-ii-ciclo-de-conciertos-en-homenaje-al-maestro-rafael-rosell-organizado-por-la-fundacion-paso-morado","status":"publish","type":"post","link":"https:\/\/arealorcaradio.es\/index.php\/2024\/06\/20\/este-viernes-concluye-el-ii-ciclo-de-conciertos-en-homenaje-al-maestro-rafael-rosell-organizado-por-la-fundacion-paso-morado\/","title":{"rendered":"Este viernes concluye el II Ciclo de Conciertos en homenaje al maestro Rafael Rosell organizado por la Fundaci\u00f3n Paso Morado."},"content":{"rendered":"<p>\u00c1REA LORCA RADIO.<\/p>\n<p>Escucha aqu\u00ed la entrevista que ha concedido a Paco S\u00e1nchez en el magazine \u00c1rea Lorca Actualidad, el coordinador de este Ciclo de Conciertos, Rafael Rosell Toledo, hijo del homenajeado Rafael Rosell Cebri\u00e1n, qui\u00e9n fuera director de la Banda Municipal de M\u00fasica de Lorca desde 1975 hasta 1983.<\/p>\n<audio class=\"wp-audio-shortcode\" id=\"audio-3541-1\" preload=\"none\" style=\"width: 100%;\" controls=\"controls\"><source type=\"audio\/mpeg\" src=\"https:\/\/arealorcaradio.es\/wp-content\/uploads\/2024\/06\/200624-RAFAEL-ROSELL-TOLEDO.-MUSICO.mp3?_=1\" \/><a href=\"https:\/\/arealorcaradio.es\/wp-content\/uploads\/2024\/06\/200624-RAFAEL-ROSELL-TOLEDO.-MUSICO.mp3\">https:\/\/arealorcaradio.es\/wp-content\/uploads\/2024\/06\/200624-RAFAEL-ROSELL-TOLEDO.-MUSICO.mp3<\/a><\/audio>\n<p><img loading=\"lazy\" decoding=\"async\" class=\"alignnone size-medium wp-image-3543\" src=\"https:\/\/arealorcaradio.es\/wp-content\/uploads\/2024\/06\/IMG-20240618-WA0039-220x300.jpg\" alt=\"\" width=\"220\" height=\"300\" srcset=\"https:\/\/arealorcaradio.es\/wp-content\/uploads\/2024\/06\/IMG-20240618-WA0039-220x300.jpg 220w, https:\/\/arealorcaradio.es\/wp-content\/uploads\/2024\/06\/IMG-20240618-WA0039-751x1024.jpg 751w, https:\/\/arealorcaradio.es\/wp-content\/uploads\/2024\/06\/IMG-20240618-WA0039-768x1048.jpg 768w, https:\/\/arealorcaradio.es\/wp-content\/uploads\/2024\/06\/IMG-20240618-WA0039-1126x1536.jpg 1126w, https:\/\/arealorcaradio.es\/wp-content\/uploads\/2024\/06\/IMG-20240618-WA0039.jpg 1173w\" sizes=\"auto, (max-width: 220px) 100vw, 220px\" \/> <img loading=\"lazy\" decoding=\"async\" class=\"alignnone size-medium wp-image-3544\" src=\"https:\/\/arealorcaradio.es\/wp-content\/uploads\/2024\/06\/20240620_175752-300x225.jpg\" alt=\"\" width=\"300\" height=\"225\" srcset=\"https:\/\/arealorcaradio.es\/wp-content\/uploads\/2024\/06\/20240620_175752-300x225.jpg 300w, https:\/\/arealorcaradio.es\/wp-content\/uploads\/2024\/06\/20240620_175752-1024x768.jpg 1024w, https:\/\/arealorcaradio.es\/wp-content\/uploads\/2024\/06\/20240620_175752-768x576.jpg 768w, https:\/\/arealorcaradio.es\/wp-content\/uploads\/2024\/06\/20240620_175752-1536x1152.jpg 1536w, https:\/\/arealorcaradio.es\/wp-content\/uploads\/2024\/06\/20240620_175752-2048x1536.jpg 2048w, https:\/\/arealorcaradio.es\/wp-content\/uploads\/2024\/06\/20240620_175752-86x64.jpg 86w\" sizes=\"auto, (max-width: 300px) 100vw, 300px\" \/><\/p>\n","protected":false},"excerpt":{"rendered":"<p>\u00c1REA LORCA RADIO. Escucha aqu\u00ed la entrevista que ha concedido a Paco S\u00e1nchez en el magazine \u00c1rea Lorca Actualidad, el coordinador de este Ciclo de Conciertos, Rafael Rosell Toledo, hijo del homenajeado Rafael Rosell Cebri\u00e1n, qui\u00e9n fuera director de la Banda Municipal de M\u00fasica de Lorca desde 1975 hasta 1983.<\/p>\n","protected":false},"author":1,"featured_media":3545,"comment_status":"open","ping_status":"open","sticky":false,"template":"","format":"standard","meta":{"iawp_total_views":49,"footnotes":""},"categories":[5,7],"tags":[],"class_list":["post-3541","post","type-post","status-publish","format-standard","has-post-thumbnail","hentry","category-actualidad","category-lorca"],"yoast_head":"<!-- This site is optimized with the Yoast SEO plugin v27.5 - https:\/\/yoast.com\/product\/yoast-seo-wordpress\/ -->\n<title>Este viernes concluye el II Ciclo de Conciertos en homenaje al maestro Rafael Rosell organizado por la Fundaci\u00f3n Paso Morado. - AREA LORCA RADIO<\/title>\n<meta name=\"robots\" content=\"index, follow, max-snippet:-1, max-image-preview:large, max-video-preview:-1\" \/>\n<link rel=\"canonical\" href=\"https:\/\/arealorcaradio.es\/index.php\/2024\/06\/20\/este-viernes-concluye-el-ii-ciclo-de-conciertos-en-homenaje-al-maestro-rafael-rosell-organizado-por-la-fundacion-paso-morado\/\" \/>\n<meta property=\"og:locale\" content=\"es_ES\" \/>\n<meta property=\"og:type\" content=\"article\" \/>\n<meta property=\"og:title\" content=\"Este viernes concluye el II Ciclo de Conciertos en homenaje al maestro Rafael Rosell organizado por la Fundaci\u00f3n Paso Morado. - AREA LORCA RADIO\" \/>\n<meta property=\"og:description\" content=\"\u00c1REA LORCA RADIO. Escucha aqu\u00ed la entrevista que ha concedido a Paco S\u00e1nchez en el magazine \u00c1rea Lorca Actualidad, el coordinador de este Ciclo de Conciertos, Rafael Rosell Toledo, hijo del homenajeado Rafael Rosell Cebri\u00e1n, qui\u00e9n fuera director de la Banda Municipal de M\u00fasica de Lorca desde 1975 hasta 1983.\" \/>\n<meta property=\"og:url\" content=\"https:\/\/arealorcaradio.es\/index.php\/2024\/06\/20\/este-viernes-concluye-el-ii-ciclo-de-conciertos-en-homenaje-al-maestro-rafael-rosell-organizado-por-la-fundacion-paso-morado\/\" \/>\n<meta property=\"og:site_name\" content=\"AREA LORCA RADIO\" \/>\n<meta property=\"article:published_time\" content=\"2024-06-20T17:25:35+00:00\" \/>\n<meta property=\"og:image\" content=\"https:\/\/arealorcaradio.es\/wp-content\/uploads\/2024\/06\/20240620_175806-scaled.jpg\" \/>\n\t<meta property=\"og:image:width\" content=\"2560\" \/>\n\t<meta property=\"og:image:height\" content=\"1920\" \/>\n\t<meta property=\"og:image:type\" content=\"image\/jpeg\" \/>\n<meta name=\"author\" content=\"Paco S\u00e1nchez\" \/>\n<meta name=\"twitter:card\" content=\"summary_large_image\" \/>\n<meta name=\"twitter:label1\" content=\"Escrito por\" \/>\n\t<meta name=\"twitter:data1\" content=\"Paco S\u00e1nchez\" \/>\n\t<meta name=\"twitter:label2\" content=\"Tiempo de lectura\" \/>\n\t<meta name=\"twitter:data2\" content=\"1 minuto\" \/>\n<script type=\"application\/ld+json\" class=\"yoast-schema-graph\">{\"@context\":\"https:\\\/\\\/schema.org\",\"@graph\":[{\"@type\":\"Article\",\"@id\":\"https:\\\/\\\/arealorcaradio.es\\\/index.php\\\/2024\\\/06\\\/20\\\/este-viernes-concluye-el-ii-ciclo-de-conciertos-en-homenaje-al-maestro-rafael-rosell-organizado-por-la-fundacion-paso-morado\\\/#article\",\"isPartOf\":{\"@id\":\"https:\\\/\\\/arealorcaradio.es\\\/index.php\\\/2024\\\/06\\\/20\\\/este-viernes-concluye-el-ii-ciclo-de-conciertos-en-homenaje-al-maestro-rafael-rosell-organizado-por-la-fundacion-paso-morado\\\/\"},\"author\":{\"name\":\"Paco S\u00e1nchez\",\"@id\":\"https:\\\/\\\/arealorcaradio.es\\\/#\\\/schema\\\/person\\\/9fae605fc25b0f2c83c1ab207139bd27\"},\"headline\":\"Este viernes concluye el II Ciclo de Conciertos en homenaje al maestro Rafael Rosell organizado por la Fundaci\u00f3n Paso Morado.\",\"datePublished\":\"2024-06-20T17:25:35+00:00\",\"mainEntityOfPage\":{\"@id\":\"https:\\\/\\\/arealorcaradio.es\\\/index.php\\\/2024\\\/06\\\/20\\\/este-viernes-concluye-el-ii-ciclo-de-conciertos-en-homenaje-al-maestro-rafael-rosell-organizado-por-la-fundacion-paso-morado\\\/\"},\"wordCount\":84,\"commentCount\":0,\"image\":{\"@id\":\"https:\\\/\\\/arealorcaradio.es\\\/index.php\\\/2024\\\/06\\\/20\\\/este-viernes-concluye-el-ii-ciclo-de-conciertos-en-homenaje-al-maestro-rafael-rosell-organizado-por-la-fundacion-paso-morado\\\/#primaryimage\"},\"thumbnailUrl\":\"https:\\\/\\\/arealorcaradio.es\\\/wp-content\\\/uploads\\\/2024\\\/06\\\/20240620_175806-scaled.jpg\",\"articleSection\":[\"ACTUALIDAD\",\"LORCA\"],\"inLanguage\":\"es\",\"potentialAction\":[{\"@type\":\"CommentAction\",\"name\":\"Comment\",\"target\":[\"https:\\\/\\\/arealorcaradio.es\\\/index.php\\\/2024\\\/06\\\/20\\\/este-viernes-concluye-el-ii-ciclo-de-conciertos-en-homenaje-al-maestro-rafael-rosell-organizado-por-la-fundacion-paso-morado\\\/#respond\"]}]},{\"@type\":\"WebPage\",\"@id\":\"https:\\\/\\\/arealorcaradio.es\\\/index.php\\\/2024\\\/06\\\/20\\\/este-viernes-concluye-el-ii-ciclo-de-conciertos-en-homenaje-al-maestro-rafael-rosell-organizado-por-la-fundacion-paso-morado\\\/\",\"url\":\"https:\\\/\\\/arealorcaradio.es\\\/index.php\\\/2024\\\/06\\\/20\\\/este-viernes-concluye-el-ii-ciclo-de-conciertos-en-homenaje-al-maestro-rafael-rosell-organizado-por-la-fundacion-paso-morado\\\/\",\"name\":\"Este viernes concluye el II Ciclo de Conciertos en homenaje al maestro Rafael Rosell organizado por la Fundaci\u00f3n Paso Morado. - AREA LORCA RADIO\",\"isPartOf\":{\"@id\":\"https:\\\/\\\/arealorcaradio.es\\\/#website\"},\"primaryImageOfPage\":{\"@id\":\"https:\\\/\\\/arealorcaradio.es\\\/index.php\\\/2024\\\/06\\\/20\\\/este-viernes-concluye-el-ii-ciclo-de-conciertos-en-homenaje-al-maestro-rafael-rosell-organizado-por-la-fundacion-paso-morado\\\/#primaryimage\"},\"image\":{\"@id\":\"https:\\\/\\\/arealorcaradio.es\\\/index.php\\\/2024\\\/06\\\/20\\\/este-viernes-concluye-el-ii-ciclo-de-conciertos-en-homenaje-al-maestro-rafael-rosell-organizado-por-la-fundacion-paso-morado\\\/#primaryimage\"},\"thumbnailUrl\":\"https:\\\/\\\/arealorcaradio.es\\\/wp-content\\\/uploads\\\/2024\\\/06\\\/20240620_175806-scaled.jpg\",\"datePublished\":\"2024-06-20T17:25:35+00:00\",\"author\":{\"@id\":\"https:\\\/\\\/arealorcaradio.es\\\/#\\\/schema\\\/person\\\/9fae605fc25b0f2c83c1ab207139bd27\"},\"breadcrumb\":{\"@id\":\"https:\\\/\\\/arealorcaradio.es\\\/index.php\\\/2024\\\/06\\\/20\\\/este-viernes-concluye-el-ii-ciclo-de-conciertos-en-homenaje-al-maestro-rafael-rosell-organizado-por-la-fundacion-paso-morado\\\/#breadcrumb\"},\"inLanguage\":\"es\",\"potentialAction\":[{\"@type\":\"ReadAction\",\"target\":[\"https:\\\/\\\/arealorcaradio.es\\\/index.php\\\/2024\\\/06\\\/20\\\/este-viernes-concluye-el-ii-ciclo-de-conciertos-en-homenaje-al-maestro-rafael-rosell-organizado-por-la-fundacion-paso-morado\\\/\"]}]},{\"@type\":\"ImageObject\",\"inLanguage\":\"es\",\"@id\":\"https:\\\/\\\/arealorcaradio.es\\\/index.php\\\/2024\\\/06\\\/20\\\/este-viernes-concluye-el-ii-ciclo-de-conciertos-en-homenaje-al-maestro-rafael-rosell-organizado-por-la-fundacion-paso-morado\\\/#primaryimage\",\"url\":\"https:\\\/\\\/arealorcaradio.es\\\/wp-content\\\/uploads\\\/2024\\\/06\\\/20240620_175806-scaled.jpg\",\"contentUrl\":\"https:\\\/\\\/arealorcaradio.es\\\/wp-content\\\/uploads\\\/2024\\\/06\\\/20240620_175806-scaled.jpg\",\"width\":2560,\"height\":1920},{\"@type\":\"BreadcrumbList\",\"@id\":\"https:\\\/\\\/arealorcaradio.es\\\/index.php\\\/2024\\\/06\\\/20\\\/este-viernes-concluye-el-ii-ciclo-de-conciertos-en-homenaje-al-maestro-rafael-rosell-organizado-por-la-fundacion-paso-morado\\\/#breadcrumb\",\"itemListElement\":[{\"@type\":\"ListItem\",\"position\":1,\"name\":\"Portada\",\"item\":\"https:\\\/\\\/arealorcaradio.es\\\/\"},{\"@type\":\"ListItem\",\"position\":2,\"name\":\"Este viernes concluye el II Ciclo de Conciertos en homenaje al maestro Rafael Rosell organizado por la Fundaci\u00f3n Paso Morado.\"}]},{\"@type\":\"WebSite\",\"@id\":\"https:\\\/\\\/arealorcaradio.es\\\/#website\",\"url\":\"https:\\\/\\\/arealorcaradio.es\\\/\",\"name\":\"AREA LORCA RADIO\",\"description\":\"Descubre la programaci\u00f3n actual en \u00c1rea Lorca Radio, tu fuente de entrenamiento y noticias locales. Sintoniza ahora y mantente conectado online.\",\"potentialAction\":[{\"@type\":\"SearchAction\",\"target\":{\"@type\":\"EntryPoint\",\"urlTemplate\":\"https:\\\/\\\/arealorcaradio.es\\\/?s={search_term_string}\"},\"query-input\":{\"@type\":\"PropertyValueSpecification\",\"valueRequired\":true,\"valueName\":\"search_term_string\"}}],\"inLanguage\":\"es\"},{\"@type\":\"Person\",\"@id\":\"https:\\\/\\\/arealorcaradio.es\\\/#\\\/schema\\\/person\\\/9fae605fc25b0f2c83c1ab207139bd27\",\"name\":\"Paco S\u00e1nchez\",\"image\":{\"@type\":\"ImageObject\",\"inLanguage\":\"es\",\"@id\":\"https:\\\/\\\/secure.gravatar.com\\\/avatar\\\/d67144e966420fb74aa84c9f2a0103be4724fd14db52b52d3b6bca749f257e79?s=96&d=mm&r=g\",\"url\":\"https:\\\/\\\/secure.gravatar.com\\\/avatar\\\/d67144e966420fb74aa84c9f2a0103be4724fd14db52b52d3b6bca749f257e79?s=96&d=mm&r=g\",\"contentUrl\":\"https:\\\/\\\/secure.gravatar.com\\\/avatar\\\/d67144e966420fb74aa84c9f2a0103be4724fd14db52b52d3b6bca749f257e79?s=96&d=mm&r=g\",\"caption\":\"Paco S\u00e1nchez\"},\"sameAs\":[\"https:\\\/\\\/arealorcaradio.es\"],\"url\":\"https:\\\/\\\/arealorcaradio.es\\\/index.php\\\/author\\\/admin_alorcaradio\\\/\"}]}<\/script>\n<!-- \/ Yoast SEO plugin. -->","yoast_head_json":{"title":"Este viernes concluye el II Ciclo de Conciertos en homenaje al maestro Rafael Rosell organizado por la Fundaci\u00f3n Paso Morado. - AREA LORCA RADIO","robots":{"index":"index","follow":"follow","max-snippet":"max-snippet:-1","max-image-preview":"max-image-preview:large","max-video-preview":"max-video-preview:-1"},"canonical":"https:\/\/arealorcaradio.es\/index.php\/2024\/06\/20\/este-viernes-concluye-el-ii-ciclo-de-conciertos-en-homenaje-al-maestro-rafael-rosell-organizado-por-la-fundacion-paso-morado\/","og_locale":"es_ES","og_type":"article","og_title":"Este viernes concluye el II Ciclo de Conciertos en homenaje al maestro Rafael Rosell organizado por la Fundaci\u00f3n Paso Morado. - AREA LORCA RADIO","og_description":"\u00c1REA LORCA RADIO. Escucha aqu\u00ed la entrevista que ha concedido a Paco S\u00e1nchez en el magazine \u00c1rea Lorca Actualidad, el coordinador de este Ciclo de Conciertos, Rafael Rosell Toledo, hijo del homenajeado Rafael Rosell Cebri\u00e1n, qui\u00e9n fuera director de la Banda Municipal de M\u00fasica de Lorca desde 1975 hasta 1983.","og_url":"https:\/\/arealorcaradio.es\/index.php\/2024\/06\/20\/este-viernes-concluye-el-ii-ciclo-de-conciertos-en-homenaje-al-maestro-rafael-rosell-organizado-por-la-fundacion-paso-morado\/","og_site_name":"AREA LORCA RADIO","article_published_time":"2024-06-20T17:25:35+00:00","og_image":[{"width":2560,"height":1920,"url":"https:\/\/arealorcaradio.es\/wp-content\/uploads\/2024\/06\/20240620_175806-scaled.jpg","type":"image\/jpeg"}],"author":"Paco S\u00e1nchez","twitter_card":"summary_large_image","twitter_misc":{"Escrito por":"Paco S\u00e1nchez","Tiempo de lectura":"1 minuto"},"schema":{"@context":"https:\/\/schema.org","@graph":[{"@type":"Article","@id":"https:\/\/arealorcaradio.es\/index.php\/2024\/06\/20\/este-viernes-concluye-el-ii-ciclo-de-conciertos-en-homenaje-al-maestro-rafael-rosell-organizado-por-la-fundacion-paso-morado\/#article","isPartOf":{"@id":"https:\/\/arealorcaradio.es\/index.php\/2024\/06\/20\/este-viernes-concluye-el-ii-ciclo-de-conciertos-en-homenaje-al-maestro-rafael-rosell-organizado-por-la-fundacion-paso-morado\/"},"author":{"name":"Paco S\u00e1nchez","@id":"https:\/\/arealorcaradio.es\/#\/schema\/person\/9fae605fc25b0f2c83c1ab207139bd27"},"headline":"Este viernes concluye el II Ciclo de Conciertos en homenaje al maestro Rafael Rosell organizado por la Fundaci\u00f3n Paso Morado.","datePublished":"2024-06-20T17:25:35+00:00","mainEntityOfPage":{"@id":"https:\/\/arealorcaradio.es\/index.php\/2024\/06\/20\/este-viernes-concluye-el-ii-ciclo-de-conciertos-en-homenaje-al-maestro-rafael-rosell-organizado-por-la-fundacion-paso-morado\/"},"wordCount":84,"commentCount":0,"image":{"@id":"https:\/\/arealorcaradio.es\/index.php\/2024\/06\/20\/este-viernes-concluye-el-ii-ciclo-de-conciertos-en-homenaje-al-maestro-rafael-rosell-organizado-por-la-fundacion-paso-morado\/#primaryimage"},"thumbnailUrl":"https:\/\/arealorcaradio.es\/wp-content\/uploads\/2024\/06\/20240620_175806-scaled.jpg","articleSection":["ACTUALIDAD","LORCA"],"inLanguage":"es","potentialAction":[{"@type":"CommentAction","name":"Comment","target":["https:\/\/arealorcaradio.es\/index.php\/2024\/06\/20\/este-viernes-concluye-el-ii-ciclo-de-conciertos-en-homenaje-al-maestro-rafael-rosell-organizado-por-la-fundacion-paso-morado\/#respond"]}]},{"@type":"WebPage","@id":"https:\/\/arealorcaradio.es\/index.php\/2024\/06\/20\/este-viernes-concluye-el-ii-ciclo-de-conciertos-en-homenaje-al-maestro-rafael-rosell-organizado-por-la-fundacion-paso-morado\/","url":"https:\/\/arealorcaradio.es\/index.php\/2024\/06\/20\/este-viernes-concluye-el-ii-ciclo-de-conciertos-en-homenaje-al-maestro-rafael-rosell-organizado-por-la-fundacion-paso-morado\/","name":"Este viernes concluye el II Ciclo de Conciertos en homenaje al maestro Rafael Rosell organizado por la Fundaci\u00f3n Paso Morado. - AREA LORCA RADIO","isPartOf":{"@id":"https:\/\/arealorcaradio.es\/#website"},"primaryImageOfPage":{"@id":"https:\/\/arealorcaradio.es\/index.php\/2024\/06\/20\/este-viernes-concluye-el-ii-ciclo-de-conciertos-en-homenaje-al-maestro-rafael-rosell-organizado-por-la-fundacion-paso-morado\/#primaryimage"},"image":{"@id":"https:\/\/arealorcaradio.es\/index.php\/2024\/06\/20\/este-viernes-concluye-el-ii-ciclo-de-conciertos-en-homenaje-al-maestro-rafael-rosell-organizado-por-la-fundacion-paso-morado\/#primaryimage"},"thumbnailUrl":"https:\/\/arealorcaradio.es\/wp-content\/uploads\/2024\/06\/20240620_175806-scaled.jpg","datePublished":"2024-06-20T17:25:35+00:00","author":{"@id":"https:\/\/arealorcaradio.es\/#\/schema\/person\/9fae605fc25b0f2c83c1ab207139bd27"},"breadcrumb":{"@id":"https:\/\/arealorcaradio.es\/index.php\/2024\/06\/20\/este-viernes-concluye-el-ii-ciclo-de-conciertos-en-homenaje-al-maestro-rafael-rosell-organizado-por-la-fundacion-paso-morado\/#breadcrumb"},"inLanguage":"es","potentialAction":[{"@type":"ReadAction","target":["https:\/\/arealorcaradio.es\/index.php\/2024\/06\/20\/este-viernes-concluye-el-ii-ciclo-de-conciertos-en-homenaje-al-maestro-rafael-rosell-organizado-por-la-fundacion-paso-morado\/"]}]},{"@type":"ImageObject","inLanguage":"es","@id":"https:\/\/arealorcaradio.es\/index.php\/2024\/06\/20\/este-viernes-concluye-el-ii-ciclo-de-conciertos-en-homenaje-al-maestro-rafael-rosell-organizado-por-la-fundacion-paso-morado\/#primaryimage","url":"https:\/\/arealorcaradio.es\/wp-content\/uploads\/2024\/06\/20240620_175806-scaled.jpg","contentUrl":"https:\/\/arealorcaradio.es\/wp-content\/uploads\/2024\/06\/20240620_175806-scaled.jpg","width":2560,"height":1920},{"@type":"BreadcrumbList","@id":"https:\/\/arealorcaradio.es\/index.php\/2024\/06\/20\/este-viernes-concluye-el-ii-ciclo-de-conciertos-en-homenaje-al-maestro-rafael-rosell-organizado-por-la-fundacion-paso-morado\/#breadcrumb","itemListElement":[{"@type":"ListItem","position":1,"name":"Portada","item":"https:\/\/arealorcaradio.es\/"},{"@type":"ListItem","position":2,"name":"Este viernes concluye el II Ciclo de Conciertos en homenaje al maestro Rafael Rosell organizado por la Fundaci\u00f3n Paso Morado."}]},{"@type":"WebSite","@id":"https:\/\/arealorcaradio.es\/#website","url":"https:\/\/arealorcaradio.es\/","name":"AREA LORCA RADIO","description":"Descubre la programaci\u00f3n actual en \u00c1rea Lorca Radio, tu fuente de entrenamiento y noticias locales. Sintoniza ahora y mantente conectado online.","potentialAction":[{"@type":"SearchAction","target":{"@type":"EntryPoint","urlTemplate":"https:\/\/arealorcaradio.es\/?s={search_term_string}"},"query-input":{"@type":"PropertyValueSpecification","valueRequired":true,"valueName":"search_term_string"}}],"inLanguage":"es"},{"@type":"Person","@id":"https:\/\/arealorcaradio.es\/#\/schema\/person\/9fae605fc25b0f2c83c1ab207139bd27","name":"Paco S\u00e1nchez","image":{"@type":"ImageObject","inLanguage":"es","@id":"https:\/\/secure.gravatar.com\/avatar\/d67144e966420fb74aa84c9f2a0103be4724fd14db52b52d3b6bca749f257e79?s=96&d=mm&r=g","url":"https:\/\/secure.gravatar.com\/avatar\/d67144e966420fb74aa84c9f2a0103be4724fd14db52b52d3b6bca749f257e79?s=96&d=mm&r=g","contentUrl":"https:\/\/secure.gravatar.com\/avatar\/d67144e966420fb74aa84c9f2a0103be4724fd14db52b52d3b6bca749f257e79?s=96&d=mm&r=g","caption":"Paco S\u00e1nchez"},"sameAs":["https:\/\/arealorcaradio.es"],"url":"https:\/\/arealorcaradio.es\/index.php\/author\/admin_alorcaradio\/"}]}},"_links":{"self":[{"href":"https:\/\/arealorcaradio.es\/index.php\/wp-json\/wp\/v2\/posts\/3541","targetHints":{"allow":["GET"]}}],"collection":[{"href":"https:\/\/arealorcaradio.es\/index.php\/wp-json\/wp\/v2\/posts"}],"about":[{"href":"https:\/\/arealorcaradio.es\/index.php\/wp-json\/wp\/v2\/types\/post"}],"author":[{"embeddable":true,"href":"https:\/\/arealorcaradio.es\/index.php\/wp-json\/wp\/v2\/users\/1"}],"replies":[{"embeddable":true,"href":"https:\/\/arealorcaradio.es\/index.php\/wp-json\/wp\/v2\/comments?post=3541"}],"version-history":[{"count":1,"href":"https:\/\/arealorcaradio.es\/index.php\/wp-json\/wp\/v2\/posts\/3541\/revisions"}],"predecessor-version":[{"id":3546,"href":"https:\/\/arealorcaradio.es\/index.php\/wp-json\/wp\/v2\/posts\/3541\/revisions\/3546"}],"wp:featuredmedia":[{"embeddable":true,"href":"https:\/\/arealorcaradio.es\/index.php\/wp-json\/wp\/v2\/media\/3545"}],"wp:attachment":[{"href":"https:\/\/arealorcaradio.es\/index.php\/wp-json\/wp\/v2\/media?parent=3541"}],"wp:term":[{"taxonomy":"category","embeddable":true,"href":"https:\/\/arealorcaradio.es\/index.php\/wp-json\/wp\/v2\/categories?post=3541"},{"taxonomy":"post_tag","embeddable":true,"href":"https:\/\/arealorcaradio.es\/index.php\/wp-json\/wp\/v2\/tags?post=3541"}],"curies":[{"name":"wp","href":"https:\/\/api.w.org\/{rel}","templated":true}]}}