{"id":3499,"date":"2024-06-17T16:35:31","date_gmt":"2024-06-17T16:35:31","guid":{"rendered":"https:\/\/arealorcaradio.es\/?p=3499"},"modified":"2024-06-17T17:11:24","modified_gmt":"2024-06-17T17:11:24","slug":"ayoub-y-kiko-jugar-en-el-lorca-deportiva-es-una-gran-oportunidad-y-todo-un-reto-profesional-para-nosotros","status":"publish","type":"post","link":"https:\/\/arealorcaradio.es\/index.php\/2024\/06\/17\/ayoub-y-kiko-jugar-en-el-lorca-deportiva-es-una-gran-oportunidad-y-todo-un-reto-profesional-para-nosotros\/","title":{"rendered":"Ayoub y Kiko: \u00abJugar en el Lorca Deportiva es una gran oportunidad y todo un reto profesional para nosotros\u00bb"},"content":{"rendered":"<p>Escucha las entrevistas que han concedido Ayoub Goudani y Kiko L\u00f3pez a Paco S\u00e1nchez en el programa \u00c1rea Lorca Deportes. Ayoub se define como un futbolista hispano-marroqu\u00ed que le gusta encarar a sus rivales con desparpajo brasile\u00f1o. Por su parte Kiko, que cuenta solo con 20 a\u00f1os asegura que es un lateral al que le gusta mucho subir, lateral por tanto de largo recorrido.<\/p>\n<p>Escucha la entrevista de Ayoub Goudani.<\/p>\n<audio class=\"wp-audio-shortcode\" id=\"audio-3499-1\" preload=\"none\" style=\"width: 100%;\" controls=\"controls\"><source type=\"audio\/mpeg\" src=\"https:\/\/arealorcaradio.es\/wp-content\/uploads\/2024\/06\/170624-AYOUB.-LORCA-DEPORTIVA.mp3?_=1\" \/><a href=\"https:\/\/arealorcaradio.es\/wp-content\/uploads\/2024\/06\/170624-AYOUB.-LORCA-DEPORTIVA.mp3\">https:\/\/arealorcaradio.es\/wp-content\/uploads\/2024\/06\/170624-AYOUB.-LORCA-DEPORTIVA.mp3<\/a><\/audio>\n<p><img loading=\"lazy\" decoding=\"async\" class=\"alignnone wp-image-3500\" src=\"https:\/\/arealorcaradio.es\/wp-content\/uploads\/2024\/06\/IMG-20240617-WA0022-200x300.jpg\" alt=\"\" width=\"240\" height=\"360\" srcset=\"https:\/\/arealorcaradio.es\/wp-content\/uploads\/2024\/06\/IMG-20240617-WA0022-200x300.jpg 200w, https:\/\/arealorcaradio.es\/wp-content\/uploads\/2024\/06\/IMG-20240617-WA0022-682x1024.jpg 682w, https:\/\/arealorcaradio.es\/wp-content\/uploads\/2024\/06\/IMG-20240617-WA0022-768x1153.jpg 768w, https:\/\/arealorcaradio.es\/wp-content\/uploads\/2024\/06\/IMG-20240617-WA0022-1023x1536.jpg 1023w, https:\/\/arealorcaradio.es\/wp-content\/uploads\/2024\/06\/IMG-20240617-WA0022.jpg 1364w\" sizes=\"auto, (max-width: 240px) 100vw, 240px\" \/><\/p>\n<p>Entrevista de \u00abKiko\u00bb L\u00f3pez Abril.<\/p>\n<audio class=\"wp-audio-shortcode\" id=\"audio-3499-2\" preload=\"none\" style=\"width: 100%;\" controls=\"controls\"><source type=\"audio\/mpeg\" src=\"https:\/\/arealorcaradio.es\/wp-content\/uploads\/2024\/06\/170624-KIKO.-LORCA-DEPORTIVA.mp3?_=2\" \/><a href=\"https:\/\/arealorcaradio.es\/wp-content\/uploads\/2024\/06\/170624-KIKO.-LORCA-DEPORTIVA.mp3\">https:\/\/arealorcaradio.es\/wp-content\/uploads\/2024\/06\/170624-KIKO.-LORCA-DEPORTIVA.mp3<\/a><\/audio>\n<p><img loading=\"lazy\" decoding=\"async\" class=\"alignnone size-medium wp-image-3503\" src=\"https:\/\/arealorcaradio.es\/wp-content\/uploads\/2024\/06\/IMG-20240611-WA0089-239x300.jpg\" alt=\"\" width=\"239\" height=\"300\" srcset=\"https:\/\/arealorcaradio.es\/wp-content\/uploads\/2024\/06\/IMG-20240611-WA0089-239x300.jpg 239w, https:\/\/arealorcaradio.es\/wp-content\/uploads\/2024\/06\/IMG-20240611-WA0089-816x1024.jpg 816w, https:\/\/arealorcaradio.es\/wp-content\/uploads\/2024\/06\/IMG-20240611-WA0089-768x963.jpg 768w, https:\/\/arealorcaradio.es\/wp-content\/uploads\/2024\/06\/IMG-20240611-WA0089.jpg 829w\" sizes=\"auto, (max-width: 239px) 100vw, 239px\" \/><\/p>\n","protected":false},"excerpt":{"rendered":"<p>Escucha las entrevistas que han concedido Ayoub Goudani y Kiko L\u00f3pez a Paco S\u00e1nchez en el programa \u00c1rea Lorca Deportes. Ayoub se define como un futbolista hispano-marroqu\u00ed que le gusta encarar a sus rivales con desparpajo brasile\u00f1o. Por su parte Kiko, que cuenta solo con 20 a\u00f1os asegura que es un lateral al que le [&hellip;]<\/p>\n","protected":false},"author":1,"featured_media":3506,"comment_status":"open","ping_status":"open","sticky":false,"template":"","format":"standard","meta":{"iawp_total_views":109,"footnotes":""},"categories":[4,7],"tags":[],"class_list":["post-3499","post","type-post","status-publish","format-standard","has-post-thumbnail","hentry","category-deportes","category-lorca"],"yoast_head":"<!-- This site is optimized with the Yoast SEO plugin v27.5 - https:\/\/yoast.com\/product\/yoast-seo-wordpress\/ -->\n<title>Ayoub y Kiko: &quot;Jugar en el Lorca Deportiva es una gran oportunidad y todo un reto profesional para nosotros&quot; - AREA LORCA RADIO<\/title>\n<meta name=\"robots\" content=\"index, follow, max-snippet:-1, max-image-preview:large, max-video-preview:-1\" \/>\n<link rel=\"canonical\" href=\"https:\/\/arealorcaradio.es\/index.php\/2024\/06\/17\/ayoub-y-kiko-jugar-en-el-lorca-deportiva-es-una-gran-oportunidad-y-todo-un-reto-profesional-para-nosotros\/\" \/>\n<meta property=\"og:locale\" content=\"es_ES\" \/>\n<meta property=\"og:type\" content=\"article\" \/>\n<meta property=\"og:title\" content=\"Ayoub y Kiko: &quot;Jugar en el Lorca Deportiva es una gran oportunidad y todo un reto profesional para nosotros&quot; - AREA LORCA RADIO\" \/>\n<meta property=\"og:description\" content=\"Escucha las entrevistas que han concedido Ayoub Goudani y Kiko L\u00f3pez a Paco S\u00e1nchez en el programa \u00c1rea Lorca Deportes. Ayoub se define como un futbolista hispano-marroqu\u00ed que le gusta encarar a sus rivales con desparpajo brasile\u00f1o. Por su parte Kiko, que cuenta solo con 20 a\u00f1os asegura que es un lateral al que le [&hellip;]\" \/>\n<meta property=\"og:url\" content=\"https:\/\/arealorcaradio.es\/index.php\/2024\/06\/17\/ayoub-y-kiko-jugar-en-el-lorca-deportiva-es-una-gran-oportunidad-y-todo-un-reto-profesional-para-nosotros\/\" \/>\n<meta property=\"og:site_name\" content=\"AREA LORCA RADIO\" \/>\n<meta property=\"article:published_time\" content=\"2024-06-17T16:35:31+00:00\" \/>\n<meta property=\"article:modified_time\" content=\"2024-06-17T17:11:24+00:00\" \/>\n<meta property=\"og:image\" content=\"https:\/\/arealorcaradio.es\/wp-content\/uploads\/2024\/06\/20240617_183219-scaled.jpg\" \/>\n\t<meta property=\"og:image:width\" content=\"2560\" \/>\n\t<meta property=\"og:image:height\" content=\"2560\" \/>\n\t<meta property=\"og:image:type\" content=\"image\/jpeg\" \/>\n<meta name=\"author\" content=\"Paco S\u00e1nchez\" \/>\n<meta name=\"twitter:card\" content=\"summary_large_image\" \/>\n<meta name=\"twitter:label1\" content=\"Escrito por\" \/>\n\t<meta name=\"twitter:data1\" content=\"Paco S\u00e1nchez\" \/>\n\t<meta name=\"twitter:label2\" content=\"Tiempo de lectura\" \/>\n\t<meta name=\"twitter:data2\" content=\"1 minuto\" \/>\n<script type=\"application\/ld+json\" class=\"yoast-schema-graph\">{\"@context\":\"https:\\\/\\\/schema.org\",\"@graph\":[{\"@type\":\"Article\",\"@id\":\"https:\\\/\\\/arealorcaradio.es\\\/index.php\\\/2024\\\/06\\\/17\\\/ayoub-y-kiko-jugar-en-el-lorca-deportiva-es-una-gran-oportunidad-y-todo-un-reto-profesional-para-nosotros\\\/#article\",\"isPartOf\":{\"@id\":\"https:\\\/\\\/arealorcaradio.es\\\/index.php\\\/2024\\\/06\\\/17\\\/ayoub-y-kiko-jugar-en-el-lorca-deportiva-es-una-gran-oportunidad-y-todo-un-reto-profesional-para-nosotros\\\/\"},\"author\":{\"name\":\"Paco S\u00e1nchez\",\"@id\":\"https:\\\/\\\/arealorcaradio.es\\\/#\\\/schema\\\/person\\\/9fae605fc25b0f2c83c1ab207139bd27\"},\"headline\":\"Ayoub y Kiko: \u00abJugar en el Lorca Deportiva es una gran oportunidad y todo un reto profesional para nosotros\u00bb\",\"datePublished\":\"2024-06-17T16:35:31+00:00\",\"dateModified\":\"2024-06-17T17:11:24+00:00\",\"mainEntityOfPage\":{\"@id\":\"https:\\\/\\\/arealorcaradio.es\\\/index.php\\\/2024\\\/06\\\/17\\\/ayoub-y-kiko-jugar-en-el-lorca-deportiva-es-una-gran-oportunidad-y-todo-un-reto-profesional-para-nosotros\\\/\"},\"wordCount\":120,\"commentCount\":0,\"image\":{\"@id\":\"https:\\\/\\\/arealorcaradio.es\\\/index.php\\\/2024\\\/06\\\/17\\\/ayoub-y-kiko-jugar-en-el-lorca-deportiva-es-una-gran-oportunidad-y-todo-un-reto-profesional-para-nosotros\\\/#primaryimage\"},\"thumbnailUrl\":\"https:\\\/\\\/arealorcaradio.es\\\/wp-content\\\/uploads\\\/2024\\\/06\\\/20240617_183219-scaled.jpg\",\"articleSection\":[\"DEPORTES\",\"LORCA\"],\"inLanguage\":\"es\",\"potentialAction\":[{\"@type\":\"CommentAction\",\"name\":\"Comment\",\"target\":[\"https:\\\/\\\/arealorcaradio.es\\\/index.php\\\/2024\\\/06\\\/17\\\/ayoub-y-kiko-jugar-en-el-lorca-deportiva-es-una-gran-oportunidad-y-todo-un-reto-profesional-para-nosotros\\\/#respond\"]}]},{\"@type\":\"WebPage\",\"@id\":\"https:\\\/\\\/arealorcaradio.es\\\/index.php\\\/2024\\\/06\\\/17\\\/ayoub-y-kiko-jugar-en-el-lorca-deportiva-es-una-gran-oportunidad-y-todo-un-reto-profesional-para-nosotros\\\/\",\"url\":\"https:\\\/\\\/arealorcaradio.es\\\/index.php\\\/2024\\\/06\\\/17\\\/ayoub-y-kiko-jugar-en-el-lorca-deportiva-es-una-gran-oportunidad-y-todo-un-reto-profesional-para-nosotros\\\/\",\"name\":\"Ayoub y Kiko: \\\"Jugar en el Lorca Deportiva es una gran oportunidad y todo un reto profesional para nosotros\\\" - AREA LORCA RADIO\",\"isPartOf\":{\"@id\":\"https:\\\/\\\/arealorcaradio.es\\\/#website\"},\"primaryImageOfPage\":{\"@id\":\"https:\\\/\\\/arealorcaradio.es\\\/index.php\\\/2024\\\/06\\\/17\\\/ayoub-y-kiko-jugar-en-el-lorca-deportiva-es-una-gran-oportunidad-y-todo-un-reto-profesional-para-nosotros\\\/#primaryimage\"},\"image\":{\"@id\":\"https:\\\/\\\/arealorcaradio.es\\\/index.php\\\/2024\\\/06\\\/17\\\/ayoub-y-kiko-jugar-en-el-lorca-deportiva-es-una-gran-oportunidad-y-todo-un-reto-profesional-para-nosotros\\\/#primaryimage\"},\"thumbnailUrl\":\"https:\\\/\\\/arealorcaradio.es\\\/wp-content\\\/uploads\\\/2024\\\/06\\\/20240617_183219-scaled.jpg\",\"datePublished\":\"2024-06-17T16:35:31+00:00\",\"dateModified\":\"2024-06-17T17:11:24+00:00\",\"author\":{\"@id\":\"https:\\\/\\\/arealorcaradio.es\\\/#\\\/schema\\\/person\\\/9fae605fc25b0f2c83c1ab207139bd27\"},\"breadcrumb\":{\"@id\":\"https:\\\/\\\/arealorcaradio.es\\\/index.php\\\/2024\\\/06\\\/17\\\/ayoub-y-kiko-jugar-en-el-lorca-deportiva-es-una-gran-oportunidad-y-todo-un-reto-profesional-para-nosotros\\\/#breadcrumb\"},\"inLanguage\":\"es\",\"potentialAction\":[{\"@type\":\"ReadAction\",\"target\":[\"https:\\\/\\\/arealorcaradio.es\\\/index.php\\\/2024\\\/06\\\/17\\\/ayoub-y-kiko-jugar-en-el-lorca-deportiva-es-una-gran-oportunidad-y-todo-un-reto-profesional-para-nosotros\\\/\"]}]},{\"@type\":\"ImageObject\",\"inLanguage\":\"es\",\"@id\":\"https:\\\/\\\/arealorcaradio.es\\\/index.php\\\/2024\\\/06\\\/17\\\/ayoub-y-kiko-jugar-en-el-lorca-deportiva-es-una-gran-oportunidad-y-todo-un-reto-profesional-para-nosotros\\\/#primaryimage\",\"url\":\"https:\\\/\\\/arealorcaradio.es\\\/wp-content\\\/uploads\\\/2024\\\/06\\\/20240617_183219-scaled.jpg\",\"contentUrl\":\"https:\\\/\\\/arealorcaradio.es\\\/wp-content\\\/uploads\\\/2024\\\/06\\\/20240617_183219-scaled.jpg\",\"width\":2560,\"height\":2560},{\"@type\":\"BreadcrumbList\",\"@id\":\"https:\\\/\\\/arealorcaradio.es\\\/index.php\\\/2024\\\/06\\\/17\\\/ayoub-y-kiko-jugar-en-el-lorca-deportiva-es-una-gran-oportunidad-y-todo-un-reto-profesional-para-nosotros\\\/#breadcrumb\",\"itemListElement\":[{\"@type\":\"ListItem\",\"position\":1,\"name\":\"Portada\",\"item\":\"https:\\\/\\\/arealorcaradio.es\\\/\"},{\"@type\":\"ListItem\",\"position\":2,\"name\":\"Ayoub y Kiko: \u00abJugar en el Lorca Deportiva es una gran oportunidad y todo un reto profesional para nosotros\u00bb\"}]},{\"@type\":\"WebSite\",\"@id\":\"https:\\\/\\\/arealorcaradio.es\\\/#website\",\"url\":\"https:\\\/\\\/arealorcaradio.es\\\/\",\"name\":\"AREA LORCA RADIO\",\"description\":\"Descubre la programaci\u00f3n actual en \u00c1rea Lorca Radio, tu fuente de entrenamiento y noticias locales. Sintoniza ahora y mantente conectado online.\",\"potentialAction\":[{\"@type\":\"SearchAction\",\"target\":{\"@type\":\"EntryPoint\",\"urlTemplate\":\"https:\\\/\\\/arealorcaradio.es\\\/?s={search_term_string}\"},\"query-input\":{\"@type\":\"PropertyValueSpecification\",\"valueRequired\":true,\"valueName\":\"search_term_string\"}}],\"inLanguage\":\"es\"},{\"@type\":\"Person\",\"@id\":\"https:\\\/\\\/arealorcaradio.es\\\/#\\\/schema\\\/person\\\/9fae605fc25b0f2c83c1ab207139bd27\",\"name\":\"Paco S\u00e1nchez\",\"image\":{\"@type\":\"ImageObject\",\"inLanguage\":\"es\",\"@id\":\"https:\\\/\\\/secure.gravatar.com\\\/avatar\\\/d67144e966420fb74aa84c9f2a0103be4724fd14db52b52d3b6bca749f257e79?s=96&d=mm&r=g\",\"url\":\"https:\\\/\\\/secure.gravatar.com\\\/avatar\\\/d67144e966420fb74aa84c9f2a0103be4724fd14db52b52d3b6bca749f257e79?s=96&d=mm&r=g\",\"contentUrl\":\"https:\\\/\\\/secure.gravatar.com\\\/avatar\\\/d67144e966420fb74aa84c9f2a0103be4724fd14db52b52d3b6bca749f257e79?s=96&d=mm&r=g\",\"caption\":\"Paco S\u00e1nchez\"},\"sameAs\":[\"https:\\\/\\\/arealorcaradio.es\"],\"url\":\"https:\\\/\\\/arealorcaradio.es\\\/index.php\\\/author\\\/admin_alorcaradio\\\/\"}]}<\/script>\n<!-- \/ Yoast SEO plugin. -->","yoast_head_json":{"title":"Ayoub y Kiko: \"Jugar en el Lorca Deportiva es una gran oportunidad y todo un reto profesional para nosotros\" - AREA LORCA RADIO","robots":{"index":"index","follow":"follow","max-snippet":"max-snippet:-1","max-image-preview":"max-image-preview:large","max-video-preview":"max-video-preview:-1"},"canonical":"https:\/\/arealorcaradio.es\/index.php\/2024\/06\/17\/ayoub-y-kiko-jugar-en-el-lorca-deportiva-es-una-gran-oportunidad-y-todo-un-reto-profesional-para-nosotros\/","og_locale":"es_ES","og_type":"article","og_title":"Ayoub y Kiko: \"Jugar en el Lorca Deportiva es una gran oportunidad y todo un reto profesional para nosotros\" - AREA LORCA RADIO","og_description":"Escucha las entrevistas que han concedido Ayoub Goudani y Kiko L\u00f3pez a Paco S\u00e1nchez en el programa \u00c1rea Lorca Deportes. Ayoub se define como un futbolista hispano-marroqu\u00ed que le gusta encarar a sus rivales con desparpajo brasile\u00f1o. Por su parte Kiko, que cuenta solo con 20 a\u00f1os asegura que es un lateral al que le [&hellip;]","og_url":"https:\/\/arealorcaradio.es\/index.php\/2024\/06\/17\/ayoub-y-kiko-jugar-en-el-lorca-deportiva-es-una-gran-oportunidad-y-todo-un-reto-profesional-para-nosotros\/","og_site_name":"AREA LORCA RADIO","article_published_time":"2024-06-17T16:35:31+00:00","article_modified_time":"2024-06-17T17:11:24+00:00","og_image":[{"width":2560,"height":2560,"url":"https:\/\/arealorcaradio.es\/wp-content\/uploads\/2024\/06\/20240617_183219-scaled.jpg","type":"image\/jpeg"}],"author":"Paco S\u00e1nchez","twitter_card":"summary_large_image","twitter_misc":{"Escrito por":"Paco S\u00e1nchez","Tiempo de lectura":"1 minuto"},"schema":{"@context":"https:\/\/schema.org","@graph":[{"@type":"Article","@id":"https:\/\/arealorcaradio.es\/index.php\/2024\/06\/17\/ayoub-y-kiko-jugar-en-el-lorca-deportiva-es-una-gran-oportunidad-y-todo-un-reto-profesional-para-nosotros\/#article","isPartOf":{"@id":"https:\/\/arealorcaradio.es\/index.php\/2024\/06\/17\/ayoub-y-kiko-jugar-en-el-lorca-deportiva-es-una-gran-oportunidad-y-todo-un-reto-profesional-para-nosotros\/"},"author":{"name":"Paco S\u00e1nchez","@id":"https:\/\/arealorcaradio.es\/#\/schema\/person\/9fae605fc25b0f2c83c1ab207139bd27"},"headline":"Ayoub y Kiko: \u00abJugar en el Lorca Deportiva es una gran oportunidad y todo un reto profesional para nosotros\u00bb","datePublished":"2024-06-17T16:35:31+00:00","dateModified":"2024-06-17T17:11:24+00:00","mainEntityOfPage":{"@id":"https:\/\/arealorcaradio.es\/index.php\/2024\/06\/17\/ayoub-y-kiko-jugar-en-el-lorca-deportiva-es-una-gran-oportunidad-y-todo-un-reto-profesional-para-nosotros\/"},"wordCount":120,"commentCount":0,"image":{"@id":"https:\/\/arealorcaradio.es\/index.php\/2024\/06\/17\/ayoub-y-kiko-jugar-en-el-lorca-deportiva-es-una-gran-oportunidad-y-todo-un-reto-profesional-para-nosotros\/#primaryimage"},"thumbnailUrl":"https:\/\/arealorcaradio.es\/wp-content\/uploads\/2024\/06\/20240617_183219-scaled.jpg","articleSection":["DEPORTES","LORCA"],"inLanguage":"es","potentialAction":[{"@type":"CommentAction","name":"Comment","target":["https:\/\/arealorcaradio.es\/index.php\/2024\/06\/17\/ayoub-y-kiko-jugar-en-el-lorca-deportiva-es-una-gran-oportunidad-y-todo-un-reto-profesional-para-nosotros\/#respond"]}]},{"@type":"WebPage","@id":"https:\/\/arealorcaradio.es\/index.php\/2024\/06\/17\/ayoub-y-kiko-jugar-en-el-lorca-deportiva-es-una-gran-oportunidad-y-todo-un-reto-profesional-para-nosotros\/","url":"https:\/\/arealorcaradio.es\/index.php\/2024\/06\/17\/ayoub-y-kiko-jugar-en-el-lorca-deportiva-es-una-gran-oportunidad-y-todo-un-reto-profesional-para-nosotros\/","name":"Ayoub y Kiko: \"Jugar en el Lorca Deportiva es una gran oportunidad y todo un reto profesional para nosotros\" - AREA LORCA RADIO","isPartOf":{"@id":"https:\/\/arealorcaradio.es\/#website"},"primaryImageOfPage":{"@id":"https:\/\/arealorcaradio.es\/index.php\/2024\/06\/17\/ayoub-y-kiko-jugar-en-el-lorca-deportiva-es-una-gran-oportunidad-y-todo-un-reto-profesional-para-nosotros\/#primaryimage"},"image":{"@id":"https:\/\/arealorcaradio.es\/index.php\/2024\/06\/17\/ayoub-y-kiko-jugar-en-el-lorca-deportiva-es-una-gran-oportunidad-y-todo-un-reto-profesional-para-nosotros\/#primaryimage"},"thumbnailUrl":"https:\/\/arealorcaradio.es\/wp-content\/uploads\/2024\/06\/20240617_183219-scaled.jpg","datePublished":"2024-06-17T16:35:31+00:00","dateModified":"2024-06-17T17:11:24+00:00","author":{"@id":"https:\/\/arealorcaradio.es\/#\/schema\/person\/9fae605fc25b0f2c83c1ab207139bd27"},"breadcrumb":{"@id":"https:\/\/arealorcaradio.es\/index.php\/2024\/06\/17\/ayoub-y-kiko-jugar-en-el-lorca-deportiva-es-una-gran-oportunidad-y-todo-un-reto-profesional-para-nosotros\/#breadcrumb"},"inLanguage":"es","potentialAction":[{"@type":"ReadAction","target":["https:\/\/arealorcaradio.es\/index.php\/2024\/06\/17\/ayoub-y-kiko-jugar-en-el-lorca-deportiva-es-una-gran-oportunidad-y-todo-un-reto-profesional-para-nosotros\/"]}]},{"@type":"ImageObject","inLanguage":"es","@id":"https:\/\/arealorcaradio.es\/index.php\/2024\/06\/17\/ayoub-y-kiko-jugar-en-el-lorca-deportiva-es-una-gran-oportunidad-y-todo-un-reto-profesional-para-nosotros\/#primaryimage","url":"https:\/\/arealorcaradio.es\/wp-content\/uploads\/2024\/06\/20240617_183219-scaled.jpg","contentUrl":"https:\/\/arealorcaradio.es\/wp-content\/uploads\/2024\/06\/20240617_183219-scaled.jpg","width":2560,"height":2560},{"@type":"BreadcrumbList","@id":"https:\/\/arealorcaradio.es\/index.php\/2024\/06\/17\/ayoub-y-kiko-jugar-en-el-lorca-deportiva-es-una-gran-oportunidad-y-todo-un-reto-profesional-para-nosotros\/#breadcrumb","itemListElement":[{"@type":"ListItem","position":1,"name":"Portada","item":"https:\/\/arealorcaradio.es\/"},{"@type":"ListItem","position":2,"name":"Ayoub y Kiko: \u00abJugar en el Lorca Deportiva es una gran oportunidad y todo un reto profesional para nosotros\u00bb"}]},{"@type":"WebSite","@id":"https:\/\/arealorcaradio.es\/#website","url":"https:\/\/arealorcaradio.es\/","name":"AREA LORCA RADIO","description":"Descubre la programaci\u00f3n actual en \u00c1rea Lorca Radio, tu fuente de entrenamiento y noticias locales. Sintoniza ahora y mantente conectado online.","potentialAction":[{"@type":"SearchAction","target":{"@type":"EntryPoint","urlTemplate":"https:\/\/arealorcaradio.es\/?s={search_term_string}"},"query-input":{"@type":"PropertyValueSpecification","valueRequired":true,"valueName":"search_term_string"}}],"inLanguage":"es"},{"@type":"Person","@id":"https:\/\/arealorcaradio.es\/#\/schema\/person\/9fae605fc25b0f2c83c1ab207139bd27","name":"Paco S\u00e1nchez","image":{"@type":"ImageObject","inLanguage":"es","@id":"https:\/\/secure.gravatar.com\/avatar\/d67144e966420fb74aa84c9f2a0103be4724fd14db52b52d3b6bca749f257e79?s=96&d=mm&r=g","url":"https:\/\/secure.gravatar.com\/avatar\/d67144e966420fb74aa84c9f2a0103be4724fd14db52b52d3b6bca749f257e79?s=96&d=mm&r=g","contentUrl":"https:\/\/secure.gravatar.com\/avatar\/d67144e966420fb74aa84c9f2a0103be4724fd14db52b52d3b6bca749f257e79?s=96&d=mm&r=g","caption":"Paco S\u00e1nchez"},"sameAs":["https:\/\/arealorcaradio.es"],"url":"https:\/\/arealorcaradio.es\/index.php\/author\/admin_alorcaradio\/"}]}},"_links":{"self":[{"href":"https:\/\/arealorcaradio.es\/index.php\/wp-json\/wp\/v2\/posts\/3499","targetHints":{"allow":["GET"]}}],"collection":[{"href":"https:\/\/arealorcaradio.es\/index.php\/wp-json\/wp\/v2\/posts"}],"about":[{"href":"https:\/\/arealorcaradio.es\/index.php\/wp-json\/wp\/v2\/types\/post"}],"author":[{"embeddable":true,"href":"https:\/\/arealorcaradio.es\/index.php\/wp-json\/wp\/v2\/users\/1"}],"replies":[{"embeddable":true,"href":"https:\/\/arealorcaradio.es\/index.php\/wp-json\/wp\/v2\/comments?post=3499"}],"version-history":[{"count":2,"href":"https:\/\/arealorcaradio.es\/index.php\/wp-json\/wp\/v2\/posts\/3499\/revisions"}],"predecessor-version":[{"id":3507,"href":"https:\/\/arealorcaradio.es\/index.php\/wp-json\/wp\/v2\/posts\/3499\/revisions\/3507"}],"wp:featuredmedia":[{"embeddable":true,"href":"https:\/\/arealorcaradio.es\/index.php\/wp-json\/wp\/v2\/media\/3506"}],"wp:attachment":[{"href":"https:\/\/arealorcaradio.es\/index.php\/wp-json\/wp\/v2\/media?parent=3499"}],"wp:term":[{"taxonomy":"category","embeddable":true,"href":"https:\/\/arealorcaradio.es\/index.php\/wp-json\/wp\/v2\/categories?post=3499"},{"taxonomy":"post_tag","embeddable":true,"href":"https:\/\/arealorcaradio.es\/index.php\/wp-json\/wp\/v2\/tags?post=3499"}],"curies":[{"name":"wp","href":"https:\/\/api.w.org\/{rel}","templated":true}]}}