{"id":3480,"date":"2024-06-13T21:39:23","date_gmt":"2024-06-13T21:39:23","guid":{"rendered":"https:\/\/arealorcaradio.es\/?p=3480"},"modified":"2024-06-13T21:39:23","modified_gmt":"2024-06-13T21:39:23","slug":"el-cineasta-lorquino-dany-campos-estrena-su-nuevo-cortometraje-coliflor-un-drama-psicologico-rodado-en-lorca","status":"publish","type":"post","link":"https:\/\/arealorcaradio.es\/index.php\/2024\/06\/13\/el-cineasta-lorquino-dany-campos-estrena-su-nuevo-cortometraje-coliflor-un-drama-psicologico-rodado-en-lorca\/","title":{"rendered":"El cineasta lorquino Dany Campos estrena su nuevo cortometraje \u00abColiflor\u00bb, un drama psicol\u00f3gico rodado en Lorca."},"content":{"rendered":"<header><\/header>\n<div class=\"col-12\">\n<div class=\"col-10\">\n<div class=\"izquierda\">\n<div>\u00c1REA LORCA RADIO.<\/div>\n<div>Escucha aqu\u00ed la entrevista que ha concedido Dany Campos a Paco S\u00e1nchez en el magazine \u00c1rea Lorca Actualidad.<\/div>\n<div><\/div>\n<div>\n<audio class=\"wp-audio-shortcode\" id=\"audio-3480-1\" preload=\"none\" style=\"width: 100%;\" controls=\"controls\"><source type=\"audio\/mpeg\" src=\"https:\/\/arealorcaradio.es\/wp-content\/uploads\/2024\/06\/130624-DANY-CAMPOS.-CORTO-COLIFLOR.mp3?_=1\" \/><a href=\"https:\/\/arealorcaradio.es\/wp-content\/uploads\/2024\/06\/130624-DANY-CAMPOS.-CORTO-COLIFLOR.mp3\">https:\/\/arealorcaradio.es\/wp-content\/uploads\/2024\/06\/130624-DANY-CAMPOS.-CORTO-COLIFLOR.mp3<\/a><\/audio>\n<p>El realizador lorquino vuelve al cortometraje tras su incursi\u00f3n en el largometraje con Duna, pel\u00edcula producida en 2021 y rodada entre Madrid y Lorca. En este caso, el de Coliflor, el rodaje fue \u00edntegramente en Lorca el pasado mes de febrero.<\/p>\n<\/div>\n<div><\/div>\n<div>La cinta est\u00e1 protagonizada por Asier Hormaza y Carmen Navacerrada, dos actores que ya han trabajado con el cineasta lorquino y que logran desplegar unas interpretaciones que albergan diferentes registros: de lo c\u00f3mico a lo tr\u00e1gico, pasando por lo dram\u00e1tico. El elenco lo completa la veterana actriz lorquina Vicky S\u00e1nchez, que hace una colaboraci\u00f3n especial, un personaje peque\u00f1o pero clave en la historia.<\/div>\n<div><\/div>\n<div>La cinta est\u00e1 producida por las productoras P\u00f3pulos Films, de Madrid, Filmamento Audiovisual, de Murcia, y Comarcal TV, de Lorca. Menci\u00f3n especial merece el hecho de que el equipo t\u00e9cnico, con la excepci\u00f3n de Director de Fotograf\u00eda, es enteramente murciano, poniendo una vez m\u00e1s de manifiesto la buena salud del panorama audiovisual de nuestra Regi\u00f3n.<\/div>\n<div><\/div>\n<div>Coliflor\u00a0 se estrenar\u00e1 en tres sedes:<\/div>\n<div>\n<ul>\n<li>Murcia: Filmoteca Regional Francisco Rabal. Viernes 14 de junio a las 20:30h.<\/li>\n<li>Lorca: Auditorio Margarita Lozano (IFELOR). S\u00e1bado 15 de junio a las 20:30h.<\/li>\n<li>Madrid: Cine Paz MK2. Lunes 17 de junio a las 20:30h.<\/li>\n<\/ul>\n<div><\/div>\n<\/div>\n<div>Las entradas se pueden adquirir en\u00a0<a href=\"https:\/\/www.entradascoliflor.es\/\" target=\"_blank\" rel=\"nofollow noopener\">https:\/\/www.entradascoliflor.es<\/a>, en donde hay acceso a las tres sedes. Adem\u00e1s de los estrenos presenciales, la pel\u00edcula se estrena tambi\u00e9n en Internet para aquellas personas que no puedan acudir f\u00edsicamente a las salas. Para poder asistir al estreno online hay que adquirir accediendo a la FILA 0 y adquiriendo el visionado online. A partir del d\u00eda 17 de junio a las 20:30h, los espectadores virtuales podr\u00e1n disfrutar de la pel\u00edcula por unos d\u00edas.<\/div>\n<div><\/div>\n<div>Cabe mencionar que los beneficios obtenidos por la venta de entradas en todas las sedes y online van destinados a la ONG Expedici\u00f3n Solidaria, dirigida por la lorquina Fanny Collado y con quien P\u00f3pulos Films colabora de forma habitual. Esta organizaci\u00f3n desarrolla proyectos humanitarios en Nepal y Uganda.<\/div>\n<div><\/div>\n<div><img loading=\"lazy\" decoding=\"async\" class=\"alignnone size-medium wp-image-3482\" src=\"https:\/\/arealorcaradio.es\/wp-content\/uploads\/2024\/06\/11062024750581w-212x300.jpg\" alt=\"\" width=\"212\" height=\"300\" srcset=\"https:\/\/arealorcaradio.es\/wp-content\/uploads\/2024\/06\/11062024750581w-212x300.jpg 212w, https:\/\/arealorcaradio.es\/wp-content\/uploads\/2024\/06\/11062024750581w.jpg 452w\" sizes=\"auto, (max-width: 212px) 100vw, 212px\" \/><\/div>\n<div>FICHA T\u00c9CNICA<\/div>\n<div>T\u00edtulo: COLIFLOR<\/div>\n<div>Escrita, dirigida por DANY CAMPOS<\/div>\n<div>Interpretada por ASIER HORMAZA y CARMEN NAVACERRADA, con la colaboraci\u00f3n especial de VICKY S\u00c1NCHEZ<\/div>\n<div>Director de Fotograf\u00eda: CARLOS BLANCO-BARBER\u00c1<\/div>\n<div>Gaffer y ayte. de c\u00e1mara: SANTI T.<\/div>\n<div>Foto fija y Making of: JOS\u00c9 FAJARDO<\/div>\n<div>Dise\u00f1o sonoro: MANOLO GAMA<\/div>\n<div>Jefe de Sonido: FERNANDO CANO<\/div>\n<div>Pertiguista: RA\u00daL G\u00c1LVEZ<\/div>\n<div>M\u00fasica original: GONZALO D\u00cdAZ YERRO<\/div>\n<div>Directora de Arte: SANDRA L\u00d3PEZ<\/div>\n<div>Ayte. de Arte: ALBA MART\u00cdNEZ<\/div>\n<div>Vestuarista: BEL\u00c9N L\u00d3PEZ<\/div>\n<div>Maquillaje: TO\u00d1I MAR\u00cdN<\/div>\n<div>Montaje: DANY CAMPOS<\/div>\n<div>Postproducci\u00f3n de imagen: SANTI T.<\/div>\n<div>Producida por FERNANDO CANO, M\u00aa JOS\u00c9 DEL VAS y DANY CAMPOS<\/div>\n<div>Productores ejecutivos: CARLOS CAMPOS, CARMEN NAVACERRADA y MARI CARMEN IBARRA<\/div>\n<div>Jefa de producci\u00f3n: JULIA MERLOS<\/div>\n<div>Meritorio de direcci\u00f3n: JOAQU\u00cdN P\u00c9REZ<\/div>\n<div>Productoras: P\u00d3PULOS FILMS, FILMAMENTO AUDIOVISUAL y COMARCAL TV<\/div>\n<div><\/div>\n<div><strong>Sinopsis<\/strong><\/div>\n<div>Pady tiene ya 50 a\u00f1os y quiere ser tener un hijo, pero eso es algo que no est\u00e1 en los planes de Marta, su pareja y mucho m\u00e1s joven que \u00e9l. En sus intentos por convencerla se desvela algo m\u00e1s que el deseo de ser padre.<\/div>\n<\/div>\n<\/div>\n<\/div>\n","protected":false},"excerpt":{"rendered":"<p>\u00c1REA LORCA RADIO. Escucha aqu\u00ed la entrevista que ha concedido Dany Campos a Paco S\u00e1nchez en el magazine \u00c1rea Lorca Actualidad. El realizador lorquino vuelve al cortometraje tras su incursi\u00f3n en el largometraje con Duna, pel\u00edcula producida en 2021 y rodada entre Madrid y Lorca. En este caso, el de Coliflor, el rodaje fue \u00edntegramente [&hellip;]<\/p>\n","protected":false},"author":1,"featured_media":3483,"comment_status":"open","ping_status":"open","sticky":false,"template":"","format":"standard","meta":{"iawp_total_views":38,"footnotes":""},"categories":[5,7],"tags":[],"class_list":["post-3480","post","type-post","status-publish","format-standard","has-post-thumbnail","hentry","category-actualidad","category-lorca"],"yoast_head":"<!-- This site is optimized with the Yoast SEO plugin v27.5 - https:\/\/yoast.com\/product\/yoast-seo-wordpress\/ -->\n<title>El cineasta lorquino Dany Campos estrena su nuevo cortometraje &quot;Coliflor&quot;, un drama psicol\u00f3gico rodado en Lorca. - AREA LORCA RADIO<\/title>\n<meta name=\"robots\" content=\"index, follow, max-snippet:-1, max-image-preview:large, max-video-preview:-1\" \/>\n<link rel=\"canonical\" href=\"https:\/\/arealorcaradio.es\/index.php\/2024\/06\/13\/el-cineasta-lorquino-dany-campos-estrena-su-nuevo-cortometraje-coliflor-un-drama-psicologico-rodado-en-lorca\/\" \/>\n<meta property=\"og:locale\" content=\"es_ES\" \/>\n<meta property=\"og:type\" content=\"article\" \/>\n<meta property=\"og:title\" content=\"El cineasta lorquino Dany Campos estrena su nuevo cortometraje &quot;Coliflor&quot;, un drama psicol\u00f3gico rodado en Lorca. - AREA LORCA RADIO\" \/>\n<meta property=\"og:description\" content=\"\u00c1REA LORCA RADIO. Escucha aqu\u00ed la entrevista que ha concedido Dany Campos a Paco S\u00e1nchez en el magazine \u00c1rea Lorca Actualidad. El realizador lorquino vuelve al cortometraje tras su incursi\u00f3n en el largometraje con Duna, pel\u00edcula producida en 2021 y rodada entre Madrid y Lorca. En este caso, el de Coliflor, el rodaje fue \u00edntegramente [&hellip;]\" \/>\n<meta property=\"og:url\" content=\"https:\/\/arealorcaradio.es\/index.php\/2024\/06\/13\/el-cineasta-lorquino-dany-campos-estrena-su-nuevo-cortometraje-coliflor-un-drama-psicologico-rodado-en-lorca\/\" \/>\n<meta property=\"og:site_name\" content=\"AREA LORCA RADIO\" \/>\n<meta property=\"article:published_time\" content=\"2024-06-13T21:39:23+00:00\" \/>\n<meta property=\"og:image\" content=\"https:\/\/arealorcaradio.es\/wp-content\/uploads\/2024\/06\/20240613_112412-scaled.jpg\" \/>\n\t<meta property=\"og:image:width\" content=\"2560\" \/>\n\t<meta property=\"og:image:height\" content=\"1920\" \/>\n\t<meta property=\"og:image:type\" content=\"image\/jpeg\" \/>\n<meta name=\"author\" content=\"Paco S\u00e1nchez\" \/>\n<meta name=\"twitter:card\" content=\"summary_large_image\" \/>\n<meta name=\"twitter:label1\" content=\"Escrito por\" \/>\n\t<meta name=\"twitter:data1\" content=\"Paco S\u00e1nchez\" \/>\n\t<meta name=\"twitter:label2\" content=\"Tiempo de lectura\" \/>\n\t<meta name=\"twitter:data2\" content=\"3 minutos\" \/>\n<script type=\"application\/ld+json\" class=\"yoast-schema-graph\">{\"@context\":\"https:\\\/\\\/schema.org\",\"@graph\":[{\"@type\":\"Article\",\"@id\":\"https:\\\/\\\/arealorcaradio.es\\\/index.php\\\/2024\\\/06\\\/13\\\/el-cineasta-lorquino-dany-campos-estrena-su-nuevo-cortometraje-coliflor-un-drama-psicologico-rodado-en-lorca\\\/#article\",\"isPartOf\":{\"@id\":\"https:\\\/\\\/arealorcaradio.es\\\/index.php\\\/2024\\\/06\\\/13\\\/el-cineasta-lorquino-dany-campos-estrena-su-nuevo-cortometraje-coliflor-un-drama-psicologico-rodado-en-lorca\\\/\"},\"author\":{\"name\":\"Paco S\u00e1nchez\",\"@id\":\"https:\\\/\\\/arealorcaradio.es\\\/#\\\/schema\\\/person\\\/9fae605fc25b0f2c83c1ab207139bd27\"},\"headline\":\"El cineasta lorquino Dany Campos estrena su nuevo cortometraje \u00abColiflor\u00bb, un drama psicol\u00f3gico rodado en Lorca.\",\"datePublished\":\"2024-06-13T21:39:23+00:00\",\"mainEntityOfPage\":{\"@id\":\"https:\\\/\\\/arealorcaradio.es\\\/index.php\\\/2024\\\/06\\\/13\\\/el-cineasta-lorquino-dany-campos-estrena-su-nuevo-cortometraje-coliflor-un-drama-psicologico-rodado-en-lorca\\\/\"},\"wordCount\":594,\"commentCount\":0,\"image\":{\"@id\":\"https:\\\/\\\/arealorcaradio.es\\\/index.php\\\/2024\\\/06\\\/13\\\/el-cineasta-lorquino-dany-campos-estrena-su-nuevo-cortometraje-coliflor-un-drama-psicologico-rodado-en-lorca\\\/#primaryimage\"},\"thumbnailUrl\":\"https:\\\/\\\/arealorcaradio.es\\\/wp-content\\\/uploads\\\/2024\\\/06\\\/20240613_112412-scaled.jpg\",\"articleSection\":[\"ACTUALIDAD\",\"LORCA\"],\"inLanguage\":\"es\",\"potentialAction\":[{\"@type\":\"CommentAction\",\"name\":\"Comment\",\"target\":[\"https:\\\/\\\/arealorcaradio.es\\\/index.php\\\/2024\\\/06\\\/13\\\/el-cineasta-lorquino-dany-campos-estrena-su-nuevo-cortometraje-coliflor-un-drama-psicologico-rodado-en-lorca\\\/#respond\"]}]},{\"@type\":\"WebPage\",\"@id\":\"https:\\\/\\\/arealorcaradio.es\\\/index.php\\\/2024\\\/06\\\/13\\\/el-cineasta-lorquino-dany-campos-estrena-su-nuevo-cortometraje-coliflor-un-drama-psicologico-rodado-en-lorca\\\/\",\"url\":\"https:\\\/\\\/arealorcaradio.es\\\/index.php\\\/2024\\\/06\\\/13\\\/el-cineasta-lorquino-dany-campos-estrena-su-nuevo-cortometraje-coliflor-un-drama-psicologico-rodado-en-lorca\\\/\",\"name\":\"El cineasta lorquino Dany Campos estrena su nuevo cortometraje \\\"Coliflor\\\", un drama psicol\u00f3gico rodado en Lorca. - AREA LORCA RADIO\",\"isPartOf\":{\"@id\":\"https:\\\/\\\/arealorcaradio.es\\\/#website\"},\"primaryImageOfPage\":{\"@id\":\"https:\\\/\\\/arealorcaradio.es\\\/index.php\\\/2024\\\/06\\\/13\\\/el-cineasta-lorquino-dany-campos-estrena-su-nuevo-cortometraje-coliflor-un-drama-psicologico-rodado-en-lorca\\\/#primaryimage\"},\"image\":{\"@id\":\"https:\\\/\\\/arealorcaradio.es\\\/index.php\\\/2024\\\/06\\\/13\\\/el-cineasta-lorquino-dany-campos-estrena-su-nuevo-cortometraje-coliflor-un-drama-psicologico-rodado-en-lorca\\\/#primaryimage\"},\"thumbnailUrl\":\"https:\\\/\\\/arealorcaradio.es\\\/wp-content\\\/uploads\\\/2024\\\/06\\\/20240613_112412-scaled.jpg\",\"datePublished\":\"2024-06-13T21:39:23+00:00\",\"author\":{\"@id\":\"https:\\\/\\\/arealorcaradio.es\\\/#\\\/schema\\\/person\\\/9fae605fc25b0f2c83c1ab207139bd27\"},\"breadcrumb\":{\"@id\":\"https:\\\/\\\/arealorcaradio.es\\\/index.php\\\/2024\\\/06\\\/13\\\/el-cineasta-lorquino-dany-campos-estrena-su-nuevo-cortometraje-coliflor-un-drama-psicologico-rodado-en-lorca\\\/#breadcrumb\"},\"inLanguage\":\"es\",\"potentialAction\":[{\"@type\":\"ReadAction\",\"target\":[\"https:\\\/\\\/arealorcaradio.es\\\/index.php\\\/2024\\\/06\\\/13\\\/el-cineasta-lorquino-dany-campos-estrena-su-nuevo-cortometraje-coliflor-un-drama-psicologico-rodado-en-lorca\\\/\"]}]},{\"@type\":\"ImageObject\",\"inLanguage\":\"es\",\"@id\":\"https:\\\/\\\/arealorcaradio.es\\\/index.php\\\/2024\\\/06\\\/13\\\/el-cineasta-lorquino-dany-campos-estrena-su-nuevo-cortometraje-coliflor-un-drama-psicologico-rodado-en-lorca\\\/#primaryimage\",\"url\":\"https:\\\/\\\/arealorcaradio.es\\\/wp-content\\\/uploads\\\/2024\\\/06\\\/20240613_112412-scaled.jpg\",\"contentUrl\":\"https:\\\/\\\/arealorcaradio.es\\\/wp-content\\\/uploads\\\/2024\\\/06\\\/20240613_112412-scaled.jpg\",\"width\":2560,\"height\":1920},{\"@type\":\"BreadcrumbList\",\"@id\":\"https:\\\/\\\/arealorcaradio.es\\\/index.php\\\/2024\\\/06\\\/13\\\/el-cineasta-lorquino-dany-campos-estrena-su-nuevo-cortometraje-coliflor-un-drama-psicologico-rodado-en-lorca\\\/#breadcrumb\",\"itemListElement\":[{\"@type\":\"ListItem\",\"position\":1,\"name\":\"Portada\",\"item\":\"https:\\\/\\\/arealorcaradio.es\\\/\"},{\"@type\":\"ListItem\",\"position\":2,\"name\":\"El cineasta lorquino Dany Campos estrena su nuevo cortometraje \u00abColiflor\u00bb, un drama psicol\u00f3gico rodado en Lorca.\"}]},{\"@type\":\"WebSite\",\"@id\":\"https:\\\/\\\/arealorcaradio.es\\\/#website\",\"url\":\"https:\\\/\\\/arealorcaradio.es\\\/\",\"name\":\"AREA LORCA RADIO\",\"description\":\"Descubre la programaci\u00f3n actual en \u00c1rea Lorca Radio, tu fuente de entrenamiento y noticias locales. Sintoniza ahora y mantente conectado online.\",\"potentialAction\":[{\"@type\":\"SearchAction\",\"target\":{\"@type\":\"EntryPoint\",\"urlTemplate\":\"https:\\\/\\\/arealorcaradio.es\\\/?s={search_term_string}\"},\"query-input\":{\"@type\":\"PropertyValueSpecification\",\"valueRequired\":true,\"valueName\":\"search_term_string\"}}],\"inLanguage\":\"es\"},{\"@type\":\"Person\",\"@id\":\"https:\\\/\\\/arealorcaradio.es\\\/#\\\/schema\\\/person\\\/9fae605fc25b0f2c83c1ab207139bd27\",\"name\":\"Paco S\u00e1nchez\",\"image\":{\"@type\":\"ImageObject\",\"inLanguage\":\"es\",\"@id\":\"https:\\\/\\\/secure.gravatar.com\\\/avatar\\\/d67144e966420fb74aa84c9f2a0103be4724fd14db52b52d3b6bca749f257e79?s=96&d=mm&r=g\",\"url\":\"https:\\\/\\\/secure.gravatar.com\\\/avatar\\\/d67144e966420fb74aa84c9f2a0103be4724fd14db52b52d3b6bca749f257e79?s=96&d=mm&r=g\",\"contentUrl\":\"https:\\\/\\\/secure.gravatar.com\\\/avatar\\\/d67144e966420fb74aa84c9f2a0103be4724fd14db52b52d3b6bca749f257e79?s=96&d=mm&r=g\",\"caption\":\"Paco S\u00e1nchez\"},\"sameAs\":[\"https:\\\/\\\/arealorcaradio.es\"],\"url\":\"https:\\\/\\\/arealorcaradio.es\\\/index.php\\\/author\\\/admin_alorcaradio\\\/\"}]}<\/script>\n<!-- \/ Yoast SEO plugin. -->","yoast_head_json":{"title":"El cineasta lorquino Dany Campos estrena su nuevo cortometraje \"Coliflor\", un drama psicol\u00f3gico rodado en Lorca. - AREA LORCA RADIO","robots":{"index":"index","follow":"follow","max-snippet":"max-snippet:-1","max-image-preview":"max-image-preview:large","max-video-preview":"max-video-preview:-1"},"canonical":"https:\/\/arealorcaradio.es\/index.php\/2024\/06\/13\/el-cineasta-lorquino-dany-campos-estrena-su-nuevo-cortometraje-coliflor-un-drama-psicologico-rodado-en-lorca\/","og_locale":"es_ES","og_type":"article","og_title":"El cineasta lorquino Dany Campos estrena su nuevo cortometraje \"Coliflor\", un drama psicol\u00f3gico rodado en Lorca. - AREA LORCA RADIO","og_description":"\u00c1REA LORCA RADIO. Escucha aqu\u00ed la entrevista que ha concedido Dany Campos a Paco S\u00e1nchez en el magazine \u00c1rea Lorca Actualidad. El realizador lorquino vuelve al cortometraje tras su incursi\u00f3n en el largometraje con Duna, pel\u00edcula producida en 2021 y rodada entre Madrid y Lorca. En este caso, el de Coliflor, el rodaje fue \u00edntegramente [&hellip;]","og_url":"https:\/\/arealorcaradio.es\/index.php\/2024\/06\/13\/el-cineasta-lorquino-dany-campos-estrena-su-nuevo-cortometraje-coliflor-un-drama-psicologico-rodado-en-lorca\/","og_site_name":"AREA LORCA RADIO","article_published_time":"2024-06-13T21:39:23+00:00","og_image":[{"width":2560,"height":1920,"url":"https:\/\/arealorcaradio.es\/wp-content\/uploads\/2024\/06\/20240613_112412-scaled.jpg","type":"image\/jpeg"}],"author":"Paco S\u00e1nchez","twitter_card":"summary_large_image","twitter_misc":{"Escrito por":"Paco S\u00e1nchez","Tiempo de lectura":"3 minutos"},"schema":{"@context":"https:\/\/schema.org","@graph":[{"@type":"Article","@id":"https:\/\/arealorcaradio.es\/index.php\/2024\/06\/13\/el-cineasta-lorquino-dany-campos-estrena-su-nuevo-cortometraje-coliflor-un-drama-psicologico-rodado-en-lorca\/#article","isPartOf":{"@id":"https:\/\/arealorcaradio.es\/index.php\/2024\/06\/13\/el-cineasta-lorquino-dany-campos-estrena-su-nuevo-cortometraje-coliflor-un-drama-psicologico-rodado-en-lorca\/"},"author":{"name":"Paco S\u00e1nchez","@id":"https:\/\/arealorcaradio.es\/#\/schema\/person\/9fae605fc25b0f2c83c1ab207139bd27"},"headline":"El cineasta lorquino Dany Campos estrena su nuevo cortometraje \u00abColiflor\u00bb, un drama psicol\u00f3gico rodado en Lorca.","datePublished":"2024-06-13T21:39:23+00:00","mainEntityOfPage":{"@id":"https:\/\/arealorcaradio.es\/index.php\/2024\/06\/13\/el-cineasta-lorquino-dany-campos-estrena-su-nuevo-cortometraje-coliflor-un-drama-psicologico-rodado-en-lorca\/"},"wordCount":594,"commentCount":0,"image":{"@id":"https:\/\/arealorcaradio.es\/index.php\/2024\/06\/13\/el-cineasta-lorquino-dany-campos-estrena-su-nuevo-cortometraje-coliflor-un-drama-psicologico-rodado-en-lorca\/#primaryimage"},"thumbnailUrl":"https:\/\/arealorcaradio.es\/wp-content\/uploads\/2024\/06\/20240613_112412-scaled.jpg","articleSection":["ACTUALIDAD","LORCA"],"inLanguage":"es","potentialAction":[{"@type":"CommentAction","name":"Comment","target":["https:\/\/arealorcaradio.es\/index.php\/2024\/06\/13\/el-cineasta-lorquino-dany-campos-estrena-su-nuevo-cortometraje-coliflor-un-drama-psicologico-rodado-en-lorca\/#respond"]}]},{"@type":"WebPage","@id":"https:\/\/arealorcaradio.es\/index.php\/2024\/06\/13\/el-cineasta-lorquino-dany-campos-estrena-su-nuevo-cortometraje-coliflor-un-drama-psicologico-rodado-en-lorca\/","url":"https:\/\/arealorcaradio.es\/index.php\/2024\/06\/13\/el-cineasta-lorquino-dany-campos-estrena-su-nuevo-cortometraje-coliflor-un-drama-psicologico-rodado-en-lorca\/","name":"El cineasta lorquino Dany Campos estrena su nuevo cortometraje \"Coliflor\", un drama psicol\u00f3gico rodado en Lorca. - AREA LORCA RADIO","isPartOf":{"@id":"https:\/\/arealorcaradio.es\/#website"},"primaryImageOfPage":{"@id":"https:\/\/arealorcaradio.es\/index.php\/2024\/06\/13\/el-cineasta-lorquino-dany-campos-estrena-su-nuevo-cortometraje-coliflor-un-drama-psicologico-rodado-en-lorca\/#primaryimage"},"image":{"@id":"https:\/\/arealorcaradio.es\/index.php\/2024\/06\/13\/el-cineasta-lorquino-dany-campos-estrena-su-nuevo-cortometraje-coliflor-un-drama-psicologico-rodado-en-lorca\/#primaryimage"},"thumbnailUrl":"https:\/\/arealorcaradio.es\/wp-content\/uploads\/2024\/06\/20240613_112412-scaled.jpg","datePublished":"2024-06-13T21:39:23+00:00","author":{"@id":"https:\/\/arealorcaradio.es\/#\/schema\/person\/9fae605fc25b0f2c83c1ab207139bd27"},"breadcrumb":{"@id":"https:\/\/arealorcaradio.es\/index.php\/2024\/06\/13\/el-cineasta-lorquino-dany-campos-estrena-su-nuevo-cortometraje-coliflor-un-drama-psicologico-rodado-en-lorca\/#breadcrumb"},"inLanguage":"es","potentialAction":[{"@type":"ReadAction","target":["https:\/\/arealorcaradio.es\/index.php\/2024\/06\/13\/el-cineasta-lorquino-dany-campos-estrena-su-nuevo-cortometraje-coliflor-un-drama-psicologico-rodado-en-lorca\/"]}]},{"@type":"ImageObject","inLanguage":"es","@id":"https:\/\/arealorcaradio.es\/index.php\/2024\/06\/13\/el-cineasta-lorquino-dany-campos-estrena-su-nuevo-cortometraje-coliflor-un-drama-psicologico-rodado-en-lorca\/#primaryimage","url":"https:\/\/arealorcaradio.es\/wp-content\/uploads\/2024\/06\/20240613_112412-scaled.jpg","contentUrl":"https:\/\/arealorcaradio.es\/wp-content\/uploads\/2024\/06\/20240613_112412-scaled.jpg","width":2560,"height":1920},{"@type":"BreadcrumbList","@id":"https:\/\/arealorcaradio.es\/index.php\/2024\/06\/13\/el-cineasta-lorquino-dany-campos-estrena-su-nuevo-cortometraje-coliflor-un-drama-psicologico-rodado-en-lorca\/#breadcrumb","itemListElement":[{"@type":"ListItem","position":1,"name":"Portada","item":"https:\/\/arealorcaradio.es\/"},{"@type":"ListItem","position":2,"name":"El cineasta lorquino Dany Campos estrena su nuevo cortometraje \u00abColiflor\u00bb, un drama psicol\u00f3gico rodado en Lorca."}]},{"@type":"WebSite","@id":"https:\/\/arealorcaradio.es\/#website","url":"https:\/\/arealorcaradio.es\/","name":"AREA LORCA RADIO","description":"Descubre la programaci\u00f3n actual en \u00c1rea Lorca Radio, tu fuente de entrenamiento y noticias locales. Sintoniza ahora y mantente conectado online.","potentialAction":[{"@type":"SearchAction","target":{"@type":"EntryPoint","urlTemplate":"https:\/\/arealorcaradio.es\/?s={search_term_string}"},"query-input":{"@type":"PropertyValueSpecification","valueRequired":true,"valueName":"search_term_string"}}],"inLanguage":"es"},{"@type":"Person","@id":"https:\/\/arealorcaradio.es\/#\/schema\/person\/9fae605fc25b0f2c83c1ab207139bd27","name":"Paco S\u00e1nchez","image":{"@type":"ImageObject","inLanguage":"es","@id":"https:\/\/secure.gravatar.com\/avatar\/d67144e966420fb74aa84c9f2a0103be4724fd14db52b52d3b6bca749f257e79?s=96&d=mm&r=g","url":"https:\/\/secure.gravatar.com\/avatar\/d67144e966420fb74aa84c9f2a0103be4724fd14db52b52d3b6bca749f257e79?s=96&d=mm&r=g","contentUrl":"https:\/\/secure.gravatar.com\/avatar\/d67144e966420fb74aa84c9f2a0103be4724fd14db52b52d3b6bca749f257e79?s=96&d=mm&r=g","caption":"Paco S\u00e1nchez"},"sameAs":["https:\/\/arealorcaradio.es"],"url":"https:\/\/arealorcaradio.es\/index.php\/author\/admin_alorcaradio\/"}]}},"_links":{"self":[{"href":"https:\/\/arealorcaradio.es\/index.php\/wp-json\/wp\/v2\/posts\/3480","targetHints":{"allow":["GET"]}}],"collection":[{"href":"https:\/\/arealorcaradio.es\/index.php\/wp-json\/wp\/v2\/posts"}],"about":[{"href":"https:\/\/arealorcaradio.es\/index.php\/wp-json\/wp\/v2\/types\/post"}],"author":[{"embeddable":true,"href":"https:\/\/arealorcaradio.es\/index.php\/wp-json\/wp\/v2\/users\/1"}],"replies":[{"embeddable":true,"href":"https:\/\/arealorcaradio.es\/index.php\/wp-json\/wp\/v2\/comments?post=3480"}],"version-history":[{"count":2,"href":"https:\/\/arealorcaradio.es\/index.php\/wp-json\/wp\/v2\/posts\/3480\/revisions"}],"predecessor-version":[{"id":3498,"href":"https:\/\/arealorcaradio.es\/index.php\/wp-json\/wp\/v2\/posts\/3480\/revisions\/3498"}],"wp:featuredmedia":[{"embeddable":true,"href":"https:\/\/arealorcaradio.es\/index.php\/wp-json\/wp\/v2\/media\/3483"}],"wp:attachment":[{"href":"https:\/\/arealorcaradio.es\/index.php\/wp-json\/wp\/v2\/media?parent=3480"}],"wp:term":[{"taxonomy":"category","embeddable":true,"href":"https:\/\/arealorcaradio.es\/index.php\/wp-json\/wp\/v2\/categories?post=3480"},{"taxonomy":"post_tag","embeddable":true,"href":"https:\/\/arealorcaradio.es\/index.php\/wp-json\/wp\/v2\/tags?post=3480"}],"curies":[{"name":"wp","href":"https:\/\/api.w.org\/{rel}","templated":true}]}}