{"id":3453,"date":"2024-06-10T11:00:25","date_gmt":"2024-06-10T11:00:25","guid":{"rendered":"https:\/\/arealorcaradio.es\/?p=3453"},"modified":"2024-06-10T11:06:20","modified_gmt":"2024-06-10T11:06:20","slug":"fulgencio-gil-el-partido-popular-ha-ganado-en-86-de-las-109-mesas-electorales-y-en-35-de-las-39-pedanias","status":"publish","type":"post","link":"https:\/\/arealorcaradio.es\/index.php\/2024\/06\/10\/fulgencio-gil-el-partido-popular-ha-ganado-en-86-de-las-109-mesas-electorales-y-en-35-de-las-39-pedanias\/","title":{"rendered":"Fulgencio Gil: \u00abEl Partido Popular ha ganado en 86 de las 109 mesas electorales y en 35 de las 39 pedan\u00edas\u00bb."},"content":{"rendered":"<p>\u00c1REA LORCA RADIO.<\/p>\n<p>Escucha aqu\u00ed el balance que ha realizado el alcalde de Lorca y Secretario General del Partido Popular, Fulgencio Gil Jodar, respecto al resultado alcanzado por su partido en las elecciones europeas del 9J.<\/p>\n<p>Gil Jodar ha destacado los n\u00fameros conseguidos por su partido, algo que deja a las claras que los lorquinos conf\u00edan en el proyecto que le ofrece el Partido Popular. Un total de 12861 han sido los apoyos obtenidos por los populares, 5257 votos m\u00e1s que el PSOE, algo que seg\u00fan Fulgencio Gil Jodar deber\u00eda hacer reflexionar al PSOE.<\/p>\n<audio class=\"wp-audio-shortcode\" id=\"audio-3453-1\" preload=\"none\" style=\"width: 100%;\" controls=\"controls\"><source type=\"audio\/mpeg\" src=\"https:\/\/arealorcaradio.es\/wp-content\/uploads\/2024\/06\/100624-FULGENCIO-GIL.-BALANCE-ELECCIONES-EUR.mp3?_=1\" \/><a href=\"https:\/\/arealorcaradio.es\/wp-content\/uploads\/2024\/06\/100624-FULGENCIO-GIL.-BALANCE-ELECCIONES-EUR.mp3\">https:\/\/arealorcaradio.es\/wp-content\/uploads\/2024\/06\/100624-FULGENCIO-GIL.-BALANCE-ELECCIONES-EUR.mp3<\/a><\/audio>\n<p><img loading=\"lazy\" decoding=\"async\" class=\"alignnone size-medium wp-image-3457\" src=\"https:\/\/arealorcaradio.es\/wp-content\/uploads\/2024\/06\/20240610_114029-300x225.jpg\" alt=\"\" width=\"300\" height=\"225\" srcset=\"https:\/\/arealorcaradio.es\/wp-content\/uploads\/2024\/06\/20240610_114029-300x225.jpg 300w, https:\/\/arealorcaradio.es\/wp-content\/uploads\/2024\/06\/20240610_114029-1024x768.jpg 1024w, https:\/\/arealorcaradio.es\/wp-content\/uploads\/2024\/06\/20240610_114029-768x576.jpg 768w, https:\/\/arealorcaradio.es\/wp-content\/uploads\/2024\/06\/20240610_114029-1536x1152.jpg 1536w, https:\/\/arealorcaradio.es\/wp-content\/uploads\/2024\/06\/20240610_114029-2048x1536.jpg 2048w, https:\/\/arealorcaradio.es\/wp-content\/uploads\/2024\/06\/20240610_114029-86x64.jpg 86w\" sizes=\"auto, (max-width: 300px) 100vw, 300px\" \/><\/p>\n","protected":false},"excerpt":{"rendered":"<p>\u00c1REA LORCA RADIO. Escucha aqu\u00ed el balance que ha realizado el alcalde de Lorca y Secretario General del Partido Popular, Fulgencio Gil Jodar, respecto al resultado alcanzado por su partido en las elecciones europeas del 9J. Gil Jodar ha destacado los n\u00fameros conseguidos por su partido, algo que deja a las claras que los lorquinos [&hellip;]<\/p>\n","protected":false},"author":1,"featured_media":3460,"comment_status":"open","ping_status":"open","sticky":false,"template":"","format":"standard","meta":{"iawp_total_views":4,"footnotes":""},"categories":[5,7],"tags":[],"class_list":["post-3453","post","type-post","status-publish","format-standard","has-post-thumbnail","hentry","category-actualidad","category-lorca"],"yoast_head":"<!-- This site is optimized with the Yoast SEO plugin v27.5 - https:\/\/yoast.com\/product\/yoast-seo-wordpress\/ -->\n<title>Fulgencio Gil: &quot;El Partido Popular ha ganado en 86 de las 109 mesas electorales y en 35 de las 39 pedan\u00edas&quot;. - AREA LORCA RADIO<\/title>\n<meta name=\"robots\" content=\"index, follow, max-snippet:-1, max-image-preview:large, max-video-preview:-1\" \/>\n<link rel=\"canonical\" href=\"https:\/\/arealorcaradio.es\/index.php\/2024\/06\/10\/fulgencio-gil-el-partido-popular-ha-ganado-en-86-de-las-109-mesas-electorales-y-en-35-de-las-39-pedanias\/\" \/>\n<meta property=\"og:locale\" content=\"es_ES\" \/>\n<meta property=\"og:type\" content=\"article\" \/>\n<meta property=\"og:title\" content=\"Fulgencio Gil: &quot;El Partido Popular ha ganado en 86 de las 109 mesas electorales y en 35 de las 39 pedan\u00edas&quot;. - AREA LORCA RADIO\" \/>\n<meta property=\"og:description\" content=\"\u00c1REA LORCA RADIO. Escucha aqu\u00ed el balance que ha realizado el alcalde de Lorca y Secretario General del Partido Popular, Fulgencio Gil Jodar, respecto al resultado alcanzado por su partido en las elecciones europeas del 9J. Gil Jodar ha destacado los n\u00fameros conseguidos por su partido, algo que deja a las claras que los lorquinos [&hellip;]\" \/>\n<meta property=\"og:url\" content=\"https:\/\/arealorcaradio.es\/index.php\/2024\/06\/10\/fulgencio-gil-el-partido-popular-ha-ganado-en-86-de-las-109-mesas-electorales-y-en-35-de-las-39-pedanias\/\" \/>\n<meta property=\"og:site_name\" content=\"AREA LORCA RADIO\" \/>\n<meta property=\"article:published_time\" content=\"2024-06-10T11:00:25+00:00\" \/>\n<meta property=\"article:modified_time\" content=\"2024-06-10T11:06:20+00:00\" \/>\n<meta property=\"og:image\" content=\"https:\/\/arealorcaradio.es\/wp-content\/uploads\/2024\/06\/IMG-20240610-WA0005.jpg\" \/>\n\t<meta property=\"og:image:width\" content=\"1600\" \/>\n\t<meta property=\"og:image:height\" content=\"1200\" \/>\n\t<meta property=\"og:image:type\" content=\"image\/jpeg\" \/>\n<meta name=\"author\" content=\"Paco S\u00e1nchez\" \/>\n<meta name=\"twitter:card\" content=\"summary_large_image\" \/>\n<meta name=\"twitter:label1\" content=\"Escrito por\" \/>\n\t<meta name=\"twitter:data1\" content=\"Paco S\u00e1nchez\" \/>\n\t<meta name=\"twitter:label2\" content=\"Tiempo de lectura\" \/>\n\t<meta name=\"twitter:data2\" content=\"1 minuto\" \/>\n<script type=\"application\/ld+json\" class=\"yoast-schema-graph\">{\"@context\":\"https:\\\/\\\/schema.org\",\"@graph\":[{\"@type\":\"Article\",\"@id\":\"https:\\\/\\\/arealorcaradio.es\\\/index.php\\\/2024\\\/06\\\/10\\\/fulgencio-gil-el-partido-popular-ha-ganado-en-86-de-las-109-mesas-electorales-y-en-35-de-las-39-pedanias\\\/#article\",\"isPartOf\":{\"@id\":\"https:\\\/\\\/arealorcaradio.es\\\/index.php\\\/2024\\\/06\\\/10\\\/fulgencio-gil-el-partido-popular-ha-ganado-en-86-de-las-109-mesas-electorales-y-en-35-de-las-39-pedanias\\\/\"},\"author\":{\"name\":\"Paco S\u00e1nchez\",\"@id\":\"https:\\\/\\\/arealorcaradio.es\\\/#\\\/schema\\\/person\\\/9fae605fc25b0f2c83c1ab207139bd27\"},\"headline\":\"Fulgencio Gil: \u00abEl Partido Popular ha ganado en 86 de las 109 mesas electorales y en 35 de las 39 pedan\u00edas\u00bb.\",\"datePublished\":\"2024-06-10T11:00:25+00:00\",\"dateModified\":\"2024-06-10T11:06:20+00:00\",\"mainEntityOfPage\":{\"@id\":\"https:\\\/\\\/arealorcaradio.es\\\/index.php\\\/2024\\\/06\\\/10\\\/fulgencio-gil-el-partido-popular-ha-ganado-en-86-de-las-109-mesas-electorales-y-en-35-de-las-39-pedanias\\\/\"},\"wordCount\":126,\"commentCount\":0,\"image\":{\"@id\":\"https:\\\/\\\/arealorcaradio.es\\\/index.php\\\/2024\\\/06\\\/10\\\/fulgencio-gil-el-partido-popular-ha-ganado-en-86-de-las-109-mesas-electorales-y-en-35-de-las-39-pedanias\\\/#primaryimage\"},\"thumbnailUrl\":\"https:\\\/\\\/arealorcaradio.es\\\/wp-content\\\/uploads\\\/2024\\\/06\\\/IMG-20240610-WA0005.jpg\",\"articleSection\":[\"ACTUALIDAD\",\"LORCA\"],\"inLanguage\":\"es\",\"potentialAction\":[{\"@type\":\"CommentAction\",\"name\":\"Comment\",\"target\":[\"https:\\\/\\\/arealorcaradio.es\\\/index.php\\\/2024\\\/06\\\/10\\\/fulgencio-gil-el-partido-popular-ha-ganado-en-86-de-las-109-mesas-electorales-y-en-35-de-las-39-pedanias\\\/#respond\"]}]},{\"@type\":\"WebPage\",\"@id\":\"https:\\\/\\\/arealorcaradio.es\\\/index.php\\\/2024\\\/06\\\/10\\\/fulgencio-gil-el-partido-popular-ha-ganado-en-86-de-las-109-mesas-electorales-y-en-35-de-las-39-pedanias\\\/\",\"url\":\"https:\\\/\\\/arealorcaradio.es\\\/index.php\\\/2024\\\/06\\\/10\\\/fulgencio-gil-el-partido-popular-ha-ganado-en-86-de-las-109-mesas-electorales-y-en-35-de-las-39-pedanias\\\/\",\"name\":\"Fulgencio Gil: \\\"El Partido Popular ha ganado en 86 de las 109 mesas electorales y en 35 de las 39 pedan\u00edas\\\". - AREA LORCA RADIO\",\"isPartOf\":{\"@id\":\"https:\\\/\\\/arealorcaradio.es\\\/#website\"},\"primaryImageOfPage\":{\"@id\":\"https:\\\/\\\/arealorcaradio.es\\\/index.php\\\/2024\\\/06\\\/10\\\/fulgencio-gil-el-partido-popular-ha-ganado-en-86-de-las-109-mesas-electorales-y-en-35-de-las-39-pedanias\\\/#primaryimage\"},\"image\":{\"@id\":\"https:\\\/\\\/arealorcaradio.es\\\/index.php\\\/2024\\\/06\\\/10\\\/fulgencio-gil-el-partido-popular-ha-ganado-en-86-de-las-109-mesas-electorales-y-en-35-de-las-39-pedanias\\\/#primaryimage\"},\"thumbnailUrl\":\"https:\\\/\\\/arealorcaradio.es\\\/wp-content\\\/uploads\\\/2024\\\/06\\\/IMG-20240610-WA0005.jpg\",\"datePublished\":\"2024-06-10T11:00:25+00:00\",\"dateModified\":\"2024-06-10T11:06:20+00:00\",\"author\":{\"@id\":\"https:\\\/\\\/arealorcaradio.es\\\/#\\\/schema\\\/person\\\/9fae605fc25b0f2c83c1ab207139bd27\"},\"breadcrumb\":{\"@id\":\"https:\\\/\\\/arealorcaradio.es\\\/index.php\\\/2024\\\/06\\\/10\\\/fulgencio-gil-el-partido-popular-ha-ganado-en-86-de-las-109-mesas-electorales-y-en-35-de-las-39-pedanias\\\/#breadcrumb\"},\"inLanguage\":\"es\",\"potentialAction\":[{\"@type\":\"ReadAction\",\"target\":[\"https:\\\/\\\/arealorcaradio.es\\\/index.php\\\/2024\\\/06\\\/10\\\/fulgencio-gil-el-partido-popular-ha-ganado-en-86-de-las-109-mesas-electorales-y-en-35-de-las-39-pedanias\\\/\"]}]},{\"@type\":\"ImageObject\",\"inLanguage\":\"es\",\"@id\":\"https:\\\/\\\/arealorcaradio.es\\\/index.php\\\/2024\\\/06\\\/10\\\/fulgencio-gil-el-partido-popular-ha-ganado-en-86-de-las-109-mesas-electorales-y-en-35-de-las-39-pedanias\\\/#primaryimage\",\"url\":\"https:\\\/\\\/arealorcaradio.es\\\/wp-content\\\/uploads\\\/2024\\\/06\\\/IMG-20240610-WA0005.jpg\",\"contentUrl\":\"https:\\\/\\\/arealorcaradio.es\\\/wp-content\\\/uploads\\\/2024\\\/06\\\/IMG-20240610-WA0005.jpg\",\"width\":1600,\"height\":1200},{\"@type\":\"BreadcrumbList\",\"@id\":\"https:\\\/\\\/arealorcaradio.es\\\/index.php\\\/2024\\\/06\\\/10\\\/fulgencio-gil-el-partido-popular-ha-ganado-en-86-de-las-109-mesas-electorales-y-en-35-de-las-39-pedanias\\\/#breadcrumb\",\"itemListElement\":[{\"@type\":\"ListItem\",\"position\":1,\"name\":\"Portada\",\"item\":\"https:\\\/\\\/arealorcaradio.es\\\/\"},{\"@type\":\"ListItem\",\"position\":2,\"name\":\"Fulgencio Gil: \u00abEl Partido Popular ha ganado en 86 de las 109 mesas electorales y en 35 de las 39 pedan\u00edas\u00bb.\"}]},{\"@type\":\"WebSite\",\"@id\":\"https:\\\/\\\/arealorcaradio.es\\\/#website\",\"url\":\"https:\\\/\\\/arealorcaradio.es\\\/\",\"name\":\"AREA LORCA RADIO\",\"description\":\"Descubre la programaci\u00f3n actual en \u00c1rea Lorca Radio, tu fuente de entrenamiento y noticias locales. Sintoniza ahora y mantente conectado online.\",\"potentialAction\":[{\"@type\":\"SearchAction\",\"target\":{\"@type\":\"EntryPoint\",\"urlTemplate\":\"https:\\\/\\\/arealorcaradio.es\\\/?s={search_term_string}\"},\"query-input\":{\"@type\":\"PropertyValueSpecification\",\"valueRequired\":true,\"valueName\":\"search_term_string\"}}],\"inLanguage\":\"es\"},{\"@type\":\"Person\",\"@id\":\"https:\\\/\\\/arealorcaradio.es\\\/#\\\/schema\\\/person\\\/9fae605fc25b0f2c83c1ab207139bd27\",\"name\":\"Paco S\u00e1nchez\",\"image\":{\"@type\":\"ImageObject\",\"inLanguage\":\"es\",\"@id\":\"https:\\\/\\\/secure.gravatar.com\\\/avatar\\\/d67144e966420fb74aa84c9f2a0103be4724fd14db52b52d3b6bca749f257e79?s=96&d=mm&r=g\",\"url\":\"https:\\\/\\\/secure.gravatar.com\\\/avatar\\\/d67144e966420fb74aa84c9f2a0103be4724fd14db52b52d3b6bca749f257e79?s=96&d=mm&r=g\",\"contentUrl\":\"https:\\\/\\\/secure.gravatar.com\\\/avatar\\\/d67144e966420fb74aa84c9f2a0103be4724fd14db52b52d3b6bca749f257e79?s=96&d=mm&r=g\",\"caption\":\"Paco S\u00e1nchez\"},\"sameAs\":[\"https:\\\/\\\/arealorcaradio.es\"],\"url\":\"https:\\\/\\\/arealorcaradio.es\\\/index.php\\\/author\\\/admin_alorcaradio\\\/\"}]}<\/script>\n<!-- \/ Yoast SEO plugin. -->","yoast_head_json":{"title":"Fulgencio Gil: \"El Partido Popular ha ganado en 86 de las 109 mesas electorales y en 35 de las 39 pedan\u00edas\". - AREA LORCA RADIO","robots":{"index":"index","follow":"follow","max-snippet":"max-snippet:-1","max-image-preview":"max-image-preview:large","max-video-preview":"max-video-preview:-1"},"canonical":"https:\/\/arealorcaradio.es\/index.php\/2024\/06\/10\/fulgencio-gil-el-partido-popular-ha-ganado-en-86-de-las-109-mesas-electorales-y-en-35-de-las-39-pedanias\/","og_locale":"es_ES","og_type":"article","og_title":"Fulgencio Gil: \"El Partido Popular ha ganado en 86 de las 109 mesas electorales y en 35 de las 39 pedan\u00edas\". - AREA LORCA RADIO","og_description":"\u00c1REA LORCA RADIO. Escucha aqu\u00ed el balance que ha realizado el alcalde de Lorca y Secretario General del Partido Popular, Fulgencio Gil Jodar, respecto al resultado alcanzado por su partido en las elecciones europeas del 9J. Gil Jodar ha destacado los n\u00fameros conseguidos por su partido, algo que deja a las claras que los lorquinos [&hellip;]","og_url":"https:\/\/arealorcaradio.es\/index.php\/2024\/06\/10\/fulgencio-gil-el-partido-popular-ha-ganado-en-86-de-las-109-mesas-electorales-y-en-35-de-las-39-pedanias\/","og_site_name":"AREA LORCA RADIO","article_published_time":"2024-06-10T11:00:25+00:00","article_modified_time":"2024-06-10T11:06:20+00:00","og_image":[{"width":1600,"height":1200,"url":"https:\/\/arealorcaradio.es\/wp-content\/uploads\/2024\/06\/IMG-20240610-WA0005.jpg","type":"image\/jpeg"}],"author":"Paco S\u00e1nchez","twitter_card":"summary_large_image","twitter_misc":{"Escrito por":"Paco S\u00e1nchez","Tiempo de lectura":"1 minuto"},"schema":{"@context":"https:\/\/schema.org","@graph":[{"@type":"Article","@id":"https:\/\/arealorcaradio.es\/index.php\/2024\/06\/10\/fulgencio-gil-el-partido-popular-ha-ganado-en-86-de-las-109-mesas-electorales-y-en-35-de-las-39-pedanias\/#article","isPartOf":{"@id":"https:\/\/arealorcaradio.es\/index.php\/2024\/06\/10\/fulgencio-gil-el-partido-popular-ha-ganado-en-86-de-las-109-mesas-electorales-y-en-35-de-las-39-pedanias\/"},"author":{"name":"Paco S\u00e1nchez","@id":"https:\/\/arealorcaradio.es\/#\/schema\/person\/9fae605fc25b0f2c83c1ab207139bd27"},"headline":"Fulgencio Gil: \u00abEl Partido Popular ha ganado en 86 de las 109 mesas electorales y en 35 de las 39 pedan\u00edas\u00bb.","datePublished":"2024-06-10T11:00:25+00:00","dateModified":"2024-06-10T11:06:20+00:00","mainEntityOfPage":{"@id":"https:\/\/arealorcaradio.es\/index.php\/2024\/06\/10\/fulgencio-gil-el-partido-popular-ha-ganado-en-86-de-las-109-mesas-electorales-y-en-35-de-las-39-pedanias\/"},"wordCount":126,"commentCount":0,"image":{"@id":"https:\/\/arealorcaradio.es\/index.php\/2024\/06\/10\/fulgencio-gil-el-partido-popular-ha-ganado-en-86-de-las-109-mesas-electorales-y-en-35-de-las-39-pedanias\/#primaryimage"},"thumbnailUrl":"https:\/\/arealorcaradio.es\/wp-content\/uploads\/2024\/06\/IMG-20240610-WA0005.jpg","articleSection":["ACTUALIDAD","LORCA"],"inLanguage":"es","potentialAction":[{"@type":"CommentAction","name":"Comment","target":["https:\/\/arealorcaradio.es\/index.php\/2024\/06\/10\/fulgencio-gil-el-partido-popular-ha-ganado-en-86-de-las-109-mesas-electorales-y-en-35-de-las-39-pedanias\/#respond"]}]},{"@type":"WebPage","@id":"https:\/\/arealorcaradio.es\/index.php\/2024\/06\/10\/fulgencio-gil-el-partido-popular-ha-ganado-en-86-de-las-109-mesas-electorales-y-en-35-de-las-39-pedanias\/","url":"https:\/\/arealorcaradio.es\/index.php\/2024\/06\/10\/fulgencio-gil-el-partido-popular-ha-ganado-en-86-de-las-109-mesas-electorales-y-en-35-de-las-39-pedanias\/","name":"Fulgencio Gil: \"El Partido Popular ha ganado en 86 de las 109 mesas electorales y en 35 de las 39 pedan\u00edas\". - AREA LORCA RADIO","isPartOf":{"@id":"https:\/\/arealorcaradio.es\/#website"},"primaryImageOfPage":{"@id":"https:\/\/arealorcaradio.es\/index.php\/2024\/06\/10\/fulgencio-gil-el-partido-popular-ha-ganado-en-86-de-las-109-mesas-electorales-y-en-35-de-las-39-pedanias\/#primaryimage"},"image":{"@id":"https:\/\/arealorcaradio.es\/index.php\/2024\/06\/10\/fulgencio-gil-el-partido-popular-ha-ganado-en-86-de-las-109-mesas-electorales-y-en-35-de-las-39-pedanias\/#primaryimage"},"thumbnailUrl":"https:\/\/arealorcaradio.es\/wp-content\/uploads\/2024\/06\/IMG-20240610-WA0005.jpg","datePublished":"2024-06-10T11:00:25+00:00","dateModified":"2024-06-10T11:06:20+00:00","author":{"@id":"https:\/\/arealorcaradio.es\/#\/schema\/person\/9fae605fc25b0f2c83c1ab207139bd27"},"breadcrumb":{"@id":"https:\/\/arealorcaradio.es\/index.php\/2024\/06\/10\/fulgencio-gil-el-partido-popular-ha-ganado-en-86-de-las-109-mesas-electorales-y-en-35-de-las-39-pedanias\/#breadcrumb"},"inLanguage":"es","potentialAction":[{"@type":"ReadAction","target":["https:\/\/arealorcaradio.es\/index.php\/2024\/06\/10\/fulgencio-gil-el-partido-popular-ha-ganado-en-86-de-las-109-mesas-electorales-y-en-35-de-las-39-pedanias\/"]}]},{"@type":"ImageObject","inLanguage":"es","@id":"https:\/\/arealorcaradio.es\/index.php\/2024\/06\/10\/fulgencio-gil-el-partido-popular-ha-ganado-en-86-de-las-109-mesas-electorales-y-en-35-de-las-39-pedanias\/#primaryimage","url":"https:\/\/arealorcaradio.es\/wp-content\/uploads\/2024\/06\/IMG-20240610-WA0005.jpg","contentUrl":"https:\/\/arealorcaradio.es\/wp-content\/uploads\/2024\/06\/IMG-20240610-WA0005.jpg","width":1600,"height":1200},{"@type":"BreadcrumbList","@id":"https:\/\/arealorcaradio.es\/index.php\/2024\/06\/10\/fulgencio-gil-el-partido-popular-ha-ganado-en-86-de-las-109-mesas-electorales-y-en-35-de-las-39-pedanias\/#breadcrumb","itemListElement":[{"@type":"ListItem","position":1,"name":"Portada","item":"https:\/\/arealorcaradio.es\/"},{"@type":"ListItem","position":2,"name":"Fulgencio Gil: \u00abEl Partido Popular ha ganado en 86 de las 109 mesas electorales y en 35 de las 39 pedan\u00edas\u00bb."}]},{"@type":"WebSite","@id":"https:\/\/arealorcaradio.es\/#website","url":"https:\/\/arealorcaradio.es\/","name":"AREA LORCA RADIO","description":"Descubre la programaci\u00f3n actual en \u00c1rea Lorca Radio, tu fuente de entrenamiento y noticias locales. Sintoniza ahora y mantente conectado online.","potentialAction":[{"@type":"SearchAction","target":{"@type":"EntryPoint","urlTemplate":"https:\/\/arealorcaradio.es\/?s={search_term_string}"},"query-input":{"@type":"PropertyValueSpecification","valueRequired":true,"valueName":"search_term_string"}}],"inLanguage":"es"},{"@type":"Person","@id":"https:\/\/arealorcaradio.es\/#\/schema\/person\/9fae605fc25b0f2c83c1ab207139bd27","name":"Paco S\u00e1nchez","image":{"@type":"ImageObject","inLanguage":"es","@id":"https:\/\/secure.gravatar.com\/avatar\/d67144e966420fb74aa84c9f2a0103be4724fd14db52b52d3b6bca749f257e79?s=96&d=mm&r=g","url":"https:\/\/secure.gravatar.com\/avatar\/d67144e966420fb74aa84c9f2a0103be4724fd14db52b52d3b6bca749f257e79?s=96&d=mm&r=g","contentUrl":"https:\/\/secure.gravatar.com\/avatar\/d67144e966420fb74aa84c9f2a0103be4724fd14db52b52d3b6bca749f257e79?s=96&d=mm&r=g","caption":"Paco S\u00e1nchez"},"sameAs":["https:\/\/arealorcaradio.es"],"url":"https:\/\/arealorcaradio.es\/index.php\/author\/admin_alorcaradio\/"}]}},"_links":{"self":[{"href":"https:\/\/arealorcaradio.es\/index.php\/wp-json\/wp\/v2\/posts\/3453","targetHints":{"allow":["GET"]}}],"collection":[{"href":"https:\/\/arealorcaradio.es\/index.php\/wp-json\/wp\/v2\/posts"}],"about":[{"href":"https:\/\/arealorcaradio.es\/index.php\/wp-json\/wp\/v2\/types\/post"}],"author":[{"embeddable":true,"href":"https:\/\/arealorcaradio.es\/index.php\/wp-json\/wp\/v2\/users\/1"}],"replies":[{"embeddable":true,"href":"https:\/\/arealorcaradio.es\/index.php\/wp-json\/wp\/v2\/comments?post=3453"}],"version-history":[{"count":5,"href":"https:\/\/arealorcaradio.es\/index.php\/wp-json\/wp\/v2\/posts\/3453\/revisions"}],"predecessor-version":[{"id":3462,"href":"https:\/\/arealorcaradio.es\/index.php\/wp-json\/wp\/v2\/posts\/3453\/revisions\/3462"}],"wp:featuredmedia":[{"embeddable":true,"href":"https:\/\/arealorcaradio.es\/index.php\/wp-json\/wp\/v2\/media\/3460"}],"wp:attachment":[{"href":"https:\/\/arealorcaradio.es\/index.php\/wp-json\/wp\/v2\/media?parent=3453"}],"wp:term":[{"taxonomy":"category","embeddable":true,"href":"https:\/\/arealorcaradio.es\/index.php\/wp-json\/wp\/v2\/categories?post=3453"},{"taxonomy":"post_tag","embeddable":true,"href":"https:\/\/arealorcaradio.es\/index.php\/wp-json\/wp\/v2\/tags?post=3453"}],"curies":[{"name":"wp","href":"https:\/\/api.w.org\/{rel}","templated":true}]}}