{"id":3408,"date":"2024-06-04T17:30:36","date_gmt":"2024-06-04T17:30:36","guid":{"rendered":"https:\/\/arealorcaradio.es\/?p=3408"},"modified":"2024-06-04T17:30:36","modified_gmt":"2024-06-04T17:30:36","slug":"la-universidad-popular-de-lorca-pone-en-marcha-talleres-y-actividades-culturales-pedagogicas-y-de-ocio-para-los-mas-pequenos-este-verano","status":"publish","type":"post","link":"https:\/\/arealorcaradio.es\/index.php\/2024\/06\/04\/la-universidad-popular-de-lorca-pone-en-marcha-talleres-y-actividades-culturales-pedagogicas-y-de-ocio-para-los-mas-pequenos-este-verano\/","title":{"rendered":"La Universidad Popular de Lorca pone en marcha talleres y actividades culturales, pedag\u00f3gicas y de ocio para los m\u00e1s peque\u00f1os este verano."},"content":{"rendered":"<p>\u00c1REA LORCA RADIO.<\/p>\n<p>Escucha aqu\u00ed la entrevista que ha concedido a Paco S\u00e1nchez en el magazine \u00c1rea Lorca Actualidad, Miguel P\u00e9rez-Cortijos, Coordinador de la Universidad Popular, dependiente de la Concejal\u00eda de Cultura del Ayuntamiento de Lorca.<\/p>\n<audio class=\"wp-audio-shortcode\" id=\"audio-3408-1\" preload=\"none\" style=\"width: 100%;\" controls=\"controls\"><source type=\"audio\/mpeg\" src=\"https:\/\/arealorcaradio.es\/wp-content\/uploads\/2024\/06\/040624-MIGUEL-PEREZ-CORTIJOS.-UNIV.-POPULAR.mp3?_=1\" \/><a href=\"https:\/\/arealorcaradio.es\/wp-content\/uploads\/2024\/06\/040624-MIGUEL-PEREZ-CORTIJOS.-UNIV.-POPULAR.mp3\">https:\/\/arealorcaradio.es\/wp-content\/uploads\/2024\/06\/040624-MIGUEL-PEREZ-CORTIJOS.-UNIV.-POPULAR.mp3<\/a><\/audio>\n<p class=\"v1MsoNormal\"><img loading=\"lazy\" decoding=\"async\" class=\"alignnone size-medium wp-image-3410\" src=\"https:\/\/arealorcaradio.es\/wp-content\/uploads\/2024\/06\/20240604_183252-300x225.jpg\" alt=\"\" width=\"300\" height=\"225\" srcset=\"https:\/\/arealorcaradio.es\/wp-content\/uploads\/2024\/06\/20240604_183252-300x225.jpg 300w, https:\/\/arealorcaradio.es\/wp-content\/uploads\/2024\/06\/20240604_183252-1024x768.jpg 1024w, https:\/\/arealorcaradio.es\/wp-content\/uploads\/2024\/06\/20240604_183252-768x576.jpg 768w, https:\/\/arealorcaradio.es\/wp-content\/uploads\/2024\/06\/20240604_183252-1536x1152.jpg 1536w, https:\/\/arealorcaradio.es\/wp-content\/uploads\/2024\/06\/20240604_183252-2048x1536.jpg 2048w, https:\/\/arealorcaradio.es\/wp-content\/uploads\/2024\/06\/20240604_183252-86x64.jpg 86w\" sizes=\"auto, (max-width: 300px) 100vw, 300px\" \/> \u00a0<img loading=\"lazy\" decoding=\"async\" class=\"alignnone size-medium wp-image-3411\" src=\"https:\/\/arealorcaradio.es\/wp-content\/uploads\/2024\/06\/20240604_183324-300x225.jpg\" alt=\"\" width=\"300\" height=\"225\" srcset=\"https:\/\/arealorcaradio.es\/wp-content\/uploads\/2024\/06\/20240604_183324-300x225.jpg 300w, https:\/\/arealorcaradio.es\/wp-content\/uploads\/2024\/06\/20240604_183324-1024x768.jpg 1024w, https:\/\/arealorcaradio.es\/wp-content\/uploads\/2024\/06\/20240604_183324-768x576.jpg 768w, https:\/\/arealorcaradio.es\/wp-content\/uploads\/2024\/06\/20240604_183324-1536x1152.jpg 1536w, https:\/\/arealorcaradio.es\/wp-content\/uploads\/2024\/06\/20240604_183324-2048x1536.jpg 2048w, https:\/\/arealorcaradio.es\/wp-content\/uploads\/2024\/06\/20240604_183324-86x64.jpg 86w\" sizes=\"auto, (max-width: 300px) 100vw, 300px\" \/><\/p>\n<p class=\"v1MsoNormal\">Se trata de una iniciativa que nos permite dinamizar a grupos de escolares en su tiempo libre, facilitando su integraci\u00f3n en actividades durante el periodo de verano, fomentando su aprendizaje y divertimento. Hay que destacar que con estas actividades no s\u00f3lo contribuyen a contrarrestar ese tiempo sin cole mediante actividades culturales, pedag\u00f3gicas y de ocio, sino que, adem\u00e1s, suponen una ayuda a los padres a la hora de conciliar su vida laboral y familiar durante el verano. Desde el Ayuntamiento, contin\u00faan apostando por esta iniciativa que hace las delicias de los peque\u00f1os y supone un importante complemento y apoyo para los padres; y que cuenta, recordemos, con una versi\u00f3n en Navidad.<\/p>\n<p class=\"v1MsoNormal\">Hablamos de actividades y talleres dirigidos a escolares de distintas edades con el fin de introducir y variar la participaci\u00f3n. Por ejemplo, se\u00a0incluyen &#8216;El amigo invisible&#8217;, con el que tendr\u00e1n que hacer un regalo utilizando materiales reciclados; &#8216;Cuentacuentos&#8217;, con trabajos de coloreado de fichas o identificaci\u00f3n de personajes; &#8216;Baile y teatro&#8217;, aunando\u00a0habilidades de imaginaci\u00f3n y f\u00edsicas; &#8216;Taller de pintura&#8217;; &#8216;Juegos y animaci\u00f3n&#8217;, incidiendo en las relaciones sociales del grupo; &#8216;Escultura, manualidades y\u00a0creatividad&#8217;; as\u00ed como juegos de agua y excursiones para conocer los espacios hist\u00f3ricos y culturales de Lorca.<\/p>\n<p class=\"v1MsoNormal\">Se desarrollar\u00e1n, principalmente, en la propia Universidad Popular, pero cuentan tambi\u00e9n con otros enclaves patrimoniales del municipio como localizaciones protagonistas, gracias al apartado \u00abexcursiones\u00bb. Todas las actividades dar\u00e1n comienzo a partir del 24 de junio, hasta el 31 de julio, de lunes a viernes, en horario de 8 a 14 horas. Las plazas son limitadas, hasta un total de 32 participantes, distribuidos en dos grupos; uno con edades comprendidas entre los 3 y los 6 a\u00f1os, y el segundo grupo formado por ni\u00f1os de 7 a 12 a\u00f1os.<\/p>\n<p class=\"v1MsoNormal\">El plazo para realizar la reserva ya est\u00e1 abierto y podr\u00e1n realizarse hasta el 23 de junio, un d\u00eda antes de la activaci\u00f3n, o hasta completar el n\u00famero de plazas disponibles. Todos aquellos interesados pueden formalizarla pinchando\u00a0<a href=\"https:\/\/www.turismoregiondemurcia.es\/es\/actividad?ficha=aulas-creativas-en-verano-universidad-popular-2024-0&amp;empresa=PRD\/10851&amp;arpa=E61136&amp;accion=reservar_ahora&amp;empresa_oferta=teatro-guerra\" target=\"_blank\" rel=\"noopener noreferrer\">este enlace<\/a>\u00a0en el que, adem\u00e1s, encontrar\u00e1n el detalle de precios y condiciones de cancelaci\u00f3n. Los precios var\u00edan seg\u00fan el periodo seleccionado, yendo de los 30 a los 230 euros.<\/p>\n<p class=\"v1MsoNormal\">A la hora de realizar la reserva, una vez que se haya seleccionado la opci\u00f3n temporal deseada, es fundamental incluir el nombre y apellidos del ni\u00f1o e indicar en el apartado OBSERVACIONES: \u00abAulas Creativas en verano\u00bb, y una vez completado el formulario, ya se podr\u00e1 proceder al pago.<\/p>\n<p class=\"v1MsoNormal\">Todas las actividades\u00a0se ejecutan cada temporada de manera independiente, pero todas ellas contribuyen a unos objetivos comunes, atendiendo, fundamentalmente, al desarrollo de las aptitudes, habilidades y capacidades\u00a0creativas, el conocimiento y las vivencias en grupo de los escolares asistentes.<\/p>\n<p class=\"v1MsoNormal\"><b>Detalle de precios:<\/b><\/p>\n<p class=\"v1MsoNormal\">Completo 24 de junio al 31 de julio 230,00 \u20ac<\/p>\n<p class=\"v1MsoNormal\">1\u00ba Del 24 al 28 de junio 50,00 \u20ac<\/p>\n<p class=\"v1MsoNormal\">2\u00ba Del 1 al 26 de julio 180,00 \u20ac<\/p>\n<p class=\"v1MsoNormal\">3\u00ba Del 1 al 12 de julio 125,00 \u20ac<\/p>\n<p class=\"v1MsoNormal\">4\u00ba Del 15 al 26 julio 125,00 \u20ac<\/p>\n<p class=\"v1MsoNormal\">5\u00ba Del 29 al 31 de julio 30,00 \u20ac<\/p>\n","protected":false},"excerpt":{"rendered":"<p>\u00c1REA LORCA RADIO. Escucha aqu\u00ed la entrevista que ha concedido a Paco S\u00e1nchez en el magazine \u00c1rea Lorca Actualidad, Miguel P\u00e9rez-Cortijos, Coordinador de la Universidad Popular, dependiente de la Concejal\u00eda de Cultura del Ayuntamiento de Lorca. \u00a0 Se trata de una iniciativa que nos permite dinamizar a grupos de escolares en su tiempo libre, facilitando [&hellip;]<\/p>\n","protected":false},"author":1,"featured_media":3410,"comment_status":"open","ping_status":"open","sticky":false,"template":"","format":"standard","meta":{"iawp_total_views":14,"footnotes":""},"categories":[5,7],"tags":[],"class_list":["post-3408","post","type-post","status-publish","format-standard","has-post-thumbnail","hentry","category-actualidad","category-lorca"],"yoast_head":"<!-- This site is optimized with the Yoast SEO plugin v27.5 - https:\/\/yoast.com\/product\/yoast-seo-wordpress\/ -->\n<title>La Universidad Popular de Lorca pone en marcha talleres y actividades culturales, pedag\u00f3gicas y de ocio para los m\u00e1s peque\u00f1os este verano. - AREA LORCA RADIO<\/title>\n<meta name=\"robots\" content=\"index, follow, max-snippet:-1, max-image-preview:large, max-video-preview:-1\" \/>\n<link rel=\"canonical\" href=\"https:\/\/arealorcaradio.es\/index.php\/2024\/06\/04\/la-universidad-popular-de-lorca-pone-en-marcha-talleres-y-actividades-culturales-pedagogicas-y-de-ocio-para-los-mas-pequenos-este-verano\/\" \/>\n<meta property=\"og:locale\" content=\"es_ES\" \/>\n<meta property=\"og:type\" content=\"article\" \/>\n<meta property=\"og:title\" content=\"La Universidad Popular de Lorca pone en marcha talleres y actividades culturales, pedag\u00f3gicas y de ocio para los m\u00e1s peque\u00f1os este verano. - AREA LORCA RADIO\" \/>\n<meta property=\"og:description\" content=\"\u00c1REA LORCA RADIO. Escucha aqu\u00ed la entrevista que ha concedido a Paco S\u00e1nchez en el magazine \u00c1rea Lorca Actualidad, Miguel P\u00e9rez-Cortijos, Coordinador de la Universidad Popular, dependiente de la Concejal\u00eda de Cultura del Ayuntamiento de Lorca. \u00a0 Se trata de una iniciativa que nos permite dinamizar a grupos de escolares en su tiempo libre, facilitando [&hellip;]\" \/>\n<meta property=\"og:url\" content=\"https:\/\/arealorcaradio.es\/index.php\/2024\/06\/04\/la-universidad-popular-de-lorca-pone-en-marcha-talleres-y-actividades-culturales-pedagogicas-y-de-ocio-para-los-mas-pequenos-este-verano\/\" \/>\n<meta property=\"og:site_name\" content=\"AREA LORCA RADIO\" \/>\n<meta property=\"article:published_time\" content=\"2024-06-04T17:30:36+00:00\" \/>\n<meta property=\"og:image\" content=\"https:\/\/arealorcaradio.es\/wp-content\/uploads\/2024\/06\/20240604_183252-scaled.jpg\" \/>\n\t<meta property=\"og:image:width\" content=\"2560\" \/>\n\t<meta property=\"og:image:height\" content=\"1920\" \/>\n\t<meta property=\"og:image:type\" content=\"image\/jpeg\" \/>\n<meta name=\"author\" content=\"Paco S\u00e1nchez\" \/>\n<meta name=\"twitter:card\" content=\"summary_large_image\" \/>\n<meta name=\"twitter:label1\" content=\"Escrito por\" \/>\n\t<meta name=\"twitter:data1\" content=\"Paco S\u00e1nchez\" \/>\n\t<meta name=\"twitter:label2\" content=\"Tiempo de lectura\" \/>\n\t<meta name=\"twitter:data2\" content=\"4 minutos\" \/>\n<script type=\"application\/ld+json\" class=\"yoast-schema-graph\">{\"@context\":\"https:\\\/\\\/schema.org\",\"@graph\":[{\"@type\":\"Article\",\"@id\":\"https:\\\/\\\/arealorcaradio.es\\\/index.php\\\/2024\\\/06\\\/04\\\/la-universidad-popular-de-lorca-pone-en-marcha-talleres-y-actividades-culturales-pedagogicas-y-de-ocio-para-los-mas-pequenos-este-verano\\\/#article\",\"isPartOf\":{\"@id\":\"https:\\\/\\\/arealorcaradio.es\\\/index.php\\\/2024\\\/06\\\/04\\\/la-universidad-popular-de-lorca-pone-en-marcha-talleres-y-actividades-culturales-pedagogicas-y-de-ocio-para-los-mas-pequenos-este-verano\\\/\"},\"author\":{\"name\":\"Paco S\u00e1nchez\",\"@id\":\"https:\\\/\\\/arealorcaradio.es\\\/#\\\/schema\\\/person\\\/9fae605fc25b0f2c83c1ab207139bd27\"},\"headline\":\"La Universidad Popular de Lorca pone en marcha talleres y actividades culturales, pedag\u00f3gicas y de ocio para los m\u00e1s peque\u00f1os este verano.\",\"datePublished\":\"2024-06-04T17:30:36+00:00\",\"mainEntityOfPage\":{\"@id\":\"https:\\\/\\\/arealorcaradio.es\\\/index.php\\\/2024\\\/06\\\/04\\\/la-universidad-popular-de-lorca-pone-en-marcha-talleres-y-actividades-culturales-pedagogicas-y-de-ocio-para-los-mas-pequenos-este-verano\\\/\"},\"wordCount\":568,\"commentCount\":0,\"image\":{\"@id\":\"https:\\\/\\\/arealorcaradio.es\\\/index.php\\\/2024\\\/06\\\/04\\\/la-universidad-popular-de-lorca-pone-en-marcha-talleres-y-actividades-culturales-pedagogicas-y-de-ocio-para-los-mas-pequenos-este-verano\\\/#primaryimage\"},\"thumbnailUrl\":\"https:\\\/\\\/arealorcaradio.es\\\/wp-content\\\/uploads\\\/2024\\\/06\\\/20240604_183252-scaled.jpg\",\"articleSection\":[\"ACTUALIDAD\",\"LORCA\"],\"inLanguage\":\"es\",\"potentialAction\":[{\"@type\":\"CommentAction\",\"name\":\"Comment\",\"target\":[\"https:\\\/\\\/arealorcaradio.es\\\/index.php\\\/2024\\\/06\\\/04\\\/la-universidad-popular-de-lorca-pone-en-marcha-talleres-y-actividades-culturales-pedagogicas-y-de-ocio-para-los-mas-pequenos-este-verano\\\/#respond\"]}]},{\"@type\":\"WebPage\",\"@id\":\"https:\\\/\\\/arealorcaradio.es\\\/index.php\\\/2024\\\/06\\\/04\\\/la-universidad-popular-de-lorca-pone-en-marcha-talleres-y-actividades-culturales-pedagogicas-y-de-ocio-para-los-mas-pequenos-este-verano\\\/\",\"url\":\"https:\\\/\\\/arealorcaradio.es\\\/index.php\\\/2024\\\/06\\\/04\\\/la-universidad-popular-de-lorca-pone-en-marcha-talleres-y-actividades-culturales-pedagogicas-y-de-ocio-para-los-mas-pequenos-este-verano\\\/\",\"name\":\"La Universidad Popular de Lorca pone en marcha talleres y actividades culturales, pedag\u00f3gicas y de ocio para los m\u00e1s peque\u00f1os este verano. - AREA LORCA RADIO\",\"isPartOf\":{\"@id\":\"https:\\\/\\\/arealorcaradio.es\\\/#website\"},\"primaryImageOfPage\":{\"@id\":\"https:\\\/\\\/arealorcaradio.es\\\/index.php\\\/2024\\\/06\\\/04\\\/la-universidad-popular-de-lorca-pone-en-marcha-talleres-y-actividades-culturales-pedagogicas-y-de-ocio-para-los-mas-pequenos-este-verano\\\/#primaryimage\"},\"image\":{\"@id\":\"https:\\\/\\\/arealorcaradio.es\\\/index.php\\\/2024\\\/06\\\/04\\\/la-universidad-popular-de-lorca-pone-en-marcha-talleres-y-actividades-culturales-pedagogicas-y-de-ocio-para-los-mas-pequenos-este-verano\\\/#primaryimage\"},\"thumbnailUrl\":\"https:\\\/\\\/arealorcaradio.es\\\/wp-content\\\/uploads\\\/2024\\\/06\\\/20240604_183252-scaled.jpg\",\"datePublished\":\"2024-06-04T17:30:36+00:00\",\"author\":{\"@id\":\"https:\\\/\\\/arealorcaradio.es\\\/#\\\/schema\\\/person\\\/9fae605fc25b0f2c83c1ab207139bd27\"},\"breadcrumb\":{\"@id\":\"https:\\\/\\\/arealorcaradio.es\\\/index.php\\\/2024\\\/06\\\/04\\\/la-universidad-popular-de-lorca-pone-en-marcha-talleres-y-actividades-culturales-pedagogicas-y-de-ocio-para-los-mas-pequenos-este-verano\\\/#breadcrumb\"},\"inLanguage\":\"es\",\"potentialAction\":[{\"@type\":\"ReadAction\",\"target\":[\"https:\\\/\\\/arealorcaradio.es\\\/index.php\\\/2024\\\/06\\\/04\\\/la-universidad-popular-de-lorca-pone-en-marcha-talleres-y-actividades-culturales-pedagogicas-y-de-ocio-para-los-mas-pequenos-este-verano\\\/\"]}]},{\"@type\":\"ImageObject\",\"inLanguage\":\"es\",\"@id\":\"https:\\\/\\\/arealorcaradio.es\\\/index.php\\\/2024\\\/06\\\/04\\\/la-universidad-popular-de-lorca-pone-en-marcha-talleres-y-actividades-culturales-pedagogicas-y-de-ocio-para-los-mas-pequenos-este-verano\\\/#primaryimage\",\"url\":\"https:\\\/\\\/arealorcaradio.es\\\/wp-content\\\/uploads\\\/2024\\\/06\\\/20240604_183252-scaled.jpg\",\"contentUrl\":\"https:\\\/\\\/arealorcaradio.es\\\/wp-content\\\/uploads\\\/2024\\\/06\\\/20240604_183252-scaled.jpg\",\"width\":2560,\"height\":1920},{\"@type\":\"BreadcrumbList\",\"@id\":\"https:\\\/\\\/arealorcaradio.es\\\/index.php\\\/2024\\\/06\\\/04\\\/la-universidad-popular-de-lorca-pone-en-marcha-talleres-y-actividades-culturales-pedagogicas-y-de-ocio-para-los-mas-pequenos-este-verano\\\/#breadcrumb\",\"itemListElement\":[{\"@type\":\"ListItem\",\"position\":1,\"name\":\"Portada\",\"item\":\"https:\\\/\\\/arealorcaradio.es\\\/\"},{\"@type\":\"ListItem\",\"position\":2,\"name\":\"La Universidad Popular de Lorca pone en marcha talleres y actividades culturales, pedag\u00f3gicas y de ocio para los m\u00e1s peque\u00f1os este verano.\"}]},{\"@type\":\"WebSite\",\"@id\":\"https:\\\/\\\/arealorcaradio.es\\\/#website\",\"url\":\"https:\\\/\\\/arealorcaradio.es\\\/\",\"name\":\"AREA LORCA RADIO\",\"description\":\"Descubre la programaci\u00f3n actual en \u00c1rea Lorca Radio, tu fuente de entrenamiento y noticias locales. Sintoniza ahora y mantente conectado online.\",\"potentialAction\":[{\"@type\":\"SearchAction\",\"target\":{\"@type\":\"EntryPoint\",\"urlTemplate\":\"https:\\\/\\\/arealorcaradio.es\\\/?s={search_term_string}\"},\"query-input\":{\"@type\":\"PropertyValueSpecification\",\"valueRequired\":true,\"valueName\":\"search_term_string\"}}],\"inLanguage\":\"es\"},{\"@type\":\"Person\",\"@id\":\"https:\\\/\\\/arealorcaradio.es\\\/#\\\/schema\\\/person\\\/9fae605fc25b0f2c83c1ab207139bd27\",\"name\":\"Paco S\u00e1nchez\",\"image\":{\"@type\":\"ImageObject\",\"inLanguage\":\"es\",\"@id\":\"https:\\\/\\\/secure.gravatar.com\\\/avatar\\\/d67144e966420fb74aa84c9f2a0103be4724fd14db52b52d3b6bca749f257e79?s=96&d=mm&r=g\",\"url\":\"https:\\\/\\\/secure.gravatar.com\\\/avatar\\\/d67144e966420fb74aa84c9f2a0103be4724fd14db52b52d3b6bca749f257e79?s=96&d=mm&r=g\",\"contentUrl\":\"https:\\\/\\\/secure.gravatar.com\\\/avatar\\\/d67144e966420fb74aa84c9f2a0103be4724fd14db52b52d3b6bca749f257e79?s=96&d=mm&r=g\",\"caption\":\"Paco S\u00e1nchez\"},\"sameAs\":[\"https:\\\/\\\/arealorcaradio.es\"],\"url\":\"https:\\\/\\\/arealorcaradio.es\\\/index.php\\\/author\\\/admin_alorcaradio\\\/\"}]}<\/script>\n<!-- \/ Yoast SEO plugin. -->","yoast_head_json":{"title":"La Universidad Popular de Lorca pone en marcha talleres y actividades culturales, pedag\u00f3gicas y de ocio para los m\u00e1s peque\u00f1os este verano. - AREA LORCA RADIO","robots":{"index":"index","follow":"follow","max-snippet":"max-snippet:-1","max-image-preview":"max-image-preview:large","max-video-preview":"max-video-preview:-1"},"canonical":"https:\/\/arealorcaradio.es\/index.php\/2024\/06\/04\/la-universidad-popular-de-lorca-pone-en-marcha-talleres-y-actividades-culturales-pedagogicas-y-de-ocio-para-los-mas-pequenos-este-verano\/","og_locale":"es_ES","og_type":"article","og_title":"La Universidad Popular de Lorca pone en marcha talleres y actividades culturales, pedag\u00f3gicas y de ocio para los m\u00e1s peque\u00f1os este verano. - AREA LORCA RADIO","og_description":"\u00c1REA LORCA RADIO. Escucha aqu\u00ed la entrevista que ha concedido a Paco S\u00e1nchez en el magazine \u00c1rea Lorca Actualidad, Miguel P\u00e9rez-Cortijos, Coordinador de la Universidad Popular, dependiente de la Concejal\u00eda de Cultura del Ayuntamiento de Lorca. \u00a0 Se trata de una iniciativa que nos permite dinamizar a grupos de escolares en su tiempo libre, facilitando [&hellip;]","og_url":"https:\/\/arealorcaradio.es\/index.php\/2024\/06\/04\/la-universidad-popular-de-lorca-pone-en-marcha-talleres-y-actividades-culturales-pedagogicas-y-de-ocio-para-los-mas-pequenos-este-verano\/","og_site_name":"AREA LORCA RADIO","article_published_time":"2024-06-04T17:30:36+00:00","og_image":[{"width":2560,"height":1920,"url":"https:\/\/arealorcaradio.es\/wp-content\/uploads\/2024\/06\/20240604_183252-scaled.jpg","type":"image\/jpeg"}],"author":"Paco S\u00e1nchez","twitter_card":"summary_large_image","twitter_misc":{"Escrito por":"Paco S\u00e1nchez","Tiempo de lectura":"4 minutos"},"schema":{"@context":"https:\/\/schema.org","@graph":[{"@type":"Article","@id":"https:\/\/arealorcaradio.es\/index.php\/2024\/06\/04\/la-universidad-popular-de-lorca-pone-en-marcha-talleres-y-actividades-culturales-pedagogicas-y-de-ocio-para-los-mas-pequenos-este-verano\/#article","isPartOf":{"@id":"https:\/\/arealorcaradio.es\/index.php\/2024\/06\/04\/la-universidad-popular-de-lorca-pone-en-marcha-talleres-y-actividades-culturales-pedagogicas-y-de-ocio-para-los-mas-pequenos-este-verano\/"},"author":{"name":"Paco S\u00e1nchez","@id":"https:\/\/arealorcaradio.es\/#\/schema\/person\/9fae605fc25b0f2c83c1ab207139bd27"},"headline":"La Universidad Popular de Lorca pone en marcha talleres y actividades culturales, pedag\u00f3gicas y de ocio para los m\u00e1s peque\u00f1os este verano.","datePublished":"2024-06-04T17:30:36+00:00","mainEntityOfPage":{"@id":"https:\/\/arealorcaradio.es\/index.php\/2024\/06\/04\/la-universidad-popular-de-lorca-pone-en-marcha-talleres-y-actividades-culturales-pedagogicas-y-de-ocio-para-los-mas-pequenos-este-verano\/"},"wordCount":568,"commentCount":0,"image":{"@id":"https:\/\/arealorcaradio.es\/index.php\/2024\/06\/04\/la-universidad-popular-de-lorca-pone-en-marcha-talleres-y-actividades-culturales-pedagogicas-y-de-ocio-para-los-mas-pequenos-este-verano\/#primaryimage"},"thumbnailUrl":"https:\/\/arealorcaradio.es\/wp-content\/uploads\/2024\/06\/20240604_183252-scaled.jpg","articleSection":["ACTUALIDAD","LORCA"],"inLanguage":"es","potentialAction":[{"@type":"CommentAction","name":"Comment","target":["https:\/\/arealorcaradio.es\/index.php\/2024\/06\/04\/la-universidad-popular-de-lorca-pone-en-marcha-talleres-y-actividades-culturales-pedagogicas-y-de-ocio-para-los-mas-pequenos-este-verano\/#respond"]}]},{"@type":"WebPage","@id":"https:\/\/arealorcaradio.es\/index.php\/2024\/06\/04\/la-universidad-popular-de-lorca-pone-en-marcha-talleres-y-actividades-culturales-pedagogicas-y-de-ocio-para-los-mas-pequenos-este-verano\/","url":"https:\/\/arealorcaradio.es\/index.php\/2024\/06\/04\/la-universidad-popular-de-lorca-pone-en-marcha-talleres-y-actividades-culturales-pedagogicas-y-de-ocio-para-los-mas-pequenos-este-verano\/","name":"La Universidad Popular de Lorca pone en marcha talleres y actividades culturales, pedag\u00f3gicas y de ocio para los m\u00e1s peque\u00f1os este verano. - AREA LORCA RADIO","isPartOf":{"@id":"https:\/\/arealorcaradio.es\/#website"},"primaryImageOfPage":{"@id":"https:\/\/arealorcaradio.es\/index.php\/2024\/06\/04\/la-universidad-popular-de-lorca-pone-en-marcha-talleres-y-actividades-culturales-pedagogicas-y-de-ocio-para-los-mas-pequenos-este-verano\/#primaryimage"},"image":{"@id":"https:\/\/arealorcaradio.es\/index.php\/2024\/06\/04\/la-universidad-popular-de-lorca-pone-en-marcha-talleres-y-actividades-culturales-pedagogicas-y-de-ocio-para-los-mas-pequenos-este-verano\/#primaryimage"},"thumbnailUrl":"https:\/\/arealorcaradio.es\/wp-content\/uploads\/2024\/06\/20240604_183252-scaled.jpg","datePublished":"2024-06-04T17:30:36+00:00","author":{"@id":"https:\/\/arealorcaradio.es\/#\/schema\/person\/9fae605fc25b0f2c83c1ab207139bd27"},"breadcrumb":{"@id":"https:\/\/arealorcaradio.es\/index.php\/2024\/06\/04\/la-universidad-popular-de-lorca-pone-en-marcha-talleres-y-actividades-culturales-pedagogicas-y-de-ocio-para-los-mas-pequenos-este-verano\/#breadcrumb"},"inLanguage":"es","potentialAction":[{"@type":"ReadAction","target":["https:\/\/arealorcaradio.es\/index.php\/2024\/06\/04\/la-universidad-popular-de-lorca-pone-en-marcha-talleres-y-actividades-culturales-pedagogicas-y-de-ocio-para-los-mas-pequenos-este-verano\/"]}]},{"@type":"ImageObject","inLanguage":"es","@id":"https:\/\/arealorcaradio.es\/index.php\/2024\/06\/04\/la-universidad-popular-de-lorca-pone-en-marcha-talleres-y-actividades-culturales-pedagogicas-y-de-ocio-para-los-mas-pequenos-este-verano\/#primaryimage","url":"https:\/\/arealorcaradio.es\/wp-content\/uploads\/2024\/06\/20240604_183252-scaled.jpg","contentUrl":"https:\/\/arealorcaradio.es\/wp-content\/uploads\/2024\/06\/20240604_183252-scaled.jpg","width":2560,"height":1920},{"@type":"BreadcrumbList","@id":"https:\/\/arealorcaradio.es\/index.php\/2024\/06\/04\/la-universidad-popular-de-lorca-pone-en-marcha-talleres-y-actividades-culturales-pedagogicas-y-de-ocio-para-los-mas-pequenos-este-verano\/#breadcrumb","itemListElement":[{"@type":"ListItem","position":1,"name":"Portada","item":"https:\/\/arealorcaradio.es\/"},{"@type":"ListItem","position":2,"name":"La Universidad Popular de Lorca pone en marcha talleres y actividades culturales, pedag\u00f3gicas y de ocio para los m\u00e1s peque\u00f1os este verano."}]},{"@type":"WebSite","@id":"https:\/\/arealorcaradio.es\/#website","url":"https:\/\/arealorcaradio.es\/","name":"AREA LORCA RADIO","description":"Descubre la programaci\u00f3n actual en \u00c1rea Lorca Radio, tu fuente de entrenamiento y noticias locales. Sintoniza ahora y mantente conectado online.","potentialAction":[{"@type":"SearchAction","target":{"@type":"EntryPoint","urlTemplate":"https:\/\/arealorcaradio.es\/?s={search_term_string}"},"query-input":{"@type":"PropertyValueSpecification","valueRequired":true,"valueName":"search_term_string"}}],"inLanguage":"es"},{"@type":"Person","@id":"https:\/\/arealorcaradio.es\/#\/schema\/person\/9fae605fc25b0f2c83c1ab207139bd27","name":"Paco S\u00e1nchez","image":{"@type":"ImageObject","inLanguage":"es","@id":"https:\/\/secure.gravatar.com\/avatar\/d67144e966420fb74aa84c9f2a0103be4724fd14db52b52d3b6bca749f257e79?s=96&d=mm&r=g","url":"https:\/\/secure.gravatar.com\/avatar\/d67144e966420fb74aa84c9f2a0103be4724fd14db52b52d3b6bca749f257e79?s=96&d=mm&r=g","contentUrl":"https:\/\/secure.gravatar.com\/avatar\/d67144e966420fb74aa84c9f2a0103be4724fd14db52b52d3b6bca749f257e79?s=96&d=mm&r=g","caption":"Paco S\u00e1nchez"},"sameAs":["https:\/\/arealorcaradio.es"],"url":"https:\/\/arealorcaradio.es\/index.php\/author\/admin_alorcaradio\/"}]}},"_links":{"self":[{"href":"https:\/\/arealorcaradio.es\/index.php\/wp-json\/wp\/v2\/posts\/3408","targetHints":{"allow":["GET"]}}],"collection":[{"href":"https:\/\/arealorcaradio.es\/index.php\/wp-json\/wp\/v2\/posts"}],"about":[{"href":"https:\/\/arealorcaradio.es\/index.php\/wp-json\/wp\/v2\/types\/post"}],"author":[{"embeddable":true,"href":"https:\/\/arealorcaradio.es\/index.php\/wp-json\/wp\/v2\/users\/1"}],"replies":[{"embeddable":true,"href":"https:\/\/arealorcaradio.es\/index.php\/wp-json\/wp\/v2\/comments?post=3408"}],"version-history":[{"count":1,"href":"https:\/\/arealorcaradio.es\/index.php\/wp-json\/wp\/v2\/posts\/3408\/revisions"}],"predecessor-version":[{"id":3412,"href":"https:\/\/arealorcaradio.es\/index.php\/wp-json\/wp\/v2\/posts\/3408\/revisions\/3412"}],"wp:featuredmedia":[{"embeddable":true,"href":"https:\/\/arealorcaradio.es\/index.php\/wp-json\/wp\/v2\/media\/3410"}],"wp:attachment":[{"href":"https:\/\/arealorcaradio.es\/index.php\/wp-json\/wp\/v2\/media?parent=3408"}],"wp:term":[{"taxonomy":"category","embeddable":true,"href":"https:\/\/arealorcaradio.es\/index.php\/wp-json\/wp\/v2\/categories?post=3408"},{"taxonomy":"post_tag","embeddable":true,"href":"https:\/\/arealorcaradio.es\/index.php\/wp-json\/wp\/v2\/tags?post=3408"}],"curies":[{"name":"wp","href":"https:\/\/api.w.org\/{rel}","templated":true}]}}