{"id":3394,"date":"2024-06-04T10:48:47","date_gmt":"2024-06-04T10:48:47","guid":{"rendered":"https:\/\/arealorcaradio.es\/?p=3394"},"modified":"2024-06-04T17:29:45","modified_gmt":"2024-06-04T17:29:45","slug":"lorca-sede-de-la-presentacion-del-plan-infomur-2024-que-incrementa-su-presupuesto-en-112-000-euros-hasta-alcanzar-los-350-000","status":"publish","type":"post","link":"https:\/\/arealorcaradio.es\/index.php\/2024\/06\/04\/lorca-sede-de-la-presentacion-del-plan-infomur-2024-que-incrementa-su-presupuesto-en-112-000-euros-hasta-alcanzar-los-350-000\/","title":{"rendered":"Lorca sede de la presentaci\u00f3n del Plan Infomur 2024 que incrementa su presupuesto en 112.000 euros hasta alcanzar los 350.000."},"content":{"rendered":"<p>\u00c1REA LORCA RADIO.<\/p>\n<p class=\"v1MsoNormal\"><span lang=\"ES-TRAD\">As\u00ed lo ha destacado el vicepresidente y consejero de Interior, Emergencias y Ordenaci\u00f3n del Territorio, Jos\u00e9 \u00c1ngel Antelo, en un acto celebrado en Lorca, durante el que ha calificado este plan como \u00abhist\u00f3rico\u00bb gracias a que el presupuesto destinado a este fin \u00abha aumentado un 47 por ciento respecto al a\u00f1o 2023, lo que supone 112.000 euros m\u00e1s hasta alcanzar los 350.000 euros.<\/span><\/p>\n<p class=\"v1MsoNormal\"><span lang=\"ES-TRAD\"><img loading=\"lazy\" decoding=\"async\" class=\"alignnone size-medium wp-image-3401\" src=\"https:\/\/arealorcaradio.es\/wp-content\/uploads\/2024\/06\/WhatsApp-Image-2024-06-04-at-11.10.14-3-300x225.jpeg\" alt=\"\" width=\"300\" height=\"225\" srcset=\"https:\/\/arealorcaradio.es\/wp-content\/uploads\/2024\/06\/WhatsApp-Image-2024-06-04-at-11.10.14-3-300x225.jpeg 300w, https:\/\/arealorcaradio.es\/wp-content\/uploads\/2024\/06\/WhatsApp-Image-2024-06-04-at-11.10.14-3-1024x768.jpeg 1024w, https:\/\/arealorcaradio.es\/wp-content\/uploads\/2024\/06\/WhatsApp-Image-2024-06-04-at-11.10.14-3-768x576.jpeg 768w, https:\/\/arealorcaradio.es\/wp-content\/uploads\/2024\/06\/WhatsApp-Image-2024-06-04-at-11.10.14-3-1536x1152.jpeg 1536w, https:\/\/arealorcaradio.es\/wp-content\/uploads\/2024\/06\/WhatsApp-Image-2024-06-04-at-11.10.14-3-86x64.jpeg 86w, https:\/\/arealorcaradio.es\/wp-content\/uploads\/2024\/06\/WhatsApp-Image-2024-06-04-at-11.10.14-3.jpeg 2000w\" sizes=\"auto, (max-width: 300px) 100vw, 300px\" \/><\/span><\/p>\n<p class=\"v1MsoNormal\"><span lang=\"ES-TRAD\">\u00abEsta apuesta inequ\u00edvoca por la seguridad permitir\u00e1 que este a\u00f1o contemos con m\u00e1s parejas de voluntarios de Protecci\u00f3n Civil en vigilancia m\u00f3vil. Tambi\u00e9n con m\u00e1s bomberos forestales en el operativo de la extinci\u00f3n, con una brigada de intervenci\u00f3n r\u00e1pida m\u00e1s que el a\u00f1o pasado y una brigada forestal que duplica su n\u00famero de miembros\u00bb, ha asegurado.<\/span><\/p>\n<p class=\"v1MsoNormal\"><span lang=\"ES-TRAD\">El vicepresidente tambi\u00e9n ha destacado que el Plan Infomur, que establece la organizaci\u00f3n jer\u00e1rquica y funcional y los procedimientos de actuaci\u00f3n destinados a proteger personas y bienes y el medio ambiente en caso de incendio forestal, movilizar\u00e1 a diario en su \u00e9poca de peligro alto (del 1 de junio al 30 de septiembre) \u00aba m\u00e1s de 450 personas en sus dispositivos de coordinaci\u00f3n, vigilancia y extinci\u00f3n\u00bb.<\/span><\/p>\n<p class=\"v1MsoNormal\"><span lang=\"ES-TRAD\">En este sentido, Antelo ha explicado que para la vigilancia se cuenta con 20 puntos fijos, un helic\u00f3ptero que sobrevuela a diario los principales espacios naturales de la regi\u00f3n y 35 parejas de voluntarios de Protecci\u00f3n Civil de 33 municipios, dos m\u00e1s que en 2023.<\/span><\/p>\n<p class=\"v1MsoNormal\"><span lang=\"ES-TRAD\">Adem\u00e1s, para la extinci\u00f3n est\u00e1n preparados tres helic\u00f3pteros con sus respectivas brigadas forestales helitransportadas; 19 brigadas forestales terrestres (la de Cieza con 13 miembros en lugar de 6); 5 brigadas de intervenci\u00f3n r\u00e1pida (una m\u00e1s que en 2023); 11 brigadas municipales de pronto auxilio y bomberos del Consorcio de Extinci\u00f3n de Incendios y Salvamento de la Regi\u00f3n de Murcia y de los ayuntamientos de Murcia y Cartagena.<\/span><\/p>\n<p class=\"v1MsoNormal\"><b><span lang=\"ES-TRAD\"><img loading=\"lazy\" decoding=\"async\" class=\"alignnone size-medium wp-image-3403\" src=\"https:\/\/arealorcaradio.es\/wp-content\/uploads\/2024\/06\/WhatsApp-Image-2024-06-04-at-11.10.11-3-300x225.jpeg\" alt=\"\" width=\"300\" height=\"225\" srcset=\"https:\/\/arealorcaradio.es\/wp-content\/uploads\/2024\/06\/WhatsApp-Image-2024-06-04-at-11.10.11-3-300x225.jpeg 300w, https:\/\/arealorcaradio.es\/wp-content\/uploads\/2024\/06\/WhatsApp-Image-2024-06-04-at-11.10.11-3-1024x768.jpeg 1024w, https:\/\/arealorcaradio.es\/wp-content\/uploads\/2024\/06\/WhatsApp-Image-2024-06-04-at-11.10.11-3-768x576.jpeg 768w, https:\/\/arealorcaradio.es\/wp-content\/uploads\/2024\/06\/WhatsApp-Image-2024-06-04-at-11.10.11-3-1536x1152.jpeg 1536w, https:\/\/arealorcaradio.es\/wp-content\/uploads\/2024\/06\/WhatsApp-Image-2024-06-04-at-11.10.11-3-86x64.jpeg 86w, https:\/\/arealorcaradio.es\/wp-content\/uploads\/2024\/06\/WhatsApp-Image-2024-06-04-at-11.10.11-3.jpeg 2000w\" sizes=\"auto, (max-width: 300px) 100vw, 300px\" \/> <img loading=\"lazy\" decoding=\"async\" class=\"alignnone size-medium wp-image-3404\" src=\"https:\/\/arealorcaradio.es\/wp-content\/uploads\/2024\/06\/WhatsApp-Image-2024-06-04-at-11.10.11-2-300x225.jpeg\" alt=\"\" width=\"300\" height=\"225\" srcset=\"https:\/\/arealorcaradio.es\/wp-content\/uploads\/2024\/06\/WhatsApp-Image-2024-06-04-at-11.10.11-2-300x225.jpeg 300w, https:\/\/arealorcaradio.es\/wp-content\/uploads\/2024\/06\/WhatsApp-Image-2024-06-04-at-11.10.11-2-1024x768.jpeg 1024w, https:\/\/arealorcaradio.es\/wp-content\/uploads\/2024\/06\/WhatsApp-Image-2024-06-04-at-11.10.11-2-768x576.jpeg 768w, https:\/\/arealorcaradio.es\/wp-content\/uploads\/2024\/06\/WhatsApp-Image-2024-06-04-at-11.10.11-2-1536x1152.jpeg 1536w, https:\/\/arealorcaradio.es\/wp-content\/uploads\/2024\/06\/WhatsApp-Image-2024-06-04-at-11.10.11-2-86x64.jpeg 86w, https:\/\/arealorcaradio.es\/wp-content\/uploads\/2024\/06\/WhatsApp-Image-2024-06-04-at-11.10.11-2.jpeg 2000w\" sizes=\"auto, (max-width: 300px) 100vw, 300px\" \/> <img loading=\"lazy\" decoding=\"async\" class=\"alignnone size-medium wp-image-3397\" src=\"https:\/\/arealorcaradio.es\/wp-content\/uploads\/2024\/06\/WhatsApp-Image-2024-06-04-at-11.10.11-1-300x225.jpeg\" alt=\"\" width=\"300\" height=\"225\" srcset=\"https:\/\/arealorcaradio.es\/wp-content\/uploads\/2024\/06\/WhatsApp-Image-2024-06-04-at-11.10.11-1-300x225.jpeg 300w, https:\/\/arealorcaradio.es\/wp-content\/uploads\/2024\/06\/WhatsApp-Image-2024-06-04-at-11.10.11-1-1024x768.jpeg 1024w, https:\/\/arealorcaradio.es\/wp-content\/uploads\/2024\/06\/WhatsApp-Image-2024-06-04-at-11.10.11-1-768x576.jpeg 768w, https:\/\/arealorcaradio.es\/wp-content\/uploads\/2024\/06\/WhatsApp-Image-2024-06-04-at-11.10.11-1-1536x1152.jpeg 1536w, https:\/\/arealorcaradio.es\/wp-content\/uploads\/2024\/06\/WhatsApp-Image-2024-06-04-at-11.10.11-1-86x64.jpeg 86w, https:\/\/arealorcaradio.es\/wp-content\/uploads\/2024\/06\/WhatsApp-Image-2024-06-04-at-11.10.11-1.jpeg 2000w\" sizes=\"auto, (max-width: 300px) 100vw, 300px\" \/> <img loading=\"lazy\" decoding=\"async\" class=\"alignnone size-medium wp-image-3405\" src=\"https:\/\/arealorcaradio.es\/wp-content\/uploads\/2024\/06\/WhatsApp-Image-2024-06-04-at-11.10.12-1-300x225.jpeg\" alt=\"\" width=\"300\" height=\"225\" srcset=\"https:\/\/arealorcaradio.es\/wp-content\/uploads\/2024\/06\/WhatsApp-Image-2024-06-04-at-11.10.12-1-300x225.jpeg 300w, https:\/\/arealorcaradio.es\/wp-content\/uploads\/2024\/06\/WhatsApp-Image-2024-06-04-at-11.10.12-1-1024x768.jpeg 1024w, https:\/\/arealorcaradio.es\/wp-content\/uploads\/2024\/06\/WhatsApp-Image-2024-06-04-at-11.10.12-1-768x576.jpeg 768w, https:\/\/arealorcaradio.es\/wp-content\/uploads\/2024\/06\/WhatsApp-Image-2024-06-04-at-11.10.12-1-1536x1152.jpeg 1536w, https:\/\/arealorcaradio.es\/wp-content\/uploads\/2024\/06\/WhatsApp-Image-2024-06-04-at-11.10.12-1-86x64.jpeg 86w, https:\/\/arealorcaradio.es\/wp-content\/uploads\/2024\/06\/WhatsApp-Image-2024-06-04-at-11.10.12-1.jpeg 2000w\" sizes=\"auto, (max-width: 300px) 100vw, 300px\" \/><\/span><\/b><\/p>\n<p class=\"v1MsoNormal\"><b><span lang=\"ES-TRAD\">45 incendios apagados en lo que va de 2024, casi todos conatos<\/span><\/b><\/p>\n<p class=\"v1MsoNormal\"><span lang=\"ES-TRAD\">Durante 2023 el efectivo adscrito al Plan Infomur apag\u00f3 un total de 132 incendios forestales que afectaron a 43,82 hect\u00e1reas de terreno. De ellos, tan s\u00f3lo 13 afectaron a m\u00e1s de una hect\u00e1rea de terreno y el resto (m\u00e1s del 90 por ciento) quedaron en conatos. El mayor de ellos tuvo lugar en el 19 de octubre en El Llano del Beal (Cartagena) y afect\u00f3 a 4,8 ha. de terreno forestal.<b><\/b><\/span><\/p>\n<p class=\"v1MsoNormal\"><span lang=\"ES-TRAD\">En los 5 primeros meses de este a\u00f1o, se han apagado un total de 45 incendios forestales, de los cuales tan s\u00f3lo uno (el de San Jos\u00e9 de la Monta\u00f1a, Murcia, del 6 de mayo, con 1,07 Ha.) super\u00f3 la superficie de una hect\u00e1rea, por lo que se considera que quedaron en conato.<\/span><\/p>\n<p><b>Lorca cuenta con unas 90.000 hect\u00e1reas de masa forestal\u00a0<\/b><\/p>\n<p class=\"v1MsoNormal\">Hasta el lugar de la presentaci\u00f3n, el Recinto Ferial del Huerto de la Rueda se desplazaba una unidad helitransportada que desde la pasada semana ocupa la base de emergencias de Zarcilla de Ramos.<\/p>\n<p class=\"v1MsoNormal\">Este helic\u00f3ptero participar\u00e1 de las tareas de vigilancia y extinci\u00f3n en el municipio hasta el pr\u00f3ximo 30 de septiembre. La unidad helitransportada est\u00e1 integrada por una tripulaci\u00f3n conformada por un piloto, copiloto y mec\u00e1nico. \u00abLas especiales caracter\u00edsticas del municipio, con una espesa masa forestal, elevaciones abruptas, una amplia superficie donde la lluvia apenas ha hecho aparici\u00f3n en los \u00faltimos meses y un territorio de casi 1.700 kil\u00f3metros cuadrados, nos lleva especialmente este verano a extremar las precauciones\u00bb, ha afirmado el alcalde de Lorca Fulgencio Gil Jodar.<\/p>\n<p class=\"v1MsoNormal\"><img loading=\"lazy\" decoding=\"async\" class=\"alignnone size-medium wp-image-3402\" src=\"https:\/\/arealorcaradio.es\/wp-content\/uploads\/2024\/06\/WhatsApp-Image-2024-06-04-at-11.10.16-3-300x225.jpeg\" alt=\"\" width=\"300\" height=\"225\" srcset=\"https:\/\/arealorcaradio.es\/wp-content\/uploads\/2024\/06\/WhatsApp-Image-2024-06-04-at-11.10.16-3-300x225.jpeg 300w, https:\/\/arealorcaradio.es\/wp-content\/uploads\/2024\/06\/WhatsApp-Image-2024-06-04-at-11.10.16-3-1024x768.jpeg 1024w, https:\/\/arealorcaradio.es\/wp-content\/uploads\/2024\/06\/WhatsApp-Image-2024-06-04-at-11.10.16-3-768x576.jpeg 768w, https:\/\/arealorcaradio.es\/wp-content\/uploads\/2024\/06\/WhatsApp-Image-2024-06-04-at-11.10.16-3-1536x1152.jpeg 1536w, https:\/\/arealorcaradio.es\/wp-content\/uploads\/2024\/06\/WhatsApp-Image-2024-06-04-at-11.10.16-3-86x64.jpeg 86w, https:\/\/arealorcaradio.es\/wp-content\/uploads\/2024\/06\/WhatsApp-Image-2024-06-04-at-11.10.16-3.jpeg 2000w\" sizes=\"auto, (max-width: 300px) 100vw, 300px\" \/><\/p>\n<p class=\"v1MsoNormal\">Lo hac\u00eda mientras supervisaba la log\u00edstica que desde la semana pasada est\u00e1 operativa dentro del Plan Infomur en el municipio. \u00abLucharemos contra los incendios desde tierra, con patrullas que recorrer\u00e1n a pie todo el municipio, pero tambi\u00e9n desde el aire, con un helic\u00f3ptero que tiene su base en las pedan\u00edas altas. La brigada de Intervenci\u00f3n Forestal del Ayuntamiento de Lorca, Brifolor, que realiza labores de vigilancia y detecci\u00f3n de incendios forestales, la conforman 1 coordinador del Servicio de Emergencias y Protecci\u00f3n Civil, 2 t\u00e9cnicos del servicio y 16 agentes de emergencias, adem\u00e1s de 2 patrullas con miembros de la Agrupaci\u00f3n de Voluntarios de Protecci\u00f3n Civil\u00bb, ha detallado Gil J\u00f3dar.<\/p>\n<p class=\"v1MsoNormal\">El dispositivo municipal tambi\u00e9n lo integran 1 cami\u00f3n autobomba de primera intervenci\u00f3n de emergencias con 2.000 litros, 2 veh\u00edculos con motobomba de 450 y 600 litros, 1 veh\u00edculo autobomba de 500 litros, 1 furg\u00f3n log\u00edstico, 1 furg\u00f3n Puesto de Mando Avanzado y 1 minicargadora. \u00abNuestra log\u00edstica se suma a las brigadas forestales contra incendios y de bomberos. Todo ello, con el fin de atender el riesgo de incendios forestales, as\u00ed como a la vulnerabilidad de nuestro territorio, como dec\u00eda, con unas caracter\u00edsticas muy especiales. El operativo preventivo se iniciaba la semana pasada y estar\u00e1 operativo hasta el 30 de septiembre\u00bb.<\/p>\n<p>Escucha aqu\u00ed la entrevista que ha concedido el concejal de Emergencias del Ayuntamiento de Lorca, Jos\u00e9 Mart\u00ednez a Paco S\u00e1nchez en el magazine \u00c1rea Lorca Actualidad.<\/p>\n<audio class=\"wp-audio-shortcode\" id=\"audio-3394-1\" preload=\"none\" style=\"width: 100%;\" controls=\"controls\"><source type=\"audio\/mpeg\" src=\"https:\/\/arealorcaradio.es\/wp-content\/uploads\/2024\/06\/040624-JOSE-MARTINEZ.-PRESENTACION-PLAN-INFOMUR.mp3?_=1\" \/><a href=\"https:\/\/arealorcaradio.es\/wp-content\/uploads\/2024\/06\/040624-JOSE-MARTINEZ.-PRESENTACION-PLAN-INFOMUR.mp3\">https:\/\/arealorcaradio.es\/wp-content\/uploads\/2024\/06\/040624-JOSE-MARTINEZ.-PRESENTACION-PLAN-INFOMUR.mp3<\/a><\/audio>\n<p><img loading=\"lazy\" decoding=\"async\" class=\"alignnone size-medium wp-image-3414\" src=\"https:\/\/arealorcaradio.es\/wp-content\/uploads\/2024\/06\/20240604_113108-300x225.jpg\" alt=\"\" width=\"300\" height=\"225\" srcset=\"https:\/\/arealorcaradio.es\/wp-content\/uploads\/2024\/06\/20240604_113108-300x225.jpg 300w, https:\/\/arealorcaradio.es\/wp-content\/uploads\/2024\/06\/20240604_113108-1024x768.jpg 1024w, https:\/\/arealorcaradio.es\/wp-content\/uploads\/2024\/06\/20240604_113108-768x576.jpg 768w, https:\/\/arealorcaradio.es\/wp-content\/uploads\/2024\/06\/20240604_113108-1536x1152.jpg 1536w, https:\/\/arealorcaradio.es\/wp-content\/uploads\/2024\/06\/20240604_113108-2048x1536.jpg 2048w, https:\/\/arealorcaradio.es\/wp-content\/uploads\/2024\/06\/20240604_113108-86x64.jpg 86w\" sizes=\"auto, (max-width: 300px) 100vw, 300px\" \/><\/p>\n","protected":false},"excerpt":{"rendered":"<p>\u00c1REA LORCA RADIO. As\u00ed lo ha destacado el vicepresidente y consejero de Interior, Emergencias y Ordenaci\u00f3n del Territorio, Jos\u00e9 \u00c1ngel Antelo, en un acto celebrado en Lorca, durante el que ha calificado este plan como \u00abhist\u00f3rico\u00bb gracias a que el presupuesto destinado a este fin \u00abha aumentado un 47 por ciento respecto al a\u00f1o 2023, [&hellip;]<\/p>\n","protected":false},"author":1,"featured_media":3399,"comment_status":"open","ping_status":"open","sticky":false,"template":"","format":"standard","meta":{"iawp_total_views":20,"footnotes":""},"categories":[5,7],"tags":[],"class_list":["post-3394","post","type-post","status-publish","format-standard","has-post-thumbnail","hentry","category-actualidad","category-lorca"],"yoast_head":"<!-- This site is optimized with the Yoast SEO plugin v27.5 - https:\/\/yoast.com\/product\/yoast-seo-wordpress\/ -->\n<title>Lorca sede de la presentaci\u00f3n del Plan Infomur 2024 que incrementa su presupuesto en 112.000 euros hasta alcanzar los 350.000. - AREA LORCA RADIO<\/title>\n<meta name=\"robots\" content=\"index, follow, max-snippet:-1, max-image-preview:large, max-video-preview:-1\" \/>\n<link rel=\"canonical\" href=\"https:\/\/arealorcaradio.es\/index.php\/2024\/06\/04\/lorca-sede-de-la-presentacion-del-plan-infomur-2024-que-incrementa-su-presupuesto-en-112-000-euros-hasta-alcanzar-los-350-000\/\" \/>\n<meta property=\"og:locale\" content=\"es_ES\" \/>\n<meta property=\"og:type\" content=\"article\" \/>\n<meta property=\"og:title\" content=\"Lorca sede de la presentaci\u00f3n del Plan Infomur 2024 que incrementa su presupuesto en 112.000 euros hasta alcanzar los 350.000. - AREA LORCA RADIO\" \/>\n<meta property=\"og:description\" content=\"\u00c1REA LORCA RADIO. As\u00ed lo ha destacado el vicepresidente y consejero de Interior, Emergencias y Ordenaci\u00f3n del Territorio, Jos\u00e9 \u00c1ngel Antelo, en un acto celebrado en Lorca, durante el que ha calificado este plan como \u00abhist\u00f3rico\u00bb gracias a que el presupuesto destinado a este fin \u00abha aumentado un 47 por ciento respecto al a\u00f1o 2023, [&hellip;]\" \/>\n<meta property=\"og:url\" content=\"https:\/\/arealorcaradio.es\/index.php\/2024\/06\/04\/lorca-sede-de-la-presentacion-del-plan-infomur-2024-que-incrementa-su-presupuesto-en-112-000-euros-hasta-alcanzar-los-350-000\/\" \/>\n<meta property=\"og:site_name\" content=\"AREA LORCA RADIO\" \/>\n<meta property=\"article:published_time\" content=\"2024-06-04T10:48:47+00:00\" \/>\n<meta property=\"article:modified_time\" content=\"2024-06-04T17:29:45+00:00\" \/>\n<meta property=\"og:image\" content=\"https:\/\/arealorcaradio.es\/wp-content\/uploads\/2024\/06\/WhatsApp-Image-2024-06-04-at-11.10.16.jpeg\" \/>\n\t<meta property=\"og:image:width\" content=\"2000\" \/>\n\t<meta property=\"og:image:height\" content=\"1500\" \/>\n\t<meta property=\"og:image:type\" content=\"image\/jpeg\" \/>\n<meta name=\"author\" content=\"Paco S\u00e1nchez\" \/>\n<meta name=\"twitter:card\" content=\"summary_large_image\" \/>\n<meta name=\"twitter:label1\" content=\"Escrito por\" \/>\n\t<meta name=\"twitter:data1\" content=\"Paco S\u00e1nchez\" \/>\n\t<meta name=\"twitter:label2\" content=\"Tiempo de lectura\" \/>\n\t<meta name=\"twitter:data2\" content=\"6 minutos\" \/>\n<script type=\"application\/ld+json\" class=\"yoast-schema-graph\">{\"@context\":\"https:\\\/\\\/schema.org\",\"@graph\":[{\"@type\":\"Article\",\"@id\":\"https:\\\/\\\/arealorcaradio.es\\\/index.php\\\/2024\\\/06\\\/04\\\/lorca-sede-de-la-presentacion-del-plan-infomur-2024-que-incrementa-su-presupuesto-en-112-000-euros-hasta-alcanzar-los-350-000\\\/#article\",\"isPartOf\":{\"@id\":\"https:\\\/\\\/arealorcaradio.es\\\/index.php\\\/2024\\\/06\\\/04\\\/lorca-sede-de-la-presentacion-del-plan-infomur-2024-que-incrementa-su-presupuesto-en-112-000-euros-hasta-alcanzar-los-350-000\\\/\"},\"author\":{\"name\":\"Paco S\u00e1nchez\",\"@id\":\"https:\\\/\\\/arealorcaradio.es\\\/#\\\/schema\\\/person\\\/9fae605fc25b0f2c83c1ab207139bd27\"},\"headline\":\"Lorca sede de la presentaci\u00f3n del Plan Infomur 2024 que incrementa su presupuesto en 112.000 euros hasta alcanzar los 350.000.\",\"datePublished\":\"2024-06-04T10:48:47+00:00\",\"dateModified\":\"2024-06-04T17:29:45+00:00\",\"mainEntityOfPage\":{\"@id\":\"https:\\\/\\\/arealorcaradio.es\\\/index.php\\\/2024\\\/06\\\/04\\\/lorca-sede-de-la-presentacion-del-plan-infomur-2024-que-incrementa-su-presupuesto-en-112-000-euros-hasta-alcanzar-los-350-000\\\/\"},\"wordCount\":863,\"commentCount\":0,\"image\":{\"@id\":\"https:\\\/\\\/arealorcaradio.es\\\/index.php\\\/2024\\\/06\\\/04\\\/lorca-sede-de-la-presentacion-del-plan-infomur-2024-que-incrementa-su-presupuesto-en-112-000-euros-hasta-alcanzar-los-350-000\\\/#primaryimage\"},\"thumbnailUrl\":\"https:\\\/\\\/arealorcaradio.es\\\/wp-content\\\/uploads\\\/2024\\\/06\\\/WhatsApp-Image-2024-06-04-at-11.10.16.jpeg\",\"articleSection\":[\"ACTUALIDAD\",\"LORCA\"],\"inLanguage\":\"es\",\"potentialAction\":[{\"@type\":\"CommentAction\",\"name\":\"Comment\",\"target\":[\"https:\\\/\\\/arealorcaradio.es\\\/index.php\\\/2024\\\/06\\\/04\\\/lorca-sede-de-la-presentacion-del-plan-infomur-2024-que-incrementa-su-presupuesto-en-112-000-euros-hasta-alcanzar-los-350-000\\\/#respond\"]}]},{\"@type\":\"WebPage\",\"@id\":\"https:\\\/\\\/arealorcaradio.es\\\/index.php\\\/2024\\\/06\\\/04\\\/lorca-sede-de-la-presentacion-del-plan-infomur-2024-que-incrementa-su-presupuesto-en-112-000-euros-hasta-alcanzar-los-350-000\\\/\",\"url\":\"https:\\\/\\\/arealorcaradio.es\\\/index.php\\\/2024\\\/06\\\/04\\\/lorca-sede-de-la-presentacion-del-plan-infomur-2024-que-incrementa-su-presupuesto-en-112-000-euros-hasta-alcanzar-los-350-000\\\/\",\"name\":\"Lorca sede de la presentaci\u00f3n del Plan Infomur 2024 que incrementa su presupuesto en 112.000 euros hasta alcanzar los 350.000. - AREA LORCA RADIO\",\"isPartOf\":{\"@id\":\"https:\\\/\\\/arealorcaradio.es\\\/#website\"},\"primaryImageOfPage\":{\"@id\":\"https:\\\/\\\/arealorcaradio.es\\\/index.php\\\/2024\\\/06\\\/04\\\/lorca-sede-de-la-presentacion-del-plan-infomur-2024-que-incrementa-su-presupuesto-en-112-000-euros-hasta-alcanzar-los-350-000\\\/#primaryimage\"},\"image\":{\"@id\":\"https:\\\/\\\/arealorcaradio.es\\\/index.php\\\/2024\\\/06\\\/04\\\/lorca-sede-de-la-presentacion-del-plan-infomur-2024-que-incrementa-su-presupuesto-en-112-000-euros-hasta-alcanzar-los-350-000\\\/#primaryimage\"},\"thumbnailUrl\":\"https:\\\/\\\/arealorcaradio.es\\\/wp-content\\\/uploads\\\/2024\\\/06\\\/WhatsApp-Image-2024-06-04-at-11.10.16.jpeg\",\"datePublished\":\"2024-06-04T10:48:47+00:00\",\"dateModified\":\"2024-06-04T17:29:45+00:00\",\"author\":{\"@id\":\"https:\\\/\\\/arealorcaradio.es\\\/#\\\/schema\\\/person\\\/9fae605fc25b0f2c83c1ab207139bd27\"},\"breadcrumb\":{\"@id\":\"https:\\\/\\\/arealorcaradio.es\\\/index.php\\\/2024\\\/06\\\/04\\\/lorca-sede-de-la-presentacion-del-plan-infomur-2024-que-incrementa-su-presupuesto-en-112-000-euros-hasta-alcanzar-los-350-000\\\/#breadcrumb\"},\"inLanguage\":\"es\",\"potentialAction\":[{\"@type\":\"ReadAction\",\"target\":[\"https:\\\/\\\/arealorcaradio.es\\\/index.php\\\/2024\\\/06\\\/04\\\/lorca-sede-de-la-presentacion-del-plan-infomur-2024-que-incrementa-su-presupuesto-en-112-000-euros-hasta-alcanzar-los-350-000\\\/\"]}]},{\"@type\":\"ImageObject\",\"inLanguage\":\"es\",\"@id\":\"https:\\\/\\\/arealorcaradio.es\\\/index.php\\\/2024\\\/06\\\/04\\\/lorca-sede-de-la-presentacion-del-plan-infomur-2024-que-incrementa-su-presupuesto-en-112-000-euros-hasta-alcanzar-los-350-000\\\/#primaryimage\",\"url\":\"https:\\\/\\\/arealorcaradio.es\\\/wp-content\\\/uploads\\\/2024\\\/06\\\/WhatsApp-Image-2024-06-04-at-11.10.16.jpeg\",\"contentUrl\":\"https:\\\/\\\/arealorcaradio.es\\\/wp-content\\\/uploads\\\/2024\\\/06\\\/WhatsApp-Image-2024-06-04-at-11.10.16.jpeg\",\"width\":2000,\"height\":1500},{\"@type\":\"BreadcrumbList\",\"@id\":\"https:\\\/\\\/arealorcaradio.es\\\/index.php\\\/2024\\\/06\\\/04\\\/lorca-sede-de-la-presentacion-del-plan-infomur-2024-que-incrementa-su-presupuesto-en-112-000-euros-hasta-alcanzar-los-350-000\\\/#breadcrumb\",\"itemListElement\":[{\"@type\":\"ListItem\",\"position\":1,\"name\":\"Portada\",\"item\":\"https:\\\/\\\/arealorcaradio.es\\\/\"},{\"@type\":\"ListItem\",\"position\":2,\"name\":\"Lorca sede de la presentaci\u00f3n del Plan Infomur 2024 que incrementa su presupuesto en 112.000 euros hasta alcanzar los 350.000.\"}]},{\"@type\":\"WebSite\",\"@id\":\"https:\\\/\\\/arealorcaradio.es\\\/#website\",\"url\":\"https:\\\/\\\/arealorcaradio.es\\\/\",\"name\":\"AREA LORCA RADIO\",\"description\":\"Descubre la programaci\u00f3n actual en \u00c1rea Lorca Radio, tu fuente de entrenamiento y noticias locales. Sintoniza ahora y mantente conectado online.\",\"potentialAction\":[{\"@type\":\"SearchAction\",\"target\":{\"@type\":\"EntryPoint\",\"urlTemplate\":\"https:\\\/\\\/arealorcaradio.es\\\/?s={search_term_string}\"},\"query-input\":{\"@type\":\"PropertyValueSpecification\",\"valueRequired\":true,\"valueName\":\"search_term_string\"}}],\"inLanguage\":\"es\"},{\"@type\":\"Person\",\"@id\":\"https:\\\/\\\/arealorcaradio.es\\\/#\\\/schema\\\/person\\\/9fae605fc25b0f2c83c1ab207139bd27\",\"name\":\"Paco S\u00e1nchez\",\"image\":{\"@type\":\"ImageObject\",\"inLanguage\":\"es\",\"@id\":\"https:\\\/\\\/secure.gravatar.com\\\/avatar\\\/d67144e966420fb74aa84c9f2a0103be4724fd14db52b52d3b6bca749f257e79?s=96&d=mm&r=g\",\"url\":\"https:\\\/\\\/secure.gravatar.com\\\/avatar\\\/d67144e966420fb74aa84c9f2a0103be4724fd14db52b52d3b6bca749f257e79?s=96&d=mm&r=g\",\"contentUrl\":\"https:\\\/\\\/secure.gravatar.com\\\/avatar\\\/d67144e966420fb74aa84c9f2a0103be4724fd14db52b52d3b6bca749f257e79?s=96&d=mm&r=g\",\"caption\":\"Paco S\u00e1nchez\"},\"sameAs\":[\"https:\\\/\\\/arealorcaradio.es\"],\"url\":\"https:\\\/\\\/arealorcaradio.es\\\/index.php\\\/author\\\/admin_alorcaradio\\\/\"}]}<\/script>\n<!-- \/ Yoast SEO plugin. -->","yoast_head_json":{"title":"Lorca sede de la presentaci\u00f3n del Plan Infomur 2024 que incrementa su presupuesto en 112.000 euros hasta alcanzar los 350.000. - AREA LORCA RADIO","robots":{"index":"index","follow":"follow","max-snippet":"max-snippet:-1","max-image-preview":"max-image-preview:large","max-video-preview":"max-video-preview:-1"},"canonical":"https:\/\/arealorcaradio.es\/index.php\/2024\/06\/04\/lorca-sede-de-la-presentacion-del-plan-infomur-2024-que-incrementa-su-presupuesto-en-112-000-euros-hasta-alcanzar-los-350-000\/","og_locale":"es_ES","og_type":"article","og_title":"Lorca sede de la presentaci\u00f3n del Plan Infomur 2024 que incrementa su presupuesto en 112.000 euros hasta alcanzar los 350.000. - AREA LORCA RADIO","og_description":"\u00c1REA LORCA RADIO. As\u00ed lo ha destacado el vicepresidente y consejero de Interior, Emergencias y Ordenaci\u00f3n del Territorio, Jos\u00e9 \u00c1ngel Antelo, en un acto celebrado en Lorca, durante el que ha calificado este plan como \u00abhist\u00f3rico\u00bb gracias a que el presupuesto destinado a este fin \u00abha aumentado un 47 por ciento respecto al a\u00f1o 2023, [&hellip;]","og_url":"https:\/\/arealorcaradio.es\/index.php\/2024\/06\/04\/lorca-sede-de-la-presentacion-del-plan-infomur-2024-que-incrementa-su-presupuesto-en-112-000-euros-hasta-alcanzar-los-350-000\/","og_site_name":"AREA LORCA RADIO","article_published_time":"2024-06-04T10:48:47+00:00","article_modified_time":"2024-06-04T17:29:45+00:00","og_image":[{"width":2000,"height":1500,"url":"https:\/\/arealorcaradio.es\/wp-content\/uploads\/2024\/06\/WhatsApp-Image-2024-06-04-at-11.10.16.jpeg","type":"image\/jpeg"}],"author":"Paco S\u00e1nchez","twitter_card":"summary_large_image","twitter_misc":{"Escrito por":"Paco S\u00e1nchez","Tiempo de lectura":"6 minutos"},"schema":{"@context":"https:\/\/schema.org","@graph":[{"@type":"Article","@id":"https:\/\/arealorcaradio.es\/index.php\/2024\/06\/04\/lorca-sede-de-la-presentacion-del-plan-infomur-2024-que-incrementa-su-presupuesto-en-112-000-euros-hasta-alcanzar-los-350-000\/#article","isPartOf":{"@id":"https:\/\/arealorcaradio.es\/index.php\/2024\/06\/04\/lorca-sede-de-la-presentacion-del-plan-infomur-2024-que-incrementa-su-presupuesto-en-112-000-euros-hasta-alcanzar-los-350-000\/"},"author":{"name":"Paco S\u00e1nchez","@id":"https:\/\/arealorcaradio.es\/#\/schema\/person\/9fae605fc25b0f2c83c1ab207139bd27"},"headline":"Lorca sede de la presentaci\u00f3n del Plan Infomur 2024 que incrementa su presupuesto en 112.000 euros hasta alcanzar los 350.000.","datePublished":"2024-06-04T10:48:47+00:00","dateModified":"2024-06-04T17:29:45+00:00","mainEntityOfPage":{"@id":"https:\/\/arealorcaradio.es\/index.php\/2024\/06\/04\/lorca-sede-de-la-presentacion-del-plan-infomur-2024-que-incrementa-su-presupuesto-en-112-000-euros-hasta-alcanzar-los-350-000\/"},"wordCount":863,"commentCount":0,"image":{"@id":"https:\/\/arealorcaradio.es\/index.php\/2024\/06\/04\/lorca-sede-de-la-presentacion-del-plan-infomur-2024-que-incrementa-su-presupuesto-en-112-000-euros-hasta-alcanzar-los-350-000\/#primaryimage"},"thumbnailUrl":"https:\/\/arealorcaradio.es\/wp-content\/uploads\/2024\/06\/WhatsApp-Image-2024-06-04-at-11.10.16.jpeg","articleSection":["ACTUALIDAD","LORCA"],"inLanguage":"es","potentialAction":[{"@type":"CommentAction","name":"Comment","target":["https:\/\/arealorcaradio.es\/index.php\/2024\/06\/04\/lorca-sede-de-la-presentacion-del-plan-infomur-2024-que-incrementa-su-presupuesto-en-112-000-euros-hasta-alcanzar-los-350-000\/#respond"]}]},{"@type":"WebPage","@id":"https:\/\/arealorcaradio.es\/index.php\/2024\/06\/04\/lorca-sede-de-la-presentacion-del-plan-infomur-2024-que-incrementa-su-presupuesto-en-112-000-euros-hasta-alcanzar-los-350-000\/","url":"https:\/\/arealorcaradio.es\/index.php\/2024\/06\/04\/lorca-sede-de-la-presentacion-del-plan-infomur-2024-que-incrementa-su-presupuesto-en-112-000-euros-hasta-alcanzar-los-350-000\/","name":"Lorca sede de la presentaci\u00f3n del Plan Infomur 2024 que incrementa su presupuesto en 112.000 euros hasta alcanzar los 350.000. - AREA LORCA RADIO","isPartOf":{"@id":"https:\/\/arealorcaradio.es\/#website"},"primaryImageOfPage":{"@id":"https:\/\/arealorcaradio.es\/index.php\/2024\/06\/04\/lorca-sede-de-la-presentacion-del-plan-infomur-2024-que-incrementa-su-presupuesto-en-112-000-euros-hasta-alcanzar-los-350-000\/#primaryimage"},"image":{"@id":"https:\/\/arealorcaradio.es\/index.php\/2024\/06\/04\/lorca-sede-de-la-presentacion-del-plan-infomur-2024-que-incrementa-su-presupuesto-en-112-000-euros-hasta-alcanzar-los-350-000\/#primaryimage"},"thumbnailUrl":"https:\/\/arealorcaradio.es\/wp-content\/uploads\/2024\/06\/WhatsApp-Image-2024-06-04-at-11.10.16.jpeg","datePublished":"2024-06-04T10:48:47+00:00","dateModified":"2024-06-04T17:29:45+00:00","author":{"@id":"https:\/\/arealorcaradio.es\/#\/schema\/person\/9fae605fc25b0f2c83c1ab207139bd27"},"breadcrumb":{"@id":"https:\/\/arealorcaradio.es\/index.php\/2024\/06\/04\/lorca-sede-de-la-presentacion-del-plan-infomur-2024-que-incrementa-su-presupuesto-en-112-000-euros-hasta-alcanzar-los-350-000\/#breadcrumb"},"inLanguage":"es","potentialAction":[{"@type":"ReadAction","target":["https:\/\/arealorcaradio.es\/index.php\/2024\/06\/04\/lorca-sede-de-la-presentacion-del-plan-infomur-2024-que-incrementa-su-presupuesto-en-112-000-euros-hasta-alcanzar-los-350-000\/"]}]},{"@type":"ImageObject","inLanguage":"es","@id":"https:\/\/arealorcaradio.es\/index.php\/2024\/06\/04\/lorca-sede-de-la-presentacion-del-plan-infomur-2024-que-incrementa-su-presupuesto-en-112-000-euros-hasta-alcanzar-los-350-000\/#primaryimage","url":"https:\/\/arealorcaradio.es\/wp-content\/uploads\/2024\/06\/WhatsApp-Image-2024-06-04-at-11.10.16.jpeg","contentUrl":"https:\/\/arealorcaradio.es\/wp-content\/uploads\/2024\/06\/WhatsApp-Image-2024-06-04-at-11.10.16.jpeg","width":2000,"height":1500},{"@type":"BreadcrumbList","@id":"https:\/\/arealorcaradio.es\/index.php\/2024\/06\/04\/lorca-sede-de-la-presentacion-del-plan-infomur-2024-que-incrementa-su-presupuesto-en-112-000-euros-hasta-alcanzar-los-350-000\/#breadcrumb","itemListElement":[{"@type":"ListItem","position":1,"name":"Portada","item":"https:\/\/arealorcaradio.es\/"},{"@type":"ListItem","position":2,"name":"Lorca sede de la presentaci\u00f3n del Plan Infomur 2024 que incrementa su presupuesto en 112.000 euros hasta alcanzar los 350.000."}]},{"@type":"WebSite","@id":"https:\/\/arealorcaradio.es\/#website","url":"https:\/\/arealorcaradio.es\/","name":"AREA LORCA RADIO","description":"Descubre la programaci\u00f3n actual en \u00c1rea Lorca Radio, tu fuente de entrenamiento y noticias locales. Sintoniza ahora y mantente conectado online.","potentialAction":[{"@type":"SearchAction","target":{"@type":"EntryPoint","urlTemplate":"https:\/\/arealorcaradio.es\/?s={search_term_string}"},"query-input":{"@type":"PropertyValueSpecification","valueRequired":true,"valueName":"search_term_string"}}],"inLanguage":"es"},{"@type":"Person","@id":"https:\/\/arealorcaradio.es\/#\/schema\/person\/9fae605fc25b0f2c83c1ab207139bd27","name":"Paco S\u00e1nchez","image":{"@type":"ImageObject","inLanguage":"es","@id":"https:\/\/secure.gravatar.com\/avatar\/d67144e966420fb74aa84c9f2a0103be4724fd14db52b52d3b6bca749f257e79?s=96&d=mm&r=g","url":"https:\/\/secure.gravatar.com\/avatar\/d67144e966420fb74aa84c9f2a0103be4724fd14db52b52d3b6bca749f257e79?s=96&d=mm&r=g","contentUrl":"https:\/\/secure.gravatar.com\/avatar\/d67144e966420fb74aa84c9f2a0103be4724fd14db52b52d3b6bca749f257e79?s=96&d=mm&r=g","caption":"Paco S\u00e1nchez"},"sameAs":["https:\/\/arealorcaradio.es"],"url":"https:\/\/arealorcaradio.es\/index.php\/author\/admin_alorcaradio\/"}]}},"_links":{"self":[{"href":"https:\/\/arealorcaradio.es\/index.php\/wp-json\/wp\/v2\/posts\/3394","targetHints":{"allow":["GET"]}}],"collection":[{"href":"https:\/\/arealorcaradio.es\/index.php\/wp-json\/wp\/v2\/posts"}],"about":[{"href":"https:\/\/arealorcaradio.es\/index.php\/wp-json\/wp\/v2\/types\/post"}],"author":[{"embeddable":true,"href":"https:\/\/arealorcaradio.es\/index.php\/wp-json\/wp\/v2\/users\/1"}],"replies":[{"embeddable":true,"href":"https:\/\/arealorcaradio.es\/index.php\/wp-json\/wp\/v2\/comments?post=3394"}],"version-history":[{"count":5,"href":"https:\/\/arealorcaradio.es\/index.php\/wp-json\/wp\/v2\/posts\/3394\/revisions"}],"predecessor-version":[{"id":3413,"href":"https:\/\/arealorcaradio.es\/index.php\/wp-json\/wp\/v2\/posts\/3394\/revisions\/3413"}],"wp:featuredmedia":[{"embeddable":true,"href":"https:\/\/arealorcaradio.es\/index.php\/wp-json\/wp\/v2\/media\/3399"}],"wp:attachment":[{"href":"https:\/\/arealorcaradio.es\/index.php\/wp-json\/wp\/v2\/media?parent=3394"}],"wp:term":[{"taxonomy":"category","embeddable":true,"href":"https:\/\/arealorcaradio.es\/index.php\/wp-json\/wp\/v2\/categories?post=3394"},{"taxonomy":"post_tag","embeddable":true,"href":"https:\/\/arealorcaradio.es\/index.php\/wp-json\/wp\/v2\/tags?post=3394"}],"curies":[{"name":"wp","href":"https:\/\/api.w.org\/{rel}","templated":true}]}}