{"id":3379,"date":"2024-05-30T18:01:01","date_gmt":"2024-05-30T18:01:01","guid":{"rendered":"https:\/\/arealorcaradio.es\/?p=3379"},"modified":"2024-05-30T18:01:01","modified_gmt":"2024-05-30T18:01:01","slug":"cayetana-alvarez-de-toledo-participa-este-domingo-en-lorca-en-un-acto-en-defensa-de-la-constitucion-y-en-contra-de-la-amnistia","status":"publish","type":"post","link":"https:\/\/arealorcaradio.es\/index.php\/2024\/05\/30\/cayetana-alvarez-de-toledo-participa-este-domingo-en-lorca-en-un-acto-en-defensa-de-la-constitucion-y-en-contra-de-la-amnistia\/","title":{"rendered":"Cayetana \u00c1lvarez de Toledo participa este domingo en Lorca en un acto en defensa de la Constituci\u00f3n y en contra de la amnist\u00eda."},"content":{"rendered":"<p>\u00c1REA LORCA RADIO.<\/p>\n<header><\/header>\n<div class=\"col-12\">\n<div class=\"col-10\">\n<div class=\"izquierda\">\n<p>Escucha aqu\u00ed a la secretaria general del PP de Lorca, Rosa Mar\u00eda Medina, qui\u00e9n habla del acto electoral con motivo de las Elecciones Europeas y que tendr\u00e1 lugar este domingo 2 de junio en Lorca.<\/p>\n<audio class=\"wp-audio-shortcode\" id=\"audio-3379-1\" preload=\"none\" style=\"width: 100%;\" controls=\"controls\"><source type=\"audio\/mpeg\" src=\"https:\/\/arealorcaradio.es\/wp-content\/uploads\/2024\/05\/300524-ROSA-MARIA-MEDINA.-ELECCIONES-EUROPEAS.mp3?_=1\" \/><a href=\"https:\/\/arealorcaradio.es\/wp-content\/uploads\/2024\/05\/300524-ROSA-MARIA-MEDINA.-ELECCIONES-EUROPEAS.mp3\">https:\/\/arealorcaradio.es\/wp-content\/uploads\/2024\/05\/300524-ROSA-MARIA-MEDINA.-ELECCIONES-EUROPEAS.mp3<\/a><\/audio>\n<p><img loading=\"lazy\" decoding=\"async\" class=\"alignnone size-medium wp-image-3383\" src=\"https:\/\/arealorcaradio.es\/wp-content\/uploads\/2024\/05\/IMG-20240529-WA0027-300x225.jpg\" alt=\"\" width=\"300\" height=\"225\" srcset=\"https:\/\/arealorcaradio.es\/wp-content\/uploads\/2024\/05\/IMG-20240529-WA0027-300x225.jpg 300w, https:\/\/arealorcaradio.es\/wp-content\/uploads\/2024\/05\/IMG-20240529-WA0027-1024x768.jpg 1024w, https:\/\/arealorcaradio.es\/wp-content\/uploads\/2024\/05\/IMG-20240529-WA0027-768x576.jpg 768w, https:\/\/arealorcaradio.es\/wp-content\/uploads\/2024\/05\/IMG-20240529-WA0027-1536x1152.jpg 1536w, https:\/\/arealorcaradio.es\/wp-content\/uploads\/2024\/05\/IMG-20240529-WA0027-86x64.jpg 86w, https:\/\/arealorcaradio.es\/wp-content\/uploads\/2024\/05\/IMG-20240529-WA0027.jpg 1600w\" sizes=\"auto, (max-width: 300px) 100vw, 300px\" \/><\/p>\n<p>La portavoz adjunta del Grupo Parlamentario Popular y diputada en el Congreso, Cayetana \u00c1lvarez de Toledo, participar\u00e1 el domingo d\u00eda 2 de junio en un acto en Lorca en defensa de la Constituci\u00f3n, la igualdad y contra la amnist\u00eda, junto al presidente regional del PP, Fernando L\u00f3pez Miras, y al presidente del Partido Popular de Lorca y alcalde, Fulgencio Gil.<\/p>\n<p>El presidente del Partido Popular de Lorca, Fulgencio Gil, ha animado a todos los lorquinos que lo deseen a asistir a este evento, que se ha organizado de manera abierta a la participaci\u00f3n de todas las personas que quieran acudir y conocer de primera mano las propuestas del Partido Popular de cara a las elecciones europeas el pr\u00f3ximo 9 de junio. El acto comenzar\u00e1 a las 12:45 horas y tendr\u00e1 lugar en el Hotel Jardines de Lorca, ubicado en la Alameda Rafael M\u00e9ndez.<\/p>\n<p>Este jueves en el que \u00abel Partido Socialista, con sus socios independentistas y los herederos de ETA, han aprobado la ley de Amnist\u00eda, es un d\u00eda muy triste para la democracia espa\u00f1ola, hoy se ha consumado una autentica infamia que ha roto el principio de igualdad y nuestro estado de derecho. Ahora m\u00e1s que nunca los espa\u00f1oles tenemos que decir no, y en este momento tan crucial debemos mostrar nuestra unidad y reafirmar nuestro compromiso con los valores fundamentales de nuestra Constituci\u00f3n\u00bb, ha manifestado Fulgencio Gil.<\/p>\n<p>Y ha a\u00f1adido que \u00abeste acto que vamos a llevar a cabo el domingo tiene el objetivo de mostrar un firme respaldo a los valores fundamentales de nuestra Constituci\u00f3n como son la libertad y la igualdad y que constituyen los pilares fundamentales de nuestra democracia, y qui\u00e9n mejor que Cayetana \u00c1lvarez de Toledo para liderarlo, una mujer que ha sido una de las mayores defensoras de nuestro estado de derecho\u00bb.<\/p>\n<p>Las elecciones europeas del 9J son la oportunidad para que todos los lorquinos nos expresemos sobre lo que est\u00e1 ocurriendo en Espa\u00f1a y nos hagamos o\u00edr en Europa. \u00abLos ciudadanos somos cada vez m\u00e1s conscientes de la necesidad de cambio que existe en nuestro pa\u00eds. En estos comicios electorales todos los espa\u00f1oles tenemos que decir de manera clara que estamos cansados de un gobierno preso de los independentistas, que no se preocupa por los ciudadanos y que est\u00e1 acorralado por los casos de corrupci\u00f3n, los cuales ya saltan fuera de nuestras fronteras y est\u00e1n siendo investigados por la Fiscal\u00eda Europea en cuanto a los contratos y fondos europeos relacionados con Bego\u00f1a G\u00f3mez\u00bb, ha se\u00f1alado Gil J\u00f3dar.<\/p>\n<p>\u00abAdem\u00e1s, es muy importante que protejamos nuestras instituciones democr\u00e1ticas de los ataques de Pedro S\u00e1nchez y de sus socios y defendamos la unidad de Espa\u00f1a. Ser\u00e1 el Partido Popular el que derribar\u00e1 el muro de S\u00e1nchez, y defender\u00e1 la libertad, la democracia y los intereses de los espa\u00f1oles en el Parlamento Europeo, porque no se nos puede olvidar que Europa est\u00e1 m\u00e1s cerca de lo que nos pensamos y es all\u00ed donde se deciden m\u00e1s del 70% de las normas que rigen nuestro futuro, el de nuestro municipio tambi\u00e9n\u00bb, ha a\u00f1adido el presidente del PP de Lorca.<\/p>\n<p>Fulgencio Gil, en este sentido, ha afirmado que \u00abLorca va a liderar durante esta campa\u00f1a electoral la resistencia democr\u00e1tica contra los que venden Espa\u00f1a, contra esos que nos quieren condenar a ser ciudadanos de segunda y son capaces de cualquier cosa para mantenerse en el poder. Desde el Partido Popular no vamos a dar ni un paso atr\u00e1s, no nos vamos a rendir, vamos a defender Lorca, Espa\u00f1a y Europa las veces que haga falta, sin miedo, porque este es el momento ense\u00f1arle a Pedro S\u00e1nchez la puerta de salida de La Moncloa\u00bb.<\/p>\n<p>Y ha vuelto a animar a todos los lorquinos a asistir al acto del pr\u00f3ximo domingo pero, sobre todo, a que vayan a votar el 9 de junio. \u00abSolo moviliz\u00e1ndonos, siendo conscientes de la importancia de estas elecciones y votando masivamente en las urnas podemos enviar a Europa un mensaje en el que quede claro que desde Espa\u00f1a podemos acabar con todas estas pol\u00edticas y con este Gobierno de Pedro S\u00e1nchez, ya que el Partido Popular es la \u00fanica alternativa para defender la igualdad de los espa\u00f1oles y la democracia\u00bb, ha concluido.<\/p>\n<\/div>\n<\/div>\n<\/div>\n","protected":false},"excerpt":{"rendered":"<p>\u00c1REA LORCA RADIO. Escucha aqu\u00ed a la secretaria general del PP de Lorca, Rosa Mar\u00eda Medina, qui\u00e9n habla del acto electoral con motivo de las Elecciones Europeas y que tendr\u00e1 lugar este domingo 2 de junio en Lorca. La portavoz adjunta del Grupo Parlamentario Popular y diputada en el Congreso, Cayetana \u00c1lvarez de Toledo, participar\u00e1 [&hellip;]<\/p>\n","protected":false},"author":1,"featured_media":3381,"comment_status":"open","ping_status":"open","sticky":false,"template":"","format":"standard","meta":{"iawp_total_views":12,"footnotes":""},"categories":[5,7],"tags":[],"class_list":["post-3379","post","type-post","status-publish","format-standard","has-post-thumbnail","hentry","category-actualidad","category-lorca"],"yoast_head":"<!-- This site is optimized with the Yoast SEO plugin v27.5 - https:\/\/yoast.com\/product\/yoast-seo-wordpress\/ -->\n<title>Cayetana \u00c1lvarez de Toledo participa este domingo en Lorca en un acto en defensa de la Constituci\u00f3n y en contra de la amnist\u00eda. - AREA LORCA RADIO<\/title>\n<meta name=\"robots\" content=\"index, follow, max-snippet:-1, max-image-preview:large, max-video-preview:-1\" \/>\n<link rel=\"canonical\" href=\"https:\/\/arealorcaradio.es\/index.php\/2024\/05\/30\/cayetana-alvarez-de-toledo-participa-este-domingo-en-lorca-en-un-acto-en-defensa-de-la-constitucion-y-en-contra-de-la-amnistia\/\" \/>\n<meta property=\"og:locale\" content=\"es_ES\" \/>\n<meta property=\"og:type\" content=\"article\" \/>\n<meta property=\"og:title\" content=\"Cayetana \u00c1lvarez de Toledo participa este domingo en Lorca en un acto en defensa de la Constituci\u00f3n y en contra de la amnist\u00eda. - AREA LORCA RADIO\" \/>\n<meta property=\"og:description\" content=\"\u00c1REA LORCA RADIO. Escucha aqu\u00ed a la secretaria general del PP de Lorca, Rosa Mar\u00eda Medina, qui\u00e9n habla del acto electoral con motivo de las Elecciones Europeas y que tendr\u00e1 lugar este domingo 2 de junio en Lorca. La portavoz adjunta del Grupo Parlamentario Popular y diputada en el Congreso, Cayetana \u00c1lvarez de Toledo, participar\u00e1 [&hellip;]\" \/>\n<meta property=\"og:url\" content=\"https:\/\/arealorcaradio.es\/index.php\/2024\/05\/30\/cayetana-alvarez-de-toledo-participa-este-domingo-en-lorca-en-un-acto-en-defensa-de-la-constitucion-y-en-contra-de-la-amnistia\/\" \/>\n<meta property=\"og:site_name\" content=\"AREA LORCA RADIO\" \/>\n<meta property=\"article:published_time\" content=\"2024-05-30T18:01:01+00:00\" \/>\n<meta property=\"og:image\" content=\"https:\/\/arealorcaradio.es\/wp-content\/uploads\/2024\/05\/Rosa-Maria-Medina.-Stria-general-PP-Lorca-scaled.jpg\" \/>\n\t<meta property=\"og:image:width\" content=\"2560\" \/>\n\t<meta property=\"og:image:height\" content=\"1920\" \/>\n\t<meta property=\"og:image:type\" content=\"image\/jpeg\" \/>\n<meta name=\"author\" content=\"Paco S\u00e1nchez\" \/>\n<meta name=\"twitter:card\" content=\"summary_large_image\" \/>\n<meta name=\"twitter:label1\" content=\"Escrito por\" \/>\n\t<meta name=\"twitter:data1\" content=\"Paco S\u00e1nchez\" \/>\n\t<meta name=\"twitter:label2\" content=\"Tiempo de lectura\" \/>\n\t<meta name=\"twitter:data2\" content=\"4 minutos\" \/>\n<script type=\"application\/ld+json\" class=\"yoast-schema-graph\">{\"@context\":\"https:\\\/\\\/schema.org\",\"@graph\":[{\"@type\":\"Article\",\"@id\":\"https:\\\/\\\/arealorcaradio.es\\\/index.php\\\/2024\\\/05\\\/30\\\/cayetana-alvarez-de-toledo-participa-este-domingo-en-lorca-en-un-acto-en-defensa-de-la-constitucion-y-en-contra-de-la-amnistia\\\/#article\",\"isPartOf\":{\"@id\":\"https:\\\/\\\/arealorcaradio.es\\\/index.php\\\/2024\\\/05\\\/30\\\/cayetana-alvarez-de-toledo-participa-este-domingo-en-lorca-en-un-acto-en-defensa-de-la-constitucion-y-en-contra-de-la-amnistia\\\/\"},\"author\":{\"name\":\"Paco S\u00e1nchez\",\"@id\":\"https:\\\/\\\/arealorcaradio.es\\\/#\\\/schema\\\/person\\\/9fae605fc25b0f2c83c1ab207139bd27\"},\"headline\":\"Cayetana \u00c1lvarez de Toledo participa este domingo en Lorca en un acto en defensa de la Constituci\u00f3n y en contra de la amnist\u00eda.\",\"datePublished\":\"2024-05-30T18:01:01+00:00\",\"mainEntityOfPage\":{\"@id\":\"https:\\\/\\\/arealorcaradio.es\\\/index.php\\\/2024\\\/05\\\/30\\\/cayetana-alvarez-de-toledo-participa-este-domingo-en-lorca-en-un-acto-en-defensa-de-la-constitucion-y-en-contra-de-la-amnistia\\\/\"},\"wordCount\":818,\"commentCount\":0,\"image\":{\"@id\":\"https:\\\/\\\/arealorcaradio.es\\\/index.php\\\/2024\\\/05\\\/30\\\/cayetana-alvarez-de-toledo-participa-este-domingo-en-lorca-en-un-acto-en-defensa-de-la-constitucion-y-en-contra-de-la-amnistia\\\/#primaryimage\"},\"thumbnailUrl\":\"https:\\\/\\\/arealorcaradio.es\\\/wp-content\\\/uploads\\\/2024\\\/05\\\/Rosa-Maria-Medina.-Stria-general-PP-Lorca-scaled.jpg\",\"articleSection\":[\"ACTUALIDAD\",\"LORCA\"],\"inLanguage\":\"es\",\"potentialAction\":[{\"@type\":\"CommentAction\",\"name\":\"Comment\",\"target\":[\"https:\\\/\\\/arealorcaradio.es\\\/index.php\\\/2024\\\/05\\\/30\\\/cayetana-alvarez-de-toledo-participa-este-domingo-en-lorca-en-un-acto-en-defensa-de-la-constitucion-y-en-contra-de-la-amnistia\\\/#respond\"]}]},{\"@type\":\"WebPage\",\"@id\":\"https:\\\/\\\/arealorcaradio.es\\\/index.php\\\/2024\\\/05\\\/30\\\/cayetana-alvarez-de-toledo-participa-este-domingo-en-lorca-en-un-acto-en-defensa-de-la-constitucion-y-en-contra-de-la-amnistia\\\/\",\"url\":\"https:\\\/\\\/arealorcaradio.es\\\/index.php\\\/2024\\\/05\\\/30\\\/cayetana-alvarez-de-toledo-participa-este-domingo-en-lorca-en-un-acto-en-defensa-de-la-constitucion-y-en-contra-de-la-amnistia\\\/\",\"name\":\"Cayetana \u00c1lvarez de Toledo participa este domingo en Lorca en un acto en defensa de la Constituci\u00f3n y en contra de la amnist\u00eda. - AREA LORCA RADIO\",\"isPartOf\":{\"@id\":\"https:\\\/\\\/arealorcaradio.es\\\/#website\"},\"primaryImageOfPage\":{\"@id\":\"https:\\\/\\\/arealorcaradio.es\\\/index.php\\\/2024\\\/05\\\/30\\\/cayetana-alvarez-de-toledo-participa-este-domingo-en-lorca-en-un-acto-en-defensa-de-la-constitucion-y-en-contra-de-la-amnistia\\\/#primaryimage\"},\"image\":{\"@id\":\"https:\\\/\\\/arealorcaradio.es\\\/index.php\\\/2024\\\/05\\\/30\\\/cayetana-alvarez-de-toledo-participa-este-domingo-en-lorca-en-un-acto-en-defensa-de-la-constitucion-y-en-contra-de-la-amnistia\\\/#primaryimage\"},\"thumbnailUrl\":\"https:\\\/\\\/arealorcaradio.es\\\/wp-content\\\/uploads\\\/2024\\\/05\\\/Rosa-Maria-Medina.-Stria-general-PP-Lorca-scaled.jpg\",\"datePublished\":\"2024-05-30T18:01:01+00:00\",\"author\":{\"@id\":\"https:\\\/\\\/arealorcaradio.es\\\/#\\\/schema\\\/person\\\/9fae605fc25b0f2c83c1ab207139bd27\"},\"breadcrumb\":{\"@id\":\"https:\\\/\\\/arealorcaradio.es\\\/index.php\\\/2024\\\/05\\\/30\\\/cayetana-alvarez-de-toledo-participa-este-domingo-en-lorca-en-un-acto-en-defensa-de-la-constitucion-y-en-contra-de-la-amnistia\\\/#breadcrumb\"},\"inLanguage\":\"es\",\"potentialAction\":[{\"@type\":\"ReadAction\",\"target\":[\"https:\\\/\\\/arealorcaradio.es\\\/index.php\\\/2024\\\/05\\\/30\\\/cayetana-alvarez-de-toledo-participa-este-domingo-en-lorca-en-un-acto-en-defensa-de-la-constitucion-y-en-contra-de-la-amnistia\\\/\"]}]},{\"@type\":\"ImageObject\",\"inLanguage\":\"es\",\"@id\":\"https:\\\/\\\/arealorcaradio.es\\\/index.php\\\/2024\\\/05\\\/30\\\/cayetana-alvarez-de-toledo-participa-este-domingo-en-lorca-en-un-acto-en-defensa-de-la-constitucion-y-en-contra-de-la-amnistia\\\/#primaryimage\",\"url\":\"https:\\\/\\\/arealorcaradio.es\\\/wp-content\\\/uploads\\\/2024\\\/05\\\/Rosa-Maria-Medina.-Stria-general-PP-Lorca-scaled.jpg\",\"contentUrl\":\"https:\\\/\\\/arealorcaradio.es\\\/wp-content\\\/uploads\\\/2024\\\/05\\\/Rosa-Maria-Medina.-Stria-general-PP-Lorca-scaled.jpg\",\"width\":2560,\"height\":1920},{\"@type\":\"BreadcrumbList\",\"@id\":\"https:\\\/\\\/arealorcaradio.es\\\/index.php\\\/2024\\\/05\\\/30\\\/cayetana-alvarez-de-toledo-participa-este-domingo-en-lorca-en-un-acto-en-defensa-de-la-constitucion-y-en-contra-de-la-amnistia\\\/#breadcrumb\",\"itemListElement\":[{\"@type\":\"ListItem\",\"position\":1,\"name\":\"Portada\",\"item\":\"https:\\\/\\\/arealorcaradio.es\\\/\"},{\"@type\":\"ListItem\",\"position\":2,\"name\":\"Cayetana \u00c1lvarez de Toledo participa este domingo en Lorca en un acto en defensa de la Constituci\u00f3n y en contra de la amnist\u00eda.\"}]},{\"@type\":\"WebSite\",\"@id\":\"https:\\\/\\\/arealorcaradio.es\\\/#website\",\"url\":\"https:\\\/\\\/arealorcaradio.es\\\/\",\"name\":\"AREA LORCA RADIO\",\"description\":\"Descubre la programaci\u00f3n actual en \u00c1rea Lorca Radio, tu fuente de entrenamiento y noticias locales. Sintoniza ahora y mantente conectado online.\",\"potentialAction\":[{\"@type\":\"SearchAction\",\"target\":{\"@type\":\"EntryPoint\",\"urlTemplate\":\"https:\\\/\\\/arealorcaradio.es\\\/?s={search_term_string}\"},\"query-input\":{\"@type\":\"PropertyValueSpecification\",\"valueRequired\":true,\"valueName\":\"search_term_string\"}}],\"inLanguage\":\"es\"},{\"@type\":\"Person\",\"@id\":\"https:\\\/\\\/arealorcaradio.es\\\/#\\\/schema\\\/person\\\/9fae605fc25b0f2c83c1ab207139bd27\",\"name\":\"Paco S\u00e1nchez\",\"image\":{\"@type\":\"ImageObject\",\"inLanguage\":\"es\",\"@id\":\"https:\\\/\\\/secure.gravatar.com\\\/avatar\\\/d67144e966420fb74aa84c9f2a0103be4724fd14db52b52d3b6bca749f257e79?s=96&d=mm&r=g\",\"url\":\"https:\\\/\\\/secure.gravatar.com\\\/avatar\\\/d67144e966420fb74aa84c9f2a0103be4724fd14db52b52d3b6bca749f257e79?s=96&d=mm&r=g\",\"contentUrl\":\"https:\\\/\\\/secure.gravatar.com\\\/avatar\\\/d67144e966420fb74aa84c9f2a0103be4724fd14db52b52d3b6bca749f257e79?s=96&d=mm&r=g\",\"caption\":\"Paco S\u00e1nchez\"},\"sameAs\":[\"https:\\\/\\\/arealorcaradio.es\"],\"url\":\"https:\\\/\\\/arealorcaradio.es\\\/index.php\\\/author\\\/admin_alorcaradio\\\/\"}]}<\/script>\n<!-- \/ Yoast SEO plugin. -->","yoast_head_json":{"title":"Cayetana \u00c1lvarez de Toledo participa este domingo en Lorca en un acto en defensa de la Constituci\u00f3n y en contra de la amnist\u00eda. - AREA LORCA RADIO","robots":{"index":"index","follow":"follow","max-snippet":"max-snippet:-1","max-image-preview":"max-image-preview:large","max-video-preview":"max-video-preview:-1"},"canonical":"https:\/\/arealorcaradio.es\/index.php\/2024\/05\/30\/cayetana-alvarez-de-toledo-participa-este-domingo-en-lorca-en-un-acto-en-defensa-de-la-constitucion-y-en-contra-de-la-amnistia\/","og_locale":"es_ES","og_type":"article","og_title":"Cayetana \u00c1lvarez de Toledo participa este domingo en Lorca en un acto en defensa de la Constituci\u00f3n y en contra de la amnist\u00eda. - AREA LORCA RADIO","og_description":"\u00c1REA LORCA RADIO. Escucha aqu\u00ed a la secretaria general del PP de Lorca, Rosa Mar\u00eda Medina, qui\u00e9n habla del acto electoral con motivo de las Elecciones Europeas y que tendr\u00e1 lugar este domingo 2 de junio en Lorca. La portavoz adjunta del Grupo Parlamentario Popular y diputada en el Congreso, Cayetana \u00c1lvarez de Toledo, participar\u00e1 [&hellip;]","og_url":"https:\/\/arealorcaradio.es\/index.php\/2024\/05\/30\/cayetana-alvarez-de-toledo-participa-este-domingo-en-lorca-en-un-acto-en-defensa-de-la-constitucion-y-en-contra-de-la-amnistia\/","og_site_name":"AREA LORCA RADIO","article_published_time":"2024-05-30T18:01:01+00:00","og_image":[{"width":2560,"height":1920,"url":"https:\/\/arealorcaradio.es\/wp-content\/uploads\/2024\/05\/Rosa-Maria-Medina.-Stria-general-PP-Lorca-scaled.jpg","type":"image\/jpeg"}],"author":"Paco S\u00e1nchez","twitter_card":"summary_large_image","twitter_misc":{"Escrito por":"Paco S\u00e1nchez","Tiempo de lectura":"4 minutos"},"schema":{"@context":"https:\/\/schema.org","@graph":[{"@type":"Article","@id":"https:\/\/arealorcaradio.es\/index.php\/2024\/05\/30\/cayetana-alvarez-de-toledo-participa-este-domingo-en-lorca-en-un-acto-en-defensa-de-la-constitucion-y-en-contra-de-la-amnistia\/#article","isPartOf":{"@id":"https:\/\/arealorcaradio.es\/index.php\/2024\/05\/30\/cayetana-alvarez-de-toledo-participa-este-domingo-en-lorca-en-un-acto-en-defensa-de-la-constitucion-y-en-contra-de-la-amnistia\/"},"author":{"name":"Paco S\u00e1nchez","@id":"https:\/\/arealorcaradio.es\/#\/schema\/person\/9fae605fc25b0f2c83c1ab207139bd27"},"headline":"Cayetana \u00c1lvarez de Toledo participa este domingo en Lorca en un acto en defensa de la Constituci\u00f3n y en contra de la amnist\u00eda.","datePublished":"2024-05-30T18:01:01+00:00","mainEntityOfPage":{"@id":"https:\/\/arealorcaradio.es\/index.php\/2024\/05\/30\/cayetana-alvarez-de-toledo-participa-este-domingo-en-lorca-en-un-acto-en-defensa-de-la-constitucion-y-en-contra-de-la-amnistia\/"},"wordCount":818,"commentCount":0,"image":{"@id":"https:\/\/arealorcaradio.es\/index.php\/2024\/05\/30\/cayetana-alvarez-de-toledo-participa-este-domingo-en-lorca-en-un-acto-en-defensa-de-la-constitucion-y-en-contra-de-la-amnistia\/#primaryimage"},"thumbnailUrl":"https:\/\/arealorcaradio.es\/wp-content\/uploads\/2024\/05\/Rosa-Maria-Medina.-Stria-general-PP-Lorca-scaled.jpg","articleSection":["ACTUALIDAD","LORCA"],"inLanguage":"es","potentialAction":[{"@type":"CommentAction","name":"Comment","target":["https:\/\/arealorcaradio.es\/index.php\/2024\/05\/30\/cayetana-alvarez-de-toledo-participa-este-domingo-en-lorca-en-un-acto-en-defensa-de-la-constitucion-y-en-contra-de-la-amnistia\/#respond"]}]},{"@type":"WebPage","@id":"https:\/\/arealorcaradio.es\/index.php\/2024\/05\/30\/cayetana-alvarez-de-toledo-participa-este-domingo-en-lorca-en-un-acto-en-defensa-de-la-constitucion-y-en-contra-de-la-amnistia\/","url":"https:\/\/arealorcaradio.es\/index.php\/2024\/05\/30\/cayetana-alvarez-de-toledo-participa-este-domingo-en-lorca-en-un-acto-en-defensa-de-la-constitucion-y-en-contra-de-la-amnistia\/","name":"Cayetana \u00c1lvarez de Toledo participa este domingo en Lorca en un acto en defensa de la Constituci\u00f3n y en contra de la amnist\u00eda. - AREA LORCA RADIO","isPartOf":{"@id":"https:\/\/arealorcaradio.es\/#website"},"primaryImageOfPage":{"@id":"https:\/\/arealorcaradio.es\/index.php\/2024\/05\/30\/cayetana-alvarez-de-toledo-participa-este-domingo-en-lorca-en-un-acto-en-defensa-de-la-constitucion-y-en-contra-de-la-amnistia\/#primaryimage"},"image":{"@id":"https:\/\/arealorcaradio.es\/index.php\/2024\/05\/30\/cayetana-alvarez-de-toledo-participa-este-domingo-en-lorca-en-un-acto-en-defensa-de-la-constitucion-y-en-contra-de-la-amnistia\/#primaryimage"},"thumbnailUrl":"https:\/\/arealorcaradio.es\/wp-content\/uploads\/2024\/05\/Rosa-Maria-Medina.-Stria-general-PP-Lorca-scaled.jpg","datePublished":"2024-05-30T18:01:01+00:00","author":{"@id":"https:\/\/arealorcaradio.es\/#\/schema\/person\/9fae605fc25b0f2c83c1ab207139bd27"},"breadcrumb":{"@id":"https:\/\/arealorcaradio.es\/index.php\/2024\/05\/30\/cayetana-alvarez-de-toledo-participa-este-domingo-en-lorca-en-un-acto-en-defensa-de-la-constitucion-y-en-contra-de-la-amnistia\/#breadcrumb"},"inLanguage":"es","potentialAction":[{"@type":"ReadAction","target":["https:\/\/arealorcaradio.es\/index.php\/2024\/05\/30\/cayetana-alvarez-de-toledo-participa-este-domingo-en-lorca-en-un-acto-en-defensa-de-la-constitucion-y-en-contra-de-la-amnistia\/"]}]},{"@type":"ImageObject","inLanguage":"es","@id":"https:\/\/arealorcaradio.es\/index.php\/2024\/05\/30\/cayetana-alvarez-de-toledo-participa-este-domingo-en-lorca-en-un-acto-en-defensa-de-la-constitucion-y-en-contra-de-la-amnistia\/#primaryimage","url":"https:\/\/arealorcaradio.es\/wp-content\/uploads\/2024\/05\/Rosa-Maria-Medina.-Stria-general-PP-Lorca-scaled.jpg","contentUrl":"https:\/\/arealorcaradio.es\/wp-content\/uploads\/2024\/05\/Rosa-Maria-Medina.-Stria-general-PP-Lorca-scaled.jpg","width":2560,"height":1920},{"@type":"BreadcrumbList","@id":"https:\/\/arealorcaradio.es\/index.php\/2024\/05\/30\/cayetana-alvarez-de-toledo-participa-este-domingo-en-lorca-en-un-acto-en-defensa-de-la-constitucion-y-en-contra-de-la-amnistia\/#breadcrumb","itemListElement":[{"@type":"ListItem","position":1,"name":"Portada","item":"https:\/\/arealorcaradio.es\/"},{"@type":"ListItem","position":2,"name":"Cayetana \u00c1lvarez de Toledo participa este domingo en Lorca en un acto en defensa de la Constituci\u00f3n y en contra de la amnist\u00eda."}]},{"@type":"WebSite","@id":"https:\/\/arealorcaradio.es\/#website","url":"https:\/\/arealorcaradio.es\/","name":"AREA LORCA RADIO","description":"Descubre la programaci\u00f3n actual en \u00c1rea Lorca Radio, tu fuente de entrenamiento y noticias locales. Sintoniza ahora y mantente conectado online.","potentialAction":[{"@type":"SearchAction","target":{"@type":"EntryPoint","urlTemplate":"https:\/\/arealorcaradio.es\/?s={search_term_string}"},"query-input":{"@type":"PropertyValueSpecification","valueRequired":true,"valueName":"search_term_string"}}],"inLanguage":"es"},{"@type":"Person","@id":"https:\/\/arealorcaradio.es\/#\/schema\/person\/9fae605fc25b0f2c83c1ab207139bd27","name":"Paco S\u00e1nchez","image":{"@type":"ImageObject","inLanguage":"es","@id":"https:\/\/secure.gravatar.com\/avatar\/d67144e966420fb74aa84c9f2a0103be4724fd14db52b52d3b6bca749f257e79?s=96&d=mm&r=g","url":"https:\/\/secure.gravatar.com\/avatar\/d67144e966420fb74aa84c9f2a0103be4724fd14db52b52d3b6bca749f257e79?s=96&d=mm&r=g","contentUrl":"https:\/\/secure.gravatar.com\/avatar\/d67144e966420fb74aa84c9f2a0103be4724fd14db52b52d3b6bca749f257e79?s=96&d=mm&r=g","caption":"Paco S\u00e1nchez"},"sameAs":["https:\/\/arealorcaradio.es"],"url":"https:\/\/arealorcaradio.es\/index.php\/author\/admin_alorcaradio\/"}]}},"_links":{"self":[{"href":"https:\/\/arealorcaradio.es\/index.php\/wp-json\/wp\/v2\/posts\/3379","targetHints":{"allow":["GET"]}}],"collection":[{"href":"https:\/\/arealorcaradio.es\/index.php\/wp-json\/wp\/v2\/posts"}],"about":[{"href":"https:\/\/arealorcaradio.es\/index.php\/wp-json\/wp\/v2\/types\/post"}],"author":[{"embeddable":true,"href":"https:\/\/arealorcaradio.es\/index.php\/wp-json\/wp\/v2\/users\/1"}],"replies":[{"embeddable":true,"href":"https:\/\/arealorcaradio.es\/index.php\/wp-json\/wp\/v2\/comments?post=3379"}],"version-history":[{"count":2,"href":"https:\/\/arealorcaradio.es\/index.php\/wp-json\/wp\/v2\/posts\/3379\/revisions"}],"predecessor-version":[{"id":3384,"href":"https:\/\/arealorcaradio.es\/index.php\/wp-json\/wp\/v2\/posts\/3379\/revisions\/3384"}],"wp:featuredmedia":[{"embeddable":true,"href":"https:\/\/arealorcaradio.es\/index.php\/wp-json\/wp\/v2\/media\/3381"}],"wp:attachment":[{"href":"https:\/\/arealorcaradio.es\/index.php\/wp-json\/wp\/v2\/media?parent=3379"}],"wp:term":[{"taxonomy":"category","embeddable":true,"href":"https:\/\/arealorcaradio.es\/index.php\/wp-json\/wp\/v2\/categories?post=3379"},{"taxonomy":"post_tag","embeddable":true,"href":"https:\/\/arealorcaradio.es\/index.php\/wp-json\/wp\/v2\/tags?post=3379"}],"curies":[{"name":"wp","href":"https:\/\/api.w.org\/{rel}","templated":true}]}}