{"id":3051,"date":"2024-04-26T08:21:10","date_gmt":"2024-04-26T08:21:10","guid":{"rendered":"https:\/\/arealorcaradio.es\/?p=3051"},"modified":"2024-04-26T08:21:10","modified_gmt":"2024-04-26T08:21:10","slug":"la-familia-rabal-balaguer-muestra-su-oposicion-ante-la-intencion-del-ayuntamiento-de-alpedrete-de-retirar-el-nombre-de-sus-padres-a-una-plaza-y-al-centro-cultural-de-la-localidad-madrilena","status":"publish","type":"post","link":"https:\/\/arealorcaradio.es\/index.php\/2024\/04\/26\/la-familia-rabal-balaguer-muestra-su-oposicion-ante-la-intencion-del-ayuntamiento-de-alpedrete-de-retirar-el-nombre-de-sus-padres-a-una-plaza-y-al-centro-cultural-de-la-localidad-madrilena\/","title":{"rendered":"La familia Rabal Balaguer muestra su oposici\u00f3n ante la intenci\u00f3n del Ayuntamiento de Alpedrete de retirar el nombre de sus padres a una Plaza y al Centro Cultural de la localidad madrile\u00f1a."},"content":{"rendered":"<p>\u00c1REA LORCA RADIO.<\/p>\n<p>Este es el comunicado enviado por la familia y del que habla Benito Rabal a Paco S\u00e1nchez en el magazine \u00c1rea Lorca Actualidad con Paco S\u00e1nchez. Escucha aqu\u00ed la entrevista.<\/p>\n<audio class=\"wp-audio-shortcode\" id=\"audio-3051-1\" preload=\"none\" style=\"width: 100%;\" controls=\"controls\"><source type=\"audio\/mpeg\" src=\"https:\/\/arealorcaradio.es\/wp-content\/uploads\/2024\/04\/250424-BENITO-RABAL.-INDIGNADO-CON-ALPEDRETE.mp3?_=1\" \/><a href=\"https:\/\/arealorcaradio.es\/wp-content\/uploads\/2024\/04\/250424-BENITO-RABAL.-INDIGNADO-CON-ALPEDRETE.mp3\">https:\/\/arealorcaradio.es\/wp-content\/uploads\/2024\/04\/250424-BENITO-RABAL.-INDIGNADO-CON-ALPEDRETE.mp3<\/a><\/audio>\n<p><strong>COMUNICADO:<\/strong><\/p>\n<p>Ante la intenci\u00f3n del <strong>Ayuntamiento de Alpedrete (Madrid) <\/strong>de eliminar los nombres de <strong>FRANCISCO RABAL<\/strong> a una plaza y el de <strong>ASUNCI\u00d3N BALAGUER<\/strong> al centro Cultural situado en ese mismo lugar, queremos manifestar <strong>nuestro absoluto rechazo<\/strong> a ese acto enmarcado dentro del revanchismo y el revisionismo hist\u00f3rico en el que est\u00e1 empe\u00f1ada la ultraderecha.<\/p>\n<p><strong>PACO RABAL<\/strong> y <strong>ASUNCI\u00d3N BALAGUER<\/strong>, adem\u00e1s de ser dos figuras de gran relevancia en la historia y cultura, no solo en Espa\u00f1a sino tambi\u00e9n en el resto del mundo, <strong>fueron vecinos muy queridos del municipio<\/strong> en los \u00faltimos a\u00f1os de su vida, raz\u00f3n por la que, aparte los m\u00e9ritos y reconocimientos propios, se les otorg\u00f3 el honor de bautizar con su nombre a una plaza (2001) as\u00ed como al centro cultural (2015).<\/p>\n<p>No existe motivo alguno que avale la decisi\u00f3n del ayuntamiento, a no ser que \u00e9sta sea el <strong>conocido pensamiento progresista de ambos actores<\/strong> y su militancia comunista, lo cual nunca les impidi\u00f3 compartir amistad y cari\u00f1o con quienes pensaban de manera diferente.<\/p>\n<p><strong>Ninguno de los gobiernos<\/strong>, fueran del color pol\u00edtico que fueran, les mostr\u00f3 jam\u00e1s animadversi\u00f3n alguna, m\u00e1s bien respeto, admiraci\u00f3n y <strong>reconocimientos varios<\/strong> tales como, entre muchos otros, Doctor Honoris Causa Universidad de Murcia, la Medalla de Oro a las Bellas Artes, la Medalla al M\u00e9rito del Trabajo, la Orden \u201cGabriela Mistral\u201d al M\u00e9rito Docente y Cultural de la Rep\u00fablica de Chile , La Medalla de la Asamblea del Poder Popular de la Rep\u00fablica de Cuba o la del Ayuntamiento de Madrid al M\u00e9rito Art\u00edstico , as\u00ed como <strong>m\u00e1s de cincuenta calles y plazas <\/strong>repartidas por toda la geograf\u00eda espa\u00f1ola y <strong>una veintena de teatros, cines y centros culturales<\/strong> con el nombre de alguno de los dos.<\/p>\n<p>Pero, sobre todo, y ese fue su mayor logro, siempre tuvieron <strong>el cari\u00f1o y respeto de la poblaci\u00f3n<\/strong>. El mismo que le guardan a su memoria.<\/p>\n<p>Y es por todo esto que <strong>nos oponemos<\/strong> a esta decisi\u00f3n que s\u00f3lo tiene como objetivo atacar a <strong>la Cultura<\/strong> y embarrar <strong>la Memoria Hist\u00f3rica<\/strong> de nuestro pa\u00eds, mancillando el honor de dos buenas personas.<\/p>\n","protected":false},"excerpt":{"rendered":"<p>\u00c1REA LORCA RADIO. Este es el comunicado enviado por la familia y del que habla Benito Rabal a Paco S\u00e1nchez en el magazine \u00c1rea Lorca Actualidad con Paco S\u00e1nchez. Escucha aqu\u00ed la entrevista. COMUNICADO: Ante la intenci\u00f3n del Ayuntamiento de Alpedrete (Madrid) de eliminar los nombres de FRANCISCO RABAL a una plaza y el de [&hellip;]<\/p>\n","protected":false},"author":1,"featured_media":3053,"comment_status":"open","ping_status":"open","sticky":false,"template":"","format":"standard","meta":{"iawp_total_views":7,"footnotes":""},"categories":[5,8],"tags":[],"class_list":["post-3051","post","type-post","status-publish","format-standard","has-post-thumbnail","hentry","category-actualidad","category-aguilas"],"yoast_head":"<!-- This site is optimized with the Yoast SEO plugin v27.5 - https:\/\/yoast.com\/product\/yoast-seo-wordpress\/ -->\n<title>La familia Rabal Balaguer muestra su oposici\u00f3n ante la intenci\u00f3n del Ayuntamiento de Alpedrete de retirar el nombre de sus padres a una Plaza y al Centro Cultural de la localidad madrile\u00f1a. - AREA LORCA RADIO<\/title>\n<meta name=\"robots\" content=\"index, follow, max-snippet:-1, max-image-preview:large, max-video-preview:-1\" \/>\n<link rel=\"canonical\" href=\"https:\/\/arealorcaradio.es\/index.php\/2024\/04\/26\/la-familia-rabal-balaguer-muestra-su-oposicion-ante-la-intencion-del-ayuntamiento-de-alpedrete-de-retirar-el-nombre-de-sus-padres-a-una-plaza-y-al-centro-cultural-de-la-localidad-madrilena\/\" \/>\n<meta property=\"og:locale\" content=\"es_ES\" \/>\n<meta property=\"og:type\" content=\"article\" \/>\n<meta property=\"og:title\" content=\"La familia Rabal Balaguer muestra su oposici\u00f3n ante la intenci\u00f3n del Ayuntamiento de Alpedrete de retirar el nombre de sus padres a una Plaza y al Centro Cultural de la localidad madrile\u00f1a. - AREA LORCA RADIO\" \/>\n<meta property=\"og:description\" content=\"\u00c1REA LORCA RADIO. Este es el comunicado enviado por la familia y del que habla Benito Rabal a Paco S\u00e1nchez en el magazine \u00c1rea Lorca Actualidad con Paco S\u00e1nchez. Escucha aqu\u00ed la entrevista. COMUNICADO: Ante la intenci\u00f3n del Ayuntamiento de Alpedrete (Madrid) de eliminar los nombres de FRANCISCO RABAL a una plaza y el de [&hellip;]\" \/>\n<meta property=\"og:url\" content=\"https:\/\/arealorcaradio.es\/index.php\/2024\/04\/26\/la-familia-rabal-balaguer-muestra-su-oposicion-ante-la-intencion-del-ayuntamiento-de-alpedrete-de-retirar-el-nombre-de-sus-padres-a-una-plaza-y-al-centro-cultural-de-la-localidad-madrilena\/\" \/>\n<meta property=\"og:site_name\" content=\"AREA LORCA RADIO\" \/>\n<meta property=\"article:published_time\" content=\"2024-04-26T08:21:10+00:00\" \/>\n<meta property=\"og:image\" content=\"https:\/\/arealorcaradio.es\/wp-content\/uploads\/2024\/04\/IMG-20220728-WA0056.jpg\" \/>\n\t<meta property=\"og:image:width\" content=\"1600\" \/>\n\t<meta property=\"og:image:height\" content=\"1034\" \/>\n\t<meta property=\"og:image:type\" content=\"image\/jpeg\" \/>\n<meta name=\"author\" content=\"Paco S\u00e1nchez\" \/>\n<meta name=\"twitter:card\" content=\"summary_large_image\" \/>\n<meta name=\"twitter:label1\" content=\"Escrito por\" \/>\n\t<meta name=\"twitter:data1\" content=\"Paco S\u00e1nchez\" \/>\n\t<meta name=\"twitter:label2\" content=\"Tiempo de lectura\" \/>\n\t<meta name=\"twitter:data2\" content=\"2 minutos\" \/>\n<script type=\"application\/ld+json\" class=\"yoast-schema-graph\">{\"@context\":\"https:\\\/\\\/schema.org\",\"@graph\":[{\"@type\":\"Article\",\"@id\":\"https:\\\/\\\/arealorcaradio.es\\\/index.php\\\/2024\\\/04\\\/26\\\/la-familia-rabal-balaguer-muestra-su-oposicion-ante-la-intencion-del-ayuntamiento-de-alpedrete-de-retirar-el-nombre-de-sus-padres-a-una-plaza-y-al-centro-cultural-de-la-localidad-madrilena\\\/#article\",\"isPartOf\":{\"@id\":\"https:\\\/\\\/arealorcaradio.es\\\/index.php\\\/2024\\\/04\\\/26\\\/la-familia-rabal-balaguer-muestra-su-oposicion-ante-la-intencion-del-ayuntamiento-de-alpedrete-de-retirar-el-nombre-de-sus-padres-a-una-plaza-y-al-centro-cultural-de-la-localidad-madrilena\\\/\"},\"author\":{\"name\":\"Paco S\u00e1nchez\",\"@id\":\"https:\\\/\\\/arealorcaradio.es\\\/#\\\/schema\\\/person\\\/9fae605fc25b0f2c83c1ab207139bd27\"},\"headline\":\"La familia Rabal Balaguer muestra su oposici\u00f3n ante la intenci\u00f3n del Ayuntamiento de Alpedrete de retirar el nombre de sus padres a una Plaza y al Centro Cultural de la localidad madrile\u00f1a.\",\"datePublished\":\"2024-04-26T08:21:10+00:00\",\"mainEntityOfPage\":{\"@id\":\"https:\\\/\\\/arealorcaradio.es\\\/index.php\\\/2024\\\/04\\\/26\\\/la-familia-rabal-balaguer-muestra-su-oposicion-ante-la-intencion-del-ayuntamiento-de-alpedrete-de-retirar-el-nombre-de-sus-padres-a-una-plaza-y-al-centro-cultural-de-la-localidad-madrilena\\\/\"},\"wordCount\":456,\"commentCount\":0,\"image\":{\"@id\":\"https:\\\/\\\/arealorcaradio.es\\\/index.php\\\/2024\\\/04\\\/26\\\/la-familia-rabal-balaguer-muestra-su-oposicion-ante-la-intencion-del-ayuntamiento-de-alpedrete-de-retirar-el-nombre-de-sus-padres-a-una-plaza-y-al-centro-cultural-de-la-localidad-madrilena\\\/#primaryimage\"},\"thumbnailUrl\":\"https:\\\/\\\/arealorcaradio.es\\\/wp-content\\\/uploads\\\/2024\\\/04\\\/IMG-20220728-WA0056.jpg\",\"articleSection\":[\"ACTUALIDAD\",\"\u00c1GUILAS\"],\"inLanguage\":\"es\",\"potentialAction\":[{\"@type\":\"CommentAction\",\"name\":\"Comment\",\"target\":[\"https:\\\/\\\/arealorcaradio.es\\\/index.php\\\/2024\\\/04\\\/26\\\/la-familia-rabal-balaguer-muestra-su-oposicion-ante-la-intencion-del-ayuntamiento-de-alpedrete-de-retirar-el-nombre-de-sus-padres-a-una-plaza-y-al-centro-cultural-de-la-localidad-madrilena\\\/#respond\"]}]},{\"@type\":\"WebPage\",\"@id\":\"https:\\\/\\\/arealorcaradio.es\\\/index.php\\\/2024\\\/04\\\/26\\\/la-familia-rabal-balaguer-muestra-su-oposicion-ante-la-intencion-del-ayuntamiento-de-alpedrete-de-retirar-el-nombre-de-sus-padres-a-una-plaza-y-al-centro-cultural-de-la-localidad-madrilena\\\/\",\"url\":\"https:\\\/\\\/arealorcaradio.es\\\/index.php\\\/2024\\\/04\\\/26\\\/la-familia-rabal-balaguer-muestra-su-oposicion-ante-la-intencion-del-ayuntamiento-de-alpedrete-de-retirar-el-nombre-de-sus-padres-a-una-plaza-y-al-centro-cultural-de-la-localidad-madrilena\\\/\",\"name\":\"La familia Rabal Balaguer muestra su oposici\u00f3n ante la intenci\u00f3n del Ayuntamiento de Alpedrete de retirar el nombre de sus padres a una Plaza y al Centro Cultural de la localidad madrile\u00f1a. - AREA LORCA RADIO\",\"isPartOf\":{\"@id\":\"https:\\\/\\\/arealorcaradio.es\\\/#website\"},\"primaryImageOfPage\":{\"@id\":\"https:\\\/\\\/arealorcaradio.es\\\/index.php\\\/2024\\\/04\\\/26\\\/la-familia-rabal-balaguer-muestra-su-oposicion-ante-la-intencion-del-ayuntamiento-de-alpedrete-de-retirar-el-nombre-de-sus-padres-a-una-plaza-y-al-centro-cultural-de-la-localidad-madrilena\\\/#primaryimage\"},\"image\":{\"@id\":\"https:\\\/\\\/arealorcaradio.es\\\/index.php\\\/2024\\\/04\\\/26\\\/la-familia-rabal-balaguer-muestra-su-oposicion-ante-la-intencion-del-ayuntamiento-de-alpedrete-de-retirar-el-nombre-de-sus-padres-a-una-plaza-y-al-centro-cultural-de-la-localidad-madrilena\\\/#primaryimage\"},\"thumbnailUrl\":\"https:\\\/\\\/arealorcaradio.es\\\/wp-content\\\/uploads\\\/2024\\\/04\\\/IMG-20220728-WA0056.jpg\",\"datePublished\":\"2024-04-26T08:21:10+00:00\",\"author\":{\"@id\":\"https:\\\/\\\/arealorcaradio.es\\\/#\\\/schema\\\/person\\\/9fae605fc25b0f2c83c1ab207139bd27\"},\"breadcrumb\":{\"@id\":\"https:\\\/\\\/arealorcaradio.es\\\/index.php\\\/2024\\\/04\\\/26\\\/la-familia-rabal-balaguer-muestra-su-oposicion-ante-la-intencion-del-ayuntamiento-de-alpedrete-de-retirar-el-nombre-de-sus-padres-a-una-plaza-y-al-centro-cultural-de-la-localidad-madrilena\\\/#breadcrumb\"},\"inLanguage\":\"es\",\"potentialAction\":[{\"@type\":\"ReadAction\",\"target\":[\"https:\\\/\\\/arealorcaradio.es\\\/index.php\\\/2024\\\/04\\\/26\\\/la-familia-rabal-balaguer-muestra-su-oposicion-ante-la-intencion-del-ayuntamiento-de-alpedrete-de-retirar-el-nombre-de-sus-padres-a-una-plaza-y-al-centro-cultural-de-la-localidad-madrilena\\\/\"]}]},{\"@type\":\"ImageObject\",\"inLanguage\":\"es\",\"@id\":\"https:\\\/\\\/arealorcaradio.es\\\/index.php\\\/2024\\\/04\\\/26\\\/la-familia-rabal-balaguer-muestra-su-oposicion-ante-la-intencion-del-ayuntamiento-de-alpedrete-de-retirar-el-nombre-de-sus-padres-a-una-plaza-y-al-centro-cultural-de-la-localidad-madrilena\\\/#primaryimage\",\"url\":\"https:\\\/\\\/arealorcaradio.es\\\/wp-content\\\/uploads\\\/2024\\\/04\\\/IMG-20220728-WA0056.jpg\",\"contentUrl\":\"https:\\\/\\\/arealorcaradio.es\\\/wp-content\\\/uploads\\\/2024\\\/04\\\/IMG-20220728-WA0056.jpg\",\"width\":1600,\"height\":1034},{\"@type\":\"BreadcrumbList\",\"@id\":\"https:\\\/\\\/arealorcaradio.es\\\/index.php\\\/2024\\\/04\\\/26\\\/la-familia-rabal-balaguer-muestra-su-oposicion-ante-la-intencion-del-ayuntamiento-de-alpedrete-de-retirar-el-nombre-de-sus-padres-a-una-plaza-y-al-centro-cultural-de-la-localidad-madrilena\\\/#breadcrumb\",\"itemListElement\":[{\"@type\":\"ListItem\",\"position\":1,\"name\":\"Portada\",\"item\":\"https:\\\/\\\/arealorcaradio.es\\\/\"},{\"@type\":\"ListItem\",\"position\":2,\"name\":\"La familia Rabal Balaguer muestra su oposici\u00f3n ante la intenci\u00f3n del Ayuntamiento de Alpedrete de retirar el nombre de sus padres a una Plaza y al Centro Cultural de la localidad madrile\u00f1a.\"}]},{\"@type\":\"WebSite\",\"@id\":\"https:\\\/\\\/arealorcaradio.es\\\/#website\",\"url\":\"https:\\\/\\\/arealorcaradio.es\\\/\",\"name\":\"AREA LORCA RADIO\",\"description\":\"Descubre la programaci\u00f3n actual en \u00c1rea Lorca Radio, tu fuente de entrenamiento y noticias locales. Sintoniza ahora y mantente conectado online.\",\"potentialAction\":[{\"@type\":\"SearchAction\",\"target\":{\"@type\":\"EntryPoint\",\"urlTemplate\":\"https:\\\/\\\/arealorcaradio.es\\\/?s={search_term_string}\"},\"query-input\":{\"@type\":\"PropertyValueSpecification\",\"valueRequired\":true,\"valueName\":\"search_term_string\"}}],\"inLanguage\":\"es\"},{\"@type\":\"Person\",\"@id\":\"https:\\\/\\\/arealorcaradio.es\\\/#\\\/schema\\\/person\\\/9fae605fc25b0f2c83c1ab207139bd27\",\"name\":\"Paco S\u00e1nchez\",\"image\":{\"@type\":\"ImageObject\",\"inLanguage\":\"es\",\"@id\":\"https:\\\/\\\/secure.gravatar.com\\\/avatar\\\/d67144e966420fb74aa84c9f2a0103be4724fd14db52b52d3b6bca749f257e79?s=96&d=mm&r=g\",\"url\":\"https:\\\/\\\/secure.gravatar.com\\\/avatar\\\/d67144e966420fb74aa84c9f2a0103be4724fd14db52b52d3b6bca749f257e79?s=96&d=mm&r=g\",\"contentUrl\":\"https:\\\/\\\/secure.gravatar.com\\\/avatar\\\/d67144e966420fb74aa84c9f2a0103be4724fd14db52b52d3b6bca749f257e79?s=96&d=mm&r=g\",\"caption\":\"Paco S\u00e1nchez\"},\"sameAs\":[\"https:\\\/\\\/arealorcaradio.es\"],\"url\":\"https:\\\/\\\/arealorcaradio.es\\\/index.php\\\/author\\\/admin_alorcaradio\\\/\"}]}<\/script>\n<!-- \/ Yoast SEO plugin. -->","yoast_head_json":{"title":"La familia Rabal Balaguer muestra su oposici\u00f3n ante la intenci\u00f3n del Ayuntamiento de Alpedrete de retirar el nombre de sus padres a una Plaza y al Centro Cultural de la localidad madrile\u00f1a. - AREA LORCA RADIO","robots":{"index":"index","follow":"follow","max-snippet":"max-snippet:-1","max-image-preview":"max-image-preview:large","max-video-preview":"max-video-preview:-1"},"canonical":"https:\/\/arealorcaradio.es\/index.php\/2024\/04\/26\/la-familia-rabal-balaguer-muestra-su-oposicion-ante-la-intencion-del-ayuntamiento-de-alpedrete-de-retirar-el-nombre-de-sus-padres-a-una-plaza-y-al-centro-cultural-de-la-localidad-madrilena\/","og_locale":"es_ES","og_type":"article","og_title":"La familia Rabal Balaguer muestra su oposici\u00f3n ante la intenci\u00f3n del Ayuntamiento de Alpedrete de retirar el nombre de sus padres a una Plaza y al Centro Cultural de la localidad madrile\u00f1a. - AREA LORCA RADIO","og_description":"\u00c1REA LORCA RADIO. Este es el comunicado enviado por la familia y del que habla Benito Rabal a Paco S\u00e1nchez en el magazine \u00c1rea Lorca Actualidad con Paco S\u00e1nchez. Escucha aqu\u00ed la entrevista. COMUNICADO: Ante la intenci\u00f3n del Ayuntamiento de Alpedrete (Madrid) de eliminar los nombres de FRANCISCO RABAL a una plaza y el de [&hellip;]","og_url":"https:\/\/arealorcaradio.es\/index.php\/2024\/04\/26\/la-familia-rabal-balaguer-muestra-su-oposicion-ante-la-intencion-del-ayuntamiento-de-alpedrete-de-retirar-el-nombre-de-sus-padres-a-una-plaza-y-al-centro-cultural-de-la-localidad-madrilena\/","og_site_name":"AREA LORCA RADIO","article_published_time":"2024-04-26T08:21:10+00:00","og_image":[{"width":1600,"height":1034,"url":"https:\/\/arealorcaradio.es\/wp-content\/uploads\/2024\/04\/IMG-20220728-WA0056.jpg","type":"image\/jpeg"}],"author":"Paco S\u00e1nchez","twitter_card":"summary_large_image","twitter_misc":{"Escrito por":"Paco S\u00e1nchez","Tiempo de lectura":"2 minutos"},"schema":{"@context":"https:\/\/schema.org","@graph":[{"@type":"Article","@id":"https:\/\/arealorcaradio.es\/index.php\/2024\/04\/26\/la-familia-rabal-balaguer-muestra-su-oposicion-ante-la-intencion-del-ayuntamiento-de-alpedrete-de-retirar-el-nombre-de-sus-padres-a-una-plaza-y-al-centro-cultural-de-la-localidad-madrilena\/#article","isPartOf":{"@id":"https:\/\/arealorcaradio.es\/index.php\/2024\/04\/26\/la-familia-rabal-balaguer-muestra-su-oposicion-ante-la-intencion-del-ayuntamiento-de-alpedrete-de-retirar-el-nombre-de-sus-padres-a-una-plaza-y-al-centro-cultural-de-la-localidad-madrilena\/"},"author":{"name":"Paco S\u00e1nchez","@id":"https:\/\/arealorcaradio.es\/#\/schema\/person\/9fae605fc25b0f2c83c1ab207139bd27"},"headline":"La familia Rabal Balaguer muestra su oposici\u00f3n ante la intenci\u00f3n del Ayuntamiento de Alpedrete de retirar el nombre de sus padres a una Plaza y al Centro Cultural de la localidad madrile\u00f1a.","datePublished":"2024-04-26T08:21:10+00:00","mainEntityOfPage":{"@id":"https:\/\/arealorcaradio.es\/index.php\/2024\/04\/26\/la-familia-rabal-balaguer-muestra-su-oposicion-ante-la-intencion-del-ayuntamiento-de-alpedrete-de-retirar-el-nombre-de-sus-padres-a-una-plaza-y-al-centro-cultural-de-la-localidad-madrilena\/"},"wordCount":456,"commentCount":0,"image":{"@id":"https:\/\/arealorcaradio.es\/index.php\/2024\/04\/26\/la-familia-rabal-balaguer-muestra-su-oposicion-ante-la-intencion-del-ayuntamiento-de-alpedrete-de-retirar-el-nombre-de-sus-padres-a-una-plaza-y-al-centro-cultural-de-la-localidad-madrilena\/#primaryimage"},"thumbnailUrl":"https:\/\/arealorcaradio.es\/wp-content\/uploads\/2024\/04\/IMG-20220728-WA0056.jpg","articleSection":["ACTUALIDAD","\u00c1GUILAS"],"inLanguage":"es","potentialAction":[{"@type":"CommentAction","name":"Comment","target":["https:\/\/arealorcaradio.es\/index.php\/2024\/04\/26\/la-familia-rabal-balaguer-muestra-su-oposicion-ante-la-intencion-del-ayuntamiento-de-alpedrete-de-retirar-el-nombre-de-sus-padres-a-una-plaza-y-al-centro-cultural-de-la-localidad-madrilena\/#respond"]}]},{"@type":"WebPage","@id":"https:\/\/arealorcaradio.es\/index.php\/2024\/04\/26\/la-familia-rabal-balaguer-muestra-su-oposicion-ante-la-intencion-del-ayuntamiento-de-alpedrete-de-retirar-el-nombre-de-sus-padres-a-una-plaza-y-al-centro-cultural-de-la-localidad-madrilena\/","url":"https:\/\/arealorcaradio.es\/index.php\/2024\/04\/26\/la-familia-rabal-balaguer-muestra-su-oposicion-ante-la-intencion-del-ayuntamiento-de-alpedrete-de-retirar-el-nombre-de-sus-padres-a-una-plaza-y-al-centro-cultural-de-la-localidad-madrilena\/","name":"La familia Rabal Balaguer muestra su oposici\u00f3n ante la intenci\u00f3n del Ayuntamiento de Alpedrete de retirar el nombre de sus padres a una Plaza y al Centro Cultural de la localidad madrile\u00f1a. - AREA LORCA RADIO","isPartOf":{"@id":"https:\/\/arealorcaradio.es\/#website"},"primaryImageOfPage":{"@id":"https:\/\/arealorcaradio.es\/index.php\/2024\/04\/26\/la-familia-rabal-balaguer-muestra-su-oposicion-ante-la-intencion-del-ayuntamiento-de-alpedrete-de-retirar-el-nombre-de-sus-padres-a-una-plaza-y-al-centro-cultural-de-la-localidad-madrilena\/#primaryimage"},"image":{"@id":"https:\/\/arealorcaradio.es\/index.php\/2024\/04\/26\/la-familia-rabal-balaguer-muestra-su-oposicion-ante-la-intencion-del-ayuntamiento-de-alpedrete-de-retirar-el-nombre-de-sus-padres-a-una-plaza-y-al-centro-cultural-de-la-localidad-madrilena\/#primaryimage"},"thumbnailUrl":"https:\/\/arealorcaradio.es\/wp-content\/uploads\/2024\/04\/IMG-20220728-WA0056.jpg","datePublished":"2024-04-26T08:21:10+00:00","author":{"@id":"https:\/\/arealorcaradio.es\/#\/schema\/person\/9fae605fc25b0f2c83c1ab207139bd27"},"breadcrumb":{"@id":"https:\/\/arealorcaradio.es\/index.php\/2024\/04\/26\/la-familia-rabal-balaguer-muestra-su-oposicion-ante-la-intencion-del-ayuntamiento-de-alpedrete-de-retirar-el-nombre-de-sus-padres-a-una-plaza-y-al-centro-cultural-de-la-localidad-madrilena\/#breadcrumb"},"inLanguage":"es","potentialAction":[{"@type":"ReadAction","target":["https:\/\/arealorcaradio.es\/index.php\/2024\/04\/26\/la-familia-rabal-balaguer-muestra-su-oposicion-ante-la-intencion-del-ayuntamiento-de-alpedrete-de-retirar-el-nombre-de-sus-padres-a-una-plaza-y-al-centro-cultural-de-la-localidad-madrilena\/"]}]},{"@type":"ImageObject","inLanguage":"es","@id":"https:\/\/arealorcaradio.es\/index.php\/2024\/04\/26\/la-familia-rabal-balaguer-muestra-su-oposicion-ante-la-intencion-del-ayuntamiento-de-alpedrete-de-retirar-el-nombre-de-sus-padres-a-una-plaza-y-al-centro-cultural-de-la-localidad-madrilena\/#primaryimage","url":"https:\/\/arealorcaradio.es\/wp-content\/uploads\/2024\/04\/IMG-20220728-WA0056.jpg","contentUrl":"https:\/\/arealorcaradio.es\/wp-content\/uploads\/2024\/04\/IMG-20220728-WA0056.jpg","width":1600,"height":1034},{"@type":"BreadcrumbList","@id":"https:\/\/arealorcaradio.es\/index.php\/2024\/04\/26\/la-familia-rabal-balaguer-muestra-su-oposicion-ante-la-intencion-del-ayuntamiento-de-alpedrete-de-retirar-el-nombre-de-sus-padres-a-una-plaza-y-al-centro-cultural-de-la-localidad-madrilena\/#breadcrumb","itemListElement":[{"@type":"ListItem","position":1,"name":"Portada","item":"https:\/\/arealorcaradio.es\/"},{"@type":"ListItem","position":2,"name":"La familia Rabal Balaguer muestra su oposici\u00f3n ante la intenci\u00f3n del Ayuntamiento de Alpedrete de retirar el nombre de sus padres a una Plaza y al Centro Cultural de la localidad madrile\u00f1a."}]},{"@type":"WebSite","@id":"https:\/\/arealorcaradio.es\/#website","url":"https:\/\/arealorcaradio.es\/","name":"AREA LORCA RADIO","description":"Descubre la programaci\u00f3n actual en \u00c1rea Lorca Radio, tu fuente de entrenamiento y noticias locales. Sintoniza ahora y mantente conectado online.","potentialAction":[{"@type":"SearchAction","target":{"@type":"EntryPoint","urlTemplate":"https:\/\/arealorcaradio.es\/?s={search_term_string}"},"query-input":{"@type":"PropertyValueSpecification","valueRequired":true,"valueName":"search_term_string"}}],"inLanguage":"es"},{"@type":"Person","@id":"https:\/\/arealorcaradio.es\/#\/schema\/person\/9fae605fc25b0f2c83c1ab207139bd27","name":"Paco S\u00e1nchez","image":{"@type":"ImageObject","inLanguage":"es","@id":"https:\/\/secure.gravatar.com\/avatar\/d67144e966420fb74aa84c9f2a0103be4724fd14db52b52d3b6bca749f257e79?s=96&d=mm&r=g","url":"https:\/\/secure.gravatar.com\/avatar\/d67144e966420fb74aa84c9f2a0103be4724fd14db52b52d3b6bca749f257e79?s=96&d=mm&r=g","contentUrl":"https:\/\/secure.gravatar.com\/avatar\/d67144e966420fb74aa84c9f2a0103be4724fd14db52b52d3b6bca749f257e79?s=96&d=mm&r=g","caption":"Paco S\u00e1nchez"},"sameAs":["https:\/\/arealorcaradio.es"],"url":"https:\/\/arealorcaradio.es\/index.php\/author\/admin_alorcaradio\/"}]}},"_links":{"self":[{"href":"https:\/\/arealorcaradio.es\/index.php\/wp-json\/wp\/v2\/posts\/3051","targetHints":{"allow":["GET"]}}],"collection":[{"href":"https:\/\/arealorcaradio.es\/index.php\/wp-json\/wp\/v2\/posts"}],"about":[{"href":"https:\/\/arealorcaradio.es\/index.php\/wp-json\/wp\/v2\/types\/post"}],"author":[{"embeddable":true,"href":"https:\/\/arealorcaradio.es\/index.php\/wp-json\/wp\/v2\/users\/1"}],"replies":[{"embeddable":true,"href":"https:\/\/arealorcaradio.es\/index.php\/wp-json\/wp\/v2\/comments?post=3051"}],"version-history":[{"count":1,"href":"https:\/\/arealorcaradio.es\/index.php\/wp-json\/wp\/v2\/posts\/3051\/revisions"}],"predecessor-version":[{"id":3054,"href":"https:\/\/arealorcaradio.es\/index.php\/wp-json\/wp\/v2\/posts\/3051\/revisions\/3054"}],"wp:featuredmedia":[{"embeddable":true,"href":"https:\/\/arealorcaradio.es\/index.php\/wp-json\/wp\/v2\/media\/3053"}],"wp:attachment":[{"href":"https:\/\/arealorcaradio.es\/index.php\/wp-json\/wp\/v2\/media?parent=3051"}],"wp:term":[{"taxonomy":"category","embeddable":true,"href":"https:\/\/arealorcaradio.es\/index.php\/wp-json\/wp\/v2\/categories?post=3051"},{"taxonomy":"post_tag","embeddable":true,"href":"https:\/\/arealorcaradio.es\/index.php\/wp-json\/wp\/v2\/tags?post=3051"}],"curies":[{"name":"wp","href":"https:\/\/api.w.org\/{rel}","templated":true}]}}