{"id":2881,"date":"2024-04-10T07:54:39","date_gmt":"2024-04-10T07:54:39","guid":{"rendered":"https:\/\/arealorcaradio.es\/?p=2881"},"modified":"2024-04-10T07:54:39","modified_gmt":"2024-04-10T07:54:39","slug":"puerto-lumbreras-alberga-este-fin-de-semana-la-ix-feria-de-coleccionismo","status":"publish","type":"post","link":"https:\/\/arealorcaradio.es\/index.php\/2024\/04\/10\/puerto-lumbreras-alberga-este-fin-de-semana-la-ix-feria-de-coleccionismo\/","title":{"rendered":"Puerto Lumbreras alberga este fin de semana la IX Feria de Coleccionismo."},"content":{"rendered":"<p>\u00c1REA LORCA RADIO.<\/p>\n<p>Escucha aqu\u00ed la entrevista que ha concedido a Paco S\u00e1nchez en el magazine \u00c1rea Lorca Actualidad, Juan Antonio Mart\u00ednez Fern\u00e1ndez, presidente de la Asociaci\u00f3n Nacional de Coleccionistas Recuerdos, organizador de esta IX Feria de Coleccionismo Puerto Lumbreras 2024.<\/p>\n<audio class=\"wp-audio-shortcode\" id=\"audio-2881-1\" preload=\"none\" style=\"width: 100%;\" controls=\"controls\"><source type=\"audio\/mpeg\" src=\"https:\/\/arealorcaradio.es\/wp-content\/uploads\/2024\/04\/090424-JUAN-ANTONIO-MARTINEZ.-COLECCIONISMO.mp3?_=1\" \/><a href=\"https:\/\/arealorcaradio.es\/wp-content\/uploads\/2024\/04\/090424-JUAN-ANTONIO-MARTINEZ.-COLECCIONISMO.mp3\">https:\/\/arealorcaradio.es\/wp-content\/uploads\/2024\/04\/090424-JUAN-ANTONIO-MARTINEZ.-COLECCIONISMO.mp3<\/a><\/audio>\n<p><img loading=\"lazy\" decoding=\"async\" class=\"alignnone size-medium wp-image-2896\" src=\"https:\/\/arealorcaradio.es\/wp-content\/uploads\/2024\/04\/IMG-20240227-WA0023-212x300.jpg\" alt=\"\" width=\"212\" height=\"300\" srcset=\"https:\/\/arealorcaradio.es\/wp-content\/uploads\/2024\/04\/IMG-20240227-WA0023-212x300.jpg 212w, https:\/\/arealorcaradio.es\/wp-content\/uploads\/2024\/04\/IMG-20240227-WA0023-725x1024.jpg 725w, https:\/\/arealorcaradio.es\/wp-content\/uploads\/2024\/04\/IMG-20240227-WA0023-768x1085.jpg 768w, https:\/\/arealorcaradio.es\/wp-content\/uploads\/2024\/04\/IMG-20240227-WA0023-1088x1536.jpg 1088w, https:\/\/arealorcaradio.es\/wp-content\/uploads\/2024\/04\/IMG-20240227-WA0023.jpg 1133w\" sizes=\"auto, (max-width: 212px) 100vw, 212px\" \/> \u00a0<img loading=\"lazy\" decoding=\"async\" class=\"alignnone size-medium wp-image-2895\" src=\"https:\/\/arealorcaradio.es\/wp-content\/uploads\/2024\/04\/IMG-20240409-WA0091-1-5-300x274.jpg\" alt=\"\" width=\"300\" height=\"274\" srcset=\"https:\/\/arealorcaradio.es\/wp-content\/uploads\/2024\/04\/IMG-20240409-WA0091-1-5-300x274.jpg 300w, https:\/\/arealorcaradio.es\/wp-content\/uploads\/2024\/04\/IMG-20240409-WA0091-1-5-1024x935.jpg 1024w, https:\/\/arealorcaradio.es\/wp-content\/uploads\/2024\/04\/IMG-20240409-WA0091-1-5-768x701.jpg 768w, https:\/\/arealorcaradio.es\/wp-content\/uploads\/2024\/04\/IMG-20240409-WA0091-1-5.jpg 1536w\" sizes=\"auto, (max-width: 300px) 100vw, 300px\" \/> <img loading=\"lazy\" decoding=\"async\" class=\"alignnone size-medium wp-image-2883\" src=\"https:\/\/arealorcaradio.es\/wp-content\/uploads\/2024\/04\/IMG-20240409-WA0094-300x225.jpg\" alt=\"\" width=\"300\" height=\"225\" srcset=\"https:\/\/arealorcaradio.es\/wp-content\/uploads\/2024\/04\/IMG-20240409-WA0094-300x225.jpg 300w, https:\/\/arealorcaradio.es\/wp-content\/uploads\/2024\/04\/IMG-20240409-WA0094-1024x768.jpg 1024w, https:\/\/arealorcaradio.es\/wp-content\/uploads\/2024\/04\/IMG-20240409-WA0094-768x576.jpg 768w, https:\/\/arealorcaradio.es\/wp-content\/uploads\/2024\/04\/IMG-20240409-WA0094-86x64.jpg 86w, https:\/\/arealorcaradio.es\/wp-content\/uploads\/2024\/04\/IMG-20240409-WA0094.jpg 1080w\" sizes=\"auto, (max-width: 300px) 100vw, 300px\" \/> \u00a0<img loading=\"lazy\" decoding=\"async\" class=\"alignnone size-medium wp-image-2884\" src=\"https:\/\/arealorcaradio.es\/wp-content\/uploads\/2024\/04\/IMG-20240409-WA0090-300x232.jpg\" alt=\"\" width=\"300\" height=\"232\" srcset=\"https:\/\/arealorcaradio.es\/wp-content\/uploads\/2024\/04\/IMG-20240409-WA0090-300x232.jpg 300w, https:\/\/arealorcaradio.es\/wp-content\/uploads\/2024\/04\/IMG-20240409-WA0090-1024x793.jpg 1024w, https:\/\/arealorcaradio.es\/wp-content\/uploads\/2024\/04\/IMG-20240409-WA0090-768x594.jpg 768w, https:\/\/arealorcaradio.es\/wp-content\/uploads\/2024\/04\/IMG-20240409-WA0090.jpg 1080w\" sizes=\"auto, (max-width: 300px) 100vw, 300px\" \/> <img loading=\"lazy\" decoding=\"async\" class=\"alignnone size-medium wp-image-2885\" src=\"https:\/\/arealorcaradio.es\/wp-content\/uploads\/2024\/04\/IMG-20240409-WA0098-300x225.jpg\" alt=\"\" width=\"300\" height=\"225\" srcset=\"https:\/\/arealorcaradio.es\/wp-content\/uploads\/2024\/04\/IMG-20240409-WA0098-300x225.jpg 300w, https:\/\/arealorcaradio.es\/wp-content\/uploads\/2024\/04\/IMG-20240409-WA0098-1024x768.jpg 1024w, https:\/\/arealorcaradio.es\/wp-content\/uploads\/2024\/04\/IMG-20240409-WA0098-768x576.jpg 768w, https:\/\/arealorcaradio.es\/wp-content\/uploads\/2024\/04\/IMG-20240409-WA0098-86x64.jpg 86w, https:\/\/arealorcaradio.es\/wp-content\/uploads\/2024\/04\/IMG-20240409-WA0098.jpg 1080w\" sizes=\"auto, (max-width: 300px) 100vw, 300px\" \/> \u00a0<img loading=\"lazy\" decoding=\"async\" class=\"alignnone size-medium wp-image-2886\" src=\"https:\/\/arealorcaradio.es\/wp-content\/uploads\/2024\/04\/IMG-20240409-WA0093-300x225.jpg\" alt=\"\" width=\"300\" height=\"225\" srcset=\"https:\/\/arealorcaradio.es\/wp-content\/uploads\/2024\/04\/IMG-20240409-WA0093-300x225.jpg 300w, https:\/\/arealorcaradio.es\/wp-content\/uploads\/2024\/04\/IMG-20240409-WA0093-1024x768.jpg 1024w, https:\/\/arealorcaradio.es\/wp-content\/uploads\/2024\/04\/IMG-20240409-WA0093-768x576.jpg 768w, https:\/\/arealorcaradio.es\/wp-content\/uploads\/2024\/04\/IMG-20240409-WA0093-86x64.jpg 86w, https:\/\/arealorcaradio.es\/wp-content\/uploads\/2024\/04\/IMG-20240409-WA0093.jpg 1080w\" sizes=\"auto, (max-width: 300px) 100vw, 300px\" \/> <img loading=\"lazy\" decoding=\"async\" class=\"alignnone size-medium wp-image-2887\" src=\"https:\/\/arealorcaradio.es\/wp-content\/uploads\/2024\/04\/IMG-20240409-WA0096-300x225.jpg\" alt=\"\" width=\"300\" height=\"225\" srcset=\"https:\/\/arealorcaradio.es\/wp-content\/uploads\/2024\/04\/IMG-20240409-WA0096-300x225.jpg 300w, https:\/\/arealorcaradio.es\/wp-content\/uploads\/2024\/04\/IMG-20240409-WA0096-1024x768.jpg 1024w, https:\/\/arealorcaradio.es\/wp-content\/uploads\/2024\/04\/IMG-20240409-WA0096-768x576.jpg 768w, https:\/\/arealorcaradio.es\/wp-content\/uploads\/2024\/04\/IMG-20240409-WA0096-86x64.jpg 86w, https:\/\/arealorcaradio.es\/wp-content\/uploads\/2024\/04\/IMG-20240409-WA0096.jpg 1080w\" sizes=\"auto, (max-width: 300px) 100vw, 300px\" \/> \u00a0<img loading=\"lazy\" decoding=\"async\" class=\"alignnone size-medium wp-image-2888\" src=\"https:\/\/arealorcaradio.es\/wp-content\/uploads\/2024\/04\/IMG-20240409-WA0092-300x225.jpg\" alt=\"\" width=\"300\" height=\"225\" srcset=\"https:\/\/arealorcaradio.es\/wp-content\/uploads\/2024\/04\/IMG-20240409-WA0092-300x225.jpg 300w, https:\/\/arealorcaradio.es\/wp-content\/uploads\/2024\/04\/IMG-20240409-WA0092-1024x768.jpg 1024w, https:\/\/arealorcaradio.es\/wp-content\/uploads\/2024\/04\/IMG-20240409-WA0092-768x576.jpg 768w, https:\/\/arealorcaradio.es\/wp-content\/uploads\/2024\/04\/IMG-20240409-WA0092-86x64.jpg 86w, https:\/\/arealorcaradio.es\/wp-content\/uploads\/2024\/04\/IMG-20240409-WA0092.jpg 1080w\" sizes=\"auto, (max-width: 300px) 100vw, 300px\" \/><\/p>\n<p>&nbsp;<\/p>\n","protected":false},"excerpt":{"rendered":"<p>\u00c1REA LORCA RADIO. Escucha aqu\u00ed la entrevista que ha concedido a Paco S\u00e1nchez en el magazine \u00c1rea Lorca Actualidad, Juan Antonio Mart\u00ednez Fern\u00e1ndez, presidente de la Asociaci\u00f3n Nacional de Coleccionistas Recuerdos, organizador de esta IX Feria de Coleccionismo Puerto Lumbreras 2024. \u00a0 \u00a0 \u00a0 \u00a0 &nbsp;<\/p>\n","protected":false},"author":1,"featured_media":2899,"comment_status":"open","ping_status":"open","sticky":false,"template":"","format":"standard","meta":{"iawp_total_views":5,"footnotes":""},"categories":[5,9],"tags":[],"class_list":["post-2881","post","type-post","status-publish","format-standard","has-post-thumbnail","hentry","category-actualidad","category-puerto-lumbreras"],"yoast_head":"<!-- This site is optimized with the Yoast SEO plugin v27.5 - https:\/\/yoast.com\/product\/yoast-seo-wordpress\/ -->\n<title>Puerto Lumbreras alberga este fin de semana la IX Feria de Coleccionismo. - AREA LORCA RADIO<\/title>\n<meta name=\"robots\" content=\"index, follow, max-snippet:-1, max-image-preview:large, max-video-preview:-1\" \/>\n<link rel=\"canonical\" href=\"https:\/\/arealorcaradio.es\/index.php\/2024\/04\/10\/puerto-lumbreras-alberga-este-fin-de-semana-la-ix-feria-de-coleccionismo\/\" \/>\n<meta property=\"og:locale\" content=\"es_ES\" \/>\n<meta property=\"og:type\" content=\"article\" \/>\n<meta property=\"og:title\" content=\"Puerto Lumbreras alberga este fin de semana la IX Feria de Coleccionismo. - AREA LORCA RADIO\" \/>\n<meta property=\"og:description\" content=\"\u00c1REA LORCA RADIO. Escucha aqu\u00ed la entrevista que ha concedido a Paco S\u00e1nchez en el magazine \u00c1rea Lorca Actualidad, Juan Antonio Mart\u00ednez Fern\u00e1ndez, presidente de la Asociaci\u00f3n Nacional de Coleccionistas Recuerdos, organizador de esta IX Feria de Coleccionismo Puerto Lumbreras 2024. \u00a0 \u00a0 \u00a0 \u00a0 &nbsp;\" \/>\n<meta property=\"og:url\" content=\"https:\/\/arealorcaradio.es\/index.php\/2024\/04\/10\/puerto-lumbreras-alberga-este-fin-de-semana-la-ix-feria-de-coleccionismo\/\" \/>\n<meta property=\"og:site_name\" content=\"AREA LORCA RADIO\" \/>\n<meta property=\"article:published_time\" content=\"2024-04-10T07:54:39+00:00\" \/>\n<meta property=\"og:image\" content=\"https:\/\/arealorcaradio.es\/wp-content\/uploads\/2024\/04\/20240409_175926-1-scaled.jpg\" \/>\n\t<meta property=\"og:image:width\" content=\"2560\" \/>\n\t<meta property=\"og:image:height\" content=\"1920\" \/>\n\t<meta property=\"og:image:type\" content=\"image\/jpeg\" \/>\n<meta name=\"author\" content=\"Paco S\u00e1nchez\" \/>\n<meta name=\"twitter:card\" content=\"summary_large_image\" \/>\n<meta name=\"twitter:label1\" content=\"Escrito por\" \/>\n\t<meta name=\"twitter:data1\" content=\"Paco S\u00e1nchez\" \/>\n\t<meta name=\"twitter:label2\" content=\"Tiempo de lectura\" \/>\n\t<meta name=\"twitter:data2\" content=\"2 minutos\" \/>\n<script type=\"application\/ld+json\" class=\"yoast-schema-graph\">{\"@context\":\"https:\\\/\\\/schema.org\",\"@graph\":[{\"@type\":\"Article\",\"@id\":\"https:\\\/\\\/arealorcaradio.es\\\/index.php\\\/2024\\\/04\\\/10\\\/puerto-lumbreras-alberga-este-fin-de-semana-la-ix-feria-de-coleccionismo\\\/#article\",\"isPartOf\":{\"@id\":\"https:\\\/\\\/arealorcaradio.es\\\/index.php\\\/2024\\\/04\\\/10\\\/puerto-lumbreras-alberga-este-fin-de-semana-la-ix-feria-de-coleccionismo\\\/\"},\"author\":{\"name\":\"Paco S\u00e1nchez\",\"@id\":\"https:\\\/\\\/arealorcaradio.es\\\/#\\\/schema\\\/person\\\/9fae605fc25b0f2c83c1ab207139bd27\"},\"headline\":\"Puerto Lumbreras alberga este fin de semana la IX Feria de Coleccionismo.\",\"datePublished\":\"2024-04-10T07:54:39+00:00\",\"mainEntityOfPage\":{\"@id\":\"https:\\\/\\\/arealorcaradio.es\\\/index.php\\\/2024\\\/04\\\/10\\\/puerto-lumbreras-alberga-este-fin-de-semana-la-ix-feria-de-coleccionismo\\\/\"},\"wordCount\":68,\"commentCount\":0,\"image\":{\"@id\":\"https:\\\/\\\/arealorcaradio.es\\\/index.php\\\/2024\\\/04\\\/10\\\/puerto-lumbreras-alberga-este-fin-de-semana-la-ix-feria-de-coleccionismo\\\/#primaryimage\"},\"thumbnailUrl\":\"https:\\\/\\\/arealorcaradio.es\\\/wp-content\\\/uploads\\\/2024\\\/04\\\/20240409_175926-1-scaled.jpg\",\"articleSection\":[\"ACTUALIDAD\",\"PUERTO LUMBRERAS\"],\"inLanguage\":\"es\",\"potentialAction\":[{\"@type\":\"CommentAction\",\"name\":\"Comment\",\"target\":[\"https:\\\/\\\/arealorcaradio.es\\\/index.php\\\/2024\\\/04\\\/10\\\/puerto-lumbreras-alberga-este-fin-de-semana-la-ix-feria-de-coleccionismo\\\/#respond\"]}]},{\"@type\":\"WebPage\",\"@id\":\"https:\\\/\\\/arealorcaradio.es\\\/index.php\\\/2024\\\/04\\\/10\\\/puerto-lumbreras-alberga-este-fin-de-semana-la-ix-feria-de-coleccionismo\\\/\",\"url\":\"https:\\\/\\\/arealorcaradio.es\\\/index.php\\\/2024\\\/04\\\/10\\\/puerto-lumbreras-alberga-este-fin-de-semana-la-ix-feria-de-coleccionismo\\\/\",\"name\":\"Puerto Lumbreras alberga este fin de semana la IX Feria de Coleccionismo. - AREA LORCA RADIO\",\"isPartOf\":{\"@id\":\"https:\\\/\\\/arealorcaradio.es\\\/#website\"},\"primaryImageOfPage\":{\"@id\":\"https:\\\/\\\/arealorcaradio.es\\\/index.php\\\/2024\\\/04\\\/10\\\/puerto-lumbreras-alberga-este-fin-de-semana-la-ix-feria-de-coleccionismo\\\/#primaryimage\"},\"image\":{\"@id\":\"https:\\\/\\\/arealorcaradio.es\\\/index.php\\\/2024\\\/04\\\/10\\\/puerto-lumbreras-alberga-este-fin-de-semana-la-ix-feria-de-coleccionismo\\\/#primaryimage\"},\"thumbnailUrl\":\"https:\\\/\\\/arealorcaradio.es\\\/wp-content\\\/uploads\\\/2024\\\/04\\\/20240409_175926-1-scaled.jpg\",\"datePublished\":\"2024-04-10T07:54:39+00:00\",\"author\":{\"@id\":\"https:\\\/\\\/arealorcaradio.es\\\/#\\\/schema\\\/person\\\/9fae605fc25b0f2c83c1ab207139bd27\"},\"breadcrumb\":{\"@id\":\"https:\\\/\\\/arealorcaradio.es\\\/index.php\\\/2024\\\/04\\\/10\\\/puerto-lumbreras-alberga-este-fin-de-semana-la-ix-feria-de-coleccionismo\\\/#breadcrumb\"},\"inLanguage\":\"es\",\"potentialAction\":[{\"@type\":\"ReadAction\",\"target\":[\"https:\\\/\\\/arealorcaradio.es\\\/index.php\\\/2024\\\/04\\\/10\\\/puerto-lumbreras-alberga-este-fin-de-semana-la-ix-feria-de-coleccionismo\\\/\"]}]},{\"@type\":\"ImageObject\",\"inLanguage\":\"es\",\"@id\":\"https:\\\/\\\/arealorcaradio.es\\\/index.php\\\/2024\\\/04\\\/10\\\/puerto-lumbreras-alberga-este-fin-de-semana-la-ix-feria-de-coleccionismo\\\/#primaryimage\",\"url\":\"https:\\\/\\\/arealorcaradio.es\\\/wp-content\\\/uploads\\\/2024\\\/04\\\/20240409_175926-1-scaled.jpg\",\"contentUrl\":\"https:\\\/\\\/arealorcaradio.es\\\/wp-content\\\/uploads\\\/2024\\\/04\\\/20240409_175926-1-scaled.jpg\",\"width\":2560,\"height\":1920},{\"@type\":\"BreadcrumbList\",\"@id\":\"https:\\\/\\\/arealorcaradio.es\\\/index.php\\\/2024\\\/04\\\/10\\\/puerto-lumbreras-alberga-este-fin-de-semana-la-ix-feria-de-coleccionismo\\\/#breadcrumb\",\"itemListElement\":[{\"@type\":\"ListItem\",\"position\":1,\"name\":\"Portada\",\"item\":\"https:\\\/\\\/arealorcaradio.es\\\/\"},{\"@type\":\"ListItem\",\"position\":2,\"name\":\"Puerto Lumbreras alberga este fin de semana la IX Feria de Coleccionismo.\"}]},{\"@type\":\"WebSite\",\"@id\":\"https:\\\/\\\/arealorcaradio.es\\\/#website\",\"url\":\"https:\\\/\\\/arealorcaradio.es\\\/\",\"name\":\"AREA LORCA RADIO\",\"description\":\"Descubre la programaci\u00f3n actual en \u00c1rea Lorca Radio, tu fuente de entrenamiento y noticias locales. Sintoniza ahora y mantente conectado online.\",\"potentialAction\":[{\"@type\":\"SearchAction\",\"target\":{\"@type\":\"EntryPoint\",\"urlTemplate\":\"https:\\\/\\\/arealorcaradio.es\\\/?s={search_term_string}\"},\"query-input\":{\"@type\":\"PropertyValueSpecification\",\"valueRequired\":true,\"valueName\":\"search_term_string\"}}],\"inLanguage\":\"es\"},{\"@type\":\"Person\",\"@id\":\"https:\\\/\\\/arealorcaradio.es\\\/#\\\/schema\\\/person\\\/9fae605fc25b0f2c83c1ab207139bd27\",\"name\":\"Paco S\u00e1nchez\",\"image\":{\"@type\":\"ImageObject\",\"inLanguage\":\"es\",\"@id\":\"https:\\\/\\\/secure.gravatar.com\\\/avatar\\\/d67144e966420fb74aa84c9f2a0103be4724fd14db52b52d3b6bca749f257e79?s=96&d=mm&r=g\",\"url\":\"https:\\\/\\\/secure.gravatar.com\\\/avatar\\\/d67144e966420fb74aa84c9f2a0103be4724fd14db52b52d3b6bca749f257e79?s=96&d=mm&r=g\",\"contentUrl\":\"https:\\\/\\\/secure.gravatar.com\\\/avatar\\\/d67144e966420fb74aa84c9f2a0103be4724fd14db52b52d3b6bca749f257e79?s=96&d=mm&r=g\",\"caption\":\"Paco S\u00e1nchez\"},\"sameAs\":[\"https:\\\/\\\/arealorcaradio.es\"],\"url\":\"https:\\\/\\\/arealorcaradio.es\\\/index.php\\\/author\\\/admin_alorcaradio\\\/\"}]}<\/script>\n<!-- \/ Yoast SEO plugin. -->","yoast_head_json":{"title":"Puerto Lumbreras alberga este fin de semana la IX Feria de Coleccionismo. - AREA LORCA RADIO","robots":{"index":"index","follow":"follow","max-snippet":"max-snippet:-1","max-image-preview":"max-image-preview:large","max-video-preview":"max-video-preview:-1"},"canonical":"https:\/\/arealorcaradio.es\/index.php\/2024\/04\/10\/puerto-lumbreras-alberga-este-fin-de-semana-la-ix-feria-de-coleccionismo\/","og_locale":"es_ES","og_type":"article","og_title":"Puerto Lumbreras alberga este fin de semana la IX Feria de Coleccionismo. - AREA LORCA RADIO","og_description":"\u00c1REA LORCA RADIO. Escucha aqu\u00ed la entrevista que ha concedido a Paco S\u00e1nchez en el magazine \u00c1rea Lorca Actualidad, Juan Antonio Mart\u00ednez Fern\u00e1ndez, presidente de la Asociaci\u00f3n Nacional de Coleccionistas Recuerdos, organizador de esta IX Feria de Coleccionismo Puerto Lumbreras 2024. \u00a0 \u00a0 \u00a0 \u00a0 &nbsp;","og_url":"https:\/\/arealorcaradio.es\/index.php\/2024\/04\/10\/puerto-lumbreras-alberga-este-fin-de-semana-la-ix-feria-de-coleccionismo\/","og_site_name":"AREA LORCA RADIO","article_published_time":"2024-04-10T07:54:39+00:00","og_image":[{"width":2560,"height":1920,"url":"https:\/\/arealorcaradio.es\/wp-content\/uploads\/2024\/04\/20240409_175926-1-scaled.jpg","type":"image\/jpeg"}],"author":"Paco S\u00e1nchez","twitter_card":"summary_large_image","twitter_misc":{"Escrito por":"Paco S\u00e1nchez","Tiempo de lectura":"2 minutos"},"schema":{"@context":"https:\/\/schema.org","@graph":[{"@type":"Article","@id":"https:\/\/arealorcaradio.es\/index.php\/2024\/04\/10\/puerto-lumbreras-alberga-este-fin-de-semana-la-ix-feria-de-coleccionismo\/#article","isPartOf":{"@id":"https:\/\/arealorcaradio.es\/index.php\/2024\/04\/10\/puerto-lumbreras-alberga-este-fin-de-semana-la-ix-feria-de-coleccionismo\/"},"author":{"name":"Paco S\u00e1nchez","@id":"https:\/\/arealorcaradio.es\/#\/schema\/person\/9fae605fc25b0f2c83c1ab207139bd27"},"headline":"Puerto Lumbreras alberga este fin de semana la IX Feria de Coleccionismo.","datePublished":"2024-04-10T07:54:39+00:00","mainEntityOfPage":{"@id":"https:\/\/arealorcaradio.es\/index.php\/2024\/04\/10\/puerto-lumbreras-alberga-este-fin-de-semana-la-ix-feria-de-coleccionismo\/"},"wordCount":68,"commentCount":0,"image":{"@id":"https:\/\/arealorcaradio.es\/index.php\/2024\/04\/10\/puerto-lumbreras-alberga-este-fin-de-semana-la-ix-feria-de-coleccionismo\/#primaryimage"},"thumbnailUrl":"https:\/\/arealorcaradio.es\/wp-content\/uploads\/2024\/04\/20240409_175926-1-scaled.jpg","articleSection":["ACTUALIDAD","PUERTO LUMBRERAS"],"inLanguage":"es","potentialAction":[{"@type":"CommentAction","name":"Comment","target":["https:\/\/arealorcaradio.es\/index.php\/2024\/04\/10\/puerto-lumbreras-alberga-este-fin-de-semana-la-ix-feria-de-coleccionismo\/#respond"]}]},{"@type":"WebPage","@id":"https:\/\/arealorcaradio.es\/index.php\/2024\/04\/10\/puerto-lumbreras-alberga-este-fin-de-semana-la-ix-feria-de-coleccionismo\/","url":"https:\/\/arealorcaradio.es\/index.php\/2024\/04\/10\/puerto-lumbreras-alberga-este-fin-de-semana-la-ix-feria-de-coleccionismo\/","name":"Puerto Lumbreras alberga este fin de semana la IX Feria de Coleccionismo. - AREA LORCA RADIO","isPartOf":{"@id":"https:\/\/arealorcaradio.es\/#website"},"primaryImageOfPage":{"@id":"https:\/\/arealorcaradio.es\/index.php\/2024\/04\/10\/puerto-lumbreras-alberga-este-fin-de-semana-la-ix-feria-de-coleccionismo\/#primaryimage"},"image":{"@id":"https:\/\/arealorcaradio.es\/index.php\/2024\/04\/10\/puerto-lumbreras-alberga-este-fin-de-semana-la-ix-feria-de-coleccionismo\/#primaryimage"},"thumbnailUrl":"https:\/\/arealorcaradio.es\/wp-content\/uploads\/2024\/04\/20240409_175926-1-scaled.jpg","datePublished":"2024-04-10T07:54:39+00:00","author":{"@id":"https:\/\/arealorcaradio.es\/#\/schema\/person\/9fae605fc25b0f2c83c1ab207139bd27"},"breadcrumb":{"@id":"https:\/\/arealorcaradio.es\/index.php\/2024\/04\/10\/puerto-lumbreras-alberga-este-fin-de-semana-la-ix-feria-de-coleccionismo\/#breadcrumb"},"inLanguage":"es","potentialAction":[{"@type":"ReadAction","target":["https:\/\/arealorcaradio.es\/index.php\/2024\/04\/10\/puerto-lumbreras-alberga-este-fin-de-semana-la-ix-feria-de-coleccionismo\/"]}]},{"@type":"ImageObject","inLanguage":"es","@id":"https:\/\/arealorcaradio.es\/index.php\/2024\/04\/10\/puerto-lumbreras-alberga-este-fin-de-semana-la-ix-feria-de-coleccionismo\/#primaryimage","url":"https:\/\/arealorcaradio.es\/wp-content\/uploads\/2024\/04\/20240409_175926-1-scaled.jpg","contentUrl":"https:\/\/arealorcaradio.es\/wp-content\/uploads\/2024\/04\/20240409_175926-1-scaled.jpg","width":2560,"height":1920},{"@type":"BreadcrumbList","@id":"https:\/\/arealorcaradio.es\/index.php\/2024\/04\/10\/puerto-lumbreras-alberga-este-fin-de-semana-la-ix-feria-de-coleccionismo\/#breadcrumb","itemListElement":[{"@type":"ListItem","position":1,"name":"Portada","item":"https:\/\/arealorcaradio.es\/"},{"@type":"ListItem","position":2,"name":"Puerto Lumbreras alberga este fin de semana la IX Feria de Coleccionismo."}]},{"@type":"WebSite","@id":"https:\/\/arealorcaradio.es\/#website","url":"https:\/\/arealorcaradio.es\/","name":"AREA LORCA RADIO","description":"Descubre la programaci\u00f3n actual en \u00c1rea Lorca Radio, tu fuente de entrenamiento y noticias locales. Sintoniza ahora y mantente conectado online.","potentialAction":[{"@type":"SearchAction","target":{"@type":"EntryPoint","urlTemplate":"https:\/\/arealorcaradio.es\/?s={search_term_string}"},"query-input":{"@type":"PropertyValueSpecification","valueRequired":true,"valueName":"search_term_string"}}],"inLanguage":"es"},{"@type":"Person","@id":"https:\/\/arealorcaradio.es\/#\/schema\/person\/9fae605fc25b0f2c83c1ab207139bd27","name":"Paco S\u00e1nchez","image":{"@type":"ImageObject","inLanguage":"es","@id":"https:\/\/secure.gravatar.com\/avatar\/d67144e966420fb74aa84c9f2a0103be4724fd14db52b52d3b6bca749f257e79?s=96&d=mm&r=g","url":"https:\/\/secure.gravatar.com\/avatar\/d67144e966420fb74aa84c9f2a0103be4724fd14db52b52d3b6bca749f257e79?s=96&d=mm&r=g","contentUrl":"https:\/\/secure.gravatar.com\/avatar\/d67144e966420fb74aa84c9f2a0103be4724fd14db52b52d3b6bca749f257e79?s=96&d=mm&r=g","caption":"Paco S\u00e1nchez"},"sameAs":["https:\/\/arealorcaradio.es"],"url":"https:\/\/arealorcaradio.es\/index.php\/author\/admin_alorcaradio\/"}]}},"_links":{"self":[{"href":"https:\/\/arealorcaradio.es\/index.php\/wp-json\/wp\/v2\/posts\/2881","targetHints":{"allow":["GET"]}}],"collection":[{"href":"https:\/\/arealorcaradio.es\/index.php\/wp-json\/wp\/v2\/posts"}],"about":[{"href":"https:\/\/arealorcaradio.es\/index.php\/wp-json\/wp\/v2\/types\/post"}],"author":[{"embeddable":true,"href":"https:\/\/arealorcaradio.es\/index.php\/wp-json\/wp\/v2\/users\/1"}],"replies":[{"embeddable":true,"href":"https:\/\/arealorcaradio.es\/index.php\/wp-json\/wp\/v2\/comments?post=2881"}],"version-history":[{"count":2,"href":"https:\/\/arealorcaradio.es\/index.php\/wp-json\/wp\/v2\/posts\/2881\/revisions"}],"predecessor-version":[{"id":2898,"href":"https:\/\/arealorcaradio.es\/index.php\/wp-json\/wp\/v2\/posts\/2881\/revisions\/2898"}],"wp:featuredmedia":[{"embeddable":true,"href":"https:\/\/arealorcaradio.es\/index.php\/wp-json\/wp\/v2\/media\/2899"}],"wp:attachment":[{"href":"https:\/\/arealorcaradio.es\/index.php\/wp-json\/wp\/v2\/media?parent=2881"}],"wp:term":[{"taxonomy":"category","embeddable":true,"href":"https:\/\/arealorcaradio.es\/index.php\/wp-json\/wp\/v2\/categories?post=2881"},{"taxonomy":"post_tag","embeddable":true,"href":"https:\/\/arealorcaradio.es\/index.php\/wp-json\/wp\/v2\/tags?post=2881"}],"curies":[{"name":"wp","href":"https:\/\/api.w.org\/{rel}","templated":true}]}}