{"id":2753,"date":"2024-03-20T13:19:03","date_gmt":"2024-03-20T13:19:03","guid":{"rendered":"https:\/\/arealorcaradio.es\/?p=2753"},"modified":"2024-03-20T13:38:48","modified_gmt":"2024-03-20T13:38:48","slug":"el-gobierno-regional-amplia-las-urgencias-del-hospital-rafael-mendez-de-lorca-con-10-nuevos-boxes-y-mas-espacios-para-los-pacientes","status":"publish","type":"post","link":"https:\/\/arealorcaradio.es\/index.php\/2024\/03\/20\/el-gobierno-regional-amplia-las-urgencias-del-hospital-rafael-mendez-de-lorca-con-10-nuevos-boxes-y-mas-espacios-para-los-pacientes\/","title":{"rendered":"El Gobierno regional ampl\u00eda las Urgencias del Hospital Rafael M\u00e9ndez de Lorca con 10 nuevos boxes y m\u00e1s espacios para los pacientes."},"content":{"rendered":"<p>\u00c1REA LORCA RADIO.<\/p>\n<p class=\"v1MsoNormal\"><b><\/b><span lang=\"ES-TRAD\">El presidente del Gobierno regional, Fernando L\u00f3pez Miras, inaugur\u00f3 hoy las nuevas Urgencias del Hospital Rafael M\u00e9ndez de Lorca, cuyo espacio ha sido duplicado hasta alcanzar los 2.000 metros cuadrados gracias a una inversi\u00f3n de 1,5 millones de euros. A esto se suma la renovaci\u00f3n del mobiliario y la incorporaci\u00f3n del equipamiento cl\u00ednico necesario.\u00a0<\/span><\/p>\n<p class=\"v1MsoNormal\"><span lang=\"ES-TRAD\">\u201cHemos ampliado en un 70 por ciento la zona para Urgencias, y ahora este espacio va a ser m\u00e1s completo, m\u00e1s polivalente, y eso va a traducirse en m\u00e1s comodidad y un mejor servicio al usuario\u201d, resalt\u00f3 el presidente.<\/span><\/p>\n<p class=\"v1MsoNormal\"><span lang=\"ES-TRAD\">De esta manera, el servicio de Urgencias cuenta ahora con diez boxes de exploraci\u00f3n m\u00e1s, por lo que el Rafael M\u00e9ndez pasa a disponer de 22 puestos de atenci\u00f3n urgente y m\u00e1s del doble de espacio para asistir a pacientes adultos y pedi\u00e1tricos.<\/span><\/p>\n<p class=\"v1MsoNormal\"><span lang=\"ES-TRAD\">\u201cHoy damos una nueva muestra del compromiso inequ\u00edvoco del Ejecutivo auton\u00f3mico con algo tan importante como la salud de los ciudadanos de la Regi\u00f3n\u201d, afirm\u00f3 L\u00f3pez Miras, quien agreg\u00f3 que la renovaci\u00f3n de las Urgencias del Rafael M\u00e9ndez trae consigo \u201czonas m\u00e1s amplias y mejores equipamientos para nuestros profesionales sanitarios\u201d.<\/span><\/p>\n<p class=\"v1MsoNormal\"><span lang=\"ES-TRAD\">Las obras, ejecutadas gracias a\u00a0<\/span><span lang=\"ES-TRAD\">fondos europeos Feder,\u00a0beneficiar\u00e1n no s\u00f3lo a los usuarios de Lorca, sino tambi\u00e9n a los de \u00c1guilas, Puerto Lumbreras, Totana y Aledo, ya que se trata del hospital de referencia del \u00c1rea III de Salud.<\/span><\/p>\n<p class=\"v1MsoNormal\"><span lang=\"ES-TRAD\">Adem\u00e1s, se han renovado las instalaciones para albergar dos salas de espera diferenciadas para adultos con patolog\u00eda respiratoria infecciosa y no infecciosa; zona polivalente de preingreso, observaci\u00f3n, y reanimaci\u00f3n; sala de cuidados medios, boxes multiuso y de paliativos, y zona de control de monitores.<\/span><\/p>\n<p class=\"v1MsoNormal\"><b>Segunda fase de ampliaci\u00f3n de Urgencias<\/b><\/p>\n<p class=\"v1MsoNormal\"><span lang=\"ES-TRAD\">Las obras hoy inauguradas corresponden a la segunda fase de ampliaci\u00f3n del servicio de Urgencias del hospital. La primera fase concluy\u00f3 en la primavera de 2021, y entonces el proyecto se centr\u00f3 en mejorar la atenci\u00f3n de los menores, separando las Urgencias Pedi\u00e1tricas de las de adultos.<\/span><\/p>\n<p class=\"v1MsoNormal\"><span lang=\"ES-TRAD\">El hospital se dot\u00f3 de dos salas de espera con aseos para los menores, de manera que su estancia en el hospital fuera m\u00e1s c\u00f3moda para ellos y sus familias. Asimismo, se instalaron tres boxes de atenci\u00f3n m\u00e1s, espacios para los facultativos y una sala de juntas, y se ampli\u00f3 la sala de observaci\u00f3n pedi\u00e1trica.<\/span><\/p>\n<p class=\"v1MsoNormal\"><b>Aumento de la actividad del hospital<\/b><\/p>\n<p class=\"v1MsoNormal\"><span lang=\"ES-TRAD\">El Hospital Rafael M\u00e9ndez de Lorca atiende a una poblaci\u00f3n de m\u00e1s de 180.000 personas. Seg\u00fan los datos del Servicio Murciano de Salud (SMS), el a\u00f1o pasado se atendieron en Urgencias a 112.475 personas, de las que 91.889 fueron adultos y el resto, ni\u00f1os.<\/span><\/p>\n<p class=\"v1MsoNormal\"><span lang=\"ES-TRAD\">Los datos tambi\u00e9n reflejan que la actividad general del centro de referencia del \u00e1rea III de Salud aument\u00f3 en 2023 respecto al a\u00f1o anterior. As\u00ed, en 2023 se realizaron un 24,16 por ciento m\u00e1s de pruebas diagn\u00f3sticas (12.700 frente a las 10.200 del a\u00f1o anterior), y la actividad quir\u00fargica aument\u00f3 un 9,8 por ciento (se realizaron m\u00e1s de 8.000 cirug\u00edas).<\/span><\/p>\n<p class=\"v1MsoNormal\"><span lang=\"ES-TRAD\">En cuanto las consultas externas, el a\u00f1o pasado se llevaron a cabo unas 267.000, 18.000 m\u00e1s que en 2022.<\/span><\/p>\n<p>GALERIA DE FOTOS DE LAS NUEVAS URGENCIAS DEL HOSPITAL RAFAEL M\u00c9NDEZ.<\/p>\n<p><img loading=\"lazy\" decoding=\"async\" class=\"alignnone size-medium wp-image-2756\" src=\"https:\/\/arealorcaradio.es\/wp-content\/uploads\/2024\/03\/20240320_100713-300x225.jpg\" alt=\"\" width=\"300\" height=\"225\" srcset=\"https:\/\/arealorcaradio.es\/wp-content\/uploads\/2024\/03\/20240320_100713-300x225.jpg 300w, https:\/\/arealorcaradio.es\/wp-content\/uploads\/2024\/03\/20240320_100713-1024x768.jpg 1024w, https:\/\/arealorcaradio.es\/wp-content\/uploads\/2024\/03\/20240320_100713-768x576.jpg 768w, https:\/\/arealorcaradio.es\/wp-content\/uploads\/2024\/03\/20240320_100713-1536x1152.jpg 1536w, https:\/\/arealorcaradio.es\/wp-content\/uploads\/2024\/03\/20240320_100713-2048x1536.jpg 2048w, https:\/\/arealorcaradio.es\/wp-content\/uploads\/2024\/03\/20240320_100713-86x64.jpg 86w\" sizes=\"auto, (max-width: 300px) 100vw, 300px\" \/> <img loading=\"lazy\" decoding=\"async\" class=\"alignnone size-medium wp-image-2757\" src=\"https:\/\/arealorcaradio.es\/wp-content\/uploads\/2024\/03\/20240320_100635-300x225.jpg\" alt=\"\" width=\"300\" height=\"225\" srcset=\"https:\/\/arealorcaradio.es\/wp-content\/uploads\/2024\/03\/20240320_100635-300x225.jpg 300w, https:\/\/arealorcaradio.es\/wp-content\/uploads\/2024\/03\/20240320_100635-1024x768.jpg 1024w, https:\/\/arealorcaradio.es\/wp-content\/uploads\/2024\/03\/20240320_100635-768x576.jpg 768w, https:\/\/arealorcaradio.es\/wp-content\/uploads\/2024\/03\/20240320_100635-1536x1152.jpg 1536w, https:\/\/arealorcaradio.es\/wp-content\/uploads\/2024\/03\/20240320_100635-2048x1536.jpg 2048w, https:\/\/arealorcaradio.es\/wp-content\/uploads\/2024\/03\/20240320_100635-86x64.jpg 86w\" sizes=\"auto, (max-width: 300px) 100vw, 300px\" \/> <img loading=\"lazy\" decoding=\"async\" class=\"alignnone size-medium wp-image-2759\" src=\"https:\/\/arealorcaradio.es\/wp-content\/uploads\/2024\/03\/20240320_100441-1-300x225.jpg\" alt=\"\" width=\"300\" height=\"225\" srcset=\"https:\/\/arealorcaradio.es\/wp-content\/uploads\/2024\/03\/20240320_100441-1-300x225.jpg 300w, https:\/\/arealorcaradio.es\/wp-content\/uploads\/2024\/03\/20240320_100441-1-1024x768.jpg 1024w, https:\/\/arealorcaradio.es\/wp-content\/uploads\/2024\/03\/20240320_100441-1-768x576.jpg 768w, https:\/\/arealorcaradio.es\/wp-content\/uploads\/2024\/03\/20240320_100441-1-1536x1152.jpg 1536w, https:\/\/arealorcaradio.es\/wp-content\/uploads\/2024\/03\/20240320_100441-1-2048x1536.jpg 2048w, https:\/\/arealorcaradio.es\/wp-content\/uploads\/2024\/03\/20240320_100441-1-86x64.jpg 86w\" sizes=\"auto, (max-width: 300px) 100vw, 300px\" \/> <img loading=\"lazy\" decoding=\"async\" class=\"alignnone size-medium wp-image-2760\" src=\"https:\/\/arealorcaradio.es\/wp-content\/uploads\/2024\/03\/20240320_100501-300x225.jpg\" alt=\"\" width=\"300\" height=\"225\" srcset=\"https:\/\/arealorcaradio.es\/wp-content\/uploads\/2024\/03\/20240320_100501-300x225.jpg 300w, https:\/\/arealorcaradio.es\/wp-content\/uploads\/2024\/03\/20240320_100501-1024x768.jpg 1024w, https:\/\/arealorcaradio.es\/wp-content\/uploads\/2024\/03\/20240320_100501-768x576.jpg 768w, https:\/\/arealorcaradio.es\/wp-content\/uploads\/2024\/03\/20240320_100501-1536x1152.jpg 1536w, https:\/\/arealorcaradio.es\/wp-content\/uploads\/2024\/03\/20240320_100501-2048x1536.jpg 2048w, https:\/\/arealorcaradio.es\/wp-content\/uploads\/2024\/03\/20240320_100501-86x64.jpg 86w\" sizes=\"auto, (max-width: 300px) 100vw, 300px\" \/> <img loading=\"lazy\" decoding=\"async\" class=\"alignnone size-medium wp-image-2761\" src=\"https:\/\/arealorcaradio.es\/wp-content\/uploads\/2024\/03\/20240320_100519-300x225.jpg\" alt=\"\" width=\"300\" height=\"225\" srcset=\"https:\/\/arealorcaradio.es\/wp-content\/uploads\/2024\/03\/20240320_100519-300x225.jpg 300w, https:\/\/arealorcaradio.es\/wp-content\/uploads\/2024\/03\/20240320_100519-1024x768.jpg 1024w, https:\/\/arealorcaradio.es\/wp-content\/uploads\/2024\/03\/20240320_100519-768x576.jpg 768w, https:\/\/arealorcaradio.es\/wp-content\/uploads\/2024\/03\/20240320_100519-1536x1152.jpg 1536w, https:\/\/arealorcaradio.es\/wp-content\/uploads\/2024\/03\/20240320_100519-2048x1536.jpg 2048w, https:\/\/arealorcaradio.es\/wp-content\/uploads\/2024\/03\/20240320_100519-86x64.jpg 86w\" sizes=\"auto, (max-width: 300px) 100vw, 300px\" \/> <img loading=\"lazy\" decoding=\"async\" class=\"alignnone size-medium wp-image-2764\" src=\"https:\/\/arealorcaradio.es\/wp-content\/uploads\/2024\/03\/20240320_100457-300x225.jpg\" alt=\"\" width=\"300\" height=\"225\" srcset=\"https:\/\/arealorcaradio.es\/wp-content\/uploads\/2024\/03\/20240320_100457-300x225.jpg 300w, https:\/\/arealorcaradio.es\/wp-content\/uploads\/2024\/03\/20240320_100457-1024x768.jpg 1024w, https:\/\/arealorcaradio.es\/wp-content\/uploads\/2024\/03\/20240320_100457-768x576.jpg 768w, https:\/\/arealorcaradio.es\/wp-content\/uploads\/2024\/03\/20240320_100457-1536x1152.jpg 1536w, https:\/\/arealorcaradio.es\/wp-content\/uploads\/2024\/03\/20240320_100457-2048x1536.jpg 2048w, https:\/\/arealorcaradio.es\/wp-content\/uploads\/2024\/03\/20240320_100457-86x64.jpg 86w\" sizes=\"auto, (max-width: 300px) 100vw, 300px\" \/> <img loading=\"lazy\" decoding=\"async\" class=\"alignnone size-medium wp-image-2763\" src=\"https:\/\/arealorcaradio.es\/wp-content\/uploads\/2024\/03\/20240320_105543-300x225.jpg\" alt=\"\" width=\"300\" height=\"225\" srcset=\"https:\/\/arealorcaradio.es\/wp-content\/uploads\/2024\/03\/20240320_105543-300x225.jpg 300w, https:\/\/arealorcaradio.es\/wp-content\/uploads\/2024\/03\/20240320_105543-1024x768.jpg 1024w, https:\/\/arealorcaradio.es\/wp-content\/uploads\/2024\/03\/20240320_105543-768x576.jpg 768w, https:\/\/arealorcaradio.es\/wp-content\/uploads\/2024\/03\/20240320_105543-1536x1152.jpg 1536w, https:\/\/arealorcaradio.es\/wp-content\/uploads\/2024\/03\/20240320_105543-2048x1536.jpg 2048w, https:\/\/arealorcaradio.es\/wp-content\/uploads\/2024\/03\/20240320_105543-86x64.jpg 86w\" sizes=\"auto, (max-width: 300px) 100vw, 300px\" \/><\/p>\n","protected":false},"excerpt":{"rendered":"<p>\u00c1REA LORCA RADIO. El presidente del Gobierno regional, Fernando L\u00f3pez Miras, inaugur\u00f3 hoy las nuevas Urgencias del Hospital Rafael M\u00e9ndez de Lorca, cuyo espacio ha sido duplicado hasta alcanzar los 2.000 metros cuadrados gracias a una inversi\u00f3n de 1,5 millones de euros. A esto se suma la renovaci\u00f3n del mobiliario y la incorporaci\u00f3n del equipamiento [&hellip;]<\/p>\n","protected":false},"author":1,"featured_media":2754,"comment_status":"open","ping_status":"open","sticky":false,"template":"","format":"standard","meta":{"iawp_total_views":4,"footnotes":""},"categories":[5,7],"tags":[],"class_list":["post-2753","post","type-post","status-publish","format-standard","has-post-thumbnail","hentry","category-actualidad","category-lorca"],"yoast_head":"<!-- This site is optimized with the Yoast SEO plugin v27.5 - https:\/\/yoast.com\/product\/yoast-seo-wordpress\/ -->\n<title>El Gobierno regional ampl\u00eda las Urgencias del Hospital Rafael M\u00e9ndez de Lorca con 10 nuevos boxes y m\u00e1s espacios para los pacientes. - AREA LORCA RADIO<\/title>\n<meta name=\"robots\" content=\"index, follow, max-snippet:-1, max-image-preview:large, max-video-preview:-1\" \/>\n<link rel=\"canonical\" href=\"https:\/\/arealorcaradio.es\/index.php\/2024\/03\/20\/el-gobierno-regional-amplia-las-urgencias-del-hospital-rafael-mendez-de-lorca-con-10-nuevos-boxes-y-mas-espacios-para-los-pacientes\/\" \/>\n<meta property=\"og:locale\" content=\"es_ES\" \/>\n<meta property=\"og:type\" content=\"article\" \/>\n<meta property=\"og:title\" content=\"El Gobierno regional ampl\u00eda las Urgencias del Hospital Rafael M\u00e9ndez de Lorca con 10 nuevos boxes y m\u00e1s espacios para los pacientes. - AREA LORCA RADIO\" \/>\n<meta property=\"og:description\" content=\"\u00c1REA LORCA RADIO. El presidente del Gobierno regional, Fernando L\u00f3pez Miras, inaugur\u00f3 hoy las nuevas Urgencias del Hospital Rafael M\u00e9ndez de Lorca, cuyo espacio ha sido duplicado hasta alcanzar los 2.000 metros cuadrados gracias a una inversi\u00f3n de 1,5 millones de euros. A esto se suma la renovaci\u00f3n del mobiliario y la incorporaci\u00f3n del equipamiento [&hellip;]\" \/>\n<meta property=\"og:url\" content=\"https:\/\/arealorcaradio.es\/index.php\/2024\/03\/20\/el-gobierno-regional-amplia-las-urgencias-del-hospital-rafael-mendez-de-lorca-con-10-nuevos-boxes-y-mas-espacios-para-los-pacientes\/\" \/>\n<meta property=\"og:site_name\" content=\"AREA LORCA RADIO\" \/>\n<meta property=\"article:published_time\" content=\"2024-03-20T13:19:03+00:00\" \/>\n<meta property=\"article:modified_time\" content=\"2024-03-20T13:38:48+00:00\" \/>\n<meta property=\"og:image\" content=\"https:\/\/arealorcaradio.es\/wp-content\/uploads\/2024\/03\/20240320-AmpliacionUrgenciasLorca-scaled.jpg\" \/>\n\t<meta property=\"og:image:width\" content=\"2560\" \/>\n\t<meta property=\"og:image:height\" content=\"1799\" \/>\n\t<meta property=\"og:image:type\" content=\"image\/jpeg\" \/>\n<meta name=\"author\" content=\"Paco S\u00e1nchez\" \/>\n<meta name=\"twitter:card\" content=\"summary_large_image\" \/>\n<meta name=\"twitter:label1\" content=\"Escrito por\" \/>\n\t<meta name=\"twitter:data1\" content=\"Paco S\u00e1nchez\" \/>\n\t<meta name=\"twitter:label2\" content=\"Tiempo de lectura\" \/>\n\t<meta name=\"twitter:data2\" content=\"4 minutos\" \/>\n<script type=\"application\/ld+json\" class=\"yoast-schema-graph\">{\"@context\":\"https:\\\/\\\/schema.org\",\"@graph\":[{\"@type\":\"Article\",\"@id\":\"https:\\\/\\\/arealorcaradio.es\\\/index.php\\\/2024\\\/03\\\/20\\\/el-gobierno-regional-amplia-las-urgencias-del-hospital-rafael-mendez-de-lorca-con-10-nuevos-boxes-y-mas-espacios-para-los-pacientes\\\/#article\",\"isPartOf\":{\"@id\":\"https:\\\/\\\/arealorcaradio.es\\\/index.php\\\/2024\\\/03\\\/20\\\/el-gobierno-regional-amplia-las-urgencias-del-hospital-rafael-mendez-de-lorca-con-10-nuevos-boxes-y-mas-espacios-para-los-pacientes\\\/\"},\"author\":{\"name\":\"Paco S\u00e1nchez\",\"@id\":\"https:\\\/\\\/arealorcaradio.es\\\/#\\\/schema\\\/person\\\/9fae605fc25b0f2c83c1ab207139bd27\"},\"headline\":\"El Gobierno regional ampl\u00eda las Urgencias del Hospital Rafael M\u00e9ndez de Lorca con 10 nuevos boxes y m\u00e1s espacios para los pacientes.\",\"datePublished\":\"2024-03-20T13:19:03+00:00\",\"dateModified\":\"2024-03-20T13:38:48+00:00\",\"mainEntityOfPage\":{\"@id\":\"https:\\\/\\\/arealorcaradio.es\\\/index.php\\\/2024\\\/03\\\/20\\\/el-gobierno-regional-amplia-las-urgencias-del-hospital-rafael-mendez-de-lorca-con-10-nuevos-boxes-y-mas-espacios-para-los-pacientes\\\/\"},\"wordCount\":583,\"commentCount\":0,\"image\":{\"@id\":\"https:\\\/\\\/arealorcaradio.es\\\/index.php\\\/2024\\\/03\\\/20\\\/el-gobierno-regional-amplia-las-urgencias-del-hospital-rafael-mendez-de-lorca-con-10-nuevos-boxes-y-mas-espacios-para-los-pacientes\\\/#primaryimage\"},\"thumbnailUrl\":\"https:\\\/\\\/arealorcaradio.es\\\/wp-content\\\/uploads\\\/2024\\\/03\\\/20240320-AmpliacionUrgenciasLorca-scaled.jpg\",\"articleSection\":[\"ACTUALIDAD\",\"LORCA\"],\"inLanguage\":\"es\",\"potentialAction\":[{\"@type\":\"CommentAction\",\"name\":\"Comment\",\"target\":[\"https:\\\/\\\/arealorcaradio.es\\\/index.php\\\/2024\\\/03\\\/20\\\/el-gobierno-regional-amplia-las-urgencias-del-hospital-rafael-mendez-de-lorca-con-10-nuevos-boxes-y-mas-espacios-para-los-pacientes\\\/#respond\"]}]},{\"@type\":\"WebPage\",\"@id\":\"https:\\\/\\\/arealorcaradio.es\\\/index.php\\\/2024\\\/03\\\/20\\\/el-gobierno-regional-amplia-las-urgencias-del-hospital-rafael-mendez-de-lorca-con-10-nuevos-boxes-y-mas-espacios-para-los-pacientes\\\/\",\"url\":\"https:\\\/\\\/arealorcaradio.es\\\/index.php\\\/2024\\\/03\\\/20\\\/el-gobierno-regional-amplia-las-urgencias-del-hospital-rafael-mendez-de-lorca-con-10-nuevos-boxes-y-mas-espacios-para-los-pacientes\\\/\",\"name\":\"El Gobierno regional ampl\u00eda las Urgencias del Hospital Rafael M\u00e9ndez de Lorca con 10 nuevos boxes y m\u00e1s espacios para los pacientes. - AREA LORCA RADIO\",\"isPartOf\":{\"@id\":\"https:\\\/\\\/arealorcaradio.es\\\/#website\"},\"primaryImageOfPage\":{\"@id\":\"https:\\\/\\\/arealorcaradio.es\\\/index.php\\\/2024\\\/03\\\/20\\\/el-gobierno-regional-amplia-las-urgencias-del-hospital-rafael-mendez-de-lorca-con-10-nuevos-boxes-y-mas-espacios-para-los-pacientes\\\/#primaryimage\"},\"image\":{\"@id\":\"https:\\\/\\\/arealorcaradio.es\\\/index.php\\\/2024\\\/03\\\/20\\\/el-gobierno-regional-amplia-las-urgencias-del-hospital-rafael-mendez-de-lorca-con-10-nuevos-boxes-y-mas-espacios-para-los-pacientes\\\/#primaryimage\"},\"thumbnailUrl\":\"https:\\\/\\\/arealorcaradio.es\\\/wp-content\\\/uploads\\\/2024\\\/03\\\/20240320-AmpliacionUrgenciasLorca-scaled.jpg\",\"datePublished\":\"2024-03-20T13:19:03+00:00\",\"dateModified\":\"2024-03-20T13:38:48+00:00\",\"author\":{\"@id\":\"https:\\\/\\\/arealorcaradio.es\\\/#\\\/schema\\\/person\\\/9fae605fc25b0f2c83c1ab207139bd27\"},\"breadcrumb\":{\"@id\":\"https:\\\/\\\/arealorcaradio.es\\\/index.php\\\/2024\\\/03\\\/20\\\/el-gobierno-regional-amplia-las-urgencias-del-hospital-rafael-mendez-de-lorca-con-10-nuevos-boxes-y-mas-espacios-para-los-pacientes\\\/#breadcrumb\"},\"inLanguage\":\"es\",\"potentialAction\":[{\"@type\":\"ReadAction\",\"target\":[\"https:\\\/\\\/arealorcaradio.es\\\/index.php\\\/2024\\\/03\\\/20\\\/el-gobierno-regional-amplia-las-urgencias-del-hospital-rafael-mendez-de-lorca-con-10-nuevos-boxes-y-mas-espacios-para-los-pacientes\\\/\"]}]},{\"@type\":\"ImageObject\",\"inLanguage\":\"es\",\"@id\":\"https:\\\/\\\/arealorcaradio.es\\\/index.php\\\/2024\\\/03\\\/20\\\/el-gobierno-regional-amplia-las-urgencias-del-hospital-rafael-mendez-de-lorca-con-10-nuevos-boxes-y-mas-espacios-para-los-pacientes\\\/#primaryimage\",\"url\":\"https:\\\/\\\/arealorcaradio.es\\\/wp-content\\\/uploads\\\/2024\\\/03\\\/20240320-AmpliacionUrgenciasLorca-scaled.jpg\",\"contentUrl\":\"https:\\\/\\\/arealorcaradio.es\\\/wp-content\\\/uploads\\\/2024\\\/03\\\/20240320-AmpliacionUrgenciasLorca-scaled.jpg\",\"width\":2560,\"height\":1799},{\"@type\":\"BreadcrumbList\",\"@id\":\"https:\\\/\\\/arealorcaradio.es\\\/index.php\\\/2024\\\/03\\\/20\\\/el-gobierno-regional-amplia-las-urgencias-del-hospital-rafael-mendez-de-lorca-con-10-nuevos-boxes-y-mas-espacios-para-los-pacientes\\\/#breadcrumb\",\"itemListElement\":[{\"@type\":\"ListItem\",\"position\":1,\"name\":\"Portada\",\"item\":\"https:\\\/\\\/arealorcaradio.es\\\/\"},{\"@type\":\"ListItem\",\"position\":2,\"name\":\"El Gobierno regional ampl\u00eda las Urgencias del Hospital Rafael M\u00e9ndez de Lorca con 10 nuevos boxes y m\u00e1s espacios para los pacientes.\"}]},{\"@type\":\"WebSite\",\"@id\":\"https:\\\/\\\/arealorcaradio.es\\\/#website\",\"url\":\"https:\\\/\\\/arealorcaradio.es\\\/\",\"name\":\"AREA LORCA RADIO\",\"description\":\"Descubre la programaci\u00f3n actual en \u00c1rea Lorca Radio, tu fuente de entrenamiento y noticias locales. Sintoniza ahora y mantente conectado online.\",\"potentialAction\":[{\"@type\":\"SearchAction\",\"target\":{\"@type\":\"EntryPoint\",\"urlTemplate\":\"https:\\\/\\\/arealorcaradio.es\\\/?s={search_term_string}\"},\"query-input\":{\"@type\":\"PropertyValueSpecification\",\"valueRequired\":true,\"valueName\":\"search_term_string\"}}],\"inLanguage\":\"es\"},{\"@type\":\"Person\",\"@id\":\"https:\\\/\\\/arealorcaradio.es\\\/#\\\/schema\\\/person\\\/9fae605fc25b0f2c83c1ab207139bd27\",\"name\":\"Paco S\u00e1nchez\",\"image\":{\"@type\":\"ImageObject\",\"inLanguage\":\"es\",\"@id\":\"https:\\\/\\\/secure.gravatar.com\\\/avatar\\\/d67144e966420fb74aa84c9f2a0103be4724fd14db52b52d3b6bca749f257e79?s=96&d=mm&r=g\",\"url\":\"https:\\\/\\\/secure.gravatar.com\\\/avatar\\\/d67144e966420fb74aa84c9f2a0103be4724fd14db52b52d3b6bca749f257e79?s=96&d=mm&r=g\",\"contentUrl\":\"https:\\\/\\\/secure.gravatar.com\\\/avatar\\\/d67144e966420fb74aa84c9f2a0103be4724fd14db52b52d3b6bca749f257e79?s=96&d=mm&r=g\",\"caption\":\"Paco S\u00e1nchez\"},\"sameAs\":[\"https:\\\/\\\/arealorcaradio.es\"],\"url\":\"https:\\\/\\\/arealorcaradio.es\\\/index.php\\\/author\\\/admin_alorcaradio\\\/\"}]}<\/script>\n<!-- \/ Yoast SEO plugin. -->","yoast_head_json":{"title":"El Gobierno regional ampl\u00eda las Urgencias del Hospital Rafael M\u00e9ndez de Lorca con 10 nuevos boxes y m\u00e1s espacios para los pacientes. - AREA LORCA RADIO","robots":{"index":"index","follow":"follow","max-snippet":"max-snippet:-1","max-image-preview":"max-image-preview:large","max-video-preview":"max-video-preview:-1"},"canonical":"https:\/\/arealorcaradio.es\/index.php\/2024\/03\/20\/el-gobierno-regional-amplia-las-urgencias-del-hospital-rafael-mendez-de-lorca-con-10-nuevos-boxes-y-mas-espacios-para-los-pacientes\/","og_locale":"es_ES","og_type":"article","og_title":"El Gobierno regional ampl\u00eda las Urgencias del Hospital Rafael M\u00e9ndez de Lorca con 10 nuevos boxes y m\u00e1s espacios para los pacientes. - AREA LORCA RADIO","og_description":"\u00c1REA LORCA RADIO. El presidente del Gobierno regional, Fernando L\u00f3pez Miras, inaugur\u00f3 hoy las nuevas Urgencias del Hospital Rafael M\u00e9ndez de Lorca, cuyo espacio ha sido duplicado hasta alcanzar los 2.000 metros cuadrados gracias a una inversi\u00f3n de 1,5 millones de euros. A esto se suma la renovaci\u00f3n del mobiliario y la incorporaci\u00f3n del equipamiento [&hellip;]","og_url":"https:\/\/arealorcaradio.es\/index.php\/2024\/03\/20\/el-gobierno-regional-amplia-las-urgencias-del-hospital-rafael-mendez-de-lorca-con-10-nuevos-boxes-y-mas-espacios-para-los-pacientes\/","og_site_name":"AREA LORCA RADIO","article_published_time":"2024-03-20T13:19:03+00:00","article_modified_time":"2024-03-20T13:38:48+00:00","og_image":[{"width":2560,"height":1799,"url":"https:\/\/arealorcaradio.es\/wp-content\/uploads\/2024\/03\/20240320-AmpliacionUrgenciasLorca-scaled.jpg","type":"image\/jpeg"}],"author":"Paco S\u00e1nchez","twitter_card":"summary_large_image","twitter_misc":{"Escrito por":"Paco S\u00e1nchez","Tiempo de lectura":"4 minutos"},"schema":{"@context":"https:\/\/schema.org","@graph":[{"@type":"Article","@id":"https:\/\/arealorcaradio.es\/index.php\/2024\/03\/20\/el-gobierno-regional-amplia-las-urgencias-del-hospital-rafael-mendez-de-lorca-con-10-nuevos-boxes-y-mas-espacios-para-los-pacientes\/#article","isPartOf":{"@id":"https:\/\/arealorcaradio.es\/index.php\/2024\/03\/20\/el-gobierno-regional-amplia-las-urgencias-del-hospital-rafael-mendez-de-lorca-con-10-nuevos-boxes-y-mas-espacios-para-los-pacientes\/"},"author":{"name":"Paco S\u00e1nchez","@id":"https:\/\/arealorcaradio.es\/#\/schema\/person\/9fae605fc25b0f2c83c1ab207139bd27"},"headline":"El Gobierno regional ampl\u00eda las Urgencias del Hospital Rafael M\u00e9ndez de Lorca con 10 nuevos boxes y m\u00e1s espacios para los pacientes.","datePublished":"2024-03-20T13:19:03+00:00","dateModified":"2024-03-20T13:38:48+00:00","mainEntityOfPage":{"@id":"https:\/\/arealorcaradio.es\/index.php\/2024\/03\/20\/el-gobierno-regional-amplia-las-urgencias-del-hospital-rafael-mendez-de-lorca-con-10-nuevos-boxes-y-mas-espacios-para-los-pacientes\/"},"wordCount":583,"commentCount":0,"image":{"@id":"https:\/\/arealorcaradio.es\/index.php\/2024\/03\/20\/el-gobierno-regional-amplia-las-urgencias-del-hospital-rafael-mendez-de-lorca-con-10-nuevos-boxes-y-mas-espacios-para-los-pacientes\/#primaryimage"},"thumbnailUrl":"https:\/\/arealorcaradio.es\/wp-content\/uploads\/2024\/03\/20240320-AmpliacionUrgenciasLorca-scaled.jpg","articleSection":["ACTUALIDAD","LORCA"],"inLanguage":"es","potentialAction":[{"@type":"CommentAction","name":"Comment","target":["https:\/\/arealorcaradio.es\/index.php\/2024\/03\/20\/el-gobierno-regional-amplia-las-urgencias-del-hospital-rafael-mendez-de-lorca-con-10-nuevos-boxes-y-mas-espacios-para-los-pacientes\/#respond"]}]},{"@type":"WebPage","@id":"https:\/\/arealorcaradio.es\/index.php\/2024\/03\/20\/el-gobierno-regional-amplia-las-urgencias-del-hospital-rafael-mendez-de-lorca-con-10-nuevos-boxes-y-mas-espacios-para-los-pacientes\/","url":"https:\/\/arealorcaradio.es\/index.php\/2024\/03\/20\/el-gobierno-regional-amplia-las-urgencias-del-hospital-rafael-mendez-de-lorca-con-10-nuevos-boxes-y-mas-espacios-para-los-pacientes\/","name":"El Gobierno regional ampl\u00eda las Urgencias del Hospital Rafael M\u00e9ndez de Lorca con 10 nuevos boxes y m\u00e1s espacios para los pacientes. - AREA LORCA RADIO","isPartOf":{"@id":"https:\/\/arealorcaradio.es\/#website"},"primaryImageOfPage":{"@id":"https:\/\/arealorcaradio.es\/index.php\/2024\/03\/20\/el-gobierno-regional-amplia-las-urgencias-del-hospital-rafael-mendez-de-lorca-con-10-nuevos-boxes-y-mas-espacios-para-los-pacientes\/#primaryimage"},"image":{"@id":"https:\/\/arealorcaradio.es\/index.php\/2024\/03\/20\/el-gobierno-regional-amplia-las-urgencias-del-hospital-rafael-mendez-de-lorca-con-10-nuevos-boxes-y-mas-espacios-para-los-pacientes\/#primaryimage"},"thumbnailUrl":"https:\/\/arealorcaradio.es\/wp-content\/uploads\/2024\/03\/20240320-AmpliacionUrgenciasLorca-scaled.jpg","datePublished":"2024-03-20T13:19:03+00:00","dateModified":"2024-03-20T13:38:48+00:00","author":{"@id":"https:\/\/arealorcaradio.es\/#\/schema\/person\/9fae605fc25b0f2c83c1ab207139bd27"},"breadcrumb":{"@id":"https:\/\/arealorcaradio.es\/index.php\/2024\/03\/20\/el-gobierno-regional-amplia-las-urgencias-del-hospital-rafael-mendez-de-lorca-con-10-nuevos-boxes-y-mas-espacios-para-los-pacientes\/#breadcrumb"},"inLanguage":"es","potentialAction":[{"@type":"ReadAction","target":["https:\/\/arealorcaradio.es\/index.php\/2024\/03\/20\/el-gobierno-regional-amplia-las-urgencias-del-hospital-rafael-mendez-de-lorca-con-10-nuevos-boxes-y-mas-espacios-para-los-pacientes\/"]}]},{"@type":"ImageObject","inLanguage":"es","@id":"https:\/\/arealorcaradio.es\/index.php\/2024\/03\/20\/el-gobierno-regional-amplia-las-urgencias-del-hospital-rafael-mendez-de-lorca-con-10-nuevos-boxes-y-mas-espacios-para-los-pacientes\/#primaryimage","url":"https:\/\/arealorcaradio.es\/wp-content\/uploads\/2024\/03\/20240320-AmpliacionUrgenciasLorca-scaled.jpg","contentUrl":"https:\/\/arealorcaradio.es\/wp-content\/uploads\/2024\/03\/20240320-AmpliacionUrgenciasLorca-scaled.jpg","width":2560,"height":1799},{"@type":"BreadcrumbList","@id":"https:\/\/arealorcaradio.es\/index.php\/2024\/03\/20\/el-gobierno-regional-amplia-las-urgencias-del-hospital-rafael-mendez-de-lorca-con-10-nuevos-boxes-y-mas-espacios-para-los-pacientes\/#breadcrumb","itemListElement":[{"@type":"ListItem","position":1,"name":"Portada","item":"https:\/\/arealorcaradio.es\/"},{"@type":"ListItem","position":2,"name":"El Gobierno regional ampl\u00eda las Urgencias del Hospital Rafael M\u00e9ndez de Lorca con 10 nuevos boxes y m\u00e1s espacios para los pacientes."}]},{"@type":"WebSite","@id":"https:\/\/arealorcaradio.es\/#website","url":"https:\/\/arealorcaradio.es\/","name":"AREA LORCA RADIO","description":"Descubre la programaci\u00f3n actual en \u00c1rea Lorca Radio, tu fuente de entrenamiento y noticias locales. Sintoniza ahora y mantente conectado online.","potentialAction":[{"@type":"SearchAction","target":{"@type":"EntryPoint","urlTemplate":"https:\/\/arealorcaradio.es\/?s={search_term_string}"},"query-input":{"@type":"PropertyValueSpecification","valueRequired":true,"valueName":"search_term_string"}}],"inLanguage":"es"},{"@type":"Person","@id":"https:\/\/arealorcaradio.es\/#\/schema\/person\/9fae605fc25b0f2c83c1ab207139bd27","name":"Paco S\u00e1nchez","image":{"@type":"ImageObject","inLanguage":"es","@id":"https:\/\/secure.gravatar.com\/avatar\/d67144e966420fb74aa84c9f2a0103be4724fd14db52b52d3b6bca749f257e79?s=96&d=mm&r=g","url":"https:\/\/secure.gravatar.com\/avatar\/d67144e966420fb74aa84c9f2a0103be4724fd14db52b52d3b6bca749f257e79?s=96&d=mm&r=g","contentUrl":"https:\/\/secure.gravatar.com\/avatar\/d67144e966420fb74aa84c9f2a0103be4724fd14db52b52d3b6bca749f257e79?s=96&d=mm&r=g","caption":"Paco S\u00e1nchez"},"sameAs":["https:\/\/arealorcaradio.es"],"url":"https:\/\/arealorcaradio.es\/index.php\/author\/admin_alorcaradio\/"}]}},"_links":{"self":[{"href":"https:\/\/arealorcaradio.es\/index.php\/wp-json\/wp\/v2\/posts\/2753","targetHints":{"allow":["GET"]}}],"collection":[{"href":"https:\/\/arealorcaradio.es\/index.php\/wp-json\/wp\/v2\/posts"}],"about":[{"href":"https:\/\/arealorcaradio.es\/index.php\/wp-json\/wp\/v2\/types\/post"}],"author":[{"embeddable":true,"href":"https:\/\/arealorcaradio.es\/index.php\/wp-json\/wp\/v2\/users\/1"}],"replies":[{"embeddable":true,"href":"https:\/\/arealorcaradio.es\/index.php\/wp-json\/wp\/v2\/comments?post=2753"}],"version-history":[{"count":2,"href":"https:\/\/arealorcaradio.es\/index.php\/wp-json\/wp\/v2\/posts\/2753\/revisions"}],"predecessor-version":[{"id":2765,"href":"https:\/\/arealorcaradio.es\/index.php\/wp-json\/wp\/v2\/posts\/2753\/revisions\/2765"}],"wp:featuredmedia":[{"embeddable":true,"href":"https:\/\/arealorcaradio.es\/index.php\/wp-json\/wp\/v2\/media\/2754"}],"wp:attachment":[{"href":"https:\/\/arealorcaradio.es\/index.php\/wp-json\/wp\/v2\/media?parent=2753"}],"wp:term":[{"taxonomy":"category","embeddable":true,"href":"https:\/\/arealorcaradio.es\/index.php\/wp-json\/wp\/v2\/categories?post=2753"},{"taxonomy":"post_tag","embeddable":true,"href":"https:\/\/arealorcaradio.es\/index.php\/wp-json\/wp\/v2\/tags?post=2753"}],"curies":[{"name":"wp","href":"https:\/\/api.w.org\/{rel}","templated":true}]}}