{"id":2702,"date":"2024-03-12T18:55:39","date_gmt":"2024-03-12T18:55:39","guid":{"rendered":"https:\/\/arealorcaradio.es\/?p=2702"},"modified":"2024-03-12T18:55:39","modified_gmt":"2024-03-12T18:55:39","slug":"la-ermita-de-san-lazaro-acogera-los-dias-14-15-y-16-de-marzo-el-cuarto-certamen-nacional-de-saetas-ciudad-del-sol","status":"publish","type":"post","link":"https:\/\/arealorcaradio.es\/index.php\/2024\/03\/12\/la-ermita-de-san-lazaro-acogera-los-dias-14-15-y-16-de-marzo-el-cuarto-certamen-nacional-de-saetas-ciudad-del-sol\/","title":{"rendered":"La Ermita de San L\u00e1zaro acoger\u00e1 los d\u00edas 14, 15 y 16 de marzo el cuarto Certamen Nacional de Saetas \u00abCiudad del Sol\u00bb."},"content":{"rendered":"<p>\u00c1REA LORCA RADIO.<\/p>\n<p>Escucha aqu\u00ed la entrevista que ha concedido Cayetano Padilla, presidente de la Pe\u00f1a Cultural Flamenca de Lorca a Paco S\u00e1nchez en el magazine \u00c1rea Lorca Actualidad.<\/p>\n<audio class=\"wp-audio-shortcode\" id=\"audio-2702-1\" preload=\"none\" style=\"width: 100%;\" controls=\"controls\"><source type=\"audio\/mpeg\" src=\"https:\/\/arealorcaradio.es\/wp-content\/uploads\/2024\/03\/120324-CAYETANO-PADILLA.-CERTAMEN-SAETAS.mp3?_=1\" \/><a href=\"https:\/\/arealorcaradio.es\/wp-content\/uploads\/2024\/03\/120324-CAYETANO-PADILLA.-CERTAMEN-SAETAS.mp3\">https:\/\/arealorcaradio.es\/wp-content\/uploads\/2024\/03\/120324-CAYETANO-PADILLA.-CERTAMEN-SAETAS.mp3<\/a><\/audio>\n<p class=\"v1MsoNormal\"><b><\/b>\u00abLa Ermita de San L\u00e1zaro ser\u00e1 el escenario de la cuarta edici\u00f3n del Concurso Nacional de Saetas \u00abCiudad del Sol\u00bb, organizado por la Pe\u00f1a Cultural Flamenca de Lorca en colaboraci\u00f3n con el Consistorio lorquino y el Instituto de Turismo de la Regi\u00f3n de Murcia\u00bb.<\/p>\n<p class=\"v1MsoNormal\">Esta construcci\u00f3n hist\u00f3rica, con sus ra\u00edces en los siglos XV y XVI y recientemente restaurada, ofrece un escenario \u00fanico en el que cantaores aficionados y profesionales puedan honrar el sentimiento religioso propio de la Semana Santa. \u00abEs muy importante mantener viva esta tradici\u00f3n, que convierte al municipio en un referente del flamenco durante estos tres d\u00edas de concurso, situando a Lorca como una de las pocas ciudades de la Regi\u00f3n que cuenta con un certamen de estas caracter\u00edsticas\u00bb ha destacado el concejal de Cultura, que tambi\u00e9n ha enfatizado en que\u00a0 este concurso de saetas es ya una cita ineludible en la que los amantes del flamenco pueden disfrutar de estos cantes religiosos tradicionales de Semana Santa.<\/p>\n<p class=\"v1MsoNormal\">El concurso constar\u00e1 de dos semifinales y una final, comenzando a las 20 horas. La primera semifinal se llevar\u00e1 a cabo el jueves, 14 de marzo, con participantes de Murcia, Almer\u00eda y Alicante, mientras que la segunda semifinal se realizar\u00e1 el viernes, 15 de marzo, con los concursantes procedentes de otras provincias. La final tendr\u00e1 lugar el s\u00e1bado, 16 de marzo, donde los tres concursantes mejor puntuados de las semifinales actuar\u00e1n. Tanto en las semifinales como en la final, los participantes interpretar\u00e1n dos saetas en modalidad libre, como seguidillas, martinete, ton\u00e1 o carceleras.<\/p>\n<p class=\"v1MsoNormal\">Los premios ser\u00e1n de 1.500 euros m\u00e1s diploma para el primer lugar, 800 euros m\u00e1s diploma para el segundo clasificado, y 500 euros m\u00e1s diploma para el tercer ganador. El jurado valorar\u00e1 la hondura flamenca, la pureza de los cantes, la ejecuci\u00f3n, la calidad literaria y la emotividad de las interpretaciones.<\/p>\n<p class=\"v1MsoNormal\"><b>Cartel anunciador del IV edici\u00f3n del Certamen Nacional de Saetas \u00abCiudad del Sol\u00bb<\/b><\/p>\n<p class=\"v1MsoNormal\">\u00abLorca con pasi\u00f3n\u00bb es el cartel anunciador e imagen de la IV edici\u00f3n del Certamen Nacional de Saetas \u00abCiudad del Sol\u00bb. Es obra del artista murciano, Pedro P\u00e9rez Casanova y su obra representa a una cantaora de saetas con la ermita de San L\u00e1zaro en segundo plano. Una mezcla entre ficci\u00f3n y realidad con colores oscuros que simbolizan la noche y otros colores m\u00e1s claros con un destello en el cielo que simboliza el d\u00eda y el sol de Lorca.<\/p>\n","protected":false},"excerpt":{"rendered":"<p>\u00c1REA LORCA RADIO. Escucha aqu\u00ed la entrevista que ha concedido Cayetano Padilla, presidente de la Pe\u00f1a Cultural Flamenca de Lorca a Paco S\u00e1nchez en el magazine \u00c1rea Lorca Actualidad. \u00abLa Ermita de San L\u00e1zaro ser\u00e1 el escenario de la cuarta edici\u00f3n del Concurso Nacional de Saetas \u00abCiudad del Sol\u00bb, organizado por la Pe\u00f1a Cultural Flamenca [&hellip;]<\/p>\n","protected":false},"author":1,"featured_media":2704,"comment_status":"open","ping_status":"open","sticky":false,"template":"","format":"standard","meta":{"iawp_total_views":0,"footnotes":""},"categories":[5,7],"tags":[],"class_list":["post-2702","post","type-post","status-publish","format-standard","has-post-thumbnail","hentry","category-actualidad","category-lorca"],"yoast_head":"<!-- This site is optimized with the Yoast SEO plugin v27.5 - https:\/\/yoast.com\/product\/yoast-seo-wordpress\/ -->\n<title>La Ermita de San L\u00e1zaro acoger\u00e1 los d\u00edas 14, 15 y 16 de marzo el cuarto Certamen Nacional de Saetas &quot;Ciudad del Sol&quot;. - AREA LORCA RADIO<\/title>\n<meta name=\"robots\" content=\"index, follow, max-snippet:-1, max-image-preview:large, max-video-preview:-1\" \/>\n<link rel=\"canonical\" href=\"https:\/\/arealorcaradio.es\/index.php\/2024\/03\/12\/la-ermita-de-san-lazaro-acogera-los-dias-14-15-y-16-de-marzo-el-cuarto-certamen-nacional-de-saetas-ciudad-del-sol\/\" \/>\n<meta property=\"og:locale\" content=\"es_ES\" \/>\n<meta property=\"og:type\" content=\"article\" \/>\n<meta property=\"og:title\" content=\"La Ermita de San L\u00e1zaro acoger\u00e1 los d\u00edas 14, 15 y 16 de marzo el cuarto Certamen Nacional de Saetas &quot;Ciudad del Sol&quot;. - AREA LORCA RADIO\" \/>\n<meta property=\"og:description\" content=\"\u00c1REA LORCA RADIO. Escucha aqu\u00ed la entrevista que ha concedido Cayetano Padilla, presidente de la Pe\u00f1a Cultural Flamenca de Lorca a Paco S\u00e1nchez en el magazine \u00c1rea Lorca Actualidad. \u00abLa Ermita de San L\u00e1zaro ser\u00e1 el escenario de la cuarta edici\u00f3n del Concurso Nacional de Saetas \u00abCiudad del Sol\u00bb, organizado por la Pe\u00f1a Cultural Flamenca [&hellip;]\" \/>\n<meta property=\"og:url\" content=\"https:\/\/arealorcaradio.es\/index.php\/2024\/03\/12\/la-ermita-de-san-lazaro-acogera-los-dias-14-15-y-16-de-marzo-el-cuarto-certamen-nacional-de-saetas-ciudad-del-sol\/\" \/>\n<meta property=\"og:site_name\" content=\"AREA LORCA RADIO\" \/>\n<meta property=\"article:published_time\" content=\"2024-03-12T18:55:39+00:00\" \/>\n<meta property=\"og:image\" content=\"https:\/\/arealorcaradio.es\/wp-content\/uploads\/2024\/03\/20240312_182939-scaled.jpg\" \/>\n\t<meta property=\"og:image:width\" content=\"2560\" \/>\n\t<meta property=\"og:image:height\" content=\"1920\" \/>\n\t<meta property=\"og:image:type\" content=\"image\/jpeg\" \/>\n<meta name=\"author\" content=\"Paco S\u00e1nchez\" \/>\n<meta name=\"twitter:card\" content=\"summary_large_image\" \/>\n<meta name=\"twitter:label1\" content=\"Escrito por\" \/>\n\t<meta name=\"twitter:data1\" content=\"Paco S\u00e1nchez\" \/>\n\t<meta name=\"twitter:label2\" content=\"Tiempo de lectura\" \/>\n\t<meta name=\"twitter:data2\" content=\"3 minutos\" \/>\n<script type=\"application\/ld+json\" class=\"yoast-schema-graph\">{\"@context\":\"https:\\\/\\\/schema.org\",\"@graph\":[{\"@type\":\"Article\",\"@id\":\"https:\\\/\\\/arealorcaradio.es\\\/index.php\\\/2024\\\/03\\\/12\\\/la-ermita-de-san-lazaro-acogera-los-dias-14-15-y-16-de-marzo-el-cuarto-certamen-nacional-de-saetas-ciudad-del-sol\\\/#article\",\"isPartOf\":{\"@id\":\"https:\\\/\\\/arealorcaradio.es\\\/index.php\\\/2024\\\/03\\\/12\\\/la-ermita-de-san-lazaro-acogera-los-dias-14-15-y-16-de-marzo-el-cuarto-certamen-nacional-de-saetas-ciudad-del-sol\\\/\"},\"author\":{\"name\":\"Paco S\u00e1nchez\",\"@id\":\"https:\\\/\\\/arealorcaradio.es\\\/#\\\/schema\\\/person\\\/9fae605fc25b0f2c83c1ab207139bd27\"},\"headline\":\"La Ermita de San L\u00e1zaro acoger\u00e1 los d\u00edas 14, 15 y 16 de marzo el cuarto Certamen Nacional de Saetas \u00abCiudad del Sol\u00bb.\",\"datePublished\":\"2024-03-12T18:55:39+00:00\",\"mainEntityOfPage\":{\"@id\":\"https:\\\/\\\/arealorcaradio.es\\\/index.php\\\/2024\\\/03\\\/12\\\/la-ermita-de-san-lazaro-acogera-los-dias-14-15-y-16-de-marzo-el-cuarto-certamen-nacional-de-saetas-ciudad-del-sol\\\/\"},\"wordCount\":484,\"commentCount\":0,\"image\":{\"@id\":\"https:\\\/\\\/arealorcaradio.es\\\/index.php\\\/2024\\\/03\\\/12\\\/la-ermita-de-san-lazaro-acogera-los-dias-14-15-y-16-de-marzo-el-cuarto-certamen-nacional-de-saetas-ciudad-del-sol\\\/#primaryimage\"},\"thumbnailUrl\":\"https:\\\/\\\/arealorcaradio.es\\\/wp-content\\\/uploads\\\/2024\\\/03\\\/20240312_182939-scaled.jpg\",\"articleSection\":[\"ACTUALIDAD\",\"LORCA\"],\"inLanguage\":\"es\",\"potentialAction\":[{\"@type\":\"CommentAction\",\"name\":\"Comment\",\"target\":[\"https:\\\/\\\/arealorcaradio.es\\\/index.php\\\/2024\\\/03\\\/12\\\/la-ermita-de-san-lazaro-acogera-los-dias-14-15-y-16-de-marzo-el-cuarto-certamen-nacional-de-saetas-ciudad-del-sol\\\/#respond\"]}]},{\"@type\":\"WebPage\",\"@id\":\"https:\\\/\\\/arealorcaradio.es\\\/index.php\\\/2024\\\/03\\\/12\\\/la-ermita-de-san-lazaro-acogera-los-dias-14-15-y-16-de-marzo-el-cuarto-certamen-nacional-de-saetas-ciudad-del-sol\\\/\",\"url\":\"https:\\\/\\\/arealorcaradio.es\\\/index.php\\\/2024\\\/03\\\/12\\\/la-ermita-de-san-lazaro-acogera-los-dias-14-15-y-16-de-marzo-el-cuarto-certamen-nacional-de-saetas-ciudad-del-sol\\\/\",\"name\":\"La Ermita de San L\u00e1zaro acoger\u00e1 los d\u00edas 14, 15 y 16 de marzo el cuarto Certamen Nacional de Saetas \\\"Ciudad del Sol\\\". - AREA LORCA RADIO\",\"isPartOf\":{\"@id\":\"https:\\\/\\\/arealorcaradio.es\\\/#website\"},\"primaryImageOfPage\":{\"@id\":\"https:\\\/\\\/arealorcaradio.es\\\/index.php\\\/2024\\\/03\\\/12\\\/la-ermita-de-san-lazaro-acogera-los-dias-14-15-y-16-de-marzo-el-cuarto-certamen-nacional-de-saetas-ciudad-del-sol\\\/#primaryimage\"},\"image\":{\"@id\":\"https:\\\/\\\/arealorcaradio.es\\\/index.php\\\/2024\\\/03\\\/12\\\/la-ermita-de-san-lazaro-acogera-los-dias-14-15-y-16-de-marzo-el-cuarto-certamen-nacional-de-saetas-ciudad-del-sol\\\/#primaryimage\"},\"thumbnailUrl\":\"https:\\\/\\\/arealorcaradio.es\\\/wp-content\\\/uploads\\\/2024\\\/03\\\/20240312_182939-scaled.jpg\",\"datePublished\":\"2024-03-12T18:55:39+00:00\",\"author\":{\"@id\":\"https:\\\/\\\/arealorcaradio.es\\\/#\\\/schema\\\/person\\\/9fae605fc25b0f2c83c1ab207139bd27\"},\"breadcrumb\":{\"@id\":\"https:\\\/\\\/arealorcaradio.es\\\/index.php\\\/2024\\\/03\\\/12\\\/la-ermita-de-san-lazaro-acogera-los-dias-14-15-y-16-de-marzo-el-cuarto-certamen-nacional-de-saetas-ciudad-del-sol\\\/#breadcrumb\"},\"inLanguage\":\"es\",\"potentialAction\":[{\"@type\":\"ReadAction\",\"target\":[\"https:\\\/\\\/arealorcaradio.es\\\/index.php\\\/2024\\\/03\\\/12\\\/la-ermita-de-san-lazaro-acogera-los-dias-14-15-y-16-de-marzo-el-cuarto-certamen-nacional-de-saetas-ciudad-del-sol\\\/\"]}]},{\"@type\":\"ImageObject\",\"inLanguage\":\"es\",\"@id\":\"https:\\\/\\\/arealorcaradio.es\\\/index.php\\\/2024\\\/03\\\/12\\\/la-ermita-de-san-lazaro-acogera-los-dias-14-15-y-16-de-marzo-el-cuarto-certamen-nacional-de-saetas-ciudad-del-sol\\\/#primaryimage\",\"url\":\"https:\\\/\\\/arealorcaradio.es\\\/wp-content\\\/uploads\\\/2024\\\/03\\\/20240312_182939-scaled.jpg\",\"contentUrl\":\"https:\\\/\\\/arealorcaradio.es\\\/wp-content\\\/uploads\\\/2024\\\/03\\\/20240312_182939-scaled.jpg\",\"width\":2560,\"height\":1920},{\"@type\":\"BreadcrumbList\",\"@id\":\"https:\\\/\\\/arealorcaradio.es\\\/index.php\\\/2024\\\/03\\\/12\\\/la-ermita-de-san-lazaro-acogera-los-dias-14-15-y-16-de-marzo-el-cuarto-certamen-nacional-de-saetas-ciudad-del-sol\\\/#breadcrumb\",\"itemListElement\":[{\"@type\":\"ListItem\",\"position\":1,\"name\":\"Portada\",\"item\":\"https:\\\/\\\/arealorcaradio.es\\\/\"},{\"@type\":\"ListItem\",\"position\":2,\"name\":\"La Ermita de San L\u00e1zaro acoger\u00e1 los d\u00edas 14, 15 y 16 de marzo el cuarto Certamen Nacional de Saetas \u00abCiudad del Sol\u00bb.\"}]},{\"@type\":\"WebSite\",\"@id\":\"https:\\\/\\\/arealorcaradio.es\\\/#website\",\"url\":\"https:\\\/\\\/arealorcaradio.es\\\/\",\"name\":\"AREA LORCA RADIO\",\"description\":\"Descubre la programaci\u00f3n actual en \u00c1rea Lorca Radio, tu fuente de entrenamiento y noticias locales. Sintoniza ahora y mantente conectado online.\",\"potentialAction\":[{\"@type\":\"SearchAction\",\"target\":{\"@type\":\"EntryPoint\",\"urlTemplate\":\"https:\\\/\\\/arealorcaradio.es\\\/?s={search_term_string}\"},\"query-input\":{\"@type\":\"PropertyValueSpecification\",\"valueRequired\":true,\"valueName\":\"search_term_string\"}}],\"inLanguage\":\"es\"},{\"@type\":\"Person\",\"@id\":\"https:\\\/\\\/arealorcaradio.es\\\/#\\\/schema\\\/person\\\/9fae605fc25b0f2c83c1ab207139bd27\",\"name\":\"Paco S\u00e1nchez\",\"image\":{\"@type\":\"ImageObject\",\"inLanguage\":\"es\",\"@id\":\"https:\\\/\\\/secure.gravatar.com\\\/avatar\\\/d67144e966420fb74aa84c9f2a0103be4724fd14db52b52d3b6bca749f257e79?s=96&d=mm&r=g\",\"url\":\"https:\\\/\\\/secure.gravatar.com\\\/avatar\\\/d67144e966420fb74aa84c9f2a0103be4724fd14db52b52d3b6bca749f257e79?s=96&d=mm&r=g\",\"contentUrl\":\"https:\\\/\\\/secure.gravatar.com\\\/avatar\\\/d67144e966420fb74aa84c9f2a0103be4724fd14db52b52d3b6bca749f257e79?s=96&d=mm&r=g\",\"caption\":\"Paco S\u00e1nchez\"},\"sameAs\":[\"https:\\\/\\\/arealorcaradio.es\"],\"url\":\"https:\\\/\\\/arealorcaradio.es\\\/index.php\\\/author\\\/admin_alorcaradio\\\/\"}]}<\/script>\n<!-- \/ Yoast SEO plugin. -->","yoast_head_json":{"title":"La Ermita de San L\u00e1zaro acoger\u00e1 los d\u00edas 14, 15 y 16 de marzo el cuarto Certamen Nacional de Saetas \"Ciudad del Sol\". - AREA LORCA RADIO","robots":{"index":"index","follow":"follow","max-snippet":"max-snippet:-1","max-image-preview":"max-image-preview:large","max-video-preview":"max-video-preview:-1"},"canonical":"https:\/\/arealorcaradio.es\/index.php\/2024\/03\/12\/la-ermita-de-san-lazaro-acogera-los-dias-14-15-y-16-de-marzo-el-cuarto-certamen-nacional-de-saetas-ciudad-del-sol\/","og_locale":"es_ES","og_type":"article","og_title":"La Ermita de San L\u00e1zaro acoger\u00e1 los d\u00edas 14, 15 y 16 de marzo el cuarto Certamen Nacional de Saetas \"Ciudad del Sol\". - AREA LORCA RADIO","og_description":"\u00c1REA LORCA RADIO. Escucha aqu\u00ed la entrevista que ha concedido Cayetano Padilla, presidente de la Pe\u00f1a Cultural Flamenca de Lorca a Paco S\u00e1nchez en el magazine \u00c1rea Lorca Actualidad. \u00abLa Ermita de San L\u00e1zaro ser\u00e1 el escenario de la cuarta edici\u00f3n del Concurso Nacional de Saetas \u00abCiudad del Sol\u00bb, organizado por la Pe\u00f1a Cultural Flamenca [&hellip;]","og_url":"https:\/\/arealorcaradio.es\/index.php\/2024\/03\/12\/la-ermita-de-san-lazaro-acogera-los-dias-14-15-y-16-de-marzo-el-cuarto-certamen-nacional-de-saetas-ciudad-del-sol\/","og_site_name":"AREA LORCA RADIO","article_published_time":"2024-03-12T18:55:39+00:00","og_image":[{"width":2560,"height":1920,"url":"https:\/\/arealorcaradio.es\/wp-content\/uploads\/2024\/03\/20240312_182939-scaled.jpg","type":"image\/jpeg"}],"author":"Paco S\u00e1nchez","twitter_card":"summary_large_image","twitter_misc":{"Escrito por":"Paco S\u00e1nchez","Tiempo de lectura":"3 minutos"},"schema":{"@context":"https:\/\/schema.org","@graph":[{"@type":"Article","@id":"https:\/\/arealorcaradio.es\/index.php\/2024\/03\/12\/la-ermita-de-san-lazaro-acogera-los-dias-14-15-y-16-de-marzo-el-cuarto-certamen-nacional-de-saetas-ciudad-del-sol\/#article","isPartOf":{"@id":"https:\/\/arealorcaradio.es\/index.php\/2024\/03\/12\/la-ermita-de-san-lazaro-acogera-los-dias-14-15-y-16-de-marzo-el-cuarto-certamen-nacional-de-saetas-ciudad-del-sol\/"},"author":{"name":"Paco S\u00e1nchez","@id":"https:\/\/arealorcaradio.es\/#\/schema\/person\/9fae605fc25b0f2c83c1ab207139bd27"},"headline":"La Ermita de San L\u00e1zaro acoger\u00e1 los d\u00edas 14, 15 y 16 de marzo el cuarto Certamen Nacional de Saetas \u00abCiudad del Sol\u00bb.","datePublished":"2024-03-12T18:55:39+00:00","mainEntityOfPage":{"@id":"https:\/\/arealorcaradio.es\/index.php\/2024\/03\/12\/la-ermita-de-san-lazaro-acogera-los-dias-14-15-y-16-de-marzo-el-cuarto-certamen-nacional-de-saetas-ciudad-del-sol\/"},"wordCount":484,"commentCount":0,"image":{"@id":"https:\/\/arealorcaradio.es\/index.php\/2024\/03\/12\/la-ermita-de-san-lazaro-acogera-los-dias-14-15-y-16-de-marzo-el-cuarto-certamen-nacional-de-saetas-ciudad-del-sol\/#primaryimage"},"thumbnailUrl":"https:\/\/arealorcaradio.es\/wp-content\/uploads\/2024\/03\/20240312_182939-scaled.jpg","articleSection":["ACTUALIDAD","LORCA"],"inLanguage":"es","potentialAction":[{"@type":"CommentAction","name":"Comment","target":["https:\/\/arealorcaradio.es\/index.php\/2024\/03\/12\/la-ermita-de-san-lazaro-acogera-los-dias-14-15-y-16-de-marzo-el-cuarto-certamen-nacional-de-saetas-ciudad-del-sol\/#respond"]}]},{"@type":"WebPage","@id":"https:\/\/arealorcaradio.es\/index.php\/2024\/03\/12\/la-ermita-de-san-lazaro-acogera-los-dias-14-15-y-16-de-marzo-el-cuarto-certamen-nacional-de-saetas-ciudad-del-sol\/","url":"https:\/\/arealorcaradio.es\/index.php\/2024\/03\/12\/la-ermita-de-san-lazaro-acogera-los-dias-14-15-y-16-de-marzo-el-cuarto-certamen-nacional-de-saetas-ciudad-del-sol\/","name":"La Ermita de San L\u00e1zaro acoger\u00e1 los d\u00edas 14, 15 y 16 de marzo el cuarto Certamen Nacional de Saetas \"Ciudad del Sol\". - AREA LORCA RADIO","isPartOf":{"@id":"https:\/\/arealorcaradio.es\/#website"},"primaryImageOfPage":{"@id":"https:\/\/arealorcaradio.es\/index.php\/2024\/03\/12\/la-ermita-de-san-lazaro-acogera-los-dias-14-15-y-16-de-marzo-el-cuarto-certamen-nacional-de-saetas-ciudad-del-sol\/#primaryimage"},"image":{"@id":"https:\/\/arealorcaradio.es\/index.php\/2024\/03\/12\/la-ermita-de-san-lazaro-acogera-los-dias-14-15-y-16-de-marzo-el-cuarto-certamen-nacional-de-saetas-ciudad-del-sol\/#primaryimage"},"thumbnailUrl":"https:\/\/arealorcaradio.es\/wp-content\/uploads\/2024\/03\/20240312_182939-scaled.jpg","datePublished":"2024-03-12T18:55:39+00:00","author":{"@id":"https:\/\/arealorcaradio.es\/#\/schema\/person\/9fae605fc25b0f2c83c1ab207139bd27"},"breadcrumb":{"@id":"https:\/\/arealorcaradio.es\/index.php\/2024\/03\/12\/la-ermita-de-san-lazaro-acogera-los-dias-14-15-y-16-de-marzo-el-cuarto-certamen-nacional-de-saetas-ciudad-del-sol\/#breadcrumb"},"inLanguage":"es","potentialAction":[{"@type":"ReadAction","target":["https:\/\/arealorcaradio.es\/index.php\/2024\/03\/12\/la-ermita-de-san-lazaro-acogera-los-dias-14-15-y-16-de-marzo-el-cuarto-certamen-nacional-de-saetas-ciudad-del-sol\/"]}]},{"@type":"ImageObject","inLanguage":"es","@id":"https:\/\/arealorcaradio.es\/index.php\/2024\/03\/12\/la-ermita-de-san-lazaro-acogera-los-dias-14-15-y-16-de-marzo-el-cuarto-certamen-nacional-de-saetas-ciudad-del-sol\/#primaryimage","url":"https:\/\/arealorcaradio.es\/wp-content\/uploads\/2024\/03\/20240312_182939-scaled.jpg","contentUrl":"https:\/\/arealorcaradio.es\/wp-content\/uploads\/2024\/03\/20240312_182939-scaled.jpg","width":2560,"height":1920},{"@type":"BreadcrumbList","@id":"https:\/\/arealorcaradio.es\/index.php\/2024\/03\/12\/la-ermita-de-san-lazaro-acogera-los-dias-14-15-y-16-de-marzo-el-cuarto-certamen-nacional-de-saetas-ciudad-del-sol\/#breadcrumb","itemListElement":[{"@type":"ListItem","position":1,"name":"Portada","item":"https:\/\/arealorcaradio.es\/"},{"@type":"ListItem","position":2,"name":"La Ermita de San L\u00e1zaro acoger\u00e1 los d\u00edas 14, 15 y 16 de marzo el cuarto Certamen Nacional de Saetas \u00abCiudad del Sol\u00bb."}]},{"@type":"WebSite","@id":"https:\/\/arealorcaradio.es\/#website","url":"https:\/\/arealorcaradio.es\/","name":"AREA LORCA RADIO","description":"Descubre la programaci\u00f3n actual en \u00c1rea Lorca Radio, tu fuente de entrenamiento y noticias locales. Sintoniza ahora y mantente conectado online.","potentialAction":[{"@type":"SearchAction","target":{"@type":"EntryPoint","urlTemplate":"https:\/\/arealorcaradio.es\/?s={search_term_string}"},"query-input":{"@type":"PropertyValueSpecification","valueRequired":true,"valueName":"search_term_string"}}],"inLanguage":"es"},{"@type":"Person","@id":"https:\/\/arealorcaradio.es\/#\/schema\/person\/9fae605fc25b0f2c83c1ab207139bd27","name":"Paco S\u00e1nchez","image":{"@type":"ImageObject","inLanguage":"es","@id":"https:\/\/secure.gravatar.com\/avatar\/d67144e966420fb74aa84c9f2a0103be4724fd14db52b52d3b6bca749f257e79?s=96&d=mm&r=g","url":"https:\/\/secure.gravatar.com\/avatar\/d67144e966420fb74aa84c9f2a0103be4724fd14db52b52d3b6bca749f257e79?s=96&d=mm&r=g","contentUrl":"https:\/\/secure.gravatar.com\/avatar\/d67144e966420fb74aa84c9f2a0103be4724fd14db52b52d3b6bca749f257e79?s=96&d=mm&r=g","caption":"Paco S\u00e1nchez"},"sameAs":["https:\/\/arealorcaradio.es"],"url":"https:\/\/arealorcaradio.es\/index.php\/author\/admin_alorcaradio\/"}]}},"_links":{"self":[{"href":"https:\/\/arealorcaradio.es\/index.php\/wp-json\/wp\/v2\/posts\/2702","targetHints":{"allow":["GET"]}}],"collection":[{"href":"https:\/\/arealorcaradio.es\/index.php\/wp-json\/wp\/v2\/posts"}],"about":[{"href":"https:\/\/arealorcaradio.es\/index.php\/wp-json\/wp\/v2\/types\/post"}],"author":[{"embeddable":true,"href":"https:\/\/arealorcaradio.es\/index.php\/wp-json\/wp\/v2\/users\/1"}],"replies":[{"embeddable":true,"href":"https:\/\/arealorcaradio.es\/index.php\/wp-json\/wp\/v2\/comments?post=2702"}],"version-history":[{"count":1,"href":"https:\/\/arealorcaradio.es\/index.php\/wp-json\/wp\/v2\/posts\/2702\/revisions"}],"predecessor-version":[{"id":2705,"href":"https:\/\/arealorcaradio.es\/index.php\/wp-json\/wp\/v2\/posts\/2702\/revisions\/2705"}],"wp:featuredmedia":[{"embeddable":true,"href":"https:\/\/arealorcaradio.es\/index.php\/wp-json\/wp\/v2\/media\/2704"}],"wp:attachment":[{"href":"https:\/\/arealorcaradio.es\/index.php\/wp-json\/wp\/v2\/media?parent=2702"}],"wp:term":[{"taxonomy":"category","embeddable":true,"href":"https:\/\/arealorcaradio.es\/index.php\/wp-json\/wp\/v2\/categories?post=2702"},{"taxonomy":"post_tag","embeddable":true,"href":"https:\/\/arealorcaradio.es\/index.php\/wp-json\/wp\/v2\/tags?post=2702"}],"curies":[{"name":"wp","href":"https:\/\/api.w.org\/{rel}","templated":true}]}}