{"id":2695,"date":"2024-03-12T18:56:01","date_gmt":"2024-03-12T18:56:01","guid":{"rendered":"https:\/\/arealorcaradio.es\/?p=2695"},"modified":"2024-03-12T18:56:01","modified_gmt":"2024-03-12T18:56:01","slug":"la-red-europea-de-celebraciones-de-semana-santa-y-pascua-que-se-reune-en-lorca-promocionara-la-semana-de-pasion-internacionalmente","status":"publish","type":"post","link":"https:\/\/arealorcaradio.es\/index.php\/2024\/03\/12\/la-red-europea-de-celebraciones-de-semana-santa-y-pascua-que-se-reune-en-lorca-promocionara-la-semana-de-pasion-internacionalmente\/","title":{"rendered":"La Red Europea de Celebraciones de Semana Santa y Pascua que se re\u00fane en Lorca promocionar\u00e1 la Semana de Pasi\u00f3n internacionalmente."},"content":{"rendered":"<p>\u00c1REA LORCA RADIO.<\/p>\n<p>Escucha aqu\u00ed la entrevista que ha concedido a Paco S\u00e1nchez el concejal de Cultura y Turismo del Ayuntamiento de Lorca, Santiago Parra, en la que tambi\u00e9n habla de otros temas relacionados con sus concejal\u00edas.<\/p>\n<audio class=\"wp-audio-shortcode\" id=\"audio-2695-1\" preload=\"none\" style=\"width: 100%;\" controls=\"controls\"><source type=\"audio\/mpeg\" src=\"https:\/\/arealorcaradio.es\/wp-content\/uploads\/2024\/03\/120324-SANTIAGO-PARRA.-CULTURA-Y-TURISMO.mp3?_=1\" \/><a href=\"https:\/\/arealorcaradio.es\/wp-content\/uploads\/2024\/03\/120324-SANTIAGO-PARRA.-CULTURA-Y-TURISMO.mp3\">https:\/\/arealorcaradio.es\/wp-content\/uploads\/2024\/03\/120324-SANTIAGO-PARRA.-CULTURA-Y-TURISMO.mp3<\/a><\/audio>\n<p class=\"v1MsoNormal\"><img loading=\"lazy\" decoding=\"async\" class=\"alignnone size-medium wp-image-2699\" src=\"https:\/\/arealorcaradio.es\/wp-content\/uploads\/2024\/03\/20240312_181010-300x225.jpg\" alt=\"\" width=\"300\" height=\"225\" srcset=\"https:\/\/arealorcaradio.es\/wp-content\/uploads\/2024\/03\/20240312_181010-300x225.jpg 300w, https:\/\/arealorcaradio.es\/wp-content\/uploads\/2024\/03\/20240312_181010-1024x768.jpg 1024w, https:\/\/arealorcaradio.es\/wp-content\/uploads\/2024\/03\/20240312_181010-768x576.jpg 768w, https:\/\/arealorcaradio.es\/wp-content\/uploads\/2024\/03\/20240312_181010-1536x1152.jpg 1536w, https:\/\/arealorcaradio.es\/wp-content\/uploads\/2024\/03\/20240312_181010-2048x1536.jpg 2048w, https:\/\/arealorcaradio.es\/wp-content\/uploads\/2024\/03\/20240312_181010-86x64.jpg 86w\" sizes=\"auto, (max-width: 300px) 100vw, 300px\" \/><\/p>\n<p class=\"v1MsoNormal\">Santiago Parra. Concejal de Cultura y Turismo del Ayuntamiento de Lorca.<\/p>\n<p class=\"v1MsoNormal\">El alcalde de Lorca, Fulgencio Gil J\u00f3dar, ha presidido esta asamblea y ha destacado el papel fundamental que la Red Europea de Celebraciones de Semana Santa y Pascua tiene en la difusi\u00f3n y promoci\u00f3n de la Semana Santa lorquina en todo el continente. \u00abLorca, que forma parte de esta entidad desde 2019, tiene el privilegio de mostrar al mundo el rico patrimonio cultural, tanto material como inmaterial, tur\u00edstico, religioso y art\u00edstico que tienen nuestros Desfiles B\u00edblico Pasionales de Semana Santa, as\u00ed como el fervor y la pasi\u00f3n con la que los vivimos\u00bb.<\/p>\n<p class=\"v1MsoNormal\">Fulgencio Gil ha indicado que pertenecer a la Red Europea de Celebraciones de Semana Santa y Pascua no s\u00f3lo resalta el valor cultural de Lorca, sino que tambi\u00e9n revitaliza el turismo. \u00abGracias a su promoci\u00f3n, muchas personas de todo el mundo, pero, sobre todo, de Europa, pueden conocer nuestra Semana Santa y el vendaval de sentimientos blancos, azules, morados y encarnados que convergen en la Ciudad del Sol durante la Semana de Pasi\u00f3n\u00bb. M\u00e1s de medio mill\u00f3n de visitantes disfrutaron de nuestra Semana Santa en a\u00f1os anteriores, ha agregado Gil J\u00f3dar, que ha resaltado que siendo en gran parte turistas procedentes de Reino Unido, B\u00e9lgica, Pa\u00edses Bajos, Francia y Alemania.<\/p>\n<p class=\"v1MsoNormal\">Durante la sesi\u00f3n de trabajo se debatieron y aprobaron puntos muy importantes y que marcar\u00e1n el funcionamiento y la actividad de esta entidad para el a\u00f1o 2024. Entre ellos estaban el visto bueno del cambio de presidencia que, como marcan sus estatutos, lo ostenta el presidente de Caminos de Pasi\u00f3n. El alcalde de Puente Genil, Sergio Velasco, sustituye al alcalde de Priego de C\u00f3rdoba, Juan Ram\u00f3n Valdivia. Igualmente, se ha nombrado a la nueva Junta Directiva en la que el\u00a0vicepresidente segundo es Santiago Parra, concejal de Cultura y Turismo del Ayuntamiento de Lorca.<\/p>\n<p class=\"v1MsoNormal\">Adem\u00e1s, se han incorporado a la Junta Directiva los nuevos miembros de los reci\u00e9n adheridos municipios Jelsa en Croacia y Idanha-a-Nova, Ovar, \u00d3bidos y Santa Mar\u00eda da Feira en Portugal, esta \u00faltima se suma a los 22 socios que integran la Red Europea en la actualidad.<\/p>\n<p class=\"v1MsoNormal\">La Red Europea de celebraciones de Semana Santa y Pascua se cre\u00f3 en 2019 y de ella forman parte\u00a0 la Fundaci\u00f3n Italiana Federico II, en representaci\u00f3n de los municipios de Palermo y Caltanissetta de Sicilia (Italia);\u00a0 el municipio de\u00a0Birgu\u00a0en Malta; Jelsa, en la Isla de Hvar en Croacia; la Comisi\u00f3n de Cuaresma y Celebraciones de la Semana Santa de Braga, Idanha a Nova y Ovar, en Portugal; las Representaciones de la Pasi\u00f3n de Cristo en\u00a0Skofja\u00a0Loka, Eslovenia; los municipios que forman parte de la ruta Caminos de Pasi\u00f3n: Alcal\u00e1 la Real en Ja\u00e9n, Baena, Cabra,\u00a0Lucena, Priego de C\u00f3rdoba y Puente Genil en C\u00f3rdoba y Carmona, \u00c9cija Osuna y Utrera en Sevilla. Tambi\u00e9n dentro de la geograf\u00eda espa\u00f1ola encontramos a Orihuela en Alicante; Viveiro en Lugo y Lorca.<\/p>\n","protected":false},"excerpt":{"rendered":"<p>\u00c1REA LORCA RADIO. Escucha aqu\u00ed la entrevista que ha concedido a Paco S\u00e1nchez el concejal de Cultura y Turismo del Ayuntamiento de Lorca, Santiago Parra, en la que tambi\u00e9n habla de otros temas relacionados con sus concejal\u00edas. Santiago Parra. Concejal de Cultura y Turismo del Ayuntamiento de Lorca. El alcalde de Lorca, Fulgencio Gil J\u00f3dar, [&hellip;]<\/p>\n","protected":false},"author":1,"featured_media":2696,"comment_status":"open","ping_status":"open","sticky":false,"template":"","format":"standard","meta":{"iawp_total_views":1,"footnotes":""},"categories":[5,7],"tags":[],"class_list":["post-2695","post","type-post","status-publish","format-standard","has-post-thumbnail","hentry","category-actualidad","category-lorca"],"yoast_head":"<!-- This site is optimized with the Yoast SEO plugin v27.5 - https:\/\/yoast.com\/product\/yoast-seo-wordpress\/ -->\n<title>La Red Europea de Celebraciones de Semana Santa y Pascua que se re\u00fane en Lorca promocionar\u00e1 la Semana de Pasi\u00f3n internacionalmente. - AREA LORCA RADIO<\/title>\n<meta name=\"robots\" content=\"index, follow, max-snippet:-1, max-image-preview:large, max-video-preview:-1\" \/>\n<link rel=\"canonical\" href=\"https:\/\/arealorcaradio.es\/index.php\/2024\/03\/12\/la-red-europea-de-celebraciones-de-semana-santa-y-pascua-que-se-reune-en-lorca-promocionara-la-semana-de-pasion-internacionalmente\/\" \/>\n<meta property=\"og:locale\" content=\"es_ES\" \/>\n<meta property=\"og:type\" content=\"article\" \/>\n<meta property=\"og:title\" content=\"La Red Europea de Celebraciones de Semana Santa y Pascua que se re\u00fane en Lorca promocionar\u00e1 la Semana de Pasi\u00f3n internacionalmente. - AREA LORCA RADIO\" \/>\n<meta property=\"og:description\" content=\"\u00c1REA LORCA RADIO. Escucha aqu\u00ed la entrevista que ha concedido a Paco S\u00e1nchez el concejal de Cultura y Turismo del Ayuntamiento de Lorca, Santiago Parra, en la que tambi\u00e9n habla de otros temas relacionados con sus concejal\u00edas. Santiago Parra. Concejal de Cultura y Turismo del Ayuntamiento de Lorca. El alcalde de Lorca, Fulgencio Gil J\u00f3dar, [&hellip;]\" \/>\n<meta property=\"og:url\" content=\"https:\/\/arealorcaradio.es\/index.php\/2024\/03\/12\/la-red-europea-de-celebraciones-de-semana-santa-y-pascua-que-se-reune-en-lorca-promocionara-la-semana-de-pasion-internacionalmente\/\" \/>\n<meta property=\"og:site_name\" content=\"AREA LORCA RADIO\" \/>\n<meta property=\"article:published_time\" content=\"2024-03-12T18:56:01+00:00\" \/>\n<meta property=\"og:image\" content=\"https:\/\/arealorcaradio.es\/wp-content\/uploads\/2024\/03\/RED-EUROPEA-SS-2.jpeg\" \/>\n\t<meta property=\"og:image:width\" content=\"1599\" \/>\n\t<meta property=\"og:image:height\" content=\"1066\" \/>\n\t<meta property=\"og:image:type\" content=\"image\/jpeg\" \/>\n<meta name=\"author\" content=\"Paco S\u00e1nchez\" \/>\n<meta name=\"twitter:card\" content=\"summary_large_image\" \/>\n<meta name=\"twitter:label1\" content=\"Escrito por\" \/>\n\t<meta name=\"twitter:data1\" content=\"Paco S\u00e1nchez\" \/>\n\t<meta name=\"twitter:label2\" content=\"Tiempo de lectura\" \/>\n\t<meta name=\"twitter:data2\" content=\"3 minutos\" \/>\n<script type=\"application\/ld+json\" class=\"yoast-schema-graph\">{\"@context\":\"https:\\\/\\\/schema.org\",\"@graph\":[{\"@type\":\"Article\",\"@id\":\"https:\\\/\\\/arealorcaradio.es\\\/index.php\\\/2024\\\/03\\\/12\\\/la-red-europea-de-celebraciones-de-semana-santa-y-pascua-que-se-reune-en-lorca-promocionara-la-semana-de-pasion-internacionalmente\\\/#article\",\"isPartOf\":{\"@id\":\"https:\\\/\\\/arealorcaradio.es\\\/index.php\\\/2024\\\/03\\\/12\\\/la-red-europea-de-celebraciones-de-semana-santa-y-pascua-que-se-reune-en-lorca-promocionara-la-semana-de-pasion-internacionalmente\\\/\"},\"author\":{\"name\":\"Paco S\u00e1nchez\",\"@id\":\"https:\\\/\\\/arealorcaradio.es\\\/#\\\/schema\\\/person\\\/9fae605fc25b0f2c83c1ab207139bd27\"},\"headline\":\"La Red Europea de Celebraciones de Semana Santa y Pascua que se re\u00fane en Lorca promocionar\u00e1 la Semana de Pasi\u00f3n internacionalmente.\",\"datePublished\":\"2024-03-12T18:56:01+00:00\",\"mainEntityOfPage\":{\"@id\":\"https:\\\/\\\/arealorcaradio.es\\\/index.php\\\/2024\\\/03\\\/12\\\/la-red-europea-de-celebraciones-de-semana-santa-y-pascua-que-se-reune-en-lorca-promocionara-la-semana-de-pasion-internacionalmente\\\/\"},\"wordCount\":591,\"commentCount\":0,\"image\":{\"@id\":\"https:\\\/\\\/arealorcaradio.es\\\/index.php\\\/2024\\\/03\\\/12\\\/la-red-europea-de-celebraciones-de-semana-santa-y-pascua-que-se-reune-en-lorca-promocionara-la-semana-de-pasion-internacionalmente\\\/#primaryimage\"},\"thumbnailUrl\":\"https:\\\/\\\/arealorcaradio.es\\\/wp-content\\\/uploads\\\/2024\\\/03\\\/RED-EUROPEA-SS-2.jpeg\",\"articleSection\":[\"ACTUALIDAD\",\"LORCA\"],\"inLanguage\":\"es\",\"potentialAction\":[{\"@type\":\"CommentAction\",\"name\":\"Comment\",\"target\":[\"https:\\\/\\\/arealorcaradio.es\\\/index.php\\\/2024\\\/03\\\/12\\\/la-red-europea-de-celebraciones-de-semana-santa-y-pascua-que-se-reune-en-lorca-promocionara-la-semana-de-pasion-internacionalmente\\\/#respond\"]}]},{\"@type\":\"WebPage\",\"@id\":\"https:\\\/\\\/arealorcaradio.es\\\/index.php\\\/2024\\\/03\\\/12\\\/la-red-europea-de-celebraciones-de-semana-santa-y-pascua-que-se-reune-en-lorca-promocionara-la-semana-de-pasion-internacionalmente\\\/\",\"url\":\"https:\\\/\\\/arealorcaradio.es\\\/index.php\\\/2024\\\/03\\\/12\\\/la-red-europea-de-celebraciones-de-semana-santa-y-pascua-que-se-reune-en-lorca-promocionara-la-semana-de-pasion-internacionalmente\\\/\",\"name\":\"La Red Europea de Celebraciones de Semana Santa y Pascua que se re\u00fane en Lorca promocionar\u00e1 la Semana de Pasi\u00f3n internacionalmente. - AREA LORCA RADIO\",\"isPartOf\":{\"@id\":\"https:\\\/\\\/arealorcaradio.es\\\/#website\"},\"primaryImageOfPage\":{\"@id\":\"https:\\\/\\\/arealorcaradio.es\\\/index.php\\\/2024\\\/03\\\/12\\\/la-red-europea-de-celebraciones-de-semana-santa-y-pascua-que-se-reune-en-lorca-promocionara-la-semana-de-pasion-internacionalmente\\\/#primaryimage\"},\"image\":{\"@id\":\"https:\\\/\\\/arealorcaradio.es\\\/index.php\\\/2024\\\/03\\\/12\\\/la-red-europea-de-celebraciones-de-semana-santa-y-pascua-que-se-reune-en-lorca-promocionara-la-semana-de-pasion-internacionalmente\\\/#primaryimage\"},\"thumbnailUrl\":\"https:\\\/\\\/arealorcaradio.es\\\/wp-content\\\/uploads\\\/2024\\\/03\\\/RED-EUROPEA-SS-2.jpeg\",\"datePublished\":\"2024-03-12T18:56:01+00:00\",\"author\":{\"@id\":\"https:\\\/\\\/arealorcaradio.es\\\/#\\\/schema\\\/person\\\/9fae605fc25b0f2c83c1ab207139bd27\"},\"breadcrumb\":{\"@id\":\"https:\\\/\\\/arealorcaradio.es\\\/index.php\\\/2024\\\/03\\\/12\\\/la-red-europea-de-celebraciones-de-semana-santa-y-pascua-que-se-reune-en-lorca-promocionara-la-semana-de-pasion-internacionalmente\\\/#breadcrumb\"},\"inLanguage\":\"es\",\"potentialAction\":[{\"@type\":\"ReadAction\",\"target\":[\"https:\\\/\\\/arealorcaradio.es\\\/index.php\\\/2024\\\/03\\\/12\\\/la-red-europea-de-celebraciones-de-semana-santa-y-pascua-que-se-reune-en-lorca-promocionara-la-semana-de-pasion-internacionalmente\\\/\"]}]},{\"@type\":\"ImageObject\",\"inLanguage\":\"es\",\"@id\":\"https:\\\/\\\/arealorcaradio.es\\\/index.php\\\/2024\\\/03\\\/12\\\/la-red-europea-de-celebraciones-de-semana-santa-y-pascua-que-se-reune-en-lorca-promocionara-la-semana-de-pasion-internacionalmente\\\/#primaryimage\",\"url\":\"https:\\\/\\\/arealorcaradio.es\\\/wp-content\\\/uploads\\\/2024\\\/03\\\/RED-EUROPEA-SS-2.jpeg\",\"contentUrl\":\"https:\\\/\\\/arealorcaradio.es\\\/wp-content\\\/uploads\\\/2024\\\/03\\\/RED-EUROPEA-SS-2.jpeg\",\"width\":1599,\"height\":1066},{\"@type\":\"BreadcrumbList\",\"@id\":\"https:\\\/\\\/arealorcaradio.es\\\/index.php\\\/2024\\\/03\\\/12\\\/la-red-europea-de-celebraciones-de-semana-santa-y-pascua-que-se-reune-en-lorca-promocionara-la-semana-de-pasion-internacionalmente\\\/#breadcrumb\",\"itemListElement\":[{\"@type\":\"ListItem\",\"position\":1,\"name\":\"Portada\",\"item\":\"https:\\\/\\\/arealorcaradio.es\\\/\"},{\"@type\":\"ListItem\",\"position\":2,\"name\":\"La Red Europea de Celebraciones de Semana Santa y Pascua que se re\u00fane en Lorca promocionar\u00e1 la Semana de Pasi\u00f3n internacionalmente.\"}]},{\"@type\":\"WebSite\",\"@id\":\"https:\\\/\\\/arealorcaradio.es\\\/#website\",\"url\":\"https:\\\/\\\/arealorcaradio.es\\\/\",\"name\":\"AREA LORCA RADIO\",\"description\":\"Descubre la programaci\u00f3n actual en \u00c1rea Lorca Radio, tu fuente de entrenamiento y noticias locales. Sintoniza ahora y mantente conectado online.\",\"potentialAction\":[{\"@type\":\"SearchAction\",\"target\":{\"@type\":\"EntryPoint\",\"urlTemplate\":\"https:\\\/\\\/arealorcaradio.es\\\/?s={search_term_string}\"},\"query-input\":{\"@type\":\"PropertyValueSpecification\",\"valueRequired\":true,\"valueName\":\"search_term_string\"}}],\"inLanguage\":\"es\"},{\"@type\":\"Person\",\"@id\":\"https:\\\/\\\/arealorcaradio.es\\\/#\\\/schema\\\/person\\\/9fae605fc25b0f2c83c1ab207139bd27\",\"name\":\"Paco S\u00e1nchez\",\"image\":{\"@type\":\"ImageObject\",\"inLanguage\":\"es\",\"@id\":\"https:\\\/\\\/secure.gravatar.com\\\/avatar\\\/d67144e966420fb74aa84c9f2a0103be4724fd14db52b52d3b6bca749f257e79?s=96&d=mm&r=g\",\"url\":\"https:\\\/\\\/secure.gravatar.com\\\/avatar\\\/d67144e966420fb74aa84c9f2a0103be4724fd14db52b52d3b6bca749f257e79?s=96&d=mm&r=g\",\"contentUrl\":\"https:\\\/\\\/secure.gravatar.com\\\/avatar\\\/d67144e966420fb74aa84c9f2a0103be4724fd14db52b52d3b6bca749f257e79?s=96&d=mm&r=g\",\"caption\":\"Paco S\u00e1nchez\"},\"sameAs\":[\"https:\\\/\\\/arealorcaradio.es\"],\"url\":\"https:\\\/\\\/arealorcaradio.es\\\/index.php\\\/author\\\/admin_alorcaradio\\\/\"}]}<\/script>\n<!-- \/ Yoast SEO plugin. -->","yoast_head_json":{"title":"La Red Europea de Celebraciones de Semana Santa y Pascua que se re\u00fane en Lorca promocionar\u00e1 la Semana de Pasi\u00f3n internacionalmente. - AREA LORCA RADIO","robots":{"index":"index","follow":"follow","max-snippet":"max-snippet:-1","max-image-preview":"max-image-preview:large","max-video-preview":"max-video-preview:-1"},"canonical":"https:\/\/arealorcaradio.es\/index.php\/2024\/03\/12\/la-red-europea-de-celebraciones-de-semana-santa-y-pascua-que-se-reune-en-lorca-promocionara-la-semana-de-pasion-internacionalmente\/","og_locale":"es_ES","og_type":"article","og_title":"La Red Europea de Celebraciones de Semana Santa y Pascua que se re\u00fane en Lorca promocionar\u00e1 la Semana de Pasi\u00f3n internacionalmente. - AREA LORCA RADIO","og_description":"\u00c1REA LORCA RADIO. Escucha aqu\u00ed la entrevista que ha concedido a Paco S\u00e1nchez el concejal de Cultura y Turismo del Ayuntamiento de Lorca, Santiago Parra, en la que tambi\u00e9n habla de otros temas relacionados con sus concejal\u00edas. Santiago Parra. Concejal de Cultura y Turismo del Ayuntamiento de Lorca. El alcalde de Lorca, Fulgencio Gil J\u00f3dar, [&hellip;]","og_url":"https:\/\/arealorcaradio.es\/index.php\/2024\/03\/12\/la-red-europea-de-celebraciones-de-semana-santa-y-pascua-que-se-reune-en-lorca-promocionara-la-semana-de-pasion-internacionalmente\/","og_site_name":"AREA LORCA RADIO","article_published_time":"2024-03-12T18:56:01+00:00","og_image":[{"width":1599,"height":1066,"url":"https:\/\/arealorcaradio.es\/wp-content\/uploads\/2024\/03\/RED-EUROPEA-SS-2.jpeg","type":"image\/jpeg"}],"author":"Paco S\u00e1nchez","twitter_card":"summary_large_image","twitter_misc":{"Escrito por":"Paco S\u00e1nchez","Tiempo de lectura":"3 minutos"},"schema":{"@context":"https:\/\/schema.org","@graph":[{"@type":"Article","@id":"https:\/\/arealorcaradio.es\/index.php\/2024\/03\/12\/la-red-europea-de-celebraciones-de-semana-santa-y-pascua-que-se-reune-en-lorca-promocionara-la-semana-de-pasion-internacionalmente\/#article","isPartOf":{"@id":"https:\/\/arealorcaradio.es\/index.php\/2024\/03\/12\/la-red-europea-de-celebraciones-de-semana-santa-y-pascua-que-se-reune-en-lorca-promocionara-la-semana-de-pasion-internacionalmente\/"},"author":{"name":"Paco S\u00e1nchez","@id":"https:\/\/arealorcaradio.es\/#\/schema\/person\/9fae605fc25b0f2c83c1ab207139bd27"},"headline":"La Red Europea de Celebraciones de Semana Santa y Pascua que se re\u00fane en Lorca promocionar\u00e1 la Semana de Pasi\u00f3n internacionalmente.","datePublished":"2024-03-12T18:56:01+00:00","mainEntityOfPage":{"@id":"https:\/\/arealorcaradio.es\/index.php\/2024\/03\/12\/la-red-europea-de-celebraciones-de-semana-santa-y-pascua-que-se-reune-en-lorca-promocionara-la-semana-de-pasion-internacionalmente\/"},"wordCount":591,"commentCount":0,"image":{"@id":"https:\/\/arealorcaradio.es\/index.php\/2024\/03\/12\/la-red-europea-de-celebraciones-de-semana-santa-y-pascua-que-se-reune-en-lorca-promocionara-la-semana-de-pasion-internacionalmente\/#primaryimage"},"thumbnailUrl":"https:\/\/arealorcaradio.es\/wp-content\/uploads\/2024\/03\/RED-EUROPEA-SS-2.jpeg","articleSection":["ACTUALIDAD","LORCA"],"inLanguage":"es","potentialAction":[{"@type":"CommentAction","name":"Comment","target":["https:\/\/arealorcaradio.es\/index.php\/2024\/03\/12\/la-red-europea-de-celebraciones-de-semana-santa-y-pascua-que-se-reune-en-lorca-promocionara-la-semana-de-pasion-internacionalmente\/#respond"]}]},{"@type":"WebPage","@id":"https:\/\/arealorcaradio.es\/index.php\/2024\/03\/12\/la-red-europea-de-celebraciones-de-semana-santa-y-pascua-que-se-reune-en-lorca-promocionara-la-semana-de-pasion-internacionalmente\/","url":"https:\/\/arealorcaradio.es\/index.php\/2024\/03\/12\/la-red-europea-de-celebraciones-de-semana-santa-y-pascua-que-se-reune-en-lorca-promocionara-la-semana-de-pasion-internacionalmente\/","name":"La Red Europea de Celebraciones de Semana Santa y Pascua que se re\u00fane en Lorca promocionar\u00e1 la Semana de Pasi\u00f3n internacionalmente. - AREA LORCA RADIO","isPartOf":{"@id":"https:\/\/arealorcaradio.es\/#website"},"primaryImageOfPage":{"@id":"https:\/\/arealorcaradio.es\/index.php\/2024\/03\/12\/la-red-europea-de-celebraciones-de-semana-santa-y-pascua-que-se-reune-en-lorca-promocionara-la-semana-de-pasion-internacionalmente\/#primaryimage"},"image":{"@id":"https:\/\/arealorcaradio.es\/index.php\/2024\/03\/12\/la-red-europea-de-celebraciones-de-semana-santa-y-pascua-que-se-reune-en-lorca-promocionara-la-semana-de-pasion-internacionalmente\/#primaryimage"},"thumbnailUrl":"https:\/\/arealorcaradio.es\/wp-content\/uploads\/2024\/03\/RED-EUROPEA-SS-2.jpeg","datePublished":"2024-03-12T18:56:01+00:00","author":{"@id":"https:\/\/arealorcaradio.es\/#\/schema\/person\/9fae605fc25b0f2c83c1ab207139bd27"},"breadcrumb":{"@id":"https:\/\/arealorcaradio.es\/index.php\/2024\/03\/12\/la-red-europea-de-celebraciones-de-semana-santa-y-pascua-que-se-reune-en-lorca-promocionara-la-semana-de-pasion-internacionalmente\/#breadcrumb"},"inLanguage":"es","potentialAction":[{"@type":"ReadAction","target":["https:\/\/arealorcaradio.es\/index.php\/2024\/03\/12\/la-red-europea-de-celebraciones-de-semana-santa-y-pascua-que-se-reune-en-lorca-promocionara-la-semana-de-pasion-internacionalmente\/"]}]},{"@type":"ImageObject","inLanguage":"es","@id":"https:\/\/arealorcaradio.es\/index.php\/2024\/03\/12\/la-red-europea-de-celebraciones-de-semana-santa-y-pascua-que-se-reune-en-lorca-promocionara-la-semana-de-pasion-internacionalmente\/#primaryimage","url":"https:\/\/arealorcaradio.es\/wp-content\/uploads\/2024\/03\/RED-EUROPEA-SS-2.jpeg","contentUrl":"https:\/\/arealorcaradio.es\/wp-content\/uploads\/2024\/03\/RED-EUROPEA-SS-2.jpeg","width":1599,"height":1066},{"@type":"BreadcrumbList","@id":"https:\/\/arealorcaradio.es\/index.php\/2024\/03\/12\/la-red-europea-de-celebraciones-de-semana-santa-y-pascua-que-se-reune-en-lorca-promocionara-la-semana-de-pasion-internacionalmente\/#breadcrumb","itemListElement":[{"@type":"ListItem","position":1,"name":"Portada","item":"https:\/\/arealorcaradio.es\/"},{"@type":"ListItem","position":2,"name":"La Red Europea de Celebraciones de Semana Santa y Pascua que se re\u00fane en Lorca promocionar\u00e1 la Semana de Pasi\u00f3n internacionalmente."}]},{"@type":"WebSite","@id":"https:\/\/arealorcaradio.es\/#website","url":"https:\/\/arealorcaradio.es\/","name":"AREA LORCA RADIO","description":"Descubre la programaci\u00f3n actual en \u00c1rea Lorca Radio, tu fuente de entrenamiento y noticias locales. Sintoniza ahora y mantente conectado online.","potentialAction":[{"@type":"SearchAction","target":{"@type":"EntryPoint","urlTemplate":"https:\/\/arealorcaradio.es\/?s={search_term_string}"},"query-input":{"@type":"PropertyValueSpecification","valueRequired":true,"valueName":"search_term_string"}}],"inLanguage":"es"},{"@type":"Person","@id":"https:\/\/arealorcaradio.es\/#\/schema\/person\/9fae605fc25b0f2c83c1ab207139bd27","name":"Paco S\u00e1nchez","image":{"@type":"ImageObject","inLanguage":"es","@id":"https:\/\/secure.gravatar.com\/avatar\/d67144e966420fb74aa84c9f2a0103be4724fd14db52b52d3b6bca749f257e79?s=96&d=mm&r=g","url":"https:\/\/secure.gravatar.com\/avatar\/d67144e966420fb74aa84c9f2a0103be4724fd14db52b52d3b6bca749f257e79?s=96&d=mm&r=g","contentUrl":"https:\/\/secure.gravatar.com\/avatar\/d67144e966420fb74aa84c9f2a0103be4724fd14db52b52d3b6bca749f257e79?s=96&d=mm&r=g","caption":"Paco S\u00e1nchez"},"sameAs":["https:\/\/arealorcaradio.es"],"url":"https:\/\/arealorcaradio.es\/index.php\/author\/admin_alorcaradio\/"}]}},"_links":{"self":[{"href":"https:\/\/arealorcaradio.es\/index.php\/wp-json\/wp\/v2\/posts\/2695","targetHints":{"allow":["GET"]}}],"collection":[{"href":"https:\/\/arealorcaradio.es\/index.php\/wp-json\/wp\/v2\/posts"}],"about":[{"href":"https:\/\/arealorcaradio.es\/index.php\/wp-json\/wp\/v2\/types\/post"}],"author":[{"embeddable":true,"href":"https:\/\/arealorcaradio.es\/index.php\/wp-json\/wp\/v2\/users\/1"}],"replies":[{"embeddable":true,"href":"https:\/\/arealorcaradio.es\/index.php\/wp-json\/wp\/v2\/comments?post=2695"}],"version-history":[{"count":2,"href":"https:\/\/arealorcaradio.es\/index.php\/wp-json\/wp\/v2\/posts\/2695\/revisions"}],"predecessor-version":[{"id":2700,"href":"https:\/\/arealorcaradio.es\/index.php\/wp-json\/wp\/v2\/posts\/2695\/revisions\/2700"}],"wp:featuredmedia":[{"embeddable":true,"href":"https:\/\/arealorcaradio.es\/index.php\/wp-json\/wp\/v2\/media\/2696"}],"wp:attachment":[{"href":"https:\/\/arealorcaradio.es\/index.php\/wp-json\/wp\/v2\/media?parent=2695"}],"wp:term":[{"taxonomy":"category","embeddable":true,"href":"https:\/\/arealorcaradio.es\/index.php\/wp-json\/wp\/v2\/categories?post=2695"},{"taxonomy":"post_tag","embeddable":true,"href":"https:\/\/arealorcaradio.es\/index.php\/wp-json\/wp\/v2\/tags?post=2695"}],"curies":[{"name":"wp","href":"https:\/\/api.w.org\/{rel}","templated":true}]}}