{"id":2530,"date":"2024-02-15T20:25:12","date_gmt":"2024-02-15T20:25:12","guid":{"rendered":"https:\/\/arealorcaradio.es\/?p=2530"},"modified":"2024-02-15T20:25:12","modified_gmt":"2024-02-15T20:25:12","slug":"david-martinez-lorca-aparte-de-ser-una-ciudad-barroca-es-un-ejemplo-de-arte-renacentista","status":"publish","type":"post","link":"https:\/\/arealorcaradio.es\/index.php\/2024\/02\/15\/david-martinez-lorca-aparte-de-ser-una-ciudad-barroca-es-un-ejemplo-de-arte-renacentista\/","title":{"rendered":"David Mart\u00ednez: \u00abLorca aparte de ser una ciudad barroca es un ejemplo de arte renacentista\u00bb"},"content":{"rendered":"<p>\u00c1REA LORCA RADIO.<\/p>\n<p>Escucha aqu\u00ed el episodio dedicado al arte renacentista de Lorca en el que el profesor de historia David Mart\u00ednez nos detalla cuales son los edificios, sobre todo del casco hist\u00f3rico, que tienen un marcado estilo que lleg\u00f3 proveniente de Italia.<\/p>\n<audio class=\"wp-audio-shortcode\" id=\"audio-2530-1\" preload=\"none\" style=\"width: 100%;\" controls=\"controls\"><source type=\"audio\/mpeg\" src=\"https:\/\/arealorcaradio.es\/wp-content\/uploads\/2024\/02\/150224-DAVID-MARTINEZ.-RENACIMIENTO-EN-LORCA.mp3?_=1\" \/><a href=\"https:\/\/arealorcaradio.es\/wp-content\/uploads\/2024\/02\/150224-DAVID-MARTINEZ.-RENACIMIENTO-EN-LORCA.mp3\">https:\/\/arealorcaradio.es\/wp-content\/uploads\/2024\/02\/150224-DAVID-MARTINEZ.-RENACIMIENTO-EN-LORCA.mp3<\/a><\/audio>\n","protected":false},"excerpt":{"rendered":"<p>\u00c1REA LORCA RADIO. Escucha aqu\u00ed el episodio dedicado al arte renacentista de Lorca en el que el profesor de historia David Mart\u00ednez nos detalla cuales son los edificios, sobre todo del casco hist\u00f3rico, que tienen un marcado estilo que lleg\u00f3 proveniente de Italia.<\/p>\n","protected":false},"author":1,"featured_media":2532,"comment_status":"open","ping_status":"open","sticky":false,"template":"","format":"standard","meta":{"iawp_total_views":3,"footnotes":""},"categories":[5,7],"tags":[],"class_list":["post-2530","post","type-post","status-publish","format-standard","has-post-thumbnail","hentry","category-actualidad","category-lorca"],"yoast_head":"<!-- This site is optimized with the Yoast SEO plugin v27.5 - https:\/\/yoast.com\/product\/yoast-seo-wordpress\/ -->\n<title>David Mart\u00ednez: &quot;Lorca aparte de ser una ciudad barroca es un ejemplo de arte renacentista&quot; - AREA LORCA RADIO<\/title>\n<meta name=\"robots\" content=\"index, follow, max-snippet:-1, max-image-preview:large, max-video-preview:-1\" \/>\n<link rel=\"canonical\" href=\"https:\/\/arealorcaradio.es\/index.php\/2024\/02\/15\/david-martinez-lorca-aparte-de-ser-una-ciudad-barroca-es-un-ejemplo-de-arte-renacentista\/\" \/>\n<meta property=\"og:locale\" content=\"es_ES\" \/>\n<meta property=\"og:type\" content=\"article\" \/>\n<meta property=\"og:title\" content=\"David Mart\u00ednez: &quot;Lorca aparte de ser una ciudad barroca es un ejemplo de arte renacentista&quot; - AREA LORCA RADIO\" \/>\n<meta property=\"og:description\" content=\"\u00c1REA LORCA RADIO. Escucha aqu\u00ed el episodio dedicado al arte renacentista de Lorca en el que el profesor de historia David Mart\u00ednez nos detalla cuales son los edificios, sobre todo del casco hist\u00f3rico, que tienen un marcado estilo que lleg\u00f3 proveniente de Italia.\" \/>\n<meta property=\"og:url\" content=\"https:\/\/arealorcaradio.es\/index.php\/2024\/02\/15\/david-martinez-lorca-aparte-de-ser-una-ciudad-barroca-es-un-ejemplo-de-arte-renacentista\/\" \/>\n<meta property=\"og:site_name\" content=\"AREA LORCA RADIO\" \/>\n<meta property=\"article:published_time\" content=\"2024-02-15T20:25:12+00:00\" \/>\n<meta property=\"og:image\" content=\"https:\/\/arealorcaradio.es\/wp-content\/uploads\/2024\/02\/Museo-arqueologico.jpg\" \/>\n\t<meta property=\"og:image:width\" content=\"1630\" \/>\n\t<meta property=\"og:image:height\" content=\"1223\" \/>\n\t<meta property=\"og:image:type\" content=\"image\/jpeg\" \/>\n<meta name=\"author\" content=\"Paco S\u00e1nchez\" \/>\n<meta name=\"twitter:card\" content=\"summary_large_image\" \/>\n<meta name=\"twitter:label1\" content=\"Escrito por\" \/>\n\t<meta name=\"twitter:data1\" content=\"Paco S\u00e1nchez\" \/>\n\t<meta name=\"twitter:label2\" content=\"Tiempo de lectura\" \/>\n\t<meta name=\"twitter:data2\" content=\"1 minuto\" \/>\n<script type=\"application\/ld+json\" class=\"yoast-schema-graph\">{\"@context\":\"https:\\\/\\\/schema.org\",\"@graph\":[{\"@type\":\"Article\",\"@id\":\"https:\\\/\\\/arealorcaradio.es\\\/index.php\\\/2024\\\/02\\\/15\\\/david-martinez-lorca-aparte-de-ser-una-ciudad-barroca-es-un-ejemplo-de-arte-renacentista\\\/#article\",\"isPartOf\":{\"@id\":\"https:\\\/\\\/arealorcaradio.es\\\/index.php\\\/2024\\\/02\\\/15\\\/david-martinez-lorca-aparte-de-ser-una-ciudad-barroca-es-un-ejemplo-de-arte-renacentista\\\/\"},\"author\":{\"name\":\"Paco S\u00e1nchez\",\"@id\":\"https:\\\/\\\/arealorcaradio.es\\\/#\\\/schema\\\/person\\\/9fae605fc25b0f2c83c1ab207139bd27\"},\"headline\":\"David Mart\u00ednez: \u00abLorca aparte de ser una ciudad barroca es un ejemplo de arte renacentista\u00bb\",\"datePublished\":\"2024-02-15T20:25:12+00:00\",\"mainEntityOfPage\":{\"@id\":\"https:\\\/\\\/arealorcaradio.es\\\/index.php\\\/2024\\\/02\\\/15\\\/david-martinez-lorca-aparte-de-ser-una-ciudad-barroca-es-un-ejemplo-de-arte-renacentista\\\/\"},\"wordCount\":72,\"commentCount\":0,\"image\":{\"@id\":\"https:\\\/\\\/arealorcaradio.es\\\/index.php\\\/2024\\\/02\\\/15\\\/david-martinez-lorca-aparte-de-ser-una-ciudad-barroca-es-un-ejemplo-de-arte-renacentista\\\/#primaryimage\"},\"thumbnailUrl\":\"https:\\\/\\\/arealorcaradio.es\\\/wp-content\\\/uploads\\\/2024\\\/02\\\/Museo-arqueologico.jpg\",\"articleSection\":[\"ACTUALIDAD\",\"LORCA\"],\"inLanguage\":\"es\",\"potentialAction\":[{\"@type\":\"CommentAction\",\"name\":\"Comment\",\"target\":[\"https:\\\/\\\/arealorcaradio.es\\\/index.php\\\/2024\\\/02\\\/15\\\/david-martinez-lorca-aparte-de-ser-una-ciudad-barroca-es-un-ejemplo-de-arte-renacentista\\\/#respond\"]}]},{\"@type\":\"WebPage\",\"@id\":\"https:\\\/\\\/arealorcaradio.es\\\/index.php\\\/2024\\\/02\\\/15\\\/david-martinez-lorca-aparte-de-ser-una-ciudad-barroca-es-un-ejemplo-de-arte-renacentista\\\/\",\"url\":\"https:\\\/\\\/arealorcaradio.es\\\/index.php\\\/2024\\\/02\\\/15\\\/david-martinez-lorca-aparte-de-ser-una-ciudad-barroca-es-un-ejemplo-de-arte-renacentista\\\/\",\"name\":\"David Mart\u00ednez: \\\"Lorca aparte de ser una ciudad barroca es un ejemplo de arte renacentista\\\" - AREA LORCA RADIO\",\"isPartOf\":{\"@id\":\"https:\\\/\\\/arealorcaradio.es\\\/#website\"},\"primaryImageOfPage\":{\"@id\":\"https:\\\/\\\/arealorcaradio.es\\\/index.php\\\/2024\\\/02\\\/15\\\/david-martinez-lorca-aparte-de-ser-una-ciudad-barroca-es-un-ejemplo-de-arte-renacentista\\\/#primaryimage\"},\"image\":{\"@id\":\"https:\\\/\\\/arealorcaradio.es\\\/index.php\\\/2024\\\/02\\\/15\\\/david-martinez-lorca-aparte-de-ser-una-ciudad-barroca-es-un-ejemplo-de-arte-renacentista\\\/#primaryimage\"},\"thumbnailUrl\":\"https:\\\/\\\/arealorcaradio.es\\\/wp-content\\\/uploads\\\/2024\\\/02\\\/Museo-arqueologico.jpg\",\"datePublished\":\"2024-02-15T20:25:12+00:00\",\"author\":{\"@id\":\"https:\\\/\\\/arealorcaradio.es\\\/#\\\/schema\\\/person\\\/9fae605fc25b0f2c83c1ab207139bd27\"},\"breadcrumb\":{\"@id\":\"https:\\\/\\\/arealorcaradio.es\\\/index.php\\\/2024\\\/02\\\/15\\\/david-martinez-lorca-aparte-de-ser-una-ciudad-barroca-es-un-ejemplo-de-arte-renacentista\\\/#breadcrumb\"},\"inLanguage\":\"es\",\"potentialAction\":[{\"@type\":\"ReadAction\",\"target\":[\"https:\\\/\\\/arealorcaradio.es\\\/index.php\\\/2024\\\/02\\\/15\\\/david-martinez-lorca-aparte-de-ser-una-ciudad-barroca-es-un-ejemplo-de-arte-renacentista\\\/\"]}]},{\"@type\":\"ImageObject\",\"inLanguage\":\"es\",\"@id\":\"https:\\\/\\\/arealorcaradio.es\\\/index.php\\\/2024\\\/02\\\/15\\\/david-martinez-lorca-aparte-de-ser-una-ciudad-barroca-es-un-ejemplo-de-arte-renacentista\\\/#primaryimage\",\"url\":\"https:\\\/\\\/arealorcaradio.es\\\/wp-content\\\/uploads\\\/2024\\\/02\\\/Museo-arqueologico.jpg\",\"contentUrl\":\"https:\\\/\\\/arealorcaradio.es\\\/wp-content\\\/uploads\\\/2024\\\/02\\\/Museo-arqueologico.jpg\",\"width\":1630,\"height\":1223},{\"@type\":\"BreadcrumbList\",\"@id\":\"https:\\\/\\\/arealorcaradio.es\\\/index.php\\\/2024\\\/02\\\/15\\\/david-martinez-lorca-aparte-de-ser-una-ciudad-barroca-es-un-ejemplo-de-arte-renacentista\\\/#breadcrumb\",\"itemListElement\":[{\"@type\":\"ListItem\",\"position\":1,\"name\":\"Portada\",\"item\":\"https:\\\/\\\/arealorcaradio.es\\\/\"},{\"@type\":\"ListItem\",\"position\":2,\"name\":\"David Mart\u00ednez: \u00abLorca aparte de ser una ciudad barroca es un ejemplo de arte renacentista\u00bb\"}]},{\"@type\":\"WebSite\",\"@id\":\"https:\\\/\\\/arealorcaradio.es\\\/#website\",\"url\":\"https:\\\/\\\/arealorcaradio.es\\\/\",\"name\":\"AREA LORCA RADIO\",\"description\":\"Descubre la programaci\u00f3n actual en \u00c1rea Lorca Radio, tu fuente de entrenamiento y noticias locales. Sintoniza ahora y mantente conectado online.\",\"potentialAction\":[{\"@type\":\"SearchAction\",\"target\":{\"@type\":\"EntryPoint\",\"urlTemplate\":\"https:\\\/\\\/arealorcaradio.es\\\/?s={search_term_string}\"},\"query-input\":{\"@type\":\"PropertyValueSpecification\",\"valueRequired\":true,\"valueName\":\"search_term_string\"}}],\"inLanguage\":\"es\"},{\"@type\":\"Person\",\"@id\":\"https:\\\/\\\/arealorcaradio.es\\\/#\\\/schema\\\/person\\\/9fae605fc25b0f2c83c1ab207139bd27\",\"name\":\"Paco S\u00e1nchez\",\"image\":{\"@type\":\"ImageObject\",\"inLanguage\":\"es\",\"@id\":\"https:\\\/\\\/secure.gravatar.com\\\/avatar\\\/d67144e966420fb74aa84c9f2a0103be4724fd14db52b52d3b6bca749f257e79?s=96&d=mm&r=g\",\"url\":\"https:\\\/\\\/secure.gravatar.com\\\/avatar\\\/d67144e966420fb74aa84c9f2a0103be4724fd14db52b52d3b6bca749f257e79?s=96&d=mm&r=g\",\"contentUrl\":\"https:\\\/\\\/secure.gravatar.com\\\/avatar\\\/d67144e966420fb74aa84c9f2a0103be4724fd14db52b52d3b6bca749f257e79?s=96&d=mm&r=g\",\"caption\":\"Paco S\u00e1nchez\"},\"sameAs\":[\"https:\\\/\\\/arealorcaradio.es\"],\"url\":\"https:\\\/\\\/arealorcaradio.es\\\/index.php\\\/author\\\/admin_alorcaradio\\\/\"}]}<\/script>\n<!-- \/ Yoast SEO plugin. -->","yoast_head_json":{"title":"David Mart\u00ednez: \"Lorca aparte de ser una ciudad barroca es un ejemplo de arte renacentista\" - AREA LORCA RADIO","robots":{"index":"index","follow":"follow","max-snippet":"max-snippet:-1","max-image-preview":"max-image-preview:large","max-video-preview":"max-video-preview:-1"},"canonical":"https:\/\/arealorcaradio.es\/index.php\/2024\/02\/15\/david-martinez-lorca-aparte-de-ser-una-ciudad-barroca-es-un-ejemplo-de-arte-renacentista\/","og_locale":"es_ES","og_type":"article","og_title":"David Mart\u00ednez: \"Lorca aparte de ser una ciudad barroca es un ejemplo de arte renacentista\" - AREA LORCA RADIO","og_description":"\u00c1REA LORCA RADIO. Escucha aqu\u00ed el episodio dedicado al arte renacentista de Lorca en el que el profesor de historia David Mart\u00ednez nos detalla cuales son los edificios, sobre todo del casco hist\u00f3rico, que tienen un marcado estilo que lleg\u00f3 proveniente de Italia.","og_url":"https:\/\/arealorcaradio.es\/index.php\/2024\/02\/15\/david-martinez-lorca-aparte-de-ser-una-ciudad-barroca-es-un-ejemplo-de-arte-renacentista\/","og_site_name":"AREA LORCA RADIO","article_published_time":"2024-02-15T20:25:12+00:00","og_image":[{"width":1630,"height":1223,"url":"https:\/\/arealorcaradio.es\/wp-content\/uploads\/2024\/02\/Museo-arqueologico.jpg","type":"image\/jpeg"}],"author":"Paco S\u00e1nchez","twitter_card":"summary_large_image","twitter_misc":{"Escrito por":"Paco S\u00e1nchez","Tiempo de lectura":"1 minuto"},"schema":{"@context":"https:\/\/schema.org","@graph":[{"@type":"Article","@id":"https:\/\/arealorcaradio.es\/index.php\/2024\/02\/15\/david-martinez-lorca-aparte-de-ser-una-ciudad-barroca-es-un-ejemplo-de-arte-renacentista\/#article","isPartOf":{"@id":"https:\/\/arealorcaradio.es\/index.php\/2024\/02\/15\/david-martinez-lorca-aparte-de-ser-una-ciudad-barroca-es-un-ejemplo-de-arte-renacentista\/"},"author":{"name":"Paco S\u00e1nchez","@id":"https:\/\/arealorcaradio.es\/#\/schema\/person\/9fae605fc25b0f2c83c1ab207139bd27"},"headline":"David Mart\u00ednez: \u00abLorca aparte de ser una ciudad barroca es un ejemplo de arte renacentista\u00bb","datePublished":"2024-02-15T20:25:12+00:00","mainEntityOfPage":{"@id":"https:\/\/arealorcaradio.es\/index.php\/2024\/02\/15\/david-martinez-lorca-aparte-de-ser-una-ciudad-barroca-es-un-ejemplo-de-arte-renacentista\/"},"wordCount":72,"commentCount":0,"image":{"@id":"https:\/\/arealorcaradio.es\/index.php\/2024\/02\/15\/david-martinez-lorca-aparte-de-ser-una-ciudad-barroca-es-un-ejemplo-de-arte-renacentista\/#primaryimage"},"thumbnailUrl":"https:\/\/arealorcaradio.es\/wp-content\/uploads\/2024\/02\/Museo-arqueologico.jpg","articleSection":["ACTUALIDAD","LORCA"],"inLanguage":"es","potentialAction":[{"@type":"CommentAction","name":"Comment","target":["https:\/\/arealorcaradio.es\/index.php\/2024\/02\/15\/david-martinez-lorca-aparte-de-ser-una-ciudad-barroca-es-un-ejemplo-de-arte-renacentista\/#respond"]}]},{"@type":"WebPage","@id":"https:\/\/arealorcaradio.es\/index.php\/2024\/02\/15\/david-martinez-lorca-aparte-de-ser-una-ciudad-barroca-es-un-ejemplo-de-arte-renacentista\/","url":"https:\/\/arealorcaradio.es\/index.php\/2024\/02\/15\/david-martinez-lorca-aparte-de-ser-una-ciudad-barroca-es-un-ejemplo-de-arte-renacentista\/","name":"David Mart\u00ednez: \"Lorca aparte de ser una ciudad barroca es un ejemplo de arte renacentista\" - AREA LORCA RADIO","isPartOf":{"@id":"https:\/\/arealorcaradio.es\/#website"},"primaryImageOfPage":{"@id":"https:\/\/arealorcaradio.es\/index.php\/2024\/02\/15\/david-martinez-lorca-aparte-de-ser-una-ciudad-barroca-es-un-ejemplo-de-arte-renacentista\/#primaryimage"},"image":{"@id":"https:\/\/arealorcaradio.es\/index.php\/2024\/02\/15\/david-martinez-lorca-aparte-de-ser-una-ciudad-barroca-es-un-ejemplo-de-arte-renacentista\/#primaryimage"},"thumbnailUrl":"https:\/\/arealorcaradio.es\/wp-content\/uploads\/2024\/02\/Museo-arqueologico.jpg","datePublished":"2024-02-15T20:25:12+00:00","author":{"@id":"https:\/\/arealorcaradio.es\/#\/schema\/person\/9fae605fc25b0f2c83c1ab207139bd27"},"breadcrumb":{"@id":"https:\/\/arealorcaradio.es\/index.php\/2024\/02\/15\/david-martinez-lorca-aparte-de-ser-una-ciudad-barroca-es-un-ejemplo-de-arte-renacentista\/#breadcrumb"},"inLanguage":"es","potentialAction":[{"@type":"ReadAction","target":["https:\/\/arealorcaradio.es\/index.php\/2024\/02\/15\/david-martinez-lorca-aparte-de-ser-una-ciudad-barroca-es-un-ejemplo-de-arte-renacentista\/"]}]},{"@type":"ImageObject","inLanguage":"es","@id":"https:\/\/arealorcaradio.es\/index.php\/2024\/02\/15\/david-martinez-lorca-aparte-de-ser-una-ciudad-barroca-es-un-ejemplo-de-arte-renacentista\/#primaryimage","url":"https:\/\/arealorcaradio.es\/wp-content\/uploads\/2024\/02\/Museo-arqueologico.jpg","contentUrl":"https:\/\/arealorcaradio.es\/wp-content\/uploads\/2024\/02\/Museo-arqueologico.jpg","width":1630,"height":1223},{"@type":"BreadcrumbList","@id":"https:\/\/arealorcaradio.es\/index.php\/2024\/02\/15\/david-martinez-lorca-aparte-de-ser-una-ciudad-barroca-es-un-ejemplo-de-arte-renacentista\/#breadcrumb","itemListElement":[{"@type":"ListItem","position":1,"name":"Portada","item":"https:\/\/arealorcaradio.es\/"},{"@type":"ListItem","position":2,"name":"David Mart\u00ednez: \u00abLorca aparte de ser una ciudad barroca es un ejemplo de arte renacentista\u00bb"}]},{"@type":"WebSite","@id":"https:\/\/arealorcaradio.es\/#website","url":"https:\/\/arealorcaradio.es\/","name":"AREA LORCA RADIO","description":"Descubre la programaci\u00f3n actual en \u00c1rea Lorca Radio, tu fuente de entrenamiento y noticias locales. Sintoniza ahora y mantente conectado online.","potentialAction":[{"@type":"SearchAction","target":{"@type":"EntryPoint","urlTemplate":"https:\/\/arealorcaradio.es\/?s={search_term_string}"},"query-input":{"@type":"PropertyValueSpecification","valueRequired":true,"valueName":"search_term_string"}}],"inLanguage":"es"},{"@type":"Person","@id":"https:\/\/arealorcaradio.es\/#\/schema\/person\/9fae605fc25b0f2c83c1ab207139bd27","name":"Paco S\u00e1nchez","image":{"@type":"ImageObject","inLanguage":"es","@id":"https:\/\/secure.gravatar.com\/avatar\/d67144e966420fb74aa84c9f2a0103be4724fd14db52b52d3b6bca749f257e79?s=96&d=mm&r=g","url":"https:\/\/secure.gravatar.com\/avatar\/d67144e966420fb74aa84c9f2a0103be4724fd14db52b52d3b6bca749f257e79?s=96&d=mm&r=g","contentUrl":"https:\/\/secure.gravatar.com\/avatar\/d67144e966420fb74aa84c9f2a0103be4724fd14db52b52d3b6bca749f257e79?s=96&d=mm&r=g","caption":"Paco S\u00e1nchez"},"sameAs":["https:\/\/arealorcaradio.es"],"url":"https:\/\/arealorcaradio.es\/index.php\/author\/admin_alorcaradio\/"}]}},"_links":{"self":[{"href":"https:\/\/arealorcaradio.es\/index.php\/wp-json\/wp\/v2\/posts\/2530","targetHints":{"allow":["GET"]}}],"collection":[{"href":"https:\/\/arealorcaradio.es\/index.php\/wp-json\/wp\/v2\/posts"}],"about":[{"href":"https:\/\/arealorcaradio.es\/index.php\/wp-json\/wp\/v2\/types\/post"}],"author":[{"embeddable":true,"href":"https:\/\/arealorcaradio.es\/index.php\/wp-json\/wp\/v2\/users\/1"}],"replies":[{"embeddable":true,"href":"https:\/\/arealorcaradio.es\/index.php\/wp-json\/wp\/v2\/comments?post=2530"}],"version-history":[{"count":1,"href":"https:\/\/arealorcaradio.es\/index.php\/wp-json\/wp\/v2\/posts\/2530\/revisions"}],"predecessor-version":[{"id":2533,"href":"https:\/\/arealorcaradio.es\/index.php\/wp-json\/wp\/v2\/posts\/2530\/revisions\/2533"}],"wp:featuredmedia":[{"embeddable":true,"href":"https:\/\/arealorcaradio.es\/index.php\/wp-json\/wp\/v2\/media\/2532"}],"wp:attachment":[{"href":"https:\/\/arealorcaradio.es\/index.php\/wp-json\/wp\/v2\/media?parent=2530"}],"wp:term":[{"taxonomy":"category","embeddable":true,"href":"https:\/\/arealorcaradio.es\/index.php\/wp-json\/wp\/v2\/categories?post=2530"},{"taxonomy":"post_tag","embeddable":true,"href":"https:\/\/arealorcaradio.es\/index.php\/wp-json\/wp\/v2\/tags?post=2530"}],"curies":[{"name":"wp","href":"https:\/\/api.w.org\/{rel}","templated":true}]}}