{"id":2518,"date":"2024-02-15T20:25:43","date_gmt":"2024-02-15T20:25:43","guid":{"rendered":"https:\/\/arealorcaradio.es\/?p=2518"},"modified":"2024-02-15T20:25:43","modified_gmt":"2024-02-15T20:25:43","slug":"este-viernes-16-de-febrero-comienza-el-viacrucis-del-paso-morado-que-se-llevara-a-cabo-durante-la-cuaresma","status":"publish","type":"post","link":"https:\/\/arealorcaradio.es\/index.php\/2024\/02\/15\/este-viernes-16-de-febrero-comienza-el-viacrucis-del-paso-morado-que-se-llevara-a-cabo-durante-la-cuaresma\/","title":{"rendered":"Este viernes 16 de febrero comienza el Viacrucis del Paso Morado que se llevar\u00e1 a cabo durante la cuaresma"},"content":{"rendered":"<p>\u00c1REA LORCA RADIO.<\/p>\n<p>Escucha aqu\u00ed la entrevista que ha concedido a Paco S\u00e1nchez el Hermano Mayor de la Hermandad de Rezaores de Lorca, Paso Morado, Alfonso S\u00e1nchez Barn\u00e9s, en la que habla de la historia de esta tradici\u00f3n \u00fanica en el mundo. En el cartel adjunto aparecen los horarios y d\u00eda del Viacrucis lorquino.<\/p>\n<audio class=\"wp-audio-shortcode\" id=\"audio-2518-1\" preload=\"none\" style=\"width: 100%;\" controls=\"controls\"><source type=\"audio\/mpeg\" src=\"https:\/\/arealorcaradio.es\/wp-content\/uploads\/2024\/02\/150224-ANFONSO-SANCHEZ-BARNES.-REZAORES-PASO-MORADO.mp3?_=1\" \/><a href=\"https:\/\/arealorcaradio.es\/wp-content\/uploads\/2024\/02\/150224-ANFONSO-SANCHEZ-BARNES.-REZAORES-PASO-MORADO.mp3\">https:\/\/arealorcaradio.es\/wp-content\/uploads\/2024\/02\/150224-ANFONSO-SANCHEZ-BARNES.-REZAORES-PASO-MORADO.mp3<\/a><\/audio>\n<p><img loading=\"lazy\" decoding=\"async\" class=\"alignnone size-medium wp-image-2519\" src=\"https:\/\/arealorcaradio.es\/wp-content\/uploads\/2024\/02\/cartel-viacrucis-240x300.jpg\" alt=\"\" width=\"240\" height=\"300\" srcset=\"https:\/\/arealorcaradio.es\/wp-content\/uploads\/2024\/02\/cartel-viacrucis-240x300.jpg 240w, https:\/\/arealorcaradio.es\/wp-content\/uploads\/2024\/02\/cartel-viacrucis-820x1024.jpg 820w, https:\/\/arealorcaradio.es\/wp-content\/uploads\/2024\/02\/cartel-viacrucis-768x959.jpg 768w, https:\/\/arealorcaradio.es\/wp-content\/uploads\/2024\/02\/cartel-viacrucis.jpg 827w\" sizes=\"auto, (max-width: 240px) 100vw, 240px\" \/><\/p>\n","protected":false},"excerpt":{"rendered":"<p>\u00c1REA LORCA RADIO. Escucha aqu\u00ed la entrevista que ha concedido a Paco S\u00e1nchez el Hermano Mayor de la Hermandad de Rezaores de Lorca, Paso Morado, Alfonso S\u00e1nchez Barn\u00e9s, en la que habla de la historia de esta tradici\u00f3n \u00fanica en el mundo. En el cartel adjunto aparecen los horarios y d\u00eda del Viacrucis lorquino.<\/p>\n","protected":false},"author":1,"featured_media":2521,"comment_status":"open","ping_status":"open","sticky":false,"template":"","format":"standard","meta":{"iawp_total_views":3,"footnotes":""},"categories":[5,7],"tags":[],"class_list":["post-2518","post","type-post","status-publish","format-standard","has-post-thumbnail","hentry","category-actualidad","category-lorca"],"yoast_head":"<!-- This site is optimized with the Yoast SEO plugin v27.5 - https:\/\/yoast.com\/product\/yoast-seo-wordpress\/ -->\n<title>Este viernes 16 de febrero comienza el Viacrucis del Paso Morado que se llevar\u00e1 a cabo durante la cuaresma - AREA LORCA RADIO<\/title>\n<meta name=\"robots\" content=\"index, follow, max-snippet:-1, max-image-preview:large, max-video-preview:-1\" \/>\n<link rel=\"canonical\" href=\"https:\/\/arealorcaradio.es\/index.php\/2024\/02\/15\/este-viernes-16-de-febrero-comienza-el-viacrucis-del-paso-morado-que-se-llevara-a-cabo-durante-la-cuaresma\/\" \/>\n<meta property=\"og:locale\" content=\"es_ES\" \/>\n<meta property=\"og:type\" content=\"article\" \/>\n<meta property=\"og:title\" content=\"Este viernes 16 de febrero comienza el Viacrucis del Paso Morado que se llevar\u00e1 a cabo durante la cuaresma - AREA LORCA RADIO\" \/>\n<meta property=\"og:description\" content=\"\u00c1REA LORCA RADIO. Escucha aqu\u00ed la entrevista que ha concedido a Paco S\u00e1nchez el Hermano Mayor de la Hermandad de Rezaores de Lorca, Paso Morado, Alfonso S\u00e1nchez Barn\u00e9s, en la que habla de la historia de esta tradici\u00f3n \u00fanica en el mundo. En el cartel adjunto aparecen los horarios y d\u00eda del Viacrucis lorquino.\" \/>\n<meta property=\"og:url\" content=\"https:\/\/arealorcaradio.es\/index.php\/2024\/02\/15\/este-viernes-16-de-febrero-comienza-el-viacrucis-del-paso-morado-que-se-llevara-a-cabo-durante-la-cuaresma\/\" \/>\n<meta property=\"og:site_name\" content=\"AREA LORCA RADIO\" \/>\n<meta property=\"article:published_time\" content=\"2024-02-15T20:25:43+00:00\" \/>\n<meta property=\"og:image\" content=\"https:\/\/arealorcaradio.es\/wp-content\/uploads\/2024\/02\/20240215_123416-scaled.jpg\" \/>\n\t<meta property=\"og:image:width\" content=\"2560\" \/>\n\t<meta property=\"og:image:height\" content=\"1920\" \/>\n\t<meta property=\"og:image:type\" content=\"image\/jpeg\" \/>\n<meta name=\"author\" content=\"Paco S\u00e1nchez\" \/>\n<meta name=\"twitter:card\" content=\"summary_large_image\" \/>\n<meta name=\"twitter:label1\" content=\"Escrito por\" \/>\n\t<meta name=\"twitter:data1\" content=\"Paco S\u00e1nchez\" \/>\n\t<meta name=\"twitter:label2\" content=\"Tiempo de lectura\" \/>\n\t<meta name=\"twitter:data2\" content=\"1 minuto\" \/>\n<script type=\"application\/ld+json\" class=\"yoast-schema-graph\">{\"@context\":\"https:\\\/\\\/schema.org\",\"@graph\":[{\"@type\":\"Article\",\"@id\":\"https:\\\/\\\/arealorcaradio.es\\\/index.php\\\/2024\\\/02\\\/15\\\/este-viernes-16-de-febrero-comienza-el-viacrucis-del-paso-morado-que-se-llevara-a-cabo-durante-la-cuaresma\\\/#article\",\"isPartOf\":{\"@id\":\"https:\\\/\\\/arealorcaradio.es\\\/index.php\\\/2024\\\/02\\\/15\\\/este-viernes-16-de-febrero-comienza-el-viacrucis-del-paso-morado-que-se-llevara-a-cabo-durante-la-cuaresma\\\/\"},\"author\":{\"name\":\"Paco S\u00e1nchez\",\"@id\":\"https:\\\/\\\/arealorcaradio.es\\\/#\\\/schema\\\/person\\\/9fae605fc25b0f2c83c1ab207139bd27\"},\"headline\":\"Este viernes 16 de febrero comienza el Viacrucis del Paso Morado que se llevar\u00e1 a cabo durante la cuaresma\",\"datePublished\":\"2024-02-15T20:25:43+00:00\",\"mainEntityOfPage\":{\"@id\":\"https:\\\/\\\/arealorcaradio.es\\\/index.php\\\/2024\\\/02\\\/15\\\/este-viernes-16-de-febrero-comienza-el-viacrucis-del-paso-morado-que-se-llevara-a-cabo-durante-la-cuaresma\\\/\"},\"wordCount\":88,\"commentCount\":0,\"image\":{\"@id\":\"https:\\\/\\\/arealorcaradio.es\\\/index.php\\\/2024\\\/02\\\/15\\\/este-viernes-16-de-febrero-comienza-el-viacrucis-del-paso-morado-que-se-llevara-a-cabo-durante-la-cuaresma\\\/#primaryimage\"},\"thumbnailUrl\":\"https:\\\/\\\/arealorcaradio.es\\\/wp-content\\\/uploads\\\/2024\\\/02\\\/20240215_123416-scaled.jpg\",\"articleSection\":[\"ACTUALIDAD\",\"LORCA\"],\"inLanguage\":\"es\",\"potentialAction\":[{\"@type\":\"CommentAction\",\"name\":\"Comment\",\"target\":[\"https:\\\/\\\/arealorcaradio.es\\\/index.php\\\/2024\\\/02\\\/15\\\/este-viernes-16-de-febrero-comienza-el-viacrucis-del-paso-morado-que-se-llevara-a-cabo-durante-la-cuaresma\\\/#respond\"]}]},{\"@type\":\"WebPage\",\"@id\":\"https:\\\/\\\/arealorcaradio.es\\\/index.php\\\/2024\\\/02\\\/15\\\/este-viernes-16-de-febrero-comienza-el-viacrucis-del-paso-morado-que-se-llevara-a-cabo-durante-la-cuaresma\\\/\",\"url\":\"https:\\\/\\\/arealorcaradio.es\\\/index.php\\\/2024\\\/02\\\/15\\\/este-viernes-16-de-febrero-comienza-el-viacrucis-del-paso-morado-que-se-llevara-a-cabo-durante-la-cuaresma\\\/\",\"name\":\"Este viernes 16 de febrero comienza el Viacrucis del Paso Morado que se llevar\u00e1 a cabo durante la cuaresma - AREA LORCA RADIO\",\"isPartOf\":{\"@id\":\"https:\\\/\\\/arealorcaradio.es\\\/#website\"},\"primaryImageOfPage\":{\"@id\":\"https:\\\/\\\/arealorcaradio.es\\\/index.php\\\/2024\\\/02\\\/15\\\/este-viernes-16-de-febrero-comienza-el-viacrucis-del-paso-morado-que-se-llevara-a-cabo-durante-la-cuaresma\\\/#primaryimage\"},\"image\":{\"@id\":\"https:\\\/\\\/arealorcaradio.es\\\/index.php\\\/2024\\\/02\\\/15\\\/este-viernes-16-de-febrero-comienza-el-viacrucis-del-paso-morado-que-se-llevara-a-cabo-durante-la-cuaresma\\\/#primaryimage\"},\"thumbnailUrl\":\"https:\\\/\\\/arealorcaradio.es\\\/wp-content\\\/uploads\\\/2024\\\/02\\\/20240215_123416-scaled.jpg\",\"datePublished\":\"2024-02-15T20:25:43+00:00\",\"author\":{\"@id\":\"https:\\\/\\\/arealorcaradio.es\\\/#\\\/schema\\\/person\\\/9fae605fc25b0f2c83c1ab207139bd27\"},\"breadcrumb\":{\"@id\":\"https:\\\/\\\/arealorcaradio.es\\\/index.php\\\/2024\\\/02\\\/15\\\/este-viernes-16-de-febrero-comienza-el-viacrucis-del-paso-morado-que-se-llevara-a-cabo-durante-la-cuaresma\\\/#breadcrumb\"},\"inLanguage\":\"es\",\"potentialAction\":[{\"@type\":\"ReadAction\",\"target\":[\"https:\\\/\\\/arealorcaradio.es\\\/index.php\\\/2024\\\/02\\\/15\\\/este-viernes-16-de-febrero-comienza-el-viacrucis-del-paso-morado-que-se-llevara-a-cabo-durante-la-cuaresma\\\/\"]}]},{\"@type\":\"ImageObject\",\"inLanguage\":\"es\",\"@id\":\"https:\\\/\\\/arealorcaradio.es\\\/index.php\\\/2024\\\/02\\\/15\\\/este-viernes-16-de-febrero-comienza-el-viacrucis-del-paso-morado-que-se-llevara-a-cabo-durante-la-cuaresma\\\/#primaryimage\",\"url\":\"https:\\\/\\\/arealorcaradio.es\\\/wp-content\\\/uploads\\\/2024\\\/02\\\/20240215_123416-scaled.jpg\",\"contentUrl\":\"https:\\\/\\\/arealorcaradio.es\\\/wp-content\\\/uploads\\\/2024\\\/02\\\/20240215_123416-scaled.jpg\",\"width\":2560,\"height\":1920},{\"@type\":\"BreadcrumbList\",\"@id\":\"https:\\\/\\\/arealorcaradio.es\\\/index.php\\\/2024\\\/02\\\/15\\\/este-viernes-16-de-febrero-comienza-el-viacrucis-del-paso-morado-que-se-llevara-a-cabo-durante-la-cuaresma\\\/#breadcrumb\",\"itemListElement\":[{\"@type\":\"ListItem\",\"position\":1,\"name\":\"Portada\",\"item\":\"https:\\\/\\\/arealorcaradio.es\\\/\"},{\"@type\":\"ListItem\",\"position\":2,\"name\":\"Este viernes 16 de febrero comienza el Viacrucis del Paso Morado que se llevar\u00e1 a cabo durante la cuaresma\"}]},{\"@type\":\"WebSite\",\"@id\":\"https:\\\/\\\/arealorcaradio.es\\\/#website\",\"url\":\"https:\\\/\\\/arealorcaradio.es\\\/\",\"name\":\"AREA LORCA RADIO\",\"description\":\"Descubre la programaci\u00f3n actual en \u00c1rea Lorca Radio, tu fuente de entrenamiento y noticias locales. Sintoniza ahora y mantente conectado online.\",\"potentialAction\":[{\"@type\":\"SearchAction\",\"target\":{\"@type\":\"EntryPoint\",\"urlTemplate\":\"https:\\\/\\\/arealorcaradio.es\\\/?s={search_term_string}\"},\"query-input\":{\"@type\":\"PropertyValueSpecification\",\"valueRequired\":true,\"valueName\":\"search_term_string\"}}],\"inLanguage\":\"es\"},{\"@type\":\"Person\",\"@id\":\"https:\\\/\\\/arealorcaradio.es\\\/#\\\/schema\\\/person\\\/9fae605fc25b0f2c83c1ab207139bd27\",\"name\":\"Paco S\u00e1nchez\",\"image\":{\"@type\":\"ImageObject\",\"inLanguage\":\"es\",\"@id\":\"https:\\\/\\\/secure.gravatar.com\\\/avatar\\\/d67144e966420fb74aa84c9f2a0103be4724fd14db52b52d3b6bca749f257e79?s=96&d=mm&r=g\",\"url\":\"https:\\\/\\\/secure.gravatar.com\\\/avatar\\\/d67144e966420fb74aa84c9f2a0103be4724fd14db52b52d3b6bca749f257e79?s=96&d=mm&r=g\",\"contentUrl\":\"https:\\\/\\\/secure.gravatar.com\\\/avatar\\\/d67144e966420fb74aa84c9f2a0103be4724fd14db52b52d3b6bca749f257e79?s=96&d=mm&r=g\",\"caption\":\"Paco S\u00e1nchez\"},\"sameAs\":[\"https:\\\/\\\/arealorcaradio.es\"],\"url\":\"https:\\\/\\\/arealorcaradio.es\\\/index.php\\\/author\\\/admin_alorcaradio\\\/\"}]}<\/script>\n<!-- \/ Yoast SEO plugin. -->","yoast_head_json":{"title":"Este viernes 16 de febrero comienza el Viacrucis del Paso Morado que se llevar\u00e1 a cabo durante la cuaresma - AREA LORCA RADIO","robots":{"index":"index","follow":"follow","max-snippet":"max-snippet:-1","max-image-preview":"max-image-preview:large","max-video-preview":"max-video-preview:-1"},"canonical":"https:\/\/arealorcaradio.es\/index.php\/2024\/02\/15\/este-viernes-16-de-febrero-comienza-el-viacrucis-del-paso-morado-que-se-llevara-a-cabo-durante-la-cuaresma\/","og_locale":"es_ES","og_type":"article","og_title":"Este viernes 16 de febrero comienza el Viacrucis del Paso Morado que se llevar\u00e1 a cabo durante la cuaresma - AREA LORCA RADIO","og_description":"\u00c1REA LORCA RADIO. Escucha aqu\u00ed la entrevista que ha concedido a Paco S\u00e1nchez el Hermano Mayor de la Hermandad de Rezaores de Lorca, Paso Morado, Alfonso S\u00e1nchez Barn\u00e9s, en la que habla de la historia de esta tradici\u00f3n \u00fanica en el mundo. En el cartel adjunto aparecen los horarios y d\u00eda del Viacrucis lorquino.","og_url":"https:\/\/arealorcaradio.es\/index.php\/2024\/02\/15\/este-viernes-16-de-febrero-comienza-el-viacrucis-del-paso-morado-que-se-llevara-a-cabo-durante-la-cuaresma\/","og_site_name":"AREA LORCA RADIO","article_published_time":"2024-02-15T20:25:43+00:00","og_image":[{"width":2560,"height":1920,"url":"https:\/\/arealorcaradio.es\/wp-content\/uploads\/2024\/02\/20240215_123416-scaled.jpg","type":"image\/jpeg"}],"author":"Paco S\u00e1nchez","twitter_card":"summary_large_image","twitter_misc":{"Escrito por":"Paco S\u00e1nchez","Tiempo de lectura":"1 minuto"},"schema":{"@context":"https:\/\/schema.org","@graph":[{"@type":"Article","@id":"https:\/\/arealorcaradio.es\/index.php\/2024\/02\/15\/este-viernes-16-de-febrero-comienza-el-viacrucis-del-paso-morado-que-se-llevara-a-cabo-durante-la-cuaresma\/#article","isPartOf":{"@id":"https:\/\/arealorcaradio.es\/index.php\/2024\/02\/15\/este-viernes-16-de-febrero-comienza-el-viacrucis-del-paso-morado-que-se-llevara-a-cabo-durante-la-cuaresma\/"},"author":{"name":"Paco S\u00e1nchez","@id":"https:\/\/arealorcaradio.es\/#\/schema\/person\/9fae605fc25b0f2c83c1ab207139bd27"},"headline":"Este viernes 16 de febrero comienza el Viacrucis del Paso Morado que se llevar\u00e1 a cabo durante la cuaresma","datePublished":"2024-02-15T20:25:43+00:00","mainEntityOfPage":{"@id":"https:\/\/arealorcaradio.es\/index.php\/2024\/02\/15\/este-viernes-16-de-febrero-comienza-el-viacrucis-del-paso-morado-que-se-llevara-a-cabo-durante-la-cuaresma\/"},"wordCount":88,"commentCount":0,"image":{"@id":"https:\/\/arealorcaradio.es\/index.php\/2024\/02\/15\/este-viernes-16-de-febrero-comienza-el-viacrucis-del-paso-morado-que-se-llevara-a-cabo-durante-la-cuaresma\/#primaryimage"},"thumbnailUrl":"https:\/\/arealorcaradio.es\/wp-content\/uploads\/2024\/02\/20240215_123416-scaled.jpg","articleSection":["ACTUALIDAD","LORCA"],"inLanguage":"es","potentialAction":[{"@type":"CommentAction","name":"Comment","target":["https:\/\/arealorcaradio.es\/index.php\/2024\/02\/15\/este-viernes-16-de-febrero-comienza-el-viacrucis-del-paso-morado-que-se-llevara-a-cabo-durante-la-cuaresma\/#respond"]}]},{"@type":"WebPage","@id":"https:\/\/arealorcaradio.es\/index.php\/2024\/02\/15\/este-viernes-16-de-febrero-comienza-el-viacrucis-del-paso-morado-que-se-llevara-a-cabo-durante-la-cuaresma\/","url":"https:\/\/arealorcaradio.es\/index.php\/2024\/02\/15\/este-viernes-16-de-febrero-comienza-el-viacrucis-del-paso-morado-que-se-llevara-a-cabo-durante-la-cuaresma\/","name":"Este viernes 16 de febrero comienza el Viacrucis del Paso Morado que se llevar\u00e1 a cabo durante la cuaresma - AREA LORCA RADIO","isPartOf":{"@id":"https:\/\/arealorcaradio.es\/#website"},"primaryImageOfPage":{"@id":"https:\/\/arealorcaradio.es\/index.php\/2024\/02\/15\/este-viernes-16-de-febrero-comienza-el-viacrucis-del-paso-morado-que-se-llevara-a-cabo-durante-la-cuaresma\/#primaryimage"},"image":{"@id":"https:\/\/arealorcaradio.es\/index.php\/2024\/02\/15\/este-viernes-16-de-febrero-comienza-el-viacrucis-del-paso-morado-que-se-llevara-a-cabo-durante-la-cuaresma\/#primaryimage"},"thumbnailUrl":"https:\/\/arealorcaradio.es\/wp-content\/uploads\/2024\/02\/20240215_123416-scaled.jpg","datePublished":"2024-02-15T20:25:43+00:00","author":{"@id":"https:\/\/arealorcaradio.es\/#\/schema\/person\/9fae605fc25b0f2c83c1ab207139bd27"},"breadcrumb":{"@id":"https:\/\/arealorcaradio.es\/index.php\/2024\/02\/15\/este-viernes-16-de-febrero-comienza-el-viacrucis-del-paso-morado-que-se-llevara-a-cabo-durante-la-cuaresma\/#breadcrumb"},"inLanguage":"es","potentialAction":[{"@type":"ReadAction","target":["https:\/\/arealorcaradio.es\/index.php\/2024\/02\/15\/este-viernes-16-de-febrero-comienza-el-viacrucis-del-paso-morado-que-se-llevara-a-cabo-durante-la-cuaresma\/"]}]},{"@type":"ImageObject","inLanguage":"es","@id":"https:\/\/arealorcaradio.es\/index.php\/2024\/02\/15\/este-viernes-16-de-febrero-comienza-el-viacrucis-del-paso-morado-que-se-llevara-a-cabo-durante-la-cuaresma\/#primaryimage","url":"https:\/\/arealorcaradio.es\/wp-content\/uploads\/2024\/02\/20240215_123416-scaled.jpg","contentUrl":"https:\/\/arealorcaradio.es\/wp-content\/uploads\/2024\/02\/20240215_123416-scaled.jpg","width":2560,"height":1920},{"@type":"BreadcrumbList","@id":"https:\/\/arealorcaradio.es\/index.php\/2024\/02\/15\/este-viernes-16-de-febrero-comienza-el-viacrucis-del-paso-morado-que-se-llevara-a-cabo-durante-la-cuaresma\/#breadcrumb","itemListElement":[{"@type":"ListItem","position":1,"name":"Portada","item":"https:\/\/arealorcaradio.es\/"},{"@type":"ListItem","position":2,"name":"Este viernes 16 de febrero comienza el Viacrucis del Paso Morado que se llevar\u00e1 a cabo durante la cuaresma"}]},{"@type":"WebSite","@id":"https:\/\/arealorcaradio.es\/#website","url":"https:\/\/arealorcaradio.es\/","name":"AREA LORCA RADIO","description":"Descubre la programaci\u00f3n actual en \u00c1rea Lorca Radio, tu fuente de entrenamiento y noticias locales. Sintoniza ahora y mantente conectado online.","potentialAction":[{"@type":"SearchAction","target":{"@type":"EntryPoint","urlTemplate":"https:\/\/arealorcaradio.es\/?s={search_term_string}"},"query-input":{"@type":"PropertyValueSpecification","valueRequired":true,"valueName":"search_term_string"}}],"inLanguage":"es"},{"@type":"Person","@id":"https:\/\/arealorcaradio.es\/#\/schema\/person\/9fae605fc25b0f2c83c1ab207139bd27","name":"Paco S\u00e1nchez","image":{"@type":"ImageObject","inLanguage":"es","@id":"https:\/\/secure.gravatar.com\/avatar\/d67144e966420fb74aa84c9f2a0103be4724fd14db52b52d3b6bca749f257e79?s=96&d=mm&r=g","url":"https:\/\/secure.gravatar.com\/avatar\/d67144e966420fb74aa84c9f2a0103be4724fd14db52b52d3b6bca749f257e79?s=96&d=mm&r=g","contentUrl":"https:\/\/secure.gravatar.com\/avatar\/d67144e966420fb74aa84c9f2a0103be4724fd14db52b52d3b6bca749f257e79?s=96&d=mm&r=g","caption":"Paco S\u00e1nchez"},"sameAs":["https:\/\/arealorcaradio.es"],"url":"https:\/\/arealorcaradio.es\/index.php\/author\/admin_alorcaradio\/"}]}},"_links":{"self":[{"href":"https:\/\/arealorcaradio.es\/index.php\/wp-json\/wp\/v2\/posts\/2518","targetHints":{"allow":["GET"]}}],"collection":[{"href":"https:\/\/arealorcaradio.es\/index.php\/wp-json\/wp\/v2\/posts"}],"about":[{"href":"https:\/\/arealorcaradio.es\/index.php\/wp-json\/wp\/v2\/types\/post"}],"author":[{"embeddable":true,"href":"https:\/\/arealorcaradio.es\/index.php\/wp-json\/wp\/v2\/users\/1"}],"replies":[{"embeddable":true,"href":"https:\/\/arealorcaradio.es\/index.php\/wp-json\/wp\/v2\/comments?post=2518"}],"version-history":[{"count":2,"href":"https:\/\/arealorcaradio.es\/index.php\/wp-json\/wp\/v2\/posts\/2518\/revisions"}],"predecessor-version":[{"id":2523,"href":"https:\/\/arealorcaradio.es\/index.php\/wp-json\/wp\/v2\/posts\/2518\/revisions\/2523"}],"wp:featuredmedia":[{"embeddable":true,"href":"https:\/\/arealorcaradio.es\/index.php\/wp-json\/wp\/v2\/media\/2521"}],"wp:attachment":[{"href":"https:\/\/arealorcaradio.es\/index.php\/wp-json\/wp\/v2\/media?parent=2518"}],"wp:term":[{"taxonomy":"category","embeddable":true,"href":"https:\/\/arealorcaradio.es\/index.php\/wp-json\/wp\/v2\/categories?post=2518"},{"taxonomy":"post_tag","embeddable":true,"href":"https:\/\/arealorcaradio.es\/index.php\/wp-json\/wp\/v2\/tags?post=2518"}],"curies":[{"name":"wp","href":"https:\/\/api.w.org\/{rel}","templated":true}]}}