{"id":25,"date":"2023-02-07T15:04:39","date_gmt":"2023-02-07T15:04:39","guid":{"rendered":"https:\/\/arealorcaradio.es\/?p=25"},"modified":"2023-02-07T15:04:39","modified_gmt":"2023-02-07T15:04:39","slug":"el-ayuntamiento-de-lorca-pone-a-disposicion-de-las-autoridades-todos-los-recursos-municipales-disponibles-tras-el-terremoto-ocurrido-en-turquia-y-siria","status":"publish","type":"post","link":"https:\/\/arealorcaradio.es\/index.php\/2023\/02\/07\/el-ayuntamiento-de-lorca-pone-a-disposicion-de-las-autoridades-todos-los-recursos-municipales-disponibles-tras-el-terremoto-ocurrido-en-turquia-y-siria\/","title":{"rendered":"El Ayuntamiento de Lorca pone a disposici\u00f3n de las autoridades todos los recursos municipales disponibles tras el terremoto ocurrido en Turqu\u00eda y Siria"},"content":{"rendered":"<p>\u00c1REA LORCA RADIO.<\/p>\n<p><b><\/b>El alcalde de Lorca, Diego Jos\u00e9 Mateos, ha puesto a disposici\u00f3n de las autoridades competentes todos los recursos municipales disponibles tras el terremoto que ha tenido lugar en la madrugada de este pasado lunes en Turqu\u00eda y Siria.<\/p>\n<div>Mateos Molina ha mostrado \u00abla m\u00e1s profunda solidaridad desde Lorca con Turqu\u00eda por este terremoto de magnitud 7,8 grados en la escala de Ritcher y que ha causado, hasta el momento, m\u00e1s de 5.000 fallecidos.<\/div>\n<div><\/div>\n<div>El Primer edil ha destacado que \u00abpor desgracia, los lorquinos y lorquinas somos conocedores de la situaci\u00f3n de incertidumbre que generan se\u00edsmos de esta magnitud y, por ello, queremos poner a disposici\u00f3n de las autoridades, con cuyo alcalde ya estamos en contacto, la experiencia y el sistema de actuaci\u00f3n necesario tras producirse un se\u00edsmo con el que contamos\u00bb.<\/div>\n<div><\/div>\n<div>Desde el Ayuntamiento de Lorca se ha mandado una notificaci\u00f3n tanto a la Direcci\u00f3n general de Protecci\u00f3n Civil del Gobierno de Espa\u00f1a, como a la de la Comunidad Aut\u00f3noma, para trasladar nuestra<b>\u00a0<\/b>disposici\u00f3n a colaborar con todos los medios municipales disponibles, as\u00ed como con nuestro personal t\u00e9cnico con experiencia en la materia para ayudar en todo lo posible a trabajar en paliar los efectos del terremoto que se ha producido en la frontera entre Turqu\u00eda y Siria, en definitiva, en ayudar en todo lo que se estime conveniente.<\/div>\n<div><\/div>\n<div>El alcalde de Lorca ha indicado que \u00abde entre los recursos disponibles que se pueden aportar desde el Servicio de Emergencias del Ayuntamiento de Lorca, ante una posible intervenci\u00f3n humanitaria enmarcada dentro de una respuesta nacional al terremoto que ha afectado al sur de Turqu\u00eda y el norte de Siria, ponemos a disposici\u00f3n un equipo de 10 personas formado por profesionales y voluntarios\u00bb.<\/div>\n<div><\/div>\n<div>En cuanto al personal profesional esta aportaci\u00f3n contar\u00e1 con un T\u00e9cnico en emergencias jefe de equipo; cinco Agentes de emergencias\/rescatadores, todos ellos formados en rescate en estructuras colapsadas. Tambi\u00e9n personal de apoyo de la Agrupaci\u00f3n de Voluntarios, con dos voluntarios T\u00e9cnicos en Emergencias Sanitarias y otros dos voluntarios Logistas.<\/div>\n<div><\/div>\n<div>Dentro de los medios materiales se pone a disposici\u00f3n un equipo de apuntalamiento y estabilizaci\u00f3n de estructuras para realizar rescates; otro de excarcelaci\u00f3n; otro de inmovilizaci\u00f3n sanitaria; un equipo de log\u00edstico y de transmisiones; un veh\u00edculo ligero ATV con remolque; y una miniexcavadora.<\/div>\n<div><\/div>\n<div>Por \u00faltimo, Diego Jos\u00e9 Mateos ha reiterado \u00abel m\u00e1s absoluto apoyo desde Lorca y la total colaboraci\u00f3n y disposici\u00f3n para ayudar en todo lo que est\u00e9 en nuestras manos, poniendo a su disposici\u00f3n todos los medios municipales de los que disponemos\u00bb.<\/div>\n","protected":false},"excerpt":{"rendered":"<p>\u00c1REA LORCA RADIO. El alcalde de Lorca, Diego Jos\u00e9 Mateos, ha puesto a disposici\u00f3n de las autoridades competentes todos los recursos municipales disponibles tras el terremoto que ha tenido lugar en la madrugada de este pasado lunes en Turqu\u00eda y Siria. Mateos Molina ha mostrado \u00abla m\u00e1s profunda solidaridad desde Lorca con Turqu\u00eda por este [&hellip;]<\/p>\n","protected":false},"author":1,"featured_media":26,"comment_status":"open","ping_status":"open","sticky":false,"template":"","format":"standard","meta":{"iawp_total_views":1,"footnotes":""},"categories":[7],"tags":[],"class_list":["post-25","post","type-post","status-publish","format-standard","has-post-thumbnail","hentry","category-lorca"],"yoast_head":"<!-- This site is optimized with the Yoast SEO plugin v27.5 - https:\/\/yoast.com\/product\/yoast-seo-wordpress\/ -->\n<title>El Ayuntamiento de Lorca pone a disposici\u00f3n de las autoridades todos los recursos municipales disponibles tras el terremoto ocurrido en Turqu\u00eda y Siria - AREA LORCA RADIO<\/title>\n<meta name=\"robots\" content=\"index, follow, max-snippet:-1, max-image-preview:large, max-video-preview:-1\" \/>\n<link rel=\"canonical\" href=\"https:\/\/arealorcaradio.es\/index.php\/2023\/02\/07\/el-ayuntamiento-de-lorca-pone-a-disposicion-de-las-autoridades-todos-los-recursos-municipales-disponibles-tras-el-terremoto-ocurrido-en-turquia-y-siria\/\" \/>\n<meta property=\"og:locale\" content=\"es_ES\" \/>\n<meta property=\"og:type\" content=\"article\" \/>\n<meta property=\"og:title\" content=\"El Ayuntamiento de Lorca pone a disposici\u00f3n de las autoridades todos los recursos municipales disponibles tras el terremoto ocurrido en Turqu\u00eda y Siria - AREA LORCA RADIO\" \/>\n<meta property=\"og:description\" content=\"\u00c1REA LORCA RADIO. El alcalde de Lorca, Diego Jos\u00e9 Mateos, ha puesto a disposici\u00f3n de las autoridades competentes todos los recursos municipales disponibles tras el terremoto que ha tenido lugar en la madrugada de este pasado lunes en Turqu\u00eda y Siria. Mateos Molina ha mostrado \u00abla m\u00e1s profunda solidaridad desde Lorca con Turqu\u00eda por este [&hellip;]\" \/>\n<meta property=\"og:url\" content=\"https:\/\/arealorcaradio.es\/index.php\/2023\/02\/07\/el-ayuntamiento-de-lorca-pone-a-disposicion-de-las-autoridades-todos-los-recursos-municipales-disponibles-tras-el-terremoto-ocurrido-en-turquia-y-siria\/\" \/>\n<meta property=\"og:site_name\" content=\"AREA LORCA RADIO\" \/>\n<meta property=\"article:published_time\" content=\"2023-02-07T15:04:39+00:00\" \/>\n<meta property=\"og:image\" content=\"https:\/\/arealorcaradio.es\/wp-content\/uploads\/2023\/02\/DIEGO-JOSE-MATEOS-INSTITUCIONAL.jpeg\" \/>\n\t<meta property=\"og:image:width\" content=\"1600\" \/>\n\t<meta property=\"og:image:height\" content=\"1199\" \/>\n\t<meta property=\"og:image:type\" content=\"image\/jpeg\" \/>\n<meta name=\"author\" content=\"Paco S\u00e1nchez\" \/>\n<meta name=\"twitter:card\" content=\"summary_large_image\" \/>\n<meta name=\"twitter:label1\" content=\"Escrito por\" \/>\n\t<meta name=\"twitter:data1\" content=\"Paco S\u00e1nchez\" \/>\n\t<meta name=\"twitter:label2\" content=\"Tiempo de lectura\" \/>\n\t<meta name=\"twitter:data2\" content=\"2 minutos\" \/>\n<script type=\"application\/ld+json\" class=\"yoast-schema-graph\">{\"@context\":\"https:\\\/\\\/schema.org\",\"@graph\":[{\"@type\":\"Article\",\"@id\":\"https:\\\/\\\/arealorcaradio.es\\\/index.php\\\/2023\\\/02\\\/07\\\/el-ayuntamiento-de-lorca-pone-a-disposicion-de-las-autoridades-todos-los-recursos-municipales-disponibles-tras-el-terremoto-ocurrido-en-turquia-y-siria\\\/#article\",\"isPartOf\":{\"@id\":\"https:\\\/\\\/arealorcaradio.es\\\/index.php\\\/2023\\\/02\\\/07\\\/el-ayuntamiento-de-lorca-pone-a-disposicion-de-las-autoridades-todos-los-recursos-municipales-disponibles-tras-el-terremoto-ocurrido-en-turquia-y-siria\\\/\"},\"author\":{\"name\":\"Paco S\u00e1nchez\",\"@id\":\"https:\\\/\\\/arealorcaradio.es\\\/#\\\/schema\\\/person\\\/9fae605fc25b0f2c83c1ab207139bd27\"},\"headline\":\"El Ayuntamiento de Lorca pone a disposici\u00f3n de las autoridades todos los recursos municipales disponibles tras el terremoto ocurrido en Turqu\u00eda y Siria\",\"datePublished\":\"2023-02-07T15:04:39+00:00\",\"mainEntityOfPage\":{\"@id\":\"https:\\\/\\\/arealorcaradio.es\\\/index.php\\\/2023\\\/02\\\/07\\\/el-ayuntamiento-de-lorca-pone-a-disposicion-de-las-autoridades-todos-los-recursos-municipales-disponibles-tras-el-terremoto-ocurrido-en-turquia-y-siria\\\/\"},\"wordCount\":477,\"commentCount\":0,\"image\":{\"@id\":\"https:\\\/\\\/arealorcaradio.es\\\/index.php\\\/2023\\\/02\\\/07\\\/el-ayuntamiento-de-lorca-pone-a-disposicion-de-las-autoridades-todos-los-recursos-municipales-disponibles-tras-el-terremoto-ocurrido-en-turquia-y-siria\\\/#primaryimage\"},\"thumbnailUrl\":\"https:\\\/\\\/arealorcaradio.es\\\/wp-content\\\/uploads\\\/2023\\\/02\\\/DIEGO-JOSE-MATEOS-INSTITUCIONAL.jpeg\",\"articleSection\":[\"LORCA\"],\"inLanguage\":\"es\",\"potentialAction\":[{\"@type\":\"CommentAction\",\"name\":\"Comment\",\"target\":[\"https:\\\/\\\/arealorcaradio.es\\\/index.php\\\/2023\\\/02\\\/07\\\/el-ayuntamiento-de-lorca-pone-a-disposicion-de-las-autoridades-todos-los-recursos-municipales-disponibles-tras-el-terremoto-ocurrido-en-turquia-y-siria\\\/#respond\"]}]},{\"@type\":\"WebPage\",\"@id\":\"https:\\\/\\\/arealorcaradio.es\\\/index.php\\\/2023\\\/02\\\/07\\\/el-ayuntamiento-de-lorca-pone-a-disposicion-de-las-autoridades-todos-los-recursos-municipales-disponibles-tras-el-terremoto-ocurrido-en-turquia-y-siria\\\/\",\"url\":\"https:\\\/\\\/arealorcaradio.es\\\/index.php\\\/2023\\\/02\\\/07\\\/el-ayuntamiento-de-lorca-pone-a-disposicion-de-las-autoridades-todos-los-recursos-municipales-disponibles-tras-el-terremoto-ocurrido-en-turquia-y-siria\\\/\",\"name\":\"El Ayuntamiento de Lorca pone a disposici\u00f3n de las autoridades todos los recursos municipales disponibles tras el terremoto ocurrido en Turqu\u00eda y Siria - AREA LORCA RADIO\",\"isPartOf\":{\"@id\":\"https:\\\/\\\/arealorcaradio.es\\\/#website\"},\"primaryImageOfPage\":{\"@id\":\"https:\\\/\\\/arealorcaradio.es\\\/index.php\\\/2023\\\/02\\\/07\\\/el-ayuntamiento-de-lorca-pone-a-disposicion-de-las-autoridades-todos-los-recursos-municipales-disponibles-tras-el-terremoto-ocurrido-en-turquia-y-siria\\\/#primaryimage\"},\"image\":{\"@id\":\"https:\\\/\\\/arealorcaradio.es\\\/index.php\\\/2023\\\/02\\\/07\\\/el-ayuntamiento-de-lorca-pone-a-disposicion-de-las-autoridades-todos-los-recursos-municipales-disponibles-tras-el-terremoto-ocurrido-en-turquia-y-siria\\\/#primaryimage\"},\"thumbnailUrl\":\"https:\\\/\\\/arealorcaradio.es\\\/wp-content\\\/uploads\\\/2023\\\/02\\\/DIEGO-JOSE-MATEOS-INSTITUCIONAL.jpeg\",\"datePublished\":\"2023-02-07T15:04:39+00:00\",\"author\":{\"@id\":\"https:\\\/\\\/arealorcaradio.es\\\/#\\\/schema\\\/person\\\/9fae605fc25b0f2c83c1ab207139bd27\"},\"breadcrumb\":{\"@id\":\"https:\\\/\\\/arealorcaradio.es\\\/index.php\\\/2023\\\/02\\\/07\\\/el-ayuntamiento-de-lorca-pone-a-disposicion-de-las-autoridades-todos-los-recursos-municipales-disponibles-tras-el-terremoto-ocurrido-en-turquia-y-siria\\\/#breadcrumb\"},\"inLanguage\":\"es\",\"potentialAction\":[{\"@type\":\"ReadAction\",\"target\":[\"https:\\\/\\\/arealorcaradio.es\\\/index.php\\\/2023\\\/02\\\/07\\\/el-ayuntamiento-de-lorca-pone-a-disposicion-de-las-autoridades-todos-los-recursos-municipales-disponibles-tras-el-terremoto-ocurrido-en-turquia-y-siria\\\/\"]}]},{\"@type\":\"ImageObject\",\"inLanguage\":\"es\",\"@id\":\"https:\\\/\\\/arealorcaradio.es\\\/index.php\\\/2023\\\/02\\\/07\\\/el-ayuntamiento-de-lorca-pone-a-disposicion-de-las-autoridades-todos-los-recursos-municipales-disponibles-tras-el-terremoto-ocurrido-en-turquia-y-siria\\\/#primaryimage\",\"url\":\"https:\\\/\\\/arealorcaradio.es\\\/wp-content\\\/uploads\\\/2023\\\/02\\\/DIEGO-JOSE-MATEOS-INSTITUCIONAL.jpeg\",\"contentUrl\":\"https:\\\/\\\/arealorcaradio.es\\\/wp-content\\\/uploads\\\/2023\\\/02\\\/DIEGO-JOSE-MATEOS-INSTITUCIONAL.jpeg\",\"width\":1600,\"height\":1199},{\"@type\":\"BreadcrumbList\",\"@id\":\"https:\\\/\\\/arealorcaradio.es\\\/index.php\\\/2023\\\/02\\\/07\\\/el-ayuntamiento-de-lorca-pone-a-disposicion-de-las-autoridades-todos-los-recursos-municipales-disponibles-tras-el-terremoto-ocurrido-en-turquia-y-siria\\\/#breadcrumb\",\"itemListElement\":[{\"@type\":\"ListItem\",\"position\":1,\"name\":\"Portada\",\"item\":\"https:\\\/\\\/arealorcaradio.es\\\/\"},{\"@type\":\"ListItem\",\"position\":2,\"name\":\"El Ayuntamiento de Lorca pone a disposici\u00f3n de las autoridades todos los recursos municipales disponibles tras el terremoto ocurrido en Turqu\u00eda y Siria\"}]},{\"@type\":\"WebSite\",\"@id\":\"https:\\\/\\\/arealorcaradio.es\\\/#website\",\"url\":\"https:\\\/\\\/arealorcaradio.es\\\/\",\"name\":\"AREA LORCA RADIO\",\"description\":\"Descubre la programaci\u00f3n actual en \u00c1rea Lorca Radio, tu fuente de entrenamiento y noticias locales. Sintoniza ahora y mantente conectado online.\",\"potentialAction\":[{\"@type\":\"SearchAction\",\"target\":{\"@type\":\"EntryPoint\",\"urlTemplate\":\"https:\\\/\\\/arealorcaradio.es\\\/?s={search_term_string}\"},\"query-input\":{\"@type\":\"PropertyValueSpecification\",\"valueRequired\":true,\"valueName\":\"search_term_string\"}}],\"inLanguage\":\"es\"},{\"@type\":\"Person\",\"@id\":\"https:\\\/\\\/arealorcaradio.es\\\/#\\\/schema\\\/person\\\/9fae605fc25b0f2c83c1ab207139bd27\",\"name\":\"Paco S\u00e1nchez\",\"image\":{\"@type\":\"ImageObject\",\"inLanguage\":\"es\",\"@id\":\"https:\\\/\\\/secure.gravatar.com\\\/avatar\\\/d67144e966420fb74aa84c9f2a0103be4724fd14db52b52d3b6bca749f257e79?s=96&d=mm&r=g\",\"url\":\"https:\\\/\\\/secure.gravatar.com\\\/avatar\\\/d67144e966420fb74aa84c9f2a0103be4724fd14db52b52d3b6bca749f257e79?s=96&d=mm&r=g\",\"contentUrl\":\"https:\\\/\\\/secure.gravatar.com\\\/avatar\\\/d67144e966420fb74aa84c9f2a0103be4724fd14db52b52d3b6bca749f257e79?s=96&d=mm&r=g\",\"caption\":\"Paco S\u00e1nchez\"},\"sameAs\":[\"https:\\\/\\\/arealorcaradio.es\"],\"url\":\"https:\\\/\\\/arealorcaradio.es\\\/index.php\\\/author\\\/admin_alorcaradio\\\/\"}]}<\/script>\n<!-- \/ Yoast SEO plugin. -->","yoast_head_json":{"title":"El Ayuntamiento de Lorca pone a disposici\u00f3n de las autoridades todos los recursos municipales disponibles tras el terremoto ocurrido en Turqu\u00eda y Siria - AREA LORCA RADIO","robots":{"index":"index","follow":"follow","max-snippet":"max-snippet:-1","max-image-preview":"max-image-preview:large","max-video-preview":"max-video-preview:-1"},"canonical":"https:\/\/arealorcaradio.es\/index.php\/2023\/02\/07\/el-ayuntamiento-de-lorca-pone-a-disposicion-de-las-autoridades-todos-los-recursos-municipales-disponibles-tras-el-terremoto-ocurrido-en-turquia-y-siria\/","og_locale":"es_ES","og_type":"article","og_title":"El Ayuntamiento de Lorca pone a disposici\u00f3n de las autoridades todos los recursos municipales disponibles tras el terremoto ocurrido en Turqu\u00eda y Siria - AREA LORCA RADIO","og_description":"\u00c1REA LORCA RADIO. El alcalde de Lorca, Diego Jos\u00e9 Mateos, ha puesto a disposici\u00f3n de las autoridades competentes todos los recursos municipales disponibles tras el terremoto que ha tenido lugar en la madrugada de este pasado lunes en Turqu\u00eda y Siria. Mateos Molina ha mostrado \u00abla m\u00e1s profunda solidaridad desde Lorca con Turqu\u00eda por este [&hellip;]","og_url":"https:\/\/arealorcaradio.es\/index.php\/2023\/02\/07\/el-ayuntamiento-de-lorca-pone-a-disposicion-de-las-autoridades-todos-los-recursos-municipales-disponibles-tras-el-terremoto-ocurrido-en-turquia-y-siria\/","og_site_name":"AREA LORCA RADIO","article_published_time":"2023-02-07T15:04:39+00:00","og_image":[{"width":1600,"height":1199,"url":"https:\/\/arealorcaradio.es\/wp-content\/uploads\/2023\/02\/DIEGO-JOSE-MATEOS-INSTITUCIONAL.jpeg","type":"image\/jpeg"}],"author":"Paco S\u00e1nchez","twitter_card":"summary_large_image","twitter_misc":{"Escrito por":"Paco S\u00e1nchez","Tiempo de lectura":"2 minutos"},"schema":{"@context":"https:\/\/schema.org","@graph":[{"@type":"Article","@id":"https:\/\/arealorcaradio.es\/index.php\/2023\/02\/07\/el-ayuntamiento-de-lorca-pone-a-disposicion-de-las-autoridades-todos-los-recursos-municipales-disponibles-tras-el-terremoto-ocurrido-en-turquia-y-siria\/#article","isPartOf":{"@id":"https:\/\/arealorcaradio.es\/index.php\/2023\/02\/07\/el-ayuntamiento-de-lorca-pone-a-disposicion-de-las-autoridades-todos-los-recursos-municipales-disponibles-tras-el-terremoto-ocurrido-en-turquia-y-siria\/"},"author":{"name":"Paco S\u00e1nchez","@id":"https:\/\/arealorcaradio.es\/#\/schema\/person\/9fae605fc25b0f2c83c1ab207139bd27"},"headline":"El Ayuntamiento de Lorca pone a disposici\u00f3n de las autoridades todos los recursos municipales disponibles tras el terremoto ocurrido en Turqu\u00eda y Siria","datePublished":"2023-02-07T15:04:39+00:00","mainEntityOfPage":{"@id":"https:\/\/arealorcaradio.es\/index.php\/2023\/02\/07\/el-ayuntamiento-de-lorca-pone-a-disposicion-de-las-autoridades-todos-los-recursos-municipales-disponibles-tras-el-terremoto-ocurrido-en-turquia-y-siria\/"},"wordCount":477,"commentCount":0,"image":{"@id":"https:\/\/arealorcaradio.es\/index.php\/2023\/02\/07\/el-ayuntamiento-de-lorca-pone-a-disposicion-de-las-autoridades-todos-los-recursos-municipales-disponibles-tras-el-terremoto-ocurrido-en-turquia-y-siria\/#primaryimage"},"thumbnailUrl":"https:\/\/arealorcaradio.es\/wp-content\/uploads\/2023\/02\/DIEGO-JOSE-MATEOS-INSTITUCIONAL.jpeg","articleSection":["LORCA"],"inLanguage":"es","potentialAction":[{"@type":"CommentAction","name":"Comment","target":["https:\/\/arealorcaradio.es\/index.php\/2023\/02\/07\/el-ayuntamiento-de-lorca-pone-a-disposicion-de-las-autoridades-todos-los-recursos-municipales-disponibles-tras-el-terremoto-ocurrido-en-turquia-y-siria\/#respond"]}]},{"@type":"WebPage","@id":"https:\/\/arealorcaradio.es\/index.php\/2023\/02\/07\/el-ayuntamiento-de-lorca-pone-a-disposicion-de-las-autoridades-todos-los-recursos-municipales-disponibles-tras-el-terremoto-ocurrido-en-turquia-y-siria\/","url":"https:\/\/arealorcaradio.es\/index.php\/2023\/02\/07\/el-ayuntamiento-de-lorca-pone-a-disposicion-de-las-autoridades-todos-los-recursos-municipales-disponibles-tras-el-terremoto-ocurrido-en-turquia-y-siria\/","name":"El Ayuntamiento de Lorca pone a disposici\u00f3n de las autoridades todos los recursos municipales disponibles tras el terremoto ocurrido en Turqu\u00eda y Siria - AREA LORCA RADIO","isPartOf":{"@id":"https:\/\/arealorcaradio.es\/#website"},"primaryImageOfPage":{"@id":"https:\/\/arealorcaradio.es\/index.php\/2023\/02\/07\/el-ayuntamiento-de-lorca-pone-a-disposicion-de-las-autoridades-todos-los-recursos-municipales-disponibles-tras-el-terremoto-ocurrido-en-turquia-y-siria\/#primaryimage"},"image":{"@id":"https:\/\/arealorcaradio.es\/index.php\/2023\/02\/07\/el-ayuntamiento-de-lorca-pone-a-disposicion-de-las-autoridades-todos-los-recursos-municipales-disponibles-tras-el-terremoto-ocurrido-en-turquia-y-siria\/#primaryimage"},"thumbnailUrl":"https:\/\/arealorcaradio.es\/wp-content\/uploads\/2023\/02\/DIEGO-JOSE-MATEOS-INSTITUCIONAL.jpeg","datePublished":"2023-02-07T15:04:39+00:00","author":{"@id":"https:\/\/arealorcaradio.es\/#\/schema\/person\/9fae605fc25b0f2c83c1ab207139bd27"},"breadcrumb":{"@id":"https:\/\/arealorcaradio.es\/index.php\/2023\/02\/07\/el-ayuntamiento-de-lorca-pone-a-disposicion-de-las-autoridades-todos-los-recursos-municipales-disponibles-tras-el-terremoto-ocurrido-en-turquia-y-siria\/#breadcrumb"},"inLanguage":"es","potentialAction":[{"@type":"ReadAction","target":["https:\/\/arealorcaradio.es\/index.php\/2023\/02\/07\/el-ayuntamiento-de-lorca-pone-a-disposicion-de-las-autoridades-todos-los-recursos-municipales-disponibles-tras-el-terremoto-ocurrido-en-turquia-y-siria\/"]}]},{"@type":"ImageObject","inLanguage":"es","@id":"https:\/\/arealorcaradio.es\/index.php\/2023\/02\/07\/el-ayuntamiento-de-lorca-pone-a-disposicion-de-las-autoridades-todos-los-recursos-municipales-disponibles-tras-el-terremoto-ocurrido-en-turquia-y-siria\/#primaryimage","url":"https:\/\/arealorcaradio.es\/wp-content\/uploads\/2023\/02\/DIEGO-JOSE-MATEOS-INSTITUCIONAL.jpeg","contentUrl":"https:\/\/arealorcaradio.es\/wp-content\/uploads\/2023\/02\/DIEGO-JOSE-MATEOS-INSTITUCIONAL.jpeg","width":1600,"height":1199},{"@type":"BreadcrumbList","@id":"https:\/\/arealorcaradio.es\/index.php\/2023\/02\/07\/el-ayuntamiento-de-lorca-pone-a-disposicion-de-las-autoridades-todos-los-recursos-municipales-disponibles-tras-el-terremoto-ocurrido-en-turquia-y-siria\/#breadcrumb","itemListElement":[{"@type":"ListItem","position":1,"name":"Portada","item":"https:\/\/arealorcaradio.es\/"},{"@type":"ListItem","position":2,"name":"El Ayuntamiento de Lorca pone a disposici\u00f3n de las autoridades todos los recursos municipales disponibles tras el terremoto ocurrido en Turqu\u00eda y Siria"}]},{"@type":"WebSite","@id":"https:\/\/arealorcaradio.es\/#website","url":"https:\/\/arealorcaradio.es\/","name":"AREA LORCA RADIO","description":"Descubre la programaci\u00f3n actual en \u00c1rea Lorca Radio, tu fuente de entrenamiento y noticias locales. Sintoniza ahora y mantente conectado online.","potentialAction":[{"@type":"SearchAction","target":{"@type":"EntryPoint","urlTemplate":"https:\/\/arealorcaradio.es\/?s={search_term_string}"},"query-input":{"@type":"PropertyValueSpecification","valueRequired":true,"valueName":"search_term_string"}}],"inLanguage":"es"},{"@type":"Person","@id":"https:\/\/arealorcaradio.es\/#\/schema\/person\/9fae605fc25b0f2c83c1ab207139bd27","name":"Paco S\u00e1nchez","image":{"@type":"ImageObject","inLanguage":"es","@id":"https:\/\/secure.gravatar.com\/avatar\/d67144e966420fb74aa84c9f2a0103be4724fd14db52b52d3b6bca749f257e79?s=96&d=mm&r=g","url":"https:\/\/secure.gravatar.com\/avatar\/d67144e966420fb74aa84c9f2a0103be4724fd14db52b52d3b6bca749f257e79?s=96&d=mm&r=g","contentUrl":"https:\/\/secure.gravatar.com\/avatar\/d67144e966420fb74aa84c9f2a0103be4724fd14db52b52d3b6bca749f257e79?s=96&d=mm&r=g","caption":"Paco S\u00e1nchez"},"sameAs":["https:\/\/arealorcaradio.es"],"url":"https:\/\/arealorcaradio.es\/index.php\/author\/admin_alorcaradio\/"}]}},"_links":{"self":[{"href":"https:\/\/arealorcaradio.es\/index.php\/wp-json\/wp\/v2\/posts\/25","targetHints":{"allow":["GET"]}}],"collection":[{"href":"https:\/\/arealorcaradio.es\/index.php\/wp-json\/wp\/v2\/posts"}],"about":[{"href":"https:\/\/arealorcaradio.es\/index.php\/wp-json\/wp\/v2\/types\/post"}],"author":[{"embeddable":true,"href":"https:\/\/arealorcaradio.es\/index.php\/wp-json\/wp\/v2\/users\/1"}],"replies":[{"embeddable":true,"href":"https:\/\/arealorcaradio.es\/index.php\/wp-json\/wp\/v2\/comments?post=25"}],"version-history":[{"count":1,"href":"https:\/\/arealorcaradio.es\/index.php\/wp-json\/wp\/v2\/posts\/25\/revisions"}],"predecessor-version":[{"id":27,"href":"https:\/\/arealorcaradio.es\/index.php\/wp-json\/wp\/v2\/posts\/25\/revisions\/27"}],"wp:featuredmedia":[{"embeddable":true,"href":"https:\/\/arealorcaradio.es\/index.php\/wp-json\/wp\/v2\/media\/26"}],"wp:attachment":[{"href":"https:\/\/arealorcaradio.es\/index.php\/wp-json\/wp\/v2\/media?parent=25"}],"wp:term":[{"taxonomy":"category","embeddable":true,"href":"https:\/\/arealorcaradio.es\/index.php\/wp-json\/wp\/v2\/categories?post=25"},{"taxonomy":"post_tag","embeddable":true,"href":"https:\/\/arealorcaradio.es\/index.php\/wp-json\/wp\/v2\/tags?post=25"}],"curies":[{"name":"wp","href":"https:\/\/api.w.org\/{rel}","templated":true}]}}