{"id":2480,"date":"2024-02-13T19:46:53","date_gmt":"2024-02-13T19:46:53","guid":{"rendered":"https:\/\/arealorcaradio.es\/?p=2480"},"modified":"2024-02-13T19:46:53","modified_gmt":"2024-02-13T19:46:53","slug":"jose-antonio-sansegundo-han-sido-43-anos-de-servicio-a-la-policia-local-y-a-la-ciudad-de-lorca-toda-una-vida-prestando-servicio-a-la-ciudadania","status":"publish","type":"post","link":"https:\/\/arealorcaradio.es\/index.php\/2024\/02\/13\/jose-antonio-sansegundo-han-sido-43-anos-de-servicio-a-la-policia-local-y-a-la-ciudad-de-lorca-toda-una-vida-prestando-servicio-a-la-ciudadania\/","title":{"rendered":"Jos\u00e9 Antonio Sansegundo: \u00abHan sido 43 a\u00f1os de servicio a la Polic\u00eda Local y a la ciudad de Lorca, toda una vida prestando servicio a la ciudadan\u00eda\u00bb"},"content":{"rendered":"<p>\u00c1REA LORCA RADIO.<\/p>\n<p>Escucha aqu\u00ed la entrevista que ha concedido el Comisario Jefe de la Polic\u00eda Local de Lorca, Jos\u00e9 Antonio Sansegundo G\u00e1lvez a Paco S\u00e1nchez en el magazine \u00c1rea Lorca Actualidad tras jubilarse el pasado 11 de febrero con 65 a\u00f1os. Interesantes reflexiones las que nos ha contado este madrile\u00f1o de Aranjuez, aunque lorquino de adopci\u00f3n.<\/p>\n<audio class=\"wp-audio-shortcode\" id=\"audio-2480-1\" preload=\"none\" style=\"width: 100%;\" controls=\"controls\"><source type=\"audio\/mpeg\" src=\"https:\/\/arealorcaradio.es\/wp-content\/uploads\/2024\/02\/130224-JOSE-ANTONIO-SANSEGUNDO.mp3?_=1\" \/><a href=\"https:\/\/arealorcaradio.es\/wp-content\/uploads\/2024\/02\/130224-JOSE-ANTONIO-SANSEGUNDO.mp3\">https:\/\/arealorcaradio.es\/wp-content\/uploads\/2024\/02\/130224-JOSE-ANTONIO-SANSEGUNDO.mp3<\/a><\/audio>\n<p><img loading=\"lazy\" decoding=\"async\" class=\"alignnone size-medium wp-image-2484\" src=\"https:\/\/arealorcaradio.es\/wp-content\/uploads\/2024\/02\/FB_IMG_1707773516815-225x300.jpg\" alt=\"\" width=\"225\" height=\"300\" srcset=\"https:\/\/arealorcaradio.es\/wp-content\/uploads\/2024\/02\/FB_IMG_1707773516815-225x300.jpg 225w, https:\/\/arealorcaradio.es\/wp-content\/uploads\/2024\/02\/FB_IMG_1707773516815.jpg 720w\" sizes=\"auto, (max-width: 225px) 100vw, 225px\" \/><\/p>\n","protected":false},"excerpt":{"rendered":"<p>\u00c1REA LORCA RADIO. Escucha aqu\u00ed la entrevista que ha concedido el Comisario Jefe de la Polic\u00eda Local de Lorca, Jos\u00e9 Antonio Sansegundo G\u00e1lvez a Paco S\u00e1nchez en el magazine \u00c1rea Lorca Actualidad tras jubilarse el pasado 11 de febrero con 65 a\u00f1os. Interesantes reflexiones las que nos ha contado este madrile\u00f1o de Aranjuez, aunque lorquino [&hellip;]<\/p>\n","protected":false},"author":1,"featured_media":2483,"comment_status":"open","ping_status":"open","sticky":false,"template":"","format":"standard","meta":{"iawp_total_views":15,"footnotes":""},"categories":[5,7],"tags":[],"class_list":["post-2480","post","type-post","status-publish","format-standard","has-post-thumbnail","hentry","category-actualidad","category-lorca"],"yoast_head":"<!-- This site is optimized with the Yoast SEO plugin v27.5 - https:\/\/yoast.com\/product\/yoast-seo-wordpress\/ -->\n<title>Jos\u00e9 Antonio Sansegundo: &quot;Han sido 43 a\u00f1os de servicio a la Polic\u00eda Local y a la ciudad de Lorca, toda una vida prestando servicio a la ciudadan\u00eda&quot; - AREA LORCA RADIO<\/title>\n<meta name=\"robots\" content=\"index, follow, max-snippet:-1, max-image-preview:large, max-video-preview:-1\" \/>\n<link rel=\"canonical\" href=\"https:\/\/arealorcaradio.es\/index.php\/2024\/02\/13\/jose-antonio-sansegundo-han-sido-43-anos-de-servicio-a-la-policia-local-y-a-la-ciudad-de-lorca-toda-una-vida-prestando-servicio-a-la-ciudadania\/\" \/>\n<meta property=\"og:locale\" content=\"es_ES\" \/>\n<meta property=\"og:type\" content=\"article\" \/>\n<meta property=\"og:title\" content=\"Jos\u00e9 Antonio Sansegundo: &quot;Han sido 43 a\u00f1os de servicio a la Polic\u00eda Local y a la ciudad de Lorca, toda una vida prestando servicio a la ciudadan\u00eda&quot; - AREA LORCA RADIO\" \/>\n<meta property=\"og:description\" content=\"\u00c1REA LORCA RADIO. Escucha aqu\u00ed la entrevista que ha concedido el Comisario Jefe de la Polic\u00eda Local de Lorca, Jos\u00e9 Antonio Sansegundo G\u00e1lvez a Paco S\u00e1nchez en el magazine \u00c1rea Lorca Actualidad tras jubilarse el pasado 11 de febrero con 65 a\u00f1os. Interesantes reflexiones las que nos ha contado este madrile\u00f1o de Aranjuez, aunque lorquino [&hellip;]\" \/>\n<meta property=\"og:url\" content=\"https:\/\/arealorcaradio.es\/index.php\/2024\/02\/13\/jose-antonio-sansegundo-han-sido-43-anos-de-servicio-a-la-policia-local-y-a-la-ciudad-de-lorca-toda-una-vida-prestando-servicio-a-la-ciudadania\/\" \/>\n<meta property=\"og:site_name\" content=\"AREA LORCA RADIO\" \/>\n<meta property=\"article:published_time\" content=\"2024-02-13T19:46:53+00:00\" \/>\n<meta property=\"og:image\" content=\"https:\/\/arealorcaradio.es\/wp-content\/uploads\/2024\/02\/20240213_172237-scaled.jpg\" \/>\n\t<meta property=\"og:image:width\" content=\"2560\" \/>\n\t<meta property=\"og:image:height\" content=\"1920\" \/>\n\t<meta property=\"og:image:type\" content=\"image\/jpeg\" \/>\n<meta name=\"author\" content=\"Paco S\u00e1nchez\" \/>\n<meta name=\"twitter:card\" content=\"summary_large_image\" \/>\n<meta name=\"twitter:label1\" content=\"Escrito por\" \/>\n\t<meta name=\"twitter:data1\" content=\"Paco S\u00e1nchez\" \/>\n\t<meta name=\"twitter:label2\" content=\"Tiempo de lectura\" \/>\n\t<meta name=\"twitter:data2\" content=\"1 minuto\" \/>\n<script type=\"application\/ld+json\" class=\"yoast-schema-graph\">{\"@context\":\"https:\\\/\\\/schema.org\",\"@graph\":[{\"@type\":\"Article\",\"@id\":\"https:\\\/\\\/arealorcaradio.es\\\/index.php\\\/2024\\\/02\\\/13\\\/jose-antonio-sansegundo-han-sido-43-anos-de-servicio-a-la-policia-local-y-a-la-ciudad-de-lorca-toda-una-vida-prestando-servicio-a-la-ciudadania\\\/#article\",\"isPartOf\":{\"@id\":\"https:\\\/\\\/arealorcaradio.es\\\/index.php\\\/2024\\\/02\\\/13\\\/jose-antonio-sansegundo-han-sido-43-anos-de-servicio-a-la-policia-local-y-a-la-ciudad-de-lorca-toda-una-vida-prestando-servicio-a-la-ciudadania\\\/\"},\"author\":{\"name\":\"Paco S\u00e1nchez\",\"@id\":\"https:\\\/\\\/arealorcaradio.es\\\/#\\\/schema\\\/person\\\/9fae605fc25b0f2c83c1ab207139bd27\"},\"headline\":\"Jos\u00e9 Antonio Sansegundo: \u00abHan sido 43 a\u00f1os de servicio a la Polic\u00eda Local y a la ciudad de Lorca, toda una vida prestando servicio a la ciudadan\u00eda\u00bb\",\"datePublished\":\"2024-02-13T19:46:53+00:00\",\"mainEntityOfPage\":{\"@id\":\"https:\\\/\\\/arealorcaradio.es\\\/index.php\\\/2024\\\/02\\\/13\\\/jose-antonio-sansegundo-han-sido-43-anos-de-servicio-a-la-policia-local-y-a-la-ciudad-de-lorca-toda-una-vida-prestando-servicio-a-la-ciudadania\\\/\"},\"wordCount\":100,\"commentCount\":0,\"image\":{\"@id\":\"https:\\\/\\\/arealorcaradio.es\\\/index.php\\\/2024\\\/02\\\/13\\\/jose-antonio-sansegundo-han-sido-43-anos-de-servicio-a-la-policia-local-y-a-la-ciudad-de-lorca-toda-una-vida-prestando-servicio-a-la-ciudadania\\\/#primaryimage\"},\"thumbnailUrl\":\"https:\\\/\\\/arealorcaradio.es\\\/wp-content\\\/uploads\\\/2024\\\/02\\\/20240213_172237-scaled.jpg\",\"articleSection\":[\"ACTUALIDAD\",\"LORCA\"],\"inLanguage\":\"es\",\"potentialAction\":[{\"@type\":\"CommentAction\",\"name\":\"Comment\",\"target\":[\"https:\\\/\\\/arealorcaradio.es\\\/index.php\\\/2024\\\/02\\\/13\\\/jose-antonio-sansegundo-han-sido-43-anos-de-servicio-a-la-policia-local-y-a-la-ciudad-de-lorca-toda-una-vida-prestando-servicio-a-la-ciudadania\\\/#respond\"]}]},{\"@type\":\"WebPage\",\"@id\":\"https:\\\/\\\/arealorcaradio.es\\\/index.php\\\/2024\\\/02\\\/13\\\/jose-antonio-sansegundo-han-sido-43-anos-de-servicio-a-la-policia-local-y-a-la-ciudad-de-lorca-toda-una-vida-prestando-servicio-a-la-ciudadania\\\/\",\"url\":\"https:\\\/\\\/arealorcaradio.es\\\/index.php\\\/2024\\\/02\\\/13\\\/jose-antonio-sansegundo-han-sido-43-anos-de-servicio-a-la-policia-local-y-a-la-ciudad-de-lorca-toda-una-vida-prestando-servicio-a-la-ciudadania\\\/\",\"name\":\"Jos\u00e9 Antonio Sansegundo: \\\"Han sido 43 a\u00f1os de servicio a la Polic\u00eda Local y a la ciudad de Lorca, toda una vida prestando servicio a la ciudadan\u00eda\\\" - AREA LORCA RADIO\",\"isPartOf\":{\"@id\":\"https:\\\/\\\/arealorcaradio.es\\\/#website\"},\"primaryImageOfPage\":{\"@id\":\"https:\\\/\\\/arealorcaradio.es\\\/index.php\\\/2024\\\/02\\\/13\\\/jose-antonio-sansegundo-han-sido-43-anos-de-servicio-a-la-policia-local-y-a-la-ciudad-de-lorca-toda-una-vida-prestando-servicio-a-la-ciudadania\\\/#primaryimage\"},\"image\":{\"@id\":\"https:\\\/\\\/arealorcaradio.es\\\/index.php\\\/2024\\\/02\\\/13\\\/jose-antonio-sansegundo-han-sido-43-anos-de-servicio-a-la-policia-local-y-a-la-ciudad-de-lorca-toda-una-vida-prestando-servicio-a-la-ciudadania\\\/#primaryimage\"},\"thumbnailUrl\":\"https:\\\/\\\/arealorcaradio.es\\\/wp-content\\\/uploads\\\/2024\\\/02\\\/20240213_172237-scaled.jpg\",\"datePublished\":\"2024-02-13T19:46:53+00:00\",\"author\":{\"@id\":\"https:\\\/\\\/arealorcaradio.es\\\/#\\\/schema\\\/person\\\/9fae605fc25b0f2c83c1ab207139bd27\"},\"breadcrumb\":{\"@id\":\"https:\\\/\\\/arealorcaradio.es\\\/index.php\\\/2024\\\/02\\\/13\\\/jose-antonio-sansegundo-han-sido-43-anos-de-servicio-a-la-policia-local-y-a-la-ciudad-de-lorca-toda-una-vida-prestando-servicio-a-la-ciudadania\\\/#breadcrumb\"},\"inLanguage\":\"es\",\"potentialAction\":[{\"@type\":\"ReadAction\",\"target\":[\"https:\\\/\\\/arealorcaradio.es\\\/index.php\\\/2024\\\/02\\\/13\\\/jose-antonio-sansegundo-han-sido-43-anos-de-servicio-a-la-policia-local-y-a-la-ciudad-de-lorca-toda-una-vida-prestando-servicio-a-la-ciudadania\\\/\"]}]},{\"@type\":\"ImageObject\",\"inLanguage\":\"es\",\"@id\":\"https:\\\/\\\/arealorcaradio.es\\\/index.php\\\/2024\\\/02\\\/13\\\/jose-antonio-sansegundo-han-sido-43-anos-de-servicio-a-la-policia-local-y-a-la-ciudad-de-lorca-toda-una-vida-prestando-servicio-a-la-ciudadania\\\/#primaryimage\",\"url\":\"https:\\\/\\\/arealorcaradio.es\\\/wp-content\\\/uploads\\\/2024\\\/02\\\/20240213_172237-scaled.jpg\",\"contentUrl\":\"https:\\\/\\\/arealorcaradio.es\\\/wp-content\\\/uploads\\\/2024\\\/02\\\/20240213_172237-scaled.jpg\",\"width\":2560,\"height\":1920},{\"@type\":\"BreadcrumbList\",\"@id\":\"https:\\\/\\\/arealorcaradio.es\\\/index.php\\\/2024\\\/02\\\/13\\\/jose-antonio-sansegundo-han-sido-43-anos-de-servicio-a-la-policia-local-y-a-la-ciudad-de-lorca-toda-una-vida-prestando-servicio-a-la-ciudadania\\\/#breadcrumb\",\"itemListElement\":[{\"@type\":\"ListItem\",\"position\":1,\"name\":\"Portada\",\"item\":\"https:\\\/\\\/arealorcaradio.es\\\/\"},{\"@type\":\"ListItem\",\"position\":2,\"name\":\"Jos\u00e9 Antonio Sansegundo: \u00abHan sido 43 a\u00f1os de servicio a la Polic\u00eda Local y a la ciudad de Lorca, toda una vida prestando servicio a la ciudadan\u00eda\u00bb\"}]},{\"@type\":\"WebSite\",\"@id\":\"https:\\\/\\\/arealorcaradio.es\\\/#website\",\"url\":\"https:\\\/\\\/arealorcaradio.es\\\/\",\"name\":\"AREA LORCA RADIO\",\"description\":\"Descubre la programaci\u00f3n actual en \u00c1rea Lorca Radio, tu fuente de entrenamiento y noticias locales. Sintoniza ahora y mantente conectado online.\",\"potentialAction\":[{\"@type\":\"SearchAction\",\"target\":{\"@type\":\"EntryPoint\",\"urlTemplate\":\"https:\\\/\\\/arealorcaradio.es\\\/?s={search_term_string}\"},\"query-input\":{\"@type\":\"PropertyValueSpecification\",\"valueRequired\":true,\"valueName\":\"search_term_string\"}}],\"inLanguage\":\"es\"},{\"@type\":\"Person\",\"@id\":\"https:\\\/\\\/arealorcaradio.es\\\/#\\\/schema\\\/person\\\/9fae605fc25b0f2c83c1ab207139bd27\",\"name\":\"Paco S\u00e1nchez\",\"image\":{\"@type\":\"ImageObject\",\"inLanguage\":\"es\",\"@id\":\"https:\\\/\\\/secure.gravatar.com\\\/avatar\\\/d67144e966420fb74aa84c9f2a0103be4724fd14db52b52d3b6bca749f257e79?s=96&d=mm&r=g\",\"url\":\"https:\\\/\\\/secure.gravatar.com\\\/avatar\\\/d67144e966420fb74aa84c9f2a0103be4724fd14db52b52d3b6bca749f257e79?s=96&d=mm&r=g\",\"contentUrl\":\"https:\\\/\\\/secure.gravatar.com\\\/avatar\\\/d67144e966420fb74aa84c9f2a0103be4724fd14db52b52d3b6bca749f257e79?s=96&d=mm&r=g\",\"caption\":\"Paco S\u00e1nchez\"},\"sameAs\":[\"https:\\\/\\\/arealorcaradio.es\"],\"url\":\"https:\\\/\\\/arealorcaradio.es\\\/index.php\\\/author\\\/admin_alorcaradio\\\/\"}]}<\/script>\n<!-- \/ Yoast SEO plugin. -->","yoast_head_json":{"title":"Jos\u00e9 Antonio Sansegundo: \"Han sido 43 a\u00f1os de servicio a la Polic\u00eda Local y a la ciudad de Lorca, toda una vida prestando servicio a la ciudadan\u00eda\" - AREA LORCA RADIO","robots":{"index":"index","follow":"follow","max-snippet":"max-snippet:-1","max-image-preview":"max-image-preview:large","max-video-preview":"max-video-preview:-1"},"canonical":"https:\/\/arealorcaradio.es\/index.php\/2024\/02\/13\/jose-antonio-sansegundo-han-sido-43-anos-de-servicio-a-la-policia-local-y-a-la-ciudad-de-lorca-toda-una-vida-prestando-servicio-a-la-ciudadania\/","og_locale":"es_ES","og_type":"article","og_title":"Jos\u00e9 Antonio Sansegundo: \"Han sido 43 a\u00f1os de servicio a la Polic\u00eda Local y a la ciudad de Lorca, toda una vida prestando servicio a la ciudadan\u00eda\" - AREA LORCA RADIO","og_description":"\u00c1REA LORCA RADIO. Escucha aqu\u00ed la entrevista que ha concedido el Comisario Jefe de la Polic\u00eda Local de Lorca, Jos\u00e9 Antonio Sansegundo G\u00e1lvez a Paco S\u00e1nchez en el magazine \u00c1rea Lorca Actualidad tras jubilarse el pasado 11 de febrero con 65 a\u00f1os. Interesantes reflexiones las que nos ha contado este madrile\u00f1o de Aranjuez, aunque lorquino [&hellip;]","og_url":"https:\/\/arealorcaradio.es\/index.php\/2024\/02\/13\/jose-antonio-sansegundo-han-sido-43-anos-de-servicio-a-la-policia-local-y-a-la-ciudad-de-lorca-toda-una-vida-prestando-servicio-a-la-ciudadania\/","og_site_name":"AREA LORCA RADIO","article_published_time":"2024-02-13T19:46:53+00:00","og_image":[{"width":2560,"height":1920,"url":"https:\/\/arealorcaradio.es\/wp-content\/uploads\/2024\/02\/20240213_172237-scaled.jpg","type":"image\/jpeg"}],"author":"Paco S\u00e1nchez","twitter_card":"summary_large_image","twitter_misc":{"Escrito por":"Paco S\u00e1nchez","Tiempo de lectura":"1 minuto"},"schema":{"@context":"https:\/\/schema.org","@graph":[{"@type":"Article","@id":"https:\/\/arealorcaradio.es\/index.php\/2024\/02\/13\/jose-antonio-sansegundo-han-sido-43-anos-de-servicio-a-la-policia-local-y-a-la-ciudad-de-lorca-toda-una-vida-prestando-servicio-a-la-ciudadania\/#article","isPartOf":{"@id":"https:\/\/arealorcaradio.es\/index.php\/2024\/02\/13\/jose-antonio-sansegundo-han-sido-43-anos-de-servicio-a-la-policia-local-y-a-la-ciudad-de-lorca-toda-una-vida-prestando-servicio-a-la-ciudadania\/"},"author":{"name":"Paco S\u00e1nchez","@id":"https:\/\/arealorcaradio.es\/#\/schema\/person\/9fae605fc25b0f2c83c1ab207139bd27"},"headline":"Jos\u00e9 Antonio Sansegundo: \u00abHan sido 43 a\u00f1os de servicio a la Polic\u00eda Local y a la ciudad de Lorca, toda una vida prestando servicio a la ciudadan\u00eda\u00bb","datePublished":"2024-02-13T19:46:53+00:00","mainEntityOfPage":{"@id":"https:\/\/arealorcaradio.es\/index.php\/2024\/02\/13\/jose-antonio-sansegundo-han-sido-43-anos-de-servicio-a-la-policia-local-y-a-la-ciudad-de-lorca-toda-una-vida-prestando-servicio-a-la-ciudadania\/"},"wordCount":100,"commentCount":0,"image":{"@id":"https:\/\/arealorcaradio.es\/index.php\/2024\/02\/13\/jose-antonio-sansegundo-han-sido-43-anos-de-servicio-a-la-policia-local-y-a-la-ciudad-de-lorca-toda-una-vida-prestando-servicio-a-la-ciudadania\/#primaryimage"},"thumbnailUrl":"https:\/\/arealorcaradio.es\/wp-content\/uploads\/2024\/02\/20240213_172237-scaled.jpg","articleSection":["ACTUALIDAD","LORCA"],"inLanguage":"es","potentialAction":[{"@type":"CommentAction","name":"Comment","target":["https:\/\/arealorcaradio.es\/index.php\/2024\/02\/13\/jose-antonio-sansegundo-han-sido-43-anos-de-servicio-a-la-policia-local-y-a-la-ciudad-de-lorca-toda-una-vida-prestando-servicio-a-la-ciudadania\/#respond"]}]},{"@type":"WebPage","@id":"https:\/\/arealorcaradio.es\/index.php\/2024\/02\/13\/jose-antonio-sansegundo-han-sido-43-anos-de-servicio-a-la-policia-local-y-a-la-ciudad-de-lorca-toda-una-vida-prestando-servicio-a-la-ciudadania\/","url":"https:\/\/arealorcaradio.es\/index.php\/2024\/02\/13\/jose-antonio-sansegundo-han-sido-43-anos-de-servicio-a-la-policia-local-y-a-la-ciudad-de-lorca-toda-una-vida-prestando-servicio-a-la-ciudadania\/","name":"Jos\u00e9 Antonio Sansegundo: \"Han sido 43 a\u00f1os de servicio a la Polic\u00eda Local y a la ciudad de Lorca, toda una vida prestando servicio a la ciudadan\u00eda\" - AREA LORCA RADIO","isPartOf":{"@id":"https:\/\/arealorcaradio.es\/#website"},"primaryImageOfPage":{"@id":"https:\/\/arealorcaradio.es\/index.php\/2024\/02\/13\/jose-antonio-sansegundo-han-sido-43-anos-de-servicio-a-la-policia-local-y-a-la-ciudad-de-lorca-toda-una-vida-prestando-servicio-a-la-ciudadania\/#primaryimage"},"image":{"@id":"https:\/\/arealorcaradio.es\/index.php\/2024\/02\/13\/jose-antonio-sansegundo-han-sido-43-anos-de-servicio-a-la-policia-local-y-a-la-ciudad-de-lorca-toda-una-vida-prestando-servicio-a-la-ciudadania\/#primaryimage"},"thumbnailUrl":"https:\/\/arealorcaradio.es\/wp-content\/uploads\/2024\/02\/20240213_172237-scaled.jpg","datePublished":"2024-02-13T19:46:53+00:00","author":{"@id":"https:\/\/arealorcaradio.es\/#\/schema\/person\/9fae605fc25b0f2c83c1ab207139bd27"},"breadcrumb":{"@id":"https:\/\/arealorcaradio.es\/index.php\/2024\/02\/13\/jose-antonio-sansegundo-han-sido-43-anos-de-servicio-a-la-policia-local-y-a-la-ciudad-de-lorca-toda-una-vida-prestando-servicio-a-la-ciudadania\/#breadcrumb"},"inLanguage":"es","potentialAction":[{"@type":"ReadAction","target":["https:\/\/arealorcaradio.es\/index.php\/2024\/02\/13\/jose-antonio-sansegundo-han-sido-43-anos-de-servicio-a-la-policia-local-y-a-la-ciudad-de-lorca-toda-una-vida-prestando-servicio-a-la-ciudadania\/"]}]},{"@type":"ImageObject","inLanguage":"es","@id":"https:\/\/arealorcaradio.es\/index.php\/2024\/02\/13\/jose-antonio-sansegundo-han-sido-43-anos-de-servicio-a-la-policia-local-y-a-la-ciudad-de-lorca-toda-una-vida-prestando-servicio-a-la-ciudadania\/#primaryimage","url":"https:\/\/arealorcaradio.es\/wp-content\/uploads\/2024\/02\/20240213_172237-scaled.jpg","contentUrl":"https:\/\/arealorcaradio.es\/wp-content\/uploads\/2024\/02\/20240213_172237-scaled.jpg","width":2560,"height":1920},{"@type":"BreadcrumbList","@id":"https:\/\/arealorcaradio.es\/index.php\/2024\/02\/13\/jose-antonio-sansegundo-han-sido-43-anos-de-servicio-a-la-policia-local-y-a-la-ciudad-de-lorca-toda-una-vida-prestando-servicio-a-la-ciudadania\/#breadcrumb","itemListElement":[{"@type":"ListItem","position":1,"name":"Portada","item":"https:\/\/arealorcaradio.es\/"},{"@type":"ListItem","position":2,"name":"Jos\u00e9 Antonio Sansegundo: \u00abHan sido 43 a\u00f1os de servicio a la Polic\u00eda Local y a la ciudad de Lorca, toda una vida prestando servicio a la ciudadan\u00eda\u00bb"}]},{"@type":"WebSite","@id":"https:\/\/arealorcaradio.es\/#website","url":"https:\/\/arealorcaradio.es\/","name":"AREA LORCA RADIO","description":"Descubre la programaci\u00f3n actual en \u00c1rea Lorca Radio, tu fuente de entrenamiento y noticias locales. Sintoniza ahora y mantente conectado online.","potentialAction":[{"@type":"SearchAction","target":{"@type":"EntryPoint","urlTemplate":"https:\/\/arealorcaradio.es\/?s={search_term_string}"},"query-input":{"@type":"PropertyValueSpecification","valueRequired":true,"valueName":"search_term_string"}}],"inLanguage":"es"},{"@type":"Person","@id":"https:\/\/arealorcaradio.es\/#\/schema\/person\/9fae605fc25b0f2c83c1ab207139bd27","name":"Paco S\u00e1nchez","image":{"@type":"ImageObject","inLanguage":"es","@id":"https:\/\/secure.gravatar.com\/avatar\/d67144e966420fb74aa84c9f2a0103be4724fd14db52b52d3b6bca749f257e79?s=96&d=mm&r=g","url":"https:\/\/secure.gravatar.com\/avatar\/d67144e966420fb74aa84c9f2a0103be4724fd14db52b52d3b6bca749f257e79?s=96&d=mm&r=g","contentUrl":"https:\/\/secure.gravatar.com\/avatar\/d67144e966420fb74aa84c9f2a0103be4724fd14db52b52d3b6bca749f257e79?s=96&d=mm&r=g","caption":"Paco S\u00e1nchez"},"sameAs":["https:\/\/arealorcaradio.es"],"url":"https:\/\/arealorcaradio.es\/index.php\/author\/admin_alorcaradio\/"}]}},"_links":{"self":[{"href":"https:\/\/arealorcaradio.es\/index.php\/wp-json\/wp\/v2\/posts\/2480","targetHints":{"allow":["GET"]}}],"collection":[{"href":"https:\/\/arealorcaradio.es\/index.php\/wp-json\/wp\/v2\/posts"}],"about":[{"href":"https:\/\/arealorcaradio.es\/index.php\/wp-json\/wp\/v2\/types\/post"}],"author":[{"embeddable":true,"href":"https:\/\/arealorcaradio.es\/index.php\/wp-json\/wp\/v2\/users\/1"}],"replies":[{"embeddable":true,"href":"https:\/\/arealorcaradio.es\/index.php\/wp-json\/wp\/v2\/comments?post=2480"}],"version-history":[{"count":2,"href":"https:\/\/arealorcaradio.es\/index.php\/wp-json\/wp\/v2\/posts\/2480\/revisions"}],"predecessor-version":[{"id":2485,"href":"https:\/\/arealorcaradio.es\/index.php\/wp-json\/wp\/v2\/posts\/2480\/revisions\/2485"}],"wp:featuredmedia":[{"embeddable":true,"href":"https:\/\/arealorcaradio.es\/index.php\/wp-json\/wp\/v2\/media\/2483"}],"wp:attachment":[{"href":"https:\/\/arealorcaradio.es\/index.php\/wp-json\/wp\/v2\/media?parent=2480"}],"wp:term":[{"taxonomy":"category","embeddable":true,"href":"https:\/\/arealorcaradio.es\/index.php\/wp-json\/wp\/v2\/categories?post=2480"},{"taxonomy":"post_tag","embeddable":true,"href":"https:\/\/arealorcaradio.es\/index.php\/wp-json\/wp\/v2\/tags?post=2480"}],"curies":[{"name":"wp","href":"https:\/\/api.w.org\/{rel}","templated":true}]}}