{"id":2402,"date":"2024-02-01T21:03:35","date_gmt":"2024-02-01T21:03:35","guid":{"rendered":"https:\/\/arealorcaradio.es\/?p=2402"},"modified":"2024-02-01T21:03:35","modified_gmt":"2024-02-01T21:03:35","slug":"un-grupo-de-atletas-dan-visibilidad-a-una-enfermedad-rara-denominada-mastocitosis","status":"publish","type":"post","link":"https:\/\/arealorcaradio.es\/index.php\/2024\/02\/01\/un-grupo-de-atletas-dan-visibilidad-a-una-enfermedad-rara-denominada-mastocitosis\/","title":{"rendered":"Un grupo de atletas dan visibilidad a una enfermedad rara denominada Mastocitosis"},"content":{"rendered":"<p>\u00c1REA LORCA RADIO.<\/p>\n<p>Escucha aqu\u00ed la entrevista que han concedido a Paco S\u00e1nchez en el magazine \u00c1rea Lorca Actualidad, Lucia Munuera, madre de un ni\u00f1o totanero de 15 a\u00f1os que sufre esta enfermedad rara denominada Mastocitosis. Chesco Romera nos ha contado como surge la posibilidad de hacer esta ruta de unas cuatro horas de duraci\u00f3n y que tiene como objetivo dar visibilidad a esta enfermedad rara por la amistad que le une a la familia del ni\u00f1o. Un gesto muy a tener en cuenta y que debe servir de ejemplo para muchos, sobre todo para aquellos que tienen el poder de decisi\u00f3n de invertir en investigaci\u00f3n de este tipo de enfermedades raras.<\/p>\n<audio class=\"wp-audio-shortcode\" id=\"audio-2402-1\" preload=\"none\" style=\"width: 100%;\" controls=\"controls\"><source type=\"audio\/mpeg\" src=\"https:\/\/arealorcaradio.es\/wp-content\/uploads\/2024\/02\/010224-LUCIA-MUNUERA.-MASTOCITOSIS.mp3?_=1\" \/><a href=\"https:\/\/arealorcaradio.es\/wp-content\/uploads\/2024\/02\/010224-LUCIA-MUNUERA.-MASTOCITOSIS.mp3\">https:\/\/arealorcaradio.es\/wp-content\/uploads\/2024\/02\/010224-LUCIA-MUNUERA.-MASTOCITOSIS.mp3<\/a><\/audio>\n<p><img loading=\"lazy\" decoding=\"async\" class=\"alignnone size-medium wp-image-2406\" src=\"https:\/\/arealorcaradio.es\/wp-content\/uploads\/2024\/02\/20240201_183746-300x225.jpg\" alt=\"\" width=\"300\" height=\"225\" srcset=\"https:\/\/arealorcaradio.es\/wp-content\/uploads\/2024\/02\/20240201_183746-300x225.jpg 300w, https:\/\/arealorcaradio.es\/wp-content\/uploads\/2024\/02\/20240201_183746-1024x768.jpg 1024w, https:\/\/arealorcaradio.es\/wp-content\/uploads\/2024\/02\/20240201_183746-768x576.jpg 768w, https:\/\/arealorcaradio.es\/wp-content\/uploads\/2024\/02\/20240201_183746-1536x1152.jpg 1536w, https:\/\/arealorcaradio.es\/wp-content\/uploads\/2024\/02\/20240201_183746-2048x1536.jpg 2048w, https:\/\/arealorcaradio.es\/wp-content\/uploads\/2024\/02\/20240201_183746-86x64.jpg 86w\" sizes=\"auto, (max-width: 300px) 100vw, 300px\" \/> <img loading=\"lazy\" decoding=\"async\" class=\"alignnone size-medium wp-image-2407\" src=\"https:\/\/arealorcaradio.es\/wp-content\/uploads\/2024\/02\/IMG-20240201-WA0046-300x225.jpg\" alt=\"\" width=\"300\" height=\"225\" srcset=\"https:\/\/arealorcaradio.es\/wp-content\/uploads\/2024\/02\/IMG-20240201-WA0046-300x225.jpg 300w, https:\/\/arealorcaradio.es\/wp-content\/uploads\/2024\/02\/IMG-20240201-WA0046-1024x768.jpg 1024w, https:\/\/arealorcaradio.es\/wp-content\/uploads\/2024\/02\/IMG-20240201-WA0046-768x576.jpg 768w, https:\/\/arealorcaradio.es\/wp-content\/uploads\/2024\/02\/IMG-20240201-WA0046-1536x1152.jpg 1536w, https:\/\/arealorcaradio.es\/wp-content\/uploads\/2024\/02\/IMG-20240201-WA0046-86x64.jpg 86w, https:\/\/arealorcaradio.es\/wp-content\/uploads\/2024\/02\/IMG-20240201-WA0046.jpg 1600w\" sizes=\"auto, (max-width: 300px) 100vw, 300px\" \/> <img loading=\"lazy\" decoding=\"async\" class=\"alignnone size-medium wp-image-2408\" src=\"https:\/\/arealorcaradio.es\/wp-content\/uploads\/2024\/02\/IMG-20240201-WA0049-182x300.jpg\" alt=\"\" width=\"182\" height=\"300\" srcset=\"https:\/\/arealorcaradio.es\/wp-content\/uploads\/2024\/02\/IMG-20240201-WA0049-182x300.jpg 182w, https:\/\/arealorcaradio.es\/wp-content\/uploads\/2024\/02\/IMG-20240201-WA0049-622x1024.jpg 622w, https:\/\/arealorcaradio.es\/wp-content\/uploads\/2024\/02\/IMG-20240201-WA0049-768x1264.jpg 768w, https:\/\/arealorcaradio.es\/wp-content\/uploads\/2024\/02\/IMG-20240201-WA0049.jpg 817w\" sizes=\"auto, (max-width: 182px) 100vw, 182px\" \/> <img loading=\"lazy\" decoding=\"async\" class=\"alignnone size-medium wp-image-2409\" src=\"https:\/\/arealorcaradio.es\/wp-content\/uploads\/2024\/02\/Chescos-Romera-1-200x300.jpg\" alt=\"\" width=\"200\" height=\"300\" srcset=\"https:\/\/arealorcaradio.es\/wp-content\/uploads\/2024\/02\/Chescos-Romera-1-200x300.jpg 200w, https:\/\/arealorcaradio.es\/wp-content\/uploads\/2024\/02\/Chescos-Romera-1.jpg 578w\" sizes=\"auto, (max-width: 200px) 100vw, 200px\" \/> <img loading=\"lazy\" decoding=\"async\" class=\"alignnone size-medium wp-image-2410\" src=\"https:\/\/arealorcaradio.es\/wp-content\/uploads\/2024\/02\/Chescos-Romera-2-300x300.jpg\" alt=\"\" width=\"300\" height=\"300\" srcset=\"https:\/\/arealorcaradio.es\/wp-content\/uploads\/2024\/02\/Chescos-Romera-2-300x300.jpg 300w, https:\/\/arealorcaradio.es\/wp-content\/uploads\/2024\/02\/Chescos-Romera-2-150x150.jpg 150w, https:\/\/arealorcaradio.es\/wp-content\/uploads\/2024\/02\/Chescos-Romera-2-768x768.jpg 768w, https:\/\/arealorcaradio.es\/wp-content\/uploads\/2024\/02\/Chescos-Romera-2.jpg 794w\" sizes=\"auto, (max-width: 300px) 100vw, 300px\" \/> <img loading=\"lazy\" decoding=\"async\" class=\"alignnone size-medium wp-image-2411\" src=\"https:\/\/arealorcaradio.es\/wp-content\/uploads\/2024\/02\/20240201_183703-1-300x225.jpg\" alt=\"\" width=\"300\" height=\"225\" srcset=\"https:\/\/arealorcaradio.es\/wp-content\/uploads\/2024\/02\/20240201_183703-1-300x225.jpg 300w, https:\/\/arealorcaradio.es\/wp-content\/uploads\/2024\/02\/20240201_183703-1-1024x768.jpg 1024w, https:\/\/arealorcaradio.es\/wp-content\/uploads\/2024\/02\/20240201_183703-1-768x576.jpg 768w, https:\/\/arealorcaradio.es\/wp-content\/uploads\/2024\/02\/20240201_183703-1-1536x1152.jpg 1536w, https:\/\/arealorcaradio.es\/wp-content\/uploads\/2024\/02\/20240201_183703-1-2048x1536.jpg 2048w, https:\/\/arealorcaradio.es\/wp-content\/uploads\/2024\/02\/20240201_183703-1-86x64.jpg 86w\" sizes=\"auto, (max-width: 300px) 100vw, 300px\" \/><\/p>\n","protected":false},"excerpt":{"rendered":"<p>\u00c1REA LORCA RADIO. Escucha aqu\u00ed la entrevista que han concedido a Paco S\u00e1nchez en el magazine \u00c1rea Lorca Actualidad, Lucia Munuera, madre de un ni\u00f1o totanero de 15 a\u00f1os que sufre esta enfermedad rara denominada Mastocitosis. Chesco Romera nos ha contado como surge la posibilidad de hacer esta ruta de unas cuatro horas de duraci\u00f3n [&hellip;]<\/p>\n","protected":false},"author":1,"featured_media":2404,"comment_status":"open","ping_status":"open","sticky":false,"template":"","format":"standard","meta":{"iawp_total_views":12,"footnotes":""},"categories":[5,7],"tags":[],"class_list":["post-2402","post","type-post","status-publish","format-standard","has-post-thumbnail","hentry","category-actualidad","category-lorca"],"yoast_head":"<!-- This site is optimized with the Yoast SEO plugin v27.5 - https:\/\/yoast.com\/product\/yoast-seo-wordpress\/ -->\n<title>Un grupo de atletas dan visibilidad a una enfermedad rara denominada Mastocitosis - AREA LORCA RADIO<\/title>\n<meta name=\"robots\" content=\"index, follow, max-snippet:-1, max-image-preview:large, max-video-preview:-1\" \/>\n<link rel=\"canonical\" href=\"https:\/\/arealorcaradio.es\/index.php\/2024\/02\/01\/un-grupo-de-atletas-dan-visibilidad-a-una-enfermedad-rara-denominada-mastocitosis\/\" \/>\n<meta property=\"og:locale\" content=\"es_ES\" \/>\n<meta property=\"og:type\" content=\"article\" \/>\n<meta property=\"og:title\" content=\"Un grupo de atletas dan visibilidad a una enfermedad rara denominada Mastocitosis - AREA LORCA RADIO\" \/>\n<meta property=\"og:description\" content=\"\u00c1REA LORCA RADIO. Escucha aqu\u00ed la entrevista que han concedido a Paco S\u00e1nchez en el magazine \u00c1rea Lorca Actualidad, Lucia Munuera, madre de un ni\u00f1o totanero de 15 a\u00f1os que sufre esta enfermedad rara denominada Mastocitosis. Chesco Romera nos ha contado como surge la posibilidad de hacer esta ruta de unas cuatro horas de duraci\u00f3n [&hellip;]\" \/>\n<meta property=\"og:url\" content=\"https:\/\/arealorcaradio.es\/index.php\/2024\/02\/01\/un-grupo-de-atletas-dan-visibilidad-a-una-enfermedad-rara-denominada-mastocitosis\/\" \/>\n<meta property=\"og:site_name\" content=\"AREA LORCA RADIO\" \/>\n<meta property=\"article:published_time\" content=\"2024-02-01T21:03:35+00:00\" \/>\n<meta property=\"og:image\" content=\"https:\/\/arealorcaradio.es\/wp-content\/uploads\/2024\/02\/20240201_183703-scaled.jpg\" \/>\n\t<meta property=\"og:image:width\" content=\"2560\" \/>\n\t<meta property=\"og:image:height\" content=\"1920\" \/>\n\t<meta property=\"og:image:type\" content=\"image\/jpeg\" \/>\n<meta name=\"author\" content=\"Paco S\u00e1nchez\" \/>\n<meta name=\"twitter:card\" content=\"summary_large_image\" \/>\n<meta name=\"twitter:label1\" content=\"Escrito por\" \/>\n\t<meta name=\"twitter:data1\" content=\"Paco S\u00e1nchez\" \/>\n\t<meta name=\"twitter:label2\" content=\"Tiempo de lectura\" \/>\n\t<meta name=\"twitter:data2\" content=\"2 minutos\" \/>\n<script type=\"application\/ld+json\" class=\"yoast-schema-graph\">{\"@context\":\"https:\\\/\\\/schema.org\",\"@graph\":[{\"@type\":\"Article\",\"@id\":\"https:\\\/\\\/arealorcaradio.es\\\/index.php\\\/2024\\\/02\\\/01\\\/un-grupo-de-atletas-dan-visibilidad-a-una-enfermedad-rara-denominada-mastocitosis\\\/#article\",\"isPartOf\":{\"@id\":\"https:\\\/\\\/arealorcaradio.es\\\/index.php\\\/2024\\\/02\\\/01\\\/un-grupo-de-atletas-dan-visibilidad-a-una-enfermedad-rara-denominada-mastocitosis\\\/\"},\"author\":{\"name\":\"Paco S\u00e1nchez\",\"@id\":\"https:\\\/\\\/arealorcaradio.es\\\/#\\\/schema\\\/person\\\/9fae605fc25b0f2c83c1ab207139bd27\"},\"headline\":\"Un grupo de atletas dan visibilidad a una enfermedad rara denominada Mastocitosis\",\"datePublished\":\"2024-02-01T21:03:35+00:00\",\"mainEntityOfPage\":{\"@id\":\"https:\\\/\\\/arealorcaradio.es\\\/index.php\\\/2024\\\/02\\\/01\\\/un-grupo-de-atletas-dan-visibilidad-a-una-enfermedad-rara-denominada-mastocitosis\\\/\"},\"wordCount\":141,\"commentCount\":0,\"image\":{\"@id\":\"https:\\\/\\\/arealorcaradio.es\\\/index.php\\\/2024\\\/02\\\/01\\\/un-grupo-de-atletas-dan-visibilidad-a-una-enfermedad-rara-denominada-mastocitosis\\\/#primaryimage\"},\"thumbnailUrl\":\"https:\\\/\\\/arealorcaradio.es\\\/wp-content\\\/uploads\\\/2024\\\/02\\\/20240201_183703-scaled.jpg\",\"articleSection\":[\"ACTUALIDAD\",\"LORCA\"],\"inLanguage\":\"es\",\"potentialAction\":[{\"@type\":\"CommentAction\",\"name\":\"Comment\",\"target\":[\"https:\\\/\\\/arealorcaradio.es\\\/index.php\\\/2024\\\/02\\\/01\\\/un-grupo-de-atletas-dan-visibilidad-a-una-enfermedad-rara-denominada-mastocitosis\\\/#respond\"]}]},{\"@type\":\"WebPage\",\"@id\":\"https:\\\/\\\/arealorcaradio.es\\\/index.php\\\/2024\\\/02\\\/01\\\/un-grupo-de-atletas-dan-visibilidad-a-una-enfermedad-rara-denominada-mastocitosis\\\/\",\"url\":\"https:\\\/\\\/arealorcaradio.es\\\/index.php\\\/2024\\\/02\\\/01\\\/un-grupo-de-atletas-dan-visibilidad-a-una-enfermedad-rara-denominada-mastocitosis\\\/\",\"name\":\"Un grupo de atletas dan visibilidad a una enfermedad rara denominada Mastocitosis - AREA LORCA RADIO\",\"isPartOf\":{\"@id\":\"https:\\\/\\\/arealorcaradio.es\\\/#website\"},\"primaryImageOfPage\":{\"@id\":\"https:\\\/\\\/arealorcaradio.es\\\/index.php\\\/2024\\\/02\\\/01\\\/un-grupo-de-atletas-dan-visibilidad-a-una-enfermedad-rara-denominada-mastocitosis\\\/#primaryimage\"},\"image\":{\"@id\":\"https:\\\/\\\/arealorcaradio.es\\\/index.php\\\/2024\\\/02\\\/01\\\/un-grupo-de-atletas-dan-visibilidad-a-una-enfermedad-rara-denominada-mastocitosis\\\/#primaryimage\"},\"thumbnailUrl\":\"https:\\\/\\\/arealorcaradio.es\\\/wp-content\\\/uploads\\\/2024\\\/02\\\/20240201_183703-scaled.jpg\",\"datePublished\":\"2024-02-01T21:03:35+00:00\",\"author\":{\"@id\":\"https:\\\/\\\/arealorcaradio.es\\\/#\\\/schema\\\/person\\\/9fae605fc25b0f2c83c1ab207139bd27\"},\"breadcrumb\":{\"@id\":\"https:\\\/\\\/arealorcaradio.es\\\/index.php\\\/2024\\\/02\\\/01\\\/un-grupo-de-atletas-dan-visibilidad-a-una-enfermedad-rara-denominada-mastocitosis\\\/#breadcrumb\"},\"inLanguage\":\"es\",\"potentialAction\":[{\"@type\":\"ReadAction\",\"target\":[\"https:\\\/\\\/arealorcaradio.es\\\/index.php\\\/2024\\\/02\\\/01\\\/un-grupo-de-atletas-dan-visibilidad-a-una-enfermedad-rara-denominada-mastocitosis\\\/\"]}]},{\"@type\":\"ImageObject\",\"inLanguage\":\"es\",\"@id\":\"https:\\\/\\\/arealorcaradio.es\\\/index.php\\\/2024\\\/02\\\/01\\\/un-grupo-de-atletas-dan-visibilidad-a-una-enfermedad-rara-denominada-mastocitosis\\\/#primaryimage\",\"url\":\"https:\\\/\\\/arealorcaradio.es\\\/wp-content\\\/uploads\\\/2024\\\/02\\\/20240201_183703-scaled.jpg\",\"contentUrl\":\"https:\\\/\\\/arealorcaradio.es\\\/wp-content\\\/uploads\\\/2024\\\/02\\\/20240201_183703-scaled.jpg\",\"width\":2560,\"height\":1920},{\"@type\":\"BreadcrumbList\",\"@id\":\"https:\\\/\\\/arealorcaradio.es\\\/index.php\\\/2024\\\/02\\\/01\\\/un-grupo-de-atletas-dan-visibilidad-a-una-enfermedad-rara-denominada-mastocitosis\\\/#breadcrumb\",\"itemListElement\":[{\"@type\":\"ListItem\",\"position\":1,\"name\":\"Portada\",\"item\":\"https:\\\/\\\/arealorcaradio.es\\\/\"},{\"@type\":\"ListItem\",\"position\":2,\"name\":\"Un grupo de atletas dan visibilidad a una enfermedad rara denominada Mastocitosis\"}]},{\"@type\":\"WebSite\",\"@id\":\"https:\\\/\\\/arealorcaradio.es\\\/#website\",\"url\":\"https:\\\/\\\/arealorcaradio.es\\\/\",\"name\":\"AREA LORCA RADIO\",\"description\":\"Descubre la programaci\u00f3n actual en \u00c1rea Lorca Radio, tu fuente de entrenamiento y noticias locales. Sintoniza ahora y mantente conectado online.\",\"potentialAction\":[{\"@type\":\"SearchAction\",\"target\":{\"@type\":\"EntryPoint\",\"urlTemplate\":\"https:\\\/\\\/arealorcaradio.es\\\/?s={search_term_string}\"},\"query-input\":{\"@type\":\"PropertyValueSpecification\",\"valueRequired\":true,\"valueName\":\"search_term_string\"}}],\"inLanguage\":\"es\"},{\"@type\":\"Person\",\"@id\":\"https:\\\/\\\/arealorcaradio.es\\\/#\\\/schema\\\/person\\\/9fae605fc25b0f2c83c1ab207139bd27\",\"name\":\"Paco S\u00e1nchez\",\"image\":{\"@type\":\"ImageObject\",\"inLanguage\":\"es\",\"@id\":\"https:\\\/\\\/secure.gravatar.com\\\/avatar\\\/d67144e966420fb74aa84c9f2a0103be4724fd14db52b52d3b6bca749f257e79?s=96&d=mm&r=g\",\"url\":\"https:\\\/\\\/secure.gravatar.com\\\/avatar\\\/d67144e966420fb74aa84c9f2a0103be4724fd14db52b52d3b6bca749f257e79?s=96&d=mm&r=g\",\"contentUrl\":\"https:\\\/\\\/secure.gravatar.com\\\/avatar\\\/d67144e966420fb74aa84c9f2a0103be4724fd14db52b52d3b6bca749f257e79?s=96&d=mm&r=g\",\"caption\":\"Paco S\u00e1nchez\"},\"sameAs\":[\"https:\\\/\\\/arealorcaradio.es\"],\"url\":\"https:\\\/\\\/arealorcaradio.es\\\/index.php\\\/author\\\/admin_alorcaradio\\\/\"}]}<\/script>\n<!-- \/ Yoast SEO plugin. -->","yoast_head_json":{"title":"Un grupo de atletas dan visibilidad a una enfermedad rara denominada Mastocitosis - AREA LORCA RADIO","robots":{"index":"index","follow":"follow","max-snippet":"max-snippet:-1","max-image-preview":"max-image-preview:large","max-video-preview":"max-video-preview:-1"},"canonical":"https:\/\/arealorcaradio.es\/index.php\/2024\/02\/01\/un-grupo-de-atletas-dan-visibilidad-a-una-enfermedad-rara-denominada-mastocitosis\/","og_locale":"es_ES","og_type":"article","og_title":"Un grupo de atletas dan visibilidad a una enfermedad rara denominada Mastocitosis - AREA LORCA RADIO","og_description":"\u00c1REA LORCA RADIO. Escucha aqu\u00ed la entrevista que han concedido a Paco S\u00e1nchez en el magazine \u00c1rea Lorca Actualidad, Lucia Munuera, madre de un ni\u00f1o totanero de 15 a\u00f1os que sufre esta enfermedad rara denominada Mastocitosis. Chesco Romera nos ha contado como surge la posibilidad de hacer esta ruta de unas cuatro horas de duraci\u00f3n [&hellip;]","og_url":"https:\/\/arealorcaradio.es\/index.php\/2024\/02\/01\/un-grupo-de-atletas-dan-visibilidad-a-una-enfermedad-rara-denominada-mastocitosis\/","og_site_name":"AREA LORCA RADIO","article_published_time":"2024-02-01T21:03:35+00:00","og_image":[{"width":2560,"height":1920,"url":"https:\/\/arealorcaradio.es\/wp-content\/uploads\/2024\/02\/20240201_183703-scaled.jpg","type":"image\/jpeg"}],"author":"Paco S\u00e1nchez","twitter_card":"summary_large_image","twitter_misc":{"Escrito por":"Paco S\u00e1nchez","Tiempo de lectura":"2 minutos"},"schema":{"@context":"https:\/\/schema.org","@graph":[{"@type":"Article","@id":"https:\/\/arealorcaradio.es\/index.php\/2024\/02\/01\/un-grupo-de-atletas-dan-visibilidad-a-una-enfermedad-rara-denominada-mastocitosis\/#article","isPartOf":{"@id":"https:\/\/arealorcaradio.es\/index.php\/2024\/02\/01\/un-grupo-de-atletas-dan-visibilidad-a-una-enfermedad-rara-denominada-mastocitosis\/"},"author":{"name":"Paco S\u00e1nchez","@id":"https:\/\/arealorcaradio.es\/#\/schema\/person\/9fae605fc25b0f2c83c1ab207139bd27"},"headline":"Un grupo de atletas dan visibilidad a una enfermedad rara denominada Mastocitosis","datePublished":"2024-02-01T21:03:35+00:00","mainEntityOfPage":{"@id":"https:\/\/arealorcaradio.es\/index.php\/2024\/02\/01\/un-grupo-de-atletas-dan-visibilidad-a-una-enfermedad-rara-denominada-mastocitosis\/"},"wordCount":141,"commentCount":0,"image":{"@id":"https:\/\/arealorcaradio.es\/index.php\/2024\/02\/01\/un-grupo-de-atletas-dan-visibilidad-a-una-enfermedad-rara-denominada-mastocitosis\/#primaryimage"},"thumbnailUrl":"https:\/\/arealorcaradio.es\/wp-content\/uploads\/2024\/02\/20240201_183703-scaled.jpg","articleSection":["ACTUALIDAD","LORCA"],"inLanguage":"es","potentialAction":[{"@type":"CommentAction","name":"Comment","target":["https:\/\/arealorcaradio.es\/index.php\/2024\/02\/01\/un-grupo-de-atletas-dan-visibilidad-a-una-enfermedad-rara-denominada-mastocitosis\/#respond"]}]},{"@type":"WebPage","@id":"https:\/\/arealorcaradio.es\/index.php\/2024\/02\/01\/un-grupo-de-atletas-dan-visibilidad-a-una-enfermedad-rara-denominada-mastocitosis\/","url":"https:\/\/arealorcaradio.es\/index.php\/2024\/02\/01\/un-grupo-de-atletas-dan-visibilidad-a-una-enfermedad-rara-denominada-mastocitosis\/","name":"Un grupo de atletas dan visibilidad a una enfermedad rara denominada Mastocitosis - AREA LORCA RADIO","isPartOf":{"@id":"https:\/\/arealorcaradio.es\/#website"},"primaryImageOfPage":{"@id":"https:\/\/arealorcaradio.es\/index.php\/2024\/02\/01\/un-grupo-de-atletas-dan-visibilidad-a-una-enfermedad-rara-denominada-mastocitosis\/#primaryimage"},"image":{"@id":"https:\/\/arealorcaradio.es\/index.php\/2024\/02\/01\/un-grupo-de-atletas-dan-visibilidad-a-una-enfermedad-rara-denominada-mastocitosis\/#primaryimage"},"thumbnailUrl":"https:\/\/arealorcaradio.es\/wp-content\/uploads\/2024\/02\/20240201_183703-scaled.jpg","datePublished":"2024-02-01T21:03:35+00:00","author":{"@id":"https:\/\/arealorcaradio.es\/#\/schema\/person\/9fae605fc25b0f2c83c1ab207139bd27"},"breadcrumb":{"@id":"https:\/\/arealorcaradio.es\/index.php\/2024\/02\/01\/un-grupo-de-atletas-dan-visibilidad-a-una-enfermedad-rara-denominada-mastocitosis\/#breadcrumb"},"inLanguage":"es","potentialAction":[{"@type":"ReadAction","target":["https:\/\/arealorcaradio.es\/index.php\/2024\/02\/01\/un-grupo-de-atletas-dan-visibilidad-a-una-enfermedad-rara-denominada-mastocitosis\/"]}]},{"@type":"ImageObject","inLanguage":"es","@id":"https:\/\/arealorcaradio.es\/index.php\/2024\/02\/01\/un-grupo-de-atletas-dan-visibilidad-a-una-enfermedad-rara-denominada-mastocitosis\/#primaryimage","url":"https:\/\/arealorcaradio.es\/wp-content\/uploads\/2024\/02\/20240201_183703-scaled.jpg","contentUrl":"https:\/\/arealorcaradio.es\/wp-content\/uploads\/2024\/02\/20240201_183703-scaled.jpg","width":2560,"height":1920},{"@type":"BreadcrumbList","@id":"https:\/\/arealorcaradio.es\/index.php\/2024\/02\/01\/un-grupo-de-atletas-dan-visibilidad-a-una-enfermedad-rara-denominada-mastocitosis\/#breadcrumb","itemListElement":[{"@type":"ListItem","position":1,"name":"Portada","item":"https:\/\/arealorcaradio.es\/"},{"@type":"ListItem","position":2,"name":"Un grupo de atletas dan visibilidad a una enfermedad rara denominada Mastocitosis"}]},{"@type":"WebSite","@id":"https:\/\/arealorcaradio.es\/#website","url":"https:\/\/arealorcaradio.es\/","name":"AREA LORCA RADIO","description":"Descubre la programaci\u00f3n actual en \u00c1rea Lorca Radio, tu fuente de entrenamiento y noticias locales. Sintoniza ahora y mantente conectado online.","potentialAction":[{"@type":"SearchAction","target":{"@type":"EntryPoint","urlTemplate":"https:\/\/arealorcaradio.es\/?s={search_term_string}"},"query-input":{"@type":"PropertyValueSpecification","valueRequired":true,"valueName":"search_term_string"}}],"inLanguage":"es"},{"@type":"Person","@id":"https:\/\/arealorcaradio.es\/#\/schema\/person\/9fae605fc25b0f2c83c1ab207139bd27","name":"Paco S\u00e1nchez","image":{"@type":"ImageObject","inLanguage":"es","@id":"https:\/\/secure.gravatar.com\/avatar\/d67144e966420fb74aa84c9f2a0103be4724fd14db52b52d3b6bca749f257e79?s=96&d=mm&r=g","url":"https:\/\/secure.gravatar.com\/avatar\/d67144e966420fb74aa84c9f2a0103be4724fd14db52b52d3b6bca749f257e79?s=96&d=mm&r=g","contentUrl":"https:\/\/secure.gravatar.com\/avatar\/d67144e966420fb74aa84c9f2a0103be4724fd14db52b52d3b6bca749f257e79?s=96&d=mm&r=g","caption":"Paco S\u00e1nchez"},"sameAs":["https:\/\/arealorcaradio.es"],"url":"https:\/\/arealorcaradio.es\/index.php\/author\/admin_alorcaradio\/"}]}},"_links":{"self":[{"href":"https:\/\/arealorcaradio.es\/index.php\/wp-json\/wp\/v2\/posts\/2402","targetHints":{"allow":["GET"]}}],"collection":[{"href":"https:\/\/arealorcaradio.es\/index.php\/wp-json\/wp\/v2\/posts"}],"about":[{"href":"https:\/\/arealorcaradio.es\/index.php\/wp-json\/wp\/v2\/types\/post"}],"author":[{"embeddable":true,"href":"https:\/\/arealorcaradio.es\/index.php\/wp-json\/wp\/v2\/users\/1"}],"replies":[{"embeddable":true,"href":"https:\/\/arealorcaradio.es\/index.php\/wp-json\/wp\/v2\/comments?post=2402"}],"version-history":[{"count":2,"href":"https:\/\/arealorcaradio.es\/index.php\/wp-json\/wp\/v2\/posts\/2402\/revisions"}],"predecessor-version":[{"id":2412,"href":"https:\/\/arealorcaradio.es\/index.php\/wp-json\/wp\/v2\/posts\/2402\/revisions\/2412"}],"wp:featuredmedia":[{"embeddable":true,"href":"https:\/\/arealorcaradio.es\/index.php\/wp-json\/wp\/v2\/media\/2404"}],"wp:attachment":[{"href":"https:\/\/arealorcaradio.es\/index.php\/wp-json\/wp\/v2\/media?parent=2402"}],"wp:term":[{"taxonomy":"category","embeddable":true,"href":"https:\/\/arealorcaradio.es\/index.php\/wp-json\/wp\/v2\/categories?post=2402"},{"taxonomy":"post_tag","embeddable":true,"href":"https:\/\/arealorcaradio.es\/index.php\/wp-json\/wp\/v2\/tags?post=2402"}],"curies":[{"name":"wp","href":"https:\/\/api.w.org\/{rel}","templated":true}]}}