{"id":2390,"date":"2024-02-01T09:00:14","date_gmt":"2024-02-01T09:00:14","guid":{"rendered":"https:\/\/arealorcaradio.es\/?p=2390"},"modified":"2024-02-01T09:00:14","modified_gmt":"2024-02-01T09:00:14","slug":"el-piloto-lorquino-de-ocho-anos-pablo-segura-disputa-este-fin-de-semana-el-campeonato-de-europa-de-karts-en-la-categoria-x30-mini","status":"publish","type":"post","link":"https:\/\/arealorcaradio.es\/index.php\/2024\/02\/01\/el-piloto-lorquino-de-ocho-anos-pablo-segura-disputa-este-fin-de-semana-el-campeonato-de-europa-de-karts-en-la-categoria-x30-mini\/","title":{"rendered":"El piloto lorquino de ocho a\u00f1os Pablo Segura disputa este fin de semana el Campeonato de Europa de Karts en la categor\u00eda X30 Mini"},"content":{"rendered":"<p>\u00c1REA LORCA RADIO.<\/p>\n<p>Escucha aqu\u00ed la entrevista que han concedido Pedro Segura, padre de Pablo a Paco S\u00e1nchez en el programa \u00c1rea Lorca Deportes tras las cuatro primeras tandas de entrenamientos libres, donde el piloto m\u00e1s joven de la parrilla lo ha hecho muy bien rodando entre los 35 mejores tiempos.<\/p>\n<audio class=\"wp-audio-shortcode\" id=\"audio-2390-1\" preload=\"none\" style=\"width: 100%;\" controls=\"controls\"><source type=\"audio\/mpeg\" src=\"https:\/\/arealorcaradio.es\/wp-content\/uploads\/2024\/02\/310124-PEDRO-SEGURA-Y-PABLO-SEGURA.mp3?_=1\" \/><a href=\"https:\/\/arealorcaradio.es\/wp-content\/uploads\/2024\/02\/310124-PEDRO-SEGURA-Y-PABLO-SEGURA.mp3\">https:\/\/arealorcaradio.es\/wp-content\/uploads\/2024\/02\/310124-PEDRO-SEGURA-Y-PABLO-SEGURA.mp3<\/a><\/audio>\n<p><img loading=\"lazy\" decoding=\"async\" class=\"alignnone size-medium wp-image-2393\" src=\"https:\/\/arealorcaradio.es\/wp-content\/uploads\/2024\/02\/20230127_173323-1-300x207.jpg\" alt=\"\" width=\"300\" height=\"207\" srcset=\"https:\/\/arealorcaradio.es\/wp-content\/uploads\/2024\/02\/20230127_173323-1-300x207.jpg 300w, https:\/\/arealorcaradio.es\/wp-content\/uploads\/2024\/02\/20230127_173323-1-1024x705.jpg 1024w, https:\/\/arealorcaradio.es\/wp-content\/uploads\/2024\/02\/20230127_173323-1-768x529.jpg 768w, https:\/\/arealorcaradio.es\/wp-content\/uploads\/2024\/02\/20230127_173323-1-1536x1058.jpg 1536w, https:\/\/arealorcaradio.es\/wp-content\/uploads\/2024\/02\/20230127_173323-1-2048x1411.jpg 2048w\" sizes=\"auto, (max-width: 300px) 100vw, 300px\" \/>\u00a0 <img loading=\"lazy\" decoding=\"async\" class=\"alignnone  wp-image-2392\" src=\"https:\/\/arealorcaradio.es\/wp-content\/uploads\/2024\/02\/IMG-20230301-WA0012-300x200.jpg\" alt=\"\" width=\"309\" height=\"206\" srcset=\"https:\/\/arealorcaradio.es\/wp-content\/uploads\/2024\/02\/IMG-20230301-WA0012-300x200.jpg 300w, https:\/\/arealorcaradio.es\/wp-content\/uploads\/2024\/02\/IMG-20230301-WA0012-1024x682.jpg 1024w, https:\/\/arealorcaradio.es\/wp-content\/uploads\/2024\/02\/IMG-20230301-WA0012-768x512.jpg 768w, https:\/\/arealorcaradio.es\/wp-content\/uploads\/2024\/02\/IMG-20230301-WA0012-1536x1023.jpg 1536w, https:\/\/arealorcaradio.es\/wp-content\/uploads\/2024\/02\/IMG-20230301-WA0012.jpg 1600w\" sizes=\"auto, (max-width: 309px) 100vw, 309px\" \/><\/p>\n","protected":false},"excerpt":{"rendered":"<p>\u00c1REA LORCA RADIO. Escucha aqu\u00ed la entrevista que han concedido Pedro Segura, padre de Pablo a Paco S\u00e1nchez en el programa \u00c1rea Lorca Deportes tras las cuatro primeras tandas de entrenamientos libres, donde el piloto m\u00e1s joven de la parrilla lo ha hecho muy bien rodando entre los 35 mejores tiempos. \u00a0<\/p>\n","protected":false},"author":1,"featured_media":2396,"comment_status":"open","ping_status":"open","sticky":false,"template":"","format":"standard","meta":{"iawp_total_views":2,"footnotes":""},"categories":[4,7],"tags":[],"class_list":["post-2390","post","type-post","status-publish","format-standard","has-post-thumbnail","hentry","category-deportes","category-lorca"],"yoast_head":"<!-- This site is optimized with the Yoast SEO plugin v27.5 - https:\/\/yoast.com\/product\/yoast-seo-wordpress\/ -->\n<title>El piloto lorquino de ocho a\u00f1os Pablo Segura disputa este fin de semana el Campeonato de Europa de Karts en la categor\u00eda X30 Mini - AREA LORCA RADIO<\/title>\n<meta name=\"robots\" content=\"index, follow, max-snippet:-1, max-image-preview:large, max-video-preview:-1\" \/>\n<link rel=\"canonical\" href=\"https:\/\/arealorcaradio.es\/index.php\/2024\/02\/01\/el-piloto-lorquino-de-ocho-anos-pablo-segura-disputa-este-fin-de-semana-el-campeonato-de-europa-de-karts-en-la-categoria-x30-mini\/\" \/>\n<meta property=\"og:locale\" content=\"es_ES\" \/>\n<meta property=\"og:type\" content=\"article\" \/>\n<meta property=\"og:title\" content=\"El piloto lorquino de ocho a\u00f1os Pablo Segura disputa este fin de semana el Campeonato de Europa de Karts en la categor\u00eda X30 Mini - AREA LORCA RADIO\" \/>\n<meta property=\"og:description\" content=\"\u00c1REA LORCA RADIO. Escucha aqu\u00ed la entrevista que han concedido Pedro Segura, padre de Pablo a Paco S\u00e1nchez en el programa \u00c1rea Lorca Deportes tras las cuatro primeras tandas de entrenamientos libres, donde el piloto m\u00e1s joven de la parrilla lo ha hecho muy bien rodando entre los 35 mejores tiempos. \u00a0\" \/>\n<meta property=\"og:url\" content=\"https:\/\/arealorcaradio.es\/index.php\/2024\/02\/01\/el-piloto-lorquino-de-ocho-anos-pablo-segura-disputa-este-fin-de-semana-el-campeonato-de-europa-de-karts-en-la-categoria-x30-mini\/\" \/>\n<meta property=\"og:site_name\" content=\"AREA LORCA RADIO\" \/>\n<meta property=\"article:published_time\" content=\"2024-02-01T09:00:14+00:00\" \/>\n<meta property=\"og:image\" content=\"https:\/\/arealorcaradio.es\/wp-content\/uploads\/2024\/02\/IMG-20230127-WA0018-1.jpg\" \/>\n\t<meta property=\"og:image:width\" content=\"1600\" \/>\n\t<meta property=\"og:image:height\" content=\"1066\" \/>\n\t<meta property=\"og:image:type\" content=\"image\/jpeg\" \/>\n<meta name=\"author\" content=\"Paco S\u00e1nchez\" \/>\n<meta name=\"twitter:card\" content=\"summary_large_image\" \/>\n<meta name=\"twitter:label1\" content=\"Escrito por\" \/>\n\t<meta name=\"twitter:data1\" content=\"Paco S\u00e1nchez\" \/>\n\t<meta name=\"twitter:label2\" content=\"Tiempo de lectura\" \/>\n\t<meta name=\"twitter:data2\" content=\"1 minuto\" \/>\n<script type=\"application\/ld+json\" class=\"yoast-schema-graph\">{\"@context\":\"https:\\\/\\\/schema.org\",\"@graph\":[{\"@type\":\"Article\",\"@id\":\"https:\\\/\\\/arealorcaradio.es\\\/index.php\\\/2024\\\/02\\\/01\\\/el-piloto-lorquino-de-ocho-anos-pablo-segura-disputa-este-fin-de-semana-el-campeonato-de-europa-de-karts-en-la-categoria-x30-mini\\\/#article\",\"isPartOf\":{\"@id\":\"https:\\\/\\\/arealorcaradio.es\\\/index.php\\\/2024\\\/02\\\/01\\\/el-piloto-lorquino-de-ocho-anos-pablo-segura-disputa-este-fin-de-semana-el-campeonato-de-europa-de-karts-en-la-categoria-x30-mini\\\/\"},\"author\":{\"name\":\"Paco S\u00e1nchez\",\"@id\":\"https:\\\/\\\/arealorcaradio.es\\\/#\\\/schema\\\/person\\\/9fae605fc25b0f2c83c1ab207139bd27\"},\"headline\":\"El piloto lorquino de ocho a\u00f1os Pablo Segura disputa este fin de semana el Campeonato de Europa de Karts en la categor\u00eda X30 Mini\",\"datePublished\":\"2024-02-01T09:00:14+00:00\",\"mainEntityOfPage\":{\"@id\":\"https:\\\/\\\/arealorcaradio.es\\\/index.php\\\/2024\\\/02\\\/01\\\/el-piloto-lorquino-de-ocho-anos-pablo-segura-disputa-este-fin-de-semana-el-campeonato-de-europa-de-karts-en-la-categoria-x30-mini\\\/\"},\"wordCount\":88,\"commentCount\":0,\"image\":{\"@id\":\"https:\\\/\\\/arealorcaradio.es\\\/index.php\\\/2024\\\/02\\\/01\\\/el-piloto-lorquino-de-ocho-anos-pablo-segura-disputa-este-fin-de-semana-el-campeonato-de-europa-de-karts-en-la-categoria-x30-mini\\\/#primaryimage\"},\"thumbnailUrl\":\"https:\\\/\\\/arealorcaradio.es\\\/wp-content\\\/uploads\\\/2024\\\/02\\\/IMG-20230127-WA0018-1.jpg\",\"articleSection\":[\"DEPORTES\",\"LORCA\"],\"inLanguage\":\"es\",\"potentialAction\":[{\"@type\":\"CommentAction\",\"name\":\"Comment\",\"target\":[\"https:\\\/\\\/arealorcaradio.es\\\/index.php\\\/2024\\\/02\\\/01\\\/el-piloto-lorquino-de-ocho-anos-pablo-segura-disputa-este-fin-de-semana-el-campeonato-de-europa-de-karts-en-la-categoria-x30-mini\\\/#respond\"]}]},{\"@type\":\"WebPage\",\"@id\":\"https:\\\/\\\/arealorcaradio.es\\\/index.php\\\/2024\\\/02\\\/01\\\/el-piloto-lorquino-de-ocho-anos-pablo-segura-disputa-este-fin-de-semana-el-campeonato-de-europa-de-karts-en-la-categoria-x30-mini\\\/\",\"url\":\"https:\\\/\\\/arealorcaradio.es\\\/index.php\\\/2024\\\/02\\\/01\\\/el-piloto-lorquino-de-ocho-anos-pablo-segura-disputa-este-fin-de-semana-el-campeonato-de-europa-de-karts-en-la-categoria-x30-mini\\\/\",\"name\":\"El piloto lorquino de ocho a\u00f1os Pablo Segura disputa este fin de semana el Campeonato de Europa de Karts en la categor\u00eda X30 Mini - AREA LORCA RADIO\",\"isPartOf\":{\"@id\":\"https:\\\/\\\/arealorcaradio.es\\\/#website\"},\"primaryImageOfPage\":{\"@id\":\"https:\\\/\\\/arealorcaradio.es\\\/index.php\\\/2024\\\/02\\\/01\\\/el-piloto-lorquino-de-ocho-anos-pablo-segura-disputa-este-fin-de-semana-el-campeonato-de-europa-de-karts-en-la-categoria-x30-mini\\\/#primaryimage\"},\"image\":{\"@id\":\"https:\\\/\\\/arealorcaradio.es\\\/index.php\\\/2024\\\/02\\\/01\\\/el-piloto-lorquino-de-ocho-anos-pablo-segura-disputa-este-fin-de-semana-el-campeonato-de-europa-de-karts-en-la-categoria-x30-mini\\\/#primaryimage\"},\"thumbnailUrl\":\"https:\\\/\\\/arealorcaradio.es\\\/wp-content\\\/uploads\\\/2024\\\/02\\\/IMG-20230127-WA0018-1.jpg\",\"datePublished\":\"2024-02-01T09:00:14+00:00\",\"author\":{\"@id\":\"https:\\\/\\\/arealorcaradio.es\\\/#\\\/schema\\\/person\\\/9fae605fc25b0f2c83c1ab207139bd27\"},\"breadcrumb\":{\"@id\":\"https:\\\/\\\/arealorcaradio.es\\\/index.php\\\/2024\\\/02\\\/01\\\/el-piloto-lorquino-de-ocho-anos-pablo-segura-disputa-este-fin-de-semana-el-campeonato-de-europa-de-karts-en-la-categoria-x30-mini\\\/#breadcrumb\"},\"inLanguage\":\"es\",\"potentialAction\":[{\"@type\":\"ReadAction\",\"target\":[\"https:\\\/\\\/arealorcaradio.es\\\/index.php\\\/2024\\\/02\\\/01\\\/el-piloto-lorquino-de-ocho-anos-pablo-segura-disputa-este-fin-de-semana-el-campeonato-de-europa-de-karts-en-la-categoria-x30-mini\\\/\"]}]},{\"@type\":\"ImageObject\",\"inLanguage\":\"es\",\"@id\":\"https:\\\/\\\/arealorcaradio.es\\\/index.php\\\/2024\\\/02\\\/01\\\/el-piloto-lorquino-de-ocho-anos-pablo-segura-disputa-este-fin-de-semana-el-campeonato-de-europa-de-karts-en-la-categoria-x30-mini\\\/#primaryimage\",\"url\":\"https:\\\/\\\/arealorcaradio.es\\\/wp-content\\\/uploads\\\/2024\\\/02\\\/IMG-20230127-WA0018-1.jpg\",\"contentUrl\":\"https:\\\/\\\/arealorcaradio.es\\\/wp-content\\\/uploads\\\/2024\\\/02\\\/IMG-20230127-WA0018-1.jpg\",\"width\":1600,\"height\":1066},{\"@type\":\"BreadcrumbList\",\"@id\":\"https:\\\/\\\/arealorcaradio.es\\\/index.php\\\/2024\\\/02\\\/01\\\/el-piloto-lorquino-de-ocho-anos-pablo-segura-disputa-este-fin-de-semana-el-campeonato-de-europa-de-karts-en-la-categoria-x30-mini\\\/#breadcrumb\",\"itemListElement\":[{\"@type\":\"ListItem\",\"position\":1,\"name\":\"Portada\",\"item\":\"https:\\\/\\\/arealorcaradio.es\\\/\"},{\"@type\":\"ListItem\",\"position\":2,\"name\":\"El piloto lorquino de ocho a\u00f1os Pablo Segura disputa este fin de semana el Campeonato de Europa de Karts en la categor\u00eda X30 Mini\"}]},{\"@type\":\"WebSite\",\"@id\":\"https:\\\/\\\/arealorcaradio.es\\\/#website\",\"url\":\"https:\\\/\\\/arealorcaradio.es\\\/\",\"name\":\"AREA LORCA RADIO\",\"description\":\"Descubre la programaci\u00f3n actual en \u00c1rea Lorca Radio, tu fuente de entrenamiento y noticias locales. Sintoniza ahora y mantente conectado online.\",\"potentialAction\":[{\"@type\":\"SearchAction\",\"target\":{\"@type\":\"EntryPoint\",\"urlTemplate\":\"https:\\\/\\\/arealorcaradio.es\\\/?s={search_term_string}\"},\"query-input\":{\"@type\":\"PropertyValueSpecification\",\"valueRequired\":true,\"valueName\":\"search_term_string\"}}],\"inLanguage\":\"es\"},{\"@type\":\"Person\",\"@id\":\"https:\\\/\\\/arealorcaradio.es\\\/#\\\/schema\\\/person\\\/9fae605fc25b0f2c83c1ab207139bd27\",\"name\":\"Paco S\u00e1nchez\",\"image\":{\"@type\":\"ImageObject\",\"inLanguage\":\"es\",\"@id\":\"https:\\\/\\\/secure.gravatar.com\\\/avatar\\\/d67144e966420fb74aa84c9f2a0103be4724fd14db52b52d3b6bca749f257e79?s=96&d=mm&r=g\",\"url\":\"https:\\\/\\\/secure.gravatar.com\\\/avatar\\\/d67144e966420fb74aa84c9f2a0103be4724fd14db52b52d3b6bca749f257e79?s=96&d=mm&r=g\",\"contentUrl\":\"https:\\\/\\\/secure.gravatar.com\\\/avatar\\\/d67144e966420fb74aa84c9f2a0103be4724fd14db52b52d3b6bca749f257e79?s=96&d=mm&r=g\",\"caption\":\"Paco S\u00e1nchez\"},\"sameAs\":[\"https:\\\/\\\/arealorcaradio.es\"],\"url\":\"https:\\\/\\\/arealorcaradio.es\\\/index.php\\\/author\\\/admin_alorcaradio\\\/\"}]}<\/script>\n<!-- \/ Yoast SEO plugin. -->","yoast_head_json":{"title":"El piloto lorquino de ocho a\u00f1os Pablo Segura disputa este fin de semana el Campeonato de Europa de Karts en la categor\u00eda X30 Mini - AREA LORCA RADIO","robots":{"index":"index","follow":"follow","max-snippet":"max-snippet:-1","max-image-preview":"max-image-preview:large","max-video-preview":"max-video-preview:-1"},"canonical":"https:\/\/arealorcaradio.es\/index.php\/2024\/02\/01\/el-piloto-lorquino-de-ocho-anos-pablo-segura-disputa-este-fin-de-semana-el-campeonato-de-europa-de-karts-en-la-categoria-x30-mini\/","og_locale":"es_ES","og_type":"article","og_title":"El piloto lorquino de ocho a\u00f1os Pablo Segura disputa este fin de semana el Campeonato de Europa de Karts en la categor\u00eda X30 Mini - AREA LORCA RADIO","og_description":"\u00c1REA LORCA RADIO. Escucha aqu\u00ed la entrevista que han concedido Pedro Segura, padre de Pablo a Paco S\u00e1nchez en el programa \u00c1rea Lorca Deportes tras las cuatro primeras tandas de entrenamientos libres, donde el piloto m\u00e1s joven de la parrilla lo ha hecho muy bien rodando entre los 35 mejores tiempos. \u00a0","og_url":"https:\/\/arealorcaradio.es\/index.php\/2024\/02\/01\/el-piloto-lorquino-de-ocho-anos-pablo-segura-disputa-este-fin-de-semana-el-campeonato-de-europa-de-karts-en-la-categoria-x30-mini\/","og_site_name":"AREA LORCA RADIO","article_published_time":"2024-02-01T09:00:14+00:00","og_image":[{"width":1600,"height":1066,"url":"https:\/\/arealorcaradio.es\/wp-content\/uploads\/2024\/02\/IMG-20230127-WA0018-1.jpg","type":"image\/jpeg"}],"author":"Paco S\u00e1nchez","twitter_card":"summary_large_image","twitter_misc":{"Escrito por":"Paco S\u00e1nchez","Tiempo de lectura":"1 minuto"},"schema":{"@context":"https:\/\/schema.org","@graph":[{"@type":"Article","@id":"https:\/\/arealorcaradio.es\/index.php\/2024\/02\/01\/el-piloto-lorquino-de-ocho-anos-pablo-segura-disputa-este-fin-de-semana-el-campeonato-de-europa-de-karts-en-la-categoria-x30-mini\/#article","isPartOf":{"@id":"https:\/\/arealorcaradio.es\/index.php\/2024\/02\/01\/el-piloto-lorquino-de-ocho-anos-pablo-segura-disputa-este-fin-de-semana-el-campeonato-de-europa-de-karts-en-la-categoria-x30-mini\/"},"author":{"name":"Paco S\u00e1nchez","@id":"https:\/\/arealorcaradio.es\/#\/schema\/person\/9fae605fc25b0f2c83c1ab207139bd27"},"headline":"El piloto lorquino de ocho a\u00f1os Pablo Segura disputa este fin de semana el Campeonato de Europa de Karts en la categor\u00eda X30 Mini","datePublished":"2024-02-01T09:00:14+00:00","mainEntityOfPage":{"@id":"https:\/\/arealorcaradio.es\/index.php\/2024\/02\/01\/el-piloto-lorquino-de-ocho-anos-pablo-segura-disputa-este-fin-de-semana-el-campeonato-de-europa-de-karts-en-la-categoria-x30-mini\/"},"wordCount":88,"commentCount":0,"image":{"@id":"https:\/\/arealorcaradio.es\/index.php\/2024\/02\/01\/el-piloto-lorquino-de-ocho-anos-pablo-segura-disputa-este-fin-de-semana-el-campeonato-de-europa-de-karts-en-la-categoria-x30-mini\/#primaryimage"},"thumbnailUrl":"https:\/\/arealorcaradio.es\/wp-content\/uploads\/2024\/02\/IMG-20230127-WA0018-1.jpg","articleSection":["DEPORTES","LORCA"],"inLanguage":"es","potentialAction":[{"@type":"CommentAction","name":"Comment","target":["https:\/\/arealorcaradio.es\/index.php\/2024\/02\/01\/el-piloto-lorquino-de-ocho-anos-pablo-segura-disputa-este-fin-de-semana-el-campeonato-de-europa-de-karts-en-la-categoria-x30-mini\/#respond"]}]},{"@type":"WebPage","@id":"https:\/\/arealorcaradio.es\/index.php\/2024\/02\/01\/el-piloto-lorquino-de-ocho-anos-pablo-segura-disputa-este-fin-de-semana-el-campeonato-de-europa-de-karts-en-la-categoria-x30-mini\/","url":"https:\/\/arealorcaradio.es\/index.php\/2024\/02\/01\/el-piloto-lorquino-de-ocho-anos-pablo-segura-disputa-este-fin-de-semana-el-campeonato-de-europa-de-karts-en-la-categoria-x30-mini\/","name":"El piloto lorquino de ocho a\u00f1os Pablo Segura disputa este fin de semana el Campeonato de Europa de Karts en la categor\u00eda X30 Mini - AREA LORCA RADIO","isPartOf":{"@id":"https:\/\/arealorcaradio.es\/#website"},"primaryImageOfPage":{"@id":"https:\/\/arealorcaradio.es\/index.php\/2024\/02\/01\/el-piloto-lorquino-de-ocho-anos-pablo-segura-disputa-este-fin-de-semana-el-campeonato-de-europa-de-karts-en-la-categoria-x30-mini\/#primaryimage"},"image":{"@id":"https:\/\/arealorcaradio.es\/index.php\/2024\/02\/01\/el-piloto-lorquino-de-ocho-anos-pablo-segura-disputa-este-fin-de-semana-el-campeonato-de-europa-de-karts-en-la-categoria-x30-mini\/#primaryimage"},"thumbnailUrl":"https:\/\/arealorcaradio.es\/wp-content\/uploads\/2024\/02\/IMG-20230127-WA0018-1.jpg","datePublished":"2024-02-01T09:00:14+00:00","author":{"@id":"https:\/\/arealorcaradio.es\/#\/schema\/person\/9fae605fc25b0f2c83c1ab207139bd27"},"breadcrumb":{"@id":"https:\/\/arealorcaradio.es\/index.php\/2024\/02\/01\/el-piloto-lorquino-de-ocho-anos-pablo-segura-disputa-este-fin-de-semana-el-campeonato-de-europa-de-karts-en-la-categoria-x30-mini\/#breadcrumb"},"inLanguage":"es","potentialAction":[{"@type":"ReadAction","target":["https:\/\/arealorcaradio.es\/index.php\/2024\/02\/01\/el-piloto-lorquino-de-ocho-anos-pablo-segura-disputa-este-fin-de-semana-el-campeonato-de-europa-de-karts-en-la-categoria-x30-mini\/"]}]},{"@type":"ImageObject","inLanguage":"es","@id":"https:\/\/arealorcaradio.es\/index.php\/2024\/02\/01\/el-piloto-lorquino-de-ocho-anos-pablo-segura-disputa-este-fin-de-semana-el-campeonato-de-europa-de-karts-en-la-categoria-x30-mini\/#primaryimage","url":"https:\/\/arealorcaradio.es\/wp-content\/uploads\/2024\/02\/IMG-20230127-WA0018-1.jpg","contentUrl":"https:\/\/arealorcaradio.es\/wp-content\/uploads\/2024\/02\/IMG-20230127-WA0018-1.jpg","width":1600,"height":1066},{"@type":"BreadcrumbList","@id":"https:\/\/arealorcaradio.es\/index.php\/2024\/02\/01\/el-piloto-lorquino-de-ocho-anos-pablo-segura-disputa-este-fin-de-semana-el-campeonato-de-europa-de-karts-en-la-categoria-x30-mini\/#breadcrumb","itemListElement":[{"@type":"ListItem","position":1,"name":"Portada","item":"https:\/\/arealorcaradio.es\/"},{"@type":"ListItem","position":2,"name":"El piloto lorquino de ocho a\u00f1os Pablo Segura disputa este fin de semana el Campeonato de Europa de Karts en la categor\u00eda X30 Mini"}]},{"@type":"WebSite","@id":"https:\/\/arealorcaradio.es\/#website","url":"https:\/\/arealorcaradio.es\/","name":"AREA LORCA RADIO","description":"Descubre la programaci\u00f3n actual en \u00c1rea Lorca Radio, tu fuente de entrenamiento y noticias locales. Sintoniza ahora y mantente conectado online.","potentialAction":[{"@type":"SearchAction","target":{"@type":"EntryPoint","urlTemplate":"https:\/\/arealorcaradio.es\/?s={search_term_string}"},"query-input":{"@type":"PropertyValueSpecification","valueRequired":true,"valueName":"search_term_string"}}],"inLanguage":"es"},{"@type":"Person","@id":"https:\/\/arealorcaradio.es\/#\/schema\/person\/9fae605fc25b0f2c83c1ab207139bd27","name":"Paco S\u00e1nchez","image":{"@type":"ImageObject","inLanguage":"es","@id":"https:\/\/secure.gravatar.com\/avatar\/d67144e966420fb74aa84c9f2a0103be4724fd14db52b52d3b6bca749f257e79?s=96&d=mm&r=g","url":"https:\/\/secure.gravatar.com\/avatar\/d67144e966420fb74aa84c9f2a0103be4724fd14db52b52d3b6bca749f257e79?s=96&d=mm&r=g","contentUrl":"https:\/\/secure.gravatar.com\/avatar\/d67144e966420fb74aa84c9f2a0103be4724fd14db52b52d3b6bca749f257e79?s=96&d=mm&r=g","caption":"Paco S\u00e1nchez"},"sameAs":["https:\/\/arealorcaradio.es"],"url":"https:\/\/arealorcaradio.es\/index.php\/author\/admin_alorcaradio\/"}]}},"_links":{"self":[{"href":"https:\/\/arealorcaradio.es\/index.php\/wp-json\/wp\/v2\/posts\/2390","targetHints":{"allow":["GET"]}}],"collection":[{"href":"https:\/\/arealorcaradio.es\/index.php\/wp-json\/wp\/v2\/posts"}],"about":[{"href":"https:\/\/arealorcaradio.es\/index.php\/wp-json\/wp\/v2\/types\/post"}],"author":[{"embeddable":true,"href":"https:\/\/arealorcaradio.es\/index.php\/wp-json\/wp\/v2\/users\/1"}],"replies":[{"embeddable":true,"href":"https:\/\/arealorcaradio.es\/index.php\/wp-json\/wp\/v2\/comments?post=2390"}],"version-history":[{"count":1,"href":"https:\/\/arealorcaradio.es\/index.php\/wp-json\/wp\/v2\/posts\/2390\/revisions"}],"predecessor-version":[{"id":2395,"href":"https:\/\/arealorcaradio.es\/index.php\/wp-json\/wp\/v2\/posts\/2390\/revisions\/2395"}],"wp:featuredmedia":[{"embeddable":true,"href":"https:\/\/arealorcaradio.es\/index.php\/wp-json\/wp\/v2\/media\/2396"}],"wp:attachment":[{"href":"https:\/\/arealorcaradio.es\/index.php\/wp-json\/wp\/v2\/media?parent=2390"}],"wp:term":[{"taxonomy":"category","embeddable":true,"href":"https:\/\/arealorcaradio.es\/index.php\/wp-json\/wp\/v2\/categories?post=2390"},{"taxonomy":"post_tag","embeddable":true,"href":"https:\/\/arealorcaradio.es\/index.php\/wp-json\/wp\/v2\/tags?post=2390"}],"curies":[{"name":"wp","href":"https:\/\/api.w.org\/{rel}","templated":true}]}}