{"id":2376,"date":"2024-01-30T19:03:01","date_gmt":"2024-01-30T19:03:01","guid":{"rendered":"https:\/\/arealorcaradio.es\/?p=2376"},"modified":"2024-01-30T19:34:52","modified_gmt":"2024-01-30T19:34:52","slug":"lorca-sera-la-sede-del-1-al-4-de-febrero-el-vi-encuentro-nacional-de-cofradias-vinculadas-a-la-legion","status":"publish","type":"post","link":"https:\/\/arealorcaradio.es\/index.php\/2024\/01\/30\/lorca-sera-la-sede-del-1-al-4-de-febrero-el-vi-encuentro-nacional-de-cofradias-vinculadas-a-la-legion\/","title":{"rendered":"Lorca ser\u00e1 la sede del 1 al 4 de febrero el VI Encuentro Nacional de Cofrad\u00edas vinculadas a la Legi\u00f3n"},"content":{"rendered":"<p>\u00c1REA LORCA RADIO.<\/p>\n<p class=\"v1MsoNormal\">El Paso Blanco, que recoge el testigo de Ceuta, fue elegido el pasado a\u00f1o como sede para celebrar el VI Encuentro Nacional de Hermandades Cristianas vinculadas a la Legi\u00f3n. Este congreso anual, que se celebra desde el a\u00f1o 2017, reunir\u00e1 durante el primer fin de semana de febrero en Lorca a m\u00e1s de 500 personas de m\u00e1s de cuarenta cofrad\u00edas y hermandades de toda Espa\u00f1a que se encuentran vinculadas con la Legi\u00f3n. Lorca es una ciudad que vive y respira su Semana Santa durante todo el a\u00f1o, y este evento ser\u00e1 una oportunidad \u00fanica para compartir ese sentimiento con cofrades de todo el pa\u00eds, as\u00ed como para mostrar la admiraci\u00f3n que todo el pueblo de Lorca tiene hacia la Legi\u00f3n Espa\u00f1ola, uno de los cuerpos militares m\u00e1s importantes de nuestro pa\u00eds, cuya labor y compromiso son motivo de orgullo para los espa\u00f1oles.<\/p>\n<p>Escucha aqu\u00ed la entrevista que ha concedido el presidente del Paso Blanco, Ram\u00f3n Mateos Padilla a Paco S\u00e1nchez en el magazine \u00c1rea Lorca Actualidad.<\/p>\n<audio class=\"wp-audio-shortcode\" id=\"audio-2376-1\" preload=\"none\" style=\"width: 100%;\" controls=\"controls\"><source type=\"audio\/mpeg\" src=\"https:\/\/arealorcaradio.es\/wp-content\/uploads\/2024\/01\/300124-RAMON-MATEOS.-ENCUENTRO-HERMANDADES.mp3?_=1\" \/><a href=\"https:\/\/arealorcaradio.es\/wp-content\/uploads\/2024\/01\/300124-RAMON-MATEOS.-ENCUENTRO-HERMANDADES.mp3\">https:\/\/arealorcaradio.es\/wp-content\/uploads\/2024\/01\/300124-RAMON-MATEOS.-ENCUENTRO-HERMANDADES.mp3<\/a><\/audio>\n","protected":false},"excerpt":{"rendered":"<p>\u00c1REA LORCA RADIO. El Paso Blanco, que recoge el testigo de Ceuta, fue elegido el pasado a\u00f1o como sede para celebrar el VI Encuentro Nacional de Hermandades Cristianas vinculadas a la Legi\u00f3n. Este congreso anual, que se celebra desde el a\u00f1o 2017, reunir\u00e1 durante el primer fin de semana de febrero en Lorca a m\u00e1s [&hellip;]<\/p>\n","protected":false},"author":1,"featured_media":2378,"comment_status":"open","ping_status":"open","sticky":false,"template":"","format":"standard","meta":{"iawp_total_views":1,"footnotes":""},"categories":[5,7],"tags":[],"class_list":["post-2376","post","type-post","status-publish","format-standard","has-post-thumbnail","hentry","category-actualidad","category-lorca"],"yoast_head":"<!-- This site is optimized with the Yoast SEO plugin v27.5 - https:\/\/yoast.com\/product\/yoast-seo-wordpress\/ -->\n<title>Lorca ser\u00e1 la sede del 1 al 4 de febrero el VI Encuentro Nacional de Cofrad\u00edas vinculadas a la Legi\u00f3n - AREA LORCA RADIO<\/title>\n<meta name=\"robots\" content=\"index, follow, max-snippet:-1, max-image-preview:large, max-video-preview:-1\" \/>\n<link rel=\"canonical\" href=\"https:\/\/arealorcaradio.es\/index.php\/2024\/01\/30\/lorca-sera-la-sede-del-1-al-4-de-febrero-el-vi-encuentro-nacional-de-cofradias-vinculadas-a-la-legion\/\" \/>\n<meta property=\"og:locale\" content=\"es_ES\" \/>\n<meta property=\"og:type\" content=\"article\" \/>\n<meta property=\"og:title\" content=\"Lorca ser\u00e1 la sede del 1 al 4 de febrero el VI Encuentro Nacional de Cofrad\u00edas vinculadas a la Legi\u00f3n - AREA LORCA RADIO\" \/>\n<meta property=\"og:description\" content=\"\u00c1REA LORCA RADIO. El Paso Blanco, que recoge el testigo de Ceuta, fue elegido el pasado a\u00f1o como sede para celebrar el VI Encuentro Nacional de Hermandades Cristianas vinculadas a la Legi\u00f3n. Este congreso anual, que se celebra desde el a\u00f1o 2017, reunir\u00e1 durante el primer fin de semana de febrero en Lorca a m\u00e1s [&hellip;]\" \/>\n<meta property=\"og:url\" content=\"https:\/\/arealorcaradio.es\/index.php\/2024\/01\/30\/lorca-sera-la-sede-del-1-al-4-de-febrero-el-vi-encuentro-nacional-de-cofradias-vinculadas-a-la-legion\/\" \/>\n<meta property=\"og:site_name\" content=\"AREA LORCA RADIO\" \/>\n<meta property=\"article:published_time\" content=\"2024-01-30T19:03:01+00:00\" \/>\n<meta property=\"article:modified_time\" content=\"2024-01-30T19:34:52+00:00\" \/>\n<meta property=\"og:image\" content=\"https:\/\/arealorcaradio.es\/wp-content\/uploads\/2024\/01\/20240130_163534-scaled.jpg\" \/>\n\t<meta property=\"og:image:width\" content=\"2560\" \/>\n\t<meta property=\"og:image:height\" content=\"1920\" \/>\n\t<meta property=\"og:image:type\" content=\"image\/jpeg\" \/>\n<meta name=\"author\" content=\"Paco S\u00e1nchez\" \/>\n<meta name=\"twitter:card\" content=\"summary_large_image\" \/>\n<meta name=\"twitter:label1\" content=\"Escrito por\" \/>\n\t<meta name=\"twitter:data1\" content=\"Paco S\u00e1nchez\" \/>\n\t<meta name=\"twitter:label2\" content=\"Tiempo de lectura\" \/>\n\t<meta name=\"twitter:data2\" content=\"1 minuto\" \/>\n<script type=\"application\/ld+json\" class=\"yoast-schema-graph\">{\"@context\":\"https:\\\/\\\/schema.org\",\"@graph\":[{\"@type\":\"Article\",\"@id\":\"https:\\\/\\\/arealorcaradio.es\\\/index.php\\\/2024\\\/01\\\/30\\\/lorca-sera-la-sede-del-1-al-4-de-febrero-el-vi-encuentro-nacional-de-cofradias-vinculadas-a-la-legion\\\/#article\",\"isPartOf\":{\"@id\":\"https:\\\/\\\/arealorcaradio.es\\\/index.php\\\/2024\\\/01\\\/30\\\/lorca-sera-la-sede-del-1-al-4-de-febrero-el-vi-encuentro-nacional-de-cofradias-vinculadas-a-la-legion\\\/\"},\"author\":{\"name\":\"Paco S\u00e1nchez\",\"@id\":\"https:\\\/\\\/arealorcaradio.es\\\/#\\\/schema\\\/person\\\/9fae605fc25b0f2c83c1ab207139bd27\"},\"headline\":\"Lorca ser\u00e1 la sede del 1 al 4 de febrero el VI Encuentro Nacional de Cofrad\u00edas vinculadas a la Legi\u00f3n\",\"datePublished\":\"2024-01-30T19:03:01+00:00\",\"dateModified\":\"2024-01-30T19:34:52+00:00\",\"mainEntityOfPage\":{\"@id\":\"https:\\\/\\\/arealorcaradio.es\\\/index.php\\\/2024\\\/01\\\/30\\\/lorca-sera-la-sede-del-1-al-4-de-febrero-el-vi-encuentro-nacional-de-cofradias-vinculadas-a-la-legion\\\/\"},\"wordCount\":216,\"commentCount\":0,\"image\":{\"@id\":\"https:\\\/\\\/arealorcaradio.es\\\/index.php\\\/2024\\\/01\\\/30\\\/lorca-sera-la-sede-del-1-al-4-de-febrero-el-vi-encuentro-nacional-de-cofradias-vinculadas-a-la-legion\\\/#primaryimage\"},\"thumbnailUrl\":\"https:\\\/\\\/arealorcaradio.es\\\/wp-content\\\/uploads\\\/2024\\\/01\\\/20240130_163534-scaled.jpg\",\"articleSection\":[\"ACTUALIDAD\",\"LORCA\"],\"inLanguage\":\"es\",\"potentialAction\":[{\"@type\":\"CommentAction\",\"name\":\"Comment\",\"target\":[\"https:\\\/\\\/arealorcaradio.es\\\/index.php\\\/2024\\\/01\\\/30\\\/lorca-sera-la-sede-del-1-al-4-de-febrero-el-vi-encuentro-nacional-de-cofradias-vinculadas-a-la-legion\\\/#respond\"]}]},{\"@type\":\"WebPage\",\"@id\":\"https:\\\/\\\/arealorcaradio.es\\\/index.php\\\/2024\\\/01\\\/30\\\/lorca-sera-la-sede-del-1-al-4-de-febrero-el-vi-encuentro-nacional-de-cofradias-vinculadas-a-la-legion\\\/\",\"url\":\"https:\\\/\\\/arealorcaradio.es\\\/index.php\\\/2024\\\/01\\\/30\\\/lorca-sera-la-sede-del-1-al-4-de-febrero-el-vi-encuentro-nacional-de-cofradias-vinculadas-a-la-legion\\\/\",\"name\":\"Lorca ser\u00e1 la sede del 1 al 4 de febrero el VI Encuentro Nacional de Cofrad\u00edas vinculadas a la Legi\u00f3n - AREA LORCA RADIO\",\"isPartOf\":{\"@id\":\"https:\\\/\\\/arealorcaradio.es\\\/#website\"},\"primaryImageOfPage\":{\"@id\":\"https:\\\/\\\/arealorcaradio.es\\\/index.php\\\/2024\\\/01\\\/30\\\/lorca-sera-la-sede-del-1-al-4-de-febrero-el-vi-encuentro-nacional-de-cofradias-vinculadas-a-la-legion\\\/#primaryimage\"},\"image\":{\"@id\":\"https:\\\/\\\/arealorcaradio.es\\\/index.php\\\/2024\\\/01\\\/30\\\/lorca-sera-la-sede-del-1-al-4-de-febrero-el-vi-encuentro-nacional-de-cofradias-vinculadas-a-la-legion\\\/#primaryimage\"},\"thumbnailUrl\":\"https:\\\/\\\/arealorcaradio.es\\\/wp-content\\\/uploads\\\/2024\\\/01\\\/20240130_163534-scaled.jpg\",\"datePublished\":\"2024-01-30T19:03:01+00:00\",\"dateModified\":\"2024-01-30T19:34:52+00:00\",\"author\":{\"@id\":\"https:\\\/\\\/arealorcaradio.es\\\/#\\\/schema\\\/person\\\/9fae605fc25b0f2c83c1ab207139bd27\"},\"breadcrumb\":{\"@id\":\"https:\\\/\\\/arealorcaradio.es\\\/index.php\\\/2024\\\/01\\\/30\\\/lorca-sera-la-sede-del-1-al-4-de-febrero-el-vi-encuentro-nacional-de-cofradias-vinculadas-a-la-legion\\\/#breadcrumb\"},\"inLanguage\":\"es\",\"potentialAction\":[{\"@type\":\"ReadAction\",\"target\":[\"https:\\\/\\\/arealorcaradio.es\\\/index.php\\\/2024\\\/01\\\/30\\\/lorca-sera-la-sede-del-1-al-4-de-febrero-el-vi-encuentro-nacional-de-cofradias-vinculadas-a-la-legion\\\/\"]}]},{\"@type\":\"ImageObject\",\"inLanguage\":\"es\",\"@id\":\"https:\\\/\\\/arealorcaradio.es\\\/index.php\\\/2024\\\/01\\\/30\\\/lorca-sera-la-sede-del-1-al-4-de-febrero-el-vi-encuentro-nacional-de-cofradias-vinculadas-a-la-legion\\\/#primaryimage\",\"url\":\"https:\\\/\\\/arealorcaradio.es\\\/wp-content\\\/uploads\\\/2024\\\/01\\\/20240130_163534-scaled.jpg\",\"contentUrl\":\"https:\\\/\\\/arealorcaradio.es\\\/wp-content\\\/uploads\\\/2024\\\/01\\\/20240130_163534-scaled.jpg\",\"width\":2560,\"height\":1920},{\"@type\":\"BreadcrumbList\",\"@id\":\"https:\\\/\\\/arealorcaradio.es\\\/index.php\\\/2024\\\/01\\\/30\\\/lorca-sera-la-sede-del-1-al-4-de-febrero-el-vi-encuentro-nacional-de-cofradias-vinculadas-a-la-legion\\\/#breadcrumb\",\"itemListElement\":[{\"@type\":\"ListItem\",\"position\":1,\"name\":\"Portada\",\"item\":\"https:\\\/\\\/arealorcaradio.es\\\/\"},{\"@type\":\"ListItem\",\"position\":2,\"name\":\"Lorca ser\u00e1 la sede del 1 al 4 de febrero el VI Encuentro Nacional de Cofrad\u00edas vinculadas a la Legi\u00f3n\"}]},{\"@type\":\"WebSite\",\"@id\":\"https:\\\/\\\/arealorcaradio.es\\\/#website\",\"url\":\"https:\\\/\\\/arealorcaradio.es\\\/\",\"name\":\"AREA LORCA RADIO\",\"description\":\"Descubre la programaci\u00f3n actual en \u00c1rea Lorca Radio, tu fuente de entrenamiento y noticias locales. Sintoniza ahora y mantente conectado online.\",\"potentialAction\":[{\"@type\":\"SearchAction\",\"target\":{\"@type\":\"EntryPoint\",\"urlTemplate\":\"https:\\\/\\\/arealorcaradio.es\\\/?s={search_term_string}\"},\"query-input\":{\"@type\":\"PropertyValueSpecification\",\"valueRequired\":true,\"valueName\":\"search_term_string\"}}],\"inLanguage\":\"es\"},{\"@type\":\"Person\",\"@id\":\"https:\\\/\\\/arealorcaradio.es\\\/#\\\/schema\\\/person\\\/9fae605fc25b0f2c83c1ab207139bd27\",\"name\":\"Paco S\u00e1nchez\",\"image\":{\"@type\":\"ImageObject\",\"inLanguage\":\"es\",\"@id\":\"https:\\\/\\\/secure.gravatar.com\\\/avatar\\\/d67144e966420fb74aa84c9f2a0103be4724fd14db52b52d3b6bca749f257e79?s=96&d=mm&r=g\",\"url\":\"https:\\\/\\\/secure.gravatar.com\\\/avatar\\\/d67144e966420fb74aa84c9f2a0103be4724fd14db52b52d3b6bca749f257e79?s=96&d=mm&r=g\",\"contentUrl\":\"https:\\\/\\\/secure.gravatar.com\\\/avatar\\\/d67144e966420fb74aa84c9f2a0103be4724fd14db52b52d3b6bca749f257e79?s=96&d=mm&r=g\",\"caption\":\"Paco S\u00e1nchez\"},\"sameAs\":[\"https:\\\/\\\/arealorcaradio.es\"],\"url\":\"https:\\\/\\\/arealorcaradio.es\\\/index.php\\\/author\\\/admin_alorcaradio\\\/\"}]}<\/script>\n<!-- \/ Yoast SEO plugin. -->","yoast_head_json":{"title":"Lorca ser\u00e1 la sede del 1 al 4 de febrero el VI Encuentro Nacional de Cofrad\u00edas vinculadas a la Legi\u00f3n - AREA LORCA RADIO","robots":{"index":"index","follow":"follow","max-snippet":"max-snippet:-1","max-image-preview":"max-image-preview:large","max-video-preview":"max-video-preview:-1"},"canonical":"https:\/\/arealorcaradio.es\/index.php\/2024\/01\/30\/lorca-sera-la-sede-del-1-al-4-de-febrero-el-vi-encuentro-nacional-de-cofradias-vinculadas-a-la-legion\/","og_locale":"es_ES","og_type":"article","og_title":"Lorca ser\u00e1 la sede del 1 al 4 de febrero el VI Encuentro Nacional de Cofrad\u00edas vinculadas a la Legi\u00f3n - AREA LORCA RADIO","og_description":"\u00c1REA LORCA RADIO. El Paso Blanco, que recoge el testigo de Ceuta, fue elegido el pasado a\u00f1o como sede para celebrar el VI Encuentro Nacional de Hermandades Cristianas vinculadas a la Legi\u00f3n. Este congreso anual, que se celebra desde el a\u00f1o 2017, reunir\u00e1 durante el primer fin de semana de febrero en Lorca a m\u00e1s [&hellip;]","og_url":"https:\/\/arealorcaradio.es\/index.php\/2024\/01\/30\/lorca-sera-la-sede-del-1-al-4-de-febrero-el-vi-encuentro-nacional-de-cofradias-vinculadas-a-la-legion\/","og_site_name":"AREA LORCA RADIO","article_published_time":"2024-01-30T19:03:01+00:00","article_modified_time":"2024-01-30T19:34:52+00:00","og_image":[{"width":2560,"height":1920,"url":"https:\/\/arealorcaradio.es\/wp-content\/uploads\/2024\/01\/20240130_163534-scaled.jpg","type":"image\/jpeg"}],"author":"Paco S\u00e1nchez","twitter_card":"summary_large_image","twitter_misc":{"Escrito por":"Paco S\u00e1nchez","Tiempo de lectura":"1 minuto"},"schema":{"@context":"https:\/\/schema.org","@graph":[{"@type":"Article","@id":"https:\/\/arealorcaradio.es\/index.php\/2024\/01\/30\/lorca-sera-la-sede-del-1-al-4-de-febrero-el-vi-encuentro-nacional-de-cofradias-vinculadas-a-la-legion\/#article","isPartOf":{"@id":"https:\/\/arealorcaradio.es\/index.php\/2024\/01\/30\/lorca-sera-la-sede-del-1-al-4-de-febrero-el-vi-encuentro-nacional-de-cofradias-vinculadas-a-la-legion\/"},"author":{"name":"Paco S\u00e1nchez","@id":"https:\/\/arealorcaradio.es\/#\/schema\/person\/9fae605fc25b0f2c83c1ab207139bd27"},"headline":"Lorca ser\u00e1 la sede del 1 al 4 de febrero el VI Encuentro Nacional de Cofrad\u00edas vinculadas a la Legi\u00f3n","datePublished":"2024-01-30T19:03:01+00:00","dateModified":"2024-01-30T19:34:52+00:00","mainEntityOfPage":{"@id":"https:\/\/arealorcaradio.es\/index.php\/2024\/01\/30\/lorca-sera-la-sede-del-1-al-4-de-febrero-el-vi-encuentro-nacional-de-cofradias-vinculadas-a-la-legion\/"},"wordCount":216,"commentCount":0,"image":{"@id":"https:\/\/arealorcaradio.es\/index.php\/2024\/01\/30\/lorca-sera-la-sede-del-1-al-4-de-febrero-el-vi-encuentro-nacional-de-cofradias-vinculadas-a-la-legion\/#primaryimage"},"thumbnailUrl":"https:\/\/arealorcaradio.es\/wp-content\/uploads\/2024\/01\/20240130_163534-scaled.jpg","articleSection":["ACTUALIDAD","LORCA"],"inLanguage":"es","potentialAction":[{"@type":"CommentAction","name":"Comment","target":["https:\/\/arealorcaradio.es\/index.php\/2024\/01\/30\/lorca-sera-la-sede-del-1-al-4-de-febrero-el-vi-encuentro-nacional-de-cofradias-vinculadas-a-la-legion\/#respond"]}]},{"@type":"WebPage","@id":"https:\/\/arealorcaradio.es\/index.php\/2024\/01\/30\/lorca-sera-la-sede-del-1-al-4-de-febrero-el-vi-encuentro-nacional-de-cofradias-vinculadas-a-la-legion\/","url":"https:\/\/arealorcaradio.es\/index.php\/2024\/01\/30\/lorca-sera-la-sede-del-1-al-4-de-febrero-el-vi-encuentro-nacional-de-cofradias-vinculadas-a-la-legion\/","name":"Lorca ser\u00e1 la sede del 1 al 4 de febrero el VI Encuentro Nacional de Cofrad\u00edas vinculadas a la Legi\u00f3n - AREA LORCA RADIO","isPartOf":{"@id":"https:\/\/arealorcaradio.es\/#website"},"primaryImageOfPage":{"@id":"https:\/\/arealorcaradio.es\/index.php\/2024\/01\/30\/lorca-sera-la-sede-del-1-al-4-de-febrero-el-vi-encuentro-nacional-de-cofradias-vinculadas-a-la-legion\/#primaryimage"},"image":{"@id":"https:\/\/arealorcaradio.es\/index.php\/2024\/01\/30\/lorca-sera-la-sede-del-1-al-4-de-febrero-el-vi-encuentro-nacional-de-cofradias-vinculadas-a-la-legion\/#primaryimage"},"thumbnailUrl":"https:\/\/arealorcaradio.es\/wp-content\/uploads\/2024\/01\/20240130_163534-scaled.jpg","datePublished":"2024-01-30T19:03:01+00:00","dateModified":"2024-01-30T19:34:52+00:00","author":{"@id":"https:\/\/arealorcaradio.es\/#\/schema\/person\/9fae605fc25b0f2c83c1ab207139bd27"},"breadcrumb":{"@id":"https:\/\/arealorcaradio.es\/index.php\/2024\/01\/30\/lorca-sera-la-sede-del-1-al-4-de-febrero-el-vi-encuentro-nacional-de-cofradias-vinculadas-a-la-legion\/#breadcrumb"},"inLanguage":"es","potentialAction":[{"@type":"ReadAction","target":["https:\/\/arealorcaradio.es\/index.php\/2024\/01\/30\/lorca-sera-la-sede-del-1-al-4-de-febrero-el-vi-encuentro-nacional-de-cofradias-vinculadas-a-la-legion\/"]}]},{"@type":"ImageObject","inLanguage":"es","@id":"https:\/\/arealorcaradio.es\/index.php\/2024\/01\/30\/lorca-sera-la-sede-del-1-al-4-de-febrero-el-vi-encuentro-nacional-de-cofradias-vinculadas-a-la-legion\/#primaryimage","url":"https:\/\/arealorcaradio.es\/wp-content\/uploads\/2024\/01\/20240130_163534-scaled.jpg","contentUrl":"https:\/\/arealorcaradio.es\/wp-content\/uploads\/2024\/01\/20240130_163534-scaled.jpg","width":2560,"height":1920},{"@type":"BreadcrumbList","@id":"https:\/\/arealorcaradio.es\/index.php\/2024\/01\/30\/lorca-sera-la-sede-del-1-al-4-de-febrero-el-vi-encuentro-nacional-de-cofradias-vinculadas-a-la-legion\/#breadcrumb","itemListElement":[{"@type":"ListItem","position":1,"name":"Portada","item":"https:\/\/arealorcaradio.es\/"},{"@type":"ListItem","position":2,"name":"Lorca ser\u00e1 la sede del 1 al 4 de febrero el VI Encuentro Nacional de Cofrad\u00edas vinculadas a la Legi\u00f3n"}]},{"@type":"WebSite","@id":"https:\/\/arealorcaradio.es\/#website","url":"https:\/\/arealorcaradio.es\/","name":"AREA LORCA RADIO","description":"Descubre la programaci\u00f3n actual en \u00c1rea Lorca Radio, tu fuente de entrenamiento y noticias locales. Sintoniza ahora y mantente conectado online.","potentialAction":[{"@type":"SearchAction","target":{"@type":"EntryPoint","urlTemplate":"https:\/\/arealorcaradio.es\/?s={search_term_string}"},"query-input":{"@type":"PropertyValueSpecification","valueRequired":true,"valueName":"search_term_string"}}],"inLanguage":"es"},{"@type":"Person","@id":"https:\/\/arealorcaradio.es\/#\/schema\/person\/9fae605fc25b0f2c83c1ab207139bd27","name":"Paco S\u00e1nchez","image":{"@type":"ImageObject","inLanguage":"es","@id":"https:\/\/secure.gravatar.com\/avatar\/d67144e966420fb74aa84c9f2a0103be4724fd14db52b52d3b6bca749f257e79?s=96&d=mm&r=g","url":"https:\/\/secure.gravatar.com\/avatar\/d67144e966420fb74aa84c9f2a0103be4724fd14db52b52d3b6bca749f257e79?s=96&d=mm&r=g","contentUrl":"https:\/\/secure.gravatar.com\/avatar\/d67144e966420fb74aa84c9f2a0103be4724fd14db52b52d3b6bca749f257e79?s=96&d=mm&r=g","caption":"Paco S\u00e1nchez"},"sameAs":["https:\/\/arealorcaradio.es"],"url":"https:\/\/arealorcaradio.es\/index.php\/author\/admin_alorcaradio\/"}]}},"_links":{"self":[{"href":"https:\/\/arealorcaradio.es\/index.php\/wp-json\/wp\/v2\/posts\/2376","targetHints":{"allow":["GET"]}}],"collection":[{"href":"https:\/\/arealorcaradio.es\/index.php\/wp-json\/wp\/v2\/posts"}],"about":[{"href":"https:\/\/arealorcaradio.es\/index.php\/wp-json\/wp\/v2\/types\/post"}],"author":[{"embeddable":true,"href":"https:\/\/arealorcaradio.es\/index.php\/wp-json\/wp\/v2\/users\/1"}],"replies":[{"embeddable":true,"href":"https:\/\/arealorcaradio.es\/index.php\/wp-json\/wp\/v2\/comments?post=2376"}],"version-history":[{"count":1,"href":"https:\/\/arealorcaradio.es\/index.php\/wp-json\/wp\/v2\/posts\/2376\/revisions"}],"predecessor-version":[{"id":2379,"href":"https:\/\/arealorcaradio.es\/index.php\/wp-json\/wp\/v2\/posts\/2376\/revisions\/2379"}],"wp:featuredmedia":[{"embeddable":true,"href":"https:\/\/arealorcaradio.es\/index.php\/wp-json\/wp\/v2\/media\/2378"}],"wp:attachment":[{"href":"https:\/\/arealorcaradio.es\/index.php\/wp-json\/wp\/v2\/media?parent=2376"}],"wp:term":[{"taxonomy":"category","embeddable":true,"href":"https:\/\/arealorcaradio.es\/index.php\/wp-json\/wp\/v2\/categories?post=2376"},{"taxonomy":"post_tag","embeddable":true,"href":"https:\/\/arealorcaradio.es\/index.php\/wp-json\/wp\/v2\/tags?post=2376"}],"curies":[{"name":"wp","href":"https:\/\/api.w.org\/{rel}","templated":true}]}}