{"id":2293,"date":"2024-01-16T18:28:18","date_gmt":"2024-01-16T18:28:18","guid":{"rendered":"https:\/\/arealorcaradio.es\/?p=2293"},"modified":"2024-01-16T18:29:13","modified_gmt":"2024-01-16T18:29:13","slug":"la-asociacion-de-amigos-de-el-pradico-y-feligreses-se-quedan-santa-misa-al-no-aparecer-el-parroco-joaquin-conesa","status":"publish","type":"post","link":"https:\/\/arealorcaradio.es\/index.php\/2024\/01\/16\/la-asociacion-de-amigos-de-el-pradico-y-feligreses-se-quedan-santa-misa-al-no-aparecer-el-parroco-joaquin-conesa\/","title":{"rendered":"La Asociaci\u00f3n de Amigos de El Pradico y feligreses se quedan sin Santa Misa al no aparecer el p\u00e1rroco Joaqu\u00edn Conesa"},"content":{"rendered":"<p>\u00c1REA LORCA RADIO.<\/p>\n<p>Escucha aqu\u00ed la entrevista que ha concedido el presidente de la Asociaci\u00f3n de Amigos de El Pradico, Pedro Segura a Paco S\u00e1nchez en el magazine \u00c1rea Lorca Actualidad, donde explica lo acontecido para que finalmente no se realizara la Santa Misa, algo de lo que ya estaba avisado por el propio p\u00e1rroco que exigi\u00f3 la entrega de las llaves de la Ermita, algo que nunca ha ocurrido en m\u00e1s de 150 a\u00f1os de tradici\u00f3n.<\/p>\n<audio class=\"wp-audio-shortcode\" id=\"audio-2293-1\" preload=\"none\" style=\"width: 100%;\" controls=\"controls\"><source type=\"audio\/mpeg\" src=\"https:\/\/arealorcaradio.es\/wp-content\/uploads\/2024\/01\/160124-PEDRO-SEGURA.-EL-PRADICO.mp3?_=1\" \/><a href=\"https:\/\/arealorcaradio.es\/wp-content\/uploads\/2024\/01\/160124-PEDRO-SEGURA.-EL-PRADICO.mp3\">https:\/\/arealorcaradio.es\/wp-content\/uploads\/2024\/01\/160124-PEDRO-SEGURA.-EL-PRADICO.mp3<\/a><\/audio>\n<p>Im\u00e1genes cedidas por la Asociaci\u00f3n de Amigos de El Pradico (Facebook).<\/p>\n<p><img loading=\"lazy\" decoding=\"async\" class=\"alignnone size-medium wp-image-2297\" src=\"https:\/\/arealorcaradio.es\/wp-content\/uploads\/2024\/01\/EL-PRADICO-1-300x225.jpg\" alt=\"\" width=\"300\" height=\"225\" srcset=\"https:\/\/arealorcaradio.es\/wp-content\/uploads\/2024\/01\/EL-PRADICO-1-300x225.jpg 300w, https:\/\/arealorcaradio.es\/wp-content\/uploads\/2024\/01\/EL-PRADICO-1-1024x768.jpg 1024w, https:\/\/arealorcaradio.es\/wp-content\/uploads\/2024\/01\/EL-PRADICO-1-768x576.jpg 768w, https:\/\/arealorcaradio.es\/wp-content\/uploads\/2024\/01\/EL-PRADICO-1-1536x1152.jpg 1536w, https:\/\/arealorcaradio.es\/wp-content\/uploads\/2024\/01\/EL-PRADICO-1-86x64.jpg 86w, https:\/\/arealorcaradio.es\/wp-content\/uploads\/2024\/01\/EL-PRADICO-1.jpg 2048w\" sizes=\"auto, (max-width: 300px) 100vw, 300px\" \/>\u00a0 <img loading=\"lazy\" decoding=\"async\" class=\"alignnone size-medium wp-image-2298\" src=\"https:\/\/arealorcaradio.es\/wp-content\/uploads\/2024\/01\/EL-PARDICO-2-300x225.jpg\" alt=\"\" width=\"300\" height=\"225\" srcset=\"https:\/\/arealorcaradio.es\/wp-content\/uploads\/2024\/01\/EL-PARDICO-2-300x225.jpg 300w, https:\/\/arealorcaradio.es\/wp-content\/uploads\/2024\/01\/EL-PARDICO-2-1024x768.jpg 1024w, https:\/\/arealorcaradio.es\/wp-content\/uploads\/2024\/01\/EL-PARDICO-2-768x576.jpg 768w, https:\/\/arealorcaradio.es\/wp-content\/uploads\/2024\/01\/EL-PARDICO-2-1536x1152.jpg 1536w, https:\/\/arealorcaradio.es\/wp-content\/uploads\/2024\/01\/EL-PARDICO-2-86x64.jpg 86w, https:\/\/arealorcaradio.es\/wp-content\/uploads\/2024\/01\/EL-PARDICO-2.jpg 2048w\" sizes=\"auto, (max-width: 300px) 100vw, 300px\" \/> <img loading=\"lazy\" decoding=\"async\" class=\"alignnone size-medium wp-image-2299\" src=\"https:\/\/arealorcaradio.es\/wp-content\/uploads\/2024\/01\/EL-PRADICO-3-300x225.jpg\" alt=\"\" width=\"300\" height=\"225\" srcset=\"https:\/\/arealorcaradio.es\/wp-content\/uploads\/2024\/01\/EL-PRADICO-3-300x225.jpg 300w, https:\/\/arealorcaradio.es\/wp-content\/uploads\/2024\/01\/EL-PRADICO-3-1024x768.jpg 1024w, https:\/\/arealorcaradio.es\/wp-content\/uploads\/2024\/01\/EL-PRADICO-3-768x576.jpg 768w, https:\/\/arealorcaradio.es\/wp-content\/uploads\/2024\/01\/EL-PRADICO-3-1536x1152.jpg 1536w, https:\/\/arealorcaradio.es\/wp-content\/uploads\/2024\/01\/EL-PRADICO-3-86x64.jpg 86w, https:\/\/arealorcaradio.es\/wp-content\/uploads\/2024\/01\/EL-PRADICO-3.jpg 2048w\" sizes=\"auto, (max-width: 300px) 100vw, 300px\" \/>\u00a0 <img loading=\"lazy\" decoding=\"async\" class=\"alignnone size-medium wp-image-2300\" src=\"https:\/\/arealorcaradio.es\/wp-content\/uploads\/2024\/01\/EL-RADICO-4-300x169.jpg\" alt=\"\" width=\"300\" height=\"169\" srcset=\"https:\/\/arealorcaradio.es\/wp-content\/uploads\/2024\/01\/EL-RADICO-4-300x169.jpg 300w, https:\/\/arealorcaradio.es\/wp-content\/uploads\/2024\/01\/EL-RADICO-4-1024x576.jpg 1024w, https:\/\/arealorcaradio.es\/wp-content\/uploads\/2024\/01\/EL-RADICO-4-768x432.jpg 768w, https:\/\/arealorcaradio.es\/wp-content\/uploads\/2024\/01\/EL-RADICO-4-1536x864.jpg 1536w, https:\/\/arealorcaradio.es\/wp-content\/uploads\/2024\/01\/EL-RADICO-4.jpg 2048w\" sizes=\"auto, (max-width: 300px) 100vw, 300px\" \/> <img loading=\"lazy\" decoding=\"async\" class=\"alignnone wp-image-2301\" src=\"https:\/\/arealorcaradio.es\/wp-content\/uploads\/2024\/01\/EL-PRADICO-6-300x225.jpg\" alt=\"\" width=\"300\" height=\"225\" srcset=\"https:\/\/arealorcaradio.es\/wp-content\/uploads\/2024\/01\/EL-PRADICO-6-300x225.jpg 300w, https:\/\/arealorcaradio.es\/wp-content\/uploads\/2024\/01\/EL-PRADICO-6-1024x768.jpg 1024w, https:\/\/arealorcaradio.es\/wp-content\/uploads\/2024\/01\/EL-PRADICO-6-768x576.jpg 768w, https:\/\/arealorcaradio.es\/wp-content\/uploads\/2024\/01\/EL-PRADICO-6-1536x1152.jpg 1536w, https:\/\/arealorcaradio.es\/wp-content\/uploads\/2024\/01\/EL-PRADICO-6-86x64.jpg 86w, https:\/\/arealorcaradio.es\/wp-content\/uploads\/2024\/01\/EL-PRADICO-6.jpg 2048w\" sizes=\"auto, (max-width: 300px) 100vw, 300px\" \/> \u00a0<img loading=\"lazy\" decoding=\"async\" class=\"alignnone size-medium wp-image-2302\" src=\"https:\/\/arealorcaradio.es\/wp-content\/uploads\/2024\/01\/EL-PRADICO-7-300x225.jpg\" alt=\"\" width=\"300\" height=\"225\" srcset=\"https:\/\/arealorcaradio.es\/wp-content\/uploads\/2024\/01\/EL-PRADICO-7-300x225.jpg 300w, https:\/\/arealorcaradio.es\/wp-content\/uploads\/2024\/01\/EL-PRADICO-7-1024x768.jpg 1024w, https:\/\/arealorcaradio.es\/wp-content\/uploads\/2024\/01\/EL-PRADICO-7-768x576.jpg 768w, https:\/\/arealorcaradio.es\/wp-content\/uploads\/2024\/01\/EL-PRADICO-7-1536x1152.jpg 1536w, https:\/\/arealorcaradio.es\/wp-content\/uploads\/2024\/01\/EL-PRADICO-7-86x64.jpg 86w, https:\/\/arealorcaradio.es\/wp-content\/uploads\/2024\/01\/EL-PRADICO-7.jpg 2048w\" sizes=\"auto, (max-width: 300px) 100vw, 300px\" \/><\/p>\n","protected":false},"excerpt":{"rendered":"<p>\u00c1REA LORCA RADIO. Escucha aqu\u00ed la entrevista que ha concedido el presidente de la Asociaci\u00f3n de Amigos de El Pradico, Pedro Segura a Paco S\u00e1nchez en el magazine \u00c1rea Lorca Actualidad, donde explica lo acontecido para que finalmente no se realizara la Santa Misa, algo de lo que ya estaba avisado por el propio p\u00e1rroco [&hellip;]<\/p>\n","protected":false},"author":1,"featured_media":2295,"comment_status":"open","ping_status":"open","sticky":false,"template":"","format":"standard","meta":{"iawp_total_views":45,"footnotes":""},"categories":[5,7],"tags":[],"class_list":["post-2293","post","type-post","status-publish","format-standard","has-post-thumbnail","hentry","category-actualidad","category-lorca"],"yoast_head":"<!-- This site is optimized with the Yoast SEO plugin v27.5 - https:\/\/yoast.com\/product\/yoast-seo-wordpress\/ -->\n<title>La Asociaci\u00f3n de Amigos de El Pradico y feligreses se quedan sin Santa Misa al no aparecer el p\u00e1rroco Joaqu\u00edn Conesa - AREA LORCA RADIO<\/title>\n<meta name=\"robots\" content=\"index, follow, max-snippet:-1, max-image-preview:large, max-video-preview:-1\" \/>\n<link rel=\"canonical\" href=\"https:\/\/arealorcaradio.es\/index.php\/2024\/01\/16\/la-asociacion-de-amigos-de-el-pradico-y-feligreses-se-quedan-santa-misa-al-no-aparecer-el-parroco-joaquin-conesa\/\" \/>\n<meta property=\"og:locale\" content=\"es_ES\" \/>\n<meta property=\"og:type\" content=\"article\" \/>\n<meta property=\"og:title\" content=\"La Asociaci\u00f3n de Amigos de El Pradico y feligreses se quedan sin Santa Misa al no aparecer el p\u00e1rroco Joaqu\u00edn Conesa - AREA LORCA RADIO\" \/>\n<meta property=\"og:description\" content=\"\u00c1REA LORCA RADIO. Escucha aqu\u00ed la entrevista que ha concedido el presidente de la Asociaci\u00f3n de Amigos de El Pradico, Pedro Segura a Paco S\u00e1nchez en el magazine \u00c1rea Lorca Actualidad, donde explica lo acontecido para que finalmente no se realizara la Santa Misa, algo de lo que ya estaba avisado por el propio p\u00e1rroco [&hellip;]\" \/>\n<meta property=\"og:url\" content=\"https:\/\/arealorcaradio.es\/index.php\/2024\/01\/16\/la-asociacion-de-amigos-de-el-pradico-y-feligreses-se-quedan-santa-misa-al-no-aparecer-el-parroco-joaquin-conesa\/\" \/>\n<meta property=\"og:site_name\" content=\"AREA LORCA RADIO\" \/>\n<meta property=\"article:published_time\" content=\"2024-01-16T18:28:18+00:00\" \/>\n<meta property=\"article:modified_time\" content=\"2024-01-16T18:29:13+00:00\" \/>\n<meta property=\"og:image\" content=\"https:\/\/arealorcaradio.es\/wp-content\/uploads\/2024\/01\/Pedro-Segura.-Amigos-El-Pradico-scaled.jpg\" \/>\n\t<meta property=\"og:image:width\" content=\"2560\" \/>\n\t<meta property=\"og:image:height\" content=\"1920\" \/>\n\t<meta property=\"og:image:type\" content=\"image\/jpeg\" \/>\n<meta name=\"author\" content=\"Paco S\u00e1nchez\" \/>\n<meta name=\"twitter:card\" content=\"summary_large_image\" \/>\n<meta name=\"twitter:label1\" content=\"Escrito por\" \/>\n\t<meta name=\"twitter:data1\" content=\"Paco S\u00e1nchez\" \/>\n\t<meta name=\"twitter:label2\" content=\"Tiempo de lectura\" \/>\n\t<meta name=\"twitter:data2\" content=\"2 minutos\" \/>\n<script type=\"application\/ld+json\" class=\"yoast-schema-graph\">{\"@context\":\"https:\\\/\\\/schema.org\",\"@graph\":[{\"@type\":\"Article\",\"@id\":\"https:\\\/\\\/arealorcaradio.es\\\/index.php\\\/2024\\\/01\\\/16\\\/la-asociacion-de-amigos-de-el-pradico-y-feligreses-se-quedan-santa-misa-al-no-aparecer-el-parroco-joaquin-conesa\\\/#article\",\"isPartOf\":{\"@id\":\"https:\\\/\\\/arealorcaradio.es\\\/index.php\\\/2024\\\/01\\\/16\\\/la-asociacion-de-amigos-de-el-pradico-y-feligreses-se-quedan-santa-misa-al-no-aparecer-el-parroco-joaquin-conesa\\\/\"},\"author\":{\"name\":\"Paco S\u00e1nchez\",\"@id\":\"https:\\\/\\\/arealorcaradio.es\\\/#\\\/schema\\\/person\\\/9fae605fc25b0f2c83c1ab207139bd27\"},\"headline\":\"La Asociaci\u00f3n de Amigos de El Pradico y feligreses se quedan sin Santa Misa al no aparecer el p\u00e1rroco Joaqu\u00edn Conesa\",\"datePublished\":\"2024-01-16T18:28:18+00:00\",\"dateModified\":\"2024-01-16T18:29:13+00:00\",\"mainEntityOfPage\":{\"@id\":\"https:\\\/\\\/arealorcaradio.es\\\/index.php\\\/2024\\\/01\\\/16\\\/la-asociacion-de-amigos-de-el-pradico-y-feligreses-se-quedan-santa-misa-al-no-aparecer-el-parroco-joaquin-conesa\\\/\"},\"wordCount\":130,\"commentCount\":0,\"image\":{\"@id\":\"https:\\\/\\\/arealorcaradio.es\\\/index.php\\\/2024\\\/01\\\/16\\\/la-asociacion-de-amigos-de-el-pradico-y-feligreses-se-quedan-santa-misa-al-no-aparecer-el-parroco-joaquin-conesa\\\/#primaryimage\"},\"thumbnailUrl\":\"https:\\\/\\\/arealorcaradio.es\\\/wp-content\\\/uploads\\\/2024\\\/01\\\/Pedro-Segura.-Amigos-El-Pradico-scaled.jpg\",\"articleSection\":[\"ACTUALIDAD\",\"LORCA\"],\"inLanguage\":\"es\",\"potentialAction\":[{\"@type\":\"CommentAction\",\"name\":\"Comment\",\"target\":[\"https:\\\/\\\/arealorcaradio.es\\\/index.php\\\/2024\\\/01\\\/16\\\/la-asociacion-de-amigos-de-el-pradico-y-feligreses-se-quedan-santa-misa-al-no-aparecer-el-parroco-joaquin-conesa\\\/#respond\"]}]},{\"@type\":\"WebPage\",\"@id\":\"https:\\\/\\\/arealorcaradio.es\\\/index.php\\\/2024\\\/01\\\/16\\\/la-asociacion-de-amigos-de-el-pradico-y-feligreses-se-quedan-santa-misa-al-no-aparecer-el-parroco-joaquin-conesa\\\/\",\"url\":\"https:\\\/\\\/arealorcaradio.es\\\/index.php\\\/2024\\\/01\\\/16\\\/la-asociacion-de-amigos-de-el-pradico-y-feligreses-se-quedan-santa-misa-al-no-aparecer-el-parroco-joaquin-conesa\\\/\",\"name\":\"La Asociaci\u00f3n de Amigos de El Pradico y feligreses se quedan sin Santa Misa al no aparecer el p\u00e1rroco Joaqu\u00edn Conesa - AREA LORCA RADIO\",\"isPartOf\":{\"@id\":\"https:\\\/\\\/arealorcaradio.es\\\/#website\"},\"primaryImageOfPage\":{\"@id\":\"https:\\\/\\\/arealorcaradio.es\\\/index.php\\\/2024\\\/01\\\/16\\\/la-asociacion-de-amigos-de-el-pradico-y-feligreses-se-quedan-santa-misa-al-no-aparecer-el-parroco-joaquin-conesa\\\/#primaryimage\"},\"image\":{\"@id\":\"https:\\\/\\\/arealorcaradio.es\\\/index.php\\\/2024\\\/01\\\/16\\\/la-asociacion-de-amigos-de-el-pradico-y-feligreses-se-quedan-santa-misa-al-no-aparecer-el-parroco-joaquin-conesa\\\/#primaryimage\"},\"thumbnailUrl\":\"https:\\\/\\\/arealorcaradio.es\\\/wp-content\\\/uploads\\\/2024\\\/01\\\/Pedro-Segura.-Amigos-El-Pradico-scaled.jpg\",\"datePublished\":\"2024-01-16T18:28:18+00:00\",\"dateModified\":\"2024-01-16T18:29:13+00:00\",\"author\":{\"@id\":\"https:\\\/\\\/arealorcaradio.es\\\/#\\\/schema\\\/person\\\/9fae605fc25b0f2c83c1ab207139bd27\"},\"breadcrumb\":{\"@id\":\"https:\\\/\\\/arealorcaradio.es\\\/index.php\\\/2024\\\/01\\\/16\\\/la-asociacion-de-amigos-de-el-pradico-y-feligreses-se-quedan-santa-misa-al-no-aparecer-el-parroco-joaquin-conesa\\\/#breadcrumb\"},\"inLanguage\":\"es\",\"potentialAction\":[{\"@type\":\"ReadAction\",\"target\":[\"https:\\\/\\\/arealorcaradio.es\\\/index.php\\\/2024\\\/01\\\/16\\\/la-asociacion-de-amigos-de-el-pradico-y-feligreses-se-quedan-santa-misa-al-no-aparecer-el-parroco-joaquin-conesa\\\/\"]}]},{\"@type\":\"ImageObject\",\"inLanguage\":\"es\",\"@id\":\"https:\\\/\\\/arealorcaradio.es\\\/index.php\\\/2024\\\/01\\\/16\\\/la-asociacion-de-amigos-de-el-pradico-y-feligreses-se-quedan-santa-misa-al-no-aparecer-el-parroco-joaquin-conesa\\\/#primaryimage\",\"url\":\"https:\\\/\\\/arealorcaradio.es\\\/wp-content\\\/uploads\\\/2024\\\/01\\\/Pedro-Segura.-Amigos-El-Pradico-scaled.jpg\",\"contentUrl\":\"https:\\\/\\\/arealorcaradio.es\\\/wp-content\\\/uploads\\\/2024\\\/01\\\/Pedro-Segura.-Amigos-El-Pradico-scaled.jpg\",\"width\":2560,\"height\":1920},{\"@type\":\"BreadcrumbList\",\"@id\":\"https:\\\/\\\/arealorcaradio.es\\\/index.php\\\/2024\\\/01\\\/16\\\/la-asociacion-de-amigos-de-el-pradico-y-feligreses-se-quedan-santa-misa-al-no-aparecer-el-parroco-joaquin-conesa\\\/#breadcrumb\",\"itemListElement\":[{\"@type\":\"ListItem\",\"position\":1,\"name\":\"Portada\",\"item\":\"https:\\\/\\\/arealorcaradio.es\\\/\"},{\"@type\":\"ListItem\",\"position\":2,\"name\":\"La Asociaci\u00f3n de Amigos de El Pradico y feligreses se quedan sin Santa Misa al no aparecer el p\u00e1rroco Joaqu\u00edn Conesa\"}]},{\"@type\":\"WebSite\",\"@id\":\"https:\\\/\\\/arealorcaradio.es\\\/#website\",\"url\":\"https:\\\/\\\/arealorcaradio.es\\\/\",\"name\":\"AREA LORCA RADIO\",\"description\":\"Descubre la programaci\u00f3n actual en \u00c1rea Lorca Radio, tu fuente de entrenamiento y noticias locales. Sintoniza ahora y mantente conectado online.\",\"potentialAction\":[{\"@type\":\"SearchAction\",\"target\":{\"@type\":\"EntryPoint\",\"urlTemplate\":\"https:\\\/\\\/arealorcaradio.es\\\/?s={search_term_string}\"},\"query-input\":{\"@type\":\"PropertyValueSpecification\",\"valueRequired\":true,\"valueName\":\"search_term_string\"}}],\"inLanguage\":\"es\"},{\"@type\":\"Person\",\"@id\":\"https:\\\/\\\/arealorcaradio.es\\\/#\\\/schema\\\/person\\\/9fae605fc25b0f2c83c1ab207139bd27\",\"name\":\"Paco S\u00e1nchez\",\"image\":{\"@type\":\"ImageObject\",\"inLanguage\":\"es\",\"@id\":\"https:\\\/\\\/secure.gravatar.com\\\/avatar\\\/d67144e966420fb74aa84c9f2a0103be4724fd14db52b52d3b6bca749f257e79?s=96&d=mm&r=g\",\"url\":\"https:\\\/\\\/secure.gravatar.com\\\/avatar\\\/d67144e966420fb74aa84c9f2a0103be4724fd14db52b52d3b6bca749f257e79?s=96&d=mm&r=g\",\"contentUrl\":\"https:\\\/\\\/secure.gravatar.com\\\/avatar\\\/d67144e966420fb74aa84c9f2a0103be4724fd14db52b52d3b6bca749f257e79?s=96&d=mm&r=g\",\"caption\":\"Paco S\u00e1nchez\"},\"sameAs\":[\"https:\\\/\\\/arealorcaradio.es\"],\"url\":\"https:\\\/\\\/arealorcaradio.es\\\/index.php\\\/author\\\/admin_alorcaradio\\\/\"}]}<\/script>\n<!-- \/ Yoast SEO plugin. -->","yoast_head_json":{"title":"La Asociaci\u00f3n de Amigos de El Pradico y feligreses se quedan sin Santa Misa al no aparecer el p\u00e1rroco Joaqu\u00edn Conesa - AREA LORCA RADIO","robots":{"index":"index","follow":"follow","max-snippet":"max-snippet:-1","max-image-preview":"max-image-preview:large","max-video-preview":"max-video-preview:-1"},"canonical":"https:\/\/arealorcaradio.es\/index.php\/2024\/01\/16\/la-asociacion-de-amigos-de-el-pradico-y-feligreses-se-quedan-santa-misa-al-no-aparecer-el-parroco-joaquin-conesa\/","og_locale":"es_ES","og_type":"article","og_title":"La Asociaci\u00f3n de Amigos de El Pradico y feligreses se quedan sin Santa Misa al no aparecer el p\u00e1rroco Joaqu\u00edn Conesa - AREA LORCA RADIO","og_description":"\u00c1REA LORCA RADIO. Escucha aqu\u00ed la entrevista que ha concedido el presidente de la Asociaci\u00f3n de Amigos de El Pradico, Pedro Segura a Paco S\u00e1nchez en el magazine \u00c1rea Lorca Actualidad, donde explica lo acontecido para que finalmente no se realizara la Santa Misa, algo de lo que ya estaba avisado por el propio p\u00e1rroco [&hellip;]","og_url":"https:\/\/arealorcaradio.es\/index.php\/2024\/01\/16\/la-asociacion-de-amigos-de-el-pradico-y-feligreses-se-quedan-santa-misa-al-no-aparecer-el-parroco-joaquin-conesa\/","og_site_name":"AREA LORCA RADIO","article_published_time":"2024-01-16T18:28:18+00:00","article_modified_time":"2024-01-16T18:29:13+00:00","og_image":[{"width":2560,"height":1920,"url":"https:\/\/arealorcaradio.es\/wp-content\/uploads\/2024\/01\/Pedro-Segura.-Amigos-El-Pradico-scaled.jpg","type":"image\/jpeg"}],"author":"Paco S\u00e1nchez","twitter_card":"summary_large_image","twitter_misc":{"Escrito por":"Paco S\u00e1nchez","Tiempo de lectura":"2 minutos"},"schema":{"@context":"https:\/\/schema.org","@graph":[{"@type":"Article","@id":"https:\/\/arealorcaradio.es\/index.php\/2024\/01\/16\/la-asociacion-de-amigos-de-el-pradico-y-feligreses-se-quedan-santa-misa-al-no-aparecer-el-parroco-joaquin-conesa\/#article","isPartOf":{"@id":"https:\/\/arealorcaradio.es\/index.php\/2024\/01\/16\/la-asociacion-de-amigos-de-el-pradico-y-feligreses-se-quedan-santa-misa-al-no-aparecer-el-parroco-joaquin-conesa\/"},"author":{"name":"Paco S\u00e1nchez","@id":"https:\/\/arealorcaradio.es\/#\/schema\/person\/9fae605fc25b0f2c83c1ab207139bd27"},"headline":"La Asociaci\u00f3n de Amigos de El Pradico y feligreses se quedan sin Santa Misa al no aparecer el p\u00e1rroco Joaqu\u00edn Conesa","datePublished":"2024-01-16T18:28:18+00:00","dateModified":"2024-01-16T18:29:13+00:00","mainEntityOfPage":{"@id":"https:\/\/arealorcaradio.es\/index.php\/2024\/01\/16\/la-asociacion-de-amigos-de-el-pradico-y-feligreses-se-quedan-santa-misa-al-no-aparecer-el-parroco-joaquin-conesa\/"},"wordCount":130,"commentCount":0,"image":{"@id":"https:\/\/arealorcaradio.es\/index.php\/2024\/01\/16\/la-asociacion-de-amigos-de-el-pradico-y-feligreses-se-quedan-santa-misa-al-no-aparecer-el-parroco-joaquin-conesa\/#primaryimage"},"thumbnailUrl":"https:\/\/arealorcaradio.es\/wp-content\/uploads\/2024\/01\/Pedro-Segura.-Amigos-El-Pradico-scaled.jpg","articleSection":["ACTUALIDAD","LORCA"],"inLanguage":"es","potentialAction":[{"@type":"CommentAction","name":"Comment","target":["https:\/\/arealorcaradio.es\/index.php\/2024\/01\/16\/la-asociacion-de-amigos-de-el-pradico-y-feligreses-se-quedan-santa-misa-al-no-aparecer-el-parroco-joaquin-conesa\/#respond"]}]},{"@type":"WebPage","@id":"https:\/\/arealorcaradio.es\/index.php\/2024\/01\/16\/la-asociacion-de-amigos-de-el-pradico-y-feligreses-se-quedan-santa-misa-al-no-aparecer-el-parroco-joaquin-conesa\/","url":"https:\/\/arealorcaradio.es\/index.php\/2024\/01\/16\/la-asociacion-de-amigos-de-el-pradico-y-feligreses-se-quedan-santa-misa-al-no-aparecer-el-parroco-joaquin-conesa\/","name":"La Asociaci\u00f3n de Amigos de El Pradico y feligreses se quedan sin Santa Misa al no aparecer el p\u00e1rroco Joaqu\u00edn Conesa - AREA LORCA RADIO","isPartOf":{"@id":"https:\/\/arealorcaradio.es\/#website"},"primaryImageOfPage":{"@id":"https:\/\/arealorcaradio.es\/index.php\/2024\/01\/16\/la-asociacion-de-amigos-de-el-pradico-y-feligreses-se-quedan-santa-misa-al-no-aparecer-el-parroco-joaquin-conesa\/#primaryimage"},"image":{"@id":"https:\/\/arealorcaradio.es\/index.php\/2024\/01\/16\/la-asociacion-de-amigos-de-el-pradico-y-feligreses-se-quedan-santa-misa-al-no-aparecer-el-parroco-joaquin-conesa\/#primaryimage"},"thumbnailUrl":"https:\/\/arealorcaradio.es\/wp-content\/uploads\/2024\/01\/Pedro-Segura.-Amigos-El-Pradico-scaled.jpg","datePublished":"2024-01-16T18:28:18+00:00","dateModified":"2024-01-16T18:29:13+00:00","author":{"@id":"https:\/\/arealorcaradio.es\/#\/schema\/person\/9fae605fc25b0f2c83c1ab207139bd27"},"breadcrumb":{"@id":"https:\/\/arealorcaradio.es\/index.php\/2024\/01\/16\/la-asociacion-de-amigos-de-el-pradico-y-feligreses-se-quedan-santa-misa-al-no-aparecer-el-parroco-joaquin-conesa\/#breadcrumb"},"inLanguage":"es","potentialAction":[{"@type":"ReadAction","target":["https:\/\/arealorcaradio.es\/index.php\/2024\/01\/16\/la-asociacion-de-amigos-de-el-pradico-y-feligreses-se-quedan-santa-misa-al-no-aparecer-el-parroco-joaquin-conesa\/"]}]},{"@type":"ImageObject","inLanguage":"es","@id":"https:\/\/arealorcaradio.es\/index.php\/2024\/01\/16\/la-asociacion-de-amigos-de-el-pradico-y-feligreses-se-quedan-santa-misa-al-no-aparecer-el-parroco-joaquin-conesa\/#primaryimage","url":"https:\/\/arealorcaradio.es\/wp-content\/uploads\/2024\/01\/Pedro-Segura.-Amigos-El-Pradico-scaled.jpg","contentUrl":"https:\/\/arealorcaradio.es\/wp-content\/uploads\/2024\/01\/Pedro-Segura.-Amigos-El-Pradico-scaled.jpg","width":2560,"height":1920},{"@type":"BreadcrumbList","@id":"https:\/\/arealorcaradio.es\/index.php\/2024\/01\/16\/la-asociacion-de-amigos-de-el-pradico-y-feligreses-se-quedan-santa-misa-al-no-aparecer-el-parroco-joaquin-conesa\/#breadcrumb","itemListElement":[{"@type":"ListItem","position":1,"name":"Portada","item":"https:\/\/arealorcaradio.es\/"},{"@type":"ListItem","position":2,"name":"La Asociaci\u00f3n de Amigos de El Pradico y feligreses se quedan sin Santa Misa al no aparecer el p\u00e1rroco Joaqu\u00edn Conesa"}]},{"@type":"WebSite","@id":"https:\/\/arealorcaradio.es\/#website","url":"https:\/\/arealorcaradio.es\/","name":"AREA LORCA RADIO","description":"Descubre la programaci\u00f3n actual en \u00c1rea Lorca Radio, tu fuente de entrenamiento y noticias locales. Sintoniza ahora y mantente conectado online.","potentialAction":[{"@type":"SearchAction","target":{"@type":"EntryPoint","urlTemplate":"https:\/\/arealorcaradio.es\/?s={search_term_string}"},"query-input":{"@type":"PropertyValueSpecification","valueRequired":true,"valueName":"search_term_string"}}],"inLanguage":"es"},{"@type":"Person","@id":"https:\/\/arealorcaradio.es\/#\/schema\/person\/9fae605fc25b0f2c83c1ab207139bd27","name":"Paco S\u00e1nchez","image":{"@type":"ImageObject","inLanguage":"es","@id":"https:\/\/secure.gravatar.com\/avatar\/d67144e966420fb74aa84c9f2a0103be4724fd14db52b52d3b6bca749f257e79?s=96&d=mm&r=g","url":"https:\/\/secure.gravatar.com\/avatar\/d67144e966420fb74aa84c9f2a0103be4724fd14db52b52d3b6bca749f257e79?s=96&d=mm&r=g","contentUrl":"https:\/\/secure.gravatar.com\/avatar\/d67144e966420fb74aa84c9f2a0103be4724fd14db52b52d3b6bca749f257e79?s=96&d=mm&r=g","caption":"Paco S\u00e1nchez"},"sameAs":["https:\/\/arealorcaradio.es"],"url":"https:\/\/arealorcaradio.es\/index.php\/author\/admin_alorcaradio\/"}]}},"_links":{"self":[{"href":"https:\/\/arealorcaradio.es\/index.php\/wp-json\/wp\/v2\/posts\/2293","targetHints":{"allow":["GET"]}}],"collection":[{"href":"https:\/\/arealorcaradio.es\/index.php\/wp-json\/wp\/v2\/posts"}],"about":[{"href":"https:\/\/arealorcaradio.es\/index.php\/wp-json\/wp\/v2\/types\/post"}],"author":[{"embeddable":true,"href":"https:\/\/arealorcaradio.es\/index.php\/wp-json\/wp\/v2\/users\/1"}],"replies":[{"embeddable":true,"href":"https:\/\/arealorcaradio.es\/index.php\/wp-json\/wp\/v2\/comments?post=2293"}],"version-history":[{"count":4,"href":"https:\/\/arealorcaradio.es\/index.php\/wp-json\/wp\/v2\/posts\/2293\/revisions"}],"predecessor-version":[{"id":2305,"href":"https:\/\/arealorcaradio.es\/index.php\/wp-json\/wp\/v2\/posts\/2293\/revisions\/2305"}],"wp:featuredmedia":[{"embeddable":true,"href":"https:\/\/arealorcaradio.es\/index.php\/wp-json\/wp\/v2\/media\/2295"}],"wp:attachment":[{"href":"https:\/\/arealorcaradio.es\/index.php\/wp-json\/wp\/v2\/media?parent=2293"}],"wp:term":[{"taxonomy":"category","embeddable":true,"href":"https:\/\/arealorcaradio.es\/index.php\/wp-json\/wp\/v2\/categories?post=2293"},{"taxonomy":"post_tag","embeddable":true,"href":"https:\/\/arealorcaradio.es\/index.php\/wp-json\/wp\/v2\/tags?post=2293"}],"curies":[{"name":"wp","href":"https:\/\/api.w.org\/{rel}","templated":true}]}}