{"id":2223,"date":"2024-01-02T22:26:41","date_gmt":"2024-01-02T22:26:41","guid":{"rendered":"https:\/\/arealorcaradio.es\/?p=2223"},"modified":"2024-01-02T22:26:41","modified_gmt":"2024-01-02T22:26:41","slug":"jesus-abellaneda-el-ciclo-de-navidad-ha-sido-muy-intenso-y-se-han-cumplido-todas-las-expectativas-que-estabamos-esperando-sobre-todo-de-imagen-corporativa","status":"publish","type":"post","link":"https:\/\/arealorcaradio.es\/index.php\/2024\/01\/02\/jesus-abellaneda-el-ciclo-de-navidad-ha-sido-muy-intenso-y-se-han-cumplido-todas-las-expectativas-que-estabamos-esperando-sobre-todo-de-imagen-corporativa\/","title":{"rendered":"Jes\u00fas Abellaneda: \u00abEl ciclo de Navidad ha sido muy intenso y se han cumplido todas las expectativas que est\u00e1bamos esperando sobre todo de imagen corporativa\u00bb"},"content":{"rendered":"<p>\u00c1REA LORCA RADIO.<\/p>\n<p>Escucha aqu\u00ed el balance de la Navidad que ha hecho a Paco S\u00e1nchez el presidente de Hostelor Jes\u00fas Abellaneda en el magazine \u00c1rea Lorca Actualidad.<\/p>\n<audio class=\"wp-audio-shortcode\" id=\"audio-2223-1\" preload=\"none\" style=\"width: 100%;\" controls=\"controls\"><source type=\"audio\/mpeg\" src=\"https:\/\/arealorcaradio.es\/wp-content\/uploads\/2024\/01\/020124-JESUS-ABELLANEDA.-BALANCE-NAVIDAD-23.mp3?_=1\" \/><a href=\"https:\/\/arealorcaradio.es\/wp-content\/uploads\/2024\/01\/020124-JESUS-ABELLANEDA.-BALANCE-NAVIDAD-23.mp3\">https:\/\/arealorcaradio.es\/wp-content\/uploads\/2024\/01\/020124-JESUS-ABELLANEDA.-BALANCE-NAVIDAD-23.mp3<\/a><\/audio>\n<p><img loading=\"lazy\" decoding=\"async\" class=\"alignnone  wp-image-2229\" src=\"https:\/\/arealorcaradio.es\/wp-content\/uploads\/2024\/01\/Tardeo-Lorca-4-300x200.jpeg\" alt=\"\" width=\"276\" height=\"184\" srcset=\"https:\/\/arealorcaradio.es\/wp-content\/uploads\/2024\/01\/Tardeo-Lorca-4-300x200.jpeg 300w, https:\/\/arealorcaradio.es\/wp-content\/uploads\/2024\/01\/Tardeo-Lorca-4-768x512.jpeg 768w, https:\/\/arealorcaradio.es\/wp-content\/uploads\/2024\/01\/Tardeo-Lorca-4.jpeg 1024w\" sizes=\"auto, (max-width: 276px) 100vw, 276px\" \/> \u00a0<img loading=\"lazy\" decoding=\"async\" class=\"alignnone  wp-image-2230\" src=\"https:\/\/arealorcaradio.es\/wp-content\/uploads\/2024\/01\/Tardeo-Lorca-1-300x225.jpeg\" alt=\"\" width=\"249\" height=\"187\" srcset=\"https:\/\/arealorcaradio.es\/wp-content\/uploads\/2024\/01\/Tardeo-Lorca-1-300x225.jpeg 300w, https:\/\/arealorcaradio.es\/wp-content\/uploads\/2024\/01\/Tardeo-Lorca-1-768x576.jpeg 768w, https:\/\/arealorcaradio.es\/wp-content\/uploads\/2024\/01\/Tardeo-Lorca-1-86x64.jpeg 86w, https:\/\/arealorcaradio.es\/wp-content\/uploads\/2024\/01\/Tardeo-Lorca-1.jpeg 1024w\" sizes=\"auto, (max-width: 249px) 100vw, 249px\" \/>\u00a0 <img loading=\"lazy\" decoding=\"async\" class=\"alignnone  wp-image-2231\" src=\"https:\/\/arealorcaradio.es\/wp-content\/uploads\/2024\/01\/Tardeo-Lorca-5-300x225.jpeg\" alt=\"\" width=\"251\" height=\"188\" srcset=\"https:\/\/arealorcaradio.es\/wp-content\/uploads\/2024\/01\/Tardeo-Lorca-5-300x225.jpeg 300w, https:\/\/arealorcaradio.es\/wp-content\/uploads\/2024\/01\/Tardeo-Lorca-5-1024x768.jpeg 1024w, https:\/\/arealorcaradio.es\/wp-content\/uploads\/2024\/01\/Tardeo-Lorca-5-768x576.jpeg 768w, https:\/\/arealorcaradio.es\/wp-content\/uploads\/2024\/01\/Tardeo-Lorca-5-1536x1152.jpeg 1536w, https:\/\/arealorcaradio.es\/wp-content\/uploads\/2024\/01\/Tardeo-Lorca-5-86x64.jpeg 86w, https:\/\/arealorcaradio.es\/wp-content\/uploads\/2024\/01\/Tardeo-Lorca-5.jpeg 1600w\" sizes=\"auto, (max-width: 251px) 100vw, 251px\" \/><\/p>\n","protected":false},"excerpt":{"rendered":"<p>\u00c1REA LORCA RADIO. Escucha aqu\u00ed el balance de la Navidad que ha hecho a Paco S\u00e1nchez el presidente de Hostelor Jes\u00fas Abellaneda en el magazine \u00c1rea Lorca Actualidad. \u00a0\u00a0<\/p>\n","protected":false},"author":1,"featured_media":2225,"comment_status":"open","ping_status":"open","sticky":false,"template":"","format":"standard","meta":{"iawp_total_views":4,"footnotes":""},"categories":[5,7],"tags":[],"class_list":["post-2223","post","type-post","status-publish","format-standard","has-post-thumbnail","hentry","category-actualidad","category-lorca"],"yoast_head":"<!-- This site is optimized with the Yoast SEO plugin v27.5 - https:\/\/yoast.com\/product\/yoast-seo-wordpress\/ -->\n<title>Jes\u00fas Abellaneda: &quot;El ciclo de Navidad ha sido muy intenso y se han cumplido todas las expectativas que est\u00e1bamos esperando sobre todo de imagen corporativa&quot; - AREA LORCA RADIO<\/title>\n<meta name=\"robots\" content=\"index, follow, max-snippet:-1, max-image-preview:large, max-video-preview:-1\" \/>\n<link rel=\"canonical\" href=\"https:\/\/arealorcaradio.es\/index.php\/2024\/01\/02\/jesus-abellaneda-el-ciclo-de-navidad-ha-sido-muy-intenso-y-se-han-cumplido-todas-las-expectativas-que-estabamos-esperando-sobre-todo-de-imagen-corporativa\/\" \/>\n<meta property=\"og:locale\" content=\"es_ES\" \/>\n<meta property=\"og:type\" content=\"article\" \/>\n<meta property=\"og:title\" content=\"Jes\u00fas Abellaneda: &quot;El ciclo de Navidad ha sido muy intenso y se han cumplido todas las expectativas que est\u00e1bamos esperando sobre todo de imagen corporativa&quot; - AREA LORCA RADIO\" \/>\n<meta property=\"og:description\" content=\"\u00c1REA LORCA RADIO. Escucha aqu\u00ed el balance de la Navidad que ha hecho a Paco S\u00e1nchez el presidente de Hostelor Jes\u00fas Abellaneda en el magazine \u00c1rea Lorca Actualidad. \u00a0\u00a0\" \/>\n<meta property=\"og:url\" content=\"https:\/\/arealorcaradio.es\/index.php\/2024\/01\/02\/jesus-abellaneda-el-ciclo-de-navidad-ha-sido-muy-intenso-y-se-han-cumplido-todas-las-expectativas-que-estabamos-esperando-sobre-todo-de-imagen-corporativa\/\" \/>\n<meta property=\"og:site_name\" content=\"AREA LORCA RADIO\" \/>\n<meta property=\"article:published_time\" content=\"2024-01-02T22:26:41+00:00\" \/>\n<meta property=\"og:image\" content=\"https:\/\/arealorcaradio.es\/wp-content\/uploads\/2024\/01\/Jesus.-Hostelor-scaled.jpg\" \/>\n\t<meta property=\"og:image:width\" content=\"2560\" \/>\n\t<meta property=\"og:image:height\" content=\"1920\" \/>\n\t<meta property=\"og:image:type\" content=\"image\/jpeg\" \/>\n<meta name=\"author\" content=\"Paco S\u00e1nchez\" \/>\n<meta name=\"twitter:card\" content=\"summary_large_image\" \/>\n<meta name=\"twitter:label1\" content=\"Escrito por\" \/>\n\t<meta name=\"twitter:data1\" content=\"Paco S\u00e1nchez\" \/>\n\t<meta name=\"twitter:label2\" content=\"Tiempo de lectura\" \/>\n\t<meta name=\"twitter:data2\" content=\"1 minuto\" \/>\n<script type=\"application\/ld+json\" class=\"yoast-schema-graph\">{\"@context\":\"https:\\\/\\\/schema.org\",\"@graph\":[{\"@type\":\"Article\",\"@id\":\"https:\\\/\\\/arealorcaradio.es\\\/index.php\\\/2024\\\/01\\\/02\\\/jesus-abellaneda-el-ciclo-de-navidad-ha-sido-muy-intenso-y-se-han-cumplido-todas-las-expectativas-que-estabamos-esperando-sobre-todo-de-imagen-corporativa\\\/#article\",\"isPartOf\":{\"@id\":\"https:\\\/\\\/arealorcaradio.es\\\/index.php\\\/2024\\\/01\\\/02\\\/jesus-abellaneda-el-ciclo-de-navidad-ha-sido-muy-intenso-y-se-han-cumplido-todas-las-expectativas-que-estabamos-esperando-sobre-todo-de-imagen-corporativa\\\/\"},\"author\":{\"name\":\"Paco S\u00e1nchez\",\"@id\":\"https:\\\/\\\/arealorcaradio.es\\\/#\\\/schema\\\/person\\\/9fae605fc25b0f2c83c1ab207139bd27\"},\"headline\":\"Jes\u00fas Abellaneda: \u00abEl ciclo de Navidad ha sido muy intenso y se han cumplido todas las expectativas que est\u00e1bamos esperando sobre todo de imagen corporativa\u00bb\",\"datePublished\":\"2024-01-02T22:26:41+00:00\",\"mainEntityOfPage\":{\"@id\":\"https:\\\/\\\/arealorcaradio.es\\\/index.php\\\/2024\\\/01\\\/02\\\/jesus-abellaneda-el-ciclo-de-navidad-ha-sido-muy-intenso-y-se-han-cumplido-todas-las-expectativas-que-estabamos-esperando-sobre-todo-de-imagen-corporativa\\\/\"},\"wordCount\":68,\"commentCount\":0,\"image\":{\"@id\":\"https:\\\/\\\/arealorcaradio.es\\\/index.php\\\/2024\\\/01\\\/02\\\/jesus-abellaneda-el-ciclo-de-navidad-ha-sido-muy-intenso-y-se-han-cumplido-todas-las-expectativas-que-estabamos-esperando-sobre-todo-de-imagen-corporativa\\\/#primaryimage\"},\"thumbnailUrl\":\"https:\\\/\\\/arealorcaradio.es\\\/wp-content\\\/uploads\\\/2024\\\/01\\\/Jesus.-Hostelor-scaled.jpg\",\"articleSection\":[\"ACTUALIDAD\",\"LORCA\"],\"inLanguage\":\"es\",\"potentialAction\":[{\"@type\":\"CommentAction\",\"name\":\"Comment\",\"target\":[\"https:\\\/\\\/arealorcaradio.es\\\/index.php\\\/2024\\\/01\\\/02\\\/jesus-abellaneda-el-ciclo-de-navidad-ha-sido-muy-intenso-y-se-han-cumplido-todas-las-expectativas-que-estabamos-esperando-sobre-todo-de-imagen-corporativa\\\/#respond\"]}]},{\"@type\":\"WebPage\",\"@id\":\"https:\\\/\\\/arealorcaradio.es\\\/index.php\\\/2024\\\/01\\\/02\\\/jesus-abellaneda-el-ciclo-de-navidad-ha-sido-muy-intenso-y-se-han-cumplido-todas-las-expectativas-que-estabamos-esperando-sobre-todo-de-imagen-corporativa\\\/\",\"url\":\"https:\\\/\\\/arealorcaradio.es\\\/index.php\\\/2024\\\/01\\\/02\\\/jesus-abellaneda-el-ciclo-de-navidad-ha-sido-muy-intenso-y-se-han-cumplido-todas-las-expectativas-que-estabamos-esperando-sobre-todo-de-imagen-corporativa\\\/\",\"name\":\"Jes\u00fas Abellaneda: \\\"El ciclo de Navidad ha sido muy intenso y se han cumplido todas las expectativas que est\u00e1bamos esperando sobre todo de imagen corporativa\\\" - AREA LORCA RADIO\",\"isPartOf\":{\"@id\":\"https:\\\/\\\/arealorcaradio.es\\\/#website\"},\"primaryImageOfPage\":{\"@id\":\"https:\\\/\\\/arealorcaradio.es\\\/index.php\\\/2024\\\/01\\\/02\\\/jesus-abellaneda-el-ciclo-de-navidad-ha-sido-muy-intenso-y-se-han-cumplido-todas-las-expectativas-que-estabamos-esperando-sobre-todo-de-imagen-corporativa\\\/#primaryimage\"},\"image\":{\"@id\":\"https:\\\/\\\/arealorcaradio.es\\\/index.php\\\/2024\\\/01\\\/02\\\/jesus-abellaneda-el-ciclo-de-navidad-ha-sido-muy-intenso-y-se-han-cumplido-todas-las-expectativas-que-estabamos-esperando-sobre-todo-de-imagen-corporativa\\\/#primaryimage\"},\"thumbnailUrl\":\"https:\\\/\\\/arealorcaradio.es\\\/wp-content\\\/uploads\\\/2024\\\/01\\\/Jesus.-Hostelor-scaled.jpg\",\"datePublished\":\"2024-01-02T22:26:41+00:00\",\"author\":{\"@id\":\"https:\\\/\\\/arealorcaradio.es\\\/#\\\/schema\\\/person\\\/9fae605fc25b0f2c83c1ab207139bd27\"},\"breadcrumb\":{\"@id\":\"https:\\\/\\\/arealorcaradio.es\\\/index.php\\\/2024\\\/01\\\/02\\\/jesus-abellaneda-el-ciclo-de-navidad-ha-sido-muy-intenso-y-se-han-cumplido-todas-las-expectativas-que-estabamos-esperando-sobre-todo-de-imagen-corporativa\\\/#breadcrumb\"},\"inLanguage\":\"es\",\"potentialAction\":[{\"@type\":\"ReadAction\",\"target\":[\"https:\\\/\\\/arealorcaradio.es\\\/index.php\\\/2024\\\/01\\\/02\\\/jesus-abellaneda-el-ciclo-de-navidad-ha-sido-muy-intenso-y-se-han-cumplido-todas-las-expectativas-que-estabamos-esperando-sobre-todo-de-imagen-corporativa\\\/\"]}]},{\"@type\":\"ImageObject\",\"inLanguage\":\"es\",\"@id\":\"https:\\\/\\\/arealorcaradio.es\\\/index.php\\\/2024\\\/01\\\/02\\\/jesus-abellaneda-el-ciclo-de-navidad-ha-sido-muy-intenso-y-se-han-cumplido-todas-las-expectativas-que-estabamos-esperando-sobre-todo-de-imagen-corporativa\\\/#primaryimage\",\"url\":\"https:\\\/\\\/arealorcaradio.es\\\/wp-content\\\/uploads\\\/2024\\\/01\\\/Jesus.-Hostelor-scaled.jpg\",\"contentUrl\":\"https:\\\/\\\/arealorcaradio.es\\\/wp-content\\\/uploads\\\/2024\\\/01\\\/Jesus.-Hostelor-scaled.jpg\",\"width\":2560,\"height\":1920},{\"@type\":\"BreadcrumbList\",\"@id\":\"https:\\\/\\\/arealorcaradio.es\\\/index.php\\\/2024\\\/01\\\/02\\\/jesus-abellaneda-el-ciclo-de-navidad-ha-sido-muy-intenso-y-se-han-cumplido-todas-las-expectativas-que-estabamos-esperando-sobre-todo-de-imagen-corporativa\\\/#breadcrumb\",\"itemListElement\":[{\"@type\":\"ListItem\",\"position\":1,\"name\":\"Portada\",\"item\":\"https:\\\/\\\/arealorcaradio.es\\\/\"},{\"@type\":\"ListItem\",\"position\":2,\"name\":\"Jes\u00fas Abellaneda: \u00abEl ciclo de Navidad ha sido muy intenso y se han cumplido todas las expectativas que est\u00e1bamos esperando sobre todo de imagen corporativa\u00bb\"}]},{\"@type\":\"WebSite\",\"@id\":\"https:\\\/\\\/arealorcaradio.es\\\/#website\",\"url\":\"https:\\\/\\\/arealorcaradio.es\\\/\",\"name\":\"AREA LORCA RADIO\",\"description\":\"Descubre la programaci\u00f3n actual en \u00c1rea Lorca Radio, tu fuente de entrenamiento y noticias locales. Sintoniza ahora y mantente conectado online.\",\"potentialAction\":[{\"@type\":\"SearchAction\",\"target\":{\"@type\":\"EntryPoint\",\"urlTemplate\":\"https:\\\/\\\/arealorcaradio.es\\\/?s={search_term_string}\"},\"query-input\":{\"@type\":\"PropertyValueSpecification\",\"valueRequired\":true,\"valueName\":\"search_term_string\"}}],\"inLanguage\":\"es\"},{\"@type\":\"Person\",\"@id\":\"https:\\\/\\\/arealorcaradio.es\\\/#\\\/schema\\\/person\\\/9fae605fc25b0f2c83c1ab207139bd27\",\"name\":\"Paco S\u00e1nchez\",\"image\":{\"@type\":\"ImageObject\",\"inLanguage\":\"es\",\"@id\":\"https:\\\/\\\/secure.gravatar.com\\\/avatar\\\/d67144e966420fb74aa84c9f2a0103be4724fd14db52b52d3b6bca749f257e79?s=96&d=mm&r=g\",\"url\":\"https:\\\/\\\/secure.gravatar.com\\\/avatar\\\/d67144e966420fb74aa84c9f2a0103be4724fd14db52b52d3b6bca749f257e79?s=96&d=mm&r=g\",\"contentUrl\":\"https:\\\/\\\/secure.gravatar.com\\\/avatar\\\/d67144e966420fb74aa84c9f2a0103be4724fd14db52b52d3b6bca749f257e79?s=96&d=mm&r=g\",\"caption\":\"Paco S\u00e1nchez\"},\"sameAs\":[\"https:\\\/\\\/arealorcaradio.es\"],\"url\":\"https:\\\/\\\/arealorcaradio.es\\\/index.php\\\/author\\\/admin_alorcaradio\\\/\"}]}<\/script>\n<!-- \/ Yoast SEO plugin. -->","yoast_head_json":{"title":"Jes\u00fas Abellaneda: \"El ciclo de Navidad ha sido muy intenso y se han cumplido todas las expectativas que est\u00e1bamos esperando sobre todo de imagen corporativa\" - AREA LORCA RADIO","robots":{"index":"index","follow":"follow","max-snippet":"max-snippet:-1","max-image-preview":"max-image-preview:large","max-video-preview":"max-video-preview:-1"},"canonical":"https:\/\/arealorcaradio.es\/index.php\/2024\/01\/02\/jesus-abellaneda-el-ciclo-de-navidad-ha-sido-muy-intenso-y-se-han-cumplido-todas-las-expectativas-que-estabamos-esperando-sobre-todo-de-imagen-corporativa\/","og_locale":"es_ES","og_type":"article","og_title":"Jes\u00fas Abellaneda: \"El ciclo de Navidad ha sido muy intenso y se han cumplido todas las expectativas que est\u00e1bamos esperando sobre todo de imagen corporativa\" - AREA LORCA RADIO","og_description":"\u00c1REA LORCA RADIO. Escucha aqu\u00ed el balance de la Navidad que ha hecho a Paco S\u00e1nchez el presidente de Hostelor Jes\u00fas Abellaneda en el magazine \u00c1rea Lorca Actualidad. \u00a0\u00a0","og_url":"https:\/\/arealorcaradio.es\/index.php\/2024\/01\/02\/jesus-abellaneda-el-ciclo-de-navidad-ha-sido-muy-intenso-y-se-han-cumplido-todas-las-expectativas-que-estabamos-esperando-sobre-todo-de-imagen-corporativa\/","og_site_name":"AREA LORCA RADIO","article_published_time":"2024-01-02T22:26:41+00:00","og_image":[{"width":2560,"height":1920,"url":"https:\/\/arealorcaradio.es\/wp-content\/uploads\/2024\/01\/Jesus.-Hostelor-scaled.jpg","type":"image\/jpeg"}],"author":"Paco S\u00e1nchez","twitter_card":"summary_large_image","twitter_misc":{"Escrito por":"Paco S\u00e1nchez","Tiempo de lectura":"1 minuto"},"schema":{"@context":"https:\/\/schema.org","@graph":[{"@type":"Article","@id":"https:\/\/arealorcaradio.es\/index.php\/2024\/01\/02\/jesus-abellaneda-el-ciclo-de-navidad-ha-sido-muy-intenso-y-se-han-cumplido-todas-las-expectativas-que-estabamos-esperando-sobre-todo-de-imagen-corporativa\/#article","isPartOf":{"@id":"https:\/\/arealorcaradio.es\/index.php\/2024\/01\/02\/jesus-abellaneda-el-ciclo-de-navidad-ha-sido-muy-intenso-y-se-han-cumplido-todas-las-expectativas-que-estabamos-esperando-sobre-todo-de-imagen-corporativa\/"},"author":{"name":"Paco S\u00e1nchez","@id":"https:\/\/arealorcaradio.es\/#\/schema\/person\/9fae605fc25b0f2c83c1ab207139bd27"},"headline":"Jes\u00fas Abellaneda: \u00abEl ciclo de Navidad ha sido muy intenso y se han cumplido todas las expectativas que est\u00e1bamos esperando sobre todo de imagen corporativa\u00bb","datePublished":"2024-01-02T22:26:41+00:00","mainEntityOfPage":{"@id":"https:\/\/arealorcaradio.es\/index.php\/2024\/01\/02\/jesus-abellaneda-el-ciclo-de-navidad-ha-sido-muy-intenso-y-se-han-cumplido-todas-las-expectativas-que-estabamos-esperando-sobre-todo-de-imagen-corporativa\/"},"wordCount":68,"commentCount":0,"image":{"@id":"https:\/\/arealorcaradio.es\/index.php\/2024\/01\/02\/jesus-abellaneda-el-ciclo-de-navidad-ha-sido-muy-intenso-y-se-han-cumplido-todas-las-expectativas-que-estabamos-esperando-sobre-todo-de-imagen-corporativa\/#primaryimage"},"thumbnailUrl":"https:\/\/arealorcaradio.es\/wp-content\/uploads\/2024\/01\/Jesus.-Hostelor-scaled.jpg","articleSection":["ACTUALIDAD","LORCA"],"inLanguage":"es","potentialAction":[{"@type":"CommentAction","name":"Comment","target":["https:\/\/arealorcaradio.es\/index.php\/2024\/01\/02\/jesus-abellaneda-el-ciclo-de-navidad-ha-sido-muy-intenso-y-se-han-cumplido-todas-las-expectativas-que-estabamos-esperando-sobre-todo-de-imagen-corporativa\/#respond"]}]},{"@type":"WebPage","@id":"https:\/\/arealorcaradio.es\/index.php\/2024\/01\/02\/jesus-abellaneda-el-ciclo-de-navidad-ha-sido-muy-intenso-y-se-han-cumplido-todas-las-expectativas-que-estabamos-esperando-sobre-todo-de-imagen-corporativa\/","url":"https:\/\/arealorcaradio.es\/index.php\/2024\/01\/02\/jesus-abellaneda-el-ciclo-de-navidad-ha-sido-muy-intenso-y-se-han-cumplido-todas-las-expectativas-que-estabamos-esperando-sobre-todo-de-imagen-corporativa\/","name":"Jes\u00fas Abellaneda: \"El ciclo de Navidad ha sido muy intenso y se han cumplido todas las expectativas que est\u00e1bamos esperando sobre todo de imagen corporativa\" - AREA LORCA RADIO","isPartOf":{"@id":"https:\/\/arealorcaradio.es\/#website"},"primaryImageOfPage":{"@id":"https:\/\/arealorcaradio.es\/index.php\/2024\/01\/02\/jesus-abellaneda-el-ciclo-de-navidad-ha-sido-muy-intenso-y-se-han-cumplido-todas-las-expectativas-que-estabamos-esperando-sobre-todo-de-imagen-corporativa\/#primaryimage"},"image":{"@id":"https:\/\/arealorcaradio.es\/index.php\/2024\/01\/02\/jesus-abellaneda-el-ciclo-de-navidad-ha-sido-muy-intenso-y-se-han-cumplido-todas-las-expectativas-que-estabamos-esperando-sobre-todo-de-imagen-corporativa\/#primaryimage"},"thumbnailUrl":"https:\/\/arealorcaradio.es\/wp-content\/uploads\/2024\/01\/Jesus.-Hostelor-scaled.jpg","datePublished":"2024-01-02T22:26:41+00:00","author":{"@id":"https:\/\/arealorcaradio.es\/#\/schema\/person\/9fae605fc25b0f2c83c1ab207139bd27"},"breadcrumb":{"@id":"https:\/\/arealorcaradio.es\/index.php\/2024\/01\/02\/jesus-abellaneda-el-ciclo-de-navidad-ha-sido-muy-intenso-y-se-han-cumplido-todas-las-expectativas-que-estabamos-esperando-sobre-todo-de-imagen-corporativa\/#breadcrumb"},"inLanguage":"es","potentialAction":[{"@type":"ReadAction","target":["https:\/\/arealorcaradio.es\/index.php\/2024\/01\/02\/jesus-abellaneda-el-ciclo-de-navidad-ha-sido-muy-intenso-y-se-han-cumplido-todas-las-expectativas-que-estabamos-esperando-sobre-todo-de-imagen-corporativa\/"]}]},{"@type":"ImageObject","inLanguage":"es","@id":"https:\/\/arealorcaradio.es\/index.php\/2024\/01\/02\/jesus-abellaneda-el-ciclo-de-navidad-ha-sido-muy-intenso-y-se-han-cumplido-todas-las-expectativas-que-estabamos-esperando-sobre-todo-de-imagen-corporativa\/#primaryimage","url":"https:\/\/arealorcaradio.es\/wp-content\/uploads\/2024\/01\/Jesus.-Hostelor-scaled.jpg","contentUrl":"https:\/\/arealorcaradio.es\/wp-content\/uploads\/2024\/01\/Jesus.-Hostelor-scaled.jpg","width":2560,"height":1920},{"@type":"BreadcrumbList","@id":"https:\/\/arealorcaradio.es\/index.php\/2024\/01\/02\/jesus-abellaneda-el-ciclo-de-navidad-ha-sido-muy-intenso-y-se-han-cumplido-todas-las-expectativas-que-estabamos-esperando-sobre-todo-de-imagen-corporativa\/#breadcrumb","itemListElement":[{"@type":"ListItem","position":1,"name":"Portada","item":"https:\/\/arealorcaradio.es\/"},{"@type":"ListItem","position":2,"name":"Jes\u00fas Abellaneda: \u00abEl ciclo de Navidad ha sido muy intenso y se han cumplido todas las expectativas que est\u00e1bamos esperando sobre todo de imagen corporativa\u00bb"}]},{"@type":"WebSite","@id":"https:\/\/arealorcaradio.es\/#website","url":"https:\/\/arealorcaradio.es\/","name":"AREA LORCA RADIO","description":"Descubre la programaci\u00f3n actual en \u00c1rea Lorca Radio, tu fuente de entrenamiento y noticias locales. Sintoniza ahora y mantente conectado online.","potentialAction":[{"@type":"SearchAction","target":{"@type":"EntryPoint","urlTemplate":"https:\/\/arealorcaradio.es\/?s={search_term_string}"},"query-input":{"@type":"PropertyValueSpecification","valueRequired":true,"valueName":"search_term_string"}}],"inLanguage":"es"},{"@type":"Person","@id":"https:\/\/arealorcaradio.es\/#\/schema\/person\/9fae605fc25b0f2c83c1ab207139bd27","name":"Paco S\u00e1nchez","image":{"@type":"ImageObject","inLanguage":"es","@id":"https:\/\/secure.gravatar.com\/avatar\/d67144e966420fb74aa84c9f2a0103be4724fd14db52b52d3b6bca749f257e79?s=96&d=mm&r=g","url":"https:\/\/secure.gravatar.com\/avatar\/d67144e966420fb74aa84c9f2a0103be4724fd14db52b52d3b6bca749f257e79?s=96&d=mm&r=g","contentUrl":"https:\/\/secure.gravatar.com\/avatar\/d67144e966420fb74aa84c9f2a0103be4724fd14db52b52d3b6bca749f257e79?s=96&d=mm&r=g","caption":"Paco S\u00e1nchez"},"sameAs":["https:\/\/arealorcaradio.es"],"url":"https:\/\/arealorcaradio.es\/index.php\/author\/admin_alorcaradio\/"}]}},"_links":{"self":[{"href":"https:\/\/arealorcaradio.es\/index.php\/wp-json\/wp\/v2\/posts\/2223","targetHints":{"allow":["GET"]}}],"collection":[{"href":"https:\/\/arealorcaradio.es\/index.php\/wp-json\/wp\/v2\/posts"}],"about":[{"href":"https:\/\/arealorcaradio.es\/index.php\/wp-json\/wp\/v2\/types\/post"}],"author":[{"embeddable":true,"href":"https:\/\/arealorcaradio.es\/index.php\/wp-json\/wp\/v2\/users\/1"}],"replies":[{"embeddable":true,"href":"https:\/\/arealorcaradio.es\/index.php\/wp-json\/wp\/v2\/comments?post=2223"}],"version-history":[{"count":2,"href":"https:\/\/arealorcaradio.es\/index.php\/wp-json\/wp\/v2\/posts\/2223\/revisions"}],"predecessor-version":[{"id":2232,"href":"https:\/\/arealorcaradio.es\/index.php\/wp-json\/wp\/v2\/posts\/2223\/revisions\/2232"}],"wp:featuredmedia":[{"embeddable":true,"href":"https:\/\/arealorcaradio.es\/index.php\/wp-json\/wp\/v2\/media\/2225"}],"wp:attachment":[{"href":"https:\/\/arealorcaradio.es\/index.php\/wp-json\/wp\/v2\/media?parent=2223"}],"wp:term":[{"taxonomy":"category","embeddable":true,"href":"https:\/\/arealorcaradio.es\/index.php\/wp-json\/wp\/v2\/categories?post=2223"},{"taxonomy":"post_tag","embeddable":true,"href":"https:\/\/arealorcaradio.es\/index.php\/wp-json\/wp\/v2\/tags?post=2223"}],"curies":[{"name":"wp","href":"https:\/\/api.w.org\/{rel}","templated":true}]}}