{"id":22,"date":"2023-02-07T14:48:48","date_gmt":"2023-02-07T14:48:48","guid":{"rendered":"https:\/\/arealorcaradio.es\/?p=22"},"modified":"2023-02-07T14:48:48","modified_gmt":"2023-02-07T14:48:48","slug":"la-concejalia-de-emergencias-a-traves-del-servicio-de-emergencias-y-proteccion-civil-de-lorca-activa-el-plan-frente-a-nevadas-y-olas-de-frio","status":"publish","type":"post","link":"https:\/\/arealorcaradio.es\/index.php\/2023\/02\/07\/la-concejalia-de-emergencias-a-traves-del-servicio-de-emergencias-y-proteccion-civil-de-lorca-activa-el-plan-frente-a-nevadas-y-olas-de-frio\/","title":{"rendered":"La concejal\u00eda de Emergencias a trav\u00e9s del Servicio de Emergencias y Protecci\u00f3n Civil de Lorca, activa el plan frente a nevadas y olas de fr\u00edo."},"content":{"rendered":"<div>\u00c1REA LORCA RADIO.<\/div>\n<div><\/div>\n<div><b><\/b><span lang=\"ES-TRAD\">La concejal\u00eda de Emergencias del Ayuntamiento de Lorca, ha informado que a trav\u00e9s del Servicio de Emergencias y Protecci\u00f3n Civil, ya esta activo el plan frente a nevadas y olas de fr\u00edo, con el fin de prevenir y dar respuesta a situaciones de riesgo generadas por estos fen\u00f3menos meteorol\u00f3gicos adversos.<\/span><\/div>\n<div><\/div>\n<div><span lang=\"ES-TRAD\">El<\/span> motivo es que las previsiones meteorol\u00f3gicas adelantan posibles nevadas, adem\u00e1s de heladas que pueden generar la formaci\u00f3n de placas de hielo en las carreteras, especialmente del norte y oeste del municipio, se activar\u00e1 el plan de actuaci\u00f3n frente a nevadas, olas de fr\u00edo y tormentas invernales severas.<\/div>\n<div><\/div>\n<div><span lang=\"ES-TRAD\">A pesar de que las previsiones est\u00e1n dando menos posibilidad de estos fen\u00f3menos adversos con el paso de las horas, seguimos en marcha con este operativo con el objetivo de prevenir y dar respuesta a situaciones de riesgo generadas por estos fen\u00f3menos meteorol\u00f3gicos adversos.<\/span><\/div>\n<div><\/div>\n<div>El grado de aplicaci\u00f3n de este Plan depender\u00e1 de las predicciones y los modelos meteorol\u00f3gicos de los pr\u00f3ximos d\u00edas. En este sentido el Servicio de Emergencias y Protecci\u00f3n Civil, pondr\u00e1 en marcha diferentes l\u00edneas de actuaci\u00f3n encaminadas para fomentar la autoprotecci\u00f3n de la poblaci\u00f3n, para evitar en la medida de lo posible situaciones de riesgo. Adem\u00e1s se realizar\u00e1 la monitorizaci\u00f3n permanente de las previsiones meteorol\u00f3gicas y de su evoluci\u00f3n horaria, para garantizar la vialidad de la red de carreteras de competencia municipal, adem\u00e1s de apoyar al resto de administraciones p\u00fablicas en sus respectivas redes viarias.<\/div>\n<div><\/div>\n<div>Entre las medidas, tambi\u00e9n se esparcir\u00e1 sal desde este mismo lunes, de manera preventiva, por las carreteras de competencia municipal de las pedan\u00edas altas, as\u00ed como en las calles de los n\u00facleos urbanos de las pedan\u00edas con mayor riesgo de nevadas y formaci\u00f3n de placas de hielo. La instalaci\u00f3n preventiva de un grupo electr\u00f3geno del Servicio de Emergencia en Coy, para garantizar un punto de iluminaci\u00f3n p\u00fablica y recarga de tel\u00e9fonos en caso de fallo del fluido el\u00e9ctrico.<\/div>\n<div><\/div>\n<div>As\u00ed como el rescate y atenci\u00f3n de los ocupantes de veh\u00edculos que puedan quedar atrapados; la cooperaci\u00f3n con los servicios sanitarios de urgencia, especialmente con los radicados en el PAC de la Paca; atenci\u00f3n de las necesidades b\u00e1sicas de los ciudadanos de las pedan\u00edas afectadas; y el apoyo al mantenimiento de los servicios esenciales.<\/div>\n<div><\/div>\n<div>Para dar cumplimiento a estos objetivos, a partir de hoy martes 7 de febrero se reforzar\u00e1n los efectivos de guardia del Servicio de Emergencia y Protecci\u00f3n Civil, tanto profesionales como personal voluntario.<\/div>\n<div><\/div>\n<div>En el \u00e1mbito de preparaci\u00f3n material, se har\u00e1 acopio de sal, preparaci\u00f3n del veh\u00edculo quitanieves y de la miniexcavadora, as\u00ed como de los veh\u00edculos de rescate (contando con cadenas, medios de rescate y mantas).<\/div>\n<div><\/div>\n<div>Tambi\u00e9n se va a solicitar a las empresas de servicios esenciales que, se preparen para garantizar el suministro en estas condiciones climatol\u00f3gicas adversas, especialmente en lo que se refiere al fluido el\u00e9ctrico, por lo que instaremos a las empresas suministradoras a disponer de equipos electr\u00f3genos de refuerzo que eviten cortes de electricidad, especialmente en las pedan\u00edas del norte de nuestro municipio.<\/div>\n<div><\/div>\n<div>Se prestar\u00e1 especial atenci\u00f3n a pedan\u00edas del norte y su red de carreteras, as\u00ed como a la Autov\u00eda A-91, en el tramo que discurre entre Puerto Lumbreras y el l\u00edmite con Andaluc\u00eda (V\u00e9lez Rubio), a su paso por el t\u00e9rmino municipal de Lorca.<\/div>\n<div><\/div>\n<div>En cuanto a las medidas de prevenci\u00f3n y autoprotecci\u00f3n frente a nevadas y olas de fr\u00edo, en casa, utilizar el tel\u00e9fono para las llamadas imprescindibles; los ni\u00f1os deber\u00e1n estar alejados de estufas y braseros; tener cuidado con las estufas de carb\u00f3n, el\u00e9ctricas y de gas, procurando que no est\u00e9n pr\u00f3ximas a visillos y cortinas; tomar precauciones para evitar el envenenamiento por mon\u00f3xido de carbono producido por los braseros o estufas de carb\u00f3n, le\u00f1a o gas, en lugares cerrados sin renovaci\u00f3n de aire.<\/div>\n<div><\/div>\n<div>Desconectar todos los aparatos el\u00e9ctricos que no sean necesarios. Ten a mano velas, linternas y pilas; mantener un grifo ligeramente abierto en casa si es necesario, a fin de evitar la rotura por congelaci\u00f3n de las tuber\u00edas. Las personas m\u00e1s sensibles son los ni\u00f1os peque\u00f1os, las personas mayores y enfermos cr\u00f3nicos, que deber\u00e1n evitar salir de la vivienda durante la ola de fr\u00edo.<\/div>\n<div><\/div>\n<div>En cuanto a las actividades deportivas y de ocio al aire libre, se recomienda no realizar actividades deportivas a la intemperie, toda vez que el fr\u00edo ejerce sobre nuestro organismo una tensi\u00f3n extra. Evitar actividades como el senderismo y la escalada. No utilizar la bicicleta, por el riesgo que supone la baja visibilidad en estas condiciones meteorol\u00f3gicas.<\/div>\n<div><\/div>\n<div>Y en la carretera, viajar \u00fanicamente si es imprescindible y procura no hacerlo solo ni de noche; antes de viajar, consulta el Servicio de Informaci\u00f3n de Tr\u00e1fico de la DGT. Solicita informaci\u00f3n sobre el estado de las carreteras que vayas a utilizar, as\u00ed como posibles itinerarios alternativos. Si vas a emprender un viaje llena el dep\u00f3sito de combustible, lleva radio, cadenas y guantes para su colocaci\u00f3n, una linterna y ropa de abrigo o manta. Tambi\u00e9n debes disponer de alg\u00fan alimento rico en calor\u00edas (chocolate, frutos secos,&#8230;), agua, tel\u00e9fono m\u00f3vil cargado y tu medicaci\u00f3n habitual.<\/div>\n<div><\/div>\n<div>Revisa frenos, neum\u00e1ticos y anticongelante; circula con cuidado en los lugares sombr\u00edos, puentes y viaductos ya que puede haber hielo. Si hay hielo, no pise el freno. Disminuye la velocidad y aumenta la distancia de seguridad en caso de nieve o hielo en la calzada. Procurar no agotar el combustible Mantenerse informado por radio de la situaci\u00f3n meteorol\u00f3gica y de las informaciones oficiales sobre el estado de la red viaria; y evitar adelantamientos y nunca adelantar a una m\u00e1quina quitanieves.<\/div>\n","protected":false},"excerpt":{"rendered":"<p>\u00c1REA LORCA RADIO. La concejal\u00eda de Emergencias del Ayuntamiento de Lorca, ha informado que a trav\u00e9s del Servicio de Emergencias y Protecci\u00f3n Civil, ya esta activo el plan frente a nevadas y olas de fr\u00edo, con el fin de prevenir y dar respuesta a situaciones de riesgo generadas por estos fen\u00f3menos meteorol\u00f3gicos adversos. El motivo [&hellip;]<\/p>\n","protected":false},"author":1,"featured_media":23,"comment_status":"open","ping_status":"open","sticky":false,"template":"","format":"standard","meta":{"iawp_total_views":2,"footnotes":""},"categories":[7],"tags":[],"class_list":["post-22","post","type-post","status-publish","format-standard","has-post-thumbnail","hentry","category-lorca"],"yoast_head":"<!-- This site is optimized with the Yoast SEO plugin v27.5 - https:\/\/yoast.com\/product\/yoast-seo-wordpress\/ -->\n<title>La concejal\u00eda de Emergencias a trav\u00e9s del Servicio de Emergencias y Protecci\u00f3n Civil de Lorca, activa el plan frente a nevadas y olas de fr\u00edo. - AREA LORCA RADIO<\/title>\n<meta name=\"robots\" content=\"index, follow, max-snippet:-1, max-image-preview:large, max-video-preview:-1\" \/>\n<link rel=\"canonical\" href=\"https:\/\/arealorcaradio.es\/index.php\/2023\/02\/07\/la-concejalia-de-emergencias-a-traves-del-servicio-de-emergencias-y-proteccion-civil-de-lorca-activa-el-plan-frente-a-nevadas-y-olas-de-frio\/\" \/>\n<meta property=\"og:locale\" content=\"es_ES\" \/>\n<meta property=\"og:type\" content=\"article\" \/>\n<meta property=\"og:title\" content=\"La concejal\u00eda de Emergencias a trav\u00e9s del Servicio de Emergencias y Protecci\u00f3n Civil de Lorca, activa el plan frente a nevadas y olas de fr\u00edo. - AREA LORCA RADIO\" \/>\n<meta property=\"og:description\" content=\"\u00c1REA LORCA RADIO. La concejal\u00eda de Emergencias del Ayuntamiento de Lorca, ha informado que a trav\u00e9s del Servicio de Emergencias y Protecci\u00f3n Civil, ya esta activo el plan frente a nevadas y olas de fr\u00edo, con el fin de prevenir y dar respuesta a situaciones de riesgo generadas por estos fen\u00f3menos meteorol\u00f3gicos adversos. El motivo [&hellip;]\" \/>\n<meta property=\"og:url\" content=\"https:\/\/arealorcaradio.es\/index.php\/2023\/02\/07\/la-concejalia-de-emergencias-a-traves-del-servicio-de-emergencias-y-proteccion-civil-de-lorca-activa-el-plan-frente-a-nevadas-y-olas-de-frio\/\" \/>\n<meta property=\"og:site_name\" content=\"AREA LORCA RADIO\" \/>\n<meta property=\"article:published_time\" content=\"2023-02-07T14:48:48+00:00\" \/>\n<meta property=\"og:image\" content=\"https:\/\/arealorcaradio.es\/wp-content\/uploads\/2023\/02\/COCHES-QUITANIEVES.jpeg\" \/>\n\t<meta property=\"og:image:width\" content=\"1600\" \/>\n\t<meta property=\"og:image:height\" content=\"976\" \/>\n\t<meta property=\"og:image:type\" content=\"image\/jpeg\" \/>\n<meta name=\"author\" content=\"Paco S\u00e1nchez\" \/>\n<meta name=\"twitter:card\" content=\"summary_large_image\" \/>\n<meta name=\"twitter:label1\" content=\"Escrito por\" \/>\n\t<meta name=\"twitter:data1\" content=\"Paco S\u00e1nchez\" \/>\n\t<meta name=\"twitter:label2\" content=\"Tiempo de lectura\" \/>\n\t<meta name=\"twitter:data2\" content=\"5 minutos\" \/>\n<script type=\"application\/ld+json\" class=\"yoast-schema-graph\">{\"@context\":\"https:\\\/\\\/schema.org\",\"@graph\":[{\"@type\":\"Article\",\"@id\":\"https:\\\/\\\/arealorcaradio.es\\\/index.php\\\/2023\\\/02\\\/07\\\/la-concejalia-de-emergencias-a-traves-del-servicio-de-emergencias-y-proteccion-civil-de-lorca-activa-el-plan-frente-a-nevadas-y-olas-de-frio\\\/#article\",\"isPartOf\":{\"@id\":\"https:\\\/\\\/arealorcaradio.es\\\/index.php\\\/2023\\\/02\\\/07\\\/la-concejalia-de-emergencias-a-traves-del-servicio-de-emergencias-y-proteccion-civil-de-lorca-activa-el-plan-frente-a-nevadas-y-olas-de-frio\\\/\"},\"author\":{\"name\":\"Paco S\u00e1nchez\",\"@id\":\"https:\\\/\\\/arealorcaradio.es\\\/#\\\/schema\\\/person\\\/9fae605fc25b0f2c83c1ab207139bd27\"},\"headline\":\"La concejal\u00eda de Emergencias a trav\u00e9s del Servicio de Emergencias y Protecci\u00f3n Civil de Lorca, activa el plan frente a nevadas y olas de fr\u00edo.\",\"datePublished\":\"2023-02-07T14:48:48+00:00\",\"mainEntityOfPage\":{\"@id\":\"https:\\\/\\\/arealorcaradio.es\\\/index.php\\\/2023\\\/02\\\/07\\\/la-concejalia-de-emergencias-a-traves-del-servicio-de-emergencias-y-proteccion-civil-de-lorca-activa-el-plan-frente-a-nevadas-y-olas-de-frio\\\/\"},\"wordCount\":1053,\"commentCount\":0,\"image\":{\"@id\":\"https:\\\/\\\/arealorcaradio.es\\\/index.php\\\/2023\\\/02\\\/07\\\/la-concejalia-de-emergencias-a-traves-del-servicio-de-emergencias-y-proteccion-civil-de-lorca-activa-el-plan-frente-a-nevadas-y-olas-de-frio\\\/#primaryimage\"},\"thumbnailUrl\":\"https:\\\/\\\/arealorcaradio.es\\\/wp-content\\\/uploads\\\/2023\\\/02\\\/COCHES-QUITANIEVES.jpeg\",\"articleSection\":[\"LORCA\"],\"inLanguage\":\"es\",\"potentialAction\":[{\"@type\":\"CommentAction\",\"name\":\"Comment\",\"target\":[\"https:\\\/\\\/arealorcaradio.es\\\/index.php\\\/2023\\\/02\\\/07\\\/la-concejalia-de-emergencias-a-traves-del-servicio-de-emergencias-y-proteccion-civil-de-lorca-activa-el-plan-frente-a-nevadas-y-olas-de-frio\\\/#respond\"]}]},{\"@type\":\"WebPage\",\"@id\":\"https:\\\/\\\/arealorcaradio.es\\\/index.php\\\/2023\\\/02\\\/07\\\/la-concejalia-de-emergencias-a-traves-del-servicio-de-emergencias-y-proteccion-civil-de-lorca-activa-el-plan-frente-a-nevadas-y-olas-de-frio\\\/\",\"url\":\"https:\\\/\\\/arealorcaradio.es\\\/index.php\\\/2023\\\/02\\\/07\\\/la-concejalia-de-emergencias-a-traves-del-servicio-de-emergencias-y-proteccion-civil-de-lorca-activa-el-plan-frente-a-nevadas-y-olas-de-frio\\\/\",\"name\":\"La concejal\u00eda de Emergencias a trav\u00e9s del Servicio de Emergencias y Protecci\u00f3n Civil de Lorca, activa el plan frente a nevadas y olas de fr\u00edo. - AREA LORCA RADIO\",\"isPartOf\":{\"@id\":\"https:\\\/\\\/arealorcaradio.es\\\/#website\"},\"primaryImageOfPage\":{\"@id\":\"https:\\\/\\\/arealorcaradio.es\\\/index.php\\\/2023\\\/02\\\/07\\\/la-concejalia-de-emergencias-a-traves-del-servicio-de-emergencias-y-proteccion-civil-de-lorca-activa-el-plan-frente-a-nevadas-y-olas-de-frio\\\/#primaryimage\"},\"image\":{\"@id\":\"https:\\\/\\\/arealorcaradio.es\\\/index.php\\\/2023\\\/02\\\/07\\\/la-concejalia-de-emergencias-a-traves-del-servicio-de-emergencias-y-proteccion-civil-de-lorca-activa-el-plan-frente-a-nevadas-y-olas-de-frio\\\/#primaryimage\"},\"thumbnailUrl\":\"https:\\\/\\\/arealorcaradio.es\\\/wp-content\\\/uploads\\\/2023\\\/02\\\/COCHES-QUITANIEVES.jpeg\",\"datePublished\":\"2023-02-07T14:48:48+00:00\",\"author\":{\"@id\":\"https:\\\/\\\/arealorcaradio.es\\\/#\\\/schema\\\/person\\\/9fae605fc25b0f2c83c1ab207139bd27\"},\"breadcrumb\":{\"@id\":\"https:\\\/\\\/arealorcaradio.es\\\/index.php\\\/2023\\\/02\\\/07\\\/la-concejalia-de-emergencias-a-traves-del-servicio-de-emergencias-y-proteccion-civil-de-lorca-activa-el-plan-frente-a-nevadas-y-olas-de-frio\\\/#breadcrumb\"},\"inLanguage\":\"es\",\"potentialAction\":[{\"@type\":\"ReadAction\",\"target\":[\"https:\\\/\\\/arealorcaradio.es\\\/index.php\\\/2023\\\/02\\\/07\\\/la-concejalia-de-emergencias-a-traves-del-servicio-de-emergencias-y-proteccion-civil-de-lorca-activa-el-plan-frente-a-nevadas-y-olas-de-frio\\\/\"]}]},{\"@type\":\"ImageObject\",\"inLanguage\":\"es\",\"@id\":\"https:\\\/\\\/arealorcaradio.es\\\/index.php\\\/2023\\\/02\\\/07\\\/la-concejalia-de-emergencias-a-traves-del-servicio-de-emergencias-y-proteccion-civil-de-lorca-activa-el-plan-frente-a-nevadas-y-olas-de-frio\\\/#primaryimage\",\"url\":\"https:\\\/\\\/arealorcaradio.es\\\/wp-content\\\/uploads\\\/2023\\\/02\\\/COCHES-QUITANIEVES.jpeg\",\"contentUrl\":\"https:\\\/\\\/arealorcaradio.es\\\/wp-content\\\/uploads\\\/2023\\\/02\\\/COCHES-QUITANIEVES.jpeg\",\"width\":1600,\"height\":976},{\"@type\":\"BreadcrumbList\",\"@id\":\"https:\\\/\\\/arealorcaradio.es\\\/index.php\\\/2023\\\/02\\\/07\\\/la-concejalia-de-emergencias-a-traves-del-servicio-de-emergencias-y-proteccion-civil-de-lorca-activa-el-plan-frente-a-nevadas-y-olas-de-frio\\\/#breadcrumb\",\"itemListElement\":[{\"@type\":\"ListItem\",\"position\":1,\"name\":\"Portada\",\"item\":\"https:\\\/\\\/arealorcaradio.es\\\/\"},{\"@type\":\"ListItem\",\"position\":2,\"name\":\"La concejal\u00eda de Emergencias a trav\u00e9s del Servicio de Emergencias y Protecci\u00f3n Civil de Lorca, activa el plan frente a nevadas y olas de fr\u00edo.\"}]},{\"@type\":\"WebSite\",\"@id\":\"https:\\\/\\\/arealorcaradio.es\\\/#website\",\"url\":\"https:\\\/\\\/arealorcaradio.es\\\/\",\"name\":\"AREA LORCA RADIO\",\"description\":\"Descubre la programaci\u00f3n actual en \u00c1rea Lorca Radio, tu fuente de entrenamiento y noticias locales. Sintoniza ahora y mantente conectado online.\",\"potentialAction\":[{\"@type\":\"SearchAction\",\"target\":{\"@type\":\"EntryPoint\",\"urlTemplate\":\"https:\\\/\\\/arealorcaradio.es\\\/?s={search_term_string}\"},\"query-input\":{\"@type\":\"PropertyValueSpecification\",\"valueRequired\":true,\"valueName\":\"search_term_string\"}}],\"inLanguage\":\"es\"},{\"@type\":\"Person\",\"@id\":\"https:\\\/\\\/arealorcaradio.es\\\/#\\\/schema\\\/person\\\/9fae605fc25b0f2c83c1ab207139bd27\",\"name\":\"Paco S\u00e1nchez\",\"image\":{\"@type\":\"ImageObject\",\"inLanguage\":\"es\",\"@id\":\"https:\\\/\\\/secure.gravatar.com\\\/avatar\\\/d67144e966420fb74aa84c9f2a0103be4724fd14db52b52d3b6bca749f257e79?s=96&d=mm&r=g\",\"url\":\"https:\\\/\\\/secure.gravatar.com\\\/avatar\\\/d67144e966420fb74aa84c9f2a0103be4724fd14db52b52d3b6bca749f257e79?s=96&d=mm&r=g\",\"contentUrl\":\"https:\\\/\\\/secure.gravatar.com\\\/avatar\\\/d67144e966420fb74aa84c9f2a0103be4724fd14db52b52d3b6bca749f257e79?s=96&d=mm&r=g\",\"caption\":\"Paco S\u00e1nchez\"},\"sameAs\":[\"https:\\\/\\\/arealorcaradio.es\"],\"url\":\"https:\\\/\\\/arealorcaradio.es\\\/index.php\\\/author\\\/admin_alorcaradio\\\/\"}]}<\/script>\n<!-- \/ Yoast SEO plugin. -->","yoast_head_json":{"title":"La concejal\u00eda de Emergencias a trav\u00e9s del Servicio de Emergencias y Protecci\u00f3n Civil de Lorca, activa el plan frente a nevadas y olas de fr\u00edo. - AREA LORCA RADIO","robots":{"index":"index","follow":"follow","max-snippet":"max-snippet:-1","max-image-preview":"max-image-preview:large","max-video-preview":"max-video-preview:-1"},"canonical":"https:\/\/arealorcaradio.es\/index.php\/2023\/02\/07\/la-concejalia-de-emergencias-a-traves-del-servicio-de-emergencias-y-proteccion-civil-de-lorca-activa-el-plan-frente-a-nevadas-y-olas-de-frio\/","og_locale":"es_ES","og_type":"article","og_title":"La concejal\u00eda de Emergencias a trav\u00e9s del Servicio de Emergencias y Protecci\u00f3n Civil de Lorca, activa el plan frente a nevadas y olas de fr\u00edo. - AREA LORCA RADIO","og_description":"\u00c1REA LORCA RADIO. La concejal\u00eda de Emergencias del Ayuntamiento de Lorca, ha informado que a trav\u00e9s del Servicio de Emergencias y Protecci\u00f3n Civil, ya esta activo el plan frente a nevadas y olas de fr\u00edo, con el fin de prevenir y dar respuesta a situaciones de riesgo generadas por estos fen\u00f3menos meteorol\u00f3gicos adversos. El motivo [&hellip;]","og_url":"https:\/\/arealorcaradio.es\/index.php\/2023\/02\/07\/la-concejalia-de-emergencias-a-traves-del-servicio-de-emergencias-y-proteccion-civil-de-lorca-activa-el-plan-frente-a-nevadas-y-olas-de-frio\/","og_site_name":"AREA LORCA RADIO","article_published_time":"2023-02-07T14:48:48+00:00","og_image":[{"width":1600,"height":976,"url":"https:\/\/arealorcaradio.es\/wp-content\/uploads\/2023\/02\/COCHES-QUITANIEVES.jpeg","type":"image\/jpeg"}],"author":"Paco S\u00e1nchez","twitter_card":"summary_large_image","twitter_misc":{"Escrito por":"Paco S\u00e1nchez","Tiempo de lectura":"5 minutos"},"schema":{"@context":"https:\/\/schema.org","@graph":[{"@type":"Article","@id":"https:\/\/arealorcaradio.es\/index.php\/2023\/02\/07\/la-concejalia-de-emergencias-a-traves-del-servicio-de-emergencias-y-proteccion-civil-de-lorca-activa-el-plan-frente-a-nevadas-y-olas-de-frio\/#article","isPartOf":{"@id":"https:\/\/arealorcaradio.es\/index.php\/2023\/02\/07\/la-concejalia-de-emergencias-a-traves-del-servicio-de-emergencias-y-proteccion-civil-de-lorca-activa-el-plan-frente-a-nevadas-y-olas-de-frio\/"},"author":{"name":"Paco S\u00e1nchez","@id":"https:\/\/arealorcaradio.es\/#\/schema\/person\/9fae605fc25b0f2c83c1ab207139bd27"},"headline":"La concejal\u00eda de Emergencias a trav\u00e9s del Servicio de Emergencias y Protecci\u00f3n Civil de Lorca, activa el plan frente a nevadas y olas de fr\u00edo.","datePublished":"2023-02-07T14:48:48+00:00","mainEntityOfPage":{"@id":"https:\/\/arealorcaradio.es\/index.php\/2023\/02\/07\/la-concejalia-de-emergencias-a-traves-del-servicio-de-emergencias-y-proteccion-civil-de-lorca-activa-el-plan-frente-a-nevadas-y-olas-de-frio\/"},"wordCount":1053,"commentCount":0,"image":{"@id":"https:\/\/arealorcaradio.es\/index.php\/2023\/02\/07\/la-concejalia-de-emergencias-a-traves-del-servicio-de-emergencias-y-proteccion-civil-de-lorca-activa-el-plan-frente-a-nevadas-y-olas-de-frio\/#primaryimage"},"thumbnailUrl":"https:\/\/arealorcaradio.es\/wp-content\/uploads\/2023\/02\/COCHES-QUITANIEVES.jpeg","articleSection":["LORCA"],"inLanguage":"es","potentialAction":[{"@type":"CommentAction","name":"Comment","target":["https:\/\/arealorcaradio.es\/index.php\/2023\/02\/07\/la-concejalia-de-emergencias-a-traves-del-servicio-de-emergencias-y-proteccion-civil-de-lorca-activa-el-plan-frente-a-nevadas-y-olas-de-frio\/#respond"]}]},{"@type":"WebPage","@id":"https:\/\/arealorcaradio.es\/index.php\/2023\/02\/07\/la-concejalia-de-emergencias-a-traves-del-servicio-de-emergencias-y-proteccion-civil-de-lorca-activa-el-plan-frente-a-nevadas-y-olas-de-frio\/","url":"https:\/\/arealorcaradio.es\/index.php\/2023\/02\/07\/la-concejalia-de-emergencias-a-traves-del-servicio-de-emergencias-y-proteccion-civil-de-lorca-activa-el-plan-frente-a-nevadas-y-olas-de-frio\/","name":"La concejal\u00eda de Emergencias a trav\u00e9s del Servicio de Emergencias y Protecci\u00f3n Civil de Lorca, activa el plan frente a nevadas y olas de fr\u00edo. - AREA LORCA RADIO","isPartOf":{"@id":"https:\/\/arealorcaradio.es\/#website"},"primaryImageOfPage":{"@id":"https:\/\/arealorcaradio.es\/index.php\/2023\/02\/07\/la-concejalia-de-emergencias-a-traves-del-servicio-de-emergencias-y-proteccion-civil-de-lorca-activa-el-plan-frente-a-nevadas-y-olas-de-frio\/#primaryimage"},"image":{"@id":"https:\/\/arealorcaradio.es\/index.php\/2023\/02\/07\/la-concejalia-de-emergencias-a-traves-del-servicio-de-emergencias-y-proteccion-civil-de-lorca-activa-el-plan-frente-a-nevadas-y-olas-de-frio\/#primaryimage"},"thumbnailUrl":"https:\/\/arealorcaradio.es\/wp-content\/uploads\/2023\/02\/COCHES-QUITANIEVES.jpeg","datePublished":"2023-02-07T14:48:48+00:00","author":{"@id":"https:\/\/arealorcaradio.es\/#\/schema\/person\/9fae605fc25b0f2c83c1ab207139bd27"},"breadcrumb":{"@id":"https:\/\/arealorcaradio.es\/index.php\/2023\/02\/07\/la-concejalia-de-emergencias-a-traves-del-servicio-de-emergencias-y-proteccion-civil-de-lorca-activa-el-plan-frente-a-nevadas-y-olas-de-frio\/#breadcrumb"},"inLanguage":"es","potentialAction":[{"@type":"ReadAction","target":["https:\/\/arealorcaradio.es\/index.php\/2023\/02\/07\/la-concejalia-de-emergencias-a-traves-del-servicio-de-emergencias-y-proteccion-civil-de-lorca-activa-el-plan-frente-a-nevadas-y-olas-de-frio\/"]}]},{"@type":"ImageObject","inLanguage":"es","@id":"https:\/\/arealorcaradio.es\/index.php\/2023\/02\/07\/la-concejalia-de-emergencias-a-traves-del-servicio-de-emergencias-y-proteccion-civil-de-lorca-activa-el-plan-frente-a-nevadas-y-olas-de-frio\/#primaryimage","url":"https:\/\/arealorcaradio.es\/wp-content\/uploads\/2023\/02\/COCHES-QUITANIEVES.jpeg","contentUrl":"https:\/\/arealorcaradio.es\/wp-content\/uploads\/2023\/02\/COCHES-QUITANIEVES.jpeg","width":1600,"height":976},{"@type":"BreadcrumbList","@id":"https:\/\/arealorcaradio.es\/index.php\/2023\/02\/07\/la-concejalia-de-emergencias-a-traves-del-servicio-de-emergencias-y-proteccion-civil-de-lorca-activa-el-plan-frente-a-nevadas-y-olas-de-frio\/#breadcrumb","itemListElement":[{"@type":"ListItem","position":1,"name":"Portada","item":"https:\/\/arealorcaradio.es\/"},{"@type":"ListItem","position":2,"name":"La concejal\u00eda de Emergencias a trav\u00e9s del Servicio de Emergencias y Protecci\u00f3n Civil de Lorca, activa el plan frente a nevadas y olas de fr\u00edo."}]},{"@type":"WebSite","@id":"https:\/\/arealorcaradio.es\/#website","url":"https:\/\/arealorcaradio.es\/","name":"AREA LORCA RADIO","description":"Descubre la programaci\u00f3n actual en \u00c1rea Lorca Radio, tu fuente de entrenamiento y noticias locales. Sintoniza ahora y mantente conectado online.","potentialAction":[{"@type":"SearchAction","target":{"@type":"EntryPoint","urlTemplate":"https:\/\/arealorcaradio.es\/?s={search_term_string}"},"query-input":{"@type":"PropertyValueSpecification","valueRequired":true,"valueName":"search_term_string"}}],"inLanguage":"es"},{"@type":"Person","@id":"https:\/\/arealorcaradio.es\/#\/schema\/person\/9fae605fc25b0f2c83c1ab207139bd27","name":"Paco S\u00e1nchez","image":{"@type":"ImageObject","inLanguage":"es","@id":"https:\/\/secure.gravatar.com\/avatar\/d67144e966420fb74aa84c9f2a0103be4724fd14db52b52d3b6bca749f257e79?s=96&d=mm&r=g","url":"https:\/\/secure.gravatar.com\/avatar\/d67144e966420fb74aa84c9f2a0103be4724fd14db52b52d3b6bca749f257e79?s=96&d=mm&r=g","contentUrl":"https:\/\/secure.gravatar.com\/avatar\/d67144e966420fb74aa84c9f2a0103be4724fd14db52b52d3b6bca749f257e79?s=96&d=mm&r=g","caption":"Paco S\u00e1nchez"},"sameAs":["https:\/\/arealorcaradio.es"],"url":"https:\/\/arealorcaradio.es\/index.php\/author\/admin_alorcaradio\/"}]}},"_links":{"self":[{"href":"https:\/\/arealorcaradio.es\/index.php\/wp-json\/wp\/v2\/posts\/22","targetHints":{"allow":["GET"]}}],"collection":[{"href":"https:\/\/arealorcaradio.es\/index.php\/wp-json\/wp\/v2\/posts"}],"about":[{"href":"https:\/\/arealorcaradio.es\/index.php\/wp-json\/wp\/v2\/types\/post"}],"author":[{"embeddable":true,"href":"https:\/\/arealorcaradio.es\/index.php\/wp-json\/wp\/v2\/users\/1"}],"replies":[{"embeddable":true,"href":"https:\/\/arealorcaradio.es\/index.php\/wp-json\/wp\/v2\/comments?post=22"}],"version-history":[{"count":1,"href":"https:\/\/arealorcaradio.es\/index.php\/wp-json\/wp\/v2\/posts\/22\/revisions"}],"predecessor-version":[{"id":24,"href":"https:\/\/arealorcaradio.es\/index.php\/wp-json\/wp\/v2\/posts\/22\/revisions\/24"}],"wp:featuredmedia":[{"embeddable":true,"href":"https:\/\/arealorcaradio.es\/index.php\/wp-json\/wp\/v2\/media\/23"}],"wp:attachment":[{"href":"https:\/\/arealorcaradio.es\/index.php\/wp-json\/wp\/v2\/media?parent=22"}],"wp:term":[{"taxonomy":"category","embeddable":true,"href":"https:\/\/arealorcaradio.es\/index.php\/wp-json\/wp\/v2\/categories?post=22"},{"taxonomy":"post_tag","embeddable":true,"href":"https:\/\/arealorcaradio.es\/index.php\/wp-json\/wp\/v2\/tags?post=22"}],"curies":[{"name":"wp","href":"https:\/\/api.w.org\/{rel}","templated":true}]}}