{"id":2195,"date":"2023-12-28T10:12:32","date_gmt":"2023-12-28T10:12:32","guid":{"rendered":"https:\/\/arealorcaradio.es\/?p=2195"},"modified":"2023-12-28T10:12:32","modified_gmt":"2023-12-28T10:12:32","slug":"antonio-garcia-martinez-eliocroca-afronta-un-2024-con-unas-bases-solidas-en-cada-una-de-sus-secciones-deportivas","status":"publish","type":"post","link":"https:\/\/arealorcaradio.es\/index.php\/2023\/12\/28\/antonio-garcia-martinez-eliocroca-afronta-un-2024-con-unas-bases-solidas-en-cada-una-de-sus-secciones-deportivas\/","title":{"rendered":"Antonio Garc\u00eda Mart\u00ednez: \u00abEliocroca afronta un 2024 con unas bases solidas en cada una de sus secciones deportivas\u00bb"},"content":{"rendered":"<p>\u00c1REA LORCA RADIO.<\/p>\n<p>Escucha aqu\u00ed la entrevista que ha concedido Antonio Garc\u00eda Mart\u00ednez a Paco S\u00e1nchez en el programa \u00c1rea Lorca Deportes. En ella hace balance de este a\u00f1o 2023 que acaba y es optimista cara al 2024 donde la mayor\u00eda de las secciones cuenta con equipos que pueden lograr ascensos.<\/p>\n<audio class=\"wp-audio-shortcode\" id=\"audio-2195-1\" preload=\"none\" style=\"width: 100%;\" controls=\"controls\"><source type=\"audio\/mpeg\" src=\"https:\/\/arealorcaradio.es\/wp-content\/uploads\/2023\/12\/261223-ANTONIO-GARCIA.-BALANCE-ELIOCROCA.mp3?_=1\" \/><a href=\"https:\/\/arealorcaradio.es\/wp-content\/uploads\/2023\/12\/261223-ANTONIO-GARCIA.-BALANCE-ELIOCROCA.mp3\">https:\/\/arealorcaradio.es\/wp-content\/uploads\/2023\/12\/261223-ANTONIO-GARCIA.-BALANCE-ELIOCROCA.mp3<\/a><\/audio>\n<p><img loading=\"lazy\" decoding=\"async\" class=\"alignnone size-medium wp-image-2199\" src=\"https:\/\/arealorcaradio.es\/wp-content\/uploads\/2023\/12\/antonio-garcia.-voleibol-300x210.jpg\" alt=\"\" width=\"300\" height=\"210\" srcset=\"https:\/\/arealorcaradio.es\/wp-content\/uploads\/2023\/12\/antonio-garcia.-voleibol-300x210.jpg 300w, https:\/\/arealorcaradio.es\/wp-content\/uploads\/2023\/12\/antonio-garcia.-voleibol.jpg 720w\" sizes=\"auto, (max-width: 300px) 100vw, 300px\" \/><\/p>\n","protected":false},"excerpt":{"rendered":"<p>\u00c1REA LORCA RADIO. Escucha aqu\u00ed la entrevista que ha concedido Antonio Garc\u00eda Mart\u00ednez a Paco S\u00e1nchez en el programa \u00c1rea Lorca Deportes. En ella hace balance de este a\u00f1o 2023 que acaba y es optimista cara al 2024 donde la mayor\u00eda de las secciones cuenta con equipos que pueden lograr ascensos.<\/p>\n","protected":false},"author":1,"featured_media":2197,"comment_status":"open","ping_status":"open","sticky":false,"template":"","format":"standard","meta":{"iawp_total_views":29,"footnotes":""},"categories":[4,7],"tags":[],"class_list":["post-2195","post","type-post","status-publish","format-standard","has-post-thumbnail","hentry","category-deportes","category-lorca"],"yoast_head":"<!-- This site is optimized with the Yoast SEO plugin v27.5 - https:\/\/yoast.com\/product\/yoast-seo-wordpress\/ -->\n<title>Antonio Garc\u00eda Mart\u00ednez: &quot;Eliocroca afronta un 2024 con unas bases solidas en cada una de sus secciones deportivas&quot; - AREA LORCA RADIO<\/title>\n<meta name=\"robots\" content=\"index, follow, max-snippet:-1, max-image-preview:large, max-video-preview:-1\" \/>\n<link rel=\"canonical\" href=\"https:\/\/arealorcaradio.es\/index.php\/2023\/12\/28\/antonio-garcia-martinez-eliocroca-afronta-un-2024-con-unas-bases-solidas-en-cada-una-de-sus-secciones-deportivas\/\" \/>\n<meta property=\"og:locale\" content=\"es_ES\" \/>\n<meta property=\"og:type\" content=\"article\" \/>\n<meta property=\"og:title\" content=\"Antonio Garc\u00eda Mart\u00ednez: &quot;Eliocroca afronta un 2024 con unas bases solidas en cada una de sus secciones deportivas&quot; - AREA LORCA RADIO\" \/>\n<meta property=\"og:description\" content=\"\u00c1REA LORCA RADIO. Escucha aqu\u00ed la entrevista que ha concedido Antonio Garc\u00eda Mart\u00ednez a Paco S\u00e1nchez en el programa \u00c1rea Lorca Deportes. En ella hace balance de este a\u00f1o 2023 que acaba y es optimista cara al 2024 donde la mayor\u00eda de las secciones cuenta con equipos que pueden lograr ascensos.\" \/>\n<meta property=\"og:url\" content=\"https:\/\/arealorcaradio.es\/index.php\/2023\/12\/28\/antonio-garcia-martinez-eliocroca-afronta-un-2024-con-unas-bases-solidas-en-cada-una-de-sus-secciones-deportivas\/\" \/>\n<meta property=\"og:site_name\" content=\"AREA LORCA RADIO\" \/>\n<meta property=\"article:published_time\" content=\"2023-12-28T10:12:32+00:00\" \/>\n<meta property=\"og:image\" content=\"https:\/\/arealorcaradio.es\/wp-content\/uploads\/2023\/12\/IMG-20231226-WA0029.jpg\" \/>\n\t<meta property=\"og:image:width\" content=\"2048\" \/>\n\t<meta property=\"og:image:height\" content=\"1536\" \/>\n\t<meta property=\"og:image:type\" content=\"image\/jpeg\" \/>\n<meta name=\"author\" content=\"Paco S\u00e1nchez\" \/>\n<meta name=\"twitter:card\" content=\"summary_large_image\" \/>\n<meta name=\"twitter:label1\" content=\"Escrito por\" \/>\n\t<meta name=\"twitter:data1\" content=\"Paco S\u00e1nchez\" \/>\n\t<meta name=\"twitter:label2\" content=\"Tiempo de lectura\" \/>\n\t<meta name=\"twitter:data2\" content=\"1 minuto\" \/>\n<script type=\"application\/ld+json\" class=\"yoast-schema-graph\">{\"@context\":\"https:\\\/\\\/schema.org\",\"@graph\":[{\"@type\":\"Article\",\"@id\":\"https:\\\/\\\/arealorcaradio.es\\\/index.php\\\/2023\\\/12\\\/28\\\/antonio-garcia-martinez-eliocroca-afronta-un-2024-con-unas-bases-solidas-en-cada-una-de-sus-secciones-deportivas\\\/#article\",\"isPartOf\":{\"@id\":\"https:\\\/\\\/arealorcaradio.es\\\/index.php\\\/2023\\\/12\\\/28\\\/antonio-garcia-martinez-eliocroca-afronta-un-2024-con-unas-bases-solidas-en-cada-una-de-sus-secciones-deportivas\\\/\"},\"author\":{\"name\":\"Paco S\u00e1nchez\",\"@id\":\"https:\\\/\\\/arealorcaradio.es\\\/#\\\/schema\\\/person\\\/9fae605fc25b0f2c83c1ab207139bd27\"},\"headline\":\"Antonio Garc\u00eda Mart\u00ednez: \u00abEliocroca afronta un 2024 con unas bases solidas en cada una de sus secciones deportivas\u00bb\",\"datePublished\":\"2023-12-28T10:12:32+00:00\",\"mainEntityOfPage\":{\"@id\":\"https:\\\/\\\/arealorcaradio.es\\\/index.php\\\/2023\\\/12\\\/28\\\/antonio-garcia-martinez-eliocroca-afronta-un-2024-con-unas-bases-solidas-en-cada-una-de-sus-secciones-deportivas\\\/\"},\"wordCount\":84,\"commentCount\":0,\"image\":{\"@id\":\"https:\\\/\\\/arealorcaradio.es\\\/index.php\\\/2023\\\/12\\\/28\\\/antonio-garcia-martinez-eliocroca-afronta-un-2024-con-unas-bases-solidas-en-cada-una-de-sus-secciones-deportivas\\\/#primaryimage\"},\"thumbnailUrl\":\"https:\\\/\\\/arealorcaradio.es\\\/wp-content\\\/uploads\\\/2023\\\/12\\\/IMG-20231226-WA0029.jpg\",\"articleSection\":[\"DEPORTES\",\"LORCA\"],\"inLanguage\":\"es\",\"potentialAction\":[{\"@type\":\"CommentAction\",\"name\":\"Comment\",\"target\":[\"https:\\\/\\\/arealorcaradio.es\\\/index.php\\\/2023\\\/12\\\/28\\\/antonio-garcia-martinez-eliocroca-afronta-un-2024-con-unas-bases-solidas-en-cada-una-de-sus-secciones-deportivas\\\/#respond\"]}]},{\"@type\":\"WebPage\",\"@id\":\"https:\\\/\\\/arealorcaradio.es\\\/index.php\\\/2023\\\/12\\\/28\\\/antonio-garcia-martinez-eliocroca-afronta-un-2024-con-unas-bases-solidas-en-cada-una-de-sus-secciones-deportivas\\\/\",\"url\":\"https:\\\/\\\/arealorcaradio.es\\\/index.php\\\/2023\\\/12\\\/28\\\/antonio-garcia-martinez-eliocroca-afronta-un-2024-con-unas-bases-solidas-en-cada-una-de-sus-secciones-deportivas\\\/\",\"name\":\"Antonio Garc\u00eda Mart\u00ednez: \\\"Eliocroca afronta un 2024 con unas bases solidas en cada una de sus secciones deportivas\\\" - AREA LORCA RADIO\",\"isPartOf\":{\"@id\":\"https:\\\/\\\/arealorcaradio.es\\\/#website\"},\"primaryImageOfPage\":{\"@id\":\"https:\\\/\\\/arealorcaradio.es\\\/index.php\\\/2023\\\/12\\\/28\\\/antonio-garcia-martinez-eliocroca-afronta-un-2024-con-unas-bases-solidas-en-cada-una-de-sus-secciones-deportivas\\\/#primaryimage\"},\"image\":{\"@id\":\"https:\\\/\\\/arealorcaradio.es\\\/index.php\\\/2023\\\/12\\\/28\\\/antonio-garcia-martinez-eliocroca-afronta-un-2024-con-unas-bases-solidas-en-cada-una-de-sus-secciones-deportivas\\\/#primaryimage\"},\"thumbnailUrl\":\"https:\\\/\\\/arealorcaradio.es\\\/wp-content\\\/uploads\\\/2023\\\/12\\\/IMG-20231226-WA0029.jpg\",\"datePublished\":\"2023-12-28T10:12:32+00:00\",\"author\":{\"@id\":\"https:\\\/\\\/arealorcaradio.es\\\/#\\\/schema\\\/person\\\/9fae605fc25b0f2c83c1ab207139bd27\"},\"breadcrumb\":{\"@id\":\"https:\\\/\\\/arealorcaradio.es\\\/index.php\\\/2023\\\/12\\\/28\\\/antonio-garcia-martinez-eliocroca-afronta-un-2024-con-unas-bases-solidas-en-cada-una-de-sus-secciones-deportivas\\\/#breadcrumb\"},\"inLanguage\":\"es\",\"potentialAction\":[{\"@type\":\"ReadAction\",\"target\":[\"https:\\\/\\\/arealorcaradio.es\\\/index.php\\\/2023\\\/12\\\/28\\\/antonio-garcia-martinez-eliocroca-afronta-un-2024-con-unas-bases-solidas-en-cada-una-de-sus-secciones-deportivas\\\/\"]}]},{\"@type\":\"ImageObject\",\"inLanguage\":\"es\",\"@id\":\"https:\\\/\\\/arealorcaradio.es\\\/index.php\\\/2023\\\/12\\\/28\\\/antonio-garcia-martinez-eliocroca-afronta-un-2024-con-unas-bases-solidas-en-cada-una-de-sus-secciones-deportivas\\\/#primaryimage\",\"url\":\"https:\\\/\\\/arealorcaradio.es\\\/wp-content\\\/uploads\\\/2023\\\/12\\\/IMG-20231226-WA0029.jpg\",\"contentUrl\":\"https:\\\/\\\/arealorcaradio.es\\\/wp-content\\\/uploads\\\/2023\\\/12\\\/IMG-20231226-WA0029.jpg\",\"width\":2048,\"height\":1536},{\"@type\":\"BreadcrumbList\",\"@id\":\"https:\\\/\\\/arealorcaradio.es\\\/index.php\\\/2023\\\/12\\\/28\\\/antonio-garcia-martinez-eliocroca-afronta-un-2024-con-unas-bases-solidas-en-cada-una-de-sus-secciones-deportivas\\\/#breadcrumb\",\"itemListElement\":[{\"@type\":\"ListItem\",\"position\":1,\"name\":\"Portada\",\"item\":\"https:\\\/\\\/arealorcaradio.es\\\/\"},{\"@type\":\"ListItem\",\"position\":2,\"name\":\"Antonio Garc\u00eda Mart\u00ednez: \u00abEliocroca afronta un 2024 con unas bases solidas en cada una de sus secciones deportivas\u00bb\"}]},{\"@type\":\"WebSite\",\"@id\":\"https:\\\/\\\/arealorcaradio.es\\\/#website\",\"url\":\"https:\\\/\\\/arealorcaradio.es\\\/\",\"name\":\"AREA LORCA RADIO\",\"description\":\"Descubre la programaci\u00f3n actual en \u00c1rea Lorca Radio, tu fuente de entrenamiento y noticias locales. Sintoniza ahora y mantente conectado online.\",\"potentialAction\":[{\"@type\":\"SearchAction\",\"target\":{\"@type\":\"EntryPoint\",\"urlTemplate\":\"https:\\\/\\\/arealorcaradio.es\\\/?s={search_term_string}\"},\"query-input\":{\"@type\":\"PropertyValueSpecification\",\"valueRequired\":true,\"valueName\":\"search_term_string\"}}],\"inLanguage\":\"es\"},{\"@type\":\"Person\",\"@id\":\"https:\\\/\\\/arealorcaradio.es\\\/#\\\/schema\\\/person\\\/9fae605fc25b0f2c83c1ab207139bd27\",\"name\":\"Paco S\u00e1nchez\",\"image\":{\"@type\":\"ImageObject\",\"inLanguage\":\"es\",\"@id\":\"https:\\\/\\\/secure.gravatar.com\\\/avatar\\\/d67144e966420fb74aa84c9f2a0103be4724fd14db52b52d3b6bca749f257e79?s=96&d=mm&r=g\",\"url\":\"https:\\\/\\\/secure.gravatar.com\\\/avatar\\\/d67144e966420fb74aa84c9f2a0103be4724fd14db52b52d3b6bca749f257e79?s=96&d=mm&r=g\",\"contentUrl\":\"https:\\\/\\\/secure.gravatar.com\\\/avatar\\\/d67144e966420fb74aa84c9f2a0103be4724fd14db52b52d3b6bca749f257e79?s=96&d=mm&r=g\",\"caption\":\"Paco S\u00e1nchez\"},\"sameAs\":[\"https:\\\/\\\/arealorcaradio.es\"],\"url\":\"https:\\\/\\\/arealorcaradio.es\\\/index.php\\\/author\\\/admin_alorcaradio\\\/\"}]}<\/script>\n<!-- \/ Yoast SEO plugin. -->","yoast_head_json":{"title":"Antonio Garc\u00eda Mart\u00ednez: \"Eliocroca afronta un 2024 con unas bases solidas en cada una de sus secciones deportivas\" - AREA LORCA RADIO","robots":{"index":"index","follow":"follow","max-snippet":"max-snippet:-1","max-image-preview":"max-image-preview:large","max-video-preview":"max-video-preview:-1"},"canonical":"https:\/\/arealorcaradio.es\/index.php\/2023\/12\/28\/antonio-garcia-martinez-eliocroca-afronta-un-2024-con-unas-bases-solidas-en-cada-una-de-sus-secciones-deportivas\/","og_locale":"es_ES","og_type":"article","og_title":"Antonio Garc\u00eda Mart\u00ednez: \"Eliocroca afronta un 2024 con unas bases solidas en cada una de sus secciones deportivas\" - AREA LORCA RADIO","og_description":"\u00c1REA LORCA RADIO. Escucha aqu\u00ed la entrevista que ha concedido Antonio Garc\u00eda Mart\u00ednez a Paco S\u00e1nchez en el programa \u00c1rea Lorca Deportes. En ella hace balance de este a\u00f1o 2023 que acaba y es optimista cara al 2024 donde la mayor\u00eda de las secciones cuenta con equipos que pueden lograr ascensos.","og_url":"https:\/\/arealorcaradio.es\/index.php\/2023\/12\/28\/antonio-garcia-martinez-eliocroca-afronta-un-2024-con-unas-bases-solidas-en-cada-una-de-sus-secciones-deportivas\/","og_site_name":"AREA LORCA RADIO","article_published_time":"2023-12-28T10:12:32+00:00","og_image":[{"width":2048,"height":1536,"url":"https:\/\/arealorcaradio.es\/wp-content\/uploads\/2023\/12\/IMG-20231226-WA0029.jpg","type":"image\/jpeg"}],"author":"Paco S\u00e1nchez","twitter_card":"summary_large_image","twitter_misc":{"Escrito por":"Paco S\u00e1nchez","Tiempo de lectura":"1 minuto"},"schema":{"@context":"https:\/\/schema.org","@graph":[{"@type":"Article","@id":"https:\/\/arealorcaradio.es\/index.php\/2023\/12\/28\/antonio-garcia-martinez-eliocroca-afronta-un-2024-con-unas-bases-solidas-en-cada-una-de-sus-secciones-deportivas\/#article","isPartOf":{"@id":"https:\/\/arealorcaradio.es\/index.php\/2023\/12\/28\/antonio-garcia-martinez-eliocroca-afronta-un-2024-con-unas-bases-solidas-en-cada-una-de-sus-secciones-deportivas\/"},"author":{"name":"Paco S\u00e1nchez","@id":"https:\/\/arealorcaradio.es\/#\/schema\/person\/9fae605fc25b0f2c83c1ab207139bd27"},"headline":"Antonio Garc\u00eda Mart\u00ednez: \u00abEliocroca afronta un 2024 con unas bases solidas en cada una de sus secciones deportivas\u00bb","datePublished":"2023-12-28T10:12:32+00:00","mainEntityOfPage":{"@id":"https:\/\/arealorcaradio.es\/index.php\/2023\/12\/28\/antonio-garcia-martinez-eliocroca-afronta-un-2024-con-unas-bases-solidas-en-cada-una-de-sus-secciones-deportivas\/"},"wordCount":84,"commentCount":0,"image":{"@id":"https:\/\/arealorcaradio.es\/index.php\/2023\/12\/28\/antonio-garcia-martinez-eliocroca-afronta-un-2024-con-unas-bases-solidas-en-cada-una-de-sus-secciones-deportivas\/#primaryimage"},"thumbnailUrl":"https:\/\/arealorcaradio.es\/wp-content\/uploads\/2023\/12\/IMG-20231226-WA0029.jpg","articleSection":["DEPORTES","LORCA"],"inLanguage":"es","potentialAction":[{"@type":"CommentAction","name":"Comment","target":["https:\/\/arealorcaradio.es\/index.php\/2023\/12\/28\/antonio-garcia-martinez-eliocroca-afronta-un-2024-con-unas-bases-solidas-en-cada-una-de-sus-secciones-deportivas\/#respond"]}]},{"@type":"WebPage","@id":"https:\/\/arealorcaradio.es\/index.php\/2023\/12\/28\/antonio-garcia-martinez-eliocroca-afronta-un-2024-con-unas-bases-solidas-en-cada-una-de-sus-secciones-deportivas\/","url":"https:\/\/arealorcaradio.es\/index.php\/2023\/12\/28\/antonio-garcia-martinez-eliocroca-afronta-un-2024-con-unas-bases-solidas-en-cada-una-de-sus-secciones-deportivas\/","name":"Antonio Garc\u00eda Mart\u00ednez: \"Eliocroca afronta un 2024 con unas bases solidas en cada una de sus secciones deportivas\" - AREA LORCA RADIO","isPartOf":{"@id":"https:\/\/arealorcaradio.es\/#website"},"primaryImageOfPage":{"@id":"https:\/\/arealorcaradio.es\/index.php\/2023\/12\/28\/antonio-garcia-martinez-eliocroca-afronta-un-2024-con-unas-bases-solidas-en-cada-una-de-sus-secciones-deportivas\/#primaryimage"},"image":{"@id":"https:\/\/arealorcaradio.es\/index.php\/2023\/12\/28\/antonio-garcia-martinez-eliocroca-afronta-un-2024-con-unas-bases-solidas-en-cada-una-de-sus-secciones-deportivas\/#primaryimage"},"thumbnailUrl":"https:\/\/arealorcaradio.es\/wp-content\/uploads\/2023\/12\/IMG-20231226-WA0029.jpg","datePublished":"2023-12-28T10:12:32+00:00","author":{"@id":"https:\/\/arealorcaradio.es\/#\/schema\/person\/9fae605fc25b0f2c83c1ab207139bd27"},"breadcrumb":{"@id":"https:\/\/arealorcaradio.es\/index.php\/2023\/12\/28\/antonio-garcia-martinez-eliocroca-afronta-un-2024-con-unas-bases-solidas-en-cada-una-de-sus-secciones-deportivas\/#breadcrumb"},"inLanguage":"es","potentialAction":[{"@type":"ReadAction","target":["https:\/\/arealorcaradio.es\/index.php\/2023\/12\/28\/antonio-garcia-martinez-eliocroca-afronta-un-2024-con-unas-bases-solidas-en-cada-una-de-sus-secciones-deportivas\/"]}]},{"@type":"ImageObject","inLanguage":"es","@id":"https:\/\/arealorcaradio.es\/index.php\/2023\/12\/28\/antonio-garcia-martinez-eliocroca-afronta-un-2024-con-unas-bases-solidas-en-cada-una-de-sus-secciones-deportivas\/#primaryimage","url":"https:\/\/arealorcaradio.es\/wp-content\/uploads\/2023\/12\/IMG-20231226-WA0029.jpg","contentUrl":"https:\/\/arealorcaradio.es\/wp-content\/uploads\/2023\/12\/IMG-20231226-WA0029.jpg","width":2048,"height":1536},{"@type":"BreadcrumbList","@id":"https:\/\/arealorcaradio.es\/index.php\/2023\/12\/28\/antonio-garcia-martinez-eliocroca-afronta-un-2024-con-unas-bases-solidas-en-cada-una-de-sus-secciones-deportivas\/#breadcrumb","itemListElement":[{"@type":"ListItem","position":1,"name":"Portada","item":"https:\/\/arealorcaradio.es\/"},{"@type":"ListItem","position":2,"name":"Antonio Garc\u00eda Mart\u00ednez: \u00abEliocroca afronta un 2024 con unas bases solidas en cada una de sus secciones deportivas\u00bb"}]},{"@type":"WebSite","@id":"https:\/\/arealorcaradio.es\/#website","url":"https:\/\/arealorcaradio.es\/","name":"AREA LORCA RADIO","description":"Descubre la programaci\u00f3n actual en \u00c1rea Lorca Radio, tu fuente de entrenamiento y noticias locales. Sintoniza ahora y mantente conectado online.","potentialAction":[{"@type":"SearchAction","target":{"@type":"EntryPoint","urlTemplate":"https:\/\/arealorcaradio.es\/?s={search_term_string}"},"query-input":{"@type":"PropertyValueSpecification","valueRequired":true,"valueName":"search_term_string"}}],"inLanguage":"es"},{"@type":"Person","@id":"https:\/\/arealorcaradio.es\/#\/schema\/person\/9fae605fc25b0f2c83c1ab207139bd27","name":"Paco S\u00e1nchez","image":{"@type":"ImageObject","inLanguage":"es","@id":"https:\/\/secure.gravatar.com\/avatar\/d67144e966420fb74aa84c9f2a0103be4724fd14db52b52d3b6bca749f257e79?s=96&d=mm&r=g","url":"https:\/\/secure.gravatar.com\/avatar\/d67144e966420fb74aa84c9f2a0103be4724fd14db52b52d3b6bca749f257e79?s=96&d=mm&r=g","contentUrl":"https:\/\/secure.gravatar.com\/avatar\/d67144e966420fb74aa84c9f2a0103be4724fd14db52b52d3b6bca749f257e79?s=96&d=mm&r=g","caption":"Paco S\u00e1nchez"},"sameAs":["https:\/\/arealorcaradio.es"],"url":"https:\/\/arealorcaradio.es\/index.php\/author\/admin_alorcaradio\/"}]}},"_links":{"self":[{"href":"https:\/\/arealorcaradio.es\/index.php\/wp-json\/wp\/v2\/posts\/2195","targetHints":{"allow":["GET"]}}],"collection":[{"href":"https:\/\/arealorcaradio.es\/index.php\/wp-json\/wp\/v2\/posts"}],"about":[{"href":"https:\/\/arealorcaradio.es\/index.php\/wp-json\/wp\/v2\/types\/post"}],"author":[{"embeddable":true,"href":"https:\/\/arealorcaradio.es\/index.php\/wp-json\/wp\/v2\/users\/1"}],"replies":[{"embeddable":true,"href":"https:\/\/arealorcaradio.es\/index.php\/wp-json\/wp\/v2\/comments?post=2195"}],"version-history":[{"count":2,"href":"https:\/\/arealorcaradio.es\/index.php\/wp-json\/wp\/v2\/posts\/2195\/revisions"}],"predecessor-version":[{"id":2200,"href":"https:\/\/arealorcaradio.es\/index.php\/wp-json\/wp\/v2\/posts\/2195\/revisions\/2200"}],"wp:featuredmedia":[{"embeddable":true,"href":"https:\/\/arealorcaradio.es\/index.php\/wp-json\/wp\/v2\/media\/2197"}],"wp:attachment":[{"href":"https:\/\/arealorcaradio.es\/index.php\/wp-json\/wp\/v2\/media?parent=2195"}],"wp:term":[{"taxonomy":"category","embeddable":true,"href":"https:\/\/arealorcaradio.es\/index.php\/wp-json\/wp\/v2\/categories?post=2195"},{"taxonomy":"post_tag","embeddable":true,"href":"https:\/\/arealorcaradio.es\/index.php\/wp-json\/wp\/v2\/tags?post=2195"}],"curies":[{"name":"wp","href":"https:\/\/api.w.org\/{rel}","templated":true}]}}