{"id":2081,"date":"2023-12-05T21:29:31","date_gmt":"2023-12-05T21:29:31","guid":{"rendered":"https:\/\/arealorcaradio.es\/?p=2081"},"modified":"2023-12-05T21:29:31","modified_gmt":"2023-12-05T21:29:31","slug":"el-ceip-alfonso-x-el-sabio-de-lorca-presenta-su-villancico-en-navidad-felicidad-con-muy-buena-acogida-a-nivel-nacional","status":"publish","type":"post","link":"https:\/\/arealorcaradio.es\/index.php\/2023\/12\/05\/el-ceip-alfonso-x-el-sabio-de-lorca-presenta-su-villancico-en-navidad-felicidad-con-muy-buena-acogida-a-nivel-nacional\/","title":{"rendered":"El CEIP Alfonso X El Sabio de Lorca presenta su villancico \u00abEn Navidad, felicidad\u00bb con muy buena acogida a nivel nacional"},"content":{"rendered":"<p>\u00c1REA LORCA RADIO.<\/p>\n<p>Escucha aqu\u00ed la entrevista que ha concedido Lucas S\u00e1nchez a Paco S\u00e1nchez en el programa magazine \u00c1rea Lorca Actualidad en el que habla del exitoso villancico. En la entrevista podemos disfrutar de esa pieza que triunfa a nivel nacional.<\/p>\n<audio class=\"wp-audio-shortcode\" id=\"audio-2081-1\" preload=\"none\" style=\"width: 100%;\" controls=\"controls\"><source type=\"audio\/mpeg\" src=\"https:\/\/arealorcaradio.es\/wp-content\/uploads\/2023\/12\/051223-LUCAS-SANCHEZ.-VILLANCICO-ALFONSO-X.mp3?_=1\" \/><a href=\"https:\/\/arealorcaradio.es\/wp-content\/uploads\/2023\/12\/051223-LUCAS-SANCHEZ.-VILLANCICO-ALFONSO-X.mp3\">https:\/\/arealorcaradio.es\/wp-content\/uploads\/2023\/12\/051223-LUCAS-SANCHEZ.-VILLANCICO-ALFONSO-X.mp3<\/a><\/audio>\n<p><img loading=\"lazy\" decoding=\"async\" class=\"alignnone size-medium wp-image-2085\" src=\"https:\/\/arealorcaradio.es\/wp-content\/uploads\/2023\/12\/20231204_174055-300x225.jpg\" alt=\"\" width=\"300\" height=\"225\" srcset=\"https:\/\/arealorcaradio.es\/wp-content\/uploads\/2023\/12\/20231204_174055-300x225.jpg 300w, https:\/\/arealorcaradio.es\/wp-content\/uploads\/2023\/12\/20231204_174055-1024x768.jpg 1024w, https:\/\/arealorcaradio.es\/wp-content\/uploads\/2023\/12\/20231204_174055-768x576.jpg 768w, https:\/\/arealorcaradio.es\/wp-content\/uploads\/2023\/12\/20231204_174055-1536x1152.jpg 1536w, https:\/\/arealorcaradio.es\/wp-content\/uploads\/2023\/12\/20231204_174055-2048x1536.jpg 2048w, https:\/\/arealorcaradio.es\/wp-content\/uploads\/2023\/12\/20231204_174055-86x64.jpg 86w\" sizes=\"auto, (max-width: 300px) 100vw, 300px\" \/> <img loading=\"lazy\" decoding=\"async\" class=\"alignnone size-medium wp-image-2086\" src=\"https:\/\/arealorcaradio.es\/wp-content\/uploads\/2023\/12\/20231204_174107-300x225.jpg\" alt=\"\" width=\"300\" height=\"225\" srcset=\"https:\/\/arealorcaradio.es\/wp-content\/uploads\/2023\/12\/20231204_174107-300x225.jpg 300w, https:\/\/arealorcaradio.es\/wp-content\/uploads\/2023\/12\/20231204_174107-1024x768.jpg 1024w, https:\/\/arealorcaradio.es\/wp-content\/uploads\/2023\/12\/20231204_174107-768x576.jpg 768w, https:\/\/arealorcaradio.es\/wp-content\/uploads\/2023\/12\/20231204_174107-1536x1152.jpg 1536w, https:\/\/arealorcaradio.es\/wp-content\/uploads\/2023\/12\/20231204_174107-2048x1536.jpg 2048w, https:\/\/arealorcaradio.es\/wp-content\/uploads\/2023\/12\/20231204_174107-86x64.jpg 86w\" sizes=\"auto, (max-width: 300px) 100vw, 300px\" \/> <img loading=\"lazy\" decoding=\"async\" class=\"alignnone  wp-image-2087\" src=\"https:\/\/arealorcaradio.es\/wp-content\/uploads\/2023\/12\/IMG-20231204-WA0022-300x138.jpg\" alt=\"\" width=\"367\" height=\"169\" srcset=\"https:\/\/arealorcaradio.es\/wp-content\/uploads\/2023\/12\/IMG-20231204-WA0022-300x138.jpg 300w, https:\/\/arealorcaradio.es\/wp-content\/uploads\/2023\/12\/IMG-20231204-WA0022-1024x472.jpg 1024w, https:\/\/arealorcaradio.es\/wp-content\/uploads\/2023\/12\/IMG-20231204-WA0022-768x354.jpg 768w, https:\/\/arealorcaradio.es\/wp-content\/uploads\/2023\/12\/IMG-20231204-WA0022-1536x708.jpg 1536w, https:\/\/arealorcaradio.es\/wp-content\/uploads\/2023\/12\/IMG-20231204-WA0022.jpg 1600w\" sizes=\"auto, (max-width: 367px) 100vw, 367px\" \/> <img loading=\"lazy\" decoding=\"async\" class=\"alignnone  wp-image-2083\" src=\"https:\/\/arealorcaradio.es\/wp-content\/uploads\/2023\/12\/IMG-20231204-WA0021-300x138.jpg\" alt=\"\" width=\"370\" height=\"170\" srcset=\"https:\/\/arealorcaradio.es\/wp-content\/uploads\/2023\/12\/IMG-20231204-WA0021-300x138.jpg 300w, https:\/\/arealorcaradio.es\/wp-content\/uploads\/2023\/12\/IMG-20231204-WA0021-1024x472.jpg 1024w, https:\/\/arealorcaradio.es\/wp-content\/uploads\/2023\/12\/IMG-20231204-WA0021-768x354.jpg 768w, https:\/\/arealorcaradio.es\/wp-content\/uploads\/2023\/12\/IMG-20231204-WA0021-1536x708.jpg 1536w, https:\/\/arealorcaradio.es\/wp-content\/uploads\/2023\/12\/IMG-20231204-WA0021.jpg 1600w\" sizes=\"auto, (max-width: 370px) 100vw, 370px\" \/><\/p>\n","protected":false},"excerpt":{"rendered":"<p>\u00c1REA LORCA RADIO. Escucha aqu\u00ed la entrevista que ha concedido Lucas S\u00e1nchez a Paco S\u00e1nchez en el programa magazine \u00c1rea Lorca Actualidad en el que habla del exitoso villancico. En la entrevista podemos disfrutar de esa pieza que triunfa a nivel nacional.<\/p>\n","protected":false},"author":1,"featured_media":2083,"comment_status":"open","ping_status":"open","sticky":false,"template":"","format":"standard","meta":{"iawp_total_views":25,"footnotes":""},"categories":[5,7],"tags":[],"class_list":["post-2081","post","type-post","status-publish","format-standard","has-post-thumbnail","hentry","category-actualidad","category-lorca"],"yoast_head":"<!-- This site is optimized with the Yoast SEO plugin v27.5 - https:\/\/yoast.com\/product\/yoast-seo-wordpress\/ -->\n<title>El CEIP Alfonso X El Sabio de Lorca presenta su villancico &quot;En Navidad, felicidad&quot; con muy buena acogida a nivel nacional - AREA LORCA RADIO<\/title>\n<meta name=\"robots\" content=\"index, follow, max-snippet:-1, max-image-preview:large, max-video-preview:-1\" \/>\n<link rel=\"canonical\" href=\"https:\/\/arealorcaradio.es\/index.php\/2023\/12\/05\/el-ceip-alfonso-x-el-sabio-de-lorca-presenta-su-villancico-en-navidad-felicidad-con-muy-buena-acogida-a-nivel-nacional\/\" \/>\n<meta property=\"og:locale\" content=\"es_ES\" \/>\n<meta property=\"og:type\" content=\"article\" \/>\n<meta property=\"og:title\" content=\"El CEIP Alfonso X El Sabio de Lorca presenta su villancico &quot;En Navidad, felicidad&quot; con muy buena acogida a nivel nacional - AREA LORCA RADIO\" \/>\n<meta property=\"og:description\" content=\"\u00c1REA LORCA RADIO. Escucha aqu\u00ed la entrevista que ha concedido Lucas S\u00e1nchez a Paco S\u00e1nchez en el programa magazine \u00c1rea Lorca Actualidad en el que habla del exitoso villancico. En la entrevista podemos disfrutar de esa pieza que triunfa a nivel nacional.\" \/>\n<meta property=\"og:url\" content=\"https:\/\/arealorcaradio.es\/index.php\/2023\/12\/05\/el-ceip-alfonso-x-el-sabio-de-lorca-presenta-su-villancico-en-navidad-felicidad-con-muy-buena-acogida-a-nivel-nacional\/\" \/>\n<meta property=\"og:site_name\" content=\"AREA LORCA RADIO\" \/>\n<meta property=\"article:published_time\" content=\"2023-12-05T21:29:31+00:00\" \/>\n<meta property=\"og:image\" content=\"https:\/\/arealorcaradio.es\/wp-content\/uploads\/2023\/12\/IMG-20231204-WA0021.jpg\" \/>\n\t<meta property=\"og:image:width\" content=\"1600\" \/>\n\t<meta property=\"og:image:height\" content=\"738\" \/>\n\t<meta property=\"og:image:type\" content=\"image\/jpeg\" \/>\n<meta name=\"author\" content=\"Paco S\u00e1nchez\" \/>\n<meta name=\"twitter:card\" content=\"summary_large_image\" \/>\n<meta name=\"twitter:label1\" content=\"Escrito por\" \/>\n\t<meta name=\"twitter:data1\" content=\"Paco S\u00e1nchez\" \/>\n\t<meta name=\"twitter:label2\" content=\"Tiempo de lectura\" \/>\n\t<meta name=\"twitter:data2\" content=\"2 minutos\" \/>\n<script type=\"application\/ld+json\" class=\"yoast-schema-graph\">{\"@context\":\"https:\\\/\\\/schema.org\",\"@graph\":[{\"@type\":\"Article\",\"@id\":\"https:\\\/\\\/arealorcaradio.es\\\/index.php\\\/2023\\\/12\\\/05\\\/el-ceip-alfonso-x-el-sabio-de-lorca-presenta-su-villancico-en-navidad-felicidad-con-muy-buena-acogida-a-nivel-nacional\\\/#article\",\"isPartOf\":{\"@id\":\"https:\\\/\\\/arealorcaradio.es\\\/index.php\\\/2023\\\/12\\\/05\\\/el-ceip-alfonso-x-el-sabio-de-lorca-presenta-su-villancico-en-navidad-felicidad-con-muy-buena-acogida-a-nivel-nacional\\\/\"},\"author\":{\"name\":\"Paco S\u00e1nchez\",\"@id\":\"https:\\\/\\\/arealorcaradio.es\\\/#\\\/schema\\\/person\\\/9fae605fc25b0f2c83c1ab207139bd27\"},\"headline\":\"El CEIP Alfonso X El Sabio de Lorca presenta su villancico \u00abEn Navidad, felicidad\u00bb con muy buena acogida a nivel nacional\",\"datePublished\":\"2023-12-05T21:29:31+00:00\",\"mainEntityOfPage\":{\"@id\":\"https:\\\/\\\/arealorcaradio.es\\\/index.php\\\/2023\\\/12\\\/05\\\/el-ceip-alfonso-x-el-sabio-de-lorca-presenta-su-villancico-en-navidad-felicidad-con-muy-buena-acogida-a-nivel-nacional\\\/\"},\"wordCount\":76,\"commentCount\":0,\"image\":{\"@id\":\"https:\\\/\\\/arealorcaradio.es\\\/index.php\\\/2023\\\/12\\\/05\\\/el-ceip-alfonso-x-el-sabio-de-lorca-presenta-su-villancico-en-navidad-felicidad-con-muy-buena-acogida-a-nivel-nacional\\\/#primaryimage\"},\"thumbnailUrl\":\"https:\\\/\\\/arealorcaradio.es\\\/wp-content\\\/uploads\\\/2023\\\/12\\\/IMG-20231204-WA0021.jpg\",\"articleSection\":[\"ACTUALIDAD\",\"LORCA\"],\"inLanguage\":\"es\",\"potentialAction\":[{\"@type\":\"CommentAction\",\"name\":\"Comment\",\"target\":[\"https:\\\/\\\/arealorcaradio.es\\\/index.php\\\/2023\\\/12\\\/05\\\/el-ceip-alfonso-x-el-sabio-de-lorca-presenta-su-villancico-en-navidad-felicidad-con-muy-buena-acogida-a-nivel-nacional\\\/#respond\"]}]},{\"@type\":\"WebPage\",\"@id\":\"https:\\\/\\\/arealorcaradio.es\\\/index.php\\\/2023\\\/12\\\/05\\\/el-ceip-alfonso-x-el-sabio-de-lorca-presenta-su-villancico-en-navidad-felicidad-con-muy-buena-acogida-a-nivel-nacional\\\/\",\"url\":\"https:\\\/\\\/arealorcaradio.es\\\/index.php\\\/2023\\\/12\\\/05\\\/el-ceip-alfonso-x-el-sabio-de-lorca-presenta-su-villancico-en-navidad-felicidad-con-muy-buena-acogida-a-nivel-nacional\\\/\",\"name\":\"El CEIP Alfonso X El Sabio de Lorca presenta su villancico \\\"En Navidad, felicidad\\\" con muy buena acogida a nivel nacional - AREA LORCA RADIO\",\"isPartOf\":{\"@id\":\"https:\\\/\\\/arealorcaradio.es\\\/#website\"},\"primaryImageOfPage\":{\"@id\":\"https:\\\/\\\/arealorcaradio.es\\\/index.php\\\/2023\\\/12\\\/05\\\/el-ceip-alfonso-x-el-sabio-de-lorca-presenta-su-villancico-en-navidad-felicidad-con-muy-buena-acogida-a-nivel-nacional\\\/#primaryimage\"},\"image\":{\"@id\":\"https:\\\/\\\/arealorcaradio.es\\\/index.php\\\/2023\\\/12\\\/05\\\/el-ceip-alfonso-x-el-sabio-de-lorca-presenta-su-villancico-en-navidad-felicidad-con-muy-buena-acogida-a-nivel-nacional\\\/#primaryimage\"},\"thumbnailUrl\":\"https:\\\/\\\/arealorcaradio.es\\\/wp-content\\\/uploads\\\/2023\\\/12\\\/IMG-20231204-WA0021.jpg\",\"datePublished\":\"2023-12-05T21:29:31+00:00\",\"author\":{\"@id\":\"https:\\\/\\\/arealorcaradio.es\\\/#\\\/schema\\\/person\\\/9fae605fc25b0f2c83c1ab207139bd27\"},\"breadcrumb\":{\"@id\":\"https:\\\/\\\/arealorcaradio.es\\\/index.php\\\/2023\\\/12\\\/05\\\/el-ceip-alfonso-x-el-sabio-de-lorca-presenta-su-villancico-en-navidad-felicidad-con-muy-buena-acogida-a-nivel-nacional\\\/#breadcrumb\"},\"inLanguage\":\"es\",\"potentialAction\":[{\"@type\":\"ReadAction\",\"target\":[\"https:\\\/\\\/arealorcaradio.es\\\/index.php\\\/2023\\\/12\\\/05\\\/el-ceip-alfonso-x-el-sabio-de-lorca-presenta-su-villancico-en-navidad-felicidad-con-muy-buena-acogida-a-nivel-nacional\\\/\"]}]},{\"@type\":\"ImageObject\",\"inLanguage\":\"es\",\"@id\":\"https:\\\/\\\/arealorcaradio.es\\\/index.php\\\/2023\\\/12\\\/05\\\/el-ceip-alfonso-x-el-sabio-de-lorca-presenta-su-villancico-en-navidad-felicidad-con-muy-buena-acogida-a-nivel-nacional\\\/#primaryimage\",\"url\":\"https:\\\/\\\/arealorcaradio.es\\\/wp-content\\\/uploads\\\/2023\\\/12\\\/IMG-20231204-WA0021.jpg\",\"contentUrl\":\"https:\\\/\\\/arealorcaradio.es\\\/wp-content\\\/uploads\\\/2023\\\/12\\\/IMG-20231204-WA0021.jpg\",\"width\":1600,\"height\":738},{\"@type\":\"BreadcrumbList\",\"@id\":\"https:\\\/\\\/arealorcaradio.es\\\/index.php\\\/2023\\\/12\\\/05\\\/el-ceip-alfonso-x-el-sabio-de-lorca-presenta-su-villancico-en-navidad-felicidad-con-muy-buena-acogida-a-nivel-nacional\\\/#breadcrumb\",\"itemListElement\":[{\"@type\":\"ListItem\",\"position\":1,\"name\":\"Portada\",\"item\":\"https:\\\/\\\/arealorcaradio.es\\\/\"},{\"@type\":\"ListItem\",\"position\":2,\"name\":\"El CEIP Alfonso X El Sabio de Lorca presenta su villancico \u00abEn Navidad, felicidad\u00bb con muy buena acogida a nivel nacional\"}]},{\"@type\":\"WebSite\",\"@id\":\"https:\\\/\\\/arealorcaradio.es\\\/#website\",\"url\":\"https:\\\/\\\/arealorcaradio.es\\\/\",\"name\":\"AREA LORCA RADIO\",\"description\":\"Descubre la programaci\u00f3n actual en \u00c1rea Lorca Radio, tu fuente de entrenamiento y noticias locales. Sintoniza ahora y mantente conectado online.\",\"potentialAction\":[{\"@type\":\"SearchAction\",\"target\":{\"@type\":\"EntryPoint\",\"urlTemplate\":\"https:\\\/\\\/arealorcaradio.es\\\/?s={search_term_string}\"},\"query-input\":{\"@type\":\"PropertyValueSpecification\",\"valueRequired\":true,\"valueName\":\"search_term_string\"}}],\"inLanguage\":\"es\"},{\"@type\":\"Person\",\"@id\":\"https:\\\/\\\/arealorcaradio.es\\\/#\\\/schema\\\/person\\\/9fae605fc25b0f2c83c1ab207139bd27\",\"name\":\"Paco S\u00e1nchez\",\"image\":{\"@type\":\"ImageObject\",\"inLanguage\":\"es\",\"@id\":\"https:\\\/\\\/secure.gravatar.com\\\/avatar\\\/d67144e966420fb74aa84c9f2a0103be4724fd14db52b52d3b6bca749f257e79?s=96&d=mm&r=g\",\"url\":\"https:\\\/\\\/secure.gravatar.com\\\/avatar\\\/d67144e966420fb74aa84c9f2a0103be4724fd14db52b52d3b6bca749f257e79?s=96&d=mm&r=g\",\"contentUrl\":\"https:\\\/\\\/secure.gravatar.com\\\/avatar\\\/d67144e966420fb74aa84c9f2a0103be4724fd14db52b52d3b6bca749f257e79?s=96&d=mm&r=g\",\"caption\":\"Paco S\u00e1nchez\"},\"sameAs\":[\"https:\\\/\\\/arealorcaradio.es\"],\"url\":\"https:\\\/\\\/arealorcaradio.es\\\/index.php\\\/author\\\/admin_alorcaradio\\\/\"}]}<\/script>\n<!-- \/ Yoast SEO plugin. -->","yoast_head_json":{"title":"El CEIP Alfonso X El Sabio de Lorca presenta su villancico \"En Navidad, felicidad\" con muy buena acogida a nivel nacional - AREA LORCA RADIO","robots":{"index":"index","follow":"follow","max-snippet":"max-snippet:-1","max-image-preview":"max-image-preview:large","max-video-preview":"max-video-preview:-1"},"canonical":"https:\/\/arealorcaradio.es\/index.php\/2023\/12\/05\/el-ceip-alfonso-x-el-sabio-de-lorca-presenta-su-villancico-en-navidad-felicidad-con-muy-buena-acogida-a-nivel-nacional\/","og_locale":"es_ES","og_type":"article","og_title":"El CEIP Alfonso X El Sabio de Lorca presenta su villancico \"En Navidad, felicidad\" con muy buena acogida a nivel nacional - AREA LORCA RADIO","og_description":"\u00c1REA LORCA RADIO. Escucha aqu\u00ed la entrevista que ha concedido Lucas S\u00e1nchez a Paco S\u00e1nchez en el programa magazine \u00c1rea Lorca Actualidad en el que habla del exitoso villancico. En la entrevista podemos disfrutar de esa pieza que triunfa a nivel nacional.","og_url":"https:\/\/arealorcaradio.es\/index.php\/2023\/12\/05\/el-ceip-alfonso-x-el-sabio-de-lorca-presenta-su-villancico-en-navidad-felicidad-con-muy-buena-acogida-a-nivel-nacional\/","og_site_name":"AREA LORCA RADIO","article_published_time":"2023-12-05T21:29:31+00:00","og_image":[{"width":1600,"height":738,"url":"https:\/\/arealorcaradio.es\/wp-content\/uploads\/2023\/12\/IMG-20231204-WA0021.jpg","type":"image\/jpeg"}],"author":"Paco S\u00e1nchez","twitter_card":"summary_large_image","twitter_misc":{"Escrito por":"Paco S\u00e1nchez","Tiempo de lectura":"2 minutos"},"schema":{"@context":"https:\/\/schema.org","@graph":[{"@type":"Article","@id":"https:\/\/arealorcaradio.es\/index.php\/2023\/12\/05\/el-ceip-alfonso-x-el-sabio-de-lorca-presenta-su-villancico-en-navidad-felicidad-con-muy-buena-acogida-a-nivel-nacional\/#article","isPartOf":{"@id":"https:\/\/arealorcaradio.es\/index.php\/2023\/12\/05\/el-ceip-alfonso-x-el-sabio-de-lorca-presenta-su-villancico-en-navidad-felicidad-con-muy-buena-acogida-a-nivel-nacional\/"},"author":{"name":"Paco S\u00e1nchez","@id":"https:\/\/arealorcaradio.es\/#\/schema\/person\/9fae605fc25b0f2c83c1ab207139bd27"},"headline":"El CEIP Alfonso X El Sabio de Lorca presenta su villancico \u00abEn Navidad, felicidad\u00bb con muy buena acogida a nivel nacional","datePublished":"2023-12-05T21:29:31+00:00","mainEntityOfPage":{"@id":"https:\/\/arealorcaradio.es\/index.php\/2023\/12\/05\/el-ceip-alfonso-x-el-sabio-de-lorca-presenta-su-villancico-en-navidad-felicidad-con-muy-buena-acogida-a-nivel-nacional\/"},"wordCount":76,"commentCount":0,"image":{"@id":"https:\/\/arealorcaradio.es\/index.php\/2023\/12\/05\/el-ceip-alfonso-x-el-sabio-de-lorca-presenta-su-villancico-en-navidad-felicidad-con-muy-buena-acogida-a-nivel-nacional\/#primaryimage"},"thumbnailUrl":"https:\/\/arealorcaradio.es\/wp-content\/uploads\/2023\/12\/IMG-20231204-WA0021.jpg","articleSection":["ACTUALIDAD","LORCA"],"inLanguage":"es","potentialAction":[{"@type":"CommentAction","name":"Comment","target":["https:\/\/arealorcaradio.es\/index.php\/2023\/12\/05\/el-ceip-alfonso-x-el-sabio-de-lorca-presenta-su-villancico-en-navidad-felicidad-con-muy-buena-acogida-a-nivel-nacional\/#respond"]}]},{"@type":"WebPage","@id":"https:\/\/arealorcaradio.es\/index.php\/2023\/12\/05\/el-ceip-alfonso-x-el-sabio-de-lorca-presenta-su-villancico-en-navidad-felicidad-con-muy-buena-acogida-a-nivel-nacional\/","url":"https:\/\/arealorcaradio.es\/index.php\/2023\/12\/05\/el-ceip-alfonso-x-el-sabio-de-lorca-presenta-su-villancico-en-navidad-felicidad-con-muy-buena-acogida-a-nivel-nacional\/","name":"El CEIP Alfonso X El Sabio de Lorca presenta su villancico \"En Navidad, felicidad\" con muy buena acogida a nivel nacional - AREA LORCA RADIO","isPartOf":{"@id":"https:\/\/arealorcaradio.es\/#website"},"primaryImageOfPage":{"@id":"https:\/\/arealorcaradio.es\/index.php\/2023\/12\/05\/el-ceip-alfonso-x-el-sabio-de-lorca-presenta-su-villancico-en-navidad-felicidad-con-muy-buena-acogida-a-nivel-nacional\/#primaryimage"},"image":{"@id":"https:\/\/arealorcaradio.es\/index.php\/2023\/12\/05\/el-ceip-alfonso-x-el-sabio-de-lorca-presenta-su-villancico-en-navidad-felicidad-con-muy-buena-acogida-a-nivel-nacional\/#primaryimage"},"thumbnailUrl":"https:\/\/arealorcaradio.es\/wp-content\/uploads\/2023\/12\/IMG-20231204-WA0021.jpg","datePublished":"2023-12-05T21:29:31+00:00","author":{"@id":"https:\/\/arealorcaradio.es\/#\/schema\/person\/9fae605fc25b0f2c83c1ab207139bd27"},"breadcrumb":{"@id":"https:\/\/arealorcaradio.es\/index.php\/2023\/12\/05\/el-ceip-alfonso-x-el-sabio-de-lorca-presenta-su-villancico-en-navidad-felicidad-con-muy-buena-acogida-a-nivel-nacional\/#breadcrumb"},"inLanguage":"es","potentialAction":[{"@type":"ReadAction","target":["https:\/\/arealorcaradio.es\/index.php\/2023\/12\/05\/el-ceip-alfonso-x-el-sabio-de-lorca-presenta-su-villancico-en-navidad-felicidad-con-muy-buena-acogida-a-nivel-nacional\/"]}]},{"@type":"ImageObject","inLanguage":"es","@id":"https:\/\/arealorcaradio.es\/index.php\/2023\/12\/05\/el-ceip-alfonso-x-el-sabio-de-lorca-presenta-su-villancico-en-navidad-felicidad-con-muy-buena-acogida-a-nivel-nacional\/#primaryimage","url":"https:\/\/arealorcaradio.es\/wp-content\/uploads\/2023\/12\/IMG-20231204-WA0021.jpg","contentUrl":"https:\/\/arealorcaradio.es\/wp-content\/uploads\/2023\/12\/IMG-20231204-WA0021.jpg","width":1600,"height":738},{"@type":"BreadcrumbList","@id":"https:\/\/arealorcaradio.es\/index.php\/2023\/12\/05\/el-ceip-alfonso-x-el-sabio-de-lorca-presenta-su-villancico-en-navidad-felicidad-con-muy-buena-acogida-a-nivel-nacional\/#breadcrumb","itemListElement":[{"@type":"ListItem","position":1,"name":"Portada","item":"https:\/\/arealorcaradio.es\/"},{"@type":"ListItem","position":2,"name":"El CEIP Alfonso X El Sabio de Lorca presenta su villancico \u00abEn Navidad, felicidad\u00bb con muy buena acogida a nivel nacional"}]},{"@type":"WebSite","@id":"https:\/\/arealorcaradio.es\/#website","url":"https:\/\/arealorcaradio.es\/","name":"AREA LORCA RADIO","description":"Descubre la programaci\u00f3n actual en \u00c1rea Lorca Radio, tu fuente de entrenamiento y noticias locales. Sintoniza ahora y mantente conectado online.","potentialAction":[{"@type":"SearchAction","target":{"@type":"EntryPoint","urlTemplate":"https:\/\/arealorcaradio.es\/?s={search_term_string}"},"query-input":{"@type":"PropertyValueSpecification","valueRequired":true,"valueName":"search_term_string"}}],"inLanguage":"es"},{"@type":"Person","@id":"https:\/\/arealorcaradio.es\/#\/schema\/person\/9fae605fc25b0f2c83c1ab207139bd27","name":"Paco S\u00e1nchez","image":{"@type":"ImageObject","inLanguage":"es","@id":"https:\/\/secure.gravatar.com\/avatar\/d67144e966420fb74aa84c9f2a0103be4724fd14db52b52d3b6bca749f257e79?s=96&d=mm&r=g","url":"https:\/\/secure.gravatar.com\/avatar\/d67144e966420fb74aa84c9f2a0103be4724fd14db52b52d3b6bca749f257e79?s=96&d=mm&r=g","contentUrl":"https:\/\/secure.gravatar.com\/avatar\/d67144e966420fb74aa84c9f2a0103be4724fd14db52b52d3b6bca749f257e79?s=96&d=mm&r=g","caption":"Paco S\u00e1nchez"},"sameAs":["https:\/\/arealorcaradio.es"],"url":"https:\/\/arealorcaradio.es\/index.php\/author\/admin_alorcaradio\/"}]}},"_links":{"self":[{"href":"https:\/\/arealorcaradio.es\/index.php\/wp-json\/wp\/v2\/posts\/2081","targetHints":{"allow":["GET"]}}],"collection":[{"href":"https:\/\/arealorcaradio.es\/index.php\/wp-json\/wp\/v2\/posts"}],"about":[{"href":"https:\/\/arealorcaradio.es\/index.php\/wp-json\/wp\/v2\/types\/post"}],"author":[{"embeddable":true,"href":"https:\/\/arealorcaradio.es\/index.php\/wp-json\/wp\/v2\/users\/1"}],"replies":[{"embeddable":true,"href":"https:\/\/arealorcaradio.es\/index.php\/wp-json\/wp\/v2\/comments?post=2081"}],"version-history":[{"count":2,"href":"https:\/\/arealorcaradio.es\/index.php\/wp-json\/wp\/v2\/posts\/2081\/revisions"}],"predecessor-version":[{"id":2088,"href":"https:\/\/arealorcaradio.es\/index.php\/wp-json\/wp\/v2\/posts\/2081\/revisions\/2088"}],"wp:featuredmedia":[{"embeddable":true,"href":"https:\/\/arealorcaradio.es\/index.php\/wp-json\/wp\/v2\/media\/2083"}],"wp:attachment":[{"href":"https:\/\/arealorcaradio.es\/index.php\/wp-json\/wp\/v2\/media?parent=2081"}],"wp:term":[{"taxonomy":"category","embeddable":true,"href":"https:\/\/arealorcaradio.es\/index.php\/wp-json\/wp\/v2\/categories?post=2081"},{"taxonomy":"post_tag","embeddable":true,"href":"https:\/\/arealorcaradio.es\/index.php\/wp-json\/wp\/v2\/tags?post=2081"}],"curies":[{"name":"wp","href":"https:\/\/api.w.org\/{rel}","templated":true}]}}