{"id":206,"date":"2023-03-02T18:27:18","date_gmt":"2023-03-02T18:27:18","guid":{"rendered":"https:\/\/arealorcaradio.es\/?p=206"},"modified":"2023-03-02T18:27:18","modified_gmt":"2023-03-02T18:27:18","slug":"el-concejal-de-turismo-y-vicealcalde-de-lorca-francisco-morales-y-el-alcalde-de-lorca-diego-jose-mateos-obligados-a-dar-explicaciones-sobre-la-suspension-del-acto-de-promocion-de-semana-santa-de-lorca","status":"publish","type":"post","link":"https:\/\/arealorcaradio.es\/index.php\/2023\/03\/02\/el-concejal-de-turismo-y-vicealcalde-de-lorca-francisco-morales-y-el-alcalde-de-lorca-diego-jose-mateos-obligados-a-dar-explicaciones-sobre-la-suspension-del-acto-de-promocion-de-semana-santa-de-lorca\/","title":{"rendered":"El concejal de Turismo y vicealcalde de Lorca Francisco Morales y el alcalde de Lorca Diego Jos\u00e9 Mateos obligados a dar explicaciones sobre la suspensi\u00f3n del acto de promoci\u00f3n de Semana Santa de Lorca en Madrid"},"content":{"rendered":"<p>\u00c1REA LORCA RADIO.<\/p>\n<p>La Secretaria General del Partido Popular de Lorca, Rosa Mar\u00eda Medina ha exigido responsabilidades y explicaciones convincentes sobre la suspensi\u00f3n de un acto de promoci\u00f3n de la Semana Santa de Lorca en el Circulo de Bellas Artes de Madrid, en el que se deb\u00edan de haber expuesto 24 piezas de las diferentes cofrad\u00edas lorquinas, desplazadas a Madrid y que se tuvieron que volver para Lorca tras un bochorno sin precedentes.<\/p>\n<audio class=\"wp-audio-shortcode\" id=\"audio-206-1\" preload=\"none\" style=\"width: 100%;\" controls=\"controls\"><source type=\"audio\/mpeg\" src=\"https:\/\/arealorcaradio.es\/wp-content\/uploads\/2023\/03\/020323-ROSA-MARIA-MEDINA.-EXPO-NO-CELEBRADA.mp3?_=1\" \/><a href=\"https:\/\/arealorcaradio.es\/wp-content\/uploads\/2023\/03\/020323-ROSA-MARIA-MEDINA.-EXPO-NO-CELEBRADA.mp3\">https:\/\/arealorcaradio.es\/wp-content\/uploads\/2023\/03\/020323-ROSA-MARIA-MEDINA.-EXPO-NO-CELEBRADA.mp3<\/a><\/audio>\n<p><img loading=\"lazy\" decoding=\"async\" class=\"alignnone size-medium wp-image-210\" src=\"https:\/\/arealorcaradio.es\/wp-content\/uploads\/2023\/03\/Rosa-Maria-Medina-3-300x225.jpg\" alt=\"\" width=\"300\" height=\"225\" srcset=\"https:\/\/arealorcaradio.es\/wp-content\/uploads\/2023\/03\/Rosa-Maria-Medina-3-300x225.jpg 300w, https:\/\/arealorcaradio.es\/wp-content\/uploads\/2023\/03\/Rosa-Maria-Medina-3-1024x768.jpg 1024w, https:\/\/arealorcaradio.es\/wp-content\/uploads\/2023\/03\/Rosa-Maria-Medina-3-768x576.jpg 768w, https:\/\/arealorcaradio.es\/wp-content\/uploads\/2023\/03\/Rosa-Maria-Medina-3-1536x1152.jpg 1536w, https:\/\/arealorcaradio.es\/wp-content\/uploads\/2023\/03\/Rosa-Maria-Medina-3-2048x1536.jpg 2048w\" sizes=\"auto, (max-width: 300px) 100vw, 300px\" \/><\/p>\n","protected":false},"excerpt":{"rendered":"<p>\u00c1REA LORCA RADIO. La Secretaria General del Partido Popular de Lorca, Rosa Mar\u00eda Medina ha exigido responsabilidades y explicaciones convincentes sobre la suspensi\u00f3n de un acto de promoci\u00f3n de la Semana Santa de Lorca en el Circulo de Bellas Artes de Madrid, en el que se deb\u00edan de haber expuesto 24 piezas de las diferentes [&hellip;]<\/p>\n","protected":false},"author":1,"featured_media":211,"comment_status":"open","ping_status":"open","sticky":false,"template":"","format":"standard","meta":{"iawp_total_views":4,"footnotes":""},"categories":[5,7],"tags":[],"class_list":["post-206","post","type-post","status-publish","format-standard","has-post-thumbnail","hentry","category-actualidad","category-lorca"],"yoast_head":"<!-- This site is optimized with the Yoast SEO plugin v27.5 - https:\/\/yoast.com\/product\/yoast-seo-wordpress\/ -->\n<title>El concejal de Turismo y vicealcalde de Lorca Francisco Morales y el alcalde de Lorca Diego Jos\u00e9 Mateos obligados a dar explicaciones sobre la suspensi\u00f3n del acto de promoci\u00f3n de Semana Santa de Lorca en Madrid - AREA LORCA RADIO<\/title>\n<meta name=\"robots\" content=\"index, follow, max-snippet:-1, max-image-preview:large, max-video-preview:-1\" \/>\n<link rel=\"canonical\" href=\"https:\/\/arealorcaradio.es\/index.php\/2023\/03\/02\/el-concejal-de-turismo-y-vicealcalde-de-lorca-francisco-morales-y-el-alcalde-de-lorca-diego-jose-mateos-obligados-a-dar-explicaciones-sobre-la-suspension-del-acto-de-promocion-de-semana-santa-de-lorca\/\" \/>\n<meta property=\"og:locale\" content=\"es_ES\" \/>\n<meta property=\"og:type\" content=\"article\" \/>\n<meta property=\"og:title\" content=\"El concejal de Turismo y vicealcalde de Lorca Francisco Morales y el alcalde de Lorca Diego Jos\u00e9 Mateos obligados a dar explicaciones sobre la suspensi\u00f3n del acto de promoci\u00f3n de Semana Santa de Lorca en Madrid - AREA LORCA RADIO\" \/>\n<meta property=\"og:description\" content=\"\u00c1REA LORCA RADIO. La Secretaria General del Partido Popular de Lorca, Rosa Mar\u00eda Medina ha exigido responsabilidades y explicaciones convincentes sobre la suspensi\u00f3n de un acto de promoci\u00f3n de la Semana Santa de Lorca en el Circulo de Bellas Artes de Madrid, en el que se deb\u00edan de haber expuesto 24 piezas de las diferentes [&hellip;]\" \/>\n<meta property=\"og:url\" content=\"https:\/\/arealorcaradio.es\/index.php\/2023\/03\/02\/el-concejal-de-turismo-y-vicealcalde-de-lorca-francisco-morales-y-el-alcalde-de-lorca-diego-jose-mateos-obligados-a-dar-explicaciones-sobre-la-suspension-del-acto-de-promocion-de-semana-santa-de-lorca\/\" \/>\n<meta property=\"og:site_name\" content=\"AREA LORCA RADIO\" \/>\n<meta property=\"article:published_time\" content=\"2023-03-02T18:27:18+00:00\" \/>\n<meta property=\"og:image\" content=\"https:\/\/arealorcaradio.es\/wp-content\/uploads\/2023\/03\/Rosa-Maria-Medina-4-scaled.jpg\" \/>\n\t<meta property=\"og:image:width\" content=\"2560\" \/>\n\t<meta property=\"og:image:height\" content=\"1920\" \/>\n\t<meta property=\"og:image:type\" content=\"image\/jpeg\" \/>\n<meta name=\"author\" content=\"Paco S\u00e1nchez\" \/>\n<meta name=\"twitter:card\" content=\"summary_large_image\" \/>\n<meta name=\"twitter:label1\" content=\"Escrito por\" \/>\n\t<meta name=\"twitter:data1\" content=\"Paco S\u00e1nchez\" \/>\n\t<meta name=\"twitter:label2\" content=\"Tiempo de lectura\" \/>\n\t<meta name=\"twitter:data2\" content=\"1 minuto\" \/>\n<script type=\"application\/ld+json\" class=\"yoast-schema-graph\">{\"@context\":\"https:\\\/\\\/schema.org\",\"@graph\":[{\"@type\":\"Article\",\"@id\":\"https:\\\/\\\/arealorcaradio.es\\\/index.php\\\/2023\\\/03\\\/02\\\/el-concejal-de-turismo-y-vicealcalde-de-lorca-francisco-morales-y-el-alcalde-de-lorca-diego-jose-mateos-obligados-a-dar-explicaciones-sobre-la-suspension-del-acto-de-promocion-de-semana-santa-de-lorca\\\/#article\",\"isPartOf\":{\"@id\":\"https:\\\/\\\/arealorcaradio.es\\\/index.php\\\/2023\\\/03\\\/02\\\/el-concejal-de-turismo-y-vicealcalde-de-lorca-francisco-morales-y-el-alcalde-de-lorca-diego-jose-mateos-obligados-a-dar-explicaciones-sobre-la-suspension-del-acto-de-promocion-de-semana-santa-de-lorca\\\/\"},\"author\":{\"name\":\"Paco S\u00e1nchez\",\"@id\":\"https:\\\/\\\/arealorcaradio.es\\\/#\\\/schema\\\/person\\\/9fae605fc25b0f2c83c1ab207139bd27\"},\"headline\":\"El concejal de Turismo y vicealcalde de Lorca Francisco Morales y el alcalde de Lorca Diego Jos\u00e9 Mateos obligados a dar explicaciones sobre la suspensi\u00f3n del acto de promoci\u00f3n de Semana Santa de Lorca en Madrid\",\"datePublished\":\"2023-03-02T18:27:18+00:00\",\"mainEntityOfPage\":{\"@id\":\"https:\\\/\\\/arealorcaradio.es\\\/index.php\\\/2023\\\/03\\\/02\\\/el-concejal-de-turismo-y-vicealcalde-de-lorca-francisco-morales-y-el-alcalde-de-lorca-diego-jose-mateos-obligados-a-dar-explicaciones-sobre-la-suspension-del-acto-de-promocion-de-semana-santa-de-lorca\\\/\"},\"wordCount\":126,\"commentCount\":0,\"image\":{\"@id\":\"https:\\\/\\\/arealorcaradio.es\\\/index.php\\\/2023\\\/03\\\/02\\\/el-concejal-de-turismo-y-vicealcalde-de-lorca-francisco-morales-y-el-alcalde-de-lorca-diego-jose-mateos-obligados-a-dar-explicaciones-sobre-la-suspension-del-acto-de-promocion-de-semana-santa-de-lorca\\\/#primaryimage\"},\"thumbnailUrl\":\"https:\\\/\\\/arealorcaradio.es\\\/wp-content\\\/uploads\\\/2023\\\/03\\\/Rosa-Maria-Medina-4-scaled.jpg\",\"articleSection\":[\"ACTUALIDAD\",\"LORCA\"],\"inLanguage\":\"es\",\"potentialAction\":[{\"@type\":\"CommentAction\",\"name\":\"Comment\",\"target\":[\"https:\\\/\\\/arealorcaradio.es\\\/index.php\\\/2023\\\/03\\\/02\\\/el-concejal-de-turismo-y-vicealcalde-de-lorca-francisco-morales-y-el-alcalde-de-lorca-diego-jose-mateos-obligados-a-dar-explicaciones-sobre-la-suspension-del-acto-de-promocion-de-semana-santa-de-lorca\\\/#respond\"]}]},{\"@type\":\"WebPage\",\"@id\":\"https:\\\/\\\/arealorcaradio.es\\\/index.php\\\/2023\\\/03\\\/02\\\/el-concejal-de-turismo-y-vicealcalde-de-lorca-francisco-morales-y-el-alcalde-de-lorca-diego-jose-mateos-obligados-a-dar-explicaciones-sobre-la-suspension-del-acto-de-promocion-de-semana-santa-de-lorca\\\/\",\"url\":\"https:\\\/\\\/arealorcaradio.es\\\/index.php\\\/2023\\\/03\\\/02\\\/el-concejal-de-turismo-y-vicealcalde-de-lorca-francisco-morales-y-el-alcalde-de-lorca-diego-jose-mateos-obligados-a-dar-explicaciones-sobre-la-suspension-del-acto-de-promocion-de-semana-santa-de-lorca\\\/\",\"name\":\"El concejal de Turismo y vicealcalde de Lorca Francisco Morales y el alcalde de Lorca Diego Jos\u00e9 Mateos obligados a dar explicaciones sobre la suspensi\u00f3n del acto de promoci\u00f3n de Semana Santa de Lorca en Madrid - AREA LORCA RADIO\",\"isPartOf\":{\"@id\":\"https:\\\/\\\/arealorcaradio.es\\\/#website\"},\"primaryImageOfPage\":{\"@id\":\"https:\\\/\\\/arealorcaradio.es\\\/index.php\\\/2023\\\/03\\\/02\\\/el-concejal-de-turismo-y-vicealcalde-de-lorca-francisco-morales-y-el-alcalde-de-lorca-diego-jose-mateos-obligados-a-dar-explicaciones-sobre-la-suspension-del-acto-de-promocion-de-semana-santa-de-lorca\\\/#primaryimage\"},\"image\":{\"@id\":\"https:\\\/\\\/arealorcaradio.es\\\/index.php\\\/2023\\\/03\\\/02\\\/el-concejal-de-turismo-y-vicealcalde-de-lorca-francisco-morales-y-el-alcalde-de-lorca-diego-jose-mateos-obligados-a-dar-explicaciones-sobre-la-suspension-del-acto-de-promocion-de-semana-santa-de-lorca\\\/#primaryimage\"},\"thumbnailUrl\":\"https:\\\/\\\/arealorcaradio.es\\\/wp-content\\\/uploads\\\/2023\\\/03\\\/Rosa-Maria-Medina-4-scaled.jpg\",\"datePublished\":\"2023-03-02T18:27:18+00:00\",\"author\":{\"@id\":\"https:\\\/\\\/arealorcaradio.es\\\/#\\\/schema\\\/person\\\/9fae605fc25b0f2c83c1ab207139bd27\"},\"breadcrumb\":{\"@id\":\"https:\\\/\\\/arealorcaradio.es\\\/index.php\\\/2023\\\/03\\\/02\\\/el-concejal-de-turismo-y-vicealcalde-de-lorca-francisco-morales-y-el-alcalde-de-lorca-diego-jose-mateos-obligados-a-dar-explicaciones-sobre-la-suspension-del-acto-de-promocion-de-semana-santa-de-lorca\\\/#breadcrumb\"},\"inLanguage\":\"es\",\"potentialAction\":[{\"@type\":\"ReadAction\",\"target\":[\"https:\\\/\\\/arealorcaradio.es\\\/index.php\\\/2023\\\/03\\\/02\\\/el-concejal-de-turismo-y-vicealcalde-de-lorca-francisco-morales-y-el-alcalde-de-lorca-diego-jose-mateos-obligados-a-dar-explicaciones-sobre-la-suspension-del-acto-de-promocion-de-semana-santa-de-lorca\\\/\"]}]},{\"@type\":\"ImageObject\",\"inLanguage\":\"es\",\"@id\":\"https:\\\/\\\/arealorcaradio.es\\\/index.php\\\/2023\\\/03\\\/02\\\/el-concejal-de-turismo-y-vicealcalde-de-lorca-francisco-morales-y-el-alcalde-de-lorca-diego-jose-mateos-obligados-a-dar-explicaciones-sobre-la-suspension-del-acto-de-promocion-de-semana-santa-de-lorca\\\/#primaryimage\",\"url\":\"https:\\\/\\\/arealorcaradio.es\\\/wp-content\\\/uploads\\\/2023\\\/03\\\/Rosa-Maria-Medina-4-scaled.jpg\",\"contentUrl\":\"https:\\\/\\\/arealorcaradio.es\\\/wp-content\\\/uploads\\\/2023\\\/03\\\/Rosa-Maria-Medina-4-scaled.jpg\",\"width\":2560,\"height\":1920},{\"@type\":\"BreadcrumbList\",\"@id\":\"https:\\\/\\\/arealorcaradio.es\\\/index.php\\\/2023\\\/03\\\/02\\\/el-concejal-de-turismo-y-vicealcalde-de-lorca-francisco-morales-y-el-alcalde-de-lorca-diego-jose-mateos-obligados-a-dar-explicaciones-sobre-la-suspension-del-acto-de-promocion-de-semana-santa-de-lorca\\\/#breadcrumb\",\"itemListElement\":[{\"@type\":\"ListItem\",\"position\":1,\"name\":\"Portada\",\"item\":\"https:\\\/\\\/arealorcaradio.es\\\/\"},{\"@type\":\"ListItem\",\"position\":2,\"name\":\"El concejal de Turismo y vicealcalde de Lorca Francisco Morales y el alcalde de Lorca Diego Jos\u00e9 Mateos obligados a dar explicaciones sobre la suspensi\u00f3n del acto de promoci\u00f3n de Semana Santa de Lorca en Madrid\"}]},{\"@type\":\"WebSite\",\"@id\":\"https:\\\/\\\/arealorcaradio.es\\\/#website\",\"url\":\"https:\\\/\\\/arealorcaradio.es\\\/\",\"name\":\"AREA LORCA RADIO\",\"description\":\"Descubre la programaci\u00f3n actual en \u00c1rea Lorca Radio, tu fuente de entrenamiento y noticias locales. Sintoniza ahora y mantente conectado online.\",\"potentialAction\":[{\"@type\":\"SearchAction\",\"target\":{\"@type\":\"EntryPoint\",\"urlTemplate\":\"https:\\\/\\\/arealorcaradio.es\\\/?s={search_term_string}\"},\"query-input\":{\"@type\":\"PropertyValueSpecification\",\"valueRequired\":true,\"valueName\":\"search_term_string\"}}],\"inLanguage\":\"es\"},{\"@type\":\"Person\",\"@id\":\"https:\\\/\\\/arealorcaradio.es\\\/#\\\/schema\\\/person\\\/9fae605fc25b0f2c83c1ab207139bd27\",\"name\":\"Paco S\u00e1nchez\",\"image\":{\"@type\":\"ImageObject\",\"inLanguage\":\"es\",\"@id\":\"https:\\\/\\\/secure.gravatar.com\\\/avatar\\\/d67144e966420fb74aa84c9f2a0103be4724fd14db52b52d3b6bca749f257e79?s=96&d=mm&r=g\",\"url\":\"https:\\\/\\\/secure.gravatar.com\\\/avatar\\\/d67144e966420fb74aa84c9f2a0103be4724fd14db52b52d3b6bca749f257e79?s=96&d=mm&r=g\",\"contentUrl\":\"https:\\\/\\\/secure.gravatar.com\\\/avatar\\\/d67144e966420fb74aa84c9f2a0103be4724fd14db52b52d3b6bca749f257e79?s=96&d=mm&r=g\",\"caption\":\"Paco S\u00e1nchez\"},\"sameAs\":[\"https:\\\/\\\/arealorcaradio.es\"],\"url\":\"https:\\\/\\\/arealorcaradio.es\\\/index.php\\\/author\\\/admin_alorcaradio\\\/\"}]}<\/script>\n<!-- \/ Yoast SEO plugin. -->","yoast_head_json":{"title":"El concejal de Turismo y vicealcalde de Lorca Francisco Morales y el alcalde de Lorca Diego Jos\u00e9 Mateos obligados a dar explicaciones sobre la suspensi\u00f3n del acto de promoci\u00f3n de Semana Santa de Lorca en Madrid - AREA LORCA RADIO","robots":{"index":"index","follow":"follow","max-snippet":"max-snippet:-1","max-image-preview":"max-image-preview:large","max-video-preview":"max-video-preview:-1"},"canonical":"https:\/\/arealorcaradio.es\/index.php\/2023\/03\/02\/el-concejal-de-turismo-y-vicealcalde-de-lorca-francisco-morales-y-el-alcalde-de-lorca-diego-jose-mateos-obligados-a-dar-explicaciones-sobre-la-suspension-del-acto-de-promocion-de-semana-santa-de-lorca\/","og_locale":"es_ES","og_type":"article","og_title":"El concejal de Turismo y vicealcalde de Lorca Francisco Morales y el alcalde de Lorca Diego Jos\u00e9 Mateos obligados a dar explicaciones sobre la suspensi\u00f3n del acto de promoci\u00f3n de Semana Santa de Lorca en Madrid - AREA LORCA RADIO","og_description":"\u00c1REA LORCA RADIO. La Secretaria General del Partido Popular de Lorca, Rosa Mar\u00eda Medina ha exigido responsabilidades y explicaciones convincentes sobre la suspensi\u00f3n de un acto de promoci\u00f3n de la Semana Santa de Lorca en el Circulo de Bellas Artes de Madrid, en el que se deb\u00edan de haber expuesto 24 piezas de las diferentes [&hellip;]","og_url":"https:\/\/arealorcaradio.es\/index.php\/2023\/03\/02\/el-concejal-de-turismo-y-vicealcalde-de-lorca-francisco-morales-y-el-alcalde-de-lorca-diego-jose-mateos-obligados-a-dar-explicaciones-sobre-la-suspension-del-acto-de-promocion-de-semana-santa-de-lorca\/","og_site_name":"AREA LORCA RADIO","article_published_time":"2023-03-02T18:27:18+00:00","og_image":[{"width":2560,"height":1920,"url":"https:\/\/arealorcaradio.es\/wp-content\/uploads\/2023\/03\/Rosa-Maria-Medina-4-scaled.jpg","type":"image\/jpeg"}],"author":"Paco S\u00e1nchez","twitter_card":"summary_large_image","twitter_misc":{"Escrito por":"Paco S\u00e1nchez","Tiempo de lectura":"1 minuto"},"schema":{"@context":"https:\/\/schema.org","@graph":[{"@type":"Article","@id":"https:\/\/arealorcaradio.es\/index.php\/2023\/03\/02\/el-concejal-de-turismo-y-vicealcalde-de-lorca-francisco-morales-y-el-alcalde-de-lorca-diego-jose-mateos-obligados-a-dar-explicaciones-sobre-la-suspension-del-acto-de-promocion-de-semana-santa-de-lorca\/#article","isPartOf":{"@id":"https:\/\/arealorcaradio.es\/index.php\/2023\/03\/02\/el-concejal-de-turismo-y-vicealcalde-de-lorca-francisco-morales-y-el-alcalde-de-lorca-diego-jose-mateos-obligados-a-dar-explicaciones-sobre-la-suspension-del-acto-de-promocion-de-semana-santa-de-lorca\/"},"author":{"name":"Paco S\u00e1nchez","@id":"https:\/\/arealorcaradio.es\/#\/schema\/person\/9fae605fc25b0f2c83c1ab207139bd27"},"headline":"El concejal de Turismo y vicealcalde de Lorca Francisco Morales y el alcalde de Lorca Diego Jos\u00e9 Mateos obligados a dar explicaciones sobre la suspensi\u00f3n del acto de promoci\u00f3n de Semana Santa de Lorca en Madrid","datePublished":"2023-03-02T18:27:18+00:00","mainEntityOfPage":{"@id":"https:\/\/arealorcaradio.es\/index.php\/2023\/03\/02\/el-concejal-de-turismo-y-vicealcalde-de-lorca-francisco-morales-y-el-alcalde-de-lorca-diego-jose-mateos-obligados-a-dar-explicaciones-sobre-la-suspension-del-acto-de-promocion-de-semana-santa-de-lorca\/"},"wordCount":126,"commentCount":0,"image":{"@id":"https:\/\/arealorcaradio.es\/index.php\/2023\/03\/02\/el-concejal-de-turismo-y-vicealcalde-de-lorca-francisco-morales-y-el-alcalde-de-lorca-diego-jose-mateos-obligados-a-dar-explicaciones-sobre-la-suspension-del-acto-de-promocion-de-semana-santa-de-lorca\/#primaryimage"},"thumbnailUrl":"https:\/\/arealorcaradio.es\/wp-content\/uploads\/2023\/03\/Rosa-Maria-Medina-4-scaled.jpg","articleSection":["ACTUALIDAD","LORCA"],"inLanguage":"es","potentialAction":[{"@type":"CommentAction","name":"Comment","target":["https:\/\/arealorcaradio.es\/index.php\/2023\/03\/02\/el-concejal-de-turismo-y-vicealcalde-de-lorca-francisco-morales-y-el-alcalde-de-lorca-diego-jose-mateos-obligados-a-dar-explicaciones-sobre-la-suspension-del-acto-de-promocion-de-semana-santa-de-lorca\/#respond"]}]},{"@type":"WebPage","@id":"https:\/\/arealorcaradio.es\/index.php\/2023\/03\/02\/el-concejal-de-turismo-y-vicealcalde-de-lorca-francisco-morales-y-el-alcalde-de-lorca-diego-jose-mateos-obligados-a-dar-explicaciones-sobre-la-suspension-del-acto-de-promocion-de-semana-santa-de-lorca\/","url":"https:\/\/arealorcaradio.es\/index.php\/2023\/03\/02\/el-concejal-de-turismo-y-vicealcalde-de-lorca-francisco-morales-y-el-alcalde-de-lorca-diego-jose-mateos-obligados-a-dar-explicaciones-sobre-la-suspension-del-acto-de-promocion-de-semana-santa-de-lorca\/","name":"El concejal de Turismo y vicealcalde de Lorca Francisco Morales y el alcalde de Lorca Diego Jos\u00e9 Mateos obligados a dar explicaciones sobre la suspensi\u00f3n del acto de promoci\u00f3n de Semana Santa de Lorca en Madrid - AREA LORCA RADIO","isPartOf":{"@id":"https:\/\/arealorcaradio.es\/#website"},"primaryImageOfPage":{"@id":"https:\/\/arealorcaradio.es\/index.php\/2023\/03\/02\/el-concejal-de-turismo-y-vicealcalde-de-lorca-francisco-morales-y-el-alcalde-de-lorca-diego-jose-mateos-obligados-a-dar-explicaciones-sobre-la-suspension-del-acto-de-promocion-de-semana-santa-de-lorca\/#primaryimage"},"image":{"@id":"https:\/\/arealorcaradio.es\/index.php\/2023\/03\/02\/el-concejal-de-turismo-y-vicealcalde-de-lorca-francisco-morales-y-el-alcalde-de-lorca-diego-jose-mateos-obligados-a-dar-explicaciones-sobre-la-suspension-del-acto-de-promocion-de-semana-santa-de-lorca\/#primaryimage"},"thumbnailUrl":"https:\/\/arealorcaradio.es\/wp-content\/uploads\/2023\/03\/Rosa-Maria-Medina-4-scaled.jpg","datePublished":"2023-03-02T18:27:18+00:00","author":{"@id":"https:\/\/arealorcaradio.es\/#\/schema\/person\/9fae605fc25b0f2c83c1ab207139bd27"},"breadcrumb":{"@id":"https:\/\/arealorcaradio.es\/index.php\/2023\/03\/02\/el-concejal-de-turismo-y-vicealcalde-de-lorca-francisco-morales-y-el-alcalde-de-lorca-diego-jose-mateos-obligados-a-dar-explicaciones-sobre-la-suspension-del-acto-de-promocion-de-semana-santa-de-lorca\/#breadcrumb"},"inLanguage":"es","potentialAction":[{"@type":"ReadAction","target":["https:\/\/arealorcaradio.es\/index.php\/2023\/03\/02\/el-concejal-de-turismo-y-vicealcalde-de-lorca-francisco-morales-y-el-alcalde-de-lorca-diego-jose-mateos-obligados-a-dar-explicaciones-sobre-la-suspension-del-acto-de-promocion-de-semana-santa-de-lorca\/"]}]},{"@type":"ImageObject","inLanguage":"es","@id":"https:\/\/arealorcaradio.es\/index.php\/2023\/03\/02\/el-concejal-de-turismo-y-vicealcalde-de-lorca-francisco-morales-y-el-alcalde-de-lorca-diego-jose-mateos-obligados-a-dar-explicaciones-sobre-la-suspension-del-acto-de-promocion-de-semana-santa-de-lorca\/#primaryimage","url":"https:\/\/arealorcaradio.es\/wp-content\/uploads\/2023\/03\/Rosa-Maria-Medina-4-scaled.jpg","contentUrl":"https:\/\/arealorcaradio.es\/wp-content\/uploads\/2023\/03\/Rosa-Maria-Medina-4-scaled.jpg","width":2560,"height":1920},{"@type":"BreadcrumbList","@id":"https:\/\/arealorcaradio.es\/index.php\/2023\/03\/02\/el-concejal-de-turismo-y-vicealcalde-de-lorca-francisco-morales-y-el-alcalde-de-lorca-diego-jose-mateos-obligados-a-dar-explicaciones-sobre-la-suspension-del-acto-de-promocion-de-semana-santa-de-lorca\/#breadcrumb","itemListElement":[{"@type":"ListItem","position":1,"name":"Portada","item":"https:\/\/arealorcaradio.es\/"},{"@type":"ListItem","position":2,"name":"El concejal de Turismo y vicealcalde de Lorca Francisco Morales y el alcalde de Lorca Diego Jos\u00e9 Mateos obligados a dar explicaciones sobre la suspensi\u00f3n del acto de promoci\u00f3n de Semana Santa de Lorca en Madrid"}]},{"@type":"WebSite","@id":"https:\/\/arealorcaradio.es\/#website","url":"https:\/\/arealorcaradio.es\/","name":"AREA LORCA RADIO","description":"Descubre la programaci\u00f3n actual en \u00c1rea Lorca Radio, tu fuente de entrenamiento y noticias locales. Sintoniza ahora y mantente conectado online.","potentialAction":[{"@type":"SearchAction","target":{"@type":"EntryPoint","urlTemplate":"https:\/\/arealorcaradio.es\/?s={search_term_string}"},"query-input":{"@type":"PropertyValueSpecification","valueRequired":true,"valueName":"search_term_string"}}],"inLanguage":"es"},{"@type":"Person","@id":"https:\/\/arealorcaradio.es\/#\/schema\/person\/9fae605fc25b0f2c83c1ab207139bd27","name":"Paco S\u00e1nchez","image":{"@type":"ImageObject","inLanguage":"es","@id":"https:\/\/secure.gravatar.com\/avatar\/d67144e966420fb74aa84c9f2a0103be4724fd14db52b52d3b6bca749f257e79?s=96&d=mm&r=g","url":"https:\/\/secure.gravatar.com\/avatar\/d67144e966420fb74aa84c9f2a0103be4724fd14db52b52d3b6bca749f257e79?s=96&d=mm&r=g","contentUrl":"https:\/\/secure.gravatar.com\/avatar\/d67144e966420fb74aa84c9f2a0103be4724fd14db52b52d3b6bca749f257e79?s=96&d=mm&r=g","caption":"Paco S\u00e1nchez"},"sameAs":["https:\/\/arealorcaradio.es"],"url":"https:\/\/arealorcaradio.es\/index.php\/author\/admin_alorcaradio\/"}]}},"_links":{"self":[{"href":"https:\/\/arealorcaradio.es\/index.php\/wp-json\/wp\/v2\/posts\/206","targetHints":{"allow":["GET"]}}],"collection":[{"href":"https:\/\/arealorcaradio.es\/index.php\/wp-json\/wp\/v2\/posts"}],"about":[{"href":"https:\/\/arealorcaradio.es\/index.php\/wp-json\/wp\/v2\/types\/post"}],"author":[{"embeddable":true,"href":"https:\/\/arealorcaradio.es\/index.php\/wp-json\/wp\/v2\/users\/1"}],"replies":[{"embeddable":true,"href":"https:\/\/arealorcaradio.es\/index.php\/wp-json\/wp\/v2\/comments?post=206"}],"version-history":[{"count":2,"href":"https:\/\/arealorcaradio.es\/index.php\/wp-json\/wp\/v2\/posts\/206\/revisions"}],"predecessor-version":[{"id":212,"href":"https:\/\/arealorcaradio.es\/index.php\/wp-json\/wp\/v2\/posts\/206\/revisions\/212"}],"wp:featuredmedia":[{"embeddable":true,"href":"https:\/\/arealorcaradio.es\/index.php\/wp-json\/wp\/v2\/media\/211"}],"wp:attachment":[{"href":"https:\/\/arealorcaradio.es\/index.php\/wp-json\/wp\/v2\/media?parent=206"}],"wp:term":[{"taxonomy":"category","embeddable":true,"href":"https:\/\/arealorcaradio.es\/index.php\/wp-json\/wp\/v2\/categories?post=206"},{"taxonomy":"post_tag","embeddable":true,"href":"https:\/\/arealorcaradio.es\/index.php\/wp-json\/wp\/v2\/tags?post=206"}],"curies":[{"name":"wp","href":"https:\/\/api.w.org\/{rel}","templated":true}]}}