{"id":2057,"date":"2023-11-30T18:50:40","date_gmt":"2023-11-30T18:50:40","guid":{"rendered":"https:\/\/arealorcaradio.es\/?p=2057"},"modified":"2023-11-30T18:50:40","modified_gmt":"2023-11-30T18:50:40","slug":"la-asociacion-belenista-de-lorca-pone-en-marcha-una-decena-de-actividades-para-celebrar-la-navidad","status":"publish","type":"post","link":"https:\/\/arealorcaradio.es\/index.php\/2023\/11\/30\/la-asociacion-belenista-de-lorca-pone-en-marcha-una-decena-de-actividades-para-celebrar-la-navidad\/","title":{"rendered":"La Asociaci\u00f3n Belenista de Lorca pone en marcha una decena de actividades para celebrar la Navidad"},"content":{"rendered":"<p>\u00c1REA LORCA RADIO.<\/p>\n<p>Escucha aqu\u00ed la entrevista que ha concedido a Paco S\u00e1nchez el presidente de la Asociaci\u00f3n Belenista de Lorca, Miguel \u00c1ngel Hern\u00e1ndez, qui\u00e9n cuenta con detalle el amplio abanico de actividades que ponen en marcha para esta Navidad.<\/p>\n<audio class=\"wp-audio-shortcode\" id=\"audio-2057-1\" preload=\"none\" style=\"width: 100%;\" controls=\"controls\"><source type=\"audio\/mpeg\" src=\"https:\/\/arealorcaradio.es\/wp-content\/uploads\/2023\/11\/301123-MIGUEL-ANGEL-HERNANDEZ.-PTE.-BELENISTA.mp3?_=1\" \/><a href=\"https:\/\/arealorcaradio.es\/wp-content\/uploads\/2023\/11\/301123-MIGUEL-ANGEL-HERNANDEZ.-PTE.-BELENISTA.mp3\">https:\/\/arealorcaradio.es\/wp-content\/uploads\/2023\/11\/301123-MIGUEL-ANGEL-HERNANDEZ.-PTE.-BELENISTA.mp3<\/a><\/audio>\n<p><img loading=\"lazy\" decoding=\"async\" class=\"alignnone size-medium wp-image-2059\" src=\"https:\/\/arealorcaradio.es\/wp-content\/uploads\/2023\/11\/20231130_105629-scaled-300x225.jpg\" alt=\"\" width=\"300\" height=\"225\" srcset=\"https:\/\/arealorcaradio.es\/wp-content\/uploads\/2023\/11\/20231130_105629-scaled-300x225.jpg 300w, https:\/\/arealorcaradio.es\/wp-content\/uploads\/2023\/11\/20231130_105629-scaled-1024x768.jpg 1024w, https:\/\/arealorcaradio.es\/wp-content\/uploads\/2023\/11\/20231130_105629-scaled-768x576.jpg 768w, https:\/\/arealorcaradio.es\/wp-content\/uploads\/2023\/11\/20231130_105629-scaled-1536x1152.jpg 1536w, https:\/\/arealorcaradio.es\/wp-content\/uploads\/2023\/11\/20231130_105629-scaled-2048x1536.jpg 2048w, https:\/\/arealorcaradio.es\/wp-content\/uploads\/2023\/11\/20231130_105629-scaled-86x64.jpg 86w\" sizes=\"auto, (max-width: 300px) 100vw, 300px\" \/> <img loading=\"lazy\" decoding=\"async\" class=\"alignnone size-medium wp-image-2061\" src=\"https:\/\/arealorcaradio.es\/wp-content\/uploads\/2023\/11\/20231130_175945-300x225.jpg\" alt=\"\" width=\"300\" height=\"225\" srcset=\"https:\/\/arealorcaradio.es\/wp-content\/uploads\/2023\/11\/20231130_175945-300x225.jpg 300w, https:\/\/arealorcaradio.es\/wp-content\/uploads\/2023\/11\/20231130_175945-1024x768.jpg 1024w, https:\/\/arealorcaradio.es\/wp-content\/uploads\/2023\/11\/20231130_175945-768x576.jpg 768w, https:\/\/arealorcaradio.es\/wp-content\/uploads\/2023\/11\/20231130_175945-1536x1152.jpg 1536w, https:\/\/arealorcaradio.es\/wp-content\/uploads\/2023\/11\/20231130_175945-2048x1536.jpg 2048w, https:\/\/arealorcaradio.es\/wp-content\/uploads\/2023\/11\/20231130_175945-86x64.jpg 86w\" sizes=\"auto, (max-width: 300px) 100vw, 300px\" \/> <img loading=\"lazy\" decoding=\"async\" class=\"alignnone size-medium wp-image-2062\" src=\"https:\/\/arealorcaradio.es\/wp-content\/uploads\/2023\/11\/20231130_175931-300x225.jpg\" alt=\"\" width=\"300\" height=\"225\" srcset=\"https:\/\/arealorcaradio.es\/wp-content\/uploads\/2023\/11\/20231130_175931-300x225.jpg 300w, https:\/\/arealorcaradio.es\/wp-content\/uploads\/2023\/11\/20231130_175931-1024x768.jpg 1024w, https:\/\/arealorcaradio.es\/wp-content\/uploads\/2023\/11\/20231130_175931-768x576.jpg 768w, https:\/\/arealorcaradio.es\/wp-content\/uploads\/2023\/11\/20231130_175931-1536x1152.jpg 1536w, https:\/\/arealorcaradio.es\/wp-content\/uploads\/2023\/11\/20231130_175931-2048x1536.jpg 2048w, https:\/\/arealorcaradio.es\/wp-content\/uploads\/2023\/11\/20231130_175931-86x64.jpg 86w\" sizes=\"auto, (max-width: 300px) 100vw, 300px\" \/> <img loading=\"lazy\" decoding=\"async\" class=\"alignnone size-medium wp-image-2063\" src=\"https:\/\/arealorcaradio.es\/wp-content\/uploads\/2023\/11\/20231130_105635-300x225.jpg\" alt=\"\" width=\"300\" height=\"225\" srcset=\"https:\/\/arealorcaradio.es\/wp-content\/uploads\/2023\/11\/20231130_105635-300x225.jpg 300w, https:\/\/arealorcaradio.es\/wp-content\/uploads\/2023\/11\/20231130_105635-1024x768.jpg 1024w, https:\/\/arealorcaradio.es\/wp-content\/uploads\/2023\/11\/20231130_105635-768x576.jpg 768w, https:\/\/arealorcaradio.es\/wp-content\/uploads\/2023\/11\/20231130_105635-1536x1152.jpg 1536w, https:\/\/arealorcaradio.es\/wp-content\/uploads\/2023\/11\/20231130_105635-2048x1536.jpg 2048w, https:\/\/arealorcaradio.es\/wp-content\/uploads\/2023\/11\/20231130_105635-86x64.jpg 86w\" sizes=\"auto, (max-width: 300px) 100vw, 300px\" \/><img loading=\"lazy\" decoding=\"async\" class=\"alignnone size-medium wp-image-2064\" src=\"https:\/\/arealorcaradio.es\/wp-content\/uploads\/2023\/11\/IMG-20231130-WA0007-300x200.jpg\" alt=\"\" width=\"300\" height=\"200\" srcset=\"https:\/\/arealorcaradio.es\/wp-content\/uploads\/2023\/11\/IMG-20231130-WA0007-300x200.jpg 300w, https:\/\/arealorcaradio.es\/wp-content\/uploads\/2023\/11\/IMG-20231130-WA0007-1024x682.jpg 1024w, https:\/\/arealorcaradio.es\/wp-content\/uploads\/2023\/11\/IMG-20231130-WA0007-768x512.jpg 768w, https:\/\/arealorcaradio.es\/wp-content\/uploads\/2023\/11\/IMG-20231130-WA0007-1536x1023.jpg 1536w, https:\/\/arealorcaradio.es\/wp-content\/uploads\/2023\/11\/IMG-20231130-WA0007.jpg 1600w\" sizes=\"auto, (max-width: 300px) 100vw, 300px\" \/><\/p>\n","protected":false},"excerpt":{"rendered":"<p>\u00c1REA LORCA RADIO. Escucha aqu\u00ed la entrevista que ha concedido a Paco S\u00e1nchez el presidente de la Asociaci\u00f3n Belenista de Lorca, Miguel \u00c1ngel Hern\u00e1ndez, qui\u00e9n cuenta con detalle el amplio abanico de actividades que ponen en marcha para esta Navidad.<\/p>\n","protected":false},"author":1,"featured_media":2059,"comment_status":"open","ping_status":"open","sticky":false,"template":"","format":"standard","meta":{"iawp_total_views":3,"footnotes":""},"categories":[5,7],"tags":[],"class_list":["post-2057","post","type-post","status-publish","format-standard","has-post-thumbnail","hentry","category-actualidad","category-lorca"],"yoast_head":"<!-- This site is optimized with the Yoast SEO plugin v27.5 - https:\/\/yoast.com\/product\/yoast-seo-wordpress\/ -->\n<title>La Asociaci\u00f3n Belenista de Lorca pone en marcha una decena de actividades para celebrar la Navidad - AREA LORCA RADIO<\/title>\n<meta name=\"robots\" content=\"index, follow, max-snippet:-1, max-image-preview:large, max-video-preview:-1\" \/>\n<link rel=\"canonical\" href=\"https:\/\/arealorcaradio.es\/index.php\/2023\/11\/30\/la-asociacion-belenista-de-lorca-pone-en-marcha-una-decena-de-actividades-para-celebrar-la-navidad\/\" \/>\n<meta property=\"og:locale\" content=\"es_ES\" \/>\n<meta property=\"og:type\" content=\"article\" \/>\n<meta property=\"og:title\" content=\"La Asociaci\u00f3n Belenista de Lorca pone en marcha una decena de actividades para celebrar la Navidad - AREA LORCA RADIO\" \/>\n<meta property=\"og:description\" content=\"\u00c1REA LORCA RADIO. Escucha aqu\u00ed la entrevista que ha concedido a Paco S\u00e1nchez el presidente de la Asociaci\u00f3n Belenista de Lorca, Miguel \u00c1ngel Hern\u00e1ndez, qui\u00e9n cuenta con detalle el amplio abanico de actividades que ponen en marcha para esta Navidad.\" \/>\n<meta property=\"og:url\" content=\"https:\/\/arealorcaradio.es\/index.php\/2023\/11\/30\/la-asociacion-belenista-de-lorca-pone-en-marcha-una-decena-de-actividades-para-celebrar-la-navidad\/\" \/>\n<meta property=\"og:site_name\" content=\"AREA LORCA RADIO\" \/>\n<meta property=\"article:published_time\" content=\"2023-11-30T18:50:40+00:00\" \/>\n<meta property=\"og:image\" content=\"https:\/\/arealorcaradio.es\/wp-content\/uploads\/2023\/11\/20231130_105629-scaled.jpg\" \/>\n\t<meta property=\"og:image:width\" content=\"2560\" \/>\n\t<meta property=\"og:image:height\" content=\"1920\" \/>\n\t<meta property=\"og:image:type\" content=\"image\/jpeg\" \/>\n<meta name=\"author\" content=\"Paco S\u00e1nchez\" \/>\n<meta name=\"twitter:card\" content=\"summary_large_image\" \/>\n<meta name=\"twitter:label1\" content=\"Escrito por\" \/>\n\t<meta name=\"twitter:data1\" content=\"Paco S\u00e1nchez\" \/>\n\t<meta name=\"twitter:label2\" content=\"Tiempo de lectura\" \/>\n\t<meta name=\"twitter:data2\" content=\"2 minutos\" \/>\n<script type=\"application\/ld+json\" class=\"yoast-schema-graph\">{\"@context\":\"https:\\\/\\\/schema.org\",\"@graph\":[{\"@type\":\"Article\",\"@id\":\"https:\\\/\\\/arealorcaradio.es\\\/index.php\\\/2023\\\/11\\\/30\\\/la-asociacion-belenista-de-lorca-pone-en-marcha-una-decena-de-actividades-para-celebrar-la-navidad\\\/#article\",\"isPartOf\":{\"@id\":\"https:\\\/\\\/arealorcaradio.es\\\/index.php\\\/2023\\\/11\\\/30\\\/la-asociacion-belenista-de-lorca-pone-en-marcha-una-decena-de-actividades-para-celebrar-la-navidad\\\/\"},\"author\":{\"name\":\"Paco S\u00e1nchez\",\"@id\":\"https:\\\/\\\/arealorcaradio.es\\\/#\\\/schema\\\/person\\\/9fae605fc25b0f2c83c1ab207139bd27\"},\"headline\":\"La Asociaci\u00f3n Belenista de Lorca pone en marcha una decena de actividades para celebrar la Navidad\",\"datePublished\":\"2023-11-30T18:50:40+00:00\",\"mainEntityOfPage\":{\"@id\":\"https:\\\/\\\/arealorcaradio.es\\\/index.php\\\/2023\\\/11\\\/30\\\/la-asociacion-belenista-de-lorca-pone-en-marcha-una-decena-de-actividades-para-celebrar-la-navidad\\\/\"},\"wordCount\":73,\"commentCount\":0,\"image\":{\"@id\":\"https:\\\/\\\/arealorcaradio.es\\\/index.php\\\/2023\\\/11\\\/30\\\/la-asociacion-belenista-de-lorca-pone-en-marcha-una-decena-de-actividades-para-celebrar-la-navidad\\\/#primaryimage\"},\"thumbnailUrl\":\"https:\\\/\\\/arealorcaradio.es\\\/wp-content\\\/uploads\\\/2023\\\/11\\\/20231130_105629-scaled.jpg\",\"articleSection\":[\"ACTUALIDAD\",\"LORCA\"],\"inLanguage\":\"es\",\"potentialAction\":[{\"@type\":\"CommentAction\",\"name\":\"Comment\",\"target\":[\"https:\\\/\\\/arealorcaradio.es\\\/index.php\\\/2023\\\/11\\\/30\\\/la-asociacion-belenista-de-lorca-pone-en-marcha-una-decena-de-actividades-para-celebrar-la-navidad\\\/#respond\"]}]},{\"@type\":\"WebPage\",\"@id\":\"https:\\\/\\\/arealorcaradio.es\\\/index.php\\\/2023\\\/11\\\/30\\\/la-asociacion-belenista-de-lorca-pone-en-marcha-una-decena-de-actividades-para-celebrar-la-navidad\\\/\",\"url\":\"https:\\\/\\\/arealorcaradio.es\\\/index.php\\\/2023\\\/11\\\/30\\\/la-asociacion-belenista-de-lorca-pone-en-marcha-una-decena-de-actividades-para-celebrar-la-navidad\\\/\",\"name\":\"La Asociaci\u00f3n Belenista de Lorca pone en marcha una decena de actividades para celebrar la Navidad - AREA LORCA RADIO\",\"isPartOf\":{\"@id\":\"https:\\\/\\\/arealorcaradio.es\\\/#website\"},\"primaryImageOfPage\":{\"@id\":\"https:\\\/\\\/arealorcaradio.es\\\/index.php\\\/2023\\\/11\\\/30\\\/la-asociacion-belenista-de-lorca-pone-en-marcha-una-decena-de-actividades-para-celebrar-la-navidad\\\/#primaryimage\"},\"image\":{\"@id\":\"https:\\\/\\\/arealorcaradio.es\\\/index.php\\\/2023\\\/11\\\/30\\\/la-asociacion-belenista-de-lorca-pone-en-marcha-una-decena-de-actividades-para-celebrar-la-navidad\\\/#primaryimage\"},\"thumbnailUrl\":\"https:\\\/\\\/arealorcaradio.es\\\/wp-content\\\/uploads\\\/2023\\\/11\\\/20231130_105629-scaled.jpg\",\"datePublished\":\"2023-11-30T18:50:40+00:00\",\"author\":{\"@id\":\"https:\\\/\\\/arealorcaradio.es\\\/#\\\/schema\\\/person\\\/9fae605fc25b0f2c83c1ab207139bd27\"},\"breadcrumb\":{\"@id\":\"https:\\\/\\\/arealorcaradio.es\\\/index.php\\\/2023\\\/11\\\/30\\\/la-asociacion-belenista-de-lorca-pone-en-marcha-una-decena-de-actividades-para-celebrar-la-navidad\\\/#breadcrumb\"},\"inLanguage\":\"es\",\"potentialAction\":[{\"@type\":\"ReadAction\",\"target\":[\"https:\\\/\\\/arealorcaradio.es\\\/index.php\\\/2023\\\/11\\\/30\\\/la-asociacion-belenista-de-lorca-pone-en-marcha-una-decena-de-actividades-para-celebrar-la-navidad\\\/\"]}]},{\"@type\":\"ImageObject\",\"inLanguage\":\"es\",\"@id\":\"https:\\\/\\\/arealorcaradio.es\\\/index.php\\\/2023\\\/11\\\/30\\\/la-asociacion-belenista-de-lorca-pone-en-marcha-una-decena-de-actividades-para-celebrar-la-navidad\\\/#primaryimage\",\"url\":\"https:\\\/\\\/arealorcaradio.es\\\/wp-content\\\/uploads\\\/2023\\\/11\\\/20231130_105629-scaled.jpg\",\"contentUrl\":\"https:\\\/\\\/arealorcaradio.es\\\/wp-content\\\/uploads\\\/2023\\\/11\\\/20231130_105629-scaled.jpg\",\"width\":2560,\"height\":1920},{\"@type\":\"BreadcrumbList\",\"@id\":\"https:\\\/\\\/arealorcaradio.es\\\/index.php\\\/2023\\\/11\\\/30\\\/la-asociacion-belenista-de-lorca-pone-en-marcha-una-decena-de-actividades-para-celebrar-la-navidad\\\/#breadcrumb\",\"itemListElement\":[{\"@type\":\"ListItem\",\"position\":1,\"name\":\"Portada\",\"item\":\"https:\\\/\\\/arealorcaradio.es\\\/\"},{\"@type\":\"ListItem\",\"position\":2,\"name\":\"La Asociaci\u00f3n Belenista de Lorca pone en marcha una decena de actividades para celebrar la Navidad\"}]},{\"@type\":\"WebSite\",\"@id\":\"https:\\\/\\\/arealorcaradio.es\\\/#website\",\"url\":\"https:\\\/\\\/arealorcaradio.es\\\/\",\"name\":\"AREA LORCA RADIO\",\"description\":\"Descubre la programaci\u00f3n actual en \u00c1rea Lorca Radio, tu fuente de entrenamiento y noticias locales. Sintoniza ahora y mantente conectado online.\",\"potentialAction\":[{\"@type\":\"SearchAction\",\"target\":{\"@type\":\"EntryPoint\",\"urlTemplate\":\"https:\\\/\\\/arealorcaradio.es\\\/?s={search_term_string}\"},\"query-input\":{\"@type\":\"PropertyValueSpecification\",\"valueRequired\":true,\"valueName\":\"search_term_string\"}}],\"inLanguage\":\"es\"},{\"@type\":\"Person\",\"@id\":\"https:\\\/\\\/arealorcaradio.es\\\/#\\\/schema\\\/person\\\/9fae605fc25b0f2c83c1ab207139bd27\",\"name\":\"Paco S\u00e1nchez\",\"image\":{\"@type\":\"ImageObject\",\"inLanguage\":\"es\",\"@id\":\"https:\\\/\\\/secure.gravatar.com\\\/avatar\\\/d67144e966420fb74aa84c9f2a0103be4724fd14db52b52d3b6bca749f257e79?s=96&d=mm&r=g\",\"url\":\"https:\\\/\\\/secure.gravatar.com\\\/avatar\\\/d67144e966420fb74aa84c9f2a0103be4724fd14db52b52d3b6bca749f257e79?s=96&d=mm&r=g\",\"contentUrl\":\"https:\\\/\\\/secure.gravatar.com\\\/avatar\\\/d67144e966420fb74aa84c9f2a0103be4724fd14db52b52d3b6bca749f257e79?s=96&d=mm&r=g\",\"caption\":\"Paco S\u00e1nchez\"},\"sameAs\":[\"https:\\\/\\\/arealorcaradio.es\"],\"url\":\"https:\\\/\\\/arealorcaradio.es\\\/index.php\\\/author\\\/admin_alorcaradio\\\/\"}]}<\/script>\n<!-- \/ Yoast SEO plugin. -->","yoast_head_json":{"title":"La Asociaci\u00f3n Belenista de Lorca pone en marcha una decena de actividades para celebrar la Navidad - AREA LORCA RADIO","robots":{"index":"index","follow":"follow","max-snippet":"max-snippet:-1","max-image-preview":"max-image-preview:large","max-video-preview":"max-video-preview:-1"},"canonical":"https:\/\/arealorcaradio.es\/index.php\/2023\/11\/30\/la-asociacion-belenista-de-lorca-pone-en-marcha-una-decena-de-actividades-para-celebrar-la-navidad\/","og_locale":"es_ES","og_type":"article","og_title":"La Asociaci\u00f3n Belenista de Lorca pone en marcha una decena de actividades para celebrar la Navidad - AREA LORCA RADIO","og_description":"\u00c1REA LORCA RADIO. Escucha aqu\u00ed la entrevista que ha concedido a Paco S\u00e1nchez el presidente de la Asociaci\u00f3n Belenista de Lorca, Miguel \u00c1ngel Hern\u00e1ndez, qui\u00e9n cuenta con detalle el amplio abanico de actividades que ponen en marcha para esta Navidad.","og_url":"https:\/\/arealorcaradio.es\/index.php\/2023\/11\/30\/la-asociacion-belenista-de-lorca-pone-en-marcha-una-decena-de-actividades-para-celebrar-la-navidad\/","og_site_name":"AREA LORCA RADIO","article_published_time":"2023-11-30T18:50:40+00:00","og_image":[{"width":2560,"height":1920,"url":"https:\/\/arealorcaradio.es\/wp-content\/uploads\/2023\/11\/20231130_105629-scaled.jpg","type":"image\/jpeg"}],"author":"Paco S\u00e1nchez","twitter_card":"summary_large_image","twitter_misc":{"Escrito por":"Paco S\u00e1nchez","Tiempo de lectura":"2 minutos"},"schema":{"@context":"https:\/\/schema.org","@graph":[{"@type":"Article","@id":"https:\/\/arealorcaradio.es\/index.php\/2023\/11\/30\/la-asociacion-belenista-de-lorca-pone-en-marcha-una-decena-de-actividades-para-celebrar-la-navidad\/#article","isPartOf":{"@id":"https:\/\/arealorcaradio.es\/index.php\/2023\/11\/30\/la-asociacion-belenista-de-lorca-pone-en-marcha-una-decena-de-actividades-para-celebrar-la-navidad\/"},"author":{"name":"Paco S\u00e1nchez","@id":"https:\/\/arealorcaradio.es\/#\/schema\/person\/9fae605fc25b0f2c83c1ab207139bd27"},"headline":"La Asociaci\u00f3n Belenista de Lorca pone en marcha una decena de actividades para celebrar la Navidad","datePublished":"2023-11-30T18:50:40+00:00","mainEntityOfPage":{"@id":"https:\/\/arealorcaradio.es\/index.php\/2023\/11\/30\/la-asociacion-belenista-de-lorca-pone-en-marcha-una-decena-de-actividades-para-celebrar-la-navidad\/"},"wordCount":73,"commentCount":0,"image":{"@id":"https:\/\/arealorcaradio.es\/index.php\/2023\/11\/30\/la-asociacion-belenista-de-lorca-pone-en-marcha-una-decena-de-actividades-para-celebrar-la-navidad\/#primaryimage"},"thumbnailUrl":"https:\/\/arealorcaradio.es\/wp-content\/uploads\/2023\/11\/20231130_105629-scaled.jpg","articleSection":["ACTUALIDAD","LORCA"],"inLanguage":"es","potentialAction":[{"@type":"CommentAction","name":"Comment","target":["https:\/\/arealorcaradio.es\/index.php\/2023\/11\/30\/la-asociacion-belenista-de-lorca-pone-en-marcha-una-decena-de-actividades-para-celebrar-la-navidad\/#respond"]}]},{"@type":"WebPage","@id":"https:\/\/arealorcaradio.es\/index.php\/2023\/11\/30\/la-asociacion-belenista-de-lorca-pone-en-marcha-una-decena-de-actividades-para-celebrar-la-navidad\/","url":"https:\/\/arealorcaradio.es\/index.php\/2023\/11\/30\/la-asociacion-belenista-de-lorca-pone-en-marcha-una-decena-de-actividades-para-celebrar-la-navidad\/","name":"La Asociaci\u00f3n Belenista de Lorca pone en marcha una decena de actividades para celebrar la Navidad - AREA LORCA RADIO","isPartOf":{"@id":"https:\/\/arealorcaradio.es\/#website"},"primaryImageOfPage":{"@id":"https:\/\/arealorcaradio.es\/index.php\/2023\/11\/30\/la-asociacion-belenista-de-lorca-pone-en-marcha-una-decena-de-actividades-para-celebrar-la-navidad\/#primaryimage"},"image":{"@id":"https:\/\/arealorcaradio.es\/index.php\/2023\/11\/30\/la-asociacion-belenista-de-lorca-pone-en-marcha-una-decena-de-actividades-para-celebrar-la-navidad\/#primaryimage"},"thumbnailUrl":"https:\/\/arealorcaradio.es\/wp-content\/uploads\/2023\/11\/20231130_105629-scaled.jpg","datePublished":"2023-11-30T18:50:40+00:00","author":{"@id":"https:\/\/arealorcaradio.es\/#\/schema\/person\/9fae605fc25b0f2c83c1ab207139bd27"},"breadcrumb":{"@id":"https:\/\/arealorcaradio.es\/index.php\/2023\/11\/30\/la-asociacion-belenista-de-lorca-pone-en-marcha-una-decena-de-actividades-para-celebrar-la-navidad\/#breadcrumb"},"inLanguage":"es","potentialAction":[{"@type":"ReadAction","target":["https:\/\/arealorcaradio.es\/index.php\/2023\/11\/30\/la-asociacion-belenista-de-lorca-pone-en-marcha-una-decena-de-actividades-para-celebrar-la-navidad\/"]}]},{"@type":"ImageObject","inLanguage":"es","@id":"https:\/\/arealorcaradio.es\/index.php\/2023\/11\/30\/la-asociacion-belenista-de-lorca-pone-en-marcha-una-decena-de-actividades-para-celebrar-la-navidad\/#primaryimage","url":"https:\/\/arealorcaradio.es\/wp-content\/uploads\/2023\/11\/20231130_105629-scaled.jpg","contentUrl":"https:\/\/arealorcaradio.es\/wp-content\/uploads\/2023\/11\/20231130_105629-scaled.jpg","width":2560,"height":1920},{"@type":"BreadcrumbList","@id":"https:\/\/arealorcaradio.es\/index.php\/2023\/11\/30\/la-asociacion-belenista-de-lorca-pone-en-marcha-una-decena-de-actividades-para-celebrar-la-navidad\/#breadcrumb","itemListElement":[{"@type":"ListItem","position":1,"name":"Portada","item":"https:\/\/arealorcaradio.es\/"},{"@type":"ListItem","position":2,"name":"La Asociaci\u00f3n Belenista de Lorca pone en marcha una decena de actividades para celebrar la Navidad"}]},{"@type":"WebSite","@id":"https:\/\/arealorcaradio.es\/#website","url":"https:\/\/arealorcaradio.es\/","name":"AREA LORCA RADIO","description":"Descubre la programaci\u00f3n actual en \u00c1rea Lorca Radio, tu fuente de entrenamiento y noticias locales. Sintoniza ahora y mantente conectado online.","potentialAction":[{"@type":"SearchAction","target":{"@type":"EntryPoint","urlTemplate":"https:\/\/arealorcaradio.es\/?s={search_term_string}"},"query-input":{"@type":"PropertyValueSpecification","valueRequired":true,"valueName":"search_term_string"}}],"inLanguage":"es"},{"@type":"Person","@id":"https:\/\/arealorcaradio.es\/#\/schema\/person\/9fae605fc25b0f2c83c1ab207139bd27","name":"Paco S\u00e1nchez","image":{"@type":"ImageObject","inLanguage":"es","@id":"https:\/\/secure.gravatar.com\/avatar\/d67144e966420fb74aa84c9f2a0103be4724fd14db52b52d3b6bca749f257e79?s=96&d=mm&r=g","url":"https:\/\/secure.gravatar.com\/avatar\/d67144e966420fb74aa84c9f2a0103be4724fd14db52b52d3b6bca749f257e79?s=96&d=mm&r=g","contentUrl":"https:\/\/secure.gravatar.com\/avatar\/d67144e966420fb74aa84c9f2a0103be4724fd14db52b52d3b6bca749f257e79?s=96&d=mm&r=g","caption":"Paco S\u00e1nchez"},"sameAs":["https:\/\/arealorcaradio.es"],"url":"https:\/\/arealorcaradio.es\/index.php\/author\/admin_alorcaradio\/"}]}},"_links":{"self":[{"href":"https:\/\/arealorcaradio.es\/index.php\/wp-json\/wp\/v2\/posts\/2057","targetHints":{"allow":["GET"]}}],"collection":[{"href":"https:\/\/arealorcaradio.es\/index.php\/wp-json\/wp\/v2\/posts"}],"about":[{"href":"https:\/\/arealorcaradio.es\/index.php\/wp-json\/wp\/v2\/types\/post"}],"author":[{"embeddable":true,"href":"https:\/\/arealorcaradio.es\/index.php\/wp-json\/wp\/v2\/users\/1"}],"replies":[{"embeddable":true,"href":"https:\/\/arealorcaradio.es\/index.php\/wp-json\/wp\/v2\/comments?post=2057"}],"version-history":[{"count":2,"href":"https:\/\/arealorcaradio.es\/index.php\/wp-json\/wp\/v2\/posts\/2057\/revisions"}],"predecessor-version":[{"id":2065,"href":"https:\/\/arealorcaradio.es\/index.php\/wp-json\/wp\/v2\/posts\/2057\/revisions\/2065"}],"wp:featuredmedia":[{"embeddable":true,"href":"https:\/\/arealorcaradio.es\/index.php\/wp-json\/wp\/v2\/media\/2059"}],"wp:attachment":[{"href":"https:\/\/arealorcaradio.es\/index.php\/wp-json\/wp\/v2\/media?parent=2057"}],"wp:term":[{"taxonomy":"category","embeddable":true,"href":"https:\/\/arealorcaradio.es\/index.php\/wp-json\/wp\/v2\/categories?post=2057"},{"taxonomy":"post_tag","embeddable":true,"href":"https:\/\/arealorcaradio.es\/index.php\/wp-json\/wp\/v2\/tags?post=2057"}],"curies":[{"name":"wp","href":"https:\/\/api.w.org\/{rel}","templated":true}]}}