{"id":2051,"date":"2023-11-30T18:50:17","date_gmt":"2023-11-30T18:50:17","guid":{"rendered":"https:\/\/arealorcaradio.es\/?p=2051"},"modified":"2023-11-30T20:18:12","modified_gmt":"2023-11-30T20:18:12","slug":"jorge-marti-cantante-guitarrista-y-lider-del-grupo-la-habitacion-roja-presenta-en-lorca-su-documental-en-medio-de-la-nada","status":"publish","type":"post","link":"https:\/\/arealorcaradio.es\/index.php\/2023\/11\/30\/jorge-marti-cantante-guitarrista-y-lider-del-grupo-la-habitacion-roja-presenta-en-lorca-su-documental-en-medio-de-la-nada\/","title":{"rendered":"Jorge Mart\u00ed, cantante, guitarrista y l\u00edder del grupo La Habitaci\u00f3n Roja, presenta en Lorca su documental \u00abEn medio de la nada\u00bb"},"content":{"rendered":"<p>&nbsp;<\/p>\n<p>\u00c1REA LORCA RADIO.<\/p>\n<p>Escucha aqu\u00ed la entrevista que ha concedido a Paco S\u00e1nchez en el magazine \u00c1rea Lorca Actualidad, el vicepresidente del Cineclub Paradiso, Jos\u00e9 Ruiz Montalb\u00e1n, ya que su asociaci\u00f3n es qui\u00e9n organiza este doble evento en el Centro Cultural de Lorca.<\/p>\n<audio class=\"wp-audio-shortcode\" id=\"audio-2051-1\" preload=\"none\" style=\"width: 100%;\" controls=\"controls\"><source type=\"audio\/mpeg\" src=\"https:\/\/arealorcaradio.es\/wp-content\/uploads\/2023\/11\/301123-JOSE-RUIZ-MONTALBAN.-DOCUMENTAL-JORGE-MARTI.mp3?_=1\" \/><a href=\"https:\/\/arealorcaradio.es\/wp-content\/uploads\/2023\/11\/301123-JOSE-RUIZ-MONTALBAN.-DOCUMENTAL-JORGE-MARTI.mp3\">https:\/\/arealorcaradio.es\/wp-content\/uploads\/2023\/11\/301123-JOSE-RUIZ-MONTALBAN.-DOCUMENTAL-JORGE-MARTI.mp3<\/a><\/audio>\n<p><img loading=\"lazy\" decoding=\"async\" class=\"alignnone size-medium wp-image-2055\" src=\"https:\/\/arealorcaradio.es\/wp-content\/uploads\/2023\/11\/IMG-20231130-WA0016-300x200.jpg\" alt=\"\" width=\"300\" height=\"200\" srcset=\"https:\/\/arealorcaradio.es\/wp-content\/uploads\/2023\/11\/IMG-20231130-WA0016-300x200.jpg 300w, https:\/\/arealorcaradio.es\/wp-content\/uploads\/2023\/11\/IMG-20231130-WA0016-1024x682.jpg 1024w, https:\/\/arealorcaradio.es\/wp-content\/uploads\/2023\/11\/IMG-20231130-WA0016-768x512.jpg 768w, https:\/\/arealorcaradio.es\/wp-content\/uploads\/2023\/11\/IMG-20231130-WA0016-1536x1023.jpg 1536w, https:\/\/arealorcaradio.es\/wp-content\/uploads\/2023\/11\/IMG-20231130-WA0016.jpg 1600w\" sizes=\"auto, (max-width: 300px) 100vw, 300px\" \/><\/p>\n<p>&nbsp;<\/p>\n","protected":false},"excerpt":{"rendered":"<p>&nbsp; \u00c1REA LORCA RADIO. Escucha aqu\u00ed la entrevista que ha concedido a Paco S\u00e1nchez en el magazine \u00c1rea Lorca Actualidad, el vicepresidente del Cineclub Paradiso, Jos\u00e9 Ruiz Montalb\u00e1n, ya que su asociaci\u00f3n es qui\u00e9n organiza este doble evento en el Centro Cultural de Lorca. &nbsp;<\/p>\n","protected":false},"author":1,"featured_media":2053,"comment_status":"open","ping_status":"open","sticky":false,"template":"","format":"standard","meta":{"iawp_total_views":6,"footnotes":""},"categories":[5,7],"tags":[],"class_list":["post-2051","post","type-post","status-publish","format-standard","has-post-thumbnail","hentry","category-actualidad","category-lorca"],"yoast_head":"<!-- This site is optimized with the Yoast SEO plugin v27.5 - https:\/\/yoast.com\/product\/yoast-seo-wordpress\/ -->\n<title>Jorge Mart\u00ed, cantante, guitarrista y l\u00edder del grupo La Habitaci\u00f3n Roja, presenta en Lorca su documental &quot;En medio de la nada&quot; - AREA LORCA RADIO<\/title>\n<meta name=\"robots\" content=\"index, follow, max-snippet:-1, max-image-preview:large, max-video-preview:-1\" \/>\n<link rel=\"canonical\" href=\"https:\/\/arealorcaradio.es\/index.php\/2023\/11\/30\/jorge-marti-cantante-guitarrista-y-lider-del-grupo-la-habitacion-roja-presenta-en-lorca-su-documental-en-medio-de-la-nada\/\" \/>\n<meta property=\"og:locale\" content=\"es_ES\" \/>\n<meta property=\"og:type\" content=\"article\" \/>\n<meta property=\"og:title\" content=\"Jorge Mart\u00ed, cantante, guitarrista y l\u00edder del grupo La Habitaci\u00f3n Roja, presenta en Lorca su documental &quot;En medio de la nada&quot; - AREA LORCA RADIO\" \/>\n<meta property=\"og:description\" content=\"&nbsp; \u00c1REA LORCA RADIO. Escucha aqu\u00ed la entrevista que ha concedido a Paco S\u00e1nchez en el magazine \u00c1rea Lorca Actualidad, el vicepresidente del Cineclub Paradiso, Jos\u00e9 Ruiz Montalb\u00e1n, ya que su asociaci\u00f3n es qui\u00e9n organiza este doble evento en el Centro Cultural de Lorca. &nbsp;\" \/>\n<meta property=\"og:url\" content=\"https:\/\/arealorcaradio.es\/index.php\/2023\/11\/30\/jorge-marti-cantante-guitarrista-y-lider-del-grupo-la-habitacion-roja-presenta-en-lorca-su-documental-en-medio-de-la-nada\/\" \/>\n<meta property=\"og:site_name\" content=\"AREA LORCA RADIO\" \/>\n<meta property=\"article:published_time\" content=\"2023-11-30T18:50:17+00:00\" \/>\n<meta property=\"article:modified_time\" content=\"2023-11-30T20:18:12+00:00\" \/>\n<meta property=\"og:image\" content=\"https:\/\/arealorcaradio.es\/wp-content\/uploads\/2023\/11\/IMG-20231130-WA0011.jpg\" \/>\n\t<meta property=\"og:image:width\" content=\"1600\" \/>\n\t<meta property=\"og:image:height\" content=\"1066\" \/>\n\t<meta property=\"og:image:type\" content=\"image\/jpeg\" \/>\n<meta name=\"author\" content=\"Paco S\u00e1nchez\" \/>\n<meta name=\"twitter:card\" content=\"summary_large_image\" \/>\n<meta name=\"twitter:label1\" content=\"Escrito por\" \/>\n\t<meta name=\"twitter:data1\" content=\"Paco S\u00e1nchez\" \/>\n\t<meta name=\"twitter:label2\" content=\"Tiempo de lectura\" \/>\n\t<meta name=\"twitter:data2\" content=\"1 minuto\" \/>\n<script type=\"application\/ld+json\" class=\"yoast-schema-graph\">{\"@context\":\"https:\\\/\\\/schema.org\",\"@graph\":[{\"@type\":\"Article\",\"@id\":\"https:\\\/\\\/arealorcaradio.es\\\/index.php\\\/2023\\\/11\\\/30\\\/jorge-marti-cantante-guitarrista-y-lider-del-grupo-la-habitacion-roja-presenta-en-lorca-su-documental-en-medio-de-la-nada\\\/#article\",\"isPartOf\":{\"@id\":\"https:\\\/\\\/arealorcaradio.es\\\/index.php\\\/2023\\\/11\\\/30\\\/jorge-marti-cantante-guitarrista-y-lider-del-grupo-la-habitacion-roja-presenta-en-lorca-su-documental-en-medio-de-la-nada\\\/\"},\"author\":{\"name\":\"Paco S\u00e1nchez\",\"@id\":\"https:\\\/\\\/arealorcaradio.es\\\/#\\\/schema\\\/person\\\/9fae605fc25b0f2c83c1ab207139bd27\"},\"headline\":\"Jorge Mart\u00ed, cantante, guitarrista y l\u00edder del grupo La Habitaci\u00f3n Roja, presenta en Lorca su documental \u00abEn medio de la nada\u00bb\",\"datePublished\":\"2023-11-30T18:50:17+00:00\",\"dateModified\":\"2023-11-30T20:18:12+00:00\",\"mainEntityOfPage\":{\"@id\":\"https:\\\/\\\/arealorcaradio.es\\\/index.php\\\/2023\\\/11\\\/30\\\/jorge-marti-cantante-guitarrista-y-lider-del-grupo-la-habitacion-roja-presenta-en-lorca-su-documental-en-medio-de-la-nada\\\/\"},\"wordCount\":83,\"commentCount\":0,\"image\":{\"@id\":\"https:\\\/\\\/arealorcaradio.es\\\/index.php\\\/2023\\\/11\\\/30\\\/jorge-marti-cantante-guitarrista-y-lider-del-grupo-la-habitacion-roja-presenta-en-lorca-su-documental-en-medio-de-la-nada\\\/#primaryimage\"},\"thumbnailUrl\":\"https:\\\/\\\/arealorcaradio.es\\\/wp-content\\\/uploads\\\/2023\\\/11\\\/IMG-20231130-WA0011.jpg\",\"articleSection\":[\"ACTUALIDAD\",\"LORCA\"],\"inLanguage\":\"es\",\"potentialAction\":[{\"@type\":\"CommentAction\",\"name\":\"Comment\",\"target\":[\"https:\\\/\\\/arealorcaradio.es\\\/index.php\\\/2023\\\/11\\\/30\\\/jorge-marti-cantante-guitarrista-y-lider-del-grupo-la-habitacion-roja-presenta-en-lorca-su-documental-en-medio-de-la-nada\\\/#respond\"]}]},{\"@type\":\"WebPage\",\"@id\":\"https:\\\/\\\/arealorcaradio.es\\\/index.php\\\/2023\\\/11\\\/30\\\/jorge-marti-cantante-guitarrista-y-lider-del-grupo-la-habitacion-roja-presenta-en-lorca-su-documental-en-medio-de-la-nada\\\/\",\"url\":\"https:\\\/\\\/arealorcaradio.es\\\/index.php\\\/2023\\\/11\\\/30\\\/jorge-marti-cantante-guitarrista-y-lider-del-grupo-la-habitacion-roja-presenta-en-lorca-su-documental-en-medio-de-la-nada\\\/\",\"name\":\"Jorge Mart\u00ed, cantante, guitarrista y l\u00edder del grupo La Habitaci\u00f3n Roja, presenta en Lorca su documental \\\"En medio de la nada\\\" - AREA LORCA RADIO\",\"isPartOf\":{\"@id\":\"https:\\\/\\\/arealorcaradio.es\\\/#website\"},\"primaryImageOfPage\":{\"@id\":\"https:\\\/\\\/arealorcaradio.es\\\/index.php\\\/2023\\\/11\\\/30\\\/jorge-marti-cantante-guitarrista-y-lider-del-grupo-la-habitacion-roja-presenta-en-lorca-su-documental-en-medio-de-la-nada\\\/#primaryimage\"},\"image\":{\"@id\":\"https:\\\/\\\/arealorcaradio.es\\\/index.php\\\/2023\\\/11\\\/30\\\/jorge-marti-cantante-guitarrista-y-lider-del-grupo-la-habitacion-roja-presenta-en-lorca-su-documental-en-medio-de-la-nada\\\/#primaryimage\"},\"thumbnailUrl\":\"https:\\\/\\\/arealorcaradio.es\\\/wp-content\\\/uploads\\\/2023\\\/11\\\/IMG-20231130-WA0011.jpg\",\"datePublished\":\"2023-11-30T18:50:17+00:00\",\"dateModified\":\"2023-11-30T20:18:12+00:00\",\"author\":{\"@id\":\"https:\\\/\\\/arealorcaradio.es\\\/#\\\/schema\\\/person\\\/9fae605fc25b0f2c83c1ab207139bd27\"},\"breadcrumb\":{\"@id\":\"https:\\\/\\\/arealorcaradio.es\\\/index.php\\\/2023\\\/11\\\/30\\\/jorge-marti-cantante-guitarrista-y-lider-del-grupo-la-habitacion-roja-presenta-en-lorca-su-documental-en-medio-de-la-nada\\\/#breadcrumb\"},\"inLanguage\":\"es\",\"potentialAction\":[{\"@type\":\"ReadAction\",\"target\":[\"https:\\\/\\\/arealorcaradio.es\\\/index.php\\\/2023\\\/11\\\/30\\\/jorge-marti-cantante-guitarrista-y-lider-del-grupo-la-habitacion-roja-presenta-en-lorca-su-documental-en-medio-de-la-nada\\\/\"]}]},{\"@type\":\"ImageObject\",\"inLanguage\":\"es\",\"@id\":\"https:\\\/\\\/arealorcaradio.es\\\/index.php\\\/2023\\\/11\\\/30\\\/jorge-marti-cantante-guitarrista-y-lider-del-grupo-la-habitacion-roja-presenta-en-lorca-su-documental-en-medio-de-la-nada\\\/#primaryimage\",\"url\":\"https:\\\/\\\/arealorcaradio.es\\\/wp-content\\\/uploads\\\/2023\\\/11\\\/IMG-20231130-WA0011.jpg\",\"contentUrl\":\"https:\\\/\\\/arealorcaradio.es\\\/wp-content\\\/uploads\\\/2023\\\/11\\\/IMG-20231130-WA0011.jpg\",\"width\":1600,\"height\":1066},{\"@type\":\"BreadcrumbList\",\"@id\":\"https:\\\/\\\/arealorcaradio.es\\\/index.php\\\/2023\\\/11\\\/30\\\/jorge-marti-cantante-guitarrista-y-lider-del-grupo-la-habitacion-roja-presenta-en-lorca-su-documental-en-medio-de-la-nada\\\/#breadcrumb\",\"itemListElement\":[{\"@type\":\"ListItem\",\"position\":1,\"name\":\"Portada\",\"item\":\"https:\\\/\\\/arealorcaradio.es\\\/\"},{\"@type\":\"ListItem\",\"position\":2,\"name\":\"Jorge Mart\u00ed, cantante, guitarrista y l\u00edder del grupo La Habitaci\u00f3n Roja, presenta en Lorca su documental \u00abEn medio de la nada\u00bb\"}]},{\"@type\":\"WebSite\",\"@id\":\"https:\\\/\\\/arealorcaradio.es\\\/#website\",\"url\":\"https:\\\/\\\/arealorcaradio.es\\\/\",\"name\":\"AREA LORCA RADIO\",\"description\":\"Descubre la programaci\u00f3n actual en \u00c1rea Lorca Radio, tu fuente de entrenamiento y noticias locales. Sintoniza ahora y mantente conectado online.\",\"potentialAction\":[{\"@type\":\"SearchAction\",\"target\":{\"@type\":\"EntryPoint\",\"urlTemplate\":\"https:\\\/\\\/arealorcaradio.es\\\/?s={search_term_string}\"},\"query-input\":{\"@type\":\"PropertyValueSpecification\",\"valueRequired\":true,\"valueName\":\"search_term_string\"}}],\"inLanguage\":\"es\"},{\"@type\":\"Person\",\"@id\":\"https:\\\/\\\/arealorcaradio.es\\\/#\\\/schema\\\/person\\\/9fae605fc25b0f2c83c1ab207139bd27\",\"name\":\"Paco S\u00e1nchez\",\"image\":{\"@type\":\"ImageObject\",\"inLanguage\":\"es\",\"@id\":\"https:\\\/\\\/secure.gravatar.com\\\/avatar\\\/d67144e966420fb74aa84c9f2a0103be4724fd14db52b52d3b6bca749f257e79?s=96&d=mm&r=g\",\"url\":\"https:\\\/\\\/secure.gravatar.com\\\/avatar\\\/d67144e966420fb74aa84c9f2a0103be4724fd14db52b52d3b6bca749f257e79?s=96&d=mm&r=g\",\"contentUrl\":\"https:\\\/\\\/secure.gravatar.com\\\/avatar\\\/d67144e966420fb74aa84c9f2a0103be4724fd14db52b52d3b6bca749f257e79?s=96&d=mm&r=g\",\"caption\":\"Paco S\u00e1nchez\"},\"sameAs\":[\"https:\\\/\\\/arealorcaradio.es\"],\"url\":\"https:\\\/\\\/arealorcaradio.es\\\/index.php\\\/author\\\/admin_alorcaradio\\\/\"}]}<\/script>\n<!-- \/ Yoast SEO plugin. -->","yoast_head_json":{"title":"Jorge Mart\u00ed, cantante, guitarrista y l\u00edder del grupo La Habitaci\u00f3n Roja, presenta en Lorca su documental \"En medio de la nada\" - AREA LORCA RADIO","robots":{"index":"index","follow":"follow","max-snippet":"max-snippet:-1","max-image-preview":"max-image-preview:large","max-video-preview":"max-video-preview:-1"},"canonical":"https:\/\/arealorcaradio.es\/index.php\/2023\/11\/30\/jorge-marti-cantante-guitarrista-y-lider-del-grupo-la-habitacion-roja-presenta-en-lorca-su-documental-en-medio-de-la-nada\/","og_locale":"es_ES","og_type":"article","og_title":"Jorge Mart\u00ed, cantante, guitarrista y l\u00edder del grupo La Habitaci\u00f3n Roja, presenta en Lorca su documental \"En medio de la nada\" - AREA LORCA RADIO","og_description":"&nbsp; \u00c1REA LORCA RADIO. Escucha aqu\u00ed la entrevista que ha concedido a Paco S\u00e1nchez en el magazine \u00c1rea Lorca Actualidad, el vicepresidente del Cineclub Paradiso, Jos\u00e9 Ruiz Montalb\u00e1n, ya que su asociaci\u00f3n es qui\u00e9n organiza este doble evento en el Centro Cultural de Lorca. &nbsp;","og_url":"https:\/\/arealorcaradio.es\/index.php\/2023\/11\/30\/jorge-marti-cantante-guitarrista-y-lider-del-grupo-la-habitacion-roja-presenta-en-lorca-su-documental-en-medio-de-la-nada\/","og_site_name":"AREA LORCA RADIO","article_published_time":"2023-11-30T18:50:17+00:00","article_modified_time":"2023-11-30T20:18:12+00:00","og_image":[{"width":1600,"height":1066,"url":"https:\/\/arealorcaradio.es\/wp-content\/uploads\/2023\/11\/IMG-20231130-WA0011.jpg","type":"image\/jpeg"}],"author":"Paco S\u00e1nchez","twitter_card":"summary_large_image","twitter_misc":{"Escrito por":"Paco S\u00e1nchez","Tiempo de lectura":"1 minuto"},"schema":{"@context":"https:\/\/schema.org","@graph":[{"@type":"Article","@id":"https:\/\/arealorcaradio.es\/index.php\/2023\/11\/30\/jorge-marti-cantante-guitarrista-y-lider-del-grupo-la-habitacion-roja-presenta-en-lorca-su-documental-en-medio-de-la-nada\/#article","isPartOf":{"@id":"https:\/\/arealorcaradio.es\/index.php\/2023\/11\/30\/jorge-marti-cantante-guitarrista-y-lider-del-grupo-la-habitacion-roja-presenta-en-lorca-su-documental-en-medio-de-la-nada\/"},"author":{"name":"Paco S\u00e1nchez","@id":"https:\/\/arealorcaradio.es\/#\/schema\/person\/9fae605fc25b0f2c83c1ab207139bd27"},"headline":"Jorge Mart\u00ed, cantante, guitarrista y l\u00edder del grupo La Habitaci\u00f3n Roja, presenta en Lorca su documental \u00abEn medio de la nada\u00bb","datePublished":"2023-11-30T18:50:17+00:00","dateModified":"2023-11-30T20:18:12+00:00","mainEntityOfPage":{"@id":"https:\/\/arealorcaradio.es\/index.php\/2023\/11\/30\/jorge-marti-cantante-guitarrista-y-lider-del-grupo-la-habitacion-roja-presenta-en-lorca-su-documental-en-medio-de-la-nada\/"},"wordCount":83,"commentCount":0,"image":{"@id":"https:\/\/arealorcaradio.es\/index.php\/2023\/11\/30\/jorge-marti-cantante-guitarrista-y-lider-del-grupo-la-habitacion-roja-presenta-en-lorca-su-documental-en-medio-de-la-nada\/#primaryimage"},"thumbnailUrl":"https:\/\/arealorcaradio.es\/wp-content\/uploads\/2023\/11\/IMG-20231130-WA0011.jpg","articleSection":["ACTUALIDAD","LORCA"],"inLanguage":"es","potentialAction":[{"@type":"CommentAction","name":"Comment","target":["https:\/\/arealorcaradio.es\/index.php\/2023\/11\/30\/jorge-marti-cantante-guitarrista-y-lider-del-grupo-la-habitacion-roja-presenta-en-lorca-su-documental-en-medio-de-la-nada\/#respond"]}]},{"@type":"WebPage","@id":"https:\/\/arealorcaradio.es\/index.php\/2023\/11\/30\/jorge-marti-cantante-guitarrista-y-lider-del-grupo-la-habitacion-roja-presenta-en-lorca-su-documental-en-medio-de-la-nada\/","url":"https:\/\/arealorcaradio.es\/index.php\/2023\/11\/30\/jorge-marti-cantante-guitarrista-y-lider-del-grupo-la-habitacion-roja-presenta-en-lorca-su-documental-en-medio-de-la-nada\/","name":"Jorge Mart\u00ed, cantante, guitarrista y l\u00edder del grupo La Habitaci\u00f3n Roja, presenta en Lorca su documental \"En medio de la nada\" - AREA LORCA RADIO","isPartOf":{"@id":"https:\/\/arealorcaradio.es\/#website"},"primaryImageOfPage":{"@id":"https:\/\/arealorcaradio.es\/index.php\/2023\/11\/30\/jorge-marti-cantante-guitarrista-y-lider-del-grupo-la-habitacion-roja-presenta-en-lorca-su-documental-en-medio-de-la-nada\/#primaryimage"},"image":{"@id":"https:\/\/arealorcaradio.es\/index.php\/2023\/11\/30\/jorge-marti-cantante-guitarrista-y-lider-del-grupo-la-habitacion-roja-presenta-en-lorca-su-documental-en-medio-de-la-nada\/#primaryimage"},"thumbnailUrl":"https:\/\/arealorcaradio.es\/wp-content\/uploads\/2023\/11\/IMG-20231130-WA0011.jpg","datePublished":"2023-11-30T18:50:17+00:00","dateModified":"2023-11-30T20:18:12+00:00","author":{"@id":"https:\/\/arealorcaradio.es\/#\/schema\/person\/9fae605fc25b0f2c83c1ab207139bd27"},"breadcrumb":{"@id":"https:\/\/arealorcaradio.es\/index.php\/2023\/11\/30\/jorge-marti-cantante-guitarrista-y-lider-del-grupo-la-habitacion-roja-presenta-en-lorca-su-documental-en-medio-de-la-nada\/#breadcrumb"},"inLanguage":"es","potentialAction":[{"@type":"ReadAction","target":["https:\/\/arealorcaradio.es\/index.php\/2023\/11\/30\/jorge-marti-cantante-guitarrista-y-lider-del-grupo-la-habitacion-roja-presenta-en-lorca-su-documental-en-medio-de-la-nada\/"]}]},{"@type":"ImageObject","inLanguage":"es","@id":"https:\/\/arealorcaradio.es\/index.php\/2023\/11\/30\/jorge-marti-cantante-guitarrista-y-lider-del-grupo-la-habitacion-roja-presenta-en-lorca-su-documental-en-medio-de-la-nada\/#primaryimage","url":"https:\/\/arealorcaradio.es\/wp-content\/uploads\/2023\/11\/IMG-20231130-WA0011.jpg","contentUrl":"https:\/\/arealorcaradio.es\/wp-content\/uploads\/2023\/11\/IMG-20231130-WA0011.jpg","width":1600,"height":1066},{"@type":"BreadcrumbList","@id":"https:\/\/arealorcaradio.es\/index.php\/2023\/11\/30\/jorge-marti-cantante-guitarrista-y-lider-del-grupo-la-habitacion-roja-presenta-en-lorca-su-documental-en-medio-de-la-nada\/#breadcrumb","itemListElement":[{"@type":"ListItem","position":1,"name":"Portada","item":"https:\/\/arealorcaradio.es\/"},{"@type":"ListItem","position":2,"name":"Jorge Mart\u00ed, cantante, guitarrista y l\u00edder del grupo La Habitaci\u00f3n Roja, presenta en Lorca su documental \u00abEn medio de la nada\u00bb"}]},{"@type":"WebSite","@id":"https:\/\/arealorcaradio.es\/#website","url":"https:\/\/arealorcaradio.es\/","name":"AREA LORCA RADIO","description":"Descubre la programaci\u00f3n actual en \u00c1rea Lorca Radio, tu fuente de entrenamiento y noticias locales. Sintoniza ahora y mantente conectado online.","potentialAction":[{"@type":"SearchAction","target":{"@type":"EntryPoint","urlTemplate":"https:\/\/arealorcaradio.es\/?s={search_term_string}"},"query-input":{"@type":"PropertyValueSpecification","valueRequired":true,"valueName":"search_term_string"}}],"inLanguage":"es"},{"@type":"Person","@id":"https:\/\/arealorcaradio.es\/#\/schema\/person\/9fae605fc25b0f2c83c1ab207139bd27","name":"Paco S\u00e1nchez","image":{"@type":"ImageObject","inLanguage":"es","@id":"https:\/\/secure.gravatar.com\/avatar\/d67144e966420fb74aa84c9f2a0103be4724fd14db52b52d3b6bca749f257e79?s=96&d=mm&r=g","url":"https:\/\/secure.gravatar.com\/avatar\/d67144e966420fb74aa84c9f2a0103be4724fd14db52b52d3b6bca749f257e79?s=96&d=mm&r=g","contentUrl":"https:\/\/secure.gravatar.com\/avatar\/d67144e966420fb74aa84c9f2a0103be4724fd14db52b52d3b6bca749f257e79?s=96&d=mm&r=g","caption":"Paco S\u00e1nchez"},"sameAs":["https:\/\/arealorcaradio.es"],"url":"https:\/\/arealorcaradio.es\/index.php\/author\/admin_alorcaradio\/"}]}},"_links":{"self":[{"href":"https:\/\/arealorcaradio.es\/index.php\/wp-json\/wp\/v2\/posts\/2051","targetHints":{"allow":["GET"]}}],"collection":[{"href":"https:\/\/arealorcaradio.es\/index.php\/wp-json\/wp\/v2\/posts"}],"about":[{"href":"https:\/\/arealorcaradio.es\/index.php\/wp-json\/wp\/v2\/types\/post"}],"author":[{"embeddable":true,"href":"https:\/\/arealorcaradio.es\/index.php\/wp-json\/wp\/v2\/users\/1"}],"replies":[{"embeddable":true,"href":"https:\/\/arealorcaradio.es\/index.php\/wp-json\/wp\/v2\/comments?post=2051"}],"version-history":[{"count":3,"href":"https:\/\/arealorcaradio.es\/index.php\/wp-json\/wp\/v2\/posts\/2051\/revisions"}],"predecessor-version":[{"id":2066,"href":"https:\/\/arealorcaradio.es\/index.php\/wp-json\/wp\/v2\/posts\/2051\/revisions\/2066"}],"wp:featuredmedia":[{"embeddable":true,"href":"https:\/\/arealorcaradio.es\/index.php\/wp-json\/wp\/v2\/media\/2053"}],"wp:attachment":[{"href":"https:\/\/arealorcaradio.es\/index.php\/wp-json\/wp\/v2\/media?parent=2051"}],"wp:term":[{"taxonomy":"category","embeddable":true,"href":"https:\/\/arealorcaradio.es\/index.php\/wp-json\/wp\/v2\/categories?post=2051"},{"taxonomy":"post_tag","embeddable":true,"href":"https:\/\/arealorcaradio.es\/index.php\/wp-json\/wp\/v2\/tags?post=2051"}],"curies":[{"name":"wp","href":"https:\/\/api.w.org\/{rel}","templated":true}]}}