{"id":194,"date":"2023-03-01T18:40:09","date_gmt":"2023-03-01T18:40:09","guid":{"rendered":"https:\/\/arealorcaradio.es\/?p=194"},"modified":"2023-03-01T18:40:09","modified_gmt":"2023-03-01T18:40:09","slug":"el-equipo-de-karting-axion-racing-tendra-murcia-como-sede-de-su-equipo-satelite-con-el-patrocinio-de-recambios-alcantara","status":"publish","type":"post","link":"https:\/\/arealorcaradio.es\/index.php\/2023\/03\/01\/el-equipo-de-karting-axion-racing-tendra-murcia-como-sede-de-su-equipo-satelite-con-el-patrocinio-de-recambios-alcantara\/","title":{"rendered":"El equipo de Karting AXION Racing tendr\u00e1 Murcia como sede de su equipo sat\u00e9lite con el patrocinio de Recambios Alc\u00e1ntara"},"content":{"rendered":"<p>\u00c1REA LORCA RADIO.<\/p>\n<p>Escucha aqu\u00ed la secci\u00f3n de motor patrocinada por Recambios Alc\u00e1ntara, cuyo gerente, Pedro Segura nos cuenta interesantes noticias relacionadas con el deporte del motor. Hablamos de Karting, Rallye de Portugal y del acuerdo entre el equipo AXION Racing y Recambios Alc\u00e1ntara.<\/p>\n<audio class=\"wp-audio-shortcode\" id=\"audio-194-1\" preload=\"none\" style=\"width: 100%;\" controls=\"controls\"><source type=\"audio\/mpeg\" src=\"https:\/\/arealorcaradio.es\/wp-content\/uploads\/2023\/03\/010323-PEDRO-SEGURA.mp3?_=1\" \/><a href=\"https:\/\/arealorcaradio.es\/wp-content\/uploads\/2023\/03\/010323-PEDRO-SEGURA.mp3\">https:\/\/arealorcaradio.es\/wp-content\/uploads\/2023\/03\/010323-PEDRO-SEGURA.mp3<\/a><\/audio>\n","protected":false},"excerpt":{"rendered":"<p>\u00c1REA LORCA RADIO. Escucha aqu\u00ed la secci\u00f3n de motor patrocinada por Recambios Alc\u00e1ntara, cuyo gerente, Pedro Segura nos cuenta interesantes noticias relacionadas con el deporte del motor. Hablamos de Karting, Rallye de Portugal y del acuerdo entre el equipo AXION Racing y Recambios Alc\u00e1ntara.<\/p>\n","protected":false},"author":1,"featured_media":196,"comment_status":"open","ping_status":"open","sticky":false,"template":"","format":"standard","meta":{"iawp_total_views":6,"footnotes":""},"categories":[4,7],"tags":[],"class_list":["post-194","post","type-post","status-publish","format-standard","has-post-thumbnail","hentry","category-deportes","category-lorca"],"yoast_head":"<!-- This site is optimized with the Yoast SEO plugin v27.5 - https:\/\/yoast.com\/product\/yoast-seo-wordpress\/ -->\n<title>El equipo de Karting AXION Racing tendr\u00e1 Murcia como sede de su equipo sat\u00e9lite con el patrocinio de Recambios Alc\u00e1ntara - AREA LORCA RADIO<\/title>\n<meta name=\"robots\" content=\"index, follow, max-snippet:-1, max-image-preview:large, max-video-preview:-1\" \/>\n<link rel=\"canonical\" href=\"https:\/\/arealorcaradio.es\/index.php\/2023\/03\/01\/el-equipo-de-karting-axion-racing-tendra-murcia-como-sede-de-su-equipo-satelite-con-el-patrocinio-de-recambios-alcantara\/\" \/>\n<meta property=\"og:locale\" content=\"es_ES\" \/>\n<meta property=\"og:type\" content=\"article\" \/>\n<meta property=\"og:title\" content=\"El equipo de Karting AXION Racing tendr\u00e1 Murcia como sede de su equipo sat\u00e9lite con el patrocinio de Recambios Alc\u00e1ntara - AREA LORCA RADIO\" \/>\n<meta property=\"og:description\" content=\"\u00c1REA LORCA RADIO. Escucha aqu\u00ed la secci\u00f3n de motor patrocinada por Recambios Alc\u00e1ntara, cuyo gerente, Pedro Segura nos cuenta interesantes noticias relacionadas con el deporte del motor. Hablamos de Karting, Rallye de Portugal y del acuerdo entre el equipo AXION Racing y Recambios Alc\u00e1ntara.\" \/>\n<meta property=\"og:url\" content=\"https:\/\/arealorcaradio.es\/index.php\/2023\/03\/01\/el-equipo-de-karting-axion-racing-tendra-murcia-como-sede-de-su-equipo-satelite-con-el-patrocinio-de-recambios-alcantara\/\" \/>\n<meta property=\"og:site_name\" content=\"AREA LORCA RADIO\" \/>\n<meta property=\"article:published_time\" content=\"2023-03-01T18:40:09+00:00\" \/>\n<meta property=\"og:image\" content=\"https:\/\/arealorcaradio.es\/wp-content\/uploads\/2023\/03\/20230301_165732-scaled.jpg\" \/>\n\t<meta property=\"og:image:width\" content=\"2560\" \/>\n\t<meta property=\"og:image:height\" content=\"1920\" \/>\n\t<meta property=\"og:image:type\" content=\"image\/jpeg\" \/>\n<meta name=\"author\" content=\"Paco S\u00e1nchez\" \/>\n<meta name=\"twitter:card\" content=\"summary_large_image\" \/>\n<meta name=\"twitter:label1\" content=\"Escrito por\" \/>\n\t<meta name=\"twitter:data1\" content=\"Paco S\u00e1nchez\" \/>\n\t<meta name=\"twitter:label2\" content=\"Tiempo de lectura\" \/>\n\t<meta name=\"twitter:data2\" content=\"1 minuto\" \/>\n<script type=\"application\/ld+json\" class=\"yoast-schema-graph\">{\"@context\":\"https:\\\/\\\/schema.org\",\"@graph\":[{\"@type\":\"Article\",\"@id\":\"https:\\\/\\\/arealorcaradio.es\\\/index.php\\\/2023\\\/03\\\/01\\\/el-equipo-de-karting-axion-racing-tendra-murcia-como-sede-de-su-equipo-satelite-con-el-patrocinio-de-recambios-alcantara\\\/#article\",\"isPartOf\":{\"@id\":\"https:\\\/\\\/arealorcaradio.es\\\/index.php\\\/2023\\\/03\\\/01\\\/el-equipo-de-karting-axion-racing-tendra-murcia-como-sede-de-su-equipo-satelite-con-el-patrocinio-de-recambios-alcantara\\\/\"},\"author\":{\"name\":\"Paco S\u00e1nchez\",\"@id\":\"https:\\\/\\\/arealorcaradio.es\\\/#\\\/schema\\\/person\\\/9fae605fc25b0f2c83c1ab207139bd27\"},\"headline\":\"El equipo de Karting AXION Racing tendr\u00e1 Murcia como sede de su equipo sat\u00e9lite con el patrocinio de Recambios Alc\u00e1ntara\",\"datePublished\":\"2023-03-01T18:40:09+00:00\",\"mainEntityOfPage\":{\"@id\":\"https:\\\/\\\/arealorcaradio.es\\\/index.php\\\/2023\\\/03\\\/01\\\/el-equipo-de-karting-axion-racing-tendra-murcia-como-sede-de-su-equipo-satelite-con-el-patrocinio-de-recambios-alcantara\\\/\"},\"wordCount\":79,\"commentCount\":0,\"image\":{\"@id\":\"https:\\\/\\\/arealorcaradio.es\\\/index.php\\\/2023\\\/03\\\/01\\\/el-equipo-de-karting-axion-racing-tendra-murcia-como-sede-de-su-equipo-satelite-con-el-patrocinio-de-recambios-alcantara\\\/#primaryimage\"},\"thumbnailUrl\":\"https:\\\/\\\/arealorcaradio.es\\\/wp-content\\\/uploads\\\/2023\\\/03\\\/20230301_165732-scaled.jpg\",\"articleSection\":[\"DEPORTES\",\"LORCA\"],\"inLanguage\":\"es\",\"potentialAction\":[{\"@type\":\"CommentAction\",\"name\":\"Comment\",\"target\":[\"https:\\\/\\\/arealorcaradio.es\\\/index.php\\\/2023\\\/03\\\/01\\\/el-equipo-de-karting-axion-racing-tendra-murcia-como-sede-de-su-equipo-satelite-con-el-patrocinio-de-recambios-alcantara\\\/#respond\"]}]},{\"@type\":\"WebPage\",\"@id\":\"https:\\\/\\\/arealorcaradio.es\\\/index.php\\\/2023\\\/03\\\/01\\\/el-equipo-de-karting-axion-racing-tendra-murcia-como-sede-de-su-equipo-satelite-con-el-patrocinio-de-recambios-alcantara\\\/\",\"url\":\"https:\\\/\\\/arealorcaradio.es\\\/index.php\\\/2023\\\/03\\\/01\\\/el-equipo-de-karting-axion-racing-tendra-murcia-como-sede-de-su-equipo-satelite-con-el-patrocinio-de-recambios-alcantara\\\/\",\"name\":\"El equipo de Karting AXION Racing tendr\u00e1 Murcia como sede de su equipo sat\u00e9lite con el patrocinio de Recambios Alc\u00e1ntara - AREA LORCA RADIO\",\"isPartOf\":{\"@id\":\"https:\\\/\\\/arealorcaradio.es\\\/#website\"},\"primaryImageOfPage\":{\"@id\":\"https:\\\/\\\/arealorcaradio.es\\\/index.php\\\/2023\\\/03\\\/01\\\/el-equipo-de-karting-axion-racing-tendra-murcia-como-sede-de-su-equipo-satelite-con-el-patrocinio-de-recambios-alcantara\\\/#primaryimage\"},\"image\":{\"@id\":\"https:\\\/\\\/arealorcaradio.es\\\/index.php\\\/2023\\\/03\\\/01\\\/el-equipo-de-karting-axion-racing-tendra-murcia-como-sede-de-su-equipo-satelite-con-el-patrocinio-de-recambios-alcantara\\\/#primaryimage\"},\"thumbnailUrl\":\"https:\\\/\\\/arealorcaradio.es\\\/wp-content\\\/uploads\\\/2023\\\/03\\\/20230301_165732-scaled.jpg\",\"datePublished\":\"2023-03-01T18:40:09+00:00\",\"author\":{\"@id\":\"https:\\\/\\\/arealorcaradio.es\\\/#\\\/schema\\\/person\\\/9fae605fc25b0f2c83c1ab207139bd27\"},\"breadcrumb\":{\"@id\":\"https:\\\/\\\/arealorcaradio.es\\\/index.php\\\/2023\\\/03\\\/01\\\/el-equipo-de-karting-axion-racing-tendra-murcia-como-sede-de-su-equipo-satelite-con-el-patrocinio-de-recambios-alcantara\\\/#breadcrumb\"},\"inLanguage\":\"es\",\"potentialAction\":[{\"@type\":\"ReadAction\",\"target\":[\"https:\\\/\\\/arealorcaradio.es\\\/index.php\\\/2023\\\/03\\\/01\\\/el-equipo-de-karting-axion-racing-tendra-murcia-como-sede-de-su-equipo-satelite-con-el-patrocinio-de-recambios-alcantara\\\/\"]}]},{\"@type\":\"ImageObject\",\"inLanguage\":\"es\",\"@id\":\"https:\\\/\\\/arealorcaradio.es\\\/index.php\\\/2023\\\/03\\\/01\\\/el-equipo-de-karting-axion-racing-tendra-murcia-como-sede-de-su-equipo-satelite-con-el-patrocinio-de-recambios-alcantara\\\/#primaryimage\",\"url\":\"https:\\\/\\\/arealorcaradio.es\\\/wp-content\\\/uploads\\\/2023\\\/03\\\/20230301_165732-scaled.jpg\",\"contentUrl\":\"https:\\\/\\\/arealorcaradio.es\\\/wp-content\\\/uploads\\\/2023\\\/03\\\/20230301_165732-scaled.jpg\",\"width\":2560,\"height\":1920},{\"@type\":\"BreadcrumbList\",\"@id\":\"https:\\\/\\\/arealorcaradio.es\\\/index.php\\\/2023\\\/03\\\/01\\\/el-equipo-de-karting-axion-racing-tendra-murcia-como-sede-de-su-equipo-satelite-con-el-patrocinio-de-recambios-alcantara\\\/#breadcrumb\",\"itemListElement\":[{\"@type\":\"ListItem\",\"position\":1,\"name\":\"Portada\",\"item\":\"https:\\\/\\\/arealorcaradio.es\\\/\"},{\"@type\":\"ListItem\",\"position\":2,\"name\":\"El equipo de Karting AXION Racing tendr\u00e1 Murcia como sede de su equipo sat\u00e9lite con el patrocinio de Recambios Alc\u00e1ntara\"}]},{\"@type\":\"WebSite\",\"@id\":\"https:\\\/\\\/arealorcaradio.es\\\/#website\",\"url\":\"https:\\\/\\\/arealorcaradio.es\\\/\",\"name\":\"AREA LORCA RADIO\",\"description\":\"Descubre la programaci\u00f3n actual en \u00c1rea Lorca Radio, tu fuente de entrenamiento y noticias locales. Sintoniza ahora y mantente conectado online.\",\"potentialAction\":[{\"@type\":\"SearchAction\",\"target\":{\"@type\":\"EntryPoint\",\"urlTemplate\":\"https:\\\/\\\/arealorcaradio.es\\\/?s={search_term_string}\"},\"query-input\":{\"@type\":\"PropertyValueSpecification\",\"valueRequired\":true,\"valueName\":\"search_term_string\"}}],\"inLanguage\":\"es\"},{\"@type\":\"Person\",\"@id\":\"https:\\\/\\\/arealorcaradio.es\\\/#\\\/schema\\\/person\\\/9fae605fc25b0f2c83c1ab207139bd27\",\"name\":\"Paco S\u00e1nchez\",\"image\":{\"@type\":\"ImageObject\",\"inLanguage\":\"es\",\"@id\":\"https:\\\/\\\/secure.gravatar.com\\\/avatar\\\/d67144e966420fb74aa84c9f2a0103be4724fd14db52b52d3b6bca749f257e79?s=96&d=mm&r=g\",\"url\":\"https:\\\/\\\/secure.gravatar.com\\\/avatar\\\/d67144e966420fb74aa84c9f2a0103be4724fd14db52b52d3b6bca749f257e79?s=96&d=mm&r=g\",\"contentUrl\":\"https:\\\/\\\/secure.gravatar.com\\\/avatar\\\/d67144e966420fb74aa84c9f2a0103be4724fd14db52b52d3b6bca749f257e79?s=96&d=mm&r=g\",\"caption\":\"Paco S\u00e1nchez\"},\"sameAs\":[\"https:\\\/\\\/arealorcaradio.es\"],\"url\":\"https:\\\/\\\/arealorcaradio.es\\\/index.php\\\/author\\\/admin_alorcaradio\\\/\"}]}<\/script>\n<!-- \/ Yoast SEO plugin. -->","yoast_head_json":{"title":"El equipo de Karting AXION Racing tendr\u00e1 Murcia como sede de su equipo sat\u00e9lite con el patrocinio de Recambios Alc\u00e1ntara - AREA LORCA RADIO","robots":{"index":"index","follow":"follow","max-snippet":"max-snippet:-1","max-image-preview":"max-image-preview:large","max-video-preview":"max-video-preview:-1"},"canonical":"https:\/\/arealorcaradio.es\/index.php\/2023\/03\/01\/el-equipo-de-karting-axion-racing-tendra-murcia-como-sede-de-su-equipo-satelite-con-el-patrocinio-de-recambios-alcantara\/","og_locale":"es_ES","og_type":"article","og_title":"El equipo de Karting AXION Racing tendr\u00e1 Murcia como sede de su equipo sat\u00e9lite con el patrocinio de Recambios Alc\u00e1ntara - AREA LORCA RADIO","og_description":"\u00c1REA LORCA RADIO. Escucha aqu\u00ed la secci\u00f3n de motor patrocinada por Recambios Alc\u00e1ntara, cuyo gerente, Pedro Segura nos cuenta interesantes noticias relacionadas con el deporte del motor. Hablamos de Karting, Rallye de Portugal y del acuerdo entre el equipo AXION Racing y Recambios Alc\u00e1ntara.","og_url":"https:\/\/arealorcaradio.es\/index.php\/2023\/03\/01\/el-equipo-de-karting-axion-racing-tendra-murcia-como-sede-de-su-equipo-satelite-con-el-patrocinio-de-recambios-alcantara\/","og_site_name":"AREA LORCA RADIO","article_published_time":"2023-03-01T18:40:09+00:00","og_image":[{"width":2560,"height":1920,"url":"https:\/\/arealorcaradio.es\/wp-content\/uploads\/2023\/03\/20230301_165732-scaled.jpg","type":"image\/jpeg"}],"author":"Paco S\u00e1nchez","twitter_card":"summary_large_image","twitter_misc":{"Escrito por":"Paco S\u00e1nchez","Tiempo de lectura":"1 minuto"},"schema":{"@context":"https:\/\/schema.org","@graph":[{"@type":"Article","@id":"https:\/\/arealorcaradio.es\/index.php\/2023\/03\/01\/el-equipo-de-karting-axion-racing-tendra-murcia-como-sede-de-su-equipo-satelite-con-el-patrocinio-de-recambios-alcantara\/#article","isPartOf":{"@id":"https:\/\/arealorcaradio.es\/index.php\/2023\/03\/01\/el-equipo-de-karting-axion-racing-tendra-murcia-como-sede-de-su-equipo-satelite-con-el-patrocinio-de-recambios-alcantara\/"},"author":{"name":"Paco S\u00e1nchez","@id":"https:\/\/arealorcaradio.es\/#\/schema\/person\/9fae605fc25b0f2c83c1ab207139bd27"},"headline":"El equipo de Karting AXION Racing tendr\u00e1 Murcia como sede de su equipo sat\u00e9lite con el patrocinio de Recambios Alc\u00e1ntara","datePublished":"2023-03-01T18:40:09+00:00","mainEntityOfPage":{"@id":"https:\/\/arealorcaradio.es\/index.php\/2023\/03\/01\/el-equipo-de-karting-axion-racing-tendra-murcia-como-sede-de-su-equipo-satelite-con-el-patrocinio-de-recambios-alcantara\/"},"wordCount":79,"commentCount":0,"image":{"@id":"https:\/\/arealorcaradio.es\/index.php\/2023\/03\/01\/el-equipo-de-karting-axion-racing-tendra-murcia-como-sede-de-su-equipo-satelite-con-el-patrocinio-de-recambios-alcantara\/#primaryimage"},"thumbnailUrl":"https:\/\/arealorcaradio.es\/wp-content\/uploads\/2023\/03\/20230301_165732-scaled.jpg","articleSection":["DEPORTES","LORCA"],"inLanguage":"es","potentialAction":[{"@type":"CommentAction","name":"Comment","target":["https:\/\/arealorcaradio.es\/index.php\/2023\/03\/01\/el-equipo-de-karting-axion-racing-tendra-murcia-como-sede-de-su-equipo-satelite-con-el-patrocinio-de-recambios-alcantara\/#respond"]}]},{"@type":"WebPage","@id":"https:\/\/arealorcaradio.es\/index.php\/2023\/03\/01\/el-equipo-de-karting-axion-racing-tendra-murcia-como-sede-de-su-equipo-satelite-con-el-patrocinio-de-recambios-alcantara\/","url":"https:\/\/arealorcaradio.es\/index.php\/2023\/03\/01\/el-equipo-de-karting-axion-racing-tendra-murcia-como-sede-de-su-equipo-satelite-con-el-patrocinio-de-recambios-alcantara\/","name":"El equipo de Karting AXION Racing tendr\u00e1 Murcia como sede de su equipo sat\u00e9lite con el patrocinio de Recambios Alc\u00e1ntara - AREA LORCA RADIO","isPartOf":{"@id":"https:\/\/arealorcaradio.es\/#website"},"primaryImageOfPage":{"@id":"https:\/\/arealorcaradio.es\/index.php\/2023\/03\/01\/el-equipo-de-karting-axion-racing-tendra-murcia-como-sede-de-su-equipo-satelite-con-el-patrocinio-de-recambios-alcantara\/#primaryimage"},"image":{"@id":"https:\/\/arealorcaradio.es\/index.php\/2023\/03\/01\/el-equipo-de-karting-axion-racing-tendra-murcia-como-sede-de-su-equipo-satelite-con-el-patrocinio-de-recambios-alcantara\/#primaryimage"},"thumbnailUrl":"https:\/\/arealorcaradio.es\/wp-content\/uploads\/2023\/03\/20230301_165732-scaled.jpg","datePublished":"2023-03-01T18:40:09+00:00","author":{"@id":"https:\/\/arealorcaradio.es\/#\/schema\/person\/9fae605fc25b0f2c83c1ab207139bd27"},"breadcrumb":{"@id":"https:\/\/arealorcaradio.es\/index.php\/2023\/03\/01\/el-equipo-de-karting-axion-racing-tendra-murcia-como-sede-de-su-equipo-satelite-con-el-patrocinio-de-recambios-alcantara\/#breadcrumb"},"inLanguage":"es","potentialAction":[{"@type":"ReadAction","target":["https:\/\/arealorcaradio.es\/index.php\/2023\/03\/01\/el-equipo-de-karting-axion-racing-tendra-murcia-como-sede-de-su-equipo-satelite-con-el-patrocinio-de-recambios-alcantara\/"]}]},{"@type":"ImageObject","inLanguage":"es","@id":"https:\/\/arealorcaradio.es\/index.php\/2023\/03\/01\/el-equipo-de-karting-axion-racing-tendra-murcia-como-sede-de-su-equipo-satelite-con-el-patrocinio-de-recambios-alcantara\/#primaryimage","url":"https:\/\/arealorcaradio.es\/wp-content\/uploads\/2023\/03\/20230301_165732-scaled.jpg","contentUrl":"https:\/\/arealorcaradio.es\/wp-content\/uploads\/2023\/03\/20230301_165732-scaled.jpg","width":2560,"height":1920},{"@type":"BreadcrumbList","@id":"https:\/\/arealorcaradio.es\/index.php\/2023\/03\/01\/el-equipo-de-karting-axion-racing-tendra-murcia-como-sede-de-su-equipo-satelite-con-el-patrocinio-de-recambios-alcantara\/#breadcrumb","itemListElement":[{"@type":"ListItem","position":1,"name":"Portada","item":"https:\/\/arealorcaradio.es\/"},{"@type":"ListItem","position":2,"name":"El equipo de Karting AXION Racing tendr\u00e1 Murcia como sede de su equipo sat\u00e9lite con el patrocinio de Recambios Alc\u00e1ntara"}]},{"@type":"WebSite","@id":"https:\/\/arealorcaradio.es\/#website","url":"https:\/\/arealorcaradio.es\/","name":"AREA LORCA RADIO","description":"Descubre la programaci\u00f3n actual en \u00c1rea Lorca Radio, tu fuente de entrenamiento y noticias locales. Sintoniza ahora y mantente conectado online.","potentialAction":[{"@type":"SearchAction","target":{"@type":"EntryPoint","urlTemplate":"https:\/\/arealorcaradio.es\/?s={search_term_string}"},"query-input":{"@type":"PropertyValueSpecification","valueRequired":true,"valueName":"search_term_string"}}],"inLanguage":"es"},{"@type":"Person","@id":"https:\/\/arealorcaradio.es\/#\/schema\/person\/9fae605fc25b0f2c83c1ab207139bd27","name":"Paco S\u00e1nchez","image":{"@type":"ImageObject","inLanguage":"es","@id":"https:\/\/secure.gravatar.com\/avatar\/d67144e966420fb74aa84c9f2a0103be4724fd14db52b52d3b6bca749f257e79?s=96&d=mm&r=g","url":"https:\/\/secure.gravatar.com\/avatar\/d67144e966420fb74aa84c9f2a0103be4724fd14db52b52d3b6bca749f257e79?s=96&d=mm&r=g","contentUrl":"https:\/\/secure.gravatar.com\/avatar\/d67144e966420fb74aa84c9f2a0103be4724fd14db52b52d3b6bca749f257e79?s=96&d=mm&r=g","caption":"Paco S\u00e1nchez"},"sameAs":["https:\/\/arealorcaradio.es"],"url":"https:\/\/arealorcaradio.es\/index.php\/author\/admin_alorcaradio\/"}]}},"_links":{"self":[{"href":"https:\/\/arealorcaradio.es\/index.php\/wp-json\/wp\/v2\/posts\/194","targetHints":{"allow":["GET"]}}],"collection":[{"href":"https:\/\/arealorcaradio.es\/index.php\/wp-json\/wp\/v2\/posts"}],"about":[{"href":"https:\/\/arealorcaradio.es\/index.php\/wp-json\/wp\/v2\/types\/post"}],"author":[{"embeddable":true,"href":"https:\/\/arealorcaradio.es\/index.php\/wp-json\/wp\/v2\/users\/1"}],"replies":[{"embeddable":true,"href":"https:\/\/arealorcaradio.es\/index.php\/wp-json\/wp\/v2\/comments?post=194"}],"version-history":[{"count":1,"href":"https:\/\/arealorcaradio.es\/index.php\/wp-json\/wp\/v2\/posts\/194\/revisions"}],"predecessor-version":[{"id":197,"href":"https:\/\/arealorcaradio.es\/index.php\/wp-json\/wp\/v2\/posts\/194\/revisions\/197"}],"wp:featuredmedia":[{"embeddable":true,"href":"https:\/\/arealorcaradio.es\/index.php\/wp-json\/wp\/v2\/media\/196"}],"wp:attachment":[{"href":"https:\/\/arealorcaradio.es\/index.php\/wp-json\/wp\/v2\/media?parent=194"}],"wp:term":[{"taxonomy":"category","embeddable":true,"href":"https:\/\/arealorcaradio.es\/index.php\/wp-json\/wp\/v2\/categories?post=194"},{"taxonomy":"post_tag","embeddable":true,"href":"https:\/\/arealorcaradio.es\/index.php\/wp-json\/wp\/v2\/tags?post=194"}],"curies":[{"name":"wp","href":"https:\/\/api.w.org\/{rel}","templated":true}]}}