{"id":1906,"date":"2023-11-14T22:21:10","date_gmt":"2023-11-14T22:21:10","guid":{"rendered":"https:\/\/arealorcaradio.es\/?p=1906"},"modified":"2023-11-14T22:21:10","modified_gmt":"2023-11-14T22:21:10","slug":"paolo-natale-mis-tres-primeros-cortos-me-han-servido-para-aprender-y-ahora-trabajo-en-mi-primer-largometraje-nuestra-piel-levantada","status":"publish","type":"post","link":"https:\/\/arealorcaradio.es\/index.php\/2023\/11\/14\/paolo-natale-mis-tres-primeros-cortos-me-han-servido-para-aprender-y-ahora-trabajo-en-mi-primer-largometraje-nuestra-piel-levantada\/","title":{"rendered":"Paolo Natale: \u00abMis tres primeros cortos me han servido para aprender y ahora trabajo en mi primer largometraje \u00abNuestra piel levantada\u00bb"},"content":{"rendered":"<p>\u00c1REA LORCA RADIO.<\/p>\n<p>Escucha aqu\u00ed la entrevista que ha concedido a Paco S\u00e1nchez en el magazine \u00c1rea Lorca Actualidad, el director de cine Paolo Natale Garc\u00eda, lorquino de 26 a\u00f1os. Desde la ciudad condal, donde se encuentra en el 30 Festival de Cine Independiente de Barcelona nos hablaba de su trayectoria cinematogr\u00e1fica y cual es el camino a seguir en esta complicada profesi\u00f3n.<\/p>\n<audio class=\"wp-audio-shortcode\" id=\"audio-1906-1\" preload=\"none\" style=\"width: 100%;\" controls=\"controls\"><source type=\"audio\/mpeg\" src=\"https:\/\/arealorcaradio.es\/wp-content\/uploads\/2023\/11\/141123-PAOLO-NATALE.-DIRECTOR-CINE.mp3?_=1\" \/><a href=\"https:\/\/arealorcaradio.es\/wp-content\/uploads\/2023\/11\/141123-PAOLO-NATALE.-DIRECTOR-CINE.mp3\">https:\/\/arealorcaradio.es\/wp-content\/uploads\/2023\/11\/141123-PAOLO-NATALE.-DIRECTOR-CINE.mp3<\/a><\/audio>\n","protected":false},"excerpt":{"rendered":"<p>\u00c1REA LORCA RADIO. Escucha aqu\u00ed la entrevista que ha concedido a Paco S\u00e1nchez en el magazine \u00c1rea Lorca Actualidad, el director de cine Paolo Natale Garc\u00eda, lorquino de 26 a\u00f1os. Desde la ciudad condal, donde se encuentra en el 30 Festival de Cine Independiente de Barcelona nos hablaba de su trayectoria cinematogr\u00e1fica y cual es [&hellip;]<\/p>\n","protected":false},"author":1,"featured_media":1908,"comment_status":"open","ping_status":"open","sticky":false,"template":"","format":"standard","meta":{"iawp_total_views":17,"footnotes":""},"categories":[5,7],"tags":[],"class_list":["post-1906","post","type-post","status-publish","format-standard","has-post-thumbnail","hentry","category-actualidad","category-lorca"],"yoast_head":"<!-- This site is optimized with the Yoast SEO plugin v27.5 - https:\/\/yoast.com\/product\/yoast-seo-wordpress\/ -->\n<title>Paolo Natale: &quot;Mis tres primeros cortos me han servido para aprender y ahora trabajo en mi primer largometraje &quot;Nuestra piel levantada&quot; - AREA LORCA RADIO<\/title>\n<meta name=\"robots\" content=\"index, follow, max-snippet:-1, max-image-preview:large, max-video-preview:-1\" \/>\n<link rel=\"canonical\" href=\"https:\/\/arealorcaradio.es\/index.php\/2023\/11\/14\/paolo-natale-mis-tres-primeros-cortos-me-han-servido-para-aprender-y-ahora-trabajo-en-mi-primer-largometraje-nuestra-piel-levantada\/\" \/>\n<meta property=\"og:locale\" content=\"es_ES\" \/>\n<meta property=\"og:type\" content=\"article\" \/>\n<meta property=\"og:title\" content=\"Paolo Natale: &quot;Mis tres primeros cortos me han servido para aprender y ahora trabajo en mi primer largometraje &quot;Nuestra piel levantada&quot; - AREA LORCA RADIO\" \/>\n<meta property=\"og:description\" content=\"\u00c1REA LORCA RADIO. Escucha aqu\u00ed la entrevista que ha concedido a Paco S\u00e1nchez en el magazine \u00c1rea Lorca Actualidad, el director de cine Paolo Natale Garc\u00eda, lorquino de 26 a\u00f1os. Desde la ciudad condal, donde se encuentra en el 30 Festival de Cine Independiente de Barcelona nos hablaba de su trayectoria cinematogr\u00e1fica y cual es [&hellip;]\" \/>\n<meta property=\"og:url\" content=\"https:\/\/arealorcaradio.es\/index.php\/2023\/11\/14\/paolo-natale-mis-tres-primeros-cortos-me-han-servido-para-aprender-y-ahora-trabajo-en-mi-primer-largometraje-nuestra-piel-levantada\/\" \/>\n<meta property=\"og:site_name\" content=\"AREA LORCA RADIO\" \/>\n<meta property=\"article:published_time\" content=\"2023-11-14T22:21:10+00:00\" \/>\n<meta property=\"og:image\" content=\"https:\/\/arealorcaradio.es\/wp-content\/uploads\/2023\/11\/IMG-20231114-WA0022.jpg\" \/>\n\t<meta property=\"og:image:width\" content=\"1600\" \/>\n\t<meta property=\"og:image:height\" content=\"1200\" \/>\n\t<meta property=\"og:image:type\" content=\"image\/jpeg\" \/>\n<meta name=\"author\" content=\"Paco S\u00e1nchez\" \/>\n<meta name=\"twitter:card\" content=\"summary_large_image\" \/>\n<meta name=\"twitter:label1\" content=\"Escrito por\" \/>\n\t<meta name=\"twitter:data1\" content=\"Paco S\u00e1nchez\" \/>\n\t<meta name=\"twitter:label2\" content=\"Tiempo de lectura\" \/>\n\t<meta name=\"twitter:data2\" content=\"1 minuto\" \/>\n<script type=\"application\/ld+json\" class=\"yoast-schema-graph\">{\"@context\":\"https:\\\/\\\/schema.org\",\"@graph\":[{\"@type\":\"Article\",\"@id\":\"https:\\\/\\\/arealorcaradio.es\\\/index.php\\\/2023\\\/11\\\/14\\\/paolo-natale-mis-tres-primeros-cortos-me-han-servido-para-aprender-y-ahora-trabajo-en-mi-primer-largometraje-nuestra-piel-levantada\\\/#article\",\"isPartOf\":{\"@id\":\"https:\\\/\\\/arealorcaradio.es\\\/index.php\\\/2023\\\/11\\\/14\\\/paolo-natale-mis-tres-primeros-cortos-me-han-servido-para-aprender-y-ahora-trabajo-en-mi-primer-largometraje-nuestra-piel-levantada\\\/\"},\"author\":{\"name\":\"Paco S\u00e1nchez\",\"@id\":\"https:\\\/\\\/arealorcaradio.es\\\/#\\\/schema\\\/person\\\/9fae605fc25b0f2c83c1ab207139bd27\"},\"headline\":\"Paolo Natale: \u00abMis tres primeros cortos me han servido para aprender y ahora trabajo en mi primer largometraje \u00abNuestra piel levantada\u00bb\",\"datePublished\":\"2023-11-14T22:21:10+00:00\",\"mainEntityOfPage\":{\"@id\":\"https:\\\/\\\/arealorcaradio.es\\\/index.php\\\/2023\\\/11\\\/14\\\/paolo-natale-mis-tres-primeros-cortos-me-han-servido-para-aprender-y-ahora-trabajo-en-mi-primer-largometraje-nuestra-piel-levantada\\\/\"},\"wordCount\":98,\"commentCount\":0,\"image\":{\"@id\":\"https:\\\/\\\/arealorcaradio.es\\\/index.php\\\/2023\\\/11\\\/14\\\/paolo-natale-mis-tres-primeros-cortos-me-han-servido-para-aprender-y-ahora-trabajo-en-mi-primer-largometraje-nuestra-piel-levantada\\\/#primaryimage\"},\"thumbnailUrl\":\"https:\\\/\\\/arealorcaradio.es\\\/wp-content\\\/uploads\\\/2023\\\/11\\\/IMG-20231114-WA0022.jpg\",\"articleSection\":[\"ACTUALIDAD\",\"LORCA\"],\"inLanguage\":\"es\",\"potentialAction\":[{\"@type\":\"CommentAction\",\"name\":\"Comment\",\"target\":[\"https:\\\/\\\/arealorcaradio.es\\\/index.php\\\/2023\\\/11\\\/14\\\/paolo-natale-mis-tres-primeros-cortos-me-han-servido-para-aprender-y-ahora-trabajo-en-mi-primer-largometraje-nuestra-piel-levantada\\\/#respond\"]}]},{\"@type\":\"WebPage\",\"@id\":\"https:\\\/\\\/arealorcaradio.es\\\/index.php\\\/2023\\\/11\\\/14\\\/paolo-natale-mis-tres-primeros-cortos-me-han-servido-para-aprender-y-ahora-trabajo-en-mi-primer-largometraje-nuestra-piel-levantada\\\/\",\"url\":\"https:\\\/\\\/arealorcaradio.es\\\/index.php\\\/2023\\\/11\\\/14\\\/paolo-natale-mis-tres-primeros-cortos-me-han-servido-para-aprender-y-ahora-trabajo-en-mi-primer-largometraje-nuestra-piel-levantada\\\/\",\"name\":\"Paolo Natale: \\\"Mis tres primeros cortos me han servido para aprender y ahora trabajo en mi primer largometraje \\\"Nuestra piel levantada\\\" - AREA LORCA RADIO\",\"isPartOf\":{\"@id\":\"https:\\\/\\\/arealorcaradio.es\\\/#website\"},\"primaryImageOfPage\":{\"@id\":\"https:\\\/\\\/arealorcaradio.es\\\/index.php\\\/2023\\\/11\\\/14\\\/paolo-natale-mis-tres-primeros-cortos-me-han-servido-para-aprender-y-ahora-trabajo-en-mi-primer-largometraje-nuestra-piel-levantada\\\/#primaryimage\"},\"image\":{\"@id\":\"https:\\\/\\\/arealorcaradio.es\\\/index.php\\\/2023\\\/11\\\/14\\\/paolo-natale-mis-tres-primeros-cortos-me-han-servido-para-aprender-y-ahora-trabajo-en-mi-primer-largometraje-nuestra-piel-levantada\\\/#primaryimage\"},\"thumbnailUrl\":\"https:\\\/\\\/arealorcaradio.es\\\/wp-content\\\/uploads\\\/2023\\\/11\\\/IMG-20231114-WA0022.jpg\",\"datePublished\":\"2023-11-14T22:21:10+00:00\",\"author\":{\"@id\":\"https:\\\/\\\/arealorcaradio.es\\\/#\\\/schema\\\/person\\\/9fae605fc25b0f2c83c1ab207139bd27\"},\"breadcrumb\":{\"@id\":\"https:\\\/\\\/arealorcaradio.es\\\/index.php\\\/2023\\\/11\\\/14\\\/paolo-natale-mis-tres-primeros-cortos-me-han-servido-para-aprender-y-ahora-trabajo-en-mi-primer-largometraje-nuestra-piel-levantada\\\/#breadcrumb\"},\"inLanguage\":\"es\",\"potentialAction\":[{\"@type\":\"ReadAction\",\"target\":[\"https:\\\/\\\/arealorcaradio.es\\\/index.php\\\/2023\\\/11\\\/14\\\/paolo-natale-mis-tres-primeros-cortos-me-han-servido-para-aprender-y-ahora-trabajo-en-mi-primer-largometraje-nuestra-piel-levantada\\\/\"]}]},{\"@type\":\"ImageObject\",\"inLanguage\":\"es\",\"@id\":\"https:\\\/\\\/arealorcaradio.es\\\/index.php\\\/2023\\\/11\\\/14\\\/paolo-natale-mis-tres-primeros-cortos-me-han-servido-para-aprender-y-ahora-trabajo-en-mi-primer-largometraje-nuestra-piel-levantada\\\/#primaryimage\",\"url\":\"https:\\\/\\\/arealorcaradio.es\\\/wp-content\\\/uploads\\\/2023\\\/11\\\/IMG-20231114-WA0022.jpg\",\"contentUrl\":\"https:\\\/\\\/arealorcaradio.es\\\/wp-content\\\/uploads\\\/2023\\\/11\\\/IMG-20231114-WA0022.jpg\",\"width\":1600,\"height\":1200},{\"@type\":\"BreadcrumbList\",\"@id\":\"https:\\\/\\\/arealorcaradio.es\\\/index.php\\\/2023\\\/11\\\/14\\\/paolo-natale-mis-tres-primeros-cortos-me-han-servido-para-aprender-y-ahora-trabajo-en-mi-primer-largometraje-nuestra-piel-levantada\\\/#breadcrumb\",\"itemListElement\":[{\"@type\":\"ListItem\",\"position\":1,\"name\":\"Portada\",\"item\":\"https:\\\/\\\/arealorcaradio.es\\\/\"},{\"@type\":\"ListItem\",\"position\":2,\"name\":\"Paolo Natale: \u00abMis tres primeros cortos me han servido para aprender y ahora trabajo en mi primer largometraje \u00abNuestra piel levantada\u00bb\"}]},{\"@type\":\"WebSite\",\"@id\":\"https:\\\/\\\/arealorcaradio.es\\\/#website\",\"url\":\"https:\\\/\\\/arealorcaradio.es\\\/\",\"name\":\"AREA LORCA RADIO\",\"description\":\"Descubre la programaci\u00f3n actual en \u00c1rea Lorca Radio, tu fuente de entrenamiento y noticias locales. Sintoniza ahora y mantente conectado online.\",\"potentialAction\":[{\"@type\":\"SearchAction\",\"target\":{\"@type\":\"EntryPoint\",\"urlTemplate\":\"https:\\\/\\\/arealorcaradio.es\\\/?s={search_term_string}\"},\"query-input\":{\"@type\":\"PropertyValueSpecification\",\"valueRequired\":true,\"valueName\":\"search_term_string\"}}],\"inLanguage\":\"es\"},{\"@type\":\"Person\",\"@id\":\"https:\\\/\\\/arealorcaradio.es\\\/#\\\/schema\\\/person\\\/9fae605fc25b0f2c83c1ab207139bd27\",\"name\":\"Paco S\u00e1nchez\",\"image\":{\"@type\":\"ImageObject\",\"inLanguage\":\"es\",\"@id\":\"https:\\\/\\\/secure.gravatar.com\\\/avatar\\\/d67144e966420fb74aa84c9f2a0103be4724fd14db52b52d3b6bca749f257e79?s=96&d=mm&r=g\",\"url\":\"https:\\\/\\\/secure.gravatar.com\\\/avatar\\\/d67144e966420fb74aa84c9f2a0103be4724fd14db52b52d3b6bca749f257e79?s=96&d=mm&r=g\",\"contentUrl\":\"https:\\\/\\\/secure.gravatar.com\\\/avatar\\\/d67144e966420fb74aa84c9f2a0103be4724fd14db52b52d3b6bca749f257e79?s=96&d=mm&r=g\",\"caption\":\"Paco S\u00e1nchez\"},\"sameAs\":[\"https:\\\/\\\/arealorcaradio.es\"],\"url\":\"https:\\\/\\\/arealorcaradio.es\\\/index.php\\\/author\\\/admin_alorcaradio\\\/\"}]}<\/script>\n<!-- \/ Yoast SEO plugin. -->","yoast_head_json":{"title":"Paolo Natale: \"Mis tres primeros cortos me han servido para aprender y ahora trabajo en mi primer largometraje \"Nuestra piel levantada\" - AREA LORCA RADIO","robots":{"index":"index","follow":"follow","max-snippet":"max-snippet:-1","max-image-preview":"max-image-preview:large","max-video-preview":"max-video-preview:-1"},"canonical":"https:\/\/arealorcaradio.es\/index.php\/2023\/11\/14\/paolo-natale-mis-tres-primeros-cortos-me-han-servido-para-aprender-y-ahora-trabajo-en-mi-primer-largometraje-nuestra-piel-levantada\/","og_locale":"es_ES","og_type":"article","og_title":"Paolo Natale: \"Mis tres primeros cortos me han servido para aprender y ahora trabajo en mi primer largometraje \"Nuestra piel levantada\" - AREA LORCA RADIO","og_description":"\u00c1REA LORCA RADIO. Escucha aqu\u00ed la entrevista que ha concedido a Paco S\u00e1nchez en el magazine \u00c1rea Lorca Actualidad, el director de cine Paolo Natale Garc\u00eda, lorquino de 26 a\u00f1os. Desde la ciudad condal, donde se encuentra en el 30 Festival de Cine Independiente de Barcelona nos hablaba de su trayectoria cinematogr\u00e1fica y cual es [&hellip;]","og_url":"https:\/\/arealorcaradio.es\/index.php\/2023\/11\/14\/paolo-natale-mis-tres-primeros-cortos-me-han-servido-para-aprender-y-ahora-trabajo-en-mi-primer-largometraje-nuestra-piel-levantada\/","og_site_name":"AREA LORCA RADIO","article_published_time":"2023-11-14T22:21:10+00:00","og_image":[{"width":1600,"height":1200,"url":"https:\/\/arealorcaradio.es\/wp-content\/uploads\/2023\/11\/IMG-20231114-WA0022.jpg","type":"image\/jpeg"}],"author":"Paco S\u00e1nchez","twitter_card":"summary_large_image","twitter_misc":{"Escrito por":"Paco S\u00e1nchez","Tiempo de lectura":"1 minuto"},"schema":{"@context":"https:\/\/schema.org","@graph":[{"@type":"Article","@id":"https:\/\/arealorcaradio.es\/index.php\/2023\/11\/14\/paolo-natale-mis-tres-primeros-cortos-me-han-servido-para-aprender-y-ahora-trabajo-en-mi-primer-largometraje-nuestra-piel-levantada\/#article","isPartOf":{"@id":"https:\/\/arealorcaradio.es\/index.php\/2023\/11\/14\/paolo-natale-mis-tres-primeros-cortos-me-han-servido-para-aprender-y-ahora-trabajo-en-mi-primer-largometraje-nuestra-piel-levantada\/"},"author":{"name":"Paco S\u00e1nchez","@id":"https:\/\/arealorcaradio.es\/#\/schema\/person\/9fae605fc25b0f2c83c1ab207139bd27"},"headline":"Paolo Natale: \u00abMis tres primeros cortos me han servido para aprender y ahora trabajo en mi primer largometraje \u00abNuestra piel levantada\u00bb","datePublished":"2023-11-14T22:21:10+00:00","mainEntityOfPage":{"@id":"https:\/\/arealorcaradio.es\/index.php\/2023\/11\/14\/paolo-natale-mis-tres-primeros-cortos-me-han-servido-para-aprender-y-ahora-trabajo-en-mi-primer-largometraje-nuestra-piel-levantada\/"},"wordCount":98,"commentCount":0,"image":{"@id":"https:\/\/arealorcaradio.es\/index.php\/2023\/11\/14\/paolo-natale-mis-tres-primeros-cortos-me-han-servido-para-aprender-y-ahora-trabajo-en-mi-primer-largometraje-nuestra-piel-levantada\/#primaryimage"},"thumbnailUrl":"https:\/\/arealorcaradio.es\/wp-content\/uploads\/2023\/11\/IMG-20231114-WA0022.jpg","articleSection":["ACTUALIDAD","LORCA"],"inLanguage":"es","potentialAction":[{"@type":"CommentAction","name":"Comment","target":["https:\/\/arealorcaradio.es\/index.php\/2023\/11\/14\/paolo-natale-mis-tres-primeros-cortos-me-han-servido-para-aprender-y-ahora-trabajo-en-mi-primer-largometraje-nuestra-piel-levantada\/#respond"]}]},{"@type":"WebPage","@id":"https:\/\/arealorcaradio.es\/index.php\/2023\/11\/14\/paolo-natale-mis-tres-primeros-cortos-me-han-servido-para-aprender-y-ahora-trabajo-en-mi-primer-largometraje-nuestra-piel-levantada\/","url":"https:\/\/arealorcaradio.es\/index.php\/2023\/11\/14\/paolo-natale-mis-tres-primeros-cortos-me-han-servido-para-aprender-y-ahora-trabajo-en-mi-primer-largometraje-nuestra-piel-levantada\/","name":"Paolo Natale: \"Mis tres primeros cortos me han servido para aprender y ahora trabajo en mi primer largometraje \"Nuestra piel levantada\" - AREA LORCA RADIO","isPartOf":{"@id":"https:\/\/arealorcaradio.es\/#website"},"primaryImageOfPage":{"@id":"https:\/\/arealorcaradio.es\/index.php\/2023\/11\/14\/paolo-natale-mis-tres-primeros-cortos-me-han-servido-para-aprender-y-ahora-trabajo-en-mi-primer-largometraje-nuestra-piel-levantada\/#primaryimage"},"image":{"@id":"https:\/\/arealorcaradio.es\/index.php\/2023\/11\/14\/paolo-natale-mis-tres-primeros-cortos-me-han-servido-para-aprender-y-ahora-trabajo-en-mi-primer-largometraje-nuestra-piel-levantada\/#primaryimage"},"thumbnailUrl":"https:\/\/arealorcaradio.es\/wp-content\/uploads\/2023\/11\/IMG-20231114-WA0022.jpg","datePublished":"2023-11-14T22:21:10+00:00","author":{"@id":"https:\/\/arealorcaradio.es\/#\/schema\/person\/9fae605fc25b0f2c83c1ab207139bd27"},"breadcrumb":{"@id":"https:\/\/arealorcaradio.es\/index.php\/2023\/11\/14\/paolo-natale-mis-tres-primeros-cortos-me-han-servido-para-aprender-y-ahora-trabajo-en-mi-primer-largometraje-nuestra-piel-levantada\/#breadcrumb"},"inLanguage":"es","potentialAction":[{"@type":"ReadAction","target":["https:\/\/arealorcaradio.es\/index.php\/2023\/11\/14\/paolo-natale-mis-tres-primeros-cortos-me-han-servido-para-aprender-y-ahora-trabajo-en-mi-primer-largometraje-nuestra-piel-levantada\/"]}]},{"@type":"ImageObject","inLanguage":"es","@id":"https:\/\/arealorcaradio.es\/index.php\/2023\/11\/14\/paolo-natale-mis-tres-primeros-cortos-me-han-servido-para-aprender-y-ahora-trabajo-en-mi-primer-largometraje-nuestra-piel-levantada\/#primaryimage","url":"https:\/\/arealorcaradio.es\/wp-content\/uploads\/2023\/11\/IMG-20231114-WA0022.jpg","contentUrl":"https:\/\/arealorcaradio.es\/wp-content\/uploads\/2023\/11\/IMG-20231114-WA0022.jpg","width":1600,"height":1200},{"@type":"BreadcrumbList","@id":"https:\/\/arealorcaradio.es\/index.php\/2023\/11\/14\/paolo-natale-mis-tres-primeros-cortos-me-han-servido-para-aprender-y-ahora-trabajo-en-mi-primer-largometraje-nuestra-piel-levantada\/#breadcrumb","itemListElement":[{"@type":"ListItem","position":1,"name":"Portada","item":"https:\/\/arealorcaradio.es\/"},{"@type":"ListItem","position":2,"name":"Paolo Natale: \u00abMis tres primeros cortos me han servido para aprender y ahora trabajo en mi primer largometraje \u00abNuestra piel levantada\u00bb"}]},{"@type":"WebSite","@id":"https:\/\/arealorcaradio.es\/#website","url":"https:\/\/arealorcaradio.es\/","name":"AREA LORCA RADIO","description":"Descubre la programaci\u00f3n actual en \u00c1rea Lorca Radio, tu fuente de entrenamiento y noticias locales. Sintoniza ahora y mantente conectado online.","potentialAction":[{"@type":"SearchAction","target":{"@type":"EntryPoint","urlTemplate":"https:\/\/arealorcaradio.es\/?s={search_term_string}"},"query-input":{"@type":"PropertyValueSpecification","valueRequired":true,"valueName":"search_term_string"}}],"inLanguage":"es"},{"@type":"Person","@id":"https:\/\/arealorcaradio.es\/#\/schema\/person\/9fae605fc25b0f2c83c1ab207139bd27","name":"Paco S\u00e1nchez","image":{"@type":"ImageObject","inLanguage":"es","@id":"https:\/\/secure.gravatar.com\/avatar\/d67144e966420fb74aa84c9f2a0103be4724fd14db52b52d3b6bca749f257e79?s=96&d=mm&r=g","url":"https:\/\/secure.gravatar.com\/avatar\/d67144e966420fb74aa84c9f2a0103be4724fd14db52b52d3b6bca749f257e79?s=96&d=mm&r=g","contentUrl":"https:\/\/secure.gravatar.com\/avatar\/d67144e966420fb74aa84c9f2a0103be4724fd14db52b52d3b6bca749f257e79?s=96&d=mm&r=g","caption":"Paco S\u00e1nchez"},"sameAs":["https:\/\/arealorcaradio.es"],"url":"https:\/\/arealorcaradio.es\/index.php\/author\/admin_alorcaradio\/"}]}},"_links":{"self":[{"href":"https:\/\/arealorcaradio.es\/index.php\/wp-json\/wp\/v2\/posts\/1906","targetHints":{"allow":["GET"]}}],"collection":[{"href":"https:\/\/arealorcaradio.es\/index.php\/wp-json\/wp\/v2\/posts"}],"about":[{"href":"https:\/\/arealorcaradio.es\/index.php\/wp-json\/wp\/v2\/types\/post"}],"author":[{"embeddable":true,"href":"https:\/\/arealorcaradio.es\/index.php\/wp-json\/wp\/v2\/users\/1"}],"replies":[{"embeddable":true,"href":"https:\/\/arealorcaradio.es\/index.php\/wp-json\/wp\/v2\/comments?post=1906"}],"version-history":[{"count":1,"href":"https:\/\/arealorcaradio.es\/index.php\/wp-json\/wp\/v2\/posts\/1906\/revisions"}],"predecessor-version":[{"id":1909,"href":"https:\/\/arealorcaradio.es\/index.php\/wp-json\/wp\/v2\/posts\/1906\/revisions\/1909"}],"wp:featuredmedia":[{"embeddable":true,"href":"https:\/\/arealorcaradio.es\/index.php\/wp-json\/wp\/v2\/media\/1908"}],"wp:attachment":[{"href":"https:\/\/arealorcaradio.es\/index.php\/wp-json\/wp\/v2\/media?parent=1906"}],"wp:term":[{"taxonomy":"category","embeddable":true,"href":"https:\/\/arealorcaradio.es\/index.php\/wp-json\/wp\/v2\/categories?post=1906"},{"taxonomy":"post_tag","embeddable":true,"href":"https:\/\/arealorcaradio.es\/index.php\/wp-json\/wp\/v2\/tags?post=1906"}],"curies":[{"name":"wp","href":"https:\/\/api.w.org\/{rel}","templated":true}]}}